{"id":5300,"date":"2021-03-19T19:48:33","date_gmt":"2021-03-19T22:48:33","guid":{"rendered":"https:\/\/www.padreeustaquio.com.br\/?p=5300"},"modified":"2021-03-19T19:48:37","modified_gmt":"2021-03-19T22:48:37","slug":"en-el-dia-de-san-jose-conozca-un-poco-sobre-la-devocion-del-padre-eustaquio-al-santo","status":"publish","type":"post","link":"https:\/\/www.padreeustaquio.com.br\/es\/en-el-dia-de-san-jose-conozca-un-poco-sobre-la-devocion-del-padre-eustaquio-al-santo\/","title":{"rendered":"En el d\u00eda de San Jos\u00e9, conozca un poco sobre la devoci\u00f3n del Padre Eust\u00e1quio al santo."},"content":{"rendered":"<p>Vivimos en el A\u00f1o de San Jos\u00e9, instituido en la Iglesia por el Papa Francisco. Y hoy, 19 de marzo, d\u00eda dedicado al santo, hablaremos de la gran devoci\u00f3n del Beato Padre Eustaquio al esposo de Mar\u00eda.<\/p>\n\n\n\n<p>Siempre que visitaba a los enfermos, el Bendito recurr\u00eda a San Jos\u00e9 para brindar consuelo y fe a los necesitados. Durante sus visitas, el sacerdote siempre recordaba que el santo muri\u00f3 en los brazos de su hijo adoptivo, Jes\u00fas, y de la Sant\u00edsima Madre.<\/p>\n\n\n\n<p>La devoci\u00f3n del Padre Eust\u00e1quio era tan grande que, durante la colocaci\u00f3n de la primera piedra del Santuario de la Salud y la Paz, puso la iglesia bajo la protecci\u00f3n de San Jos\u00e9, con la intenci\u00f3n de que el templo contara con todos los recursos necesarios para su construcci\u00f3n. Lea un extracto de la homil\u00eda del sacerdote holand\u00e9s el d\u00eda de la bendici\u00f3n:<\/p>\n\n\n\n<p><em>\u201cSin dudarlo, al volver a escuchar la voz de Dios, para el momento de necesidad, \u2018ite ad Joseph\u2019 (Ve a Jos\u00e9), y por lo tanto, ahora, y no m\u00e1s tarde, colocamos la primera piedra y deseamos ponerla bajo la protecci\u00f3n de San Jos\u00e9. \u00bfFaltar\u00e1 cal, faltar\u00e1 cemento? Iremos a San Jos\u00e9, entendiendo que, desde la primera piedra, la protecci\u00f3n de San Jos\u00e9 est\u00e1 comprometida aqu\u00ed, para que esta piedra se multiplique en tantas como sean necesarias para completar el tiempo proyectado.\u201d<\/em><\/p>\n\n\n\n<p>La devoci\u00f3n del beato hacia el santo tambi\u00e9n se tradujo en la redacci\u00f3n de una hermosa oraci\u00f3n. <a href=\"https:\/\/www.padreeustaquio.com.br\/es\/oracion-a-san-jose-compuesta-por-el-padre-eustace\/\">(LEER AQU\u00cd)<\/a> Dedicado al padre adoptivo de Jes\u00fas, en el que el Padre Eustaquio resalta las cualidades de San Jos\u00e9 y pide su bendici\u00f3n y protecci\u00f3n, para que, como \u00e9l, siga los caminos de Jes\u00fas y Mar\u00eda.<\/p>\n\n\n\n<p>\u201cSan Jos\u00e9, consuelo de los afligidos, \u00a1ruega por nosotros!<br>San Jos\u00e9, Esperanza de los enfermos \u00a1ruega por nosotros!<br>San Jos\u00e9, Patr\u00f3n de los moribundos, \u00a1ruega por nosotros!\u201d<\/p>","protected":false},"excerpt":{"rendered":"<p>Estamos vivendo o ano de S\u00e3o Jos\u00e9, institu\u00eddo na igreja pelo Papa Francisco. E hoje, 19 de mar\u00e7o, dia dedicado ao santo, vamos falar sobre a grande devo\u00e7\u00e3o do Beato padre Eust\u00e1quio ao esposo de Maria. Sempre que ia ao encontro dos doentes, o Bem-Aventurado recorria a S\u00e3o Jos\u00e9 para levar conforto e f\u00e9 a quem precisava. Ao realizar as visitas, o padre sempre se lembrava que o santo morreu nos bra\u00e7os de seu filho adotivo, Jesus, e da m\u00e3e sant\u00edssima. A devo\u00e7\u00e3o de Padre Eust\u00e1quio era t\u00e3o grande, que durante o lan\u00e7amento da pedra fundamental do Santu\u00e1rio Sa\u00fade e [&hellip;]<\/p>\n","protected":false},"author":2,"featured_media":5301,"comment_status":"open","ping_status":"closed","sticky":false,"template":"","format":"standard","meta":{"_acf_changed":false,"footnotes":""},"categories":[611],"tags":[],"class_list":["post-5300","post","type-post","status-publish","format-standard","has-post-thumbnail","hentry","category-noticias"],"acf":[],"yoast_head":"<!-- This site is optimized with the Yoast SEO plugin v27.2 - https:\/\/yoast.com\/product\/yoast-seo-wordpress\/ -->\n<title>No dia de S\u00e3o Jos\u00e9, conhe\u00e7a um pouco da devo\u00e7\u00e3o de Padre Eust\u00e1quio ao santo - Padre Eust\u00e1quio<\/title>\n<meta name=\"robots\" content=\"index, follow, max-snippet:-1, max-image-preview:large, max-video-preview:-1\" \/>\n<link rel=\"canonical\" href=\"https:\/\/www.padreeustaquio.com.br\/es\/en-el-dia-de-san-jose-conozca-un-poco-sobre-la-devocion-del-padre-eustaquio-al-santo\/\" \/>\n<meta property=\"og:locale\" content=\"es_ES\" \/>\n<meta property=\"og:type\" content=\"article\" \/>\n<meta property=\"og:title\" content=\"No dia de S\u00e3o Jos\u00e9, conhe\u00e7a um pouco da devo\u00e7\u00e3o de Padre Eust\u00e1quio ao santo - Padre Eust\u00e1quio\" \/>\n<meta property=\"og:description\" content=\"Estamos vivendo o ano de S\u00e3o Jos\u00e9, institu\u00eddo na igreja pelo Papa Francisco. E hoje, 19 de mar\u00e7o, dia dedicado ao santo, vamos falar sobre a grande devo\u00e7\u00e3o do Beato padre Eust\u00e1quio ao esposo de Maria. Sempre que ia ao encontro dos doentes, o Bem-Aventurado recorria a S\u00e3o Jos\u00e9 para levar conforto e f\u00e9 a quem precisava. Ao realizar as visitas, o padre sempre se lembrava que o santo morreu nos bra\u00e7os de seu filho adotivo, Jesus, e da m\u00e3e sant\u00edssima. A devo\u00e7\u00e3o de Padre Eust\u00e1quio era t\u00e3o grande, que durante o lan\u00e7amento da pedra fundamental do Santu\u00e1rio Sa\u00fade e [&hellip;]\" \/>\n<meta property=\"og:url\" content=\"https:\/\/www.padreeustaquio.com.br\/es\/en-el-dia-de-san-jose-conozca-un-poco-sobre-la-devocion-del-padre-eustaquio-al-santo\/\" \/>\n<meta property=\"og:site_name\" content=\"Padre Eust\u00e1quio\" \/>\n<meta property=\"article:publisher\" content=\"https:\/\/www.facebook.com\/beatopadreeustaquio\/\" \/>\n<meta property=\"article:published_time\" content=\"2021-03-19T22:48:33+00:00\" \/>\n<meta property=\"article:modified_time\" content=\"2021-03-19T22:48:37+00:00\" \/>\n<meta property=\"og:image\" content=\"https:\/\/www.padreeustaquio.com.br\/wp-content\/uploads\/2021\/03\/Capela-Sao-Jose-e1616194036178.jpeg\" \/>\n\t<meta property=\"og:image:width\" content=\"1280\" \/>\n\t<meta property=\"og:image:height\" content=\"633\" \/>\n\t<meta property=\"og:image:type\" content=\"image\/jpeg\" \/>\n<meta name=\"author\" content=\"@sscc\" \/>\n<meta name=\"twitter:card\" content=\"summary_large_image\" \/>\n<meta name=\"twitter:creator\" content=\"@beatopeustaquio\" \/>\n<meta name=\"twitter:site\" content=\"@beatopeustaquio\" \/>\n<meta name=\"twitter:label1\" content=\"Escrito por\" \/>\n\t<meta name=\"twitter:data1\" content=\"@sscc\" \/>\n\t<meta name=\"twitter:label2\" content=\"Tiempo de lectura\" \/>\n\t<meta name=\"twitter:data2\" content=\"2 minutos\" \/>\n<script type=\"application\/ld+json\" class=\"yoast-schema-graph\">{\"@context\":\"https:\/\/schema.org\",\"@graph\":[{\"@type\":\"Article\",\"@id\":\"https:\/\/www.padreeustaquio.com.br\/no-dia-de-sao-jose-conheca-um-pouco-da-devocao-de-padre-eustaquio-ao-santo\/#article\",\"isPartOf\":{\"@id\":\"https:\/\/www.padreeustaquio.com.br\/no-dia-de-sao-jose-conheca-um-pouco-da-devocao-de-padre-eustaquio-ao-santo\/\"},\"author\":{\"name\":\"@sscc\",\"@id\":\"https:\/\/www.padreeustaquio.com.br\/#\/schema\/person\/a2a51db1d00f1a7af0204a0f1ddb1566\"},\"headline\":\"No dia de S\u00e3o Jos\u00e9, conhe\u00e7a um pouco da devo\u00e7\u00e3o de Padre Eust\u00e1quio ao santo\",\"datePublished\":\"2021-03-19T22:48:33+00:00\",\"dateModified\":\"2021-03-19T22:48:37+00:00\",\"mainEntityOfPage\":{\"@id\":\"https:\/\/www.padreeustaquio.com.br\/no-dia-de-sao-jose-conheca-um-pouco-da-devocao-de-padre-eustaquio-ao-santo\/\"},\"wordCount\":353,\"commentCount\":0,\"publisher\":{\"@id\":\"https:\/\/www.padreeustaquio.com.br\/#organization\"},\"image\":{\"@id\":\"https:\/\/www.padreeustaquio.com.br\/no-dia-de-sao-jose-conheca-um-pouco-da-devocao-de-padre-eustaquio-ao-santo\/#primaryimage\"},\"thumbnailUrl\":\"https:\/\/www.padreeustaquio.com.br\/wp-content\/uploads\/2021\/03\/Capela-Sao-Jose-e1616194036178.jpeg\",\"articleSection\":[\"Not\u00edcias\"],\"inLanguage\":\"es\",\"potentialAction\":[{\"@type\":\"CommentAction\",\"name\":\"Comment\",\"target\":[\"https:\/\/www.padreeustaquio.com.br\/no-dia-de-sao-jose-conheca-um-pouco-da-devocao-de-padre-eustaquio-ao-santo\/#respond\"]}]},{\"@type\":\"WebPage\",\"@id\":\"https:\/\/www.padreeustaquio.com.br\/no-dia-de-sao-jose-conheca-um-pouco-da-devocao-de-padre-eustaquio-ao-santo\/\",\"url\":\"https:\/\/www.padreeustaquio.com.br\/no-dia-de-sao-jose-conheca-um-pouco-da-devocao-de-padre-eustaquio-ao-santo\/\",\"name\":\"No dia de S\u00e3o Jos\u00e9, conhe\u00e7a um pouco da devo\u00e7\u00e3o de Padre Eust\u00e1quio ao santo - Padre Eust\u00e1quio\",\"isPartOf\":{\"@id\":\"https:\/\/www.padreeustaquio.com.br\/#website\"},\"primaryImageOfPage\":{\"@id\":\"https:\/\/www.padreeustaquio.com.br\/no-dia-de-sao-jose-conheca-um-pouco-da-devocao-de-padre-eustaquio-ao-santo\/#primaryimage\"},\"image\":{\"@id\":\"https:\/\/www.padreeustaquio.com.br\/no-dia-de-sao-jose-conheca-um-pouco-da-devocao-de-padre-eustaquio-ao-santo\/#primaryimage\"},\"thumbnailUrl\":\"https:\/\/www.padreeustaquio.com.br\/wp-content\/uploads\/2021\/03\/Capela-Sao-Jose-e1616194036178.jpeg\",\"datePublished\":\"2021-03-19T22:48:33+00:00\",\"dateModified\":\"2021-03-19T22:48:37+00:00\",\"breadcrumb\":{\"@id\":\"https:\/\/www.padreeustaquio.com.br\/no-dia-de-sao-jose-conheca-um-pouco-da-devocao-de-padre-eustaquio-ao-santo\/#breadcrumb\"},\"inLanguage\":\"es\",\"potentialAction\":[{\"@type\":\"ReadAction\",\"target\":[\"https:\/\/www.padreeustaquio.com.br\/no-dia-de-sao-jose-conheca-um-pouco-da-devocao-de-padre-eustaquio-ao-santo\/\"]}]},{\"@type\":\"ImageObject\",\"inLanguage\":\"es\",\"@id\":\"https:\/\/www.padreeustaquio.com.br\/no-dia-de-sao-jose-conheca-um-pouco-da-devocao-de-padre-eustaquio-ao-santo\/#primaryimage\",\"url\":\"https:\/\/www.padreeustaquio.com.br\/wp-content\/uploads\/2021\/03\/Capela-Sao-Jose-e1616194036178.jpeg\",\"contentUrl\":\"https:\/\/www.padreeustaquio.com.br\/wp-content\/uploads\/2021\/03\/Capela-Sao-Jose-e1616194036178.jpeg\",\"width\":1280,\"height\":633},{\"@type\":\"BreadcrumbList\",\"@id\":\"https:\/\/www.padreeustaquio.com.br\/no-dia-de-sao-jose-conheca-um-pouco-da-devocao-de-padre-eustaquio-ao-santo\/#breadcrumb\",\"itemListElement\":[{\"@type\":\"ListItem\",\"position\":1,\"name\":\"In\u00edcio\",\"item\":\"https:\/\/www.padreeustaquio.com.br\/\"},{\"@type\":\"ListItem\",\"position\":2,\"name\":\"No dia de S\u00e3o Jos\u00e9, conhe\u00e7a um pouco da devo\u00e7\u00e3o de Padre Eust\u00e1quio ao santo\"}]},{\"@type\":\"WebSite\",\"@id\":\"https:\/\/www.padreeustaquio.com.br\/#website\",\"url\":\"https:\/\/www.padreeustaquio.com.br\/\",\"name\":\"Padre Eust\u00e1quio\",\"description\":\"Sa\u00fade e Paz\",\"publisher\":{\"@id\":\"https:\/\/www.padreeustaquio.com.br\/#organization\"},\"potentialAction\":[{\"@type\":\"SearchAction\",\"target\":{\"@type\":\"EntryPoint\",\"urlTemplate\":\"https:\/\/www.padreeustaquio.com.br\/?s={search_term_string}\"},\"query-input\":{\"@type\":\"PropertyValueSpecification\",\"valueRequired\":true,\"valueName\":\"search_term_string\"}}],\"inLanguage\":\"es\"},{\"@type\":\"Organization\",\"@id\":\"https:\/\/www.padreeustaquio.com.br\/#organization\",\"name\":\"Padre Eust\u00e1quio\",\"url\":\"https:\/\/www.padreeustaquio.com.br\/\",\"logo\":{\"@type\":\"ImageObject\",\"inLanguage\":\"es\",\"@id\":\"https:\/\/www.padreeustaquio.com.br\/#\/schema\/logo\/image\/\",\"url\":\"https:\/\/www.padreeustaquio.com.br\/wp-content\/uploads\/2019\/08\/marca.png\",\"contentUrl\":\"https:\/\/www.padreeustaquio.com.br\/wp-content\/uploads\/2019\/08\/marca.png\",\"width\":350,\"height\":400,\"caption\":\"Padre Eust\u00e1quio\"},\"image\":{\"@id\":\"https:\/\/www.padreeustaquio.com.br\/#\/schema\/logo\/image\/\"},\"sameAs\":[\"https:\/\/www.facebook.com\/beatopadreeustaquio\/\",\"https:\/\/x.com\/beatopeustaquio\",\"https:\/\/www.instagram.com\/beatopadreeustaquio\/\",\"https:\/\/www.youtube.com\/channel\/UCRhw7vfabnajwLxb1ZXMeIw\"]},{\"@type\":\"Person\",\"@id\":\"https:\/\/www.padreeustaquio.com.br\/#\/schema\/person\/a2a51db1d00f1a7af0204a0f1ddb1566\",\"name\":\"@sscc\",\"image\":{\"@type\":\"ImageObject\",\"inLanguage\":\"es\",\"@id\":\"https:\/\/secure.gravatar.com\/avatar\/68cfafa5f44617fea54071e215026e0ff06be366c3d54a8425f04fdcb86f8c5f?s=96&d=mm&r=g\",\"url\":\"https:\/\/secure.gravatar.com\/avatar\/68cfafa5f44617fea54071e215026e0ff06be366c3d54a8425f04fdcb86f8c5f?s=96&d=mm&r=g\",\"contentUrl\":\"https:\/\/secure.gravatar.com\/avatar\/68cfafa5f44617fea54071e215026e0ff06be366c3d54a8425f04fdcb86f8c5f?s=96&d=mm&r=g\",\"caption\":\"@sscc\"},\"url\":\"https:\/\/www.padreeustaquio.com.br\/es\/author\/sscc\/\"}]}<\/script>\n<!-- \/ Yoast SEO plugin. -->","yoast_head_json":{"title":"En el d\u00eda de San Jos\u00e9, conozca un poco sobre la devoci\u00f3n del Padre Eust\u00e1quio al santo - Padre Eust\u00e1quio","robots":{"index":"index","follow":"follow","max-snippet":"max-snippet:-1","max-image-preview":"max-image-preview:large","max-video-preview":"max-video-preview:-1"},"canonical":"https:\/\/www.padreeustaquio.com.br\/es\/en-el-dia-de-san-jose-conozca-un-poco-sobre-la-devocion-del-padre-eustaquio-al-santo\/","og_locale":"es_ES","og_type":"article","og_title":"No dia de S\u00e3o Jos\u00e9, conhe\u00e7a um pouco da devo\u00e7\u00e3o de Padre Eust\u00e1quio ao santo - Padre Eust\u00e1quio","og_description":"Estamos vivendo o ano de S\u00e3o Jos\u00e9, institu\u00eddo na igreja pelo Papa Francisco. E hoje, 19 de mar\u00e7o, dia dedicado ao santo, vamos falar sobre a grande devo\u00e7\u00e3o do Beato padre Eust\u00e1quio ao esposo de Maria. Sempre que ia ao encontro dos doentes, o Bem-Aventurado recorria a S\u00e3o Jos\u00e9 para levar conforto e f\u00e9 a quem precisava. Ao realizar as visitas, o padre sempre se lembrava que o santo morreu nos bra\u00e7os de seu filho adotivo, Jesus, e da m\u00e3e sant\u00edssima. A devo\u00e7\u00e3o de Padre Eust\u00e1quio era t\u00e3o grande, que durante o lan\u00e7amento da pedra fundamental do Santu\u00e1rio Sa\u00fade e [&hellip;]","og_url":"https:\/\/www.padreeustaquio.com.br\/es\/en-el-dia-de-san-jose-conozca-un-poco-sobre-la-devocion-del-padre-eustaquio-al-santo\/","og_site_name":"Padre Eust\u00e1quio","article_publisher":"https:\/\/www.facebook.com\/beatopadreeustaquio\/","article_published_time":"2021-03-19T22:48:33+00:00","article_modified_time":"2021-03-19T22:48:37+00:00","og_image":[{"width":1280,"height":633,"url":"https:\/\/www.padreeustaquio.com.br\/wp-content\/uploads\/2021\/03\/Capela-Sao-Jose-e1616194036178.jpeg","type":"image\/jpeg"}],"author":"@sscc","twitter_card":"summary_large_image","twitter_creator":"@beatopeustaquio","twitter_site":"@beatopeustaquio","twitter_misc":{"Escrito por":"@sscc","Tiempo de lectura":"2 minutos"},"schema":{"@context":"https:\/\/schema.org","@graph":[{"@type":"Article","@id":"https:\/\/www.padreeustaquio.com.br\/no-dia-de-sao-jose-conheca-um-pouco-da-devocao-de-padre-eustaquio-ao-santo\/#article","isPartOf":{"@id":"https:\/\/www.padreeustaquio.com.br\/no-dia-de-sao-jose-conheca-um-pouco-da-devocao-de-padre-eustaquio-ao-santo\/"},"author":{"name":"@sscc","@id":"https:\/\/www.padreeustaquio.com.br\/#\/schema\/person\/a2a51db1d00f1a7af0204a0f1ddb1566"},"headline":"No dia de S\u00e3o Jos\u00e9, conhe\u00e7a um pouco da devo\u00e7\u00e3o de Padre Eust\u00e1quio ao santo","datePublished":"2021-03-19T22:48:33+00:00","dateModified":"2021-03-19T22:48:37+00:00","mainEntityOfPage":{"@id":"https:\/\/www.padreeustaquio.com.br\/no-dia-de-sao-jose-conheca-um-pouco-da-devocao-de-padre-eustaquio-ao-santo\/"},"wordCount":353,"commentCount":0,"publisher":{"@id":"https:\/\/www.padreeustaquio.com.br\/#organization"},"image":{"@id":"https:\/\/www.padreeustaquio.com.br\/no-dia-de-sao-jose-conheca-um-pouco-da-devocao-de-padre-eustaquio-ao-santo\/#primaryimage"},"thumbnailUrl":"https:\/\/www.padreeustaquio.com.br\/wp-content\/uploads\/2021\/03\/Capela-Sao-Jose-e1616194036178.jpeg","articleSection":["Not\u00edcias"],"inLanguage":"es","potentialAction":[{"@type":"CommentAction","name":"Comment","target":["https:\/\/www.padreeustaquio.com.br\/no-dia-de-sao-jose-conheca-um-pouco-da-devocao-de-padre-eustaquio-ao-santo\/#respond"]}]},{"@type":"WebPage","@id":"https:\/\/www.padreeustaquio.com.br\/no-dia-de-sao-jose-conheca-um-pouco-da-devocao-de-padre-eustaquio-ao-santo\/","url":"https:\/\/www.padreeustaquio.com.br\/no-dia-de-sao-jose-conheca-um-pouco-da-devocao-de-padre-eustaquio-ao-santo\/","name":"En el d\u00eda de San Jos\u00e9, conozca un poco sobre la devoci\u00f3n del Padre Eust\u00e1quio al santo - Padre Eust\u00e1quio","isPartOf":{"@id":"https:\/\/www.padreeustaquio.com.br\/#website"},"primaryImageOfPage":{"@id":"https:\/\/www.padreeustaquio.com.br\/no-dia-de-sao-jose-conheca-um-pouco-da-devocao-de-padre-eustaquio-ao-santo\/#primaryimage"},"image":{"@id":"https:\/\/www.padreeustaquio.com.br\/no-dia-de-sao-jose-conheca-um-pouco-da-devocao-de-padre-eustaquio-ao-santo\/#primaryimage"},"thumbnailUrl":"https:\/\/www.padreeustaquio.com.br\/wp-content\/uploads\/2021\/03\/Capela-Sao-Jose-e1616194036178.jpeg","datePublished":"2021-03-19T22:48:33+00:00","dateModified":"2021-03-19T22:48:37+00:00","breadcrumb":{"@id":"https:\/\/www.padreeustaquio.com.br\/no-dia-de-sao-jose-conheca-um-pouco-da-devocao-de-padre-eustaquio-ao-santo\/#breadcrumb"},"inLanguage":"es","potentialAction":[{"@type":"ReadAction","target":["https:\/\/www.padreeustaquio.com.br\/no-dia-de-sao-jose-conheca-um-pouco-da-devocao-de-padre-eustaquio-ao-santo\/"]}]},{"@type":"ImageObject","inLanguage":"es","@id":"https:\/\/www.padreeustaquio.com.br\/no-dia-de-sao-jose-conheca-um-pouco-da-devocao-de-padre-eustaquio-ao-santo\/#primaryimage","url":"https:\/\/www.padreeustaquio.com.br\/wp-content\/uploads\/2021\/03\/Capela-Sao-Jose-e1616194036178.jpeg","contentUrl":"https:\/\/www.padreeustaquio.com.br\/wp-content\/uploads\/2021\/03\/Capela-Sao-Jose-e1616194036178.jpeg","width":1280,"height":633},{"@type":"BreadcrumbList","@id":"https:\/\/www.padreeustaquio.com.br\/no-dia-de-sao-jose-conheca-um-pouco-da-devocao-de-padre-eustaquio-ao-santo\/#breadcrumb","itemListElement":[{"@type":"ListItem","position":1,"name":"In\u00edcio","item":"https:\/\/www.padreeustaquio.com.br\/"},{"@type":"ListItem","position":2,"name":"No dia de S\u00e3o Jos\u00e9, conhe\u00e7a um pouco da devo\u00e7\u00e3o de Padre Eust\u00e1quio ao santo"}]},{"@type":"WebSite","@id":"https:\/\/www.padreeustaquio.com.br\/#website","url":"https:\/\/www.padreeustaquio.com.br\/","name":"Padre Eustace","description":"Salud y Paz","publisher":{"@id":"https:\/\/www.padreeustaquio.com.br\/#organization"},"potentialAction":[{"@type":"SearchAction","target":{"@type":"EntryPoint","urlTemplate":"https:\/\/www.padreeustaquio.com.br\/?s={search_term_string}"},"query-input":{"@type":"PropertyValueSpecification","valueRequired":true,"valueName":"search_term_string"}}],"inLanguage":"es"},{"@type":"Organization","@id":"https:\/\/www.padreeustaquio.com.br\/#organization","name":"Padre Eustace","url":"https:\/\/www.padreeustaquio.com.br\/","logo":{"@type":"ImageObject","inLanguage":"es","@id":"https:\/\/www.padreeustaquio.com.br\/#\/schema\/logo\/image\/","url":"https:\/\/www.padreeustaquio.com.br\/wp-content\/uploads\/2019\/08\/marca.png","contentUrl":"https:\/\/www.padreeustaquio.com.br\/wp-content\/uploads\/2019\/08\/marca.png","width":350,"height":400,"caption":"Padre Eust\u00e1quio"},"image":{"@id":"https:\/\/www.padreeustaquio.com.br\/#\/schema\/logo\/image\/"},"sameAs":["https:\/\/www.facebook.com\/beatopadreeustaquio\/","https:\/\/x.com\/beatopeustaquio","https:\/\/www.instagram.com\/beatopadreeustaquio\/","https:\/\/www.youtube.com\/channel\/UCRhw7vfabnajwLxb1ZXMeIw"]},{"@type":"Person","@id":"https:\/\/www.padreeustaquio.com.br\/#\/schema\/person\/a2a51db1d00f1a7af0204a0f1ddb1566","name":"@sscc","image":{"@type":"ImageObject","inLanguage":"es","@id":"https:\/\/secure.gravatar.com\/avatar\/68cfafa5f44617fea54071e215026e0ff06be366c3d54a8425f04fdcb86f8c5f?s=96&d=mm&r=g","url":"https:\/\/secure.gravatar.com\/avatar\/68cfafa5f44617fea54071e215026e0ff06be366c3d54a8425f04fdcb86f8c5f?s=96&d=mm&r=g","contentUrl":"https:\/\/secure.gravatar.com\/avatar\/68cfafa5f44617fea54071e215026e0ff06be366c3d54a8425f04fdcb86f8c5f?s=96&d=mm&r=g","caption":"@sscc"},"url":"https:\/\/www.padreeustaquio.com.br\/es\/author\/sscc\/"}]}},"_links":{"self":[{"href":"https:\/\/www.padreeustaquio.com.br\/es\/wp-json\/wp\/v2\/posts\/5300","targetHints":{"allow":["GET"]}}],"collection":[{"href":"https:\/\/www.padreeustaquio.com.br\/es\/wp-json\/wp\/v2\/posts"}],"about":[{"href":"https:\/\/www.padreeustaquio.com.br\/es\/wp-json\/wp\/v2\/types\/post"}],"author":[{"embeddable":true,"href":"https:\/\/www.padreeustaquio.com.br\/es\/wp-json\/wp\/v2\/users\/2"}],"replies":[{"embeddable":true,"href":"https:\/\/www.padreeustaquio.com.br\/es\/wp-json\/wp\/v2\/comments?post=5300"}],"version-history":[{"count":0,"href":"https:\/\/www.padreeustaquio.com.br\/es\/wp-json\/wp\/v2\/posts\/5300\/revisions"}],"wp:featuredmedia":[{"embeddable":true,"href":"https:\/\/www.padreeustaquio.com.br\/es\/wp-json\/wp\/v2\/media\/5301"}],"wp:attachment":[{"href":"https:\/\/www.padreeustaquio.com.br\/es\/wp-json\/wp\/v2\/media?parent=5300"}],"wp:term":[{"taxonomy":"category","embeddable":true,"href":"https:\/\/www.padreeustaquio.com.br\/es\/wp-json\/wp\/v2\/categories?post=5300"},{"taxonomy":"post_tag","embeddable":true,"href":"https:\/\/www.padreeustaquio.com.br\/es\/wp-json\/wp\/v2\/tags?post=5300"}],"curies":[{"name":"wp","href":"https:\/\/api.w.org\/{rel}","templated":true}]}}