{"id":5278,"date":"2021-03-16T23:14:54","date_gmt":"2021-03-17T02:14:54","guid":{"rendered":"https:\/\/www.padreeustaquio.com.br\/?p=5278"},"modified":"2021-03-16T23:14:59","modified_gmt":"2021-03-17T02:14:59","slug":"la-arquidiocesis-y-la-alcaldia-de-belo-horizonte-suspenden-las-misas-presenciales","status":"publish","type":"post","link":"https:\/\/www.padreeustaquio.com.br\/es\/la-arquidiocesis-y-la-alcaldia-de-belo-horizonte-suspenden-las-misas-presenciales\/","title":{"rendered":"La Arquidi\u00f3cesis y la Alcald\u00eda de Belo Horizonte suspenden las misas presenciales."},"content":{"rendered":"<p>Brasil atraviesa su peor momento desde el inicio de la pandemia de coronavirus. Con m\u00e1s de dos mil muertes diarias, el pa\u00eds ha superado las 280.000 muertes. Se han confirmado m\u00e1s de 11,5 millones de casos en un a\u00f1o de propagaci\u00f3n de la enfermedad.<\/p>\n\n\n\n<p>Ante tantos casos, el sistema de salud brasile\u00f1o est\u00e1 entrando en crisis. En muchas ciudades, ya no hay camas disponibles en salas de hospital ni en UCI, lo que agrava la situaci\u00f3n de la poblaci\u00f3n.<\/p>\n\n\n\n<p>Ante esta aterradora realidad, la Arquidi\u00f3cesis de Belo Horizonte emiti\u00f3 un comunicado el viernes 12 de marzo, reforzando las medidas preventivas dentro de las iglesias, especialmente las ubicadas en la capital de Minas Gerais.<\/p>\n\n\n\n<p>Una de las principales medidas es la suspensi\u00f3n de las celebraciones religiosas con presencia de fieles, que ahora se realizar\u00e1n exclusivamente de forma online.<\/p>\n\n\n\n<p>El alcalde de Belo Horizonte, Alexandre Kalil, tambi\u00e9n public\u00f3 un decreto que refuerza las medidas de seguridad para prevenir la propagaci\u00f3n de la enfermedad. Entre las nuevas normas del poder ejecutivo se encuentra precisamente la prohibici\u00f3n de los servicios religiosos abiertos al p\u00fablico.<\/p>\n\n\n\n<p>El Santuario de Salud y Paz, la iglesia del Padre Eust\u00e1quio, cumple con las normas arquidiocesanas y municipales; por lo tanto, las misas solo se celebrar\u00e1n en l\u00ednea. Sin embargo, el Santuario permanecer\u00e1 abierto para las visitas de los fieles, al igual que el Memorial del Beato Padre Eust\u00e1quio y el \u00e1rea de velas votivas.<\/p>\n\n\n\n<p>Es importante que, al asistir a la iglesia, se tomen todas las precauciones contra el coronavirus. Los visitantes deben usar mascarilla en todo momento, desinfectarse las manos con desinfectante y caminar sobre el tapete desinfectante. Cualquier persona con s\u00edntomas de la enfermedad no debe asistir a la iglesia.<\/p>\n\n\n\n<p>Tambi\u00e9n cabe recordar que las personas en riesgo deben quedarse en casa. Las celebraciones se pueden seguir en el canal Padre Eust\u00e1quio en YouTube. De lunes a viernes, a las 19:00 h; los s\u00e1bados, a las 18:00 h; y los domingos, en dos horarios: 10:00 h y 18:00 h.<\/p>","protected":false},"excerpt":{"rendered":"<p>O Brasil est\u00e1 passando pelo pior momento desde o in\u00edcio da pandemia provocada pelo Coronav\u00edrus. Com mais de duas mil mortes por dia, o pa\u00eds passa de 280 mil v\u00edtimas fatais. S\u00e3o mais de 11,5 milh\u00f5es de casos confirmados em um ano de dissemina\u00e7\u00e3o da doen\u00e7a. Diante de tantos casos, o sistema de sa\u00fade brasileiro est\u00e1 entrando em crise. Em muitas cidades, j\u00e1 n\u00e3o h\u00e1 vagas nas enfermarias e UTIs dos hospitais, piorando a situa\u00e7\u00e3o da popula\u00e7\u00e3o. Por causa desta realidade t\u00e3o assustadora, a Arquidiocese de Belo Horizonte divulgou na sexta-feira, 12 de mar\u00e7o, um comunicado endurecendo as medidas preventivas [&hellip;]<\/p>\n","protected":false},"author":2,"featured_media":5279,"comment_status":"open","ping_status":"closed","sticky":false,"template":"","format":"standard","meta":{"_acf_changed":false,"footnotes":""},"categories":[611],"tags":[],"class_list":["post-5278","post","type-post","status-publish","format-standard","has-post-thumbnail","hentry","category-noticias"],"acf":[],"yoast_head":"<!-- This site is optimized with the Yoast SEO plugin v27.2 - https:\/\/yoast.com\/product\/yoast-seo-wordpress\/ -->\n<title>Arquidiocese e Prefeitura de Belo Horizonte suspendem missas presenciais - Padre Eust\u00e1quio<\/title>\n<meta name=\"robots\" content=\"index, follow, max-snippet:-1, max-image-preview:large, max-video-preview:-1\" \/>\n<link rel=\"canonical\" href=\"https:\/\/www.padreeustaquio.com.br\/es\/la-arquidiocesis-y-la-alcaldia-de-belo-horizonte-suspenden-las-misas-presenciales\/\" \/>\n<meta property=\"og:locale\" content=\"es_ES\" \/>\n<meta property=\"og:type\" content=\"article\" \/>\n<meta property=\"og:title\" content=\"Arquidiocese e Prefeitura de Belo Horizonte suspendem missas presenciais - Padre Eust\u00e1quio\" \/>\n<meta property=\"og:description\" content=\"O Brasil est\u00e1 passando pelo pior momento desde o in\u00edcio da pandemia provocada pelo Coronav\u00edrus. Com mais de duas mil mortes por dia, o pa\u00eds passa de 280 mil v\u00edtimas fatais. S\u00e3o mais de 11,5 milh\u00f5es de casos confirmados em um ano de dissemina\u00e7\u00e3o da doen\u00e7a. Diante de tantos casos, o sistema de sa\u00fade brasileiro est\u00e1 entrando em crise. Em muitas cidades, j\u00e1 n\u00e3o h\u00e1 vagas nas enfermarias e UTIs dos hospitais, piorando a situa\u00e7\u00e3o da popula\u00e7\u00e3o. Por causa desta realidade t\u00e3o assustadora, a Arquidiocese de Belo Horizonte divulgou na sexta-feira, 12 de mar\u00e7o, um comunicado endurecendo as medidas preventivas [&hellip;]\" \/>\n<meta property=\"og:url\" content=\"https:\/\/www.padreeustaquio.com.br\/es\/la-arquidiocesis-y-la-alcaldia-de-belo-horizonte-suspenden-las-misas-presenciales\/\" \/>\n<meta property=\"og:site_name\" content=\"Padre Eust\u00e1quio\" \/>\n<meta property=\"article:publisher\" content=\"https:\/\/www.facebook.com\/beatopadreeustaquio\/\" \/>\n<meta property=\"article:published_time\" content=\"2021-03-17T02:14:54+00:00\" \/>\n<meta property=\"article:modified_time\" content=\"2021-03-17T02:14:59+00:00\" \/>\n<meta property=\"og:image\" content=\"https:\/\/www.padreeustaquio.com.br\/wp-content\/uploads\/2021\/03\/Suspende-missas-2-e1615947080202.jpeg\" \/>\n\t<meta property=\"og:image:width\" content=\"1209\" \/>\n\t<meta property=\"og:image:height\" content=\"633\" \/>\n\t<meta property=\"og:image:type\" content=\"image\/jpeg\" \/>\n<meta name=\"author\" content=\"@sscc\" \/>\n<meta name=\"twitter:card\" content=\"summary_large_image\" \/>\n<meta name=\"twitter:creator\" content=\"@beatopeustaquio\" \/>\n<meta name=\"twitter:site\" content=\"@beatopeustaquio\" \/>\n<meta name=\"twitter:label1\" content=\"Escrito por\" \/>\n\t<meta name=\"twitter:data1\" content=\"@sscc\" \/>\n\t<meta name=\"twitter:label2\" content=\"Tiempo de lectura\" \/>\n\t<meta name=\"twitter:data2\" content=\"2 minutos\" \/>\n<script type=\"application\/ld+json\" class=\"yoast-schema-graph\">{\"@context\":\"https:\/\/schema.org\",\"@graph\":[{\"@type\":\"Article\",\"@id\":\"https:\/\/www.padreeustaquio.com.br\/arquidiocese-e-prefeitura-de-belo-horizonte-suspendem-missas-presenciais\/#article\",\"isPartOf\":{\"@id\":\"https:\/\/www.padreeustaquio.com.br\/arquidiocese-e-prefeitura-de-belo-horizonte-suspendem-missas-presenciais\/\"},\"author\":{\"name\":\"@sscc\",\"@id\":\"https:\/\/www.padreeustaquio.com.br\/#\/schema\/person\/a2a51db1d00f1a7af0204a0f1ddb1566\"},\"headline\":\"Arquidiocese e Prefeitura de Belo Horizonte suspendem missas presenciais\",\"datePublished\":\"2021-03-17T02:14:54+00:00\",\"dateModified\":\"2021-03-17T02:14:59+00:00\",\"mainEntityOfPage\":{\"@id\":\"https:\/\/www.padreeustaquio.com.br\/arquidiocese-e-prefeitura-de-belo-horizonte-suspendem-missas-presenciais\/\"},\"wordCount\":365,\"commentCount\":0,\"publisher\":{\"@id\":\"https:\/\/www.padreeustaquio.com.br\/#organization\"},\"image\":{\"@id\":\"https:\/\/www.padreeustaquio.com.br\/arquidiocese-e-prefeitura-de-belo-horizonte-suspendem-missas-presenciais\/#primaryimage\"},\"thumbnailUrl\":\"https:\/\/www.padreeustaquio.com.br\/wp-content\/uploads\/2021\/03\/Suspende-missas-2-e1615947080202.jpeg\",\"articleSection\":[\"Not\u00edcias\"],\"inLanguage\":\"es\",\"potentialAction\":[{\"@type\":\"CommentAction\",\"name\":\"Comment\",\"target\":[\"https:\/\/www.padreeustaquio.com.br\/arquidiocese-e-prefeitura-de-belo-horizonte-suspendem-missas-presenciais\/#respond\"]}]},{\"@type\":\"WebPage\",\"@id\":\"https:\/\/www.padreeustaquio.com.br\/arquidiocese-e-prefeitura-de-belo-horizonte-suspendem-missas-presenciais\/\",\"url\":\"https:\/\/www.padreeustaquio.com.br\/arquidiocese-e-prefeitura-de-belo-horizonte-suspendem-missas-presenciais\/\",\"name\":\"Arquidiocese e Prefeitura de Belo Horizonte suspendem missas presenciais - Padre Eust\u00e1quio\",\"isPartOf\":{\"@id\":\"https:\/\/www.padreeustaquio.com.br\/#website\"},\"primaryImageOfPage\":{\"@id\":\"https:\/\/www.padreeustaquio.com.br\/arquidiocese-e-prefeitura-de-belo-horizonte-suspendem-missas-presenciais\/#primaryimage\"},\"image\":{\"@id\":\"https:\/\/www.padreeustaquio.com.br\/arquidiocese-e-prefeitura-de-belo-horizonte-suspendem-missas-presenciais\/#primaryimage\"},\"thumbnailUrl\":\"https:\/\/www.padreeustaquio.com.br\/wp-content\/uploads\/2021\/03\/Suspende-missas-2-e1615947080202.jpeg\",\"datePublished\":\"2021-03-17T02:14:54+00:00\",\"dateModified\":\"2021-03-17T02:14:59+00:00\",\"breadcrumb\":{\"@id\":\"https:\/\/www.padreeustaquio.com.br\/arquidiocese-e-prefeitura-de-belo-horizonte-suspendem-missas-presenciais\/#breadcrumb\"},\"inLanguage\":\"es\",\"potentialAction\":[{\"@type\":\"ReadAction\",\"target\":[\"https:\/\/www.padreeustaquio.com.br\/arquidiocese-e-prefeitura-de-belo-horizonte-suspendem-missas-presenciais\/\"]}]},{\"@type\":\"ImageObject\",\"inLanguage\":\"es\",\"@id\":\"https:\/\/www.padreeustaquio.com.br\/arquidiocese-e-prefeitura-de-belo-horizonte-suspendem-missas-presenciais\/#primaryimage\",\"url\":\"https:\/\/www.padreeustaquio.com.br\/wp-content\/uploads\/2021\/03\/Suspende-missas-2-e1615947080202.jpeg\",\"contentUrl\":\"https:\/\/www.padreeustaquio.com.br\/wp-content\/uploads\/2021\/03\/Suspende-missas-2-e1615947080202.jpeg\",\"width\":1209,\"height\":633},{\"@type\":\"BreadcrumbList\",\"@id\":\"https:\/\/www.padreeustaquio.com.br\/arquidiocese-e-prefeitura-de-belo-horizonte-suspendem-missas-presenciais\/#breadcrumb\",\"itemListElement\":[{\"@type\":\"ListItem\",\"position\":1,\"name\":\"In\u00edcio\",\"item\":\"https:\/\/www.padreeustaquio.com.br\/\"},{\"@type\":\"ListItem\",\"position\":2,\"name\":\"Arquidiocese e Prefeitura de Belo Horizonte suspendem missas presenciais\"}]},{\"@type\":\"WebSite\",\"@id\":\"https:\/\/www.padreeustaquio.com.br\/#website\",\"url\":\"https:\/\/www.padreeustaquio.com.br\/\",\"name\":\"Padre Eust\u00e1quio\",\"description\":\"Sa\u00fade e Paz\",\"publisher\":{\"@id\":\"https:\/\/www.padreeustaquio.com.br\/#organization\"},\"potentialAction\":[{\"@type\":\"SearchAction\",\"target\":{\"@type\":\"EntryPoint\",\"urlTemplate\":\"https:\/\/www.padreeustaquio.com.br\/?s={search_term_string}\"},\"query-input\":{\"@type\":\"PropertyValueSpecification\",\"valueRequired\":true,\"valueName\":\"search_term_string\"}}],\"inLanguage\":\"es\"},{\"@type\":\"Organization\",\"@id\":\"https:\/\/www.padreeustaquio.com.br\/#organization\",\"name\":\"Padre Eust\u00e1quio\",\"url\":\"https:\/\/www.padreeustaquio.com.br\/\",\"logo\":{\"@type\":\"ImageObject\",\"inLanguage\":\"es\",\"@id\":\"https:\/\/www.padreeustaquio.com.br\/#\/schema\/logo\/image\/\",\"url\":\"https:\/\/www.padreeustaquio.com.br\/wp-content\/uploads\/2019\/08\/marca.png\",\"contentUrl\":\"https:\/\/www.padreeustaquio.com.br\/wp-content\/uploads\/2019\/08\/marca.png\",\"width\":350,\"height\":400,\"caption\":\"Padre Eust\u00e1quio\"},\"image\":{\"@id\":\"https:\/\/www.padreeustaquio.com.br\/#\/schema\/logo\/image\/\"},\"sameAs\":[\"https:\/\/www.facebook.com\/beatopadreeustaquio\/\",\"https:\/\/x.com\/beatopeustaquio\",\"https:\/\/www.instagram.com\/beatopadreeustaquio\/\",\"https:\/\/www.youtube.com\/channel\/UCRhw7vfabnajwLxb1ZXMeIw\"]},{\"@type\":\"Person\",\"@id\":\"https:\/\/www.padreeustaquio.com.br\/#\/schema\/person\/a2a51db1d00f1a7af0204a0f1ddb1566\",\"name\":\"@sscc\",\"image\":{\"@type\":\"ImageObject\",\"inLanguage\":\"es\",\"@id\":\"https:\/\/secure.gravatar.com\/avatar\/68cfafa5f44617fea54071e215026e0ff06be366c3d54a8425f04fdcb86f8c5f?s=96&d=mm&r=g\",\"url\":\"https:\/\/secure.gravatar.com\/avatar\/68cfafa5f44617fea54071e215026e0ff06be366c3d54a8425f04fdcb86f8c5f?s=96&d=mm&r=g\",\"contentUrl\":\"https:\/\/secure.gravatar.com\/avatar\/68cfafa5f44617fea54071e215026e0ff06be366c3d54a8425f04fdcb86f8c5f?s=96&d=mm&r=g\",\"caption\":\"@sscc\"},\"url\":\"https:\/\/www.padreeustaquio.com.br\/es\/author\/sscc\/\"}]}<\/script>\n<!-- \/ Yoast SEO plugin. -->","yoast_head_json":{"title":"Arquidi\u00f3cesis y Ayuntamiento de Belo Horizonte suspenden misas presenciales - Padre Eust\u00e1quio","robots":{"index":"index","follow":"follow","max-snippet":"max-snippet:-1","max-image-preview":"max-image-preview:large","max-video-preview":"max-video-preview:-1"},"canonical":"https:\/\/www.padreeustaquio.com.br\/es\/la-arquidiocesis-y-la-alcaldia-de-belo-horizonte-suspenden-las-misas-presenciales\/","og_locale":"es_ES","og_type":"article","og_title":"Arquidiocese e Prefeitura de Belo Horizonte suspendem missas presenciais - Padre Eust\u00e1quio","og_description":"O Brasil est\u00e1 passando pelo pior momento desde o in\u00edcio da pandemia provocada pelo Coronav\u00edrus. Com mais de duas mil mortes por dia, o pa\u00eds passa de 280 mil v\u00edtimas fatais. S\u00e3o mais de 11,5 milh\u00f5es de casos confirmados em um ano de dissemina\u00e7\u00e3o da doen\u00e7a. Diante de tantos casos, o sistema de sa\u00fade brasileiro est\u00e1 entrando em crise. Em muitas cidades, j\u00e1 n\u00e3o h\u00e1 vagas nas enfermarias e UTIs dos hospitais, piorando a situa\u00e7\u00e3o da popula\u00e7\u00e3o. Por causa desta realidade t\u00e3o assustadora, a Arquidiocese de Belo Horizonte divulgou na sexta-feira, 12 de mar\u00e7o, um comunicado endurecendo as medidas preventivas [&hellip;]","og_url":"https:\/\/www.padreeustaquio.com.br\/es\/la-arquidiocesis-y-la-alcaldia-de-belo-horizonte-suspenden-las-misas-presenciales\/","og_site_name":"Padre Eust\u00e1quio","article_publisher":"https:\/\/www.facebook.com\/beatopadreeustaquio\/","article_published_time":"2021-03-17T02:14:54+00:00","article_modified_time":"2021-03-17T02:14:59+00:00","og_image":[{"width":1209,"height":633,"url":"https:\/\/www.padreeustaquio.com.br\/wp-content\/uploads\/2021\/03\/Suspende-missas-2-e1615947080202.jpeg","type":"image\/jpeg"}],"author":"@sscc","twitter_card":"summary_large_image","twitter_creator":"@beatopeustaquio","twitter_site":"@beatopeustaquio","twitter_misc":{"Escrito por":"@sscc","Tiempo de lectura":"2 minutos"},"schema":{"@context":"https:\/\/schema.org","@graph":[{"@type":"Article","@id":"https:\/\/www.padreeustaquio.com.br\/arquidiocese-e-prefeitura-de-belo-horizonte-suspendem-missas-presenciais\/#article","isPartOf":{"@id":"https:\/\/www.padreeustaquio.com.br\/arquidiocese-e-prefeitura-de-belo-horizonte-suspendem-missas-presenciais\/"},"author":{"name":"@sscc","@id":"https:\/\/www.padreeustaquio.com.br\/#\/schema\/person\/a2a51db1d00f1a7af0204a0f1ddb1566"},"headline":"Arquidiocese e Prefeitura de Belo Horizonte suspendem missas presenciais","datePublished":"2021-03-17T02:14:54+00:00","dateModified":"2021-03-17T02:14:59+00:00","mainEntityOfPage":{"@id":"https:\/\/www.padreeustaquio.com.br\/arquidiocese-e-prefeitura-de-belo-horizonte-suspendem-missas-presenciais\/"},"wordCount":365,"commentCount":0,"publisher":{"@id":"https:\/\/www.padreeustaquio.com.br\/#organization"},"image":{"@id":"https:\/\/www.padreeustaquio.com.br\/arquidiocese-e-prefeitura-de-belo-horizonte-suspendem-missas-presenciais\/#primaryimage"},"thumbnailUrl":"https:\/\/www.padreeustaquio.com.br\/wp-content\/uploads\/2021\/03\/Suspende-missas-2-e1615947080202.jpeg","articleSection":["Not\u00edcias"],"inLanguage":"es","potentialAction":[{"@type":"CommentAction","name":"Comment","target":["https:\/\/www.padreeustaquio.com.br\/arquidiocese-e-prefeitura-de-belo-horizonte-suspendem-missas-presenciais\/#respond"]}]},{"@type":"WebPage","@id":"https:\/\/www.padreeustaquio.com.br\/arquidiocese-e-prefeitura-de-belo-horizonte-suspendem-missas-presenciais\/","url":"https:\/\/www.padreeustaquio.com.br\/arquidiocese-e-prefeitura-de-belo-horizonte-suspendem-missas-presenciais\/","name":"Arquidi\u00f3cesis y Ayuntamiento de Belo Horizonte suspenden misas presenciales - Padre Eust\u00e1quio","isPartOf":{"@id":"https:\/\/www.padreeustaquio.com.br\/#website"},"primaryImageOfPage":{"@id":"https:\/\/www.padreeustaquio.com.br\/arquidiocese-e-prefeitura-de-belo-horizonte-suspendem-missas-presenciais\/#primaryimage"},"image":{"@id":"https:\/\/www.padreeustaquio.com.br\/arquidiocese-e-prefeitura-de-belo-horizonte-suspendem-missas-presenciais\/#primaryimage"},"thumbnailUrl":"https:\/\/www.padreeustaquio.com.br\/wp-content\/uploads\/2021\/03\/Suspende-missas-2-e1615947080202.jpeg","datePublished":"2021-03-17T02:14:54+00:00","dateModified":"2021-03-17T02:14:59+00:00","breadcrumb":{"@id":"https:\/\/www.padreeustaquio.com.br\/arquidiocese-e-prefeitura-de-belo-horizonte-suspendem-missas-presenciais\/#breadcrumb"},"inLanguage":"es","potentialAction":[{"@type":"ReadAction","target":["https:\/\/www.padreeustaquio.com.br\/arquidiocese-e-prefeitura-de-belo-horizonte-suspendem-missas-presenciais\/"]}]},{"@type":"ImageObject","inLanguage":"es","@id":"https:\/\/www.padreeustaquio.com.br\/arquidiocese-e-prefeitura-de-belo-horizonte-suspendem-missas-presenciais\/#primaryimage","url":"https:\/\/www.padreeustaquio.com.br\/wp-content\/uploads\/2021\/03\/Suspende-missas-2-e1615947080202.jpeg","contentUrl":"https:\/\/www.padreeustaquio.com.br\/wp-content\/uploads\/2021\/03\/Suspende-missas-2-e1615947080202.jpeg","width":1209,"height":633},{"@type":"BreadcrumbList","@id":"https:\/\/www.padreeustaquio.com.br\/arquidiocese-e-prefeitura-de-belo-horizonte-suspendem-missas-presenciais\/#breadcrumb","itemListElement":[{"@type":"ListItem","position":1,"name":"In\u00edcio","item":"https:\/\/www.padreeustaquio.com.br\/"},{"@type":"ListItem","position":2,"name":"Arquidiocese e Prefeitura de Belo Horizonte suspendem missas presenciais"}]},{"@type":"WebSite","@id":"https:\/\/www.padreeustaquio.com.br\/#website","url":"https:\/\/www.padreeustaquio.com.br\/","name":"Padre Eustace","description":"Salud y Paz","publisher":{"@id":"https:\/\/www.padreeustaquio.com.br\/#organization"},"potentialAction":[{"@type":"SearchAction","target":{"@type":"EntryPoint","urlTemplate":"https:\/\/www.padreeustaquio.com.br\/?s={search_term_string}"},"query-input":{"@type":"PropertyValueSpecification","valueRequired":true,"valueName":"search_term_string"}}],"inLanguage":"es"},{"@type":"Organization","@id":"https:\/\/www.padreeustaquio.com.br\/#organization","name":"Padre Eustace","url":"https:\/\/www.padreeustaquio.com.br\/","logo":{"@type":"ImageObject","inLanguage":"es","@id":"https:\/\/www.padreeustaquio.com.br\/#\/schema\/logo\/image\/","url":"https:\/\/www.padreeustaquio.com.br\/wp-content\/uploads\/2019\/08\/marca.png","contentUrl":"https:\/\/www.padreeustaquio.com.br\/wp-content\/uploads\/2019\/08\/marca.png","width":350,"height":400,"caption":"Padre Eust\u00e1quio"},"image":{"@id":"https:\/\/www.padreeustaquio.com.br\/#\/schema\/logo\/image\/"},"sameAs":["https:\/\/www.facebook.com\/beatopadreeustaquio\/","https:\/\/x.com\/beatopeustaquio","https:\/\/www.instagram.com\/beatopadreeustaquio\/","https:\/\/www.youtube.com\/channel\/UCRhw7vfabnajwLxb1ZXMeIw"]},{"@type":"Person","@id":"https:\/\/www.padreeustaquio.com.br\/#\/schema\/person\/a2a51db1d00f1a7af0204a0f1ddb1566","name":"@sscc","image":{"@type":"ImageObject","inLanguage":"es","@id":"https:\/\/secure.gravatar.com\/avatar\/68cfafa5f44617fea54071e215026e0ff06be366c3d54a8425f04fdcb86f8c5f?s=96&d=mm&r=g","url":"https:\/\/secure.gravatar.com\/avatar\/68cfafa5f44617fea54071e215026e0ff06be366c3d54a8425f04fdcb86f8c5f?s=96&d=mm&r=g","contentUrl":"https:\/\/secure.gravatar.com\/avatar\/68cfafa5f44617fea54071e215026e0ff06be366c3d54a8425f04fdcb86f8c5f?s=96&d=mm&r=g","caption":"@sscc"},"url":"https:\/\/www.padreeustaquio.com.br\/es\/author\/sscc\/"}]}},"_links":{"self":[{"href":"https:\/\/www.padreeustaquio.com.br\/es\/wp-json\/wp\/v2\/posts\/5278","targetHints":{"allow":["GET"]}}],"collection":[{"href":"https:\/\/www.padreeustaquio.com.br\/es\/wp-json\/wp\/v2\/posts"}],"about":[{"href":"https:\/\/www.padreeustaquio.com.br\/es\/wp-json\/wp\/v2\/types\/post"}],"author":[{"embeddable":true,"href":"https:\/\/www.padreeustaquio.com.br\/es\/wp-json\/wp\/v2\/users\/2"}],"replies":[{"embeddable":true,"href":"https:\/\/www.padreeustaquio.com.br\/es\/wp-json\/wp\/v2\/comments?post=5278"}],"version-history":[{"count":0,"href":"https:\/\/www.padreeustaquio.com.br\/es\/wp-json\/wp\/v2\/posts\/5278\/revisions"}],"wp:featuredmedia":[{"embeddable":true,"href":"https:\/\/www.padreeustaquio.com.br\/es\/wp-json\/wp\/v2\/media\/5279"}],"wp:attachment":[{"href":"https:\/\/www.padreeustaquio.com.br\/es\/wp-json\/wp\/v2\/media?parent=5278"}],"wp:term":[{"taxonomy":"category","embeddable":true,"href":"https:\/\/www.padreeustaquio.com.br\/es\/wp-json\/wp\/v2\/categories?post=5278"},{"taxonomy":"post_tag","embeddable":true,"href":"https:\/\/www.padreeustaquio.com.br\/es\/wp-json\/wp\/v2\/tags?post=5278"}],"curies":[{"name":"wp","href":"https:\/\/api.w.org\/{rel}","templated":true}]}}