{"id":5236,"date":"2021-03-10T07:15:00","date_gmt":"2021-03-10T10:15:00","guid":{"rendered":"https:\/\/www.padreeustaquio.com.br\/?p=5236"},"modified":"2021-03-09T11:29:13","modified_gmt":"2021-03-09T14:29:13","slug":"descubre-la-historia-del-rostro-sagrado-pintado-por-el-padre-eustaquio","status":"publish","type":"post","link":"https:\/\/www.padreeustaquio.com.br\/es\/descubre-la-historia-del-rostro-sagrado-pintado-por-el-padre-eustaquio\/","title":{"rendered":"Descubre la historia del Santo Rostro pintado por el Padre Eust\u00e1quio."},"content":{"rendered":"<p>Si tienes en casa el V\u00eda Crucis con reflexiones del Beato Padre Eustaquio, habr\u00e1s notado el hermoso dibujo que hizo del rostro de Jesucristo en la contraportada de la publicaci\u00f3n.<\/p>\n\n\n\n<p>La obra data de 1943. En aquel entonces, el Padre Eust\u00e1quio no ten\u00eda el Velo de la Ver\u00f3nica para sus reflexiones del Viernes Santo. Por ello, una noche, se encerr\u00f3 en su habitaci\u00f3n, tom\u00f3 su propia funda de almohada y pint\u00f3 el Santo Rostro de Jes\u00fas.<\/p>\n\n\n\n<p>Despu\u00e9s de esa Semana Santa, el padre Eust\u00e1quio entreg\u00f3 el cuadro a la familia Orsini, quienes posteriormente donaron la obra al Santuario de Salud y Paz para ser venerada.<\/p>\n\n\n\n<p>El cuadro se conserva junto a otros objetos pertenecientes al Padre Eust\u00e1quio, a la espera de ser catalogado antes de ser expuesto en el futuro museo dedicado al Beato.<\/p>","protected":false},"excerpt":{"rendered":"<p>Se voc\u00ea tem em casa a Via Sacra com reflex\u00f5es do Beato Padre Eust\u00e1quio, deve ter percebido o lindo desenho feito pelo Bem-Aventurado, do rosto de Jesus Cristo, na contra capa da publica\u00e7\u00e3o. A arte \u00e9 de 1943. Na \u00e9poca, Padre Eust\u00e1quio n\u00e3o tinha o v\u00e9u da Ver\u00f4nica para fazer as reflex\u00f5es da Sexta-feira da Paix\u00e3o. Por isso, numa noite, ele se fechou no quarto, pegou a fronha do pr\u00f3prio travesseiro e pintou a Sagrada Face de Jesus. Ap\u00f3s aquela Semana Santa, Padre Eust\u00e1quio deu a pintura \u00e0 fam\u00edlia Orsini, que posteriormente, doou o trabalho para o Santu\u00e1rio Sa\u00fade e [&hellip;]<\/p>\n","protected":false},"author":2,"featured_media":5237,"comment_status":"open","ping_status":"open","sticky":false,"template":"","format":"standard","meta":{"_acf_changed":false,"footnotes":""},"categories":[611],"tags":[],"class_list":["post-5236","post","type-post","status-publish","format-standard","has-post-thumbnail","hentry","category-noticias"],"acf":[],"yoast_head":"<!-- This site is optimized with the Yoast SEO plugin v27.2 - https:\/\/yoast.com\/product\/yoast-seo-wordpress\/ -->\n<title>Conhe\u00e7a a hist\u00f3ria da Sagrada Face pintada por Padre Eust\u00e1quio - Padre Eust\u00e1quio<\/title>\n<meta name=\"robots\" content=\"index, follow, max-snippet:-1, max-image-preview:large, max-video-preview:-1\" \/>\n<link rel=\"canonical\" href=\"https:\/\/www.padreeustaquio.com.br\/es\/descubre-la-historia-del-rostro-sagrado-pintado-por-el-padre-eustaquio\/\" \/>\n<meta property=\"og:locale\" content=\"es_ES\" \/>\n<meta property=\"og:type\" content=\"article\" \/>\n<meta property=\"og:title\" content=\"Conhe\u00e7a a hist\u00f3ria da Sagrada Face pintada por Padre Eust\u00e1quio - Padre Eust\u00e1quio\" \/>\n<meta property=\"og:description\" content=\"Se voc\u00ea tem em casa a Via Sacra com reflex\u00f5es do Beato Padre Eust\u00e1quio, deve ter percebido o lindo desenho feito pelo Bem-Aventurado, do rosto de Jesus Cristo, na contra capa da publica\u00e7\u00e3o. A arte \u00e9 de 1943. Na \u00e9poca, Padre Eust\u00e1quio n\u00e3o tinha o v\u00e9u da Ver\u00f4nica para fazer as reflex\u00f5es da Sexta-feira da Paix\u00e3o. Por isso, numa noite, ele se fechou no quarto, pegou a fronha do pr\u00f3prio travesseiro e pintou a Sagrada Face de Jesus. Ap\u00f3s aquela Semana Santa, Padre Eust\u00e1quio deu a pintura \u00e0 fam\u00edlia Orsini, que posteriormente, doou o trabalho para o Santu\u00e1rio Sa\u00fade e [&hellip;]\" \/>\n<meta property=\"og:url\" content=\"https:\/\/www.padreeustaquio.com.br\/es\/descubre-la-historia-del-rostro-sagrado-pintado-por-el-padre-eustaquio\/\" \/>\n<meta property=\"og:site_name\" content=\"Padre Eust\u00e1quio\" \/>\n<meta property=\"article:publisher\" content=\"https:\/\/www.facebook.com\/beatopadreeustaquio\/\" \/>\n<meta property=\"article:published_time\" content=\"2021-03-10T10:15:00+00:00\" \/>\n<meta property=\"og:image\" content=\"https:\/\/www.padreeustaquio.com.br\/wp-content\/uploads\/2021\/03\/sagrada-face.jpg\" \/>\n\t<meta property=\"og:image:width\" content=\"748\" \/>\n\t<meta property=\"og:image:height\" content=\"394\" \/>\n\t<meta property=\"og:image:type\" content=\"image\/jpeg\" \/>\n<meta name=\"author\" content=\"@sscc\" \/>\n<meta name=\"twitter:card\" content=\"summary_large_image\" \/>\n<meta name=\"twitter:creator\" content=\"@beatopeustaquio\" \/>\n<meta name=\"twitter:site\" content=\"@beatopeustaquio\" \/>\n<meta name=\"twitter:label1\" content=\"Escrito por\" \/>\n\t<meta name=\"twitter:data1\" content=\"@sscc\" \/>\n\t<meta name=\"twitter:label2\" content=\"Tiempo de lectura\" \/>\n\t<meta name=\"twitter:data2\" content=\"1 minuto\" \/>\n<script type=\"application\/ld+json\" class=\"yoast-schema-graph\">{\"@context\":\"https:\/\/schema.org\",\"@graph\":[{\"@type\":\"Article\",\"@id\":\"https:\/\/www.padreeustaquio.com.br\/conheca-a-historia-da-sagrada-face-pintada-por-padre-eustaquio\/#article\",\"isPartOf\":{\"@id\":\"https:\/\/www.padreeustaquio.com.br\/conheca-a-historia-da-sagrada-face-pintada-por-padre-eustaquio\/\"},\"author\":{\"name\":\"@sscc\",\"@id\":\"https:\/\/www.padreeustaquio.com.br\/#\/schema\/person\/a2a51db1d00f1a7af0204a0f1ddb1566\"},\"headline\":\"Conhe\u00e7a a hist\u00f3ria da Sagrada Face pintada por Padre Eust\u00e1quio\",\"datePublished\":\"2021-03-10T10:15:00+00:00\",\"mainEntityOfPage\":{\"@id\":\"https:\/\/www.padreeustaquio.com.br\/conheca-a-historia-da-sagrada-face-pintada-por-padre-eustaquio\/\"},\"wordCount\":154,\"commentCount\":0,\"publisher\":{\"@id\":\"https:\/\/www.padreeustaquio.com.br\/#organization\"},\"image\":{\"@id\":\"https:\/\/www.padreeustaquio.com.br\/conheca-a-historia-da-sagrada-face-pintada-por-padre-eustaquio\/#primaryimage\"},\"thumbnailUrl\":\"https:\/\/www.padreeustaquio.com.br\/wp-content\/uploads\/2021\/03\/sagrada-face.jpg\",\"articleSection\":[\"Not\u00edcias\"],\"inLanguage\":\"es\",\"potentialAction\":[{\"@type\":\"CommentAction\",\"name\":\"Comment\",\"target\":[\"https:\/\/www.padreeustaquio.com.br\/conheca-a-historia-da-sagrada-face-pintada-por-padre-eustaquio\/#respond\"]}]},{\"@type\":\"WebPage\",\"@id\":\"https:\/\/www.padreeustaquio.com.br\/conheca-a-historia-da-sagrada-face-pintada-por-padre-eustaquio\/\",\"url\":\"https:\/\/www.padreeustaquio.com.br\/conheca-a-historia-da-sagrada-face-pintada-por-padre-eustaquio\/\",\"name\":\"Conhe\u00e7a a hist\u00f3ria da Sagrada Face pintada por Padre Eust\u00e1quio - Padre Eust\u00e1quio\",\"isPartOf\":{\"@id\":\"https:\/\/www.padreeustaquio.com.br\/#website\"},\"primaryImageOfPage\":{\"@id\":\"https:\/\/www.padreeustaquio.com.br\/conheca-a-historia-da-sagrada-face-pintada-por-padre-eustaquio\/#primaryimage\"},\"image\":{\"@id\":\"https:\/\/www.padreeustaquio.com.br\/conheca-a-historia-da-sagrada-face-pintada-por-padre-eustaquio\/#primaryimage\"},\"thumbnailUrl\":\"https:\/\/www.padreeustaquio.com.br\/wp-content\/uploads\/2021\/03\/sagrada-face.jpg\",\"datePublished\":\"2021-03-10T10:15:00+00:00\",\"breadcrumb\":{\"@id\":\"https:\/\/www.padreeustaquio.com.br\/conheca-a-historia-da-sagrada-face-pintada-por-padre-eustaquio\/#breadcrumb\"},\"inLanguage\":\"es\",\"potentialAction\":[{\"@type\":\"ReadAction\",\"target\":[\"https:\/\/www.padreeustaquio.com.br\/conheca-a-historia-da-sagrada-face-pintada-por-padre-eustaquio\/\"]}]},{\"@type\":\"ImageObject\",\"inLanguage\":\"es\",\"@id\":\"https:\/\/www.padreeustaquio.com.br\/conheca-a-historia-da-sagrada-face-pintada-por-padre-eustaquio\/#primaryimage\",\"url\":\"https:\/\/www.padreeustaquio.com.br\/wp-content\/uploads\/2021\/03\/sagrada-face.jpg\",\"contentUrl\":\"https:\/\/www.padreeustaquio.com.br\/wp-content\/uploads\/2021\/03\/sagrada-face.jpg\",\"width\":748,\"height\":394},{\"@type\":\"BreadcrumbList\",\"@id\":\"https:\/\/www.padreeustaquio.com.br\/conheca-a-historia-da-sagrada-face-pintada-por-padre-eustaquio\/#breadcrumb\",\"itemListElement\":[{\"@type\":\"ListItem\",\"position\":1,\"name\":\"In\u00edcio\",\"item\":\"https:\/\/www.padreeustaquio.com.br\/\"},{\"@type\":\"ListItem\",\"position\":2,\"name\":\"Conhe\u00e7a a hist\u00f3ria da Sagrada Face pintada por Padre Eust\u00e1quio\"}]},{\"@type\":\"WebSite\",\"@id\":\"https:\/\/www.padreeustaquio.com.br\/#website\",\"url\":\"https:\/\/www.padreeustaquio.com.br\/\",\"name\":\"Padre Eust\u00e1quio\",\"description\":\"Sa\u00fade e Paz\",\"publisher\":{\"@id\":\"https:\/\/www.padreeustaquio.com.br\/#organization\"},\"potentialAction\":[{\"@type\":\"SearchAction\",\"target\":{\"@type\":\"EntryPoint\",\"urlTemplate\":\"https:\/\/www.padreeustaquio.com.br\/?s={search_term_string}\"},\"query-input\":{\"@type\":\"PropertyValueSpecification\",\"valueRequired\":true,\"valueName\":\"search_term_string\"}}],\"inLanguage\":\"es\"},{\"@type\":\"Organization\",\"@id\":\"https:\/\/www.padreeustaquio.com.br\/#organization\",\"name\":\"Padre Eust\u00e1quio\",\"url\":\"https:\/\/www.padreeustaquio.com.br\/\",\"logo\":{\"@type\":\"ImageObject\",\"inLanguage\":\"es\",\"@id\":\"https:\/\/www.padreeustaquio.com.br\/#\/schema\/logo\/image\/\",\"url\":\"https:\/\/www.padreeustaquio.com.br\/wp-content\/uploads\/2019\/08\/marca.png\",\"contentUrl\":\"https:\/\/www.padreeustaquio.com.br\/wp-content\/uploads\/2019\/08\/marca.png\",\"width\":350,\"height\":400,\"caption\":\"Padre Eust\u00e1quio\"},\"image\":{\"@id\":\"https:\/\/www.padreeustaquio.com.br\/#\/schema\/logo\/image\/\"},\"sameAs\":[\"https:\/\/www.facebook.com\/beatopadreeustaquio\/\",\"https:\/\/x.com\/beatopeustaquio\",\"https:\/\/www.instagram.com\/beatopadreeustaquio\/\",\"https:\/\/www.youtube.com\/channel\/UCRhw7vfabnajwLxb1ZXMeIw\"]},{\"@type\":\"Person\",\"@id\":\"https:\/\/www.padreeustaquio.com.br\/#\/schema\/person\/a2a51db1d00f1a7af0204a0f1ddb1566\",\"name\":\"@sscc\",\"image\":{\"@type\":\"ImageObject\",\"inLanguage\":\"es\",\"@id\":\"https:\/\/secure.gravatar.com\/avatar\/68cfafa5f44617fea54071e215026e0ff06be366c3d54a8425f04fdcb86f8c5f?s=96&d=mm&r=g\",\"url\":\"https:\/\/secure.gravatar.com\/avatar\/68cfafa5f44617fea54071e215026e0ff06be366c3d54a8425f04fdcb86f8c5f?s=96&d=mm&r=g\",\"contentUrl\":\"https:\/\/secure.gravatar.com\/avatar\/68cfafa5f44617fea54071e215026e0ff06be366c3d54a8425f04fdcb86f8c5f?s=96&d=mm&r=g\",\"caption\":\"@sscc\"},\"url\":\"https:\/\/www.padreeustaquio.com.br\/es\/author\/sscc\/\"}]}<\/script>\n<!-- \/ Yoast SEO plugin. -->","yoast_head_json":{"title":"Descubre la historia del Santo Rostro pintado por el Padre Eust\u00e1quio - Padre Eust\u00e1quio","robots":{"index":"index","follow":"follow","max-snippet":"max-snippet:-1","max-image-preview":"max-image-preview:large","max-video-preview":"max-video-preview:-1"},"canonical":"https:\/\/www.padreeustaquio.com.br\/es\/descubre-la-historia-del-rostro-sagrado-pintado-por-el-padre-eustaquio\/","og_locale":"es_ES","og_type":"article","og_title":"Conhe\u00e7a a hist\u00f3ria da Sagrada Face pintada por Padre Eust\u00e1quio - Padre Eust\u00e1quio","og_description":"Se voc\u00ea tem em casa a Via Sacra com reflex\u00f5es do Beato Padre Eust\u00e1quio, deve ter percebido o lindo desenho feito pelo Bem-Aventurado, do rosto de Jesus Cristo, na contra capa da publica\u00e7\u00e3o. A arte \u00e9 de 1943. Na \u00e9poca, Padre Eust\u00e1quio n\u00e3o tinha o v\u00e9u da Ver\u00f4nica para fazer as reflex\u00f5es da Sexta-feira da Paix\u00e3o. Por isso, numa noite, ele se fechou no quarto, pegou a fronha do pr\u00f3prio travesseiro e pintou a Sagrada Face de Jesus. Ap\u00f3s aquela Semana Santa, Padre Eust\u00e1quio deu a pintura \u00e0 fam\u00edlia Orsini, que posteriormente, doou o trabalho para o Santu\u00e1rio Sa\u00fade e [&hellip;]","og_url":"https:\/\/www.padreeustaquio.com.br\/es\/descubre-la-historia-del-rostro-sagrado-pintado-por-el-padre-eustaquio\/","og_site_name":"Padre Eust\u00e1quio","article_publisher":"https:\/\/www.facebook.com\/beatopadreeustaquio\/","article_published_time":"2021-03-10T10:15:00+00:00","og_image":[{"width":748,"height":394,"url":"https:\/\/www.padreeustaquio.com.br\/wp-content\/uploads\/2021\/03\/sagrada-face.jpg","type":"image\/jpeg"}],"author":"@sscc","twitter_card":"summary_large_image","twitter_creator":"@beatopeustaquio","twitter_site":"@beatopeustaquio","twitter_misc":{"Escrito por":"@sscc","Tiempo de lectura":"1 minuto"},"schema":{"@context":"https:\/\/schema.org","@graph":[{"@type":"Article","@id":"https:\/\/www.padreeustaquio.com.br\/conheca-a-historia-da-sagrada-face-pintada-por-padre-eustaquio\/#article","isPartOf":{"@id":"https:\/\/www.padreeustaquio.com.br\/conheca-a-historia-da-sagrada-face-pintada-por-padre-eustaquio\/"},"author":{"name":"@sscc","@id":"https:\/\/www.padreeustaquio.com.br\/#\/schema\/person\/a2a51db1d00f1a7af0204a0f1ddb1566"},"headline":"Conhe\u00e7a a hist\u00f3ria da Sagrada Face pintada por Padre Eust\u00e1quio","datePublished":"2021-03-10T10:15:00+00:00","mainEntityOfPage":{"@id":"https:\/\/www.padreeustaquio.com.br\/conheca-a-historia-da-sagrada-face-pintada-por-padre-eustaquio\/"},"wordCount":154,"commentCount":0,"publisher":{"@id":"https:\/\/www.padreeustaquio.com.br\/#organization"},"image":{"@id":"https:\/\/www.padreeustaquio.com.br\/conheca-a-historia-da-sagrada-face-pintada-por-padre-eustaquio\/#primaryimage"},"thumbnailUrl":"https:\/\/www.padreeustaquio.com.br\/wp-content\/uploads\/2021\/03\/sagrada-face.jpg","articleSection":["Not\u00edcias"],"inLanguage":"es","potentialAction":[{"@type":"CommentAction","name":"Comment","target":["https:\/\/www.padreeustaquio.com.br\/conheca-a-historia-da-sagrada-face-pintada-por-padre-eustaquio\/#respond"]}]},{"@type":"WebPage","@id":"https:\/\/www.padreeustaquio.com.br\/conheca-a-historia-da-sagrada-face-pintada-por-padre-eustaquio\/","url":"https:\/\/www.padreeustaquio.com.br\/conheca-a-historia-da-sagrada-face-pintada-por-padre-eustaquio\/","name":"Descubre la historia del Santo Rostro pintado por el Padre Eust\u00e1quio - Padre Eust\u00e1quio","isPartOf":{"@id":"https:\/\/www.padreeustaquio.com.br\/#website"},"primaryImageOfPage":{"@id":"https:\/\/www.padreeustaquio.com.br\/conheca-a-historia-da-sagrada-face-pintada-por-padre-eustaquio\/#primaryimage"},"image":{"@id":"https:\/\/www.padreeustaquio.com.br\/conheca-a-historia-da-sagrada-face-pintada-por-padre-eustaquio\/#primaryimage"},"thumbnailUrl":"https:\/\/www.padreeustaquio.com.br\/wp-content\/uploads\/2021\/03\/sagrada-face.jpg","datePublished":"2021-03-10T10:15:00+00:00","breadcrumb":{"@id":"https:\/\/www.padreeustaquio.com.br\/conheca-a-historia-da-sagrada-face-pintada-por-padre-eustaquio\/#breadcrumb"},"inLanguage":"es","potentialAction":[{"@type":"ReadAction","target":["https:\/\/www.padreeustaquio.com.br\/conheca-a-historia-da-sagrada-face-pintada-por-padre-eustaquio\/"]}]},{"@type":"ImageObject","inLanguage":"es","@id":"https:\/\/www.padreeustaquio.com.br\/conheca-a-historia-da-sagrada-face-pintada-por-padre-eustaquio\/#primaryimage","url":"https:\/\/www.padreeustaquio.com.br\/wp-content\/uploads\/2021\/03\/sagrada-face.jpg","contentUrl":"https:\/\/www.padreeustaquio.com.br\/wp-content\/uploads\/2021\/03\/sagrada-face.jpg","width":748,"height":394},{"@type":"BreadcrumbList","@id":"https:\/\/www.padreeustaquio.com.br\/conheca-a-historia-da-sagrada-face-pintada-por-padre-eustaquio\/#breadcrumb","itemListElement":[{"@type":"ListItem","position":1,"name":"In\u00edcio","item":"https:\/\/www.padreeustaquio.com.br\/"},{"@type":"ListItem","position":2,"name":"Conhe\u00e7a a hist\u00f3ria da Sagrada Face pintada por Padre Eust\u00e1quio"}]},{"@type":"WebSite","@id":"https:\/\/www.padreeustaquio.com.br\/#website","url":"https:\/\/www.padreeustaquio.com.br\/","name":"Padre Eustace","description":"Salud y Paz","publisher":{"@id":"https:\/\/www.padreeustaquio.com.br\/#organization"},"potentialAction":[{"@type":"SearchAction","target":{"@type":"EntryPoint","urlTemplate":"https:\/\/www.padreeustaquio.com.br\/?s={search_term_string}"},"query-input":{"@type":"PropertyValueSpecification","valueRequired":true,"valueName":"search_term_string"}}],"inLanguage":"es"},{"@type":"Organization","@id":"https:\/\/www.padreeustaquio.com.br\/#organization","name":"Padre Eustace","url":"https:\/\/www.padreeustaquio.com.br\/","logo":{"@type":"ImageObject","inLanguage":"es","@id":"https:\/\/www.padreeustaquio.com.br\/#\/schema\/logo\/image\/","url":"https:\/\/www.padreeustaquio.com.br\/wp-content\/uploads\/2019\/08\/marca.png","contentUrl":"https:\/\/www.padreeustaquio.com.br\/wp-content\/uploads\/2019\/08\/marca.png","width":350,"height":400,"caption":"Padre Eust\u00e1quio"},"image":{"@id":"https:\/\/www.padreeustaquio.com.br\/#\/schema\/logo\/image\/"},"sameAs":["https:\/\/www.facebook.com\/beatopadreeustaquio\/","https:\/\/x.com\/beatopeustaquio","https:\/\/www.instagram.com\/beatopadreeustaquio\/","https:\/\/www.youtube.com\/channel\/UCRhw7vfabnajwLxb1ZXMeIw"]},{"@type":"Person","@id":"https:\/\/www.padreeustaquio.com.br\/#\/schema\/person\/a2a51db1d00f1a7af0204a0f1ddb1566","name":"@sscc","image":{"@type":"ImageObject","inLanguage":"es","@id":"https:\/\/secure.gravatar.com\/avatar\/68cfafa5f44617fea54071e215026e0ff06be366c3d54a8425f04fdcb86f8c5f?s=96&d=mm&r=g","url":"https:\/\/secure.gravatar.com\/avatar\/68cfafa5f44617fea54071e215026e0ff06be366c3d54a8425f04fdcb86f8c5f?s=96&d=mm&r=g","contentUrl":"https:\/\/secure.gravatar.com\/avatar\/68cfafa5f44617fea54071e215026e0ff06be366c3d54a8425f04fdcb86f8c5f?s=96&d=mm&r=g","caption":"@sscc"},"url":"https:\/\/www.padreeustaquio.com.br\/es\/author\/sscc\/"}]}},"_links":{"self":[{"href":"https:\/\/www.padreeustaquio.com.br\/es\/wp-json\/wp\/v2\/posts\/5236","targetHints":{"allow":["GET"]}}],"collection":[{"href":"https:\/\/www.padreeustaquio.com.br\/es\/wp-json\/wp\/v2\/posts"}],"about":[{"href":"https:\/\/www.padreeustaquio.com.br\/es\/wp-json\/wp\/v2\/types\/post"}],"author":[{"embeddable":true,"href":"https:\/\/www.padreeustaquio.com.br\/es\/wp-json\/wp\/v2\/users\/2"}],"replies":[{"embeddable":true,"href":"https:\/\/www.padreeustaquio.com.br\/es\/wp-json\/wp\/v2\/comments?post=5236"}],"version-history":[{"count":0,"href":"https:\/\/www.padreeustaquio.com.br\/es\/wp-json\/wp\/v2\/posts\/5236\/revisions"}],"wp:featuredmedia":[{"embeddable":true,"href":"https:\/\/www.padreeustaquio.com.br\/es\/wp-json\/wp\/v2\/media\/5237"}],"wp:attachment":[{"href":"https:\/\/www.padreeustaquio.com.br\/es\/wp-json\/wp\/v2\/media?parent=5236"}],"wp:term":[{"taxonomy":"category","embeddable":true,"href":"https:\/\/www.padreeustaquio.com.br\/es\/wp-json\/wp\/v2\/categories?post=5236"},{"taxonomy":"post_tag","embeddable":true,"href":"https:\/\/www.padreeustaquio.com.br\/es\/wp-json\/wp\/v2\/tags?post=5236"}],"curies":[{"name":"wp","href":"https:\/\/api.w.org\/{rel}","templated":true}]}}