{"id":5232,"date":"2021-03-09T11:12:00","date_gmt":"2021-03-09T14:12:00","guid":{"rendered":"https:\/\/www.padreeustaquio.com.br\/?p=5232"},"modified":"2021-03-09T11:12:03","modified_gmt":"2021-03-09T14:12:03","slug":"la-devocion-al-padre-eustace-se-manifiesta-en-el-comercio","status":"publish","type":"post","link":"https:\/\/www.padreeustaquio.com.br\/es\/la-devocion-al-padre-eustace-se-manifiesta-en-el-comercio\/","title":{"rendered":"La devoci\u00f3n al Padre Eustaquio reflejada en el comercio."},"content":{"rendered":"<p>Cualquiera que pasee por las calles del barrio Padre Eust\u00e1quio en Belo Horizonte probablemente haya notado la cantidad de negocios que llevan el nombre del Bendito. Abarcan diversos sectores, desde panader\u00edas y consultorios dentales hasta tiendas de alimentaci\u00f3n, distribuidores y tiendas de ropa. Muchos propietarios tienen historias relacionadas con el Bendito.<\/p>\n\n\n\n<p>Como es el caso de la Panader\u00eda Padre Eust\u00e1quio, frente al Santuario de la Salud y la Paz. Cuando se constru\u00eda el edificio, se dice que el Bendito pas\u00f3 por la obra y pregunt\u00f3 qu\u00e9 funcionar\u00eda all\u00ed. Al recibir la respuesta de que ser\u00eda una panader\u00eda, coment\u00f3: <em>\u201d&quot;El pan es un alimento bendito.&quot;.<\/em><\/p>\n\n\n\n<p>\u201cSalud y Paz\u201d, el saludo que se convirti\u00f3 en el sello distintivo del padre Eust\u00e1quio, tambi\u00e9n figura entre los nombres de negocios que homenajean al sacerdote holand\u00e9s, como los consultorios odontol\u00f3gicos ubicados cerca de la iglesia: \u201cSalud y Paz \u2013 Cl\u00ednicas Dentales\u201d.<\/p>\n\n\n\n<p>El Padre Eust\u00e1quio lleg\u00f3 a Belo Horizonte en 1942 tras ser exiliado por llamar la atenci\u00f3n, ya que era muy solicitado por los fieles de Po\u00e1, S\u00e3o Paulo. La fama de santidad del &quot;Vicario de Po\u00e1&quot; se extendi\u00f3 hasta volverse incontrolable. En aquel entonces, representaba un problema de salud p\u00fablica y seguridad. El religioso permaneci\u00f3 solo un a\u00f1o y medio en la capital de Minas Gerais y dej\u00f3 una profunda huella en los lugares que recorri\u00f3.<\/p>","protected":false},"excerpt":{"rendered":"<p>Quem anda pelas ruas do bairro Padre Eust\u00e1quio, em Belo Horizonte, j\u00e1 deve ter reparado na quantidade de estabelecimentos comerciais que recebem o nome em homenagem ao Bem-Aventurado. S\u00e3o v\u00e1rios segmentos, desde padaria, consult\u00f3rios odontol\u00f3gicos, lojas de alimentos at\u00e9 distribuidoras e vestu\u00e1rio. Muitos propriet\u00e1rios guardam consigo hist\u00f3rias relacionadas ao beato. Como \u00e9 o caso da Padaria Padre Eust\u00e1quio, em frente ao Santu\u00e1rio Sa\u00fade e Paz. Quando o pr\u00e9dio estava sendo constru\u00eddo, o Beato teria passado pela constru\u00e7\u00e3o e perguntado o que funcionaria no local. Quando recebeu a resposta que seria uma padaria, teria dito: &#8221; O p\u00e3o \u00e9 um alimento [&hellip;]<\/p>\n","protected":false},"author":2,"featured_media":5234,"comment_status":"open","ping_status":"open","sticky":false,"template":"","format":"standard","meta":{"_acf_changed":false,"footnotes":""},"categories":[614,611],"tags":[],"class_list":["post-5232","post","type-post","status-publish","format-standard","has-post-thumbnail","hentry","category-curiosidades","category-noticias"],"acf":[],"yoast_head":"<!-- This site is optimized with the Yoast SEO plugin v27.2 - https:\/\/yoast.com\/product\/yoast-seo-wordpress\/ -->\n<title>Devo\u00e7\u00e3o a Padre Eust\u00e1quio estampada pelo com\u00e9rcio - Padre Eust\u00e1quio<\/title>\n<meta name=\"robots\" content=\"index, follow, max-snippet:-1, max-image-preview:large, max-video-preview:-1\" \/>\n<link rel=\"canonical\" href=\"https:\/\/www.padreeustaquio.com.br\/es\/la-devocion-al-padre-eustace-se-manifiesta-en-el-comercio\/\" \/>\n<meta property=\"og:locale\" content=\"es_ES\" \/>\n<meta property=\"og:type\" content=\"article\" \/>\n<meta property=\"og:title\" content=\"Devo\u00e7\u00e3o a Padre Eust\u00e1quio estampada pelo com\u00e9rcio - Padre Eust\u00e1quio\" \/>\n<meta property=\"og:description\" content=\"Quem anda pelas ruas do bairro Padre Eust\u00e1quio, em Belo Horizonte, j\u00e1 deve ter reparado na quantidade de estabelecimentos comerciais que recebem o nome em homenagem ao Bem-Aventurado. S\u00e3o v\u00e1rios segmentos, desde padaria, consult\u00f3rios odontol\u00f3gicos, lojas de alimentos at\u00e9 distribuidoras e vestu\u00e1rio. Muitos propriet\u00e1rios guardam consigo hist\u00f3rias relacionadas ao beato. Como \u00e9 o caso da Padaria Padre Eust\u00e1quio, em frente ao Santu\u00e1rio Sa\u00fade e Paz. Quando o pr\u00e9dio estava sendo constru\u00eddo, o Beato teria passado pela constru\u00e7\u00e3o e perguntado o que funcionaria no local. Quando recebeu a resposta que seria uma padaria, teria dito: &#8221; O p\u00e3o \u00e9 um alimento [&hellip;]\" \/>\n<meta property=\"og:url\" content=\"https:\/\/www.padreeustaquio.com.br\/es\/la-devocion-al-padre-eustace-se-manifiesta-en-el-comercio\/\" \/>\n<meta property=\"og:site_name\" content=\"Padre Eust\u00e1quio\" \/>\n<meta property=\"article:publisher\" content=\"https:\/\/www.facebook.com\/beatopadreeustaquio\/\" \/>\n<meta property=\"article:published_time\" content=\"2021-03-09T14:12:00+00:00\" \/>\n<meta property=\"article:modified_time\" content=\"2021-03-09T14:12:03+00:00\" \/>\n<meta property=\"og:image\" content=\"https:\/\/www.padreeustaquio.com.br\/wp-content\/uploads\/2021\/03\/Padaria-Padre-Eustaquio.jpeg\" \/>\n\t<meta property=\"og:image:width\" content=\"960\" \/>\n\t<meta property=\"og:image:height\" content=\"960\" \/>\n\t<meta property=\"og:image:type\" content=\"image\/jpeg\" \/>\n<meta name=\"author\" content=\"@sscc\" \/>\n<meta name=\"twitter:card\" content=\"summary_large_image\" \/>\n<meta name=\"twitter:creator\" content=\"@beatopeustaquio\" \/>\n<meta name=\"twitter:site\" content=\"@beatopeustaquio\" \/>\n<meta name=\"twitter:label1\" content=\"Escrito por\" \/>\n\t<meta name=\"twitter:data1\" content=\"@sscc\" \/>\n\t<meta name=\"twitter:label2\" content=\"Tiempo de lectura\" \/>\n\t<meta name=\"twitter:data2\" content=\"1 minuto\" \/>\n<script type=\"application\/ld+json\" class=\"yoast-schema-graph\">{\"@context\":\"https:\/\/schema.org\",\"@graph\":[{\"@type\":\"Article\",\"@id\":\"https:\/\/www.padreeustaquio.com.br\/devocao-a-padre-eustaquio-estampada-pelo-comercio\/#article\",\"isPartOf\":{\"@id\":\"https:\/\/www.padreeustaquio.com.br\/devocao-a-padre-eustaquio-estampada-pelo-comercio\/\"},\"author\":{\"name\":\"@sscc\",\"@id\":\"https:\/\/www.padreeustaquio.com.br\/#\/schema\/person\/a2a51db1d00f1a7af0204a0f1ddb1566\"},\"headline\":\"Devo\u00e7\u00e3o a Padre Eust\u00e1quio estampada pelo com\u00e9rcio\",\"datePublished\":\"2021-03-09T14:12:00+00:00\",\"dateModified\":\"2021-03-09T14:12:03+00:00\",\"mainEntityOfPage\":{\"@id\":\"https:\/\/www.padreeustaquio.com.br\/devocao-a-padre-eustaquio-estampada-pelo-comercio\/\"},\"wordCount\":249,\"commentCount\":0,\"publisher\":{\"@id\":\"https:\/\/www.padreeustaquio.com.br\/#organization\"},\"image\":{\"@id\":\"https:\/\/www.padreeustaquio.com.br\/devocao-a-padre-eustaquio-estampada-pelo-comercio\/#primaryimage\"},\"thumbnailUrl\":\"https:\/\/www.padreeustaquio.com.br\/wp-content\/uploads\/2021\/03\/Padaria-Padre-Eustaquio.jpeg\",\"articleSection\":[\"Curiosidades\",\"Not\u00edcias\"],\"inLanguage\":\"es\",\"potentialAction\":[{\"@type\":\"CommentAction\",\"name\":\"Comment\",\"target\":[\"https:\/\/www.padreeustaquio.com.br\/devocao-a-padre-eustaquio-estampada-pelo-comercio\/#respond\"]}]},{\"@type\":\"WebPage\",\"@id\":\"https:\/\/www.padreeustaquio.com.br\/devocao-a-padre-eustaquio-estampada-pelo-comercio\/\",\"url\":\"https:\/\/www.padreeustaquio.com.br\/devocao-a-padre-eustaquio-estampada-pelo-comercio\/\",\"name\":\"Devo\u00e7\u00e3o a Padre Eust\u00e1quio estampada pelo com\u00e9rcio - Padre Eust\u00e1quio\",\"isPartOf\":{\"@id\":\"https:\/\/www.padreeustaquio.com.br\/#website\"},\"primaryImageOfPage\":{\"@id\":\"https:\/\/www.padreeustaquio.com.br\/devocao-a-padre-eustaquio-estampada-pelo-comercio\/#primaryimage\"},\"image\":{\"@id\":\"https:\/\/www.padreeustaquio.com.br\/devocao-a-padre-eustaquio-estampada-pelo-comercio\/#primaryimage\"},\"thumbnailUrl\":\"https:\/\/www.padreeustaquio.com.br\/wp-content\/uploads\/2021\/03\/Padaria-Padre-Eustaquio.jpeg\",\"datePublished\":\"2021-03-09T14:12:00+00:00\",\"dateModified\":\"2021-03-09T14:12:03+00:00\",\"breadcrumb\":{\"@id\":\"https:\/\/www.padreeustaquio.com.br\/devocao-a-padre-eustaquio-estampada-pelo-comercio\/#breadcrumb\"},\"inLanguage\":\"es\",\"potentialAction\":[{\"@type\":\"ReadAction\",\"target\":[\"https:\/\/www.padreeustaquio.com.br\/devocao-a-padre-eustaquio-estampada-pelo-comercio\/\"]}]},{\"@type\":\"ImageObject\",\"inLanguage\":\"es\",\"@id\":\"https:\/\/www.padreeustaquio.com.br\/devocao-a-padre-eustaquio-estampada-pelo-comercio\/#primaryimage\",\"url\":\"https:\/\/www.padreeustaquio.com.br\/wp-content\/uploads\/2021\/03\/Padaria-Padre-Eustaquio.jpeg\",\"contentUrl\":\"https:\/\/www.padreeustaquio.com.br\/wp-content\/uploads\/2021\/03\/Padaria-Padre-Eustaquio.jpeg\",\"width\":960,\"height\":960},{\"@type\":\"BreadcrumbList\",\"@id\":\"https:\/\/www.padreeustaquio.com.br\/devocao-a-padre-eustaquio-estampada-pelo-comercio\/#breadcrumb\",\"itemListElement\":[{\"@type\":\"ListItem\",\"position\":1,\"name\":\"In\u00edcio\",\"item\":\"https:\/\/www.padreeustaquio.com.br\/\"},{\"@type\":\"ListItem\",\"position\":2,\"name\":\"Devo\u00e7\u00e3o a Padre Eust\u00e1quio estampada pelo com\u00e9rcio\"}]},{\"@type\":\"WebSite\",\"@id\":\"https:\/\/www.padreeustaquio.com.br\/#website\",\"url\":\"https:\/\/www.padreeustaquio.com.br\/\",\"name\":\"Padre Eust\u00e1quio\",\"description\":\"Sa\u00fade e Paz\",\"publisher\":{\"@id\":\"https:\/\/www.padreeustaquio.com.br\/#organization\"},\"potentialAction\":[{\"@type\":\"SearchAction\",\"target\":{\"@type\":\"EntryPoint\",\"urlTemplate\":\"https:\/\/www.padreeustaquio.com.br\/?s={search_term_string}\"},\"query-input\":{\"@type\":\"PropertyValueSpecification\",\"valueRequired\":true,\"valueName\":\"search_term_string\"}}],\"inLanguage\":\"es\"},{\"@type\":\"Organization\",\"@id\":\"https:\/\/www.padreeustaquio.com.br\/#organization\",\"name\":\"Padre Eust\u00e1quio\",\"url\":\"https:\/\/www.padreeustaquio.com.br\/\",\"logo\":{\"@type\":\"ImageObject\",\"inLanguage\":\"es\",\"@id\":\"https:\/\/www.padreeustaquio.com.br\/#\/schema\/logo\/image\/\",\"url\":\"https:\/\/www.padreeustaquio.com.br\/wp-content\/uploads\/2019\/08\/marca.png\",\"contentUrl\":\"https:\/\/www.padreeustaquio.com.br\/wp-content\/uploads\/2019\/08\/marca.png\",\"width\":350,\"height\":400,\"caption\":\"Padre Eust\u00e1quio\"},\"image\":{\"@id\":\"https:\/\/www.padreeustaquio.com.br\/#\/schema\/logo\/image\/\"},\"sameAs\":[\"https:\/\/www.facebook.com\/beatopadreeustaquio\/\",\"https:\/\/x.com\/beatopeustaquio\",\"https:\/\/www.instagram.com\/beatopadreeustaquio\/\",\"https:\/\/www.youtube.com\/channel\/UCRhw7vfabnajwLxb1ZXMeIw\"]},{\"@type\":\"Person\",\"@id\":\"https:\/\/www.padreeustaquio.com.br\/#\/schema\/person\/a2a51db1d00f1a7af0204a0f1ddb1566\",\"name\":\"@sscc\",\"image\":{\"@type\":\"ImageObject\",\"inLanguage\":\"es\",\"@id\":\"https:\/\/secure.gravatar.com\/avatar\/68cfafa5f44617fea54071e215026e0ff06be366c3d54a8425f04fdcb86f8c5f?s=96&d=mm&r=g\",\"url\":\"https:\/\/secure.gravatar.com\/avatar\/68cfafa5f44617fea54071e215026e0ff06be366c3d54a8425f04fdcb86f8c5f?s=96&d=mm&r=g\",\"contentUrl\":\"https:\/\/secure.gravatar.com\/avatar\/68cfafa5f44617fea54071e215026e0ff06be366c3d54a8425f04fdcb86f8c5f?s=96&d=mm&r=g\",\"caption\":\"@sscc\"},\"url\":\"https:\/\/www.padreeustaquio.com.br\/es\/author\/sscc\/\"}]}<\/script>\n<!-- \/ Yoast SEO plugin. -->","yoast_head_json":{"title":"La devoci\u00f3n al Padre Eustace se refleja en el comercio - Padre Eustace","robots":{"index":"index","follow":"follow","max-snippet":"max-snippet:-1","max-image-preview":"max-image-preview:large","max-video-preview":"max-video-preview:-1"},"canonical":"https:\/\/www.padreeustaquio.com.br\/es\/la-devocion-al-padre-eustace-se-manifiesta-en-el-comercio\/","og_locale":"es_ES","og_type":"article","og_title":"Devo\u00e7\u00e3o a Padre Eust\u00e1quio estampada pelo com\u00e9rcio - Padre Eust\u00e1quio","og_description":"Quem anda pelas ruas do bairro Padre Eust\u00e1quio, em Belo Horizonte, j\u00e1 deve ter reparado na quantidade de estabelecimentos comerciais que recebem o nome em homenagem ao Bem-Aventurado. S\u00e3o v\u00e1rios segmentos, desde padaria, consult\u00f3rios odontol\u00f3gicos, lojas de alimentos at\u00e9 distribuidoras e vestu\u00e1rio. Muitos propriet\u00e1rios guardam consigo hist\u00f3rias relacionadas ao beato. Como \u00e9 o caso da Padaria Padre Eust\u00e1quio, em frente ao Santu\u00e1rio Sa\u00fade e Paz. Quando o pr\u00e9dio estava sendo constru\u00eddo, o Beato teria passado pela constru\u00e7\u00e3o e perguntado o que funcionaria no local. Quando recebeu a resposta que seria uma padaria, teria dito: &#8221; O p\u00e3o \u00e9 um alimento [&hellip;]","og_url":"https:\/\/www.padreeustaquio.com.br\/es\/la-devocion-al-padre-eustace-se-manifiesta-en-el-comercio\/","og_site_name":"Padre Eust\u00e1quio","article_publisher":"https:\/\/www.facebook.com\/beatopadreeustaquio\/","article_published_time":"2021-03-09T14:12:00+00:00","article_modified_time":"2021-03-09T14:12:03+00:00","og_image":[{"width":960,"height":960,"url":"https:\/\/www.padreeustaquio.com.br\/wp-content\/uploads\/2021\/03\/Padaria-Padre-Eustaquio.jpeg","type":"image\/jpeg"}],"author":"@sscc","twitter_card":"summary_large_image","twitter_creator":"@beatopeustaquio","twitter_site":"@beatopeustaquio","twitter_misc":{"Escrito por":"@sscc","Tiempo de lectura":"1 minuto"},"schema":{"@context":"https:\/\/schema.org","@graph":[{"@type":"Article","@id":"https:\/\/www.padreeustaquio.com.br\/devocao-a-padre-eustaquio-estampada-pelo-comercio\/#article","isPartOf":{"@id":"https:\/\/www.padreeustaquio.com.br\/devocao-a-padre-eustaquio-estampada-pelo-comercio\/"},"author":{"name":"@sscc","@id":"https:\/\/www.padreeustaquio.com.br\/#\/schema\/person\/a2a51db1d00f1a7af0204a0f1ddb1566"},"headline":"Devo\u00e7\u00e3o a Padre Eust\u00e1quio estampada pelo com\u00e9rcio","datePublished":"2021-03-09T14:12:00+00:00","dateModified":"2021-03-09T14:12:03+00:00","mainEntityOfPage":{"@id":"https:\/\/www.padreeustaquio.com.br\/devocao-a-padre-eustaquio-estampada-pelo-comercio\/"},"wordCount":249,"commentCount":0,"publisher":{"@id":"https:\/\/www.padreeustaquio.com.br\/#organization"},"image":{"@id":"https:\/\/www.padreeustaquio.com.br\/devocao-a-padre-eustaquio-estampada-pelo-comercio\/#primaryimage"},"thumbnailUrl":"https:\/\/www.padreeustaquio.com.br\/wp-content\/uploads\/2021\/03\/Padaria-Padre-Eustaquio.jpeg","articleSection":["Curiosidades","Not\u00edcias"],"inLanguage":"es","potentialAction":[{"@type":"CommentAction","name":"Comment","target":["https:\/\/www.padreeustaquio.com.br\/devocao-a-padre-eustaquio-estampada-pelo-comercio\/#respond"]}]},{"@type":"WebPage","@id":"https:\/\/www.padreeustaquio.com.br\/devocao-a-padre-eustaquio-estampada-pelo-comercio\/","url":"https:\/\/www.padreeustaquio.com.br\/devocao-a-padre-eustaquio-estampada-pelo-comercio\/","name":"La devoci\u00f3n al Padre Eustace se refleja en el comercio - Padre Eustace","isPartOf":{"@id":"https:\/\/www.padreeustaquio.com.br\/#website"},"primaryImageOfPage":{"@id":"https:\/\/www.padreeustaquio.com.br\/devocao-a-padre-eustaquio-estampada-pelo-comercio\/#primaryimage"},"image":{"@id":"https:\/\/www.padreeustaquio.com.br\/devocao-a-padre-eustaquio-estampada-pelo-comercio\/#primaryimage"},"thumbnailUrl":"https:\/\/www.padreeustaquio.com.br\/wp-content\/uploads\/2021\/03\/Padaria-Padre-Eustaquio.jpeg","datePublished":"2021-03-09T14:12:00+00:00","dateModified":"2021-03-09T14:12:03+00:00","breadcrumb":{"@id":"https:\/\/www.padreeustaquio.com.br\/devocao-a-padre-eustaquio-estampada-pelo-comercio\/#breadcrumb"},"inLanguage":"es","potentialAction":[{"@type":"ReadAction","target":["https:\/\/www.padreeustaquio.com.br\/devocao-a-padre-eustaquio-estampada-pelo-comercio\/"]}]},{"@type":"ImageObject","inLanguage":"es","@id":"https:\/\/www.padreeustaquio.com.br\/devocao-a-padre-eustaquio-estampada-pelo-comercio\/#primaryimage","url":"https:\/\/www.padreeustaquio.com.br\/wp-content\/uploads\/2021\/03\/Padaria-Padre-Eustaquio.jpeg","contentUrl":"https:\/\/www.padreeustaquio.com.br\/wp-content\/uploads\/2021\/03\/Padaria-Padre-Eustaquio.jpeg","width":960,"height":960},{"@type":"BreadcrumbList","@id":"https:\/\/www.padreeustaquio.com.br\/devocao-a-padre-eustaquio-estampada-pelo-comercio\/#breadcrumb","itemListElement":[{"@type":"ListItem","position":1,"name":"In\u00edcio","item":"https:\/\/www.padreeustaquio.com.br\/"},{"@type":"ListItem","position":2,"name":"Devo\u00e7\u00e3o a Padre Eust\u00e1quio estampada pelo com\u00e9rcio"}]},{"@type":"WebSite","@id":"https:\/\/www.padreeustaquio.com.br\/#website","url":"https:\/\/www.padreeustaquio.com.br\/","name":"Padre Eustace","description":"Salud y Paz","publisher":{"@id":"https:\/\/www.padreeustaquio.com.br\/#organization"},"potentialAction":[{"@type":"SearchAction","target":{"@type":"EntryPoint","urlTemplate":"https:\/\/www.padreeustaquio.com.br\/?s={search_term_string}"},"query-input":{"@type":"PropertyValueSpecification","valueRequired":true,"valueName":"search_term_string"}}],"inLanguage":"es"},{"@type":"Organization","@id":"https:\/\/www.padreeustaquio.com.br\/#organization","name":"Padre Eustace","url":"https:\/\/www.padreeustaquio.com.br\/","logo":{"@type":"ImageObject","inLanguage":"es","@id":"https:\/\/www.padreeustaquio.com.br\/#\/schema\/logo\/image\/","url":"https:\/\/www.padreeustaquio.com.br\/wp-content\/uploads\/2019\/08\/marca.png","contentUrl":"https:\/\/www.padreeustaquio.com.br\/wp-content\/uploads\/2019\/08\/marca.png","width":350,"height":400,"caption":"Padre Eust\u00e1quio"},"image":{"@id":"https:\/\/www.padreeustaquio.com.br\/#\/schema\/logo\/image\/"},"sameAs":["https:\/\/www.facebook.com\/beatopadreeustaquio\/","https:\/\/x.com\/beatopeustaquio","https:\/\/www.instagram.com\/beatopadreeustaquio\/","https:\/\/www.youtube.com\/channel\/UCRhw7vfabnajwLxb1ZXMeIw"]},{"@type":"Person","@id":"https:\/\/www.padreeustaquio.com.br\/#\/schema\/person\/a2a51db1d00f1a7af0204a0f1ddb1566","name":"@sscc","image":{"@type":"ImageObject","inLanguage":"es","@id":"https:\/\/secure.gravatar.com\/avatar\/68cfafa5f44617fea54071e215026e0ff06be366c3d54a8425f04fdcb86f8c5f?s=96&d=mm&r=g","url":"https:\/\/secure.gravatar.com\/avatar\/68cfafa5f44617fea54071e215026e0ff06be366c3d54a8425f04fdcb86f8c5f?s=96&d=mm&r=g","contentUrl":"https:\/\/secure.gravatar.com\/avatar\/68cfafa5f44617fea54071e215026e0ff06be366c3d54a8425f04fdcb86f8c5f?s=96&d=mm&r=g","caption":"@sscc"},"url":"https:\/\/www.padreeustaquio.com.br\/es\/author\/sscc\/"}]}},"_links":{"self":[{"href":"https:\/\/www.padreeustaquio.com.br\/es\/wp-json\/wp\/v2\/posts\/5232","targetHints":{"allow":["GET"]}}],"collection":[{"href":"https:\/\/www.padreeustaquio.com.br\/es\/wp-json\/wp\/v2\/posts"}],"about":[{"href":"https:\/\/www.padreeustaquio.com.br\/es\/wp-json\/wp\/v2\/types\/post"}],"author":[{"embeddable":true,"href":"https:\/\/www.padreeustaquio.com.br\/es\/wp-json\/wp\/v2\/users\/2"}],"replies":[{"embeddable":true,"href":"https:\/\/www.padreeustaquio.com.br\/es\/wp-json\/wp\/v2\/comments?post=5232"}],"version-history":[{"count":0,"href":"https:\/\/www.padreeustaquio.com.br\/es\/wp-json\/wp\/v2\/posts\/5232\/revisions"}],"wp:featuredmedia":[{"embeddable":true,"href":"https:\/\/www.padreeustaquio.com.br\/es\/wp-json\/wp\/v2\/media\/5234"}],"wp:attachment":[{"href":"https:\/\/www.padreeustaquio.com.br\/es\/wp-json\/wp\/v2\/media?parent=5232"}],"wp:term":[{"taxonomy":"category","embeddable":true,"href":"https:\/\/www.padreeustaquio.com.br\/es\/wp-json\/wp\/v2\/categories?post=5232"},{"taxonomy":"post_tag","embeddable":true,"href":"https:\/\/www.padreeustaquio.com.br\/es\/wp-json\/wp\/v2\/tags?post=5232"}],"curies":[{"name":"wp","href":"https:\/\/api.w.org\/{rel}","templated":true}]}}