{"id":5222,"date":"2021-03-07T10:53:56","date_gmt":"2021-03-07T13:53:56","guid":{"rendered":"https:\/\/www.padreeustaquio.com.br\/?p=5222"},"modified":"2021-03-07T10:53:58","modified_gmt":"2021-03-07T13:53:58","slug":"el-santuario-estara-cerrado-y-los-servicios-en-persona-estaran-suspendidos","status":"publish","type":"post","link":"https:\/\/www.padreeustaquio.com.br\/es\/el-santuario-estara-cerrado-y-los-servicios-en-persona-estaran-suspendidos\/","title":{"rendered":"ANUNCIO: El santuario estar\u00e1 cerrado y los servicios en persona estar\u00e1n suspendidos."},"content":{"rendered":"<p>Debido al agravamiento de la pandemia y de acuerdo con las directrices de la Arquidi\u00f3cesis y de la Municipalidad de Belo Horizonte, el Santuario de Salud y Paz permanecer\u00e1 cerrado a partir de este lunes 8 de marzo.<\/p>\n\n\n\n<p>Todos somos conscientes del empeoramiento de la pandemia y, como medida de precauci\u00f3n y por el cuidado de la salud y la vida de todos, necesitamos adaptar nuestras instalaciones para seguir brindando servicios religiosos.<\/p>\n\n\n\n<p>La iglesia y todos los servicios, incluidas las celebraciones en persona, las confesiones, las velas votivas, el memorial, el bazar, la oficina parroquial y la tienda de regalos, permanecer\u00e1n cerrados durante unos d\u00edas para garantizar el cumplimiento de las normas establecidas por las autoridades municipales, as\u00ed como las directrices de la Arquidi\u00f3cesis.<\/p>\n\n\n\n<p>Todas las transmisiones diarias continuar\u00e1n a trav\u00e9s del Canal Padre Eust\u00e1quio en YouTube. Comunicaremos la informaci\u00f3n sobre la reapertura a trav\u00e9s de estas transmisiones y aqu\u00ed en el sitio web.<\/p>\n\n\n\n<p>Seguimos unidos y comprometidos con acciones para garantizar la SALUD y la PAZ.<\/p>","protected":false},"excerpt":{"rendered":"<p>Com o agravamento da pandemia e atentos \u00e0s determina\u00e7\u00f5es da Arquidiocese e do Munic\u00edpio de Belo Horizonte, o Santu\u00e1rio Sa\u00fade e Paz ser\u00e1 fechado a partir desta segunda, dia 08 de mar\u00e7o. Todos estamos conscientes do agravamento da pandemia e por precau\u00e7\u00e3o e cuidado com a sa\u00fade e a vida de todos precisamos adequar nossas instala\u00e7\u00f5es para continuar com a acolhida religiosa. A igreja e todos os servi\u00e7os como celebra\u00e7\u00f5es presenciais, confiss\u00f5es, vel\u00e1rio, memorial, bazar, secretaria e lojinha permanecer\u00e3o fechados por alguns dias, para garantir o atendimento \u00e0s regras previstas pelas autoridades do munic\u00edpio bem como as orienta\u00e7\u00f5es da Arquidiocese [&hellip;]<\/p>\n","protected":false},"author":2,"featured_media":5223,"comment_status":"open","ping_status":"open","sticky":false,"template":"","format":"standard","meta":{"_acf_changed":false,"footnotes":""},"categories":[611],"tags":[],"class_list":["post-5222","post","type-post","status-publish","format-standard","has-post-thumbnail","hentry","category-noticias"],"acf":[],"yoast_head":"<!-- This site is optimized with the Yoast SEO plugin v27.2 - https:\/\/yoast.com\/product\/yoast-seo-wordpress\/ -->\n<title>COMUNICADO: Santu\u00e1rio ficar\u00e1 fechado e servi\u00e7os presenciais est\u00e3o suspensos - Padre Eust\u00e1quio<\/title>\n<meta name=\"robots\" content=\"index, follow, max-snippet:-1, max-image-preview:large, max-video-preview:-1\" \/>\n<link rel=\"canonical\" href=\"https:\/\/www.padreeustaquio.com.br\/es\/el-santuario-estara-cerrado-y-los-servicios-en-persona-estaran-suspendidos\/\" \/>\n<meta property=\"og:locale\" content=\"es_ES\" \/>\n<meta property=\"og:type\" content=\"article\" \/>\n<meta property=\"og:title\" content=\"COMUNICADO: Santu\u00e1rio ficar\u00e1 fechado e servi\u00e7os presenciais est\u00e3o suspensos - Padre Eust\u00e1quio\" \/>\n<meta property=\"og:description\" content=\"Com o agravamento da pandemia e atentos \u00e0s determina\u00e7\u00f5es da Arquidiocese e do Munic\u00edpio de Belo Horizonte, o Santu\u00e1rio Sa\u00fade e Paz ser\u00e1 fechado a partir desta segunda, dia 08 de mar\u00e7o. Todos estamos conscientes do agravamento da pandemia e por precau\u00e7\u00e3o e cuidado com a sa\u00fade e a vida de todos precisamos adequar nossas instala\u00e7\u00f5es para continuar com a acolhida religiosa. A igreja e todos os servi\u00e7os como celebra\u00e7\u00f5es presenciais, confiss\u00f5es, vel\u00e1rio, memorial, bazar, secretaria e lojinha permanecer\u00e3o fechados por alguns dias, para garantir o atendimento \u00e0s regras previstas pelas autoridades do munic\u00edpio bem como as orienta\u00e7\u00f5es da Arquidiocese [&hellip;]\" \/>\n<meta property=\"og:url\" content=\"https:\/\/www.padreeustaquio.com.br\/es\/el-santuario-estara-cerrado-y-los-servicios-en-persona-estaran-suspendidos\/\" \/>\n<meta property=\"og:site_name\" content=\"Padre Eust\u00e1quio\" \/>\n<meta property=\"article:publisher\" content=\"https:\/\/www.facebook.com\/beatopadreeustaquio\/\" \/>\n<meta property=\"article:published_time\" content=\"2021-03-07T13:53:56+00:00\" \/>\n<meta property=\"article:modified_time\" content=\"2021-03-07T13:53:58+00:00\" \/>\n<meta property=\"og:image\" content=\"https:\/\/www.padreeustaquio.com.br\/wp-content\/uploads\/2021\/03\/Novo-fechamento.jpg\" \/>\n\t<meta property=\"og:image:width\" content=\"748\" \/>\n\t<meta property=\"og:image:height\" content=\"394\" \/>\n\t<meta property=\"og:image:type\" content=\"image\/jpeg\" \/>\n<meta name=\"author\" content=\"@sscc\" \/>\n<meta name=\"twitter:card\" content=\"summary_large_image\" \/>\n<meta name=\"twitter:creator\" content=\"@beatopeustaquio\" \/>\n<meta name=\"twitter:site\" content=\"@beatopeustaquio\" \/>\n<meta name=\"twitter:label1\" content=\"Escrito por\" \/>\n\t<meta name=\"twitter:data1\" content=\"@sscc\" \/>\n\t<meta name=\"twitter:label2\" content=\"Tiempo de lectura\" \/>\n\t<meta name=\"twitter:data2\" content=\"1 minuto\" \/>\n<script type=\"application\/ld+json\" class=\"yoast-schema-graph\">{\"@context\":\"https:\/\/schema.org\",\"@graph\":[{\"@type\":\"Article\",\"@id\":\"https:\/\/www.padreeustaquio.com.br\/comunicado-santuario-ficara-fechado-e-servicos-presenciais-estao-suspensos\/#article\",\"isPartOf\":{\"@id\":\"https:\/\/www.padreeustaquio.com.br\/comunicado-santuario-ficara-fechado-e-servicos-presenciais-estao-suspensos\/\"},\"author\":{\"name\":\"@sscc\",\"@id\":\"https:\/\/www.padreeustaquio.com.br\/#\/schema\/person\/a2a51db1d00f1a7af0204a0f1ddb1566\"},\"headline\":\"COMUNICADO: Santu\u00e1rio ficar\u00e1 fechado e servi\u00e7os presenciais est\u00e3o suspensos\",\"datePublished\":\"2021-03-07T13:53:56+00:00\",\"dateModified\":\"2021-03-07T13:53:58+00:00\",\"mainEntityOfPage\":{\"@id\":\"https:\/\/www.padreeustaquio.com.br\/comunicado-santuario-ficara-fechado-e-servicos-presenciais-estao-suspensos\/\"},\"wordCount\":167,\"commentCount\":0,\"publisher\":{\"@id\":\"https:\/\/www.padreeustaquio.com.br\/#organization\"},\"image\":{\"@id\":\"https:\/\/www.padreeustaquio.com.br\/comunicado-santuario-ficara-fechado-e-servicos-presenciais-estao-suspensos\/#primaryimage\"},\"thumbnailUrl\":\"https:\/\/www.padreeustaquio.com.br\/wp-content\/uploads\/2021\/03\/Novo-fechamento.jpg\",\"articleSection\":[\"Not\u00edcias\"],\"inLanguage\":\"es\",\"potentialAction\":[{\"@type\":\"CommentAction\",\"name\":\"Comment\",\"target\":[\"https:\/\/www.padreeustaquio.com.br\/comunicado-santuario-ficara-fechado-e-servicos-presenciais-estao-suspensos\/#respond\"]}]},{\"@type\":\"WebPage\",\"@id\":\"https:\/\/www.padreeustaquio.com.br\/comunicado-santuario-ficara-fechado-e-servicos-presenciais-estao-suspensos\/\",\"url\":\"https:\/\/www.padreeustaquio.com.br\/comunicado-santuario-ficara-fechado-e-servicos-presenciais-estao-suspensos\/\",\"name\":\"COMUNICADO: Santu\u00e1rio ficar\u00e1 fechado e servi\u00e7os presenciais est\u00e3o suspensos - Padre Eust\u00e1quio\",\"isPartOf\":{\"@id\":\"https:\/\/www.padreeustaquio.com.br\/#website\"},\"primaryImageOfPage\":{\"@id\":\"https:\/\/www.padreeustaquio.com.br\/comunicado-santuario-ficara-fechado-e-servicos-presenciais-estao-suspensos\/#primaryimage\"},\"image\":{\"@id\":\"https:\/\/www.padreeustaquio.com.br\/comunicado-santuario-ficara-fechado-e-servicos-presenciais-estao-suspensos\/#primaryimage\"},\"thumbnailUrl\":\"https:\/\/www.padreeustaquio.com.br\/wp-content\/uploads\/2021\/03\/Novo-fechamento.jpg\",\"datePublished\":\"2021-03-07T13:53:56+00:00\",\"dateModified\":\"2021-03-07T13:53:58+00:00\",\"breadcrumb\":{\"@id\":\"https:\/\/www.padreeustaquio.com.br\/comunicado-santuario-ficara-fechado-e-servicos-presenciais-estao-suspensos\/#breadcrumb\"},\"inLanguage\":\"es\",\"potentialAction\":[{\"@type\":\"ReadAction\",\"target\":[\"https:\/\/www.padreeustaquio.com.br\/comunicado-santuario-ficara-fechado-e-servicos-presenciais-estao-suspensos\/\"]}]},{\"@type\":\"ImageObject\",\"inLanguage\":\"es\",\"@id\":\"https:\/\/www.padreeustaquio.com.br\/comunicado-santuario-ficara-fechado-e-servicos-presenciais-estao-suspensos\/#primaryimage\",\"url\":\"https:\/\/www.padreeustaquio.com.br\/wp-content\/uploads\/2021\/03\/Novo-fechamento.jpg\",\"contentUrl\":\"https:\/\/www.padreeustaquio.com.br\/wp-content\/uploads\/2021\/03\/Novo-fechamento.jpg\",\"width\":748,\"height\":394},{\"@type\":\"BreadcrumbList\",\"@id\":\"https:\/\/www.padreeustaquio.com.br\/comunicado-santuario-ficara-fechado-e-servicos-presenciais-estao-suspensos\/#breadcrumb\",\"itemListElement\":[{\"@type\":\"ListItem\",\"position\":1,\"name\":\"In\u00edcio\",\"item\":\"https:\/\/www.padreeustaquio.com.br\/\"},{\"@type\":\"ListItem\",\"position\":2,\"name\":\"COMUNICADO: Santu\u00e1rio ficar\u00e1 fechado e servi\u00e7os presenciais est\u00e3o suspensos\"}]},{\"@type\":\"WebSite\",\"@id\":\"https:\/\/www.padreeustaquio.com.br\/#website\",\"url\":\"https:\/\/www.padreeustaquio.com.br\/\",\"name\":\"Padre Eust\u00e1quio\",\"description\":\"Sa\u00fade e Paz\",\"publisher\":{\"@id\":\"https:\/\/www.padreeustaquio.com.br\/#organization\"},\"potentialAction\":[{\"@type\":\"SearchAction\",\"target\":{\"@type\":\"EntryPoint\",\"urlTemplate\":\"https:\/\/www.padreeustaquio.com.br\/?s={search_term_string}\"},\"query-input\":{\"@type\":\"PropertyValueSpecification\",\"valueRequired\":true,\"valueName\":\"search_term_string\"}}],\"inLanguage\":\"es\"},{\"@type\":\"Organization\",\"@id\":\"https:\/\/www.padreeustaquio.com.br\/#organization\",\"name\":\"Padre Eust\u00e1quio\",\"url\":\"https:\/\/www.padreeustaquio.com.br\/\",\"logo\":{\"@type\":\"ImageObject\",\"inLanguage\":\"es\",\"@id\":\"https:\/\/www.padreeustaquio.com.br\/#\/schema\/logo\/image\/\",\"url\":\"https:\/\/www.padreeustaquio.com.br\/wp-content\/uploads\/2019\/08\/marca.png\",\"contentUrl\":\"https:\/\/www.padreeustaquio.com.br\/wp-content\/uploads\/2019\/08\/marca.png\",\"width\":350,\"height\":400,\"caption\":\"Padre Eust\u00e1quio\"},\"image\":{\"@id\":\"https:\/\/www.padreeustaquio.com.br\/#\/schema\/logo\/image\/\"},\"sameAs\":[\"https:\/\/www.facebook.com\/beatopadreeustaquio\/\",\"https:\/\/x.com\/beatopeustaquio\",\"https:\/\/www.instagram.com\/beatopadreeustaquio\/\",\"https:\/\/www.youtube.com\/channel\/UCRhw7vfabnajwLxb1ZXMeIw\"]},{\"@type\":\"Person\",\"@id\":\"https:\/\/www.padreeustaquio.com.br\/#\/schema\/person\/a2a51db1d00f1a7af0204a0f1ddb1566\",\"name\":\"@sscc\",\"image\":{\"@type\":\"ImageObject\",\"inLanguage\":\"es\",\"@id\":\"https:\/\/secure.gravatar.com\/avatar\/68cfafa5f44617fea54071e215026e0ff06be366c3d54a8425f04fdcb86f8c5f?s=96&d=mm&r=g\",\"url\":\"https:\/\/secure.gravatar.com\/avatar\/68cfafa5f44617fea54071e215026e0ff06be366c3d54a8425f04fdcb86f8c5f?s=96&d=mm&r=g\",\"contentUrl\":\"https:\/\/secure.gravatar.com\/avatar\/68cfafa5f44617fea54071e215026e0ff06be366c3d54a8425f04fdcb86f8c5f?s=96&d=mm&r=g\",\"caption\":\"@sscc\"},\"url\":\"https:\/\/www.padreeustaquio.com.br\/es\/author\/sscc\/\"}]}<\/script>\n<!-- \/ Yoast SEO plugin. -->","yoast_head_json":{"title":"ANUNCIO: El Santuario estar\u00e1 cerrado y los servicios presenciales est\u00e1n suspendidos - Padre Eust\u00e1quio","robots":{"index":"index","follow":"follow","max-snippet":"max-snippet:-1","max-image-preview":"max-image-preview:large","max-video-preview":"max-video-preview:-1"},"canonical":"https:\/\/www.padreeustaquio.com.br\/es\/el-santuario-estara-cerrado-y-los-servicios-en-persona-estaran-suspendidos\/","og_locale":"es_ES","og_type":"article","og_title":"COMUNICADO: Santu\u00e1rio ficar\u00e1 fechado e servi\u00e7os presenciais est\u00e3o suspensos - Padre Eust\u00e1quio","og_description":"Com o agravamento da pandemia e atentos \u00e0s determina\u00e7\u00f5es da Arquidiocese e do Munic\u00edpio de Belo Horizonte, o Santu\u00e1rio Sa\u00fade e Paz ser\u00e1 fechado a partir desta segunda, dia 08 de mar\u00e7o. Todos estamos conscientes do agravamento da pandemia e por precau\u00e7\u00e3o e cuidado com a sa\u00fade e a vida de todos precisamos adequar nossas instala\u00e7\u00f5es para continuar com a acolhida religiosa. A igreja e todos os servi\u00e7os como celebra\u00e7\u00f5es presenciais, confiss\u00f5es, vel\u00e1rio, memorial, bazar, secretaria e lojinha permanecer\u00e3o fechados por alguns dias, para garantir o atendimento \u00e0s regras previstas pelas autoridades do munic\u00edpio bem como as orienta\u00e7\u00f5es da Arquidiocese [&hellip;]","og_url":"https:\/\/www.padreeustaquio.com.br\/es\/el-santuario-estara-cerrado-y-los-servicios-en-persona-estaran-suspendidos\/","og_site_name":"Padre Eust\u00e1quio","article_publisher":"https:\/\/www.facebook.com\/beatopadreeustaquio\/","article_published_time":"2021-03-07T13:53:56+00:00","article_modified_time":"2021-03-07T13:53:58+00:00","og_image":[{"width":748,"height":394,"url":"https:\/\/www.padreeustaquio.com.br\/wp-content\/uploads\/2021\/03\/Novo-fechamento.jpg","type":"image\/jpeg"}],"author":"@sscc","twitter_card":"summary_large_image","twitter_creator":"@beatopeustaquio","twitter_site":"@beatopeustaquio","twitter_misc":{"Escrito por":"@sscc","Tiempo de lectura":"1 minuto"},"schema":{"@context":"https:\/\/schema.org","@graph":[{"@type":"Article","@id":"https:\/\/www.padreeustaquio.com.br\/comunicado-santuario-ficara-fechado-e-servicos-presenciais-estao-suspensos\/#article","isPartOf":{"@id":"https:\/\/www.padreeustaquio.com.br\/comunicado-santuario-ficara-fechado-e-servicos-presenciais-estao-suspensos\/"},"author":{"name":"@sscc","@id":"https:\/\/www.padreeustaquio.com.br\/#\/schema\/person\/a2a51db1d00f1a7af0204a0f1ddb1566"},"headline":"COMUNICADO: Santu\u00e1rio ficar\u00e1 fechado e servi\u00e7os presenciais est\u00e3o suspensos","datePublished":"2021-03-07T13:53:56+00:00","dateModified":"2021-03-07T13:53:58+00:00","mainEntityOfPage":{"@id":"https:\/\/www.padreeustaquio.com.br\/comunicado-santuario-ficara-fechado-e-servicos-presenciais-estao-suspensos\/"},"wordCount":167,"commentCount":0,"publisher":{"@id":"https:\/\/www.padreeustaquio.com.br\/#organization"},"image":{"@id":"https:\/\/www.padreeustaquio.com.br\/comunicado-santuario-ficara-fechado-e-servicos-presenciais-estao-suspensos\/#primaryimage"},"thumbnailUrl":"https:\/\/www.padreeustaquio.com.br\/wp-content\/uploads\/2021\/03\/Novo-fechamento.jpg","articleSection":["Not\u00edcias"],"inLanguage":"es","potentialAction":[{"@type":"CommentAction","name":"Comment","target":["https:\/\/www.padreeustaquio.com.br\/comunicado-santuario-ficara-fechado-e-servicos-presenciais-estao-suspensos\/#respond"]}]},{"@type":"WebPage","@id":"https:\/\/www.padreeustaquio.com.br\/comunicado-santuario-ficara-fechado-e-servicos-presenciais-estao-suspensos\/","url":"https:\/\/www.padreeustaquio.com.br\/comunicado-santuario-ficara-fechado-e-servicos-presenciais-estao-suspensos\/","name":"ANUNCIO: El Santuario estar\u00e1 cerrado y los servicios presenciales est\u00e1n suspendidos - Padre Eust\u00e1quio","isPartOf":{"@id":"https:\/\/www.padreeustaquio.com.br\/#website"},"primaryImageOfPage":{"@id":"https:\/\/www.padreeustaquio.com.br\/comunicado-santuario-ficara-fechado-e-servicos-presenciais-estao-suspensos\/#primaryimage"},"image":{"@id":"https:\/\/www.padreeustaquio.com.br\/comunicado-santuario-ficara-fechado-e-servicos-presenciais-estao-suspensos\/#primaryimage"},"thumbnailUrl":"https:\/\/www.padreeustaquio.com.br\/wp-content\/uploads\/2021\/03\/Novo-fechamento.jpg","datePublished":"2021-03-07T13:53:56+00:00","dateModified":"2021-03-07T13:53:58+00:00","breadcrumb":{"@id":"https:\/\/www.padreeustaquio.com.br\/comunicado-santuario-ficara-fechado-e-servicos-presenciais-estao-suspensos\/#breadcrumb"},"inLanguage":"es","potentialAction":[{"@type":"ReadAction","target":["https:\/\/www.padreeustaquio.com.br\/comunicado-santuario-ficara-fechado-e-servicos-presenciais-estao-suspensos\/"]}]},{"@type":"ImageObject","inLanguage":"es","@id":"https:\/\/www.padreeustaquio.com.br\/comunicado-santuario-ficara-fechado-e-servicos-presenciais-estao-suspensos\/#primaryimage","url":"https:\/\/www.padreeustaquio.com.br\/wp-content\/uploads\/2021\/03\/Novo-fechamento.jpg","contentUrl":"https:\/\/www.padreeustaquio.com.br\/wp-content\/uploads\/2021\/03\/Novo-fechamento.jpg","width":748,"height":394},{"@type":"BreadcrumbList","@id":"https:\/\/www.padreeustaquio.com.br\/comunicado-santuario-ficara-fechado-e-servicos-presenciais-estao-suspensos\/#breadcrumb","itemListElement":[{"@type":"ListItem","position":1,"name":"In\u00edcio","item":"https:\/\/www.padreeustaquio.com.br\/"},{"@type":"ListItem","position":2,"name":"COMUNICADO: Santu\u00e1rio ficar\u00e1 fechado e servi\u00e7os presenciais est\u00e3o suspensos"}]},{"@type":"WebSite","@id":"https:\/\/www.padreeustaquio.com.br\/#website","url":"https:\/\/www.padreeustaquio.com.br\/","name":"Padre Eustace","description":"Salud y Paz","publisher":{"@id":"https:\/\/www.padreeustaquio.com.br\/#organization"},"potentialAction":[{"@type":"SearchAction","target":{"@type":"EntryPoint","urlTemplate":"https:\/\/www.padreeustaquio.com.br\/?s={search_term_string}"},"query-input":{"@type":"PropertyValueSpecification","valueRequired":true,"valueName":"search_term_string"}}],"inLanguage":"es"},{"@type":"Organization","@id":"https:\/\/www.padreeustaquio.com.br\/#organization","name":"Padre Eustace","url":"https:\/\/www.padreeustaquio.com.br\/","logo":{"@type":"ImageObject","inLanguage":"es","@id":"https:\/\/www.padreeustaquio.com.br\/#\/schema\/logo\/image\/","url":"https:\/\/www.padreeustaquio.com.br\/wp-content\/uploads\/2019\/08\/marca.png","contentUrl":"https:\/\/www.padreeustaquio.com.br\/wp-content\/uploads\/2019\/08\/marca.png","width":350,"height":400,"caption":"Padre Eust\u00e1quio"},"image":{"@id":"https:\/\/www.padreeustaquio.com.br\/#\/schema\/logo\/image\/"},"sameAs":["https:\/\/www.facebook.com\/beatopadreeustaquio\/","https:\/\/x.com\/beatopeustaquio","https:\/\/www.instagram.com\/beatopadreeustaquio\/","https:\/\/www.youtube.com\/channel\/UCRhw7vfabnajwLxb1ZXMeIw"]},{"@type":"Person","@id":"https:\/\/www.padreeustaquio.com.br\/#\/schema\/person\/a2a51db1d00f1a7af0204a0f1ddb1566","name":"@sscc","image":{"@type":"ImageObject","inLanguage":"es","@id":"https:\/\/secure.gravatar.com\/avatar\/68cfafa5f44617fea54071e215026e0ff06be366c3d54a8425f04fdcb86f8c5f?s=96&d=mm&r=g","url":"https:\/\/secure.gravatar.com\/avatar\/68cfafa5f44617fea54071e215026e0ff06be366c3d54a8425f04fdcb86f8c5f?s=96&d=mm&r=g","contentUrl":"https:\/\/secure.gravatar.com\/avatar\/68cfafa5f44617fea54071e215026e0ff06be366c3d54a8425f04fdcb86f8c5f?s=96&d=mm&r=g","caption":"@sscc"},"url":"https:\/\/www.padreeustaquio.com.br\/es\/author\/sscc\/"}]}},"_links":{"self":[{"href":"https:\/\/www.padreeustaquio.com.br\/es\/wp-json\/wp\/v2\/posts\/5222","targetHints":{"allow":["GET"]}}],"collection":[{"href":"https:\/\/www.padreeustaquio.com.br\/es\/wp-json\/wp\/v2\/posts"}],"about":[{"href":"https:\/\/www.padreeustaquio.com.br\/es\/wp-json\/wp\/v2\/types\/post"}],"author":[{"embeddable":true,"href":"https:\/\/www.padreeustaquio.com.br\/es\/wp-json\/wp\/v2\/users\/2"}],"replies":[{"embeddable":true,"href":"https:\/\/www.padreeustaquio.com.br\/es\/wp-json\/wp\/v2\/comments?post=5222"}],"version-history":[{"count":0,"href":"https:\/\/www.padreeustaquio.com.br\/es\/wp-json\/wp\/v2\/posts\/5222\/revisions"}],"wp:featuredmedia":[{"embeddable":true,"href":"https:\/\/www.padreeustaquio.com.br\/es\/wp-json\/wp\/v2\/media\/5223"}],"wp:attachment":[{"href":"https:\/\/www.padreeustaquio.com.br\/es\/wp-json\/wp\/v2\/media?parent=5222"}],"wp:term":[{"taxonomy":"category","embeddable":true,"href":"https:\/\/www.padreeustaquio.com.br\/es\/wp-json\/wp\/v2\/categories?post=5222"},{"taxonomy":"post_tag","embeddable":true,"href":"https:\/\/www.padreeustaquio.com.br\/es\/wp-json\/wp\/v2\/tags?post=5222"}],"curies":[{"name":"wp","href":"https:\/\/api.w.org\/{rel}","templated":true}]}}