{"id":5203,"date":"2021-03-03T19:53:41","date_gmt":"2021-03-03T22:53:41","guid":{"rendered":"https:\/\/www.padreeustaquio.com.br\/?p=5203"},"modified":"2021-03-03T19:59:55","modified_gmt":"2021-03-03T22:59:55","slug":"sacerdotes-del-santuario-de-salud-y-paz-comienzan-a-recibir-vacunas-contra-el-covid-19","status":"publish","type":"post","link":"https:\/\/www.padreeustaquio.com.br\/es\/sacerdotes-del-santuario-de-salud-y-paz-comienzan-a-recibir-vacunas-contra-el-covid-19\/","title":{"rendered":"Sacerdotes del Santuario de Salud y Paz comienzan a recibir vacunas contra el Covid-19."},"content":{"rendered":"<p>Dos sacerdotes del Santuario de Salud y Paz, la iglesia del Padre Eust\u00e1quio, recibieron su primera dosis de la vacuna contra el coronavirus este mi\u00e9rcoles 3 de marzo. El Padre Henrique y el Padre Alcides tienen 85 a\u00f1os y, por lo tanto, ya pueden vacunarse. <\/p>\n\n\n\n<p>La dosis est\u00e1 incluida en el calendario de vacunaci\u00f3n de la Alcald\u00eda de Belo Horizonte. Como parte del programa de inmunizaci\u00f3n, las personas mayores de entre 80 y 85 a\u00f1os recibir\u00e1n las dosis a partir de hoy. <\/p>\n\n\n\n<p>La vacunaci\u00f3n se realizar\u00e1 en todos los centros de salud de Belo Horizonte, entre las 7:30 y las 15:30. El per\u00edodo de vacunaci\u00f3n para este grupo de edad es hasta el 12 de marzo. Quienes se vacunen deben presentar un documento de identidad, el CPF (N\u00famero de Identificaci\u00f3n Fiscal Brasile\u00f1o), un comprobante de domicilio y seguir todas las medidas de prevenci\u00f3n de enfermedades.<\/p>","protected":false},"excerpt":{"rendered":"<p>Dois padres do Santu\u00e1rio Sa\u00fade e Paz, a igreja do Padre Eust\u00e1quio, receberam a primeira dose da vacina contra o Coronav\u00edrus nesta quarta-feira, dia 3 de mar\u00e7o. Padre Henrique e Padre Alcides t\u00eam 85 anos, e por isso, j\u00e1 t\u00eam direito a ser imunizados. A dose est\u00e1 prevista no calend\u00e1rio de vacina\u00e7\u00e3o da Prefeitura de Belo Horizonte. Dentro da agenda de imuniza\u00e7\u00e3o, receber\u00e3o as doses a partir de hoje, idosos entre 80 e 85 anos. A vacina\u00e7\u00e3o ser\u00e1 realizada em todos os centros de sa\u00fade de Belo Horizonte, entre \u00e0s 7:30 e 15:30 horas. O prazo de vacina\u00e7\u00e3o para essa [&hellip;]<\/p>\n","protected":false},"author":2,"featured_media":5204,"comment_status":"open","ping_status":"open","sticky":false,"template":"","format":"standard","meta":{"_acf_changed":false,"footnotes":""},"categories":[611],"tags":[],"class_list":["post-5203","post","type-post","status-publish","format-standard","has-post-thumbnail","hentry","category-noticias"],"acf":[],"yoast_head":"<!-- This site is optimized with the Yoast SEO plugin v27.2 - https:\/\/yoast.com\/product\/yoast-seo-wordpress\/ -->\n<title>Padres do Santu\u00e1rio Sa\u00fade e Paz come\u00e7am a ser vacinados contra a Covid-19 - Padre Eust\u00e1quio<\/title>\n<meta name=\"robots\" content=\"index, follow, max-snippet:-1, max-image-preview:large, max-video-preview:-1\" \/>\n<link rel=\"canonical\" href=\"https:\/\/www.padreeustaquio.com.br\/es\/sacerdotes-del-santuario-de-salud-y-paz-comienzan-a-recibir-vacunas-contra-el-covid-19\/\" \/>\n<meta property=\"og:locale\" content=\"es_ES\" \/>\n<meta property=\"og:type\" content=\"article\" \/>\n<meta property=\"og:title\" content=\"Padres do Santu\u00e1rio Sa\u00fade e Paz come\u00e7am a ser vacinados contra a Covid-19 - Padre Eust\u00e1quio\" \/>\n<meta property=\"og:description\" content=\"Dois padres do Santu\u00e1rio Sa\u00fade e Paz, a igreja do Padre Eust\u00e1quio, receberam a primeira dose da vacina contra o Coronav\u00edrus nesta quarta-feira, dia 3 de mar\u00e7o. Padre Henrique e Padre Alcides t\u00eam 85 anos, e por isso, j\u00e1 t\u00eam direito a ser imunizados. A dose est\u00e1 prevista no calend\u00e1rio de vacina\u00e7\u00e3o da Prefeitura de Belo Horizonte. Dentro da agenda de imuniza\u00e7\u00e3o, receber\u00e3o as doses a partir de hoje, idosos entre 80 e 85 anos. A vacina\u00e7\u00e3o ser\u00e1 realizada em todos os centros de sa\u00fade de Belo Horizonte, entre \u00e0s 7:30 e 15:30 horas. O prazo de vacina\u00e7\u00e3o para essa [&hellip;]\" \/>\n<meta property=\"og:url\" content=\"https:\/\/www.padreeustaquio.com.br\/es\/sacerdotes-del-santuario-de-salud-y-paz-comienzan-a-recibir-vacunas-contra-el-covid-19\/\" \/>\n<meta property=\"og:site_name\" content=\"Padre Eust\u00e1quio\" \/>\n<meta property=\"article:publisher\" content=\"https:\/\/www.facebook.com\/beatopadreeustaquio\/\" \/>\n<meta property=\"article:published_time\" content=\"2021-03-03T22:53:41+00:00\" \/>\n<meta property=\"article:modified_time\" content=\"2021-03-03T22:59:55+00:00\" \/>\n<meta property=\"og:image\" content=\"https:\/\/www.padreeustaquio.com.br\/wp-content\/uploads\/2021\/03\/Padres-Vacinados.jpeg\" \/>\n\t<meta property=\"og:image:width\" content=\"1140\" \/>\n\t<meta property=\"og:image:height\" content=\"594\" \/>\n\t<meta property=\"og:image:type\" content=\"image\/jpeg\" \/>\n<meta name=\"author\" content=\"@sscc\" \/>\n<meta name=\"twitter:card\" content=\"summary_large_image\" \/>\n<meta name=\"twitter:creator\" content=\"@beatopeustaquio\" \/>\n<meta name=\"twitter:site\" content=\"@beatopeustaquio\" \/>\n<meta name=\"twitter:label1\" content=\"Escrito por\" \/>\n\t<meta name=\"twitter:data1\" content=\"@sscc\" \/>\n\t<meta name=\"twitter:label2\" content=\"Tiempo de lectura\" \/>\n\t<meta name=\"twitter:data2\" content=\"1 minuto\" \/>\n<script type=\"application\/ld+json\" class=\"yoast-schema-graph\">{\"@context\":\"https:\/\/schema.org\",\"@graph\":[{\"@type\":\"Article\",\"@id\":\"https:\/\/www.padreeustaquio.com.br\/padres-do-santuario-saude-e-paz-comecam-a-ser-vacinados-contra-o-covid-19\/#article\",\"isPartOf\":{\"@id\":\"https:\/\/www.padreeustaquio.com.br\/padres-do-santuario-saude-e-paz-comecam-a-ser-vacinados-contra-o-covid-19\/\"},\"author\":{\"name\":\"@sscc\",\"@id\":\"https:\/\/www.padreeustaquio.com.br\/#\/schema\/person\/a2a51db1d00f1a7af0204a0f1ddb1566\"},\"headline\":\"Padres do Santu\u00e1rio Sa\u00fade e Paz come\u00e7am a ser vacinados contra a Covid-19\",\"datePublished\":\"2021-03-03T22:53:41+00:00\",\"dateModified\":\"2021-03-03T22:59:55+00:00\",\"mainEntityOfPage\":{\"@id\":\"https:\/\/www.padreeustaquio.com.br\/padres-do-santuario-saude-e-paz-comecam-a-ser-vacinados-contra-o-covid-19\/\"},\"wordCount\":159,\"commentCount\":0,\"publisher\":{\"@id\":\"https:\/\/www.padreeustaquio.com.br\/#organization\"},\"image\":{\"@id\":\"https:\/\/www.padreeustaquio.com.br\/padres-do-santuario-saude-e-paz-comecam-a-ser-vacinados-contra-o-covid-19\/#primaryimage\"},\"thumbnailUrl\":\"https:\/\/www.padreeustaquio.com.br\/wp-content\/uploads\/2021\/03\/Padres-Vacinados.jpeg\",\"articleSection\":[\"Not\u00edcias\"],\"inLanguage\":\"es\",\"potentialAction\":[{\"@type\":\"CommentAction\",\"name\":\"Comment\",\"target\":[\"https:\/\/www.padreeustaquio.com.br\/padres-do-santuario-saude-e-paz-comecam-a-ser-vacinados-contra-o-covid-19\/#respond\"]}]},{\"@type\":\"WebPage\",\"@id\":\"https:\/\/www.padreeustaquio.com.br\/padres-do-santuario-saude-e-paz-comecam-a-ser-vacinados-contra-o-covid-19\/\",\"url\":\"https:\/\/www.padreeustaquio.com.br\/padres-do-santuario-saude-e-paz-comecam-a-ser-vacinados-contra-o-covid-19\/\",\"name\":\"Padres do Santu\u00e1rio Sa\u00fade e Paz come\u00e7am a ser vacinados contra a Covid-19 - Padre Eust\u00e1quio\",\"isPartOf\":{\"@id\":\"https:\/\/www.padreeustaquio.com.br\/#website\"},\"primaryImageOfPage\":{\"@id\":\"https:\/\/www.padreeustaquio.com.br\/padres-do-santuario-saude-e-paz-comecam-a-ser-vacinados-contra-o-covid-19\/#primaryimage\"},\"image\":{\"@id\":\"https:\/\/www.padreeustaquio.com.br\/padres-do-santuario-saude-e-paz-comecam-a-ser-vacinados-contra-o-covid-19\/#primaryimage\"},\"thumbnailUrl\":\"https:\/\/www.padreeustaquio.com.br\/wp-content\/uploads\/2021\/03\/Padres-Vacinados.jpeg\",\"datePublished\":\"2021-03-03T22:53:41+00:00\",\"dateModified\":\"2021-03-03T22:59:55+00:00\",\"breadcrumb\":{\"@id\":\"https:\/\/www.padreeustaquio.com.br\/padres-do-santuario-saude-e-paz-comecam-a-ser-vacinados-contra-o-covid-19\/#breadcrumb\"},\"inLanguage\":\"es\",\"potentialAction\":[{\"@type\":\"ReadAction\",\"target\":[\"https:\/\/www.padreeustaquio.com.br\/padres-do-santuario-saude-e-paz-comecam-a-ser-vacinados-contra-o-covid-19\/\"]}]},{\"@type\":\"ImageObject\",\"inLanguage\":\"es\",\"@id\":\"https:\/\/www.padreeustaquio.com.br\/padres-do-santuario-saude-e-paz-comecam-a-ser-vacinados-contra-o-covid-19\/#primaryimage\",\"url\":\"https:\/\/www.padreeustaquio.com.br\/wp-content\/uploads\/2021\/03\/Padres-Vacinados.jpeg\",\"contentUrl\":\"https:\/\/www.padreeustaquio.com.br\/wp-content\/uploads\/2021\/03\/Padres-Vacinados.jpeg\",\"width\":1140,\"height\":594},{\"@type\":\"BreadcrumbList\",\"@id\":\"https:\/\/www.padreeustaquio.com.br\/padres-do-santuario-saude-e-paz-comecam-a-ser-vacinados-contra-o-covid-19\/#breadcrumb\",\"itemListElement\":[{\"@type\":\"ListItem\",\"position\":1,\"name\":\"In\u00edcio\",\"item\":\"https:\/\/www.padreeustaquio.com.br\/\"},{\"@type\":\"ListItem\",\"position\":2,\"name\":\"Padres do Santu\u00e1rio Sa\u00fade e Paz come\u00e7am a ser vacinados contra a Covid-19\"}]},{\"@type\":\"WebSite\",\"@id\":\"https:\/\/www.padreeustaquio.com.br\/#website\",\"url\":\"https:\/\/www.padreeustaquio.com.br\/\",\"name\":\"Padre Eust\u00e1quio\",\"description\":\"Sa\u00fade e Paz\",\"publisher\":{\"@id\":\"https:\/\/www.padreeustaquio.com.br\/#organization\"},\"potentialAction\":[{\"@type\":\"SearchAction\",\"target\":{\"@type\":\"EntryPoint\",\"urlTemplate\":\"https:\/\/www.padreeustaquio.com.br\/?s={search_term_string}\"},\"query-input\":{\"@type\":\"PropertyValueSpecification\",\"valueRequired\":true,\"valueName\":\"search_term_string\"}}],\"inLanguage\":\"es\"},{\"@type\":\"Organization\",\"@id\":\"https:\/\/www.padreeustaquio.com.br\/#organization\",\"name\":\"Padre Eust\u00e1quio\",\"url\":\"https:\/\/www.padreeustaquio.com.br\/\",\"logo\":{\"@type\":\"ImageObject\",\"inLanguage\":\"es\",\"@id\":\"https:\/\/www.padreeustaquio.com.br\/#\/schema\/logo\/image\/\",\"url\":\"https:\/\/www.padreeustaquio.com.br\/wp-content\/uploads\/2019\/08\/marca.png\",\"contentUrl\":\"https:\/\/www.padreeustaquio.com.br\/wp-content\/uploads\/2019\/08\/marca.png\",\"width\":350,\"height\":400,\"caption\":\"Padre Eust\u00e1quio\"},\"image\":{\"@id\":\"https:\/\/www.padreeustaquio.com.br\/#\/schema\/logo\/image\/\"},\"sameAs\":[\"https:\/\/www.facebook.com\/beatopadreeustaquio\/\",\"https:\/\/x.com\/beatopeustaquio\",\"https:\/\/www.instagram.com\/beatopadreeustaquio\/\",\"https:\/\/www.youtube.com\/channel\/UCRhw7vfabnajwLxb1ZXMeIw\"]},{\"@type\":\"Person\",\"@id\":\"https:\/\/www.padreeustaquio.com.br\/#\/schema\/person\/a2a51db1d00f1a7af0204a0f1ddb1566\",\"name\":\"@sscc\",\"image\":{\"@type\":\"ImageObject\",\"inLanguage\":\"es\",\"@id\":\"https:\/\/secure.gravatar.com\/avatar\/68cfafa5f44617fea54071e215026e0ff06be366c3d54a8425f04fdcb86f8c5f?s=96&d=mm&r=g\",\"url\":\"https:\/\/secure.gravatar.com\/avatar\/68cfafa5f44617fea54071e215026e0ff06be366c3d54a8425f04fdcb86f8c5f?s=96&d=mm&r=g\",\"contentUrl\":\"https:\/\/secure.gravatar.com\/avatar\/68cfafa5f44617fea54071e215026e0ff06be366c3d54a8425f04fdcb86f8c5f?s=96&d=mm&r=g\",\"caption\":\"@sscc\"},\"url\":\"https:\/\/www.padreeustaquio.com.br\/es\/author\/sscc\/\"}]}<\/script>\n<!-- \/ Yoast SEO plugin. -->","yoast_head_json":{"title":"Sacerdotes del Santuario de Salud y Paz comienzan a recibir vacunas contra la Covid-19 - Padre Eust\u00e1quio","robots":{"index":"index","follow":"follow","max-snippet":"max-snippet:-1","max-image-preview":"max-image-preview:large","max-video-preview":"max-video-preview:-1"},"canonical":"https:\/\/www.padreeustaquio.com.br\/es\/sacerdotes-del-santuario-de-salud-y-paz-comienzan-a-recibir-vacunas-contra-el-covid-19\/","og_locale":"es_ES","og_type":"article","og_title":"Padres do Santu\u00e1rio Sa\u00fade e Paz come\u00e7am a ser vacinados contra a Covid-19 - Padre Eust\u00e1quio","og_description":"Dois padres do Santu\u00e1rio Sa\u00fade e Paz, a igreja do Padre Eust\u00e1quio, receberam a primeira dose da vacina contra o Coronav\u00edrus nesta quarta-feira, dia 3 de mar\u00e7o. Padre Henrique e Padre Alcides t\u00eam 85 anos, e por isso, j\u00e1 t\u00eam direito a ser imunizados. A dose est\u00e1 prevista no calend\u00e1rio de vacina\u00e7\u00e3o da Prefeitura de Belo Horizonte. Dentro da agenda de imuniza\u00e7\u00e3o, receber\u00e3o as doses a partir de hoje, idosos entre 80 e 85 anos. A vacina\u00e7\u00e3o ser\u00e1 realizada em todos os centros de sa\u00fade de Belo Horizonte, entre \u00e0s 7:30 e 15:30 horas. O prazo de vacina\u00e7\u00e3o para essa [&hellip;]","og_url":"https:\/\/www.padreeustaquio.com.br\/es\/sacerdotes-del-santuario-de-salud-y-paz-comienzan-a-recibir-vacunas-contra-el-covid-19\/","og_site_name":"Padre Eust\u00e1quio","article_publisher":"https:\/\/www.facebook.com\/beatopadreeustaquio\/","article_published_time":"2021-03-03T22:53:41+00:00","article_modified_time":"2021-03-03T22:59:55+00:00","og_image":[{"width":1140,"height":594,"url":"https:\/\/www.padreeustaquio.com.br\/wp-content\/uploads\/2021\/03\/Padres-Vacinados.jpeg","type":"image\/jpeg"}],"author":"@sscc","twitter_card":"summary_large_image","twitter_creator":"@beatopeustaquio","twitter_site":"@beatopeustaquio","twitter_misc":{"Escrito por":"@sscc","Tiempo de lectura":"1 minuto"},"schema":{"@context":"https:\/\/schema.org","@graph":[{"@type":"Article","@id":"https:\/\/www.padreeustaquio.com.br\/padres-do-santuario-saude-e-paz-comecam-a-ser-vacinados-contra-o-covid-19\/#article","isPartOf":{"@id":"https:\/\/www.padreeustaquio.com.br\/padres-do-santuario-saude-e-paz-comecam-a-ser-vacinados-contra-o-covid-19\/"},"author":{"name":"@sscc","@id":"https:\/\/www.padreeustaquio.com.br\/#\/schema\/person\/a2a51db1d00f1a7af0204a0f1ddb1566"},"headline":"Padres do Santu\u00e1rio Sa\u00fade e Paz come\u00e7am a ser vacinados contra a Covid-19","datePublished":"2021-03-03T22:53:41+00:00","dateModified":"2021-03-03T22:59:55+00:00","mainEntityOfPage":{"@id":"https:\/\/www.padreeustaquio.com.br\/padres-do-santuario-saude-e-paz-comecam-a-ser-vacinados-contra-o-covid-19\/"},"wordCount":159,"commentCount":0,"publisher":{"@id":"https:\/\/www.padreeustaquio.com.br\/#organization"},"image":{"@id":"https:\/\/www.padreeustaquio.com.br\/padres-do-santuario-saude-e-paz-comecam-a-ser-vacinados-contra-o-covid-19\/#primaryimage"},"thumbnailUrl":"https:\/\/www.padreeustaquio.com.br\/wp-content\/uploads\/2021\/03\/Padres-Vacinados.jpeg","articleSection":["Not\u00edcias"],"inLanguage":"es","potentialAction":[{"@type":"CommentAction","name":"Comment","target":["https:\/\/www.padreeustaquio.com.br\/padres-do-santuario-saude-e-paz-comecam-a-ser-vacinados-contra-o-covid-19\/#respond"]}]},{"@type":"WebPage","@id":"https:\/\/www.padreeustaquio.com.br\/padres-do-santuario-saude-e-paz-comecam-a-ser-vacinados-contra-o-covid-19\/","url":"https:\/\/www.padreeustaquio.com.br\/padres-do-santuario-saude-e-paz-comecam-a-ser-vacinados-contra-o-covid-19\/","name":"Sacerdotes del Santuario de Salud y Paz comienzan a recibir vacunas contra la Covid-19 - Padre Eust\u00e1quio","isPartOf":{"@id":"https:\/\/www.padreeustaquio.com.br\/#website"},"primaryImageOfPage":{"@id":"https:\/\/www.padreeustaquio.com.br\/padres-do-santuario-saude-e-paz-comecam-a-ser-vacinados-contra-o-covid-19\/#primaryimage"},"image":{"@id":"https:\/\/www.padreeustaquio.com.br\/padres-do-santuario-saude-e-paz-comecam-a-ser-vacinados-contra-o-covid-19\/#primaryimage"},"thumbnailUrl":"https:\/\/www.padreeustaquio.com.br\/wp-content\/uploads\/2021\/03\/Padres-Vacinados.jpeg","datePublished":"2021-03-03T22:53:41+00:00","dateModified":"2021-03-03T22:59:55+00:00","breadcrumb":{"@id":"https:\/\/www.padreeustaquio.com.br\/padres-do-santuario-saude-e-paz-comecam-a-ser-vacinados-contra-o-covid-19\/#breadcrumb"},"inLanguage":"es","potentialAction":[{"@type":"ReadAction","target":["https:\/\/www.padreeustaquio.com.br\/padres-do-santuario-saude-e-paz-comecam-a-ser-vacinados-contra-o-covid-19\/"]}]},{"@type":"ImageObject","inLanguage":"es","@id":"https:\/\/www.padreeustaquio.com.br\/padres-do-santuario-saude-e-paz-comecam-a-ser-vacinados-contra-o-covid-19\/#primaryimage","url":"https:\/\/www.padreeustaquio.com.br\/wp-content\/uploads\/2021\/03\/Padres-Vacinados.jpeg","contentUrl":"https:\/\/www.padreeustaquio.com.br\/wp-content\/uploads\/2021\/03\/Padres-Vacinados.jpeg","width":1140,"height":594},{"@type":"BreadcrumbList","@id":"https:\/\/www.padreeustaquio.com.br\/padres-do-santuario-saude-e-paz-comecam-a-ser-vacinados-contra-o-covid-19\/#breadcrumb","itemListElement":[{"@type":"ListItem","position":1,"name":"In\u00edcio","item":"https:\/\/www.padreeustaquio.com.br\/"},{"@type":"ListItem","position":2,"name":"Padres do Santu\u00e1rio Sa\u00fade e Paz come\u00e7am a ser vacinados contra a Covid-19"}]},{"@type":"WebSite","@id":"https:\/\/www.padreeustaquio.com.br\/#website","url":"https:\/\/www.padreeustaquio.com.br\/","name":"Padre Eustace","description":"Salud y Paz","publisher":{"@id":"https:\/\/www.padreeustaquio.com.br\/#organization"},"potentialAction":[{"@type":"SearchAction","target":{"@type":"EntryPoint","urlTemplate":"https:\/\/www.padreeustaquio.com.br\/?s={search_term_string}"},"query-input":{"@type":"PropertyValueSpecification","valueRequired":true,"valueName":"search_term_string"}}],"inLanguage":"es"},{"@type":"Organization","@id":"https:\/\/www.padreeustaquio.com.br\/#organization","name":"Padre Eustace","url":"https:\/\/www.padreeustaquio.com.br\/","logo":{"@type":"ImageObject","inLanguage":"es","@id":"https:\/\/www.padreeustaquio.com.br\/#\/schema\/logo\/image\/","url":"https:\/\/www.padreeustaquio.com.br\/wp-content\/uploads\/2019\/08\/marca.png","contentUrl":"https:\/\/www.padreeustaquio.com.br\/wp-content\/uploads\/2019\/08\/marca.png","width":350,"height":400,"caption":"Padre Eust\u00e1quio"},"image":{"@id":"https:\/\/www.padreeustaquio.com.br\/#\/schema\/logo\/image\/"},"sameAs":["https:\/\/www.facebook.com\/beatopadreeustaquio\/","https:\/\/x.com\/beatopeustaquio","https:\/\/www.instagram.com\/beatopadreeustaquio\/","https:\/\/www.youtube.com\/channel\/UCRhw7vfabnajwLxb1ZXMeIw"]},{"@type":"Person","@id":"https:\/\/www.padreeustaquio.com.br\/#\/schema\/person\/a2a51db1d00f1a7af0204a0f1ddb1566","name":"@sscc","image":{"@type":"ImageObject","inLanguage":"es","@id":"https:\/\/secure.gravatar.com\/avatar\/68cfafa5f44617fea54071e215026e0ff06be366c3d54a8425f04fdcb86f8c5f?s=96&d=mm&r=g","url":"https:\/\/secure.gravatar.com\/avatar\/68cfafa5f44617fea54071e215026e0ff06be366c3d54a8425f04fdcb86f8c5f?s=96&d=mm&r=g","contentUrl":"https:\/\/secure.gravatar.com\/avatar\/68cfafa5f44617fea54071e215026e0ff06be366c3d54a8425f04fdcb86f8c5f?s=96&d=mm&r=g","caption":"@sscc"},"url":"https:\/\/www.padreeustaquio.com.br\/es\/author\/sscc\/"}]}},"_links":{"self":[{"href":"https:\/\/www.padreeustaquio.com.br\/es\/wp-json\/wp\/v2\/posts\/5203","targetHints":{"allow":["GET"]}}],"collection":[{"href":"https:\/\/www.padreeustaquio.com.br\/es\/wp-json\/wp\/v2\/posts"}],"about":[{"href":"https:\/\/www.padreeustaquio.com.br\/es\/wp-json\/wp\/v2\/types\/post"}],"author":[{"embeddable":true,"href":"https:\/\/www.padreeustaquio.com.br\/es\/wp-json\/wp\/v2\/users\/2"}],"replies":[{"embeddable":true,"href":"https:\/\/www.padreeustaquio.com.br\/es\/wp-json\/wp\/v2\/comments?post=5203"}],"version-history":[{"count":0,"href":"https:\/\/www.padreeustaquio.com.br\/es\/wp-json\/wp\/v2\/posts\/5203\/revisions"}],"wp:featuredmedia":[{"embeddable":true,"href":"https:\/\/www.padreeustaquio.com.br\/es\/wp-json\/wp\/v2\/media\/5204"}],"wp:attachment":[{"href":"https:\/\/www.padreeustaquio.com.br\/es\/wp-json\/wp\/v2\/media?parent=5203"}],"wp:term":[{"taxonomy":"category","embeddable":true,"href":"https:\/\/www.padreeustaquio.com.br\/es\/wp-json\/wp\/v2\/categories?post=5203"},{"taxonomy":"post_tag","embeddable":true,"href":"https:\/\/www.padreeustaquio.com.br\/es\/wp-json\/wp\/v2\/tags?post=5203"}],"curies":[{"name":"wp","href":"https:\/\/api.w.org\/{rel}","templated":true}]}}