{"id":5131,"date":"2021-02-22T06:52:55","date_gmt":"2021-02-22T09:52:55","guid":{"rendered":"https:\/\/www.padreeustaquio.com.br\/?p=5131"},"modified":"2021-02-22T20:08:39","modified_gmt":"2021-02-22T23:08:39","slug":"la-iglesia-del-padre-eustaquio-meditara-sobre-la-corona-de-nuestra-senora-de-los-dolores","status":"publish","type":"post","link":"https:\/\/www.padreeustaquio.com.br\/es\/la-iglesia-del-padre-eustaquio-meditara-sobre-la-corona-de-nuestra-senora-de-los-dolores\/","title":{"rendered":"La Iglesia del Padre Eust\u00e1quio meditar\u00e1 sobre la \u201cCorona de Dolores de Nuestra Se\u00f1ora\u201d.\u201d"},"content":{"rendered":"<p>A partir del pr\u00f3ximo martes 23 de febrero, el Santuario de la Salud y la Paz, la iglesia del Padre Eust\u00e1quio, comenzar\u00e1 a celebrar la meditaci\u00f3n de la Corona de Dolores de Nuestra Se\u00f1ora durante la Cuaresma. Esta se realizar\u00e1 dentro de la iglesia y siempre comenzar\u00e1 a las 18:15 h.<\/p>\n<p>Adem\u00e1s de la reuni\u00f3n de ma\u00f1ana, la meditaci\u00f3n sobre la Corona de la Dolorosa tambi\u00e9n se realizar\u00e1 los dem\u00e1s martes de Cuaresma. No se requieren entradas para participar; sin embargo, se les tomar\u00e1 la temperatura a los asistentes y se les pedir\u00e1 que se desinfecten las manos con desinfectante y los zapatos pas\u00e1ndolos por el tapete desinfectante.<\/p>\n<p>Despu\u00e9s de la meditaci\u00f3n, tendr\u00e1 lugar la celebraci\u00f3n de la Santa Misa.<\/p>\n<p><strong>La Corona de Nuestra Se\u00f1ora de los Dolores<\/strong><\/p>\n<p>La Corona de Nuestra Se\u00f1ora de los Dolores, o Corona de los Dolores, se origin\u00f3 en Italia en 1617, por iniciativa de la Orden de los Siervos de Mar\u00eda, al igual que la Misa de Nuestra Se\u00f1ora de los Dolores, que ahora se celebra en toda la Iglesia el 15 de septiembre.<\/p>\n<p>Esta reflexi\u00f3n recuerda los principales dolores que la Virgen Mar\u00eda sufri\u00f3 en su vida terrena, culminando con la pasi\u00f3n, muerte y sepultura de su Divino Hijo. Es al pie de la Cruz que la Madre de Jes\u00fas se convierte en la Madre de todos los hombres y del Cuerpo M\u00edstico de Cristo: la Iglesia Cat\u00f3lica.<\/p>\n<p>La piedad cristiana a menudo venera de manera especial a<span class=\"Apple-converted-space\">\u00a0<\/span>Los siete dolores de la Virgen Mar\u00eda, especialmente en Cuaresma.<\/p>\n<p>&nbsp;<\/p>\n<p><em>***con informaci\u00f3n de A12.com (https:\/\/www.a12.com\/academia\/artigos\/coroa-de-nossa-senhora-das-dores)<\/em><\/p>","protected":false},"excerpt":{"rendered":"<p>A partir da pr\u00f3xima ter\u00e7a-feira, 23\/02, o Santu\u00e1rio da Sa\u00fade e Paz, igreja do Padre Eust\u00e1quio, passa a realizar durante a quaresma, a medita\u00e7\u00e3o da Coroa das Dores de Nossa Senhora. O momento ser\u00e1 feito dentro da igreja e come\u00e7ar\u00e1 sempre \u00e0s 18h15. Al\u00e9m do encontro de amanh\u00e3, a medita\u00e7\u00e3o da Coroa de Nossa Senhora das Dores, ser\u00e1 feita tamb\u00e9m nas outras ter\u00e7as-feiras da Quaresma. Para participar n\u00e3o ser\u00e1 necess\u00e1ria a retirada de senhas, por\u00e9m, quem comparecer ter\u00e1 a temperatura medida e ser\u00e1 convidado a higienizar as m\u00e3os com \u00e1lcool gel e os cal\u00e7ados passando-os no tapete sanitizante. Ap\u00f3s a [&hellip;]<\/p>\n","protected":false},"author":2,"featured_media":5132,"comment_status":"open","ping_status":"open","sticky":false,"template":"","format":"standard","meta":{"_acf_changed":false,"footnotes":""},"categories":[611],"tags":[],"class_list":["post-5131","post","type-post","status-publish","format-standard","has-post-thumbnail","hentry","category-noticias"],"acf":[],"yoast_head":"<!-- This site is optimized with the Yoast SEO plugin v27.2 - https:\/\/yoast.com\/product\/yoast-seo-wordpress\/ -->\n<title>Igreja do Padre Eust\u00e1quio vai meditar a &quot;Coroa das Dores de Nossa Senhora&quot; - Padre Eust\u00e1quio<\/title>\n<meta name=\"robots\" content=\"index, follow, max-snippet:-1, max-image-preview:large, max-video-preview:-1\" \/>\n<link rel=\"canonical\" href=\"https:\/\/www.padreeustaquio.com.br\/es\/la-iglesia-del-padre-eustaquio-meditara-sobre-la-corona-de-nuestra-senora-de-los-dolores\/\" \/>\n<meta property=\"og:locale\" content=\"es_ES\" \/>\n<meta property=\"og:type\" content=\"article\" \/>\n<meta property=\"og:title\" content=\"Igreja do Padre Eust\u00e1quio vai meditar a &quot;Coroa das Dores de Nossa Senhora&quot; - Padre Eust\u00e1quio\" \/>\n<meta property=\"og:description\" content=\"A partir da pr\u00f3xima ter\u00e7a-feira, 23\/02, o Santu\u00e1rio da Sa\u00fade e Paz, igreja do Padre Eust\u00e1quio, passa a realizar durante a quaresma, a medita\u00e7\u00e3o da Coroa das Dores de Nossa Senhora. O momento ser\u00e1 feito dentro da igreja e come\u00e7ar\u00e1 sempre \u00e0s 18h15. Al\u00e9m do encontro de amanh\u00e3, a medita\u00e7\u00e3o da Coroa de Nossa Senhora das Dores, ser\u00e1 feita tamb\u00e9m nas outras ter\u00e7as-feiras da Quaresma. Para participar n\u00e3o ser\u00e1 necess\u00e1ria a retirada de senhas, por\u00e9m, quem comparecer ter\u00e1 a temperatura medida e ser\u00e1 convidado a higienizar as m\u00e3os com \u00e1lcool gel e os cal\u00e7ados passando-os no tapete sanitizante. Ap\u00f3s a [&hellip;]\" \/>\n<meta property=\"og:url\" content=\"https:\/\/www.padreeustaquio.com.br\/es\/la-iglesia-del-padre-eustaquio-meditara-sobre-la-corona-de-nuestra-senora-de-los-dolores\/\" \/>\n<meta property=\"og:site_name\" content=\"Padre Eust\u00e1quio\" \/>\n<meta property=\"article:publisher\" content=\"https:\/\/www.facebook.com\/beatopadreeustaquio\/\" \/>\n<meta property=\"article:published_time\" content=\"2021-02-22T09:52:55+00:00\" \/>\n<meta property=\"article:modified_time\" content=\"2021-02-22T23:08:39+00:00\" \/>\n<meta property=\"og:image\" content=\"https:\/\/www.padreeustaquio.com.br\/wp-content\/uploads\/2021\/02\/Nossa-Senhora-das-Dores-e1613773436449.jpeg\" \/>\n\t<meta property=\"og:image:width\" content=\"1273\" \/>\n\t<meta property=\"og:image:height\" content=\"691\" \/>\n\t<meta property=\"og:image:type\" content=\"image\/jpeg\" \/>\n<meta name=\"author\" content=\"@sscc\" \/>\n<meta name=\"twitter:card\" content=\"summary_large_image\" \/>\n<meta name=\"twitter:creator\" content=\"@beatopeustaquio\" \/>\n<meta name=\"twitter:site\" content=\"@beatopeustaquio\" \/>\n<meta name=\"twitter:label1\" content=\"Escrito por\" \/>\n\t<meta name=\"twitter:data1\" content=\"@sscc\" \/>\n\t<meta name=\"twitter:label2\" content=\"Tiempo de lectura\" \/>\n\t<meta name=\"twitter:data2\" content=\"1 minuto\" \/>\n<script type=\"application\/ld+json\" class=\"yoast-schema-graph\">{\"@context\":\"https:\/\/schema.org\",\"@graph\":[{\"@type\":\"Article\",\"@id\":\"https:\/\/www.padreeustaquio.com.br\/igreja-do-padre-eustaquio-vai-meditar-a-coroa-de-nossa-senhora-das-dores\/#article\",\"isPartOf\":{\"@id\":\"https:\/\/www.padreeustaquio.com.br\/igreja-do-padre-eustaquio-vai-meditar-a-coroa-de-nossa-senhora-das-dores\/\"},\"author\":{\"name\":\"@sscc\",\"@id\":\"https:\/\/www.padreeustaquio.com.br\/#\/schema\/person\/a2a51db1d00f1a7af0204a0f1ddb1566\"},\"headline\":\"Igreja do Padre Eust\u00e1quio vai meditar a &#8220;Coroa das Dores de Nossa Senhora&#8221;\",\"datePublished\":\"2021-02-22T09:52:55+00:00\",\"dateModified\":\"2021-02-22T23:08:39+00:00\",\"mainEntityOfPage\":{\"@id\":\"https:\/\/www.padreeustaquio.com.br\/igreja-do-padre-eustaquio-vai-meditar-a-coroa-de-nossa-senhora-das-dores\/\"},\"wordCount\":277,\"commentCount\":0,\"publisher\":{\"@id\":\"https:\/\/www.padreeustaquio.com.br\/#organization\"},\"image\":{\"@id\":\"https:\/\/www.padreeustaquio.com.br\/igreja-do-padre-eustaquio-vai-meditar-a-coroa-de-nossa-senhora-das-dores\/#primaryimage\"},\"thumbnailUrl\":\"https:\/\/www.padreeustaquio.com.br\/wp-content\/uploads\/2021\/02\/Nossa-Senhora-das-Dores-e1613773436449.jpeg\",\"articleSection\":[\"Not\u00edcias\"],\"inLanguage\":\"es\",\"potentialAction\":[{\"@type\":\"CommentAction\",\"name\":\"Comment\",\"target\":[\"https:\/\/www.padreeustaquio.com.br\/igreja-do-padre-eustaquio-vai-meditar-a-coroa-de-nossa-senhora-das-dores\/#respond\"]}]},{\"@type\":\"WebPage\",\"@id\":\"https:\/\/www.padreeustaquio.com.br\/igreja-do-padre-eustaquio-vai-meditar-a-coroa-de-nossa-senhora-das-dores\/\",\"url\":\"https:\/\/www.padreeustaquio.com.br\/igreja-do-padre-eustaquio-vai-meditar-a-coroa-de-nossa-senhora-das-dores\/\",\"name\":\"Igreja do Padre Eust\u00e1quio vai meditar a \\\"Coroa das Dores de Nossa Senhora\\\" - Padre Eust\u00e1quio\",\"isPartOf\":{\"@id\":\"https:\/\/www.padreeustaquio.com.br\/#website\"},\"primaryImageOfPage\":{\"@id\":\"https:\/\/www.padreeustaquio.com.br\/igreja-do-padre-eustaquio-vai-meditar-a-coroa-de-nossa-senhora-das-dores\/#primaryimage\"},\"image\":{\"@id\":\"https:\/\/www.padreeustaquio.com.br\/igreja-do-padre-eustaquio-vai-meditar-a-coroa-de-nossa-senhora-das-dores\/#primaryimage\"},\"thumbnailUrl\":\"https:\/\/www.padreeustaquio.com.br\/wp-content\/uploads\/2021\/02\/Nossa-Senhora-das-Dores-e1613773436449.jpeg\",\"datePublished\":\"2021-02-22T09:52:55+00:00\",\"dateModified\":\"2021-02-22T23:08:39+00:00\",\"breadcrumb\":{\"@id\":\"https:\/\/www.padreeustaquio.com.br\/igreja-do-padre-eustaquio-vai-meditar-a-coroa-de-nossa-senhora-das-dores\/#breadcrumb\"},\"inLanguage\":\"es\",\"potentialAction\":[{\"@type\":\"ReadAction\",\"target\":[\"https:\/\/www.padreeustaquio.com.br\/igreja-do-padre-eustaquio-vai-meditar-a-coroa-de-nossa-senhora-das-dores\/\"]}]},{\"@type\":\"ImageObject\",\"inLanguage\":\"es\",\"@id\":\"https:\/\/www.padreeustaquio.com.br\/igreja-do-padre-eustaquio-vai-meditar-a-coroa-de-nossa-senhora-das-dores\/#primaryimage\",\"url\":\"https:\/\/www.padreeustaquio.com.br\/wp-content\/uploads\/2021\/02\/Nossa-Senhora-das-Dores-e1613773436449.jpeg\",\"contentUrl\":\"https:\/\/www.padreeustaquio.com.br\/wp-content\/uploads\/2021\/02\/Nossa-Senhora-das-Dores-e1613773436449.jpeg\",\"width\":1273,\"height\":691},{\"@type\":\"BreadcrumbList\",\"@id\":\"https:\/\/www.padreeustaquio.com.br\/igreja-do-padre-eustaquio-vai-meditar-a-coroa-de-nossa-senhora-das-dores\/#breadcrumb\",\"itemListElement\":[{\"@type\":\"ListItem\",\"position\":1,\"name\":\"In\u00edcio\",\"item\":\"https:\/\/www.padreeustaquio.com.br\/\"},{\"@type\":\"ListItem\",\"position\":2,\"name\":\"Igreja do Padre Eust\u00e1quio vai meditar a &#8220;Coroa das Dores de Nossa Senhora&#8221;\"}]},{\"@type\":\"WebSite\",\"@id\":\"https:\/\/www.padreeustaquio.com.br\/#website\",\"url\":\"https:\/\/www.padreeustaquio.com.br\/\",\"name\":\"Padre Eust\u00e1quio\",\"description\":\"Sa\u00fade e Paz\",\"publisher\":{\"@id\":\"https:\/\/www.padreeustaquio.com.br\/#organization\"},\"potentialAction\":[{\"@type\":\"SearchAction\",\"target\":{\"@type\":\"EntryPoint\",\"urlTemplate\":\"https:\/\/www.padreeustaquio.com.br\/?s={search_term_string}\"},\"query-input\":{\"@type\":\"PropertyValueSpecification\",\"valueRequired\":true,\"valueName\":\"search_term_string\"}}],\"inLanguage\":\"es\"},{\"@type\":\"Organization\",\"@id\":\"https:\/\/www.padreeustaquio.com.br\/#organization\",\"name\":\"Padre Eust\u00e1quio\",\"url\":\"https:\/\/www.padreeustaquio.com.br\/\",\"logo\":{\"@type\":\"ImageObject\",\"inLanguage\":\"es\",\"@id\":\"https:\/\/www.padreeustaquio.com.br\/#\/schema\/logo\/image\/\",\"url\":\"https:\/\/www.padreeustaquio.com.br\/wp-content\/uploads\/2019\/08\/marca.png\",\"contentUrl\":\"https:\/\/www.padreeustaquio.com.br\/wp-content\/uploads\/2019\/08\/marca.png\",\"width\":350,\"height\":400,\"caption\":\"Padre Eust\u00e1quio\"},\"image\":{\"@id\":\"https:\/\/www.padreeustaquio.com.br\/#\/schema\/logo\/image\/\"},\"sameAs\":[\"https:\/\/www.facebook.com\/beatopadreeustaquio\/\",\"https:\/\/x.com\/beatopeustaquio\",\"https:\/\/www.instagram.com\/beatopadreeustaquio\/\",\"https:\/\/www.youtube.com\/channel\/UCRhw7vfabnajwLxb1ZXMeIw\"]},{\"@type\":\"Person\",\"@id\":\"https:\/\/www.padreeustaquio.com.br\/#\/schema\/person\/a2a51db1d00f1a7af0204a0f1ddb1566\",\"name\":\"@sscc\",\"image\":{\"@type\":\"ImageObject\",\"inLanguage\":\"es\",\"@id\":\"https:\/\/secure.gravatar.com\/avatar\/68cfafa5f44617fea54071e215026e0ff06be366c3d54a8425f04fdcb86f8c5f?s=96&d=mm&r=g\",\"url\":\"https:\/\/secure.gravatar.com\/avatar\/68cfafa5f44617fea54071e215026e0ff06be366c3d54a8425f04fdcb86f8c5f?s=96&d=mm&r=g\",\"contentUrl\":\"https:\/\/secure.gravatar.com\/avatar\/68cfafa5f44617fea54071e215026e0ff06be366c3d54a8425f04fdcb86f8c5f?s=96&d=mm&r=g\",\"caption\":\"@sscc\"},\"url\":\"https:\/\/www.padreeustaquio.com.br\/es\/author\/sscc\/\"}]}<\/script>\n<!-- \/ Yoast SEO plugin. -->","yoast_head_json":{"title":"La Iglesia del Padre Eust\u00e1quio meditar\u00e1 sobre la &quot;Corona de Dolores de Nuestra Se\u00f1ora&quot; - Padre Eust\u00e1quio","robots":{"index":"index","follow":"follow","max-snippet":"max-snippet:-1","max-image-preview":"max-image-preview:large","max-video-preview":"max-video-preview:-1"},"canonical":"https:\/\/www.padreeustaquio.com.br\/es\/la-iglesia-del-padre-eustaquio-meditara-sobre-la-corona-de-nuestra-senora-de-los-dolores\/","og_locale":"es_ES","og_type":"article","og_title":"Igreja do Padre Eust\u00e1quio vai meditar a \"Coroa das Dores de Nossa Senhora\" - Padre Eust\u00e1quio","og_description":"A partir da pr\u00f3xima ter\u00e7a-feira, 23\/02, o Santu\u00e1rio da Sa\u00fade e Paz, igreja do Padre Eust\u00e1quio, passa a realizar durante a quaresma, a medita\u00e7\u00e3o da Coroa das Dores de Nossa Senhora. O momento ser\u00e1 feito dentro da igreja e come\u00e7ar\u00e1 sempre \u00e0s 18h15. Al\u00e9m do encontro de amanh\u00e3, a medita\u00e7\u00e3o da Coroa de Nossa Senhora das Dores, ser\u00e1 feita tamb\u00e9m nas outras ter\u00e7as-feiras da Quaresma. Para participar n\u00e3o ser\u00e1 necess\u00e1ria a retirada de senhas, por\u00e9m, quem comparecer ter\u00e1 a temperatura medida e ser\u00e1 convidado a higienizar as m\u00e3os com \u00e1lcool gel e os cal\u00e7ados passando-os no tapete sanitizante. Ap\u00f3s a [&hellip;]","og_url":"https:\/\/www.padreeustaquio.com.br\/es\/la-iglesia-del-padre-eustaquio-meditara-sobre-la-corona-de-nuestra-senora-de-los-dolores\/","og_site_name":"Padre Eust\u00e1quio","article_publisher":"https:\/\/www.facebook.com\/beatopadreeustaquio\/","article_published_time":"2021-02-22T09:52:55+00:00","article_modified_time":"2021-02-22T23:08:39+00:00","og_image":[{"width":1273,"height":691,"url":"https:\/\/www.padreeustaquio.com.br\/wp-content\/uploads\/2021\/02\/Nossa-Senhora-das-Dores-e1613773436449.jpeg","type":"image\/jpeg"}],"author":"@sscc","twitter_card":"summary_large_image","twitter_creator":"@beatopeustaquio","twitter_site":"@beatopeustaquio","twitter_misc":{"Escrito por":"@sscc","Tiempo de lectura":"1 minuto"},"schema":{"@context":"https:\/\/schema.org","@graph":[{"@type":"Article","@id":"https:\/\/www.padreeustaquio.com.br\/igreja-do-padre-eustaquio-vai-meditar-a-coroa-de-nossa-senhora-das-dores\/#article","isPartOf":{"@id":"https:\/\/www.padreeustaquio.com.br\/igreja-do-padre-eustaquio-vai-meditar-a-coroa-de-nossa-senhora-das-dores\/"},"author":{"name":"@sscc","@id":"https:\/\/www.padreeustaquio.com.br\/#\/schema\/person\/a2a51db1d00f1a7af0204a0f1ddb1566"},"headline":"Igreja do Padre Eust\u00e1quio vai meditar a &#8220;Coroa das Dores de Nossa Senhora&#8221;","datePublished":"2021-02-22T09:52:55+00:00","dateModified":"2021-02-22T23:08:39+00:00","mainEntityOfPage":{"@id":"https:\/\/www.padreeustaquio.com.br\/igreja-do-padre-eustaquio-vai-meditar-a-coroa-de-nossa-senhora-das-dores\/"},"wordCount":277,"commentCount":0,"publisher":{"@id":"https:\/\/www.padreeustaquio.com.br\/#organization"},"image":{"@id":"https:\/\/www.padreeustaquio.com.br\/igreja-do-padre-eustaquio-vai-meditar-a-coroa-de-nossa-senhora-das-dores\/#primaryimage"},"thumbnailUrl":"https:\/\/www.padreeustaquio.com.br\/wp-content\/uploads\/2021\/02\/Nossa-Senhora-das-Dores-e1613773436449.jpeg","articleSection":["Not\u00edcias"],"inLanguage":"es","potentialAction":[{"@type":"CommentAction","name":"Comment","target":["https:\/\/www.padreeustaquio.com.br\/igreja-do-padre-eustaquio-vai-meditar-a-coroa-de-nossa-senhora-das-dores\/#respond"]}]},{"@type":"WebPage","@id":"https:\/\/www.padreeustaquio.com.br\/igreja-do-padre-eustaquio-vai-meditar-a-coroa-de-nossa-senhora-das-dores\/","url":"https:\/\/www.padreeustaquio.com.br\/igreja-do-padre-eustaquio-vai-meditar-a-coroa-de-nossa-senhora-das-dores\/","name":"La Iglesia del Padre Eust\u00e1quio meditar\u00e1 sobre la &quot;Corona de Dolores de Nuestra Se\u00f1ora&quot; - Padre Eust\u00e1quio","isPartOf":{"@id":"https:\/\/www.padreeustaquio.com.br\/#website"},"primaryImageOfPage":{"@id":"https:\/\/www.padreeustaquio.com.br\/igreja-do-padre-eustaquio-vai-meditar-a-coroa-de-nossa-senhora-das-dores\/#primaryimage"},"image":{"@id":"https:\/\/www.padreeustaquio.com.br\/igreja-do-padre-eustaquio-vai-meditar-a-coroa-de-nossa-senhora-das-dores\/#primaryimage"},"thumbnailUrl":"https:\/\/www.padreeustaquio.com.br\/wp-content\/uploads\/2021\/02\/Nossa-Senhora-das-Dores-e1613773436449.jpeg","datePublished":"2021-02-22T09:52:55+00:00","dateModified":"2021-02-22T23:08:39+00:00","breadcrumb":{"@id":"https:\/\/www.padreeustaquio.com.br\/igreja-do-padre-eustaquio-vai-meditar-a-coroa-de-nossa-senhora-das-dores\/#breadcrumb"},"inLanguage":"es","potentialAction":[{"@type":"ReadAction","target":["https:\/\/www.padreeustaquio.com.br\/igreja-do-padre-eustaquio-vai-meditar-a-coroa-de-nossa-senhora-das-dores\/"]}]},{"@type":"ImageObject","inLanguage":"es","@id":"https:\/\/www.padreeustaquio.com.br\/igreja-do-padre-eustaquio-vai-meditar-a-coroa-de-nossa-senhora-das-dores\/#primaryimage","url":"https:\/\/www.padreeustaquio.com.br\/wp-content\/uploads\/2021\/02\/Nossa-Senhora-das-Dores-e1613773436449.jpeg","contentUrl":"https:\/\/www.padreeustaquio.com.br\/wp-content\/uploads\/2021\/02\/Nossa-Senhora-das-Dores-e1613773436449.jpeg","width":1273,"height":691},{"@type":"BreadcrumbList","@id":"https:\/\/www.padreeustaquio.com.br\/igreja-do-padre-eustaquio-vai-meditar-a-coroa-de-nossa-senhora-das-dores\/#breadcrumb","itemListElement":[{"@type":"ListItem","position":1,"name":"In\u00edcio","item":"https:\/\/www.padreeustaquio.com.br\/"},{"@type":"ListItem","position":2,"name":"Igreja do Padre Eust\u00e1quio vai meditar a &#8220;Coroa das Dores de Nossa Senhora&#8221;"}]},{"@type":"WebSite","@id":"https:\/\/www.padreeustaquio.com.br\/#website","url":"https:\/\/www.padreeustaquio.com.br\/","name":"Padre Eustace","description":"Salud y Paz","publisher":{"@id":"https:\/\/www.padreeustaquio.com.br\/#organization"},"potentialAction":[{"@type":"SearchAction","target":{"@type":"EntryPoint","urlTemplate":"https:\/\/www.padreeustaquio.com.br\/?s={search_term_string}"},"query-input":{"@type":"PropertyValueSpecification","valueRequired":true,"valueName":"search_term_string"}}],"inLanguage":"es"},{"@type":"Organization","@id":"https:\/\/www.padreeustaquio.com.br\/#organization","name":"Padre Eustace","url":"https:\/\/www.padreeustaquio.com.br\/","logo":{"@type":"ImageObject","inLanguage":"es","@id":"https:\/\/www.padreeustaquio.com.br\/#\/schema\/logo\/image\/","url":"https:\/\/www.padreeustaquio.com.br\/wp-content\/uploads\/2019\/08\/marca.png","contentUrl":"https:\/\/www.padreeustaquio.com.br\/wp-content\/uploads\/2019\/08\/marca.png","width":350,"height":400,"caption":"Padre Eust\u00e1quio"},"image":{"@id":"https:\/\/www.padreeustaquio.com.br\/#\/schema\/logo\/image\/"},"sameAs":["https:\/\/www.facebook.com\/beatopadreeustaquio\/","https:\/\/x.com\/beatopeustaquio","https:\/\/www.instagram.com\/beatopadreeustaquio\/","https:\/\/www.youtube.com\/channel\/UCRhw7vfabnajwLxb1ZXMeIw"]},{"@type":"Person","@id":"https:\/\/www.padreeustaquio.com.br\/#\/schema\/person\/a2a51db1d00f1a7af0204a0f1ddb1566","name":"@sscc","image":{"@type":"ImageObject","inLanguage":"es","@id":"https:\/\/secure.gravatar.com\/avatar\/68cfafa5f44617fea54071e215026e0ff06be366c3d54a8425f04fdcb86f8c5f?s=96&d=mm&r=g","url":"https:\/\/secure.gravatar.com\/avatar\/68cfafa5f44617fea54071e215026e0ff06be366c3d54a8425f04fdcb86f8c5f?s=96&d=mm&r=g","contentUrl":"https:\/\/secure.gravatar.com\/avatar\/68cfafa5f44617fea54071e215026e0ff06be366c3d54a8425f04fdcb86f8c5f?s=96&d=mm&r=g","caption":"@sscc"},"url":"https:\/\/www.padreeustaquio.com.br\/es\/author\/sscc\/"}]}},"_links":{"self":[{"href":"https:\/\/www.padreeustaquio.com.br\/es\/wp-json\/wp\/v2\/posts\/5131","targetHints":{"allow":["GET"]}}],"collection":[{"href":"https:\/\/www.padreeustaquio.com.br\/es\/wp-json\/wp\/v2\/posts"}],"about":[{"href":"https:\/\/www.padreeustaquio.com.br\/es\/wp-json\/wp\/v2\/types\/post"}],"author":[{"embeddable":true,"href":"https:\/\/www.padreeustaquio.com.br\/es\/wp-json\/wp\/v2\/users\/2"}],"replies":[{"embeddable":true,"href":"https:\/\/www.padreeustaquio.com.br\/es\/wp-json\/wp\/v2\/comments?post=5131"}],"version-history":[{"count":0,"href":"https:\/\/www.padreeustaquio.com.br\/es\/wp-json\/wp\/v2\/posts\/5131\/revisions"}],"wp:featuredmedia":[{"embeddable":true,"href":"https:\/\/www.padreeustaquio.com.br\/es\/wp-json\/wp\/v2\/media\/5132"}],"wp:attachment":[{"href":"https:\/\/www.padreeustaquio.com.br\/es\/wp-json\/wp\/v2\/media?parent=5131"}],"wp:term":[{"taxonomy":"category","embeddable":true,"href":"https:\/\/www.padreeustaquio.com.br\/es\/wp-json\/wp\/v2\/categories?post=5131"},{"taxonomy":"post_tag","embeddable":true,"href":"https:\/\/www.padreeustaquio.com.br\/es\/wp-json\/wp\/v2\/tags?post=5131"}],"curies":[{"name":"wp","href":"https:\/\/api.w.org\/{rel}","templated":true}]}}