{"id":5127,"date":"2021-02-23T07:39:15","date_gmt":"2021-02-23T10:39:15","guid":{"rendered":"https:\/\/www.padreeustaquio.com.br\/?p=5127"},"modified":"2021-05-19T20:12:57","modified_gmt":"2021-05-19T23:12:57","slug":"la-congregacion-de-los-sagrados-corazones-realizara-un-encuentro-vocacional-online","status":"publish","type":"post","link":"https:\/\/www.padreeustaquio.com.br\/es\/la-congregacion-de-los-sagrados-corazones-realizara-un-encuentro-vocacional-online\/","title":{"rendered":"La Congregaci\u00f3n de los Sagrados Corazones realizar\u00e1 un Encuentro Vocacional online."},"content":{"rendered":"<p>El Encuentro Vocacional de los Sagrados Corazones est\u00e1 programado para el 20 de marzo de 2021 y ser\u00e1 un espacio de oraci\u00f3n, comprensi\u00f3n mutua e intercambio de experiencias. El evento ser\u00e1 totalmente en l\u00ednea y gratuito. Se considera un primer contacto con la vida religiosa consagrada, dirigido a j\u00f3venes que desean descubrir y discernir la llamada de Dios al sacerdocio y\/o a la consciencia.<\/p>\n<p>El encuentro ser\u00e1 coordinado por hermanos y sacerdotes religiosos de la Congregaci\u00f3n de los Sagrados Corazones, quienes presentar\u00e1n algunos aspectos fundamentales del carisma y la espiritualidad de la Congregaci\u00f3n, adem\u00e1s de fomentar un ambiente de compartir, descubrimiento y oraci\u00f3n.<\/p>\n<p>Para inscribirse y participar, los j\u00f3venes deben contactar al SAV \u2013 Servicio de Animaci\u00f3n Vocacional, v\u00eda WhatsApp: (31) 9 9315-6664 o enviando un mensaje a trav\u00e9s del correo electr\u00f3nico: vocacional@sscc.org.br o tambi\u00e9n a trav\u00e9s de la p\u00e1gina de Instagram: @sav_sscc o en Facebook: Voca\u00e7\u00f5es Sagrados Cora\u00e7\u00f5es.<\/p>\n<p>El mensaje de SAV, que permanece para este momento, es: \u201c\u00a1Joven, ten coraje, ven a discernir y alimentar la vocaci\u00f3n que Dios ha plantado en tu coraz\u00f3n!\u201d<\/p>","protected":false},"excerpt":{"rendered":"<p>O Encontro Vocacional Sagrados Cora\u00e7\u00f5es est\u00e1 marcado para o dia 20 de mar\u00e7o de 2021 e ser\u00e1 um espa\u00e7o de ora\u00e7\u00e3o, conhecimento m\u00fatuo e partilha de experi\u00eancia. O evento ser\u00e1 totalmente online e gratuito. Este \u00e9 considerado um primeiro contato com a vida religiosa consagrada, destinado aos jovens que desejam descobrir e discernir o chamado de Deus para ser padre e\/ou religioso. O encontro ser\u00e1 coordenado por irm\u00e3os e padres religiosos da Congrega\u00e7\u00e3o dos Sagrados Cora\u00e7\u00f5es, que ir\u00e3o expor alguns tra\u00e7os fundamentais do carisma e espiritualidade da Congrega\u00e7\u00e3o, bem como motivar um ambiente de partilha, descoberta e ora\u00e7\u00e3o. Para se [&hellip;]<\/p>\n","protected":false},"author":2,"featured_media":5128,"comment_status":"open","ping_status":"open","sticky":false,"template":"","format":"standard","meta":{"_acf_changed":false,"footnotes":""},"categories":[611],"tags":[],"class_list":["post-5127","post","type-post","status-publish","format-standard","has-post-thumbnail","hentry","category-noticias"],"acf":[],"yoast_head":"<!-- This site is optimized with the Yoast SEO plugin v27.2 - https:\/\/yoast.com\/product\/yoast-seo-wordpress\/ -->\n<title>Congrega\u00e7\u00e3o dos Sagrados Cora\u00e7\u00f5es vai realizar Encontro Vocacional online - Padre Eust\u00e1quio<\/title>\n<meta name=\"robots\" content=\"index, follow, max-snippet:-1, max-image-preview:large, max-video-preview:-1\" \/>\n<link rel=\"canonical\" href=\"https:\/\/www.padreeustaquio.com.br\/es\/la-congregacion-de-los-sagrados-corazones-realizara-un-encuentro-vocacional-online\/\" \/>\n<meta property=\"og:locale\" content=\"es_ES\" \/>\n<meta property=\"og:type\" content=\"article\" \/>\n<meta property=\"og:title\" content=\"Congrega\u00e7\u00e3o dos Sagrados Cora\u00e7\u00f5es vai realizar Encontro Vocacional online - Padre Eust\u00e1quio\" \/>\n<meta property=\"og:description\" content=\"O Encontro Vocacional Sagrados Cora\u00e7\u00f5es est\u00e1 marcado para o dia 20 de mar\u00e7o de 2021 e ser\u00e1 um espa\u00e7o de ora\u00e7\u00e3o, conhecimento m\u00fatuo e partilha de experi\u00eancia. O evento ser\u00e1 totalmente online e gratuito. Este \u00e9 considerado um primeiro contato com a vida religiosa consagrada, destinado aos jovens que desejam descobrir e discernir o chamado de Deus para ser padre e\/ou religioso. O encontro ser\u00e1 coordenado por irm\u00e3os e padres religiosos da Congrega\u00e7\u00e3o dos Sagrados Cora\u00e7\u00f5es, que ir\u00e3o expor alguns tra\u00e7os fundamentais do carisma e espiritualidade da Congrega\u00e7\u00e3o, bem como motivar um ambiente de partilha, descoberta e ora\u00e7\u00e3o. Para se [&hellip;]\" \/>\n<meta property=\"og:url\" content=\"https:\/\/www.padreeustaquio.com.br\/es\/la-congregacion-de-los-sagrados-corazones-realizara-un-encuentro-vocacional-online\/\" \/>\n<meta property=\"og:site_name\" content=\"Padre Eust\u00e1quio\" \/>\n<meta property=\"article:publisher\" content=\"https:\/\/www.facebook.com\/beatopadreeustaquio\/\" \/>\n<meta property=\"article:published_time\" content=\"2021-02-23T10:39:15+00:00\" \/>\n<meta property=\"article:modified_time\" content=\"2021-05-19T23:12:57+00:00\" \/>\n<meta property=\"og:image\" content=\"https:\/\/www.padreeustaquio.com.br\/wp-content\/uploads\/2021\/02\/Vocacional-SSCC-e1613771428447.jpeg\" \/>\n\t<meta property=\"og:image:width\" content=\"1273\" \/>\n\t<meta property=\"og:image:height\" content=\"710\" \/>\n\t<meta property=\"og:image:type\" content=\"image\/jpeg\" \/>\n<meta name=\"author\" content=\"@sscc\" \/>\n<meta name=\"twitter:card\" content=\"summary_large_image\" \/>\n<meta name=\"twitter:creator\" content=\"@beatopeustaquio\" \/>\n<meta name=\"twitter:site\" content=\"@beatopeustaquio\" \/>\n<meta name=\"twitter:label1\" content=\"Escrito por\" \/>\n\t<meta name=\"twitter:data1\" content=\"@sscc\" \/>\n\t<meta name=\"twitter:label2\" content=\"Tiempo de lectura\" \/>\n\t<meta name=\"twitter:data2\" content=\"1 minuto\" \/>\n<script type=\"application\/ld+json\" class=\"yoast-schema-graph\">{\"@context\":\"https:\/\/schema.org\",\"@graph\":[{\"@type\":\"Article\",\"@id\":\"https:\/\/www.padreeustaquio.com.br\/congregacao-dos-sagrados-coracoes-vai-realizar-encontro-vocacional-online\/#article\",\"isPartOf\":{\"@id\":\"https:\/\/www.padreeustaquio.com.br\/congregacao-dos-sagrados-coracoes-vai-realizar-encontro-vocacional-online\/\"},\"author\":{\"name\":\"@sscc\",\"@id\":\"https:\/\/www.padreeustaquio.com.br\/#\/schema\/person\/a2a51db1d00f1a7af0204a0f1ddb1566\"},\"headline\":\"Congrega\u00e7\u00e3o dos Sagrados Cora\u00e7\u00f5es vai realizar Encontro Vocacional online\",\"datePublished\":\"2021-02-23T10:39:15+00:00\",\"dateModified\":\"2021-05-19T23:12:57+00:00\",\"mainEntityOfPage\":{\"@id\":\"https:\/\/www.padreeustaquio.com.br\/congregacao-dos-sagrados-coracoes-vai-realizar-encontro-vocacional-online\/\"},\"wordCount\":198,\"commentCount\":0,\"publisher\":{\"@id\":\"https:\/\/www.padreeustaquio.com.br\/#organization\"},\"image\":{\"@id\":\"https:\/\/www.padreeustaquio.com.br\/congregacao-dos-sagrados-coracoes-vai-realizar-encontro-vocacional-online\/#primaryimage\"},\"thumbnailUrl\":\"https:\/\/www.padreeustaquio.com.br\/wp-content\/uploads\/2021\/02\/Vocacional-SSCC-e1613771428447.jpeg\",\"articleSection\":[\"Not\u00edcias\"],\"inLanguage\":\"es\",\"potentialAction\":[{\"@type\":\"CommentAction\",\"name\":\"Comment\",\"target\":[\"https:\/\/www.padreeustaquio.com.br\/congregacao-dos-sagrados-coracoes-vai-realizar-encontro-vocacional-online\/#respond\"]}]},{\"@type\":\"WebPage\",\"@id\":\"https:\/\/www.padreeustaquio.com.br\/congregacao-dos-sagrados-coracoes-vai-realizar-encontro-vocacional-online\/\",\"url\":\"https:\/\/www.padreeustaquio.com.br\/congregacao-dos-sagrados-coracoes-vai-realizar-encontro-vocacional-online\/\",\"name\":\"Congrega\u00e7\u00e3o dos Sagrados Cora\u00e7\u00f5es vai realizar Encontro Vocacional online - Padre Eust\u00e1quio\",\"isPartOf\":{\"@id\":\"https:\/\/www.padreeustaquio.com.br\/#website\"},\"primaryImageOfPage\":{\"@id\":\"https:\/\/www.padreeustaquio.com.br\/congregacao-dos-sagrados-coracoes-vai-realizar-encontro-vocacional-online\/#primaryimage\"},\"image\":{\"@id\":\"https:\/\/www.padreeustaquio.com.br\/congregacao-dos-sagrados-coracoes-vai-realizar-encontro-vocacional-online\/#primaryimage\"},\"thumbnailUrl\":\"https:\/\/www.padreeustaquio.com.br\/wp-content\/uploads\/2021\/02\/Vocacional-SSCC-e1613771428447.jpeg\",\"datePublished\":\"2021-02-23T10:39:15+00:00\",\"dateModified\":\"2021-05-19T23:12:57+00:00\",\"breadcrumb\":{\"@id\":\"https:\/\/www.padreeustaquio.com.br\/congregacao-dos-sagrados-coracoes-vai-realizar-encontro-vocacional-online\/#breadcrumb\"},\"inLanguage\":\"es\",\"potentialAction\":[{\"@type\":\"ReadAction\",\"target\":[\"https:\/\/www.padreeustaquio.com.br\/congregacao-dos-sagrados-coracoes-vai-realizar-encontro-vocacional-online\/\"]}]},{\"@type\":\"ImageObject\",\"inLanguage\":\"es\",\"@id\":\"https:\/\/www.padreeustaquio.com.br\/congregacao-dos-sagrados-coracoes-vai-realizar-encontro-vocacional-online\/#primaryimage\",\"url\":\"https:\/\/www.padreeustaquio.com.br\/wp-content\/uploads\/2021\/02\/Vocacional-SSCC-e1613771428447.jpeg\",\"contentUrl\":\"https:\/\/www.padreeustaquio.com.br\/wp-content\/uploads\/2021\/02\/Vocacional-SSCC-e1613771428447.jpeg\",\"width\":1273,\"height\":710},{\"@type\":\"BreadcrumbList\",\"@id\":\"https:\/\/www.padreeustaquio.com.br\/congregacao-dos-sagrados-coracoes-vai-realizar-encontro-vocacional-online\/#breadcrumb\",\"itemListElement\":[{\"@type\":\"ListItem\",\"position\":1,\"name\":\"In\u00edcio\",\"item\":\"https:\/\/www.padreeustaquio.com.br\/\"},{\"@type\":\"ListItem\",\"position\":2,\"name\":\"Congrega\u00e7\u00e3o dos Sagrados Cora\u00e7\u00f5es vai realizar Encontro Vocacional online\"}]},{\"@type\":\"WebSite\",\"@id\":\"https:\/\/www.padreeustaquio.com.br\/#website\",\"url\":\"https:\/\/www.padreeustaquio.com.br\/\",\"name\":\"Padre Eust\u00e1quio\",\"description\":\"Sa\u00fade e Paz\",\"publisher\":{\"@id\":\"https:\/\/www.padreeustaquio.com.br\/#organization\"},\"potentialAction\":[{\"@type\":\"SearchAction\",\"target\":{\"@type\":\"EntryPoint\",\"urlTemplate\":\"https:\/\/www.padreeustaquio.com.br\/?s={search_term_string}\"},\"query-input\":{\"@type\":\"PropertyValueSpecification\",\"valueRequired\":true,\"valueName\":\"search_term_string\"}}],\"inLanguage\":\"es\"},{\"@type\":\"Organization\",\"@id\":\"https:\/\/www.padreeustaquio.com.br\/#organization\",\"name\":\"Padre Eust\u00e1quio\",\"url\":\"https:\/\/www.padreeustaquio.com.br\/\",\"logo\":{\"@type\":\"ImageObject\",\"inLanguage\":\"es\",\"@id\":\"https:\/\/www.padreeustaquio.com.br\/#\/schema\/logo\/image\/\",\"url\":\"https:\/\/www.padreeustaquio.com.br\/wp-content\/uploads\/2019\/08\/marca.png\",\"contentUrl\":\"https:\/\/www.padreeustaquio.com.br\/wp-content\/uploads\/2019\/08\/marca.png\",\"width\":350,\"height\":400,\"caption\":\"Padre Eust\u00e1quio\"},\"image\":{\"@id\":\"https:\/\/www.padreeustaquio.com.br\/#\/schema\/logo\/image\/\"},\"sameAs\":[\"https:\/\/www.facebook.com\/beatopadreeustaquio\/\",\"https:\/\/x.com\/beatopeustaquio\",\"https:\/\/www.instagram.com\/beatopadreeustaquio\/\",\"https:\/\/www.youtube.com\/channel\/UCRhw7vfabnajwLxb1ZXMeIw\"]},{\"@type\":\"Person\",\"@id\":\"https:\/\/www.padreeustaquio.com.br\/#\/schema\/person\/a2a51db1d00f1a7af0204a0f1ddb1566\",\"name\":\"@sscc\",\"image\":{\"@type\":\"ImageObject\",\"inLanguage\":\"es\",\"@id\":\"https:\/\/secure.gravatar.com\/avatar\/68cfafa5f44617fea54071e215026e0ff06be366c3d54a8425f04fdcb86f8c5f?s=96&d=mm&r=g\",\"url\":\"https:\/\/secure.gravatar.com\/avatar\/68cfafa5f44617fea54071e215026e0ff06be366c3d54a8425f04fdcb86f8c5f?s=96&d=mm&r=g\",\"contentUrl\":\"https:\/\/secure.gravatar.com\/avatar\/68cfafa5f44617fea54071e215026e0ff06be366c3d54a8425f04fdcb86f8c5f?s=96&d=mm&r=g\",\"caption\":\"@sscc\"},\"url\":\"https:\/\/www.padreeustaquio.com.br\/es\/author\/sscc\/\"}]}<\/script>\n<!-- \/ Yoast SEO plugin. -->","yoast_head_json":{"title":"Congregaci\u00f3n de los Sagrados Corazones realizar\u00e1 Encuentro Vocacional en l\u00ednea - Padre Eust\u00e1quio","robots":{"index":"index","follow":"follow","max-snippet":"max-snippet:-1","max-image-preview":"max-image-preview:large","max-video-preview":"max-video-preview:-1"},"canonical":"https:\/\/www.padreeustaquio.com.br\/es\/la-congregacion-de-los-sagrados-corazones-realizara-un-encuentro-vocacional-online\/","og_locale":"es_ES","og_type":"article","og_title":"Congrega\u00e7\u00e3o dos Sagrados Cora\u00e7\u00f5es vai realizar Encontro Vocacional online - Padre Eust\u00e1quio","og_description":"O Encontro Vocacional Sagrados Cora\u00e7\u00f5es est\u00e1 marcado para o dia 20 de mar\u00e7o de 2021 e ser\u00e1 um espa\u00e7o de ora\u00e7\u00e3o, conhecimento m\u00fatuo e partilha de experi\u00eancia. O evento ser\u00e1 totalmente online e gratuito. Este \u00e9 considerado um primeiro contato com a vida religiosa consagrada, destinado aos jovens que desejam descobrir e discernir o chamado de Deus para ser padre e\/ou religioso. O encontro ser\u00e1 coordenado por irm\u00e3os e padres religiosos da Congrega\u00e7\u00e3o dos Sagrados Cora\u00e7\u00f5es, que ir\u00e3o expor alguns tra\u00e7os fundamentais do carisma e espiritualidade da Congrega\u00e7\u00e3o, bem como motivar um ambiente de partilha, descoberta e ora\u00e7\u00e3o. Para se [&hellip;]","og_url":"https:\/\/www.padreeustaquio.com.br\/es\/la-congregacion-de-los-sagrados-corazones-realizara-un-encuentro-vocacional-online\/","og_site_name":"Padre Eust\u00e1quio","article_publisher":"https:\/\/www.facebook.com\/beatopadreeustaquio\/","article_published_time":"2021-02-23T10:39:15+00:00","article_modified_time":"2021-05-19T23:12:57+00:00","og_image":[{"width":1273,"height":710,"url":"https:\/\/www.padreeustaquio.com.br\/wp-content\/uploads\/2021\/02\/Vocacional-SSCC-e1613771428447.jpeg","type":"image\/jpeg"}],"author":"@sscc","twitter_card":"summary_large_image","twitter_creator":"@beatopeustaquio","twitter_site":"@beatopeustaquio","twitter_misc":{"Escrito por":"@sscc","Tiempo de lectura":"1 minuto"},"schema":{"@context":"https:\/\/schema.org","@graph":[{"@type":"Article","@id":"https:\/\/www.padreeustaquio.com.br\/congregacao-dos-sagrados-coracoes-vai-realizar-encontro-vocacional-online\/#article","isPartOf":{"@id":"https:\/\/www.padreeustaquio.com.br\/congregacao-dos-sagrados-coracoes-vai-realizar-encontro-vocacional-online\/"},"author":{"name":"@sscc","@id":"https:\/\/www.padreeustaquio.com.br\/#\/schema\/person\/a2a51db1d00f1a7af0204a0f1ddb1566"},"headline":"Congrega\u00e7\u00e3o dos Sagrados Cora\u00e7\u00f5es vai realizar Encontro Vocacional online","datePublished":"2021-02-23T10:39:15+00:00","dateModified":"2021-05-19T23:12:57+00:00","mainEntityOfPage":{"@id":"https:\/\/www.padreeustaquio.com.br\/congregacao-dos-sagrados-coracoes-vai-realizar-encontro-vocacional-online\/"},"wordCount":198,"commentCount":0,"publisher":{"@id":"https:\/\/www.padreeustaquio.com.br\/#organization"},"image":{"@id":"https:\/\/www.padreeustaquio.com.br\/congregacao-dos-sagrados-coracoes-vai-realizar-encontro-vocacional-online\/#primaryimage"},"thumbnailUrl":"https:\/\/www.padreeustaquio.com.br\/wp-content\/uploads\/2021\/02\/Vocacional-SSCC-e1613771428447.jpeg","articleSection":["Not\u00edcias"],"inLanguage":"es","potentialAction":[{"@type":"CommentAction","name":"Comment","target":["https:\/\/www.padreeustaquio.com.br\/congregacao-dos-sagrados-coracoes-vai-realizar-encontro-vocacional-online\/#respond"]}]},{"@type":"WebPage","@id":"https:\/\/www.padreeustaquio.com.br\/congregacao-dos-sagrados-coracoes-vai-realizar-encontro-vocacional-online\/","url":"https:\/\/www.padreeustaquio.com.br\/congregacao-dos-sagrados-coracoes-vai-realizar-encontro-vocacional-online\/","name":"Congregaci\u00f3n de los Sagrados Corazones realizar\u00e1 Encuentro Vocacional en l\u00ednea - Padre Eust\u00e1quio","isPartOf":{"@id":"https:\/\/www.padreeustaquio.com.br\/#website"},"primaryImageOfPage":{"@id":"https:\/\/www.padreeustaquio.com.br\/congregacao-dos-sagrados-coracoes-vai-realizar-encontro-vocacional-online\/#primaryimage"},"image":{"@id":"https:\/\/www.padreeustaquio.com.br\/congregacao-dos-sagrados-coracoes-vai-realizar-encontro-vocacional-online\/#primaryimage"},"thumbnailUrl":"https:\/\/www.padreeustaquio.com.br\/wp-content\/uploads\/2021\/02\/Vocacional-SSCC-e1613771428447.jpeg","datePublished":"2021-02-23T10:39:15+00:00","dateModified":"2021-05-19T23:12:57+00:00","breadcrumb":{"@id":"https:\/\/www.padreeustaquio.com.br\/congregacao-dos-sagrados-coracoes-vai-realizar-encontro-vocacional-online\/#breadcrumb"},"inLanguage":"es","potentialAction":[{"@type":"ReadAction","target":["https:\/\/www.padreeustaquio.com.br\/congregacao-dos-sagrados-coracoes-vai-realizar-encontro-vocacional-online\/"]}]},{"@type":"ImageObject","inLanguage":"es","@id":"https:\/\/www.padreeustaquio.com.br\/congregacao-dos-sagrados-coracoes-vai-realizar-encontro-vocacional-online\/#primaryimage","url":"https:\/\/www.padreeustaquio.com.br\/wp-content\/uploads\/2021\/02\/Vocacional-SSCC-e1613771428447.jpeg","contentUrl":"https:\/\/www.padreeustaquio.com.br\/wp-content\/uploads\/2021\/02\/Vocacional-SSCC-e1613771428447.jpeg","width":1273,"height":710},{"@type":"BreadcrumbList","@id":"https:\/\/www.padreeustaquio.com.br\/congregacao-dos-sagrados-coracoes-vai-realizar-encontro-vocacional-online\/#breadcrumb","itemListElement":[{"@type":"ListItem","position":1,"name":"In\u00edcio","item":"https:\/\/www.padreeustaquio.com.br\/"},{"@type":"ListItem","position":2,"name":"Congrega\u00e7\u00e3o dos Sagrados Cora\u00e7\u00f5es vai realizar Encontro Vocacional online"}]},{"@type":"WebSite","@id":"https:\/\/www.padreeustaquio.com.br\/#website","url":"https:\/\/www.padreeustaquio.com.br\/","name":"Padre Eustace","description":"Salud y Paz","publisher":{"@id":"https:\/\/www.padreeustaquio.com.br\/#organization"},"potentialAction":[{"@type":"SearchAction","target":{"@type":"EntryPoint","urlTemplate":"https:\/\/www.padreeustaquio.com.br\/?s={search_term_string}"},"query-input":{"@type":"PropertyValueSpecification","valueRequired":true,"valueName":"search_term_string"}}],"inLanguage":"es"},{"@type":"Organization","@id":"https:\/\/www.padreeustaquio.com.br\/#organization","name":"Padre Eustace","url":"https:\/\/www.padreeustaquio.com.br\/","logo":{"@type":"ImageObject","inLanguage":"es","@id":"https:\/\/www.padreeustaquio.com.br\/#\/schema\/logo\/image\/","url":"https:\/\/www.padreeustaquio.com.br\/wp-content\/uploads\/2019\/08\/marca.png","contentUrl":"https:\/\/www.padreeustaquio.com.br\/wp-content\/uploads\/2019\/08\/marca.png","width":350,"height":400,"caption":"Padre Eust\u00e1quio"},"image":{"@id":"https:\/\/www.padreeustaquio.com.br\/#\/schema\/logo\/image\/"},"sameAs":["https:\/\/www.facebook.com\/beatopadreeustaquio\/","https:\/\/x.com\/beatopeustaquio","https:\/\/www.instagram.com\/beatopadreeustaquio\/","https:\/\/www.youtube.com\/channel\/UCRhw7vfabnajwLxb1ZXMeIw"]},{"@type":"Person","@id":"https:\/\/www.padreeustaquio.com.br\/#\/schema\/person\/a2a51db1d00f1a7af0204a0f1ddb1566","name":"@sscc","image":{"@type":"ImageObject","inLanguage":"es","@id":"https:\/\/secure.gravatar.com\/avatar\/68cfafa5f44617fea54071e215026e0ff06be366c3d54a8425f04fdcb86f8c5f?s=96&d=mm&r=g","url":"https:\/\/secure.gravatar.com\/avatar\/68cfafa5f44617fea54071e215026e0ff06be366c3d54a8425f04fdcb86f8c5f?s=96&d=mm&r=g","contentUrl":"https:\/\/secure.gravatar.com\/avatar\/68cfafa5f44617fea54071e215026e0ff06be366c3d54a8425f04fdcb86f8c5f?s=96&d=mm&r=g","caption":"@sscc"},"url":"https:\/\/www.padreeustaquio.com.br\/es\/author\/sscc\/"}]}},"_links":{"self":[{"href":"https:\/\/www.padreeustaquio.com.br\/es\/wp-json\/wp\/v2\/posts\/5127","targetHints":{"allow":["GET"]}}],"collection":[{"href":"https:\/\/www.padreeustaquio.com.br\/es\/wp-json\/wp\/v2\/posts"}],"about":[{"href":"https:\/\/www.padreeustaquio.com.br\/es\/wp-json\/wp\/v2\/types\/post"}],"author":[{"embeddable":true,"href":"https:\/\/www.padreeustaquio.com.br\/es\/wp-json\/wp\/v2\/users\/2"}],"replies":[{"embeddable":true,"href":"https:\/\/www.padreeustaquio.com.br\/es\/wp-json\/wp\/v2\/comments?post=5127"}],"version-history":[{"count":0,"href":"https:\/\/www.padreeustaquio.com.br\/es\/wp-json\/wp\/v2\/posts\/5127\/revisions"}],"wp:featuredmedia":[{"embeddable":true,"href":"https:\/\/www.padreeustaquio.com.br\/es\/wp-json\/wp\/v2\/media\/5128"}],"wp:attachment":[{"href":"https:\/\/www.padreeustaquio.com.br\/es\/wp-json\/wp\/v2\/media?parent=5127"}],"wp:term":[{"taxonomy":"category","embeddable":true,"href":"https:\/\/www.padreeustaquio.com.br\/es\/wp-json\/wp\/v2\/categories?post=5127"},{"taxonomy":"post_tag","embeddable":true,"href":"https:\/\/www.padreeustaquio.com.br\/es\/wp-json\/wp\/v2\/tags?post=5127"}],"curies":[{"name":"wp","href":"https:\/\/api.w.org\/{rel}","templated":true}]}}