{"id":5095,"date":"2021-02-17T19:47:15","date_gmt":"2021-02-17T22:47:15","guid":{"rendered":"https:\/\/www.padreeustaquio.com.br\/?p=5095"},"modified":"2021-02-17T19:47:15","modified_gmt":"2021-02-17T22:47:15","slug":"el-monumento-al-padre-eustaquio-tendra-un-jardin-revitalizado","status":"publish","type":"post","link":"https:\/\/www.padreeustaquio.com.br\/es\/el-monumento-al-padre-eustaquio-tendra-un-jardin-revitalizado\/","title":{"rendered":"El Memorial Padre Eust\u00e1quio tendr\u00e1 un jard\u00edn revitalizado."},"content":{"rendered":"<p>Una familia devota del Padre Eustaquio, con el objetivo de honrar al Beato, don\u00f3 la revitalizaci\u00f3n completa de los jardines del Memorial dedicado al Beato, en el Santuario de la Salud y la Paz.<\/p>\n<p>Los trabajos comenzaron este martes (16 de febrero) y continuar\u00e1n hasta el fin de semana. En total, se plantaron 1500 pl\u00e1ntulas de diversas especies, junto con aproximadamente 200 metros de c\u00e9sped.<\/p>\n<p>Adem\u00e1s de los jardines del Memorial, tambi\u00e9n se realizar\u00e1n revitalizaciones en la entrada lateral de la iglesia, cerca de la oficina parroquial y de la Tienda Padre Eust\u00e1quio.<\/p>\n<p>La empresa responsable del proyecto es MBM Paisagismo, la misma que trabaj\u00f3 en el proyecto de paisajismo del Aeropuerto de Confins y fue premiada en los eventos de Casa Cor en Belo Horizonte.<\/p>\n\n\t\t<style type=\"text\/css\">\n\t\t\t#gallery-1 {\n\t\t\t\tmargin: auto;\n\t\t\t}\n\t\t\t#gallery-1 .gallery-item {\n\t\t\t\tfloat: left;\n\t\t\t\tmargin-top: 10px;\n\t\t\t\ttext-align: center;\n\t\t\t\twidth: 33%;\n\t\t\t}\n\t\t\t#gallery-1 img {\n\t\t\t\tborder: 2px solid #cfcfcf;\n\t\t\t}\n\t\t\t#gallery-1 .gallery-caption {\n\t\t\t\tmargin-left: 0;\n\t\t\t}\n\t\t\t\/* see gallery_shortcode() in wp-includes\/media.php *\/\n\t\t<\/style>\n\t\t<div id='gallery-1' class='gallery galleryid-5095 gallery-columns-3 gallery-size-thumbnail'><dl class='gallery-item'>\n\t\t\t<dt class='gallery-icon portrait'>\n\t\t\t\t<a href='https:\/\/www.padreeustaquio.com.br\/es\/el-monumento-al-padre-eustaquio-tendra-un-jardin-revitalizado\/revitalizacao-1\/'><img decoding=\"async\" width=\"150\" height=\"150\" src=\"https:\/\/www.padreeustaquio.com.br\/wp-content\/uploads\/2021\/02\/Revitaliza\u00e7\u00e3o-1-150x150.jpeg\" class=\"attachment-thumbnail size-thumbnail\" alt=\"\" srcset=\"https:\/\/www.padreeustaquio.com.br\/wp-content\/uploads\/2021\/02\/Revitaliza\u00e7\u00e3o-1-150x150.jpeg 150w, https:\/\/www.padreeustaquio.com.br\/wp-content\/uploads\/2021\/02\/Revitaliza\u00e7\u00e3o-1-180x180.jpeg 180w, https:\/\/www.padreeustaquio.com.br\/wp-content\/uploads\/2021\/02\/Revitaliza\u00e7\u00e3o-1-400x400.jpeg 400w, https:\/\/www.padreeustaquio.com.br\/wp-content\/uploads\/2021\/02\/Revitaliza\u00e7\u00e3o-1-600x600.jpeg 600w\" sizes=\"(max-width: 150px) 100vw, 150px\" \/><\/a>\n\t\t\t<\/dt><\/dl><dl class='gallery-item'>\n\t\t\t<dt class='gallery-icon landscape'>\n\t\t\t\t<a href='https:\/\/www.padreeustaquio.com.br\/es\/el-monumento-al-padre-eustaquio-tendra-un-jardin-revitalizado\/revitalizacao-2\/'><img decoding=\"async\" width=\"150\" height=\"150\" src=\"https:\/\/www.padreeustaquio.com.br\/wp-content\/uploads\/2021\/02\/Revitaliza\u00e7\u00e3o-2-150x150.jpeg\" class=\"attachment-thumbnail size-thumbnail\" alt=\"\" srcset=\"https:\/\/www.padreeustaquio.com.br\/wp-content\/uploads\/2021\/02\/Revitaliza\u00e7\u00e3o-2-150x150.jpeg 150w, https:\/\/www.padreeustaquio.com.br\/wp-content\/uploads\/2021\/02\/Revitaliza\u00e7\u00e3o-2-180x180.jpeg 180w, https:\/\/www.padreeustaquio.com.br\/wp-content\/uploads\/2021\/02\/Revitaliza\u00e7\u00e3o-2-400x400.jpeg 400w, https:\/\/www.padreeustaquio.com.br\/wp-content\/uploads\/2021\/02\/Revitaliza\u00e7\u00e3o-2-600x600.jpeg 600w\" sizes=\"(max-width: 150px) 100vw, 150px\" \/><\/a>\n\t\t\t<\/dt><\/dl><dl class='gallery-item'>\n\t\t\t<dt class='gallery-icon landscape'>\n\t\t\t\t<a href='https:\/\/www.padreeustaquio.com.br\/es\/el-monumento-al-padre-eustaquio-tendra-un-jardin-revitalizado\/revitalizacao-4\/'><img decoding=\"async\" width=\"150\" height=\"150\" src=\"https:\/\/www.padreeustaquio.com.br\/wp-content\/uploads\/2021\/02\/Revitaliza\u00e7\u00e3o-4-150x150.jpeg\" class=\"attachment-thumbnail size-thumbnail\" alt=\"\" srcset=\"https:\/\/www.padreeustaquio.com.br\/wp-content\/uploads\/2021\/02\/Revitaliza\u00e7\u00e3o-4-150x150.jpeg 150w, https:\/\/www.padreeustaquio.com.br\/wp-content\/uploads\/2021\/02\/Revitaliza\u00e7\u00e3o-4-180x180.jpeg 180w, https:\/\/www.padreeustaquio.com.br\/wp-content\/uploads\/2021\/02\/Revitaliza\u00e7\u00e3o-4-400x400.jpeg 400w, https:\/\/www.padreeustaquio.com.br\/wp-content\/uploads\/2021\/02\/Revitaliza\u00e7\u00e3o-4-600x600.jpeg 600w\" sizes=\"(max-width: 150px) 100vw, 150px\" \/><\/a>\n\t\t\t<\/dt><\/dl><br style=\"clear: both\" \/><dl class='gallery-item'>\n\t\t\t<dt class='gallery-icon landscape'>\n\t\t\t\t<a href='https:\/\/www.padreeustaquio.com.br\/es\/el-monumento-al-padre-eustaquio-tendra-un-jardin-revitalizado\/revitalizacao-5\/'><img loading=\"lazy\" decoding=\"async\" width=\"150\" height=\"150\" src=\"https:\/\/www.padreeustaquio.com.br\/wp-content\/uploads\/2021\/02\/Revitaliza\u00e7\u00e3o-5-150x150.jpeg\" class=\"attachment-thumbnail size-thumbnail\" alt=\"\" srcset=\"https:\/\/www.padreeustaquio.com.br\/wp-content\/uploads\/2021\/02\/Revitaliza\u00e7\u00e3o-5-150x150.jpeg 150w, https:\/\/www.padreeustaquio.com.br\/wp-content\/uploads\/2021\/02\/Revitaliza\u00e7\u00e3o-5-180x180.jpeg 180w, https:\/\/www.padreeustaquio.com.br\/wp-content\/uploads\/2021\/02\/Revitaliza\u00e7\u00e3o-5-400x400.jpeg 400w, https:\/\/www.padreeustaquio.com.br\/wp-content\/uploads\/2021\/02\/Revitaliza\u00e7\u00e3o-5-600x600.jpeg 600w\" sizes=\"(max-width: 150px) 100vw, 150px\" \/><\/a>\n\t\t\t<\/dt><\/dl><dl class='gallery-item'>\n\t\t\t<dt class='gallery-icon portrait'>\n\t\t\t\t<a href='https:\/\/www.padreeustaquio.com.br\/es\/el-monumento-al-padre-eustaquio-tendra-un-jardin-revitalizado\/revitalizacao-7\/'><img loading=\"lazy\" decoding=\"async\" width=\"150\" height=\"150\" src=\"https:\/\/www.padreeustaquio.com.br\/wp-content\/uploads\/2021\/02\/Revitaliza\u00e7\u00e3o-7-150x150.jpeg\" class=\"attachment-thumbnail size-thumbnail\" alt=\"\" srcset=\"https:\/\/www.padreeustaquio.com.br\/wp-content\/uploads\/2021\/02\/Revitaliza\u00e7\u00e3o-7-150x150.jpeg 150w, https:\/\/www.padreeustaquio.com.br\/wp-content\/uploads\/2021\/02\/Revitaliza\u00e7\u00e3o-7-180x180.jpeg 180w, https:\/\/www.padreeustaquio.com.br\/wp-content\/uploads\/2021\/02\/Revitaliza\u00e7\u00e3o-7-400x400.jpeg 400w, https:\/\/www.padreeustaquio.com.br\/wp-content\/uploads\/2021\/02\/Revitaliza\u00e7\u00e3o-7-600x600.jpeg 600w\" sizes=\"(max-width: 150px) 100vw, 150px\" \/><\/a>\n\t\t\t<\/dt><\/dl><dl class='gallery-item'>\n\t\t\t<dt class='gallery-icon landscape'>\n\t\t\t\t<a href='https:\/\/www.padreeustaquio.com.br\/es\/el-monumento-al-padre-eustaquio-tendra-un-jardin-revitalizado\/revitalizacao-3\/'><img loading=\"lazy\" decoding=\"async\" width=\"150\" height=\"150\" src=\"https:\/\/www.padreeustaquio.com.br\/wp-content\/uploads\/2021\/02\/Revitaliza\u00e7\u00e3o-3-e1613601675971-150x150.jpeg\" class=\"attachment-thumbnail size-thumbnail\" alt=\"\" srcset=\"https:\/\/www.padreeustaquio.com.br\/wp-content\/uploads\/2021\/02\/Revitaliza\u00e7\u00e3o-3-e1613601675971-150x150.jpeg 150w, https:\/\/www.padreeustaquio.com.br\/wp-content\/uploads\/2021\/02\/Revitaliza\u00e7\u00e3o-3-e1613601675971-180x180.jpeg 180w, https:\/\/www.padreeustaquio.com.br\/wp-content\/uploads\/2021\/02\/Revitaliza\u00e7\u00e3o-3-e1613601675971-400x400.jpeg 400w\" sizes=\"(max-width: 150px) 100vw, 150px\" \/><\/a>\n\t\t\t<\/dt><\/dl><br style=\"clear: both\" \/>\n\t\t<\/div>","protected":false},"excerpt":{"rendered":"<p>Uma fam\u00edlia devota de Padre Eust\u00e1quio, com o objetivo de homenagear o Beato, doou a revitaliza\u00e7\u00e3o completa dos jardins do Memorial dedicado ao Bem-Aventurado, no Santu\u00e1rio Sa\u00fade e Paz. O Trabalho come\u00e7ou nessa ter\u00e7a-feira (16\/02) e vai at\u00e9 o fim de semana. Ao todo, 1500 mudas de diversas esp\u00e9cies foram plantadas e cerca de 200 metros de grama. Al\u00e9m dos jardins do Memorial, a revitaliza\u00e7\u00e3o ser\u00e1 feita tamb\u00e9m na entrada lateral da igreja, pr\u00f3ximo \u00e0 secretaria paroquial e da Loja Padre Eust\u00e1quio. A empresa respons\u00e1vel pela obra \u00e9 a MBM Paisagismo, mesma que trabalhou no projeto de jardinagem do Aeroporto [&hellip;]<\/p>\n","protected":false},"author":2,"featured_media":5102,"comment_status":"open","ping_status":"open","sticky":false,"template":"","format":"standard","meta":{"_acf_changed":false,"footnotes":""},"categories":[611],"tags":[],"class_list":["post-5095","post","type-post","status-publish","format-standard","has-post-thumbnail","hentry","category-noticias"],"acf":[],"yoast_head":"<!-- This site is optimized with the Yoast SEO plugin v27.2 - https:\/\/yoast.com\/product\/yoast-seo-wordpress\/ -->\n<title>Memorial do Padre Eust\u00e1quio ganha revitaliza\u00e7\u00e3o do jardim - Padre Eust\u00e1quio<\/title>\n<meta name=\"robots\" content=\"index, follow, max-snippet:-1, max-image-preview:large, max-video-preview:-1\" \/>\n<link rel=\"canonical\" href=\"https:\/\/www.padreeustaquio.com.br\/es\/el-monumento-al-padre-eustaquio-tendra-un-jardin-revitalizado\/\" \/>\n<meta property=\"og:locale\" content=\"es_ES\" \/>\n<meta property=\"og:type\" content=\"article\" \/>\n<meta property=\"og:title\" content=\"Memorial do Padre Eust\u00e1quio ganha revitaliza\u00e7\u00e3o do jardim - Padre Eust\u00e1quio\" \/>\n<meta property=\"og:description\" content=\"Uma fam\u00edlia devota de Padre Eust\u00e1quio, com o objetivo de homenagear o Beato, doou a revitaliza\u00e7\u00e3o completa dos jardins do Memorial dedicado ao Bem-Aventurado, no Santu\u00e1rio Sa\u00fade e Paz. O Trabalho come\u00e7ou nessa ter\u00e7a-feira (16\/02) e vai at\u00e9 o fim de semana. Ao todo, 1500 mudas de diversas esp\u00e9cies foram plantadas e cerca de 200 metros de grama. Al\u00e9m dos jardins do Memorial, a revitaliza\u00e7\u00e3o ser\u00e1 feita tamb\u00e9m na entrada lateral da igreja, pr\u00f3ximo \u00e0 secretaria paroquial e da Loja Padre Eust\u00e1quio. A empresa respons\u00e1vel pela obra \u00e9 a MBM Paisagismo, mesma que trabalhou no projeto de jardinagem do Aeroporto [&hellip;]\" \/>\n<meta property=\"og:url\" content=\"https:\/\/www.padreeustaquio.com.br\/es\/el-monumento-al-padre-eustaquio-tendra-un-jardin-revitalizado\/\" \/>\n<meta property=\"og:site_name\" content=\"Padre Eust\u00e1quio\" \/>\n<meta property=\"article:publisher\" content=\"https:\/\/www.facebook.com\/beatopadreeustaquio\/\" \/>\n<meta property=\"article:published_time\" content=\"2021-02-17T22:47:15+00:00\" \/>\n<meta property=\"og:image\" content=\"https:\/\/www.padreeustaquio.com.br\/wp-content\/uploads\/2021\/02\/Revitaliza\u00e7\u00e3o-6-e1613601964480.jpeg\" \/>\n\t<meta property=\"og:image:width\" content=\"774\" \/>\n\t<meta property=\"og:image:height\" content=\"670\" \/>\n\t<meta property=\"og:image:type\" content=\"image\/jpeg\" \/>\n<meta name=\"author\" content=\"@sscc\" \/>\n<meta name=\"twitter:card\" content=\"summary_large_image\" \/>\n<meta name=\"twitter:creator\" content=\"@beatopeustaquio\" \/>\n<meta name=\"twitter:site\" content=\"@beatopeustaquio\" \/>\n<meta name=\"twitter:label1\" content=\"Escrito por\" \/>\n\t<meta name=\"twitter:data1\" content=\"@sscc\" \/>\n\t<meta name=\"twitter:label2\" content=\"Tiempo de lectura\" \/>\n\t<meta name=\"twitter:data2\" content=\"1 minuto\" \/>\n<script type=\"application\/ld+json\" class=\"yoast-schema-graph\">{\"@context\":\"https:\/\/schema.org\",\"@graph\":[{\"@type\":\"Article\",\"@id\":\"https:\/\/www.padreeustaquio.com.br\/memorial-do-padre-eustaquio-ganha-revitalizacao-do-jardim\/#article\",\"isPartOf\":{\"@id\":\"https:\/\/www.padreeustaquio.com.br\/memorial-do-padre-eustaquio-ganha-revitalizacao-do-jardim\/\"},\"author\":{\"name\":\"@sscc\",\"@id\":\"https:\/\/www.padreeustaquio.com.br\/#\/schema\/person\/a2a51db1d00f1a7af0204a0f1ddb1566\"},\"headline\":\"Memorial do Padre Eust\u00e1quio ganha revitaliza\u00e7\u00e3o do jardim\",\"datePublished\":\"2021-02-17T22:47:15+00:00\",\"mainEntityOfPage\":{\"@id\":\"https:\/\/www.padreeustaquio.com.br\/memorial-do-padre-eustaquio-ganha-revitalizacao-do-jardim\/\"},\"wordCount\":134,\"commentCount\":0,\"publisher\":{\"@id\":\"https:\/\/www.padreeustaquio.com.br\/#organization\"},\"image\":{\"@id\":\"https:\/\/www.padreeustaquio.com.br\/memorial-do-padre-eustaquio-ganha-revitalizacao-do-jardim\/#primaryimage\"},\"thumbnailUrl\":\"https:\/\/www.padreeustaquio.com.br\/wp-content\/uploads\/2021\/02\/Revitaliza\u00e7\u00e3o-6-e1613601964480.jpeg\",\"articleSection\":[\"Not\u00edcias\"],\"inLanguage\":\"es\",\"potentialAction\":[{\"@type\":\"CommentAction\",\"name\":\"Comment\",\"target\":[\"https:\/\/www.padreeustaquio.com.br\/memorial-do-padre-eustaquio-ganha-revitalizacao-do-jardim\/#respond\"]}]},{\"@type\":\"WebPage\",\"@id\":\"https:\/\/www.padreeustaquio.com.br\/memorial-do-padre-eustaquio-ganha-revitalizacao-do-jardim\/\",\"url\":\"https:\/\/www.padreeustaquio.com.br\/memorial-do-padre-eustaquio-ganha-revitalizacao-do-jardim\/\",\"name\":\"Memorial do Padre Eust\u00e1quio ganha revitaliza\u00e7\u00e3o do jardim - Padre Eust\u00e1quio\",\"isPartOf\":{\"@id\":\"https:\/\/www.padreeustaquio.com.br\/#website\"},\"primaryImageOfPage\":{\"@id\":\"https:\/\/www.padreeustaquio.com.br\/memorial-do-padre-eustaquio-ganha-revitalizacao-do-jardim\/#primaryimage\"},\"image\":{\"@id\":\"https:\/\/www.padreeustaquio.com.br\/memorial-do-padre-eustaquio-ganha-revitalizacao-do-jardim\/#primaryimage\"},\"thumbnailUrl\":\"https:\/\/www.padreeustaquio.com.br\/wp-content\/uploads\/2021\/02\/Revitaliza\u00e7\u00e3o-6-e1613601964480.jpeg\",\"datePublished\":\"2021-02-17T22:47:15+00:00\",\"breadcrumb\":{\"@id\":\"https:\/\/www.padreeustaquio.com.br\/memorial-do-padre-eustaquio-ganha-revitalizacao-do-jardim\/#breadcrumb\"},\"inLanguage\":\"es\",\"potentialAction\":[{\"@type\":\"ReadAction\",\"target\":[\"https:\/\/www.padreeustaquio.com.br\/memorial-do-padre-eustaquio-ganha-revitalizacao-do-jardim\/\"]}]},{\"@type\":\"ImageObject\",\"inLanguage\":\"es\",\"@id\":\"https:\/\/www.padreeustaquio.com.br\/memorial-do-padre-eustaquio-ganha-revitalizacao-do-jardim\/#primaryimage\",\"url\":\"https:\/\/www.padreeustaquio.com.br\/wp-content\/uploads\/2021\/02\/Revitaliza\u00e7\u00e3o-6-e1613601964480.jpeg\",\"contentUrl\":\"https:\/\/www.padreeustaquio.com.br\/wp-content\/uploads\/2021\/02\/Revitaliza\u00e7\u00e3o-6-e1613601964480.jpeg\",\"width\":774,\"height\":670},{\"@type\":\"BreadcrumbList\",\"@id\":\"https:\/\/www.padreeustaquio.com.br\/memorial-do-padre-eustaquio-ganha-revitalizacao-do-jardim\/#breadcrumb\",\"itemListElement\":[{\"@type\":\"ListItem\",\"position\":1,\"name\":\"In\u00edcio\",\"item\":\"https:\/\/www.padreeustaquio.com.br\/\"},{\"@type\":\"ListItem\",\"position\":2,\"name\":\"Memorial do Padre Eust\u00e1quio ganha revitaliza\u00e7\u00e3o do jardim\"}]},{\"@type\":\"WebSite\",\"@id\":\"https:\/\/www.padreeustaquio.com.br\/#website\",\"url\":\"https:\/\/www.padreeustaquio.com.br\/\",\"name\":\"Padre Eust\u00e1quio\",\"description\":\"Sa\u00fade e Paz\",\"publisher\":{\"@id\":\"https:\/\/www.padreeustaquio.com.br\/#organization\"},\"potentialAction\":[{\"@type\":\"SearchAction\",\"target\":{\"@type\":\"EntryPoint\",\"urlTemplate\":\"https:\/\/www.padreeustaquio.com.br\/?s={search_term_string}\"},\"query-input\":{\"@type\":\"PropertyValueSpecification\",\"valueRequired\":true,\"valueName\":\"search_term_string\"}}],\"inLanguage\":\"es\"},{\"@type\":\"Organization\",\"@id\":\"https:\/\/www.padreeustaquio.com.br\/#organization\",\"name\":\"Padre Eust\u00e1quio\",\"url\":\"https:\/\/www.padreeustaquio.com.br\/\",\"logo\":{\"@type\":\"ImageObject\",\"inLanguage\":\"es\",\"@id\":\"https:\/\/www.padreeustaquio.com.br\/#\/schema\/logo\/image\/\",\"url\":\"https:\/\/www.padreeustaquio.com.br\/wp-content\/uploads\/2019\/08\/marca.png\",\"contentUrl\":\"https:\/\/www.padreeustaquio.com.br\/wp-content\/uploads\/2019\/08\/marca.png\",\"width\":350,\"height\":400,\"caption\":\"Padre Eust\u00e1quio\"},\"image\":{\"@id\":\"https:\/\/www.padreeustaquio.com.br\/#\/schema\/logo\/image\/\"},\"sameAs\":[\"https:\/\/www.facebook.com\/beatopadreeustaquio\/\",\"https:\/\/x.com\/beatopeustaquio\",\"https:\/\/www.instagram.com\/beatopadreeustaquio\/\",\"https:\/\/www.youtube.com\/channel\/UCRhw7vfabnajwLxb1ZXMeIw\"]},{\"@type\":\"Person\",\"@id\":\"https:\/\/www.padreeustaquio.com.br\/#\/schema\/person\/a2a51db1d00f1a7af0204a0f1ddb1566\",\"name\":\"@sscc\",\"image\":{\"@type\":\"ImageObject\",\"inLanguage\":\"es\",\"@id\":\"https:\/\/secure.gravatar.com\/avatar\/68cfafa5f44617fea54071e215026e0ff06be366c3d54a8425f04fdcb86f8c5f?s=96&d=mm&r=g\",\"url\":\"https:\/\/secure.gravatar.com\/avatar\/68cfafa5f44617fea54071e215026e0ff06be366c3d54a8425f04fdcb86f8c5f?s=96&d=mm&r=g\",\"contentUrl\":\"https:\/\/secure.gravatar.com\/avatar\/68cfafa5f44617fea54071e215026e0ff06be366c3d54a8425f04fdcb86f8c5f?s=96&d=mm&r=g\",\"caption\":\"@sscc\"},\"url\":\"https:\/\/www.padreeustaquio.com.br\/es\/author\/sscc\/\"}]}<\/script>\n<!-- \/ Yoast SEO plugin. -->","yoast_head_json":{"title":"Memorial Padre Eust\u00e1quio recibe jard\u00edn revitalizado - Padre Eust\u00e1quio","robots":{"index":"index","follow":"follow","max-snippet":"max-snippet:-1","max-image-preview":"max-image-preview:large","max-video-preview":"max-video-preview:-1"},"canonical":"https:\/\/www.padreeustaquio.com.br\/es\/el-monumento-al-padre-eustaquio-tendra-un-jardin-revitalizado\/","og_locale":"es_ES","og_type":"article","og_title":"Memorial do Padre Eust\u00e1quio ganha revitaliza\u00e7\u00e3o do jardim - Padre Eust\u00e1quio","og_description":"Uma fam\u00edlia devota de Padre Eust\u00e1quio, com o objetivo de homenagear o Beato, doou a revitaliza\u00e7\u00e3o completa dos jardins do Memorial dedicado ao Bem-Aventurado, no Santu\u00e1rio Sa\u00fade e Paz. O Trabalho come\u00e7ou nessa ter\u00e7a-feira (16\/02) e vai at\u00e9 o fim de semana. Ao todo, 1500 mudas de diversas esp\u00e9cies foram plantadas e cerca de 200 metros de grama. Al\u00e9m dos jardins do Memorial, a revitaliza\u00e7\u00e3o ser\u00e1 feita tamb\u00e9m na entrada lateral da igreja, pr\u00f3ximo \u00e0 secretaria paroquial e da Loja Padre Eust\u00e1quio. A empresa respons\u00e1vel pela obra \u00e9 a MBM Paisagismo, mesma que trabalhou no projeto de jardinagem do Aeroporto [&hellip;]","og_url":"https:\/\/www.padreeustaquio.com.br\/es\/el-monumento-al-padre-eustaquio-tendra-un-jardin-revitalizado\/","og_site_name":"Padre Eust\u00e1quio","article_publisher":"https:\/\/www.facebook.com\/beatopadreeustaquio\/","article_published_time":"2021-02-17T22:47:15+00:00","og_image":[{"width":774,"height":670,"url":"https:\/\/www.padreeustaquio.com.br\/wp-content\/uploads\/2021\/02\/Revitaliza\u00e7\u00e3o-6-e1613601964480.jpeg","type":"image\/jpeg"}],"author":"@sscc","twitter_card":"summary_large_image","twitter_creator":"@beatopeustaquio","twitter_site":"@beatopeustaquio","twitter_misc":{"Escrito por":"@sscc","Tiempo de lectura":"1 minuto"},"schema":{"@context":"https:\/\/schema.org","@graph":[{"@type":"Article","@id":"https:\/\/www.padreeustaquio.com.br\/memorial-do-padre-eustaquio-ganha-revitalizacao-do-jardim\/#article","isPartOf":{"@id":"https:\/\/www.padreeustaquio.com.br\/memorial-do-padre-eustaquio-ganha-revitalizacao-do-jardim\/"},"author":{"name":"@sscc","@id":"https:\/\/www.padreeustaquio.com.br\/#\/schema\/person\/a2a51db1d00f1a7af0204a0f1ddb1566"},"headline":"Memorial do Padre Eust\u00e1quio ganha revitaliza\u00e7\u00e3o do jardim","datePublished":"2021-02-17T22:47:15+00:00","mainEntityOfPage":{"@id":"https:\/\/www.padreeustaquio.com.br\/memorial-do-padre-eustaquio-ganha-revitalizacao-do-jardim\/"},"wordCount":134,"commentCount":0,"publisher":{"@id":"https:\/\/www.padreeustaquio.com.br\/#organization"},"image":{"@id":"https:\/\/www.padreeustaquio.com.br\/memorial-do-padre-eustaquio-ganha-revitalizacao-do-jardim\/#primaryimage"},"thumbnailUrl":"https:\/\/www.padreeustaquio.com.br\/wp-content\/uploads\/2021\/02\/Revitaliza\u00e7\u00e3o-6-e1613601964480.jpeg","articleSection":["Not\u00edcias"],"inLanguage":"es","potentialAction":[{"@type":"CommentAction","name":"Comment","target":["https:\/\/www.padreeustaquio.com.br\/memorial-do-padre-eustaquio-ganha-revitalizacao-do-jardim\/#respond"]}]},{"@type":"WebPage","@id":"https:\/\/www.padreeustaquio.com.br\/memorial-do-padre-eustaquio-ganha-revitalizacao-do-jardim\/","url":"https:\/\/www.padreeustaquio.com.br\/memorial-do-padre-eustaquio-ganha-revitalizacao-do-jardim\/","name":"Memorial Padre Eust\u00e1quio recibe jard\u00edn revitalizado - Padre Eust\u00e1quio","isPartOf":{"@id":"https:\/\/www.padreeustaquio.com.br\/#website"},"primaryImageOfPage":{"@id":"https:\/\/www.padreeustaquio.com.br\/memorial-do-padre-eustaquio-ganha-revitalizacao-do-jardim\/#primaryimage"},"image":{"@id":"https:\/\/www.padreeustaquio.com.br\/memorial-do-padre-eustaquio-ganha-revitalizacao-do-jardim\/#primaryimage"},"thumbnailUrl":"https:\/\/www.padreeustaquio.com.br\/wp-content\/uploads\/2021\/02\/Revitaliza\u00e7\u00e3o-6-e1613601964480.jpeg","datePublished":"2021-02-17T22:47:15+00:00","breadcrumb":{"@id":"https:\/\/www.padreeustaquio.com.br\/memorial-do-padre-eustaquio-ganha-revitalizacao-do-jardim\/#breadcrumb"},"inLanguage":"es","potentialAction":[{"@type":"ReadAction","target":["https:\/\/www.padreeustaquio.com.br\/memorial-do-padre-eustaquio-ganha-revitalizacao-do-jardim\/"]}]},{"@type":"ImageObject","inLanguage":"es","@id":"https:\/\/www.padreeustaquio.com.br\/memorial-do-padre-eustaquio-ganha-revitalizacao-do-jardim\/#primaryimage","url":"https:\/\/www.padreeustaquio.com.br\/wp-content\/uploads\/2021\/02\/Revitaliza\u00e7\u00e3o-6-e1613601964480.jpeg","contentUrl":"https:\/\/www.padreeustaquio.com.br\/wp-content\/uploads\/2021\/02\/Revitaliza\u00e7\u00e3o-6-e1613601964480.jpeg","width":774,"height":670},{"@type":"BreadcrumbList","@id":"https:\/\/www.padreeustaquio.com.br\/memorial-do-padre-eustaquio-ganha-revitalizacao-do-jardim\/#breadcrumb","itemListElement":[{"@type":"ListItem","position":1,"name":"In\u00edcio","item":"https:\/\/www.padreeustaquio.com.br\/"},{"@type":"ListItem","position":2,"name":"Memorial do Padre Eust\u00e1quio ganha revitaliza\u00e7\u00e3o do jardim"}]},{"@type":"WebSite","@id":"https:\/\/www.padreeustaquio.com.br\/#website","url":"https:\/\/www.padreeustaquio.com.br\/","name":"Padre Eustace","description":"Salud y Paz","publisher":{"@id":"https:\/\/www.padreeustaquio.com.br\/#organization"},"potentialAction":[{"@type":"SearchAction","target":{"@type":"EntryPoint","urlTemplate":"https:\/\/www.padreeustaquio.com.br\/?s={search_term_string}"},"query-input":{"@type":"PropertyValueSpecification","valueRequired":true,"valueName":"search_term_string"}}],"inLanguage":"es"},{"@type":"Organization","@id":"https:\/\/www.padreeustaquio.com.br\/#organization","name":"Padre Eustace","url":"https:\/\/www.padreeustaquio.com.br\/","logo":{"@type":"ImageObject","inLanguage":"es","@id":"https:\/\/www.padreeustaquio.com.br\/#\/schema\/logo\/image\/","url":"https:\/\/www.padreeustaquio.com.br\/wp-content\/uploads\/2019\/08\/marca.png","contentUrl":"https:\/\/www.padreeustaquio.com.br\/wp-content\/uploads\/2019\/08\/marca.png","width":350,"height":400,"caption":"Padre Eust\u00e1quio"},"image":{"@id":"https:\/\/www.padreeustaquio.com.br\/#\/schema\/logo\/image\/"},"sameAs":["https:\/\/www.facebook.com\/beatopadreeustaquio\/","https:\/\/x.com\/beatopeustaquio","https:\/\/www.instagram.com\/beatopadreeustaquio\/","https:\/\/www.youtube.com\/channel\/UCRhw7vfabnajwLxb1ZXMeIw"]},{"@type":"Person","@id":"https:\/\/www.padreeustaquio.com.br\/#\/schema\/person\/a2a51db1d00f1a7af0204a0f1ddb1566","name":"@sscc","image":{"@type":"ImageObject","inLanguage":"es","@id":"https:\/\/secure.gravatar.com\/avatar\/68cfafa5f44617fea54071e215026e0ff06be366c3d54a8425f04fdcb86f8c5f?s=96&d=mm&r=g","url":"https:\/\/secure.gravatar.com\/avatar\/68cfafa5f44617fea54071e215026e0ff06be366c3d54a8425f04fdcb86f8c5f?s=96&d=mm&r=g","contentUrl":"https:\/\/secure.gravatar.com\/avatar\/68cfafa5f44617fea54071e215026e0ff06be366c3d54a8425f04fdcb86f8c5f?s=96&d=mm&r=g","caption":"@sscc"},"url":"https:\/\/www.padreeustaquio.com.br\/es\/author\/sscc\/"}]}},"_links":{"self":[{"href":"https:\/\/www.padreeustaquio.com.br\/es\/wp-json\/wp\/v2\/posts\/5095","targetHints":{"allow":["GET"]}}],"collection":[{"href":"https:\/\/www.padreeustaquio.com.br\/es\/wp-json\/wp\/v2\/posts"}],"about":[{"href":"https:\/\/www.padreeustaquio.com.br\/es\/wp-json\/wp\/v2\/types\/post"}],"author":[{"embeddable":true,"href":"https:\/\/www.padreeustaquio.com.br\/es\/wp-json\/wp\/v2\/users\/2"}],"replies":[{"embeddable":true,"href":"https:\/\/www.padreeustaquio.com.br\/es\/wp-json\/wp\/v2\/comments?post=5095"}],"version-history":[{"count":0,"href":"https:\/\/www.padreeustaquio.com.br\/es\/wp-json\/wp\/v2\/posts\/5095\/revisions"}],"wp:featuredmedia":[{"embeddable":true,"href":"https:\/\/www.padreeustaquio.com.br\/es\/wp-json\/wp\/v2\/media\/5102"}],"wp:attachment":[{"href":"https:\/\/www.padreeustaquio.com.br\/es\/wp-json\/wp\/v2\/media?parent=5095"}],"wp:term":[{"taxonomy":"category","embeddable":true,"href":"https:\/\/www.padreeustaquio.com.br\/es\/wp-json\/wp\/v2\/categories?post=5095"},{"taxonomy":"post_tag","embeddable":true,"href":"https:\/\/www.padreeustaquio.com.br\/es\/wp-json\/wp\/v2\/tags?post=5095"}],"curies":[{"name":"wp","href":"https:\/\/api.w.org\/{rel}","templated":true}]}}