{"id":5081,"date":"2021-02-19T07:51:36","date_gmt":"2021-02-19T10:51:36","guid":{"rendered":"https:\/\/www.padreeustaquio.com.br\/?p=5081"},"modified":"2021-02-16T19:58:32","modified_gmt":"2021-02-16T22:58:32","slug":"campana-de-damas-de-la-caridad-para-recaudar-fondos-para-medicamentos","status":"publish","type":"post","link":"https:\/\/www.padreeustaquio.com.br\/es\/campana-de-damas-de-la-caridad-para-recaudar-fondos-para-medicamentos\/","title":{"rendered":"Campa\u00f1a de Damas de la Caridad para recolectar medicamentos"},"content":{"rendered":"<p>Las Damas de la Caridad, una organizaci\u00f3n de trabajo social dirigida por voluntarios del Santuario de Salud y Paz, necesita medicamentos para donar a la farmacia de la organizaci\u00f3n.<\/p>\n<p>Las principales necesidades son medicamentos para la hipertensi\u00f3n, la diabetes, las enfermedades card\u00edacas y los analg\u00e9sicos. Sin embargo, se acepta cualquier medicamento en la farmacia, siempre que est\u00e9 dentro de su fecha de caducidad.<\/p>\n<p>Adem\u00e1s de los medicamentos, existe una gran demanda de sillas de ruedas y sillas de ba\u00f1o, entre otros productos relacionados con la salud.<\/p>\n<p>Se informa que las donaciones ser\u00e1n destinadas a familias necesitadas del barrio Padre Eust\u00e1quio y zonas aleda\u00f1as.<\/p>\n<p>Si tiene medicamentos vencidos que pueda donar, por favor, ay\u00fadenos entreg\u00e1ndolos en la oficina parroquial del Santuario de Salud y Paz. El horario de atenci\u00f3n es de lunes a viernes, de 7:30 a. m. a 12:00 p. m. y de 1:00 p. m. a 5:00 p. m. Los s\u00e1bados y domingos, de 7:30 a. m. a 12:00 p. m.<\/p>","protected":false},"excerpt":{"rendered":"<p>As Damas da Caridade, trabalho social desenvolvido por volunt\u00e1rios do Santu\u00e1rio da Sa\u00fade e Paz, est\u00e1 precisando de medicamentos para serem doados na farm\u00e1cia da obra social. As principais necessidades s\u00e3o medicamentos para hipertens\u00e3o, diabetes, doen\u00e7as card\u00edacas e rem\u00e9dios pr\u00f3prios para dor. No entanto, qualquer medicamento \u00e9 aceito na farm\u00e1cia, desde que esteja dentro da data de validade. Al\u00e9m dos rem\u00e9dios, existe uma demanda muito grande por cadeiras de rodas e de banho, entre outros produtos ligados \u00e0 sa\u00fade. Lembrando que as doa\u00e7\u00f5es s\u00e3o feitas para fam\u00edlias carentes do bairro Padre Eust\u00e1quio e regi\u00f5es vizinhas. Se voc\u00ea tem medicamentos dentro [&hellip;]<\/p>\n","protected":false},"author":2,"featured_media":5082,"comment_status":"open","ping_status":"open","sticky":false,"template":"","format":"standard","meta":{"_acf_changed":false,"footnotes":""},"categories":[611],"tags":[],"class_list":["post-5081","post","type-post","status-publish","format-standard","has-post-thumbnail","hentry","category-noticias"],"acf":[],"yoast_head":"<!-- This site is optimized with the Yoast SEO plugin v27.2 - https:\/\/yoast.com\/product\/yoast-seo-wordpress\/ -->\n<title>Damas da Caridade fazem campanha para arrecadar medicamentos - Padre Eust\u00e1quio<\/title>\n<meta name=\"robots\" content=\"index, follow, max-snippet:-1, max-image-preview:large, max-video-preview:-1\" \/>\n<link rel=\"canonical\" href=\"https:\/\/www.padreeustaquio.com.br\/es\/campana-de-damas-de-la-caridad-para-recaudar-fondos-para-medicamentos\/\" \/>\n<meta property=\"og:locale\" content=\"es_ES\" \/>\n<meta property=\"og:type\" content=\"article\" \/>\n<meta property=\"og:title\" content=\"Damas da Caridade fazem campanha para arrecadar medicamentos - Padre Eust\u00e1quio\" \/>\n<meta property=\"og:description\" content=\"As Damas da Caridade, trabalho social desenvolvido por volunt\u00e1rios do Santu\u00e1rio da Sa\u00fade e Paz, est\u00e1 precisando de medicamentos para serem doados na farm\u00e1cia da obra social. As principais necessidades s\u00e3o medicamentos para hipertens\u00e3o, diabetes, doen\u00e7as card\u00edacas e rem\u00e9dios pr\u00f3prios para dor. No entanto, qualquer medicamento \u00e9 aceito na farm\u00e1cia, desde que esteja dentro da data de validade. Al\u00e9m dos rem\u00e9dios, existe uma demanda muito grande por cadeiras de rodas e de banho, entre outros produtos ligados \u00e0 sa\u00fade. Lembrando que as doa\u00e7\u00f5es s\u00e3o feitas para fam\u00edlias carentes do bairro Padre Eust\u00e1quio e regi\u00f5es vizinhas. Se voc\u00ea tem medicamentos dentro [&hellip;]\" \/>\n<meta property=\"og:url\" content=\"https:\/\/www.padreeustaquio.com.br\/es\/campana-de-damas-de-la-caridad-para-recaudar-fondos-para-medicamentos\/\" \/>\n<meta property=\"og:site_name\" content=\"Padre Eust\u00e1quio\" \/>\n<meta property=\"article:publisher\" content=\"https:\/\/www.facebook.com\/beatopadreeustaquio\/\" \/>\n<meta property=\"article:published_time\" content=\"2021-02-19T10:51:36+00:00\" \/>\n<meta property=\"og:image\" content=\"https:\/\/www.padreeustaquio.com.br\/wp-content\/uploads\/2021\/02\/WhatsApp-Image-2021-02-16-at-17.59.41.jpeg\" \/>\n\t<meta property=\"og:image:width\" content=\"1280\" \/>\n\t<meta property=\"og:image:height\" content=\"847\" \/>\n\t<meta property=\"og:image:type\" content=\"image\/jpeg\" \/>\n<meta name=\"author\" content=\"@sscc\" \/>\n<meta name=\"twitter:card\" content=\"summary_large_image\" \/>\n<meta name=\"twitter:creator\" content=\"@beatopeustaquio\" \/>\n<meta name=\"twitter:site\" content=\"@beatopeustaquio\" \/>\n<meta name=\"twitter:label1\" content=\"Escrito por\" \/>\n\t<meta name=\"twitter:data1\" content=\"@sscc\" \/>\n\t<meta name=\"twitter:label2\" content=\"Tiempo de lectura\" \/>\n\t<meta name=\"twitter:data2\" content=\"1 minuto\" \/>\n<script type=\"application\/ld+json\" class=\"yoast-schema-graph\">{\"@context\":\"https:\/\/schema.org\",\"@graph\":[{\"@type\":\"Article\",\"@id\":\"https:\/\/www.padreeustaquio.com.br\/damas-da-caridade-fazem-campanha-para-arrecadar-medicamentos\/#article\",\"isPartOf\":{\"@id\":\"https:\/\/www.padreeustaquio.com.br\/damas-da-caridade-fazem-campanha-para-arrecadar-medicamentos\/\"},\"author\":{\"name\":\"@sscc\",\"@id\":\"https:\/\/www.padreeustaquio.com.br\/#\/schema\/person\/a2a51db1d00f1a7af0204a0f1ddb1566\"},\"headline\":\"Damas da Caridade fazem campanha para arrecadar medicamentos\",\"datePublished\":\"2021-02-19T10:51:36+00:00\",\"mainEntityOfPage\":{\"@id\":\"https:\/\/www.padreeustaquio.com.br\/damas-da-caridade-fazem-campanha-para-arrecadar-medicamentos\/\"},\"wordCount\":164,\"commentCount\":0,\"publisher\":{\"@id\":\"https:\/\/www.padreeustaquio.com.br\/#organization\"},\"image\":{\"@id\":\"https:\/\/www.padreeustaquio.com.br\/damas-da-caridade-fazem-campanha-para-arrecadar-medicamentos\/#primaryimage\"},\"thumbnailUrl\":\"https:\/\/www.padreeustaquio.com.br\/wp-content\/uploads\/2021\/02\/WhatsApp-Image-2021-02-16-at-17.59.41.jpeg\",\"articleSection\":[\"Not\u00edcias\"],\"inLanguage\":\"es\",\"potentialAction\":[{\"@type\":\"CommentAction\",\"name\":\"Comment\",\"target\":[\"https:\/\/www.padreeustaquio.com.br\/damas-da-caridade-fazem-campanha-para-arrecadar-medicamentos\/#respond\"]}]},{\"@type\":\"WebPage\",\"@id\":\"https:\/\/www.padreeustaquio.com.br\/damas-da-caridade-fazem-campanha-para-arrecadar-medicamentos\/\",\"url\":\"https:\/\/www.padreeustaquio.com.br\/damas-da-caridade-fazem-campanha-para-arrecadar-medicamentos\/\",\"name\":\"Damas da Caridade fazem campanha para arrecadar medicamentos - Padre Eust\u00e1quio\",\"isPartOf\":{\"@id\":\"https:\/\/www.padreeustaquio.com.br\/#website\"},\"primaryImageOfPage\":{\"@id\":\"https:\/\/www.padreeustaquio.com.br\/damas-da-caridade-fazem-campanha-para-arrecadar-medicamentos\/#primaryimage\"},\"image\":{\"@id\":\"https:\/\/www.padreeustaquio.com.br\/damas-da-caridade-fazem-campanha-para-arrecadar-medicamentos\/#primaryimage\"},\"thumbnailUrl\":\"https:\/\/www.padreeustaquio.com.br\/wp-content\/uploads\/2021\/02\/WhatsApp-Image-2021-02-16-at-17.59.41.jpeg\",\"datePublished\":\"2021-02-19T10:51:36+00:00\",\"breadcrumb\":{\"@id\":\"https:\/\/www.padreeustaquio.com.br\/damas-da-caridade-fazem-campanha-para-arrecadar-medicamentos\/#breadcrumb\"},\"inLanguage\":\"es\",\"potentialAction\":[{\"@type\":\"ReadAction\",\"target\":[\"https:\/\/www.padreeustaquio.com.br\/damas-da-caridade-fazem-campanha-para-arrecadar-medicamentos\/\"]}]},{\"@type\":\"ImageObject\",\"inLanguage\":\"es\",\"@id\":\"https:\/\/www.padreeustaquio.com.br\/damas-da-caridade-fazem-campanha-para-arrecadar-medicamentos\/#primaryimage\",\"url\":\"https:\/\/www.padreeustaquio.com.br\/wp-content\/uploads\/2021\/02\/WhatsApp-Image-2021-02-16-at-17.59.41.jpeg\",\"contentUrl\":\"https:\/\/www.padreeustaquio.com.br\/wp-content\/uploads\/2021\/02\/WhatsApp-Image-2021-02-16-at-17.59.41.jpeg\",\"width\":1280,\"height\":847},{\"@type\":\"BreadcrumbList\",\"@id\":\"https:\/\/www.padreeustaquio.com.br\/damas-da-caridade-fazem-campanha-para-arrecadar-medicamentos\/#breadcrumb\",\"itemListElement\":[{\"@type\":\"ListItem\",\"position\":1,\"name\":\"In\u00edcio\",\"item\":\"https:\/\/www.padreeustaquio.com.br\/\"},{\"@type\":\"ListItem\",\"position\":2,\"name\":\"Damas da Caridade fazem campanha para arrecadar medicamentos\"}]},{\"@type\":\"WebSite\",\"@id\":\"https:\/\/www.padreeustaquio.com.br\/#website\",\"url\":\"https:\/\/www.padreeustaquio.com.br\/\",\"name\":\"Padre Eust\u00e1quio\",\"description\":\"Sa\u00fade e Paz\",\"publisher\":{\"@id\":\"https:\/\/www.padreeustaquio.com.br\/#organization\"},\"potentialAction\":[{\"@type\":\"SearchAction\",\"target\":{\"@type\":\"EntryPoint\",\"urlTemplate\":\"https:\/\/www.padreeustaquio.com.br\/?s={search_term_string}\"},\"query-input\":{\"@type\":\"PropertyValueSpecification\",\"valueRequired\":true,\"valueName\":\"search_term_string\"}}],\"inLanguage\":\"es\"},{\"@type\":\"Organization\",\"@id\":\"https:\/\/www.padreeustaquio.com.br\/#organization\",\"name\":\"Padre Eust\u00e1quio\",\"url\":\"https:\/\/www.padreeustaquio.com.br\/\",\"logo\":{\"@type\":\"ImageObject\",\"inLanguage\":\"es\",\"@id\":\"https:\/\/www.padreeustaquio.com.br\/#\/schema\/logo\/image\/\",\"url\":\"https:\/\/www.padreeustaquio.com.br\/wp-content\/uploads\/2019\/08\/marca.png\",\"contentUrl\":\"https:\/\/www.padreeustaquio.com.br\/wp-content\/uploads\/2019\/08\/marca.png\",\"width\":350,\"height\":400,\"caption\":\"Padre Eust\u00e1quio\"},\"image\":{\"@id\":\"https:\/\/www.padreeustaquio.com.br\/#\/schema\/logo\/image\/\"},\"sameAs\":[\"https:\/\/www.facebook.com\/beatopadreeustaquio\/\",\"https:\/\/x.com\/beatopeustaquio\",\"https:\/\/www.instagram.com\/beatopadreeustaquio\/\",\"https:\/\/www.youtube.com\/channel\/UCRhw7vfabnajwLxb1ZXMeIw\"]},{\"@type\":\"Person\",\"@id\":\"https:\/\/www.padreeustaquio.com.br\/#\/schema\/person\/a2a51db1d00f1a7af0204a0f1ddb1566\",\"name\":\"@sscc\",\"image\":{\"@type\":\"ImageObject\",\"inLanguage\":\"es\",\"@id\":\"https:\/\/secure.gravatar.com\/avatar\/68cfafa5f44617fea54071e215026e0ff06be366c3d54a8425f04fdcb86f8c5f?s=96&d=mm&r=g\",\"url\":\"https:\/\/secure.gravatar.com\/avatar\/68cfafa5f44617fea54071e215026e0ff06be366c3d54a8425f04fdcb86f8c5f?s=96&d=mm&r=g\",\"contentUrl\":\"https:\/\/secure.gravatar.com\/avatar\/68cfafa5f44617fea54071e215026e0ff06be366c3d54a8425f04fdcb86f8c5f?s=96&d=mm&r=g\",\"caption\":\"@sscc\"},\"url\":\"https:\/\/www.padreeustaquio.com.br\/es\/author\/sscc\/\"}]}<\/script>\n<!-- \/ Yoast SEO plugin. -->","yoast_head_json":{"title":"Campa\u00f1a de las Damas de la Caridad para recolectar medicamentos - Padre Eust\u00e1quio","robots":{"index":"index","follow":"follow","max-snippet":"max-snippet:-1","max-image-preview":"max-image-preview:large","max-video-preview":"max-video-preview:-1"},"canonical":"https:\/\/www.padreeustaquio.com.br\/es\/campana-de-damas-de-la-caridad-para-recaudar-fondos-para-medicamentos\/","og_locale":"es_ES","og_type":"article","og_title":"Damas da Caridade fazem campanha para arrecadar medicamentos - Padre Eust\u00e1quio","og_description":"As Damas da Caridade, trabalho social desenvolvido por volunt\u00e1rios do Santu\u00e1rio da Sa\u00fade e Paz, est\u00e1 precisando de medicamentos para serem doados na farm\u00e1cia da obra social. As principais necessidades s\u00e3o medicamentos para hipertens\u00e3o, diabetes, doen\u00e7as card\u00edacas e rem\u00e9dios pr\u00f3prios para dor. No entanto, qualquer medicamento \u00e9 aceito na farm\u00e1cia, desde que esteja dentro da data de validade. Al\u00e9m dos rem\u00e9dios, existe uma demanda muito grande por cadeiras de rodas e de banho, entre outros produtos ligados \u00e0 sa\u00fade. Lembrando que as doa\u00e7\u00f5es s\u00e3o feitas para fam\u00edlias carentes do bairro Padre Eust\u00e1quio e regi\u00f5es vizinhas. Se voc\u00ea tem medicamentos dentro [&hellip;]","og_url":"https:\/\/www.padreeustaquio.com.br\/es\/campana-de-damas-de-la-caridad-para-recaudar-fondos-para-medicamentos\/","og_site_name":"Padre Eust\u00e1quio","article_publisher":"https:\/\/www.facebook.com\/beatopadreeustaquio\/","article_published_time":"2021-02-19T10:51:36+00:00","og_image":[{"width":1280,"height":847,"url":"https:\/\/www.padreeustaquio.com.br\/wp-content\/uploads\/2021\/02\/WhatsApp-Image-2021-02-16-at-17.59.41.jpeg","type":"image\/jpeg"}],"author":"@sscc","twitter_card":"summary_large_image","twitter_creator":"@beatopeustaquio","twitter_site":"@beatopeustaquio","twitter_misc":{"Escrito por":"@sscc","Tiempo de lectura":"1 minuto"},"schema":{"@context":"https:\/\/schema.org","@graph":[{"@type":"Article","@id":"https:\/\/www.padreeustaquio.com.br\/damas-da-caridade-fazem-campanha-para-arrecadar-medicamentos\/#article","isPartOf":{"@id":"https:\/\/www.padreeustaquio.com.br\/damas-da-caridade-fazem-campanha-para-arrecadar-medicamentos\/"},"author":{"name":"@sscc","@id":"https:\/\/www.padreeustaquio.com.br\/#\/schema\/person\/a2a51db1d00f1a7af0204a0f1ddb1566"},"headline":"Damas da Caridade fazem campanha para arrecadar medicamentos","datePublished":"2021-02-19T10:51:36+00:00","mainEntityOfPage":{"@id":"https:\/\/www.padreeustaquio.com.br\/damas-da-caridade-fazem-campanha-para-arrecadar-medicamentos\/"},"wordCount":164,"commentCount":0,"publisher":{"@id":"https:\/\/www.padreeustaquio.com.br\/#organization"},"image":{"@id":"https:\/\/www.padreeustaquio.com.br\/damas-da-caridade-fazem-campanha-para-arrecadar-medicamentos\/#primaryimage"},"thumbnailUrl":"https:\/\/www.padreeustaquio.com.br\/wp-content\/uploads\/2021\/02\/WhatsApp-Image-2021-02-16-at-17.59.41.jpeg","articleSection":["Not\u00edcias"],"inLanguage":"es","potentialAction":[{"@type":"CommentAction","name":"Comment","target":["https:\/\/www.padreeustaquio.com.br\/damas-da-caridade-fazem-campanha-para-arrecadar-medicamentos\/#respond"]}]},{"@type":"WebPage","@id":"https:\/\/www.padreeustaquio.com.br\/damas-da-caridade-fazem-campanha-para-arrecadar-medicamentos\/","url":"https:\/\/www.padreeustaquio.com.br\/damas-da-caridade-fazem-campanha-para-arrecadar-medicamentos\/","name":"Campa\u00f1a de las Damas de la Caridad para recolectar medicamentos - Padre Eust\u00e1quio","isPartOf":{"@id":"https:\/\/www.padreeustaquio.com.br\/#website"},"primaryImageOfPage":{"@id":"https:\/\/www.padreeustaquio.com.br\/damas-da-caridade-fazem-campanha-para-arrecadar-medicamentos\/#primaryimage"},"image":{"@id":"https:\/\/www.padreeustaquio.com.br\/damas-da-caridade-fazem-campanha-para-arrecadar-medicamentos\/#primaryimage"},"thumbnailUrl":"https:\/\/www.padreeustaquio.com.br\/wp-content\/uploads\/2021\/02\/WhatsApp-Image-2021-02-16-at-17.59.41.jpeg","datePublished":"2021-02-19T10:51:36+00:00","breadcrumb":{"@id":"https:\/\/www.padreeustaquio.com.br\/damas-da-caridade-fazem-campanha-para-arrecadar-medicamentos\/#breadcrumb"},"inLanguage":"es","potentialAction":[{"@type":"ReadAction","target":["https:\/\/www.padreeustaquio.com.br\/damas-da-caridade-fazem-campanha-para-arrecadar-medicamentos\/"]}]},{"@type":"ImageObject","inLanguage":"es","@id":"https:\/\/www.padreeustaquio.com.br\/damas-da-caridade-fazem-campanha-para-arrecadar-medicamentos\/#primaryimage","url":"https:\/\/www.padreeustaquio.com.br\/wp-content\/uploads\/2021\/02\/WhatsApp-Image-2021-02-16-at-17.59.41.jpeg","contentUrl":"https:\/\/www.padreeustaquio.com.br\/wp-content\/uploads\/2021\/02\/WhatsApp-Image-2021-02-16-at-17.59.41.jpeg","width":1280,"height":847},{"@type":"BreadcrumbList","@id":"https:\/\/www.padreeustaquio.com.br\/damas-da-caridade-fazem-campanha-para-arrecadar-medicamentos\/#breadcrumb","itemListElement":[{"@type":"ListItem","position":1,"name":"In\u00edcio","item":"https:\/\/www.padreeustaquio.com.br\/"},{"@type":"ListItem","position":2,"name":"Damas da Caridade fazem campanha para arrecadar medicamentos"}]},{"@type":"WebSite","@id":"https:\/\/www.padreeustaquio.com.br\/#website","url":"https:\/\/www.padreeustaquio.com.br\/","name":"Padre Eustace","description":"Salud y Paz","publisher":{"@id":"https:\/\/www.padreeustaquio.com.br\/#organization"},"potentialAction":[{"@type":"SearchAction","target":{"@type":"EntryPoint","urlTemplate":"https:\/\/www.padreeustaquio.com.br\/?s={search_term_string}"},"query-input":{"@type":"PropertyValueSpecification","valueRequired":true,"valueName":"search_term_string"}}],"inLanguage":"es"},{"@type":"Organization","@id":"https:\/\/www.padreeustaquio.com.br\/#organization","name":"Padre Eustace","url":"https:\/\/www.padreeustaquio.com.br\/","logo":{"@type":"ImageObject","inLanguage":"es","@id":"https:\/\/www.padreeustaquio.com.br\/#\/schema\/logo\/image\/","url":"https:\/\/www.padreeustaquio.com.br\/wp-content\/uploads\/2019\/08\/marca.png","contentUrl":"https:\/\/www.padreeustaquio.com.br\/wp-content\/uploads\/2019\/08\/marca.png","width":350,"height":400,"caption":"Padre Eust\u00e1quio"},"image":{"@id":"https:\/\/www.padreeustaquio.com.br\/#\/schema\/logo\/image\/"},"sameAs":["https:\/\/www.facebook.com\/beatopadreeustaquio\/","https:\/\/x.com\/beatopeustaquio","https:\/\/www.instagram.com\/beatopadreeustaquio\/","https:\/\/www.youtube.com\/channel\/UCRhw7vfabnajwLxb1ZXMeIw"]},{"@type":"Person","@id":"https:\/\/www.padreeustaquio.com.br\/#\/schema\/person\/a2a51db1d00f1a7af0204a0f1ddb1566","name":"@sscc","image":{"@type":"ImageObject","inLanguage":"es","@id":"https:\/\/secure.gravatar.com\/avatar\/68cfafa5f44617fea54071e215026e0ff06be366c3d54a8425f04fdcb86f8c5f?s=96&d=mm&r=g","url":"https:\/\/secure.gravatar.com\/avatar\/68cfafa5f44617fea54071e215026e0ff06be366c3d54a8425f04fdcb86f8c5f?s=96&d=mm&r=g","contentUrl":"https:\/\/secure.gravatar.com\/avatar\/68cfafa5f44617fea54071e215026e0ff06be366c3d54a8425f04fdcb86f8c5f?s=96&d=mm&r=g","caption":"@sscc"},"url":"https:\/\/www.padreeustaquio.com.br\/es\/author\/sscc\/"}]}},"_links":{"self":[{"href":"https:\/\/www.padreeustaquio.com.br\/es\/wp-json\/wp\/v2\/posts\/5081","targetHints":{"allow":["GET"]}}],"collection":[{"href":"https:\/\/www.padreeustaquio.com.br\/es\/wp-json\/wp\/v2\/posts"}],"about":[{"href":"https:\/\/www.padreeustaquio.com.br\/es\/wp-json\/wp\/v2\/types\/post"}],"author":[{"embeddable":true,"href":"https:\/\/www.padreeustaquio.com.br\/es\/wp-json\/wp\/v2\/users\/2"}],"replies":[{"embeddable":true,"href":"https:\/\/www.padreeustaquio.com.br\/es\/wp-json\/wp\/v2\/comments?post=5081"}],"version-history":[{"count":0,"href":"https:\/\/www.padreeustaquio.com.br\/es\/wp-json\/wp\/v2\/posts\/5081\/revisions"}],"wp:featuredmedia":[{"embeddable":true,"href":"https:\/\/www.padreeustaquio.com.br\/es\/wp-json\/wp\/v2\/media\/5082"}],"wp:attachment":[{"href":"https:\/\/www.padreeustaquio.com.br\/es\/wp-json\/wp\/v2\/media?parent=5081"}],"wp:term":[{"taxonomy":"category","embeddable":true,"href":"https:\/\/www.padreeustaquio.com.br\/es\/wp-json\/wp\/v2\/categories?post=5081"},{"taxonomy":"post_tag","embeddable":true,"href":"https:\/\/www.padreeustaquio.com.br\/es\/wp-json\/wp\/v2\/tags?post=5081"}],"curies":[{"name":"wp","href":"https:\/\/api.w.org\/{rel}","templated":true}]}}