{"id":5070,"date":"2021-02-18T14:37:58","date_gmt":"2021-02-18T17:37:58","guid":{"rendered":"https:\/\/www.padreeustaquio.com.br\/?p=5070"},"modified":"2021-02-17T19:31:26","modified_gmt":"2021-02-17T22:31:26","slug":"sin-una-sesion-de-confesion-masiva-el-santuario-realizara-una-celebracion-penitencial-comunitaria","status":"publish","type":"post","link":"https:\/\/www.padreeustaquio.com.br\/es\/sin-una-sesion-de-confesion-masiva-el-santuario-realizara-una-celebracion-penitencial-comunitaria\/","title":{"rendered":"Sin una sesi\u00f3n de confesi\u00f3n masiva, el Santuario realizar\u00e1 una Celebraci\u00f3n Penitencial Comunitaria."},"content":{"rendered":"<p>Debido a la pandemia provocada por el Coronavirus, en el 2021 los fieles no podr\u00e1n contar con las jornadas de confesi\u00f3n que se realizan cada a\u00f1o para atender al mayor n\u00famero de personas en cada parroquia.<\/p>\n<p>La soluci\u00f3n encontrada para permitir a la comunidad recibir el Sacramento de la Penitencia y vivir m\u00e1s intensamente la Pascua fueron las Celebraciones Penitenciales Comunitarias, conocidas como Confesiones Comunitarias.<\/p>\n<p>En el Santuario de la Salud y la Paz, la iglesia del Padre Eustaquio, habr\u00e1 dos d\u00edas de celebraciones. Uno de ellos ser\u00e1...<strong>\u00a024 de febrero<\/strong> (el mi\u00e9rcoles pr\u00f3ximo)\u00a0<strong>a las 3pm y\u00a0<\/strong><strong>a las 7pm<\/strong>. La inscripci\u00f3n para estas celebraciones ya est\u00e1 abierta. <a href=\"https:\/\/www.sympla.com.br\/missas-presenciais---igreja-padre-eustaquio---de-20-a-28-de-fevereiro__1130830\">haciendo clic aqu\u00ed<\/a>, o recogiendo las entradas personalmente en la Oficina Parroquial.<\/p>\n<p>Las dem\u00e1s celebraciones se llevar\u00e1n a cabo el 24 de marzo (tambi\u00e9n mi\u00e9rcoles), en dos horarios diferentes: a las 15:00 y a las 19:00. Las inscripciones para este d\u00eda estar\u00e1n disponibles la semana anterior a la celebraci\u00f3n.<\/p>\n<p>La Celebraci\u00f3n Penitencial Comunitaria no se transmitir\u00e1 en l\u00ednea, y los asistentes deber\u00e1n seguir todos los protocolos de salud y seguridad, lo que incluye controlar su temperatura, desinfectar sus zapatos y manos y usar una m\u00e1scara en todo momento mientras est\u00e9n en la iglesia.<\/p>\n<p><strong>La Confesi\u00f3n de la Comunidad<\/strong><\/p>\n<p>\u201cEn casos de grave necesidad, se puede recurrir a la celebraci\u00f3n comunitaria de la reconciliaci\u00f3n, con confesi\u00f3n y absoluci\u00f3n generales (CIC 1483). La Madre Iglesia, como su Se\u00f1or, desea la salvaci\u00f3n de todos los hombres. Por lo tanto, observando las disposiciones necesarias, procura facilitar al m\u00e1ximo la recepci\u00f3n de los auxilios de la gracia para sus hijos mediante los sacramentos.<\/p>\n<p>Bas\u00e1ndose en este principio y motivado hist\u00f3ricamente, sobre todo, por las dos grandes guerras mundiales, la Iglesia introdujo la disciplina que hace posible la administraci\u00f3n del sacramento de la penitencia con absoluci\u00f3n colectiva.<\/p>\n<p>&nbsp;<\/p>\n<p><em>*con informaci\u00f3n de<a href=\"https:\/\/formacao.cancaonova.com\/igreja\/catequese\/quando-se-pode-fazer-confissao-comunitaria\/\"> formacao.cancaonova.com<\/a><\/em><\/p>","protected":false},"excerpt":{"rendered":"<p>Por causa da pandemia, provocada pelo Coronav\u00edrus, em 2021 os fi\u00e9is n\u00e3o v\u00e3o poder contar com os mutir\u00f5es de confiss\u00e3o, que ocorrem todos os anos para atender o maior n\u00famero de pessoas em cada par\u00f3quia. A solu\u00e7\u00e3o encontrada para que a comunidade receba o Sacramento da Penit\u00eancia e viva mais intensamente a P\u00e1scoa, foram as Celebra\u00e7\u00f5es Penitenciais Comunit\u00e1rias, conhecidas como Confiss\u00f5es Comunit\u00e1rias. No Santu\u00e1rio da Sa\u00fade e Paz, a igreja do Padre Eust\u00e1quio, haver\u00e1 dois dias de celebra\u00e7\u00f5es. Um deles ser\u00e1\u00a024 de fevereiro (pr\u00f3xima quarta-feira)\u00a0\u00e0s 15h e\u00a0\u00e0s 19h. Para estas celebra\u00e7\u00f5es, as inscri\u00e7\u00f5es j\u00e1 est\u00e3o dispon\u00edveis clicando aqui, ou retirando [&hellip;]<\/p>\n","protected":false},"author":2,"featured_media":5071,"comment_status":"open","ping_status":"open","sticky":false,"template":"","format":"standard","meta":{"_acf_changed":false,"footnotes":""},"categories":[611],"tags":[],"class_list":["post-5070","post","type-post","status-publish","format-standard","has-post-thumbnail","hentry","category-noticias"],"acf":[],"yoast_head":"<!-- This site is optimized with the Yoast SEO plugin v27.2 - https:\/\/yoast.com\/product\/yoast-seo-wordpress\/ -->\n<title>Sem mutir\u00e3o de confiss\u00f5es Santu\u00e1rio far\u00e1 Celebra\u00e7\u00e3o Penitencial Comunit\u00e1ria - Padre Eust\u00e1quio<\/title>\n<meta name=\"robots\" content=\"index, follow, max-snippet:-1, max-image-preview:large, max-video-preview:-1\" \/>\n<link rel=\"canonical\" href=\"https:\/\/www.padreeustaquio.com.br\/es\/sin-una-sesion-de-confesion-masiva-el-santuario-realizara-una-celebracion-penitencial-comunitaria\/\" \/>\n<meta property=\"og:locale\" content=\"es_ES\" \/>\n<meta property=\"og:type\" content=\"article\" \/>\n<meta property=\"og:title\" content=\"Sem mutir\u00e3o de confiss\u00f5es Santu\u00e1rio far\u00e1 Celebra\u00e7\u00e3o Penitencial Comunit\u00e1ria - Padre Eust\u00e1quio\" \/>\n<meta property=\"og:description\" content=\"Por causa da pandemia, provocada pelo Coronav\u00edrus, em 2021 os fi\u00e9is n\u00e3o v\u00e3o poder contar com os mutir\u00f5es de confiss\u00e3o, que ocorrem todos os anos para atender o maior n\u00famero de pessoas em cada par\u00f3quia. A solu\u00e7\u00e3o encontrada para que a comunidade receba o Sacramento da Penit\u00eancia e viva mais intensamente a P\u00e1scoa, foram as Celebra\u00e7\u00f5es Penitenciais Comunit\u00e1rias, conhecidas como Confiss\u00f5es Comunit\u00e1rias. No Santu\u00e1rio da Sa\u00fade e Paz, a igreja do Padre Eust\u00e1quio, haver\u00e1 dois dias de celebra\u00e7\u00f5es. Um deles ser\u00e1\u00a024 de fevereiro (pr\u00f3xima quarta-feira)\u00a0\u00e0s 15h e\u00a0\u00e0s 19h. Para estas celebra\u00e7\u00f5es, as inscri\u00e7\u00f5es j\u00e1 est\u00e3o dispon\u00edveis clicando aqui, ou retirando [&hellip;]\" \/>\n<meta property=\"og:url\" content=\"https:\/\/www.padreeustaquio.com.br\/es\/sin-una-sesion-de-confesion-masiva-el-santuario-realizara-una-celebracion-penitencial-comunitaria\/\" \/>\n<meta property=\"og:site_name\" content=\"Padre Eust\u00e1quio\" \/>\n<meta property=\"article:publisher\" content=\"https:\/\/www.facebook.com\/beatopadreeustaquio\/\" \/>\n<meta property=\"article:published_time\" content=\"2021-02-18T17:37:58+00:00\" \/>\n<meta property=\"og:image\" content=\"https:\/\/www.padreeustaquio.com.br\/wp-content\/uploads\/2021\/02\/Celebra\u00e7\u00e3o-Penitencial.jpg\" \/>\n\t<meta property=\"og:image:width\" content=\"748\" \/>\n\t<meta property=\"og:image:height\" content=\"394\" \/>\n\t<meta property=\"og:image:type\" content=\"image\/jpeg\" \/>\n<meta name=\"author\" content=\"@sscc\" \/>\n<meta name=\"twitter:card\" content=\"summary_large_image\" \/>\n<meta name=\"twitter:creator\" content=\"@beatopeustaquio\" \/>\n<meta name=\"twitter:site\" content=\"@beatopeustaquio\" \/>\n<meta name=\"twitter:label1\" content=\"Escrito por\" \/>\n\t<meta name=\"twitter:data1\" content=\"@sscc\" \/>\n\t<meta name=\"twitter:label2\" content=\"Tiempo de lectura\" \/>\n\t<meta name=\"twitter:data2\" content=\"2 minutos\" \/>\n<script type=\"application\/ld+json\" class=\"yoast-schema-graph\">{\"@context\":\"https:\/\/schema.org\",\"@graph\":[{\"@type\":\"Article\",\"@id\":\"https:\/\/www.padreeustaquio.com.br\/sem-mutirao-de-confissoes-santuario-fara-celebracao-penitencial-comunitaria\/#article\",\"isPartOf\":{\"@id\":\"https:\/\/www.padreeustaquio.com.br\/sem-mutirao-de-confissoes-santuario-fara-celebracao-penitencial-comunitaria\/\"},\"author\":{\"name\":\"@sscc\",\"@id\":\"https:\/\/www.padreeustaquio.com.br\/#\/schema\/person\/a2a51db1d00f1a7af0204a0f1ddb1566\"},\"headline\":\"Sem mutir\u00e3o de confiss\u00f5es Santu\u00e1rio far\u00e1 Celebra\u00e7\u00e3o Penitencial Comunit\u00e1ria\",\"datePublished\":\"2021-02-18T17:37:58+00:00\",\"mainEntityOfPage\":{\"@id\":\"https:\/\/www.padreeustaquio.com.br\/sem-mutirao-de-confissoes-santuario-fara-celebracao-penitencial-comunitaria\/\"},\"wordCount\":353,\"commentCount\":0,\"publisher\":{\"@id\":\"https:\/\/www.padreeustaquio.com.br\/#organization\"},\"image\":{\"@id\":\"https:\/\/www.padreeustaquio.com.br\/sem-mutirao-de-confissoes-santuario-fara-celebracao-penitencial-comunitaria\/#primaryimage\"},\"thumbnailUrl\":\"https:\/\/www.padreeustaquio.com.br\/wp-content\/uploads\/2021\/02\/Celebra\u00e7\u00e3o-Penitencial.jpg\",\"articleSection\":[\"Not\u00edcias\"],\"inLanguage\":\"es\",\"potentialAction\":[{\"@type\":\"CommentAction\",\"name\":\"Comment\",\"target\":[\"https:\/\/www.padreeustaquio.com.br\/sem-mutirao-de-confissoes-santuario-fara-celebracao-penitencial-comunitaria\/#respond\"]}]},{\"@type\":\"WebPage\",\"@id\":\"https:\/\/www.padreeustaquio.com.br\/sem-mutirao-de-confissoes-santuario-fara-celebracao-penitencial-comunitaria\/\",\"url\":\"https:\/\/www.padreeustaquio.com.br\/sem-mutirao-de-confissoes-santuario-fara-celebracao-penitencial-comunitaria\/\",\"name\":\"Sem mutir\u00e3o de confiss\u00f5es Santu\u00e1rio far\u00e1 Celebra\u00e7\u00e3o Penitencial Comunit\u00e1ria - Padre Eust\u00e1quio\",\"isPartOf\":{\"@id\":\"https:\/\/www.padreeustaquio.com.br\/#website\"},\"primaryImageOfPage\":{\"@id\":\"https:\/\/www.padreeustaquio.com.br\/sem-mutirao-de-confissoes-santuario-fara-celebracao-penitencial-comunitaria\/#primaryimage\"},\"image\":{\"@id\":\"https:\/\/www.padreeustaquio.com.br\/sem-mutirao-de-confissoes-santuario-fara-celebracao-penitencial-comunitaria\/#primaryimage\"},\"thumbnailUrl\":\"https:\/\/www.padreeustaquio.com.br\/wp-content\/uploads\/2021\/02\/Celebra\u00e7\u00e3o-Penitencial.jpg\",\"datePublished\":\"2021-02-18T17:37:58+00:00\",\"breadcrumb\":{\"@id\":\"https:\/\/www.padreeustaquio.com.br\/sem-mutirao-de-confissoes-santuario-fara-celebracao-penitencial-comunitaria\/#breadcrumb\"},\"inLanguage\":\"es\",\"potentialAction\":[{\"@type\":\"ReadAction\",\"target\":[\"https:\/\/www.padreeustaquio.com.br\/sem-mutirao-de-confissoes-santuario-fara-celebracao-penitencial-comunitaria\/\"]}]},{\"@type\":\"ImageObject\",\"inLanguage\":\"es\",\"@id\":\"https:\/\/www.padreeustaquio.com.br\/sem-mutirao-de-confissoes-santuario-fara-celebracao-penitencial-comunitaria\/#primaryimage\",\"url\":\"https:\/\/www.padreeustaquio.com.br\/wp-content\/uploads\/2021\/02\/Celebra\u00e7\u00e3o-Penitencial.jpg\",\"contentUrl\":\"https:\/\/www.padreeustaquio.com.br\/wp-content\/uploads\/2021\/02\/Celebra\u00e7\u00e3o-Penitencial.jpg\",\"width\":748,\"height\":394},{\"@type\":\"BreadcrumbList\",\"@id\":\"https:\/\/www.padreeustaquio.com.br\/sem-mutirao-de-confissoes-santuario-fara-celebracao-penitencial-comunitaria\/#breadcrumb\",\"itemListElement\":[{\"@type\":\"ListItem\",\"position\":1,\"name\":\"In\u00edcio\",\"item\":\"https:\/\/www.padreeustaquio.com.br\/\"},{\"@type\":\"ListItem\",\"position\":2,\"name\":\"Sem mutir\u00e3o de confiss\u00f5es Santu\u00e1rio far\u00e1 Celebra\u00e7\u00e3o Penitencial Comunit\u00e1ria\"}]},{\"@type\":\"WebSite\",\"@id\":\"https:\/\/www.padreeustaquio.com.br\/#website\",\"url\":\"https:\/\/www.padreeustaquio.com.br\/\",\"name\":\"Padre Eust\u00e1quio\",\"description\":\"Sa\u00fade e Paz\",\"publisher\":{\"@id\":\"https:\/\/www.padreeustaquio.com.br\/#organization\"},\"potentialAction\":[{\"@type\":\"SearchAction\",\"target\":{\"@type\":\"EntryPoint\",\"urlTemplate\":\"https:\/\/www.padreeustaquio.com.br\/?s={search_term_string}\"},\"query-input\":{\"@type\":\"PropertyValueSpecification\",\"valueRequired\":true,\"valueName\":\"search_term_string\"}}],\"inLanguage\":\"es\"},{\"@type\":\"Organization\",\"@id\":\"https:\/\/www.padreeustaquio.com.br\/#organization\",\"name\":\"Padre Eust\u00e1quio\",\"url\":\"https:\/\/www.padreeustaquio.com.br\/\",\"logo\":{\"@type\":\"ImageObject\",\"inLanguage\":\"es\",\"@id\":\"https:\/\/www.padreeustaquio.com.br\/#\/schema\/logo\/image\/\",\"url\":\"https:\/\/www.padreeustaquio.com.br\/wp-content\/uploads\/2019\/08\/marca.png\",\"contentUrl\":\"https:\/\/www.padreeustaquio.com.br\/wp-content\/uploads\/2019\/08\/marca.png\",\"width\":350,\"height\":400,\"caption\":\"Padre Eust\u00e1quio\"},\"image\":{\"@id\":\"https:\/\/www.padreeustaquio.com.br\/#\/schema\/logo\/image\/\"},\"sameAs\":[\"https:\/\/www.facebook.com\/beatopadreeustaquio\/\",\"https:\/\/x.com\/beatopeustaquio\",\"https:\/\/www.instagram.com\/beatopadreeustaquio\/\",\"https:\/\/www.youtube.com\/channel\/UCRhw7vfabnajwLxb1ZXMeIw\"]},{\"@type\":\"Person\",\"@id\":\"https:\/\/www.padreeustaquio.com.br\/#\/schema\/person\/a2a51db1d00f1a7af0204a0f1ddb1566\",\"name\":\"@sscc\",\"image\":{\"@type\":\"ImageObject\",\"inLanguage\":\"es\",\"@id\":\"https:\/\/secure.gravatar.com\/avatar\/68cfafa5f44617fea54071e215026e0ff06be366c3d54a8425f04fdcb86f8c5f?s=96&d=mm&r=g\",\"url\":\"https:\/\/secure.gravatar.com\/avatar\/68cfafa5f44617fea54071e215026e0ff06be366c3d54a8425f04fdcb86f8c5f?s=96&d=mm&r=g\",\"contentUrl\":\"https:\/\/secure.gravatar.com\/avatar\/68cfafa5f44617fea54071e215026e0ff06be366c3d54a8425f04fdcb86f8c5f?s=96&d=mm&r=g\",\"caption\":\"@sscc\"},\"url\":\"https:\/\/www.padreeustaquio.com.br\/es\/author\/sscc\/\"}]}<\/script>\n<!-- \/ Yoast SEO plugin. -->","yoast_head_json":{"title":"Sin confesi\u00f3n masiva, el Santuario realizar\u00e1 Celebraci\u00f3n Penitencial Comunitaria - Padre Eust\u00e1quio","robots":{"index":"index","follow":"follow","max-snippet":"max-snippet:-1","max-image-preview":"max-image-preview:large","max-video-preview":"max-video-preview:-1"},"canonical":"https:\/\/www.padreeustaquio.com.br\/es\/sin-una-sesion-de-confesion-masiva-el-santuario-realizara-una-celebracion-penitencial-comunitaria\/","og_locale":"es_ES","og_type":"article","og_title":"Sem mutir\u00e3o de confiss\u00f5es Santu\u00e1rio far\u00e1 Celebra\u00e7\u00e3o Penitencial Comunit\u00e1ria - Padre Eust\u00e1quio","og_description":"Por causa da pandemia, provocada pelo Coronav\u00edrus, em 2021 os fi\u00e9is n\u00e3o v\u00e3o poder contar com os mutir\u00f5es de confiss\u00e3o, que ocorrem todos os anos para atender o maior n\u00famero de pessoas em cada par\u00f3quia. A solu\u00e7\u00e3o encontrada para que a comunidade receba o Sacramento da Penit\u00eancia e viva mais intensamente a P\u00e1scoa, foram as Celebra\u00e7\u00f5es Penitenciais Comunit\u00e1rias, conhecidas como Confiss\u00f5es Comunit\u00e1rias. No Santu\u00e1rio da Sa\u00fade e Paz, a igreja do Padre Eust\u00e1quio, haver\u00e1 dois dias de celebra\u00e7\u00f5es. Um deles ser\u00e1\u00a024 de fevereiro (pr\u00f3xima quarta-feira)\u00a0\u00e0s 15h e\u00a0\u00e0s 19h. Para estas celebra\u00e7\u00f5es, as inscri\u00e7\u00f5es j\u00e1 est\u00e3o dispon\u00edveis clicando aqui, ou retirando [&hellip;]","og_url":"https:\/\/www.padreeustaquio.com.br\/es\/sin-una-sesion-de-confesion-masiva-el-santuario-realizara-una-celebracion-penitencial-comunitaria\/","og_site_name":"Padre Eust\u00e1quio","article_publisher":"https:\/\/www.facebook.com\/beatopadreeustaquio\/","article_published_time":"2021-02-18T17:37:58+00:00","og_image":[{"width":748,"height":394,"url":"https:\/\/www.padreeustaquio.com.br\/wp-content\/uploads\/2021\/02\/Celebra\u00e7\u00e3o-Penitencial.jpg","type":"image\/jpeg"}],"author":"@sscc","twitter_card":"summary_large_image","twitter_creator":"@beatopeustaquio","twitter_site":"@beatopeustaquio","twitter_misc":{"Escrito por":"@sscc","Tiempo de lectura":"2 minutos"},"schema":{"@context":"https:\/\/schema.org","@graph":[{"@type":"Article","@id":"https:\/\/www.padreeustaquio.com.br\/sem-mutirao-de-confissoes-santuario-fara-celebracao-penitencial-comunitaria\/#article","isPartOf":{"@id":"https:\/\/www.padreeustaquio.com.br\/sem-mutirao-de-confissoes-santuario-fara-celebracao-penitencial-comunitaria\/"},"author":{"name":"@sscc","@id":"https:\/\/www.padreeustaquio.com.br\/#\/schema\/person\/a2a51db1d00f1a7af0204a0f1ddb1566"},"headline":"Sem mutir\u00e3o de confiss\u00f5es Santu\u00e1rio far\u00e1 Celebra\u00e7\u00e3o Penitencial Comunit\u00e1ria","datePublished":"2021-02-18T17:37:58+00:00","mainEntityOfPage":{"@id":"https:\/\/www.padreeustaquio.com.br\/sem-mutirao-de-confissoes-santuario-fara-celebracao-penitencial-comunitaria\/"},"wordCount":353,"commentCount":0,"publisher":{"@id":"https:\/\/www.padreeustaquio.com.br\/#organization"},"image":{"@id":"https:\/\/www.padreeustaquio.com.br\/sem-mutirao-de-confissoes-santuario-fara-celebracao-penitencial-comunitaria\/#primaryimage"},"thumbnailUrl":"https:\/\/www.padreeustaquio.com.br\/wp-content\/uploads\/2021\/02\/Celebra\u00e7\u00e3o-Penitencial.jpg","articleSection":["Not\u00edcias"],"inLanguage":"es","potentialAction":[{"@type":"CommentAction","name":"Comment","target":["https:\/\/www.padreeustaquio.com.br\/sem-mutirao-de-confissoes-santuario-fara-celebracao-penitencial-comunitaria\/#respond"]}]},{"@type":"WebPage","@id":"https:\/\/www.padreeustaquio.com.br\/sem-mutirao-de-confissoes-santuario-fara-celebracao-penitencial-comunitaria\/","url":"https:\/\/www.padreeustaquio.com.br\/sem-mutirao-de-confissoes-santuario-fara-celebracao-penitencial-comunitaria\/","name":"Sin confesi\u00f3n masiva, el Santuario realizar\u00e1 Celebraci\u00f3n Penitencial Comunitaria - Padre Eust\u00e1quio","isPartOf":{"@id":"https:\/\/www.padreeustaquio.com.br\/#website"},"primaryImageOfPage":{"@id":"https:\/\/www.padreeustaquio.com.br\/sem-mutirao-de-confissoes-santuario-fara-celebracao-penitencial-comunitaria\/#primaryimage"},"image":{"@id":"https:\/\/www.padreeustaquio.com.br\/sem-mutirao-de-confissoes-santuario-fara-celebracao-penitencial-comunitaria\/#primaryimage"},"thumbnailUrl":"https:\/\/www.padreeustaquio.com.br\/wp-content\/uploads\/2021\/02\/Celebra\u00e7\u00e3o-Penitencial.jpg","datePublished":"2021-02-18T17:37:58+00:00","breadcrumb":{"@id":"https:\/\/www.padreeustaquio.com.br\/sem-mutirao-de-confissoes-santuario-fara-celebracao-penitencial-comunitaria\/#breadcrumb"},"inLanguage":"es","potentialAction":[{"@type":"ReadAction","target":["https:\/\/www.padreeustaquio.com.br\/sem-mutirao-de-confissoes-santuario-fara-celebracao-penitencial-comunitaria\/"]}]},{"@type":"ImageObject","inLanguage":"es","@id":"https:\/\/www.padreeustaquio.com.br\/sem-mutirao-de-confissoes-santuario-fara-celebracao-penitencial-comunitaria\/#primaryimage","url":"https:\/\/www.padreeustaquio.com.br\/wp-content\/uploads\/2021\/02\/Celebra\u00e7\u00e3o-Penitencial.jpg","contentUrl":"https:\/\/www.padreeustaquio.com.br\/wp-content\/uploads\/2021\/02\/Celebra\u00e7\u00e3o-Penitencial.jpg","width":748,"height":394},{"@type":"BreadcrumbList","@id":"https:\/\/www.padreeustaquio.com.br\/sem-mutirao-de-confissoes-santuario-fara-celebracao-penitencial-comunitaria\/#breadcrumb","itemListElement":[{"@type":"ListItem","position":1,"name":"In\u00edcio","item":"https:\/\/www.padreeustaquio.com.br\/"},{"@type":"ListItem","position":2,"name":"Sem mutir\u00e3o de confiss\u00f5es Santu\u00e1rio far\u00e1 Celebra\u00e7\u00e3o Penitencial Comunit\u00e1ria"}]},{"@type":"WebSite","@id":"https:\/\/www.padreeustaquio.com.br\/#website","url":"https:\/\/www.padreeustaquio.com.br\/","name":"Padre Eustace","description":"Salud y Paz","publisher":{"@id":"https:\/\/www.padreeustaquio.com.br\/#organization"},"potentialAction":[{"@type":"SearchAction","target":{"@type":"EntryPoint","urlTemplate":"https:\/\/www.padreeustaquio.com.br\/?s={search_term_string}"},"query-input":{"@type":"PropertyValueSpecification","valueRequired":true,"valueName":"search_term_string"}}],"inLanguage":"es"},{"@type":"Organization","@id":"https:\/\/www.padreeustaquio.com.br\/#organization","name":"Padre Eustace","url":"https:\/\/www.padreeustaquio.com.br\/","logo":{"@type":"ImageObject","inLanguage":"es","@id":"https:\/\/www.padreeustaquio.com.br\/#\/schema\/logo\/image\/","url":"https:\/\/www.padreeustaquio.com.br\/wp-content\/uploads\/2019\/08\/marca.png","contentUrl":"https:\/\/www.padreeustaquio.com.br\/wp-content\/uploads\/2019\/08\/marca.png","width":350,"height":400,"caption":"Padre Eust\u00e1quio"},"image":{"@id":"https:\/\/www.padreeustaquio.com.br\/#\/schema\/logo\/image\/"},"sameAs":["https:\/\/www.facebook.com\/beatopadreeustaquio\/","https:\/\/x.com\/beatopeustaquio","https:\/\/www.instagram.com\/beatopadreeustaquio\/","https:\/\/www.youtube.com\/channel\/UCRhw7vfabnajwLxb1ZXMeIw"]},{"@type":"Person","@id":"https:\/\/www.padreeustaquio.com.br\/#\/schema\/person\/a2a51db1d00f1a7af0204a0f1ddb1566","name":"@sscc","image":{"@type":"ImageObject","inLanguage":"es","@id":"https:\/\/secure.gravatar.com\/avatar\/68cfafa5f44617fea54071e215026e0ff06be366c3d54a8425f04fdcb86f8c5f?s=96&d=mm&r=g","url":"https:\/\/secure.gravatar.com\/avatar\/68cfafa5f44617fea54071e215026e0ff06be366c3d54a8425f04fdcb86f8c5f?s=96&d=mm&r=g","contentUrl":"https:\/\/secure.gravatar.com\/avatar\/68cfafa5f44617fea54071e215026e0ff06be366c3d54a8425f04fdcb86f8c5f?s=96&d=mm&r=g","caption":"@sscc"},"url":"https:\/\/www.padreeustaquio.com.br\/es\/author\/sscc\/"}]}},"_links":{"self":[{"href":"https:\/\/www.padreeustaquio.com.br\/es\/wp-json\/wp\/v2\/posts\/5070","targetHints":{"allow":["GET"]}}],"collection":[{"href":"https:\/\/www.padreeustaquio.com.br\/es\/wp-json\/wp\/v2\/posts"}],"about":[{"href":"https:\/\/www.padreeustaquio.com.br\/es\/wp-json\/wp\/v2\/types\/post"}],"author":[{"embeddable":true,"href":"https:\/\/www.padreeustaquio.com.br\/es\/wp-json\/wp\/v2\/users\/2"}],"replies":[{"embeddable":true,"href":"https:\/\/www.padreeustaquio.com.br\/es\/wp-json\/wp\/v2\/comments?post=5070"}],"version-history":[{"count":0,"href":"https:\/\/www.padreeustaquio.com.br\/es\/wp-json\/wp\/v2\/posts\/5070\/revisions"}],"wp:featuredmedia":[{"embeddable":true,"href":"https:\/\/www.padreeustaquio.com.br\/es\/wp-json\/wp\/v2\/media\/5071"}],"wp:attachment":[{"href":"https:\/\/www.padreeustaquio.com.br\/es\/wp-json\/wp\/v2\/media?parent=5070"}],"wp:term":[{"taxonomy":"category","embeddable":true,"href":"https:\/\/www.padreeustaquio.com.br\/es\/wp-json\/wp\/v2\/categories?post=5070"},{"taxonomy":"post_tag","embeddable":true,"href":"https:\/\/www.padreeustaquio.com.br\/es\/wp-json\/wp\/v2\/tags?post=5070"}],"curies":[{"name":"wp","href":"https:\/\/api.w.org\/{rel}","templated":true}]}}