{"id":5066,"date":"2021-02-17T07:30:58","date_gmt":"2021-02-17T10:30:58","guid":{"rendered":"https:\/\/www.padreeustaquio.com.br\/?p=5066"},"modified":"2021-02-14T19:46:32","modified_gmt":"2021-02-14T22:46:32","slug":"campana-de-fraternidad-2021-fraternidad-y-dialogo-un-compromiso-de-amor","status":"publish","type":"post","link":"https:\/\/www.padreeustaquio.com.br\/es\/campana-de-fraternidad-2021-fraternidad-y-dialogo-un-compromiso-de-amor\/","title":{"rendered":"Campa\u00f1a de Fraternidad 2021 \u2013 Fraternidad y Di\u00e1logo: un compromiso de amor"},"content":{"rendered":"<p>La Conferencia Nacional de Obispos de Brasil (CNBB) y el Consejo Nacional de Iglesias Cristianas (Conic) lanzan, este Mi\u00e9rcoles de Ceniza (17 de febrero), la quinta edici\u00f3n de la Campa\u00f1a de Fraternidad Ecum\u00e9nica, que este a\u00f1o tiene como tema:\u00a0<em><strong>\u201c&quot;Fraternidad y di\u00e1logo: un compromiso de amor&quot;\u201d<\/strong><\/em>\u00a0y el lema\u00a0<em><strong>\u201c&quot;Cristo es nuestra paz: de lo que estaba dividido, hizo uno.&quot;\u201d<\/strong><\/em>, tomado de la carta de San Pablo a los Efesios, cap\u00edtulo 2, vers\u00edculo 14.<\/p>\n<p>Organizada anualmente por la CNBB (Conferencia Nacional de Obispos Brasile\u00f1os) durante la Cuaresma, el per\u00edodo de 40 d\u00edas que precede a la Pascua, la Campa\u00f1a de la Fraternidad 2021 se promueve ecum\u00e9nicamente, es decir, en colaboraci\u00f3n con diversas iglesias cristianas. La Campa\u00f1a de la Fraternidad 2021 busca invitar a cristianos y personas de buena voluntad a reflexionar, evaluar e identificar maneras de superar la polarizaci\u00f3n y la violencia que caracterizan al mundo actual. Todo esto mediante el di\u00e1logo amoroso y el testimonio de unidad en la diversidad, inspirados por el amor de Cristo.<\/p>\n<p>Oficialmente, la CNBB (Conferencia Nacional de Obispos Brasile\u00f1os) realizar\u00e1 una inauguraci\u00f3n virtual, decisi\u00f3n tomada por las entidades promotoras de la campa\u00f1a para prevenir la propagaci\u00f3n de la COVID-19. Seg\u00fan el obispo auxiliar de la Arquidi\u00f3cesis de R\u00edo de Janeiro (RJ) y secretario general de la CNBB, Dom Joel Portella Amado, la decisi\u00f3n se tom\u00f3 en acuerdo con la junta directiva del CONIC (Consejo Nacional de Iglesias Cristianas) para evitar aglomeraciones en un momento en que la pandemia alcanza cifras alarmantes. Para Dom Joel, es necesario dar testimonio de la importancia de las medidas sanitarias, y para ello se utilizar\u00e1n los recursos inform\u00e1ticos disponibles.<\/p>\n<p>&nbsp;<\/p>\n<p><strong>Fuente: CNBB<\/strong><\/p>","protected":false},"excerpt":{"rendered":"<p>A Confer\u00eancia Nacional dos Bispos do Brasil (CNBB) e o Conselho Nacional de Igrejas Crist\u00e3s (Conic) lan\u00e7am, nesta Quarta-feira de Cinzas (17 de fevereiro) a quinta edi\u00e7\u00e3o da Campanha da Fraternidade Ecum\u00eanica, que neste ano traz como tema:\u00a0\u201cFraternidade e Di\u00e1logo: compromisso de amor\u201d\u00a0e o lema\u00a0\u201cCristo \u00e9 a nossa paz: do que era dividido, fez uma unidade\u201d, extra\u00eddo da carta de S\u00e3o Paulo aos Ef\u00e9sios, cap\u00edtulo 2, vers\u00edculo 14. Realizada pela CNBB todos os anos no tempo da Quaresma, per\u00edodo de 40 dias que antecede a P\u00e1scoa, a Campanha da Fraternidade de 2021 \u00e9 promovida de forma ecum\u00eanica, ou seja, em [&hellip;]<\/p>\n","protected":false},"author":2,"featured_media":5067,"comment_status":"open","ping_status":"open","sticky":false,"template":"","format":"standard","meta":{"_acf_changed":false,"footnotes":""},"categories":[611],"tags":[],"class_list":["post-5066","post","type-post","status-publish","format-standard","has-post-thumbnail","hentry","category-noticias"],"acf":[],"yoast_head":"<!-- This site is optimized with the Yoast SEO plugin v27.2 - https:\/\/yoast.com\/product\/yoast-seo-wordpress\/ -->\n<title>Campanha da Fraternidade 2021 - Fraternidade e Di\u00e1logo: compromisso de amor - Padre Eust\u00e1quio<\/title>\n<meta name=\"robots\" content=\"index, follow, max-snippet:-1, max-image-preview:large, max-video-preview:-1\" \/>\n<link rel=\"canonical\" href=\"https:\/\/www.padreeustaquio.com.br\/es\/campana-de-fraternidad-2021-fraternidad-y-dialogo-un-compromiso-de-amor\/\" \/>\n<meta property=\"og:locale\" content=\"es_ES\" \/>\n<meta property=\"og:type\" content=\"article\" \/>\n<meta property=\"og:title\" content=\"Campanha da Fraternidade 2021 - Fraternidade e Di\u00e1logo: compromisso de amor - Padre Eust\u00e1quio\" \/>\n<meta property=\"og:description\" content=\"A Confer\u00eancia Nacional dos Bispos do Brasil (CNBB) e o Conselho Nacional de Igrejas Crist\u00e3s (Conic) lan\u00e7am, nesta Quarta-feira de Cinzas (17 de fevereiro) a quinta edi\u00e7\u00e3o da Campanha da Fraternidade Ecum\u00eanica, que neste ano traz como tema:\u00a0\u201cFraternidade e Di\u00e1logo: compromisso de amor\u201d\u00a0e o lema\u00a0\u201cCristo \u00e9 a nossa paz: do que era dividido, fez uma unidade\u201d, extra\u00eddo da carta de S\u00e3o Paulo aos Ef\u00e9sios, cap\u00edtulo 2, vers\u00edculo 14. Realizada pela CNBB todos os anos no tempo da Quaresma, per\u00edodo de 40 dias que antecede a P\u00e1scoa, a Campanha da Fraternidade de 2021 \u00e9 promovida de forma ecum\u00eanica, ou seja, em [&hellip;]\" \/>\n<meta property=\"og:url\" content=\"https:\/\/www.padreeustaquio.com.br\/es\/campana-de-fraternidad-2021-fraternidad-y-dialogo-un-compromiso-de-amor\/\" \/>\n<meta property=\"og:site_name\" content=\"Padre Eust\u00e1quio\" \/>\n<meta property=\"article:publisher\" content=\"https:\/\/www.facebook.com\/beatopadreeustaquio\/\" \/>\n<meta property=\"article:published_time\" content=\"2021-02-17T10:30:58+00:00\" \/>\n<meta property=\"og:image\" content=\"https:\/\/www.padreeustaquio.com.br\/wp-content\/uploads\/2021\/02\/cf2021.jpg\" \/>\n\t<meta property=\"og:image:width\" content=\"748\" \/>\n\t<meta property=\"og:image:height\" content=\"394\" \/>\n\t<meta property=\"og:image:type\" content=\"image\/jpeg\" \/>\n<meta name=\"author\" content=\"@sscc\" \/>\n<meta name=\"twitter:card\" content=\"summary_large_image\" \/>\n<meta name=\"twitter:creator\" content=\"@beatopeustaquio\" \/>\n<meta name=\"twitter:site\" content=\"@beatopeustaquio\" \/>\n<meta name=\"twitter:label1\" content=\"Escrito por\" \/>\n\t<meta name=\"twitter:data1\" content=\"@sscc\" \/>\n\t<meta name=\"twitter:label2\" content=\"Tiempo de lectura\" \/>\n\t<meta name=\"twitter:data2\" content=\"1 minuto\" \/>\n<script type=\"application\/ld+json\" class=\"yoast-schema-graph\">{\"@context\":\"https:\/\/schema.org\",\"@graph\":[{\"@type\":\"Article\",\"@id\":\"https:\/\/www.padreeustaquio.com.br\/campanha-da-fraternidade-2021-fraternidade-e-dialogo-compromisso-de-amor\/#article\",\"isPartOf\":{\"@id\":\"https:\/\/www.padreeustaquio.com.br\/campanha-da-fraternidade-2021-fraternidade-e-dialogo-compromisso-de-amor\/\"},\"author\":{\"name\":\"@sscc\",\"@id\":\"https:\/\/www.padreeustaquio.com.br\/#\/schema\/person\/a2a51db1d00f1a7af0204a0f1ddb1566\"},\"headline\":\"Campanha da Fraternidade 2021 &#8211; Fraternidade e Di\u00e1logo: compromisso de amor\",\"datePublished\":\"2021-02-17T10:30:58+00:00\",\"mainEntityOfPage\":{\"@id\":\"https:\/\/www.padreeustaquio.com.br\/campanha-da-fraternidade-2021-fraternidade-e-dialogo-compromisso-de-amor\/\"},\"wordCount\":289,\"commentCount\":0,\"publisher\":{\"@id\":\"https:\/\/www.padreeustaquio.com.br\/#organization\"},\"image\":{\"@id\":\"https:\/\/www.padreeustaquio.com.br\/campanha-da-fraternidade-2021-fraternidade-e-dialogo-compromisso-de-amor\/#primaryimage\"},\"thumbnailUrl\":\"https:\/\/www.padreeustaquio.com.br\/wp-content\/uploads\/2021\/02\/cf2021.jpg\",\"articleSection\":[\"Not\u00edcias\"],\"inLanguage\":\"es\",\"potentialAction\":[{\"@type\":\"CommentAction\",\"name\":\"Comment\",\"target\":[\"https:\/\/www.padreeustaquio.com.br\/campanha-da-fraternidade-2021-fraternidade-e-dialogo-compromisso-de-amor\/#respond\"]}]},{\"@type\":\"WebPage\",\"@id\":\"https:\/\/www.padreeustaquio.com.br\/campanha-da-fraternidade-2021-fraternidade-e-dialogo-compromisso-de-amor\/\",\"url\":\"https:\/\/www.padreeustaquio.com.br\/campanha-da-fraternidade-2021-fraternidade-e-dialogo-compromisso-de-amor\/\",\"name\":\"Campanha da Fraternidade 2021 - Fraternidade e Di\u00e1logo: compromisso de amor - Padre Eust\u00e1quio\",\"isPartOf\":{\"@id\":\"https:\/\/www.padreeustaquio.com.br\/#website\"},\"primaryImageOfPage\":{\"@id\":\"https:\/\/www.padreeustaquio.com.br\/campanha-da-fraternidade-2021-fraternidade-e-dialogo-compromisso-de-amor\/#primaryimage\"},\"image\":{\"@id\":\"https:\/\/www.padreeustaquio.com.br\/campanha-da-fraternidade-2021-fraternidade-e-dialogo-compromisso-de-amor\/#primaryimage\"},\"thumbnailUrl\":\"https:\/\/www.padreeustaquio.com.br\/wp-content\/uploads\/2021\/02\/cf2021.jpg\",\"datePublished\":\"2021-02-17T10:30:58+00:00\",\"breadcrumb\":{\"@id\":\"https:\/\/www.padreeustaquio.com.br\/campanha-da-fraternidade-2021-fraternidade-e-dialogo-compromisso-de-amor\/#breadcrumb\"},\"inLanguage\":\"es\",\"potentialAction\":[{\"@type\":\"ReadAction\",\"target\":[\"https:\/\/www.padreeustaquio.com.br\/campanha-da-fraternidade-2021-fraternidade-e-dialogo-compromisso-de-amor\/\"]}]},{\"@type\":\"ImageObject\",\"inLanguage\":\"es\",\"@id\":\"https:\/\/www.padreeustaquio.com.br\/campanha-da-fraternidade-2021-fraternidade-e-dialogo-compromisso-de-amor\/#primaryimage\",\"url\":\"https:\/\/www.padreeustaquio.com.br\/wp-content\/uploads\/2021\/02\/cf2021.jpg\",\"contentUrl\":\"https:\/\/www.padreeustaquio.com.br\/wp-content\/uploads\/2021\/02\/cf2021.jpg\",\"width\":748,\"height\":394},{\"@type\":\"BreadcrumbList\",\"@id\":\"https:\/\/www.padreeustaquio.com.br\/campanha-da-fraternidade-2021-fraternidade-e-dialogo-compromisso-de-amor\/#breadcrumb\",\"itemListElement\":[{\"@type\":\"ListItem\",\"position\":1,\"name\":\"In\u00edcio\",\"item\":\"https:\/\/www.padreeustaquio.com.br\/\"},{\"@type\":\"ListItem\",\"position\":2,\"name\":\"Campanha da Fraternidade 2021 &#8211; Fraternidade e Di\u00e1logo: compromisso de amor\"}]},{\"@type\":\"WebSite\",\"@id\":\"https:\/\/www.padreeustaquio.com.br\/#website\",\"url\":\"https:\/\/www.padreeustaquio.com.br\/\",\"name\":\"Padre Eust\u00e1quio\",\"description\":\"Sa\u00fade e Paz\",\"publisher\":{\"@id\":\"https:\/\/www.padreeustaquio.com.br\/#organization\"},\"potentialAction\":[{\"@type\":\"SearchAction\",\"target\":{\"@type\":\"EntryPoint\",\"urlTemplate\":\"https:\/\/www.padreeustaquio.com.br\/?s={search_term_string}\"},\"query-input\":{\"@type\":\"PropertyValueSpecification\",\"valueRequired\":true,\"valueName\":\"search_term_string\"}}],\"inLanguage\":\"es\"},{\"@type\":\"Organization\",\"@id\":\"https:\/\/www.padreeustaquio.com.br\/#organization\",\"name\":\"Padre Eust\u00e1quio\",\"url\":\"https:\/\/www.padreeustaquio.com.br\/\",\"logo\":{\"@type\":\"ImageObject\",\"inLanguage\":\"es\",\"@id\":\"https:\/\/www.padreeustaquio.com.br\/#\/schema\/logo\/image\/\",\"url\":\"https:\/\/www.padreeustaquio.com.br\/wp-content\/uploads\/2019\/08\/marca.png\",\"contentUrl\":\"https:\/\/www.padreeustaquio.com.br\/wp-content\/uploads\/2019\/08\/marca.png\",\"width\":350,\"height\":400,\"caption\":\"Padre Eust\u00e1quio\"},\"image\":{\"@id\":\"https:\/\/www.padreeustaquio.com.br\/#\/schema\/logo\/image\/\"},\"sameAs\":[\"https:\/\/www.facebook.com\/beatopadreeustaquio\/\",\"https:\/\/x.com\/beatopeustaquio\",\"https:\/\/www.instagram.com\/beatopadreeustaquio\/\",\"https:\/\/www.youtube.com\/channel\/UCRhw7vfabnajwLxb1ZXMeIw\"]},{\"@type\":\"Person\",\"@id\":\"https:\/\/www.padreeustaquio.com.br\/#\/schema\/person\/a2a51db1d00f1a7af0204a0f1ddb1566\",\"name\":\"@sscc\",\"image\":{\"@type\":\"ImageObject\",\"inLanguage\":\"es\",\"@id\":\"https:\/\/secure.gravatar.com\/avatar\/68cfafa5f44617fea54071e215026e0ff06be366c3d54a8425f04fdcb86f8c5f?s=96&d=mm&r=g\",\"url\":\"https:\/\/secure.gravatar.com\/avatar\/68cfafa5f44617fea54071e215026e0ff06be366c3d54a8425f04fdcb86f8c5f?s=96&d=mm&r=g\",\"contentUrl\":\"https:\/\/secure.gravatar.com\/avatar\/68cfafa5f44617fea54071e215026e0ff06be366c3d54a8425f04fdcb86f8c5f?s=96&d=mm&r=g\",\"caption\":\"@sscc\"},\"url\":\"https:\/\/www.padreeustaquio.com.br\/es\/author\/sscc\/\"}]}<\/script>\n<!-- \/ Yoast SEO plugin. -->","yoast_head_json":{"title":"Campa\u00f1a de Fraternidad 2021 - Fraternidad y Di\u00e1logo: un compromiso de amor - Padre Eust\u00e1quio","robots":{"index":"index","follow":"follow","max-snippet":"max-snippet:-1","max-image-preview":"max-image-preview:large","max-video-preview":"max-video-preview:-1"},"canonical":"https:\/\/www.padreeustaquio.com.br\/es\/campana-de-fraternidad-2021-fraternidad-y-dialogo-un-compromiso-de-amor\/","og_locale":"es_ES","og_type":"article","og_title":"Campanha da Fraternidade 2021 - Fraternidade e Di\u00e1logo: compromisso de amor - Padre Eust\u00e1quio","og_description":"A Confer\u00eancia Nacional dos Bispos do Brasil (CNBB) e o Conselho Nacional de Igrejas Crist\u00e3s (Conic) lan\u00e7am, nesta Quarta-feira de Cinzas (17 de fevereiro) a quinta edi\u00e7\u00e3o da Campanha da Fraternidade Ecum\u00eanica, que neste ano traz como tema:\u00a0\u201cFraternidade e Di\u00e1logo: compromisso de amor\u201d\u00a0e o lema\u00a0\u201cCristo \u00e9 a nossa paz: do que era dividido, fez uma unidade\u201d, extra\u00eddo da carta de S\u00e3o Paulo aos Ef\u00e9sios, cap\u00edtulo 2, vers\u00edculo 14. Realizada pela CNBB todos os anos no tempo da Quaresma, per\u00edodo de 40 dias que antecede a P\u00e1scoa, a Campanha da Fraternidade de 2021 \u00e9 promovida de forma ecum\u00eanica, ou seja, em [&hellip;]","og_url":"https:\/\/www.padreeustaquio.com.br\/es\/campana-de-fraternidad-2021-fraternidad-y-dialogo-un-compromiso-de-amor\/","og_site_name":"Padre Eust\u00e1quio","article_publisher":"https:\/\/www.facebook.com\/beatopadreeustaquio\/","article_published_time":"2021-02-17T10:30:58+00:00","og_image":[{"width":748,"height":394,"url":"https:\/\/www.padreeustaquio.com.br\/wp-content\/uploads\/2021\/02\/cf2021.jpg","type":"image\/jpeg"}],"author":"@sscc","twitter_card":"summary_large_image","twitter_creator":"@beatopeustaquio","twitter_site":"@beatopeustaquio","twitter_misc":{"Escrito por":"@sscc","Tiempo de lectura":"1 minuto"},"schema":{"@context":"https:\/\/schema.org","@graph":[{"@type":"Article","@id":"https:\/\/www.padreeustaquio.com.br\/campanha-da-fraternidade-2021-fraternidade-e-dialogo-compromisso-de-amor\/#article","isPartOf":{"@id":"https:\/\/www.padreeustaquio.com.br\/campanha-da-fraternidade-2021-fraternidade-e-dialogo-compromisso-de-amor\/"},"author":{"name":"@sscc","@id":"https:\/\/www.padreeustaquio.com.br\/#\/schema\/person\/a2a51db1d00f1a7af0204a0f1ddb1566"},"headline":"Campanha da Fraternidade 2021 &#8211; Fraternidade e Di\u00e1logo: compromisso de amor","datePublished":"2021-02-17T10:30:58+00:00","mainEntityOfPage":{"@id":"https:\/\/www.padreeustaquio.com.br\/campanha-da-fraternidade-2021-fraternidade-e-dialogo-compromisso-de-amor\/"},"wordCount":289,"commentCount":0,"publisher":{"@id":"https:\/\/www.padreeustaquio.com.br\/#organization"},"image":{"@id":"https:\/\/www.padreeustaquio.com.br\/campanha-da-fraternidade-2021-fraternidade-e-dialogo-compromisso-de-amor\/#primaryimage"},"thumbnailUrl":"https:\/\/www.padreeustaquio.com.br\/wp-content\/uploads\/2021\/02\/cf2021.jpg","articleSection":["Not\u00edcias"],"inLanguage":"es","potentialAction":[{"@type":"CommentAction","name":"Comment","target":["https:\/\/www.padreeustaquio.com.br\/campanha-da-fraternidade-2021-fraternidade-e-dialogo-compromisso-de-amor\/#respond"]}]},{"@type":"WebPage","@id":"https:\/\/www.padreeustaquio.com.br\/campanha-da-fraternidade-2021-fraternidade-e-dialogo-compromisso-de-amor\/","url":"https:\/\/www.padreeustaquio.com.br\/campanha-da-fraternidade-2021-fraternidade-e-dialogo-compromisso-de-amor\/","name":"Campa\u00f1a de Fraternidad 2021 - Fraternidad y Di\u00e1logo: un compromiso de amor - Padre Eust\u00e1quio","isPartOf":{"@id":"https:\/\/www.padreeustaquio.com.br\/#website"},"primaryImageOfPage":{"@id":"https:\/\/www.padreeustaquio.com.br\/campanha-da-fraternidade-2021-fraternidade-e-dialogo-compromisso-de-amor\/#primaryimage"},"image":{"@id":"https:\/\/www.padreeustaquio.com.br\/campanha-da-fraternidade-2021-fraternidade-e-dialogo-compromisso-de-amor\/#primaryimage"},"thumbnailUrl":"https:\/\/www.padreeustaquio.com.br\/wp-content\/uploads\/2021\/02\/cf2021.jpg","datePublished":"2021-02-17T10:30:58+00:00","breadcrumb":{"@id":"https:\/\/www.padreeustaquio.com.br\/campanha-da-fraternidade-2021-fraternidade-e-dialogo-compromisso-de-amor\/#breadcrumb"},"inLanguage":"es","potentialAction":[{"@type":"ReadAction","target":["https:\/\/www.padreeustaquio.com.br\/campanha-da-fraternidade-2021-fraternidade-e-dialogo-compromisso-de-amor\/"]}]},{"@type":"ImageObject","inLanguage":"es","@id":"https:\/\/www.padreeustaquio.com.br\/campanha-da-fraternidade-2021-fraternidade-e-dialogo-compromisso-de-amor\/#primaryimage","url":"https:\/\/www.padreeustaquio.com.br\/wp-content\/uploads\/2021\/02\/cf2021.jpg","contentUrl":"https:\/\/www.padreeustaquio.com.br\/wp-content\/uploads\/2021\/02\/cf2021.jpg","width":748,"height":394},{"@type":"BreadcrumbList","@id":"https:\/\/www.padreeustaquio.com.br\/campanha-da-fraternidade-2021-fraternidade-e-dialogo-compromisso-de-amor\/#breadcrumb","itemListElement":[{"@type":"ListItem","position":1,"name":"In\u00edcio","item":"https:\/\/www.padreeustaquio.com.br\/"},{"@type":"ListItem","position":2,"name":"Campanha da Fraternidade 2021 &#8211; Fraternidade e Di\u00e1logo: compromisso de amor"}]},{"@type":"WebSite","@id":"https:\/\/www.padreeustaquio.com.br\/#website","url":"https:\/\/www.padreeustaquio.com.br\/","name":"Padre Eustace","description":"Salud y Paz","publisher":{"@id":"https:\/\/www.padreeustaquio.com.br\/#organization"},"potentialAction":[{"@type":"SearchAction","target":{"@type":"EntryPoint","urlTemplate":"https:\/\/www.padreeustaquio.com.br\/?s={search_term_string}"},"query-input":{"@type":"PropertyValueSpecification","valueRequired":true,"valueName":"search_term_string"}}],"inLanguage":"es"},{"@type":"Organization","@id":"https:\/\/www.padreeustaquio.com.br\/#organization","name":"Padre Eustace","url":"https:\/\/www.padreeustaquio.com.br\/","logo":{"@type":"ImageObject","inLanguage":"es","@id":"https:\/\/www.padreeustaquio.com.br\/#\/schema\/logo\/image\/","url":"https:\/\/www.padreeustaquio.com.br\/wp-content\/uploads\/2019\/08\/marca.png","contentUrl":"https:\/\/www.padreeustaquio.com.br\/wp-content\/uploads\/2019\/08\/marca.png","width":350,"height":400,"caption":"Padre Eust\u00e1quio"},"image":{"@id":"https:\/\/www.padreeustaquio.com.br\/#\/schema\/logo\/image\/"},"sameAs":["https:\/\/www.facebook.com\/beatopadreeustaquio\/","https:\/\/x.com\/beatopeustaquio","https:\/\/www.instagram.com\/beatopadreeustaquio\/","https:\/\/www.youtube.com\/channel\/UCRhw7vfabnajwLxb1ZXMeIw"]},{"@type":"Person","@id":"https:\/\/www.padreeustaquio.com.br\/#\/schema\/person\/a2a51db1d00f1a7af0204a0f1ddb1566","name":"@sscc","image":{"@type":"ImageObject","inLanguage":"es","@id":"https:\/\/secure.gravatar.com\/avatar\/68cfafa5f44617fea54071e215026e0ff06be366c3d54a8425f04fdcb86f8c5f?s=96&d=mm&r=g","url":"https:\/\/secure.gravatar.com\/avatar\/68cfafa5f44617fea54071e215026e0ff06be366c3d54a8425f04fdcb86f8c5f?s=96&d=mm&r=g","contentUrl":"https:\/\/secure.gravatar.com\/avatar\/68cfafa5f44617fea54071e215026e0ff06be366c3d54a8425f04fdcb86f8c5f?s=96&d=mm&r=g","caption":"@sscc"},"url":"https:\/\/www.padreeustaquio.com.br\/es\/author\/sscc\/"}]}},"_links":{"self":[{"href":"https:\/\/www.padreeustaquio.com.br\/es\/wp-json\/wp\/v2\/posts\/5066","targetHints":{"allow":["GET"]}}],"collection":[{"href":"https:\/\/www.padreeustaquio.com.br\/es\/wp-json\/wp\/v2\/posts"}],"about":[{"href":"https:\/\/www.padreeustaquio.com.br\/es\/wp-json\/wp\/v2\/types\/post"}],"author":[{"embeddable":true,"href":"https:\/\/www.padreeustaquio.com.br\/es\/wp-json\/wp\/v2\/users\/2"}],"replies":[{"embeddable":true,"href":"https:\/\/www.padreeustaquio.com.br\/es\/wp-json\/wp\/v2\/comments?post=5066"}],"version-history":[{"count":0,"href":"https:\/\/www.padreeustaquio.com.br\/es\/wp-json\/wp\/v2\/posts\/5066\/revisions"}],"wp:featuredmedia":[{"embeddable":true,"href":"https:\/\/www.padreeustaquio.com.br\/es\/wp-json\/wp\/v2\/media\/5067"}],"wp:attachment":[{"href":"https:\/\/www.padreeustaquio.com.br\/es\/wp-json\/wp\/v2\/media?parent=5066"}],"wp:term":[{"taxonomy":"category","embeddable":true,"href":"https:\/\/www.padreeustaquio.com.br\/es\/wp-json\/wp\/v2\/categories?post=5066"},{"taxonomy":"post_tag","embeddable":true,"href":"https:\/\/www.padreeustaquio.com.br\/es\/wp-json\/wp\/v2\/tags?post=5066"}],"curies":[{"name":"wp","href":"https:\/\/api.w.org\/{rel}","templated":true}]}}