{"id":5061,"date":"2021-02-16T08:00:17","date_gmt":"2021-02-16T11:00:17","guid":{"rendered":"https:\/\/www.padreeustaquio.com.br\/?p=5061"},"modified":"2021-02-14T19:22:55","modified_gmt":"2021-02-14T22:22:55","slug":"las-estaciones-del-via-crucis-se-meditaran-todos-los-viernes-durante-la-cuaresma","status":"publish","type":"post","link":"https:\/\/www.padreeustaquio.com.br\/es\/las-estaciones-del-via-crucis-se-meditaran-todos-los-viernes-durante-la-cuaresma\/","title":{"rendered":"Las Estaciones del V\u00eda Crucis se meditar\u00e1n todos los viernes durante la Cuaresma."},"content":{"rendered":"<p>A partir del pr\u00f3ximo viernes 19 de febrero, la Iglesia Padre Eust\u00e1quio de Belo Horizonte celebrar\u00e1 la meditaci\u00f3n del V\u00eda Crucis. La meditaci\u00f3n sobre la Pasi\u00f3n de Nuestro Se\u00f1or se realizar\u00e1 todos los viernes de Cuaresma a las 18:00 h en el interior de la iglesia.<\/p>\n<p>Se controlar\u00e1 la entrada en la puerta de la iglesia. Se tomar\u00e1 la temperatura, se desinfectar\u00e1n los zapatos y se proporcionar\u00e1 desinfectante de manos. Adem\u00e1s, es obligatorio el uso de mascarilla en todo momento. Despu\u00e9s del V\u00eda Crucis, se celebrar\u00e1 la Santa Misa a las 19:00 h, y todos est\u00e1n invitados a participar.<\/p>\n<p>La meditaci\u00f3n del V\u00eda Crucis tendr\u00e1 lugar los siguientes d\u00edas, siempre a las 18.00 horas:<br \/>\n<strong>19 y 26 de febrero<\/strong><br \/>\n<strong>\u2013 5, 12, 19 y 26 de marzo<\/strong><\/p>\n<p>Las Estaciones de la Cruz<\/p>\n<p>El V\u00eda Crucis consiste en recorrer espiritualmente el camino de Jes\u00fas hacia el Monte Calvario mientras cargaba la Cruz, adem\u00e1s de brindar una oportunidad para internalizar su sufrimiento.<\/p>\n<p>En cuanto a su significado, &quot;V\u00eda Crucis&quot;, o V\u00eda Sacra, significa en lat\u00edn &quot;\u201c<strong>El V\u00eda Crucis\u201d<\/strong>. Este recorrido est\u00e1 compuesto por 14 estaciones que representan escenas espec\u00edficas de la Pasi\u00f3n, cada una correspondiente a un acontecimiento especial o a una forma particular de devoci\u00f3n relacionada con esas representaciones.<\/p>\n<p>Antiguamente el n\u00famero de estaciones variaba considerablemente seg\u00fan los lugares, pero ahora el Magisterio prescribe catorce:<\/p>\n<p>1. Cristo es condenado a muerte.<br \/>\n2. Jes\u00fas lleva la cruz sobre sus hombros.<br \/>\n3. Jes\u00fas cae por primera vez.<br \/>\n4. Jes\u00fas se encuentra con su Sant\u00edsima Madre.<br \/>\n5. Sim\u00f3n de Cirene ayuda a Jes\u00fas a llevar la cruz.<br \/>\n6. Ver\u00f3nica limpia el rostro de Jes\u00fas.<br \/>\n7. Jes\u00fas cae por segunda vez.<br \/>\n8. Jes\u00fas se encuentra con las mujeres de Jerusal\u00e9n.<br \/>\n9. Jes\u00fas cae por tercera vez.<br \/>\n10. Jes\u00fas es despojado de sus vestiduras.<br \/>\n11. Jes\u00fas es clavado en la cruz.<br \/>\n12. Jes\u00fas muere en la cruz.<br \/>\n13. Jes\u00fas es bajado de la cruz.<br \/>\n14. Jes\u00fas es colocado en el sepulcro.<\/p>\n<p>En sus inicios, la oraci\u00f3n del V\u00eda Crucis era diferente. En el siglo IV, la monja Egedia escribi\u00f3 sobre las peregrinaciones que los cristianos realizaban a Jerusal\u00e9n para visitar los lugares de la pasi\u00f3n y muerte de Jes\u00fas, llevando los Evangelios. Esta peregrinaci\u00f3n finalizaba en el Monte Calvario.<\/p>\n<p>&nbsp;<\/p>\n<p><em>*con informaci\u00f3n de <a href=\"https:\/\/www.acidigital.com\/noticias\/este-e-o-significado-da-via-sacra-54625\">acidigital.com<\/a><\/em><\/p>","protected":false},"excerpt":{"rendered":"<p>A partir da pr\u00f3xima sexta-feira, dia 19 de fevereiro, a Igreja do Padre Eust\u00e1quio, em Belo Horizonte, vai realizar a medita\u00e7\u00e3o da Via Sacra. A medita\u00e7\u00e3o da Paix\u00e3o de Nosso Senhor, ser\u00e1 feita todas as sextas da Quaresma, \u00e0s 18h, dentro da igreja. O controle de entrada ser\u00e1 feito na porta do templo. Haver\u00e1 medi\u00e7\u00e3o de temperatura, higieniza\u00e7\u00e3o dos cal\u00e7ados e disponibiliza\u00e7\u00e3o de \u00e1lcool gel para as m\u00e3os. Al\u00e9m disso, durante todo o momento os fi\u00e9is dever\u00e3o usar m\u00e1scaras de prote\u00e7\u00e3o. Logo ap\u00f3s a Via Sacra, haver\u00e1 a celebra\u00e7\u00e3o da Santa Missa (\u00e0s 19h), na qual todos est\u00e3o convidados a [&hellip;]<\/p>\n","protected":false},"author":2,"featured_media":5062,"comment_status":"open","ping_status":"open","sticky":false,"template":"","format":"standard","meta":{"_acf_changed":false,"footnotes":""},"categories":[611],"tags":[],"class_list":["post-5061","post","type-post","status-publish","format-standard","has-post-thumbnail","hentry","category-noticias"],"acf":[],"yoast_head":"<!-- This site is optimized with the Yoast SEO plugin v27.2 - https:\/\/yoast.com\/product\/yoast-seo-wordpress\/ -->\n<title>Via Sacra ser\u00e1 meditada toda sexta-feira durante a Quaresma - Padre Eust\u00e1quio<\/title>\n<meta name=\"robots\" content=\"index, follow, max-snippet:-1, max-image-preview:large, max-video-preview:-1\" \/>\n<link rel=\"canonical\" href=\"https:\/\/www.padreeustaquio.com.br\/es\/las-estaciones-del-via-crucis-se-meditaran-todos-los-viernes-durante-la-cuaresma\/\" \/>\n<meta property=\"og:locale\" content=\"es_ES\" \/>\n<meta property=\"og:type\" content=\"article\" \/>\n<meta property=\"og:title\" content=\"Via Sacra ser\u00e1 meditada toda sexta-feira durante a Quaresma - Padre Eust\u00e1quio\" \/>\n<meta property=\"og:description\" content=\"A partir da pr\u00f3xima sexta-feira, dia 19 de fevereiro, a Igreja do Padre Eust\u00e1quio, em Belo Horizonte, vai realizar a medita\u00e7\u00e3o da Via Sacra. A medita\u00e7\u00e3o da Paix\u00e3o de Nosso Senhor, ser\u00e1 feita todas as sextas da Quaresma, \u00e0s 18h, dentro da igreja. O controle de entrada ser\u00e1 feito na porta do templo. Haver\u00e1 medi\u00e7\u00e3o de temperatura, higieniza\u00e7\u00e3o dos cal\u00e7ados e disponibiliza\u00e7\u00e3o de \u00e1lcool gel para as m\u00e3os. Al\u00e9m disso, durante todo o momento os fi\u00e9is dever\u00e3o usar m\u00e1scaras de prote\u00e7\u00e3o. Logo ap\u00f3s a Via Sacra, haver\u00e1 a celebra\u00e7\u00e3o da Santa Missa (\u00e0s 19h), na qual todos est\u00e3o convidados a [&hellip;]\" \/>\n<meta property=\"og:url\" content=\"https:\/\/www.padreeustaquio.com.br\/es\/las-estaciones-del-via-crucis-se-meditaran-todos-los-viernes-durante-la-cuaresma\/\" \/>\n<meta property=\"og:site_name\" content=\"Padre Eust\u00e1quio\" \/>\n<meta property=\"article:publisher\" content=\"https:\/\/www.facebook.com\/beatopadreeustaquio\/\" \/>\n<meta property=\"article:published_time\" content=\"2021-02-16T11:00:17+00:00\" \/>\n<meta property=\"og:image\" content=\"https:\/\/www.padreeustaquio.com.br\/wp-content\/uploads\/2021\/02\/Via-sacra-e1613341117250.jpeg\" \/>\n\t<meta property=\"og:image:width\" content=\"985\" \/>\n\t<meta property=\"og:image:height\" content=\"552\" \/>\n\t<meta property=\"og:image:type\" content=\"image\/jpeg\" \/>\n<meta name=\"author\" content=\"@sscc\" \/>\n<meta name=\"twitter:card\" content=\"summary_large_image\" \/>\n<meta name=\"twitter:creator\" content=\"@beatopeustaquio\" \/>\n<meta name=\"twitter:site\" content=\"@beatopeustaquio\" \/>\n<meta name=\"twitter:label1\" content=\"Escrito por\" \/>\n\t<meta name=\"twitter:data1\" content=\"@sscc\" \/>\n\t<meta name=\"twitter:label2\" content=\"Tiempo de lectura\" \/>\n\t<meta name=\"twitter:data2\" content=\"2 minutos\" \/>\n<script type=\"application\/ld+json\" class=\"yoast-schema-graph\">{\"@context\":\"https:\/\/schema.org\",\"@graph\":[{\"@type\":\"Article\",\"@id\":\"https:\/\/www.padreeustaquio.com.br\/via-sacra-sera-meditada-toda-sexta-feira-durante-a-quaresma\/#article\",\"isPartOf\":{\"@id\":\"https:\/\/www.padreeustaquio.com.br\/via-sacra-sera-meditada-toda-sexta-feira-durante-a-quaresma\/\"},\"author\":{\"name\":\"@sscc\",\"@id\":\"https:\/\/www.padreeustaquio.com.br\/#\/schema\/person\/a2a51db1d00f1a7af0204a0f1ddb1566\"},\"headline\":\"Via Sacra ser\u00e1 meditada toda sexta-feira durante a Quaresma\",\"datePublished\":\"2021-02-16T11:00:17+00:00\",\"mainEntityOfPage\":{\"@id\":\"https:\/\/www.padreeustaquio.com.br\/via-sacra-sera-meditada-toda-sexta-feira-durante-a-quaresma\/\"},\"wordCount\":390,\"commentCount\":0,\"publisher\":{\"@id\":\"https:\/\/www.padreeustaquio.com.br\/#organization\"},\"image\":{\"@id\":\"https:\/\/www.padreeustaquio.com.br\/via-sacra-sera-meditada-toda-sexta-feira-durante-a-quaresma\/#primaryimage\"},\"thumbnailUrl\":\"https:\/\/www.padreeustaquio.com.br\/wp-content\/uploads\/2021\/02\/Via-sacra-e1613341117250.jpeg\",\"articleSection\":[\"Not\u00edcias\"],\"inLanguage\":\"es\",\"potentialAction\":[{\"@type\":\"CommentAction\",\"name\":\"Comment\",\"target\":[\"https:\/\/www.padreeustaquio.com.br\/via-sacra-sera-meditada-toda-sexta-feira-durante-a-quaresma\/#respond\"]}]},{\"@type\":\"WebPage\",\"@id\":\"https:\/\/www.padreeustaquio.com.br\/via-sacra-sera-meditada-toda-sexta-feira-durante-a-quaresma\/\",\"url\":\"https:\/\/www.padreeustaquio.com.br\/via-sacra-sera-meditada-toda-sexta-feira-durante-a-quaresma\/\",\"name\":\"Via Sacra ser\u00e1 meditada toda sexta-feira durante a Quaresma - Padre Eust\u00e1quio\",\"isPartOf\":{\"@id\":\"https:\/\/www.padreeustaquio.com.br\/#website\"},\"primaryImageOfPage\":{\"@id\":\"https:\/\/www.padreeustaquio.com.br\/via-sacra-sera-meditada-toda-sexta-feira-durante-a-quaresma\/#primaryimage\"},\"image\":{\"@id\":\"https:\/\/www.padreeustaquio.com.br\/via-sacra-sera-meditada-toda-sexta-feira-durante-a-quaresma\/#primaryimage\"},\"thumbnailUrl\":\"https:\/\/www.padreeustaquio.com.br\/wp-content\/uploads\/2021\/02\/Via-sacra-e1613341117250.jpeg\",\"datePublished\":\"2021-02-16T11:00:17+00:00\",\"breadcrumb\":{\"@id\":\"https:\/\/www.padreeustaquio.com.br\/via-sacra-sera-meditada-toda-sexta-feira-durante-a-quaresma\/#breadcrumb\"},\"inLanguage\":\"es\",\"potentialAction\":[{\"@type\":\"ReadAction\",\"target\":[\"https:\/\/www.padreeustaquio.com.br\/via-sacra-sera-meditada-toda-sexta-feira-durante-a-quaresma\/\"]}]},{\"@type\":\"ImageObject\",\"inLanguage\":\"es\",\"@id\":\"https:\/\/www.padreeustaquio.com.br\/via-sacra-sera-meditada-toda-sexta-feira-durante-a-quaresma\/#primaryimage\",\"url\":\"https:\/\/www.padreeustaquio.com.br\/wp-content\/uploads\/2021\/02\/Via-sacra-e1613341117250.jpeg\",\"contentUrl\":\"https:\/\/www.padreeustaquio.com.br\/wp-content\/uploads\/2021\/02\/Via-sacra-e1613341117250.jpeg\",\"width\":985,\"height\":552},{\"@type\":\"BreadcrumbList\",\"@id\":\"https:\/\/www.padreeustaquio.com.br\/via-sacra-sera-meditada-toda-sexta-feira-durante-a-quaresma\/#breadcrumb\",\"itemListElement\":[{\"@type\":\"ListItem\",\"position\":1,\"name\":\"In\u00edcio\",\"item\":\"https:\/\/www.padreeustaquio.com.br\/\"},{\"@type\":\"ListItem\",\"position\":2,\"name\":\"Via Sacra ser\u00e1 meditada toda sexta-feira durante a Quaresma\"}]},{\"@type\":\"WebSite\",\"@id\":\"https:\/\/www.padreeustaquio.com.br\/#website\",\"url\":\"https:\/\/www.padreeustaquio.com.br\/\",\"name\":\"Padre Eust\u00e1quio\",\"description\":\"Sa\u00fade e Paz\",\"publisher\":{\"@id\":\"https:\/\/www.padreeustaquio.com.br\/#organization\"},\"potentialAction\":[{\"@type\":\"SearchAction\",\"target\":{\"@type\":\"EntryPoint\",\"urlTemplate\":\"https:\/\/www.padreeustaquio.com.br\/?s={search_term_string}\"},\"query-input\":{\"@type\":\"PropertyValueSpecification\",\"valueRequired\":true,\"valueName\":\"search_term_string\"}}],\"inLanguage\":\"es\"},{\"@type\":\"Organization\",\"@id\":\"https:\/\/www.padreeustaquio.com.br\/#organization\",\"name\":\"Padre Eust\u00e1quio\",\"url\":\"https:\/\/www.padreeustaquio.com.br\/\",\"logo\":{\"@type\":\"ImageObject\",\"inLanguage\":\"es\",\"@id\":\"https:\/\/www.padreeustaquio.com.br\/#\/schema\/logo\/image\/\",\"url\":\"https:\/\/www.padreeustaquio.com.br\/wp-content\/uploads\/2019\/08\/marca.png\",\"contentUrl\":\"https:\/\/www.padreeustaquio.com.br\/wp-content\/uploads\/2019\/08\/marca.png\",\"width\":350,\"height\":400,\"caption\":\"Padre Eust\u00e1quio\"},\"image\":{\"@id\":\"https:\/\/www.padreeustaquio.com.br\/#\/schema\/logo\/image\/\"},\"sameAs\":[\"https:\/\/www.facebook.com\/beatopadreeustaquio\/\",\"https:\/\/x.com\/beatopeustaquio\",\"https:\/\/www.instagram.com\/beatopadreeustaquio\/\",\"https:\/\/www.youtube.com\/channel\/UCRhw7vfabnajwLxb1ZXMeIw\"]},{\"@type\":\"Person\",\"@id\":\"https:\/\/www.padreeustaquio.com.br\/#\/schema\/person\/a2a51db1d00f1a7af0204a0f1ddb1566\",\"name\":\"@sscc\",\"image\":{\"@type\":\"ImageObject\",\"inLanguage\":\"es\",\"@id\":\"https:\/\/secure.gravatar.com\/avatar\/68cfafa5f44617fea54071e215026e0ff06be366c3d54a8425f04fdcb86f8c5f?s=96&d=mm&r=g\",\"url\":\"https:\/\/secure.gravatar.com\/avatar\/68cfafa5f44617fea54071e215026e0ff06be366c3d54a8425f04fdcb86f8c5f?s=96&d=mm&r=g\",\"contentUrl\":\"https:\/\/secure.gravatar.com\/avatar\/68cfafa5f44617fea54071e215026e0ff06be366c3d54a8425f04fdcb86f8c5f?s=96&d=mm&r=g\",\"caption\":\"@sscc\"},\"url\":\"https:\/\/www.padreeustaquio.com.br\/es\/author\/sscc\/\"}]}<\/script>\n<!-- \/ Yoast SEO plugin. -->","yoast_head_json":{"title":"El V\u00eda Crucis se meditar\u00e1 todos los viernes de Cuaresma - Padre Eust\u00e1quio","robots":{"index":"index","follow":"follow","max-snippet":"max-snippet:-1","max-image-preview":"max-image-preview:large","max-video-preview":"max-video-preview:-1"},"canonical":"https:\/\/www.padreeustaquio.com.br\/es\/las-estaciones-del-via-crucis-se-meditaran-todos-los-viernes-durante-la-cuaresma\/","og_locale":"es_ES","og_type":"article","og_title":"Via Sacra ser\u00e1 meditada toda sexta-feira durante a Quaresma - Padre Eust\u00e1quio","og_description":"A partir da pr\u00f3xima sexta-feira, dia 19 de fevereiro, a Igreja do Padre Eust\u00e1quio, em Belo Horizonte, vai realizar a medita\u00e7\u00e3o da Via Sacra. A medita\u00e7\u00e3o da Paix\u00e3o de Nosso Senhor, ser\u00e1 feita todas as sextas da Quaresma, \u00e0s 18h, dentro da igreja. O controle de entrada ser\u00e1 feito na porta do templo. Haver\u00e1 medi\u00e7\u00e3o de temperatura, higieniza\u00e7\u00e3o dos cal\u00e7ados e disponibiliza\u00e7\u00e3o de \u00e1lcool gel para as m\u00e3os. Al\u00e9m disso, durante todo o momento os fi\u00e9is dever\u00e3o usar m\u00e1scaras de prote\u00e7\u00e3o. Logo ap\u00f3s a Via Sacra, haver\u00e1 a celebra\u00e7\u00e3o da Santa Missa (\u00e0s 19h), na qual todos est\u00e3o convidados a [&hellip;]","og_url":"https:\/\/www.padreeustaquio.com.br\/es\/las-estaciones-del-via-crucis-se-meditaran-todos-los-viernes-durante-la-cuaresma\/","og_site_name":"Padre Eust\u00e1quio","article_publisher":"https:\/\/www.facebook.com\/beatopadreeustaquio\/","article_published_time":"2021-02-16T11:00:17+00:00","og_image":[{"width":985,"height":552,"url":"https:\/\/www.padreeustaquio.com.br\/wp-content\/uploads\/2021\/02\/Via-sacra-e1613341117250.jpeg","type":"image\/jpeg"}],"author":"@sscc","twitter_card":"summary_large_image","twitter_creator":"@beatopeustaquio","twitter_site":"@beatopeustaquio","twitter_misc":{"Escrito por":"@sscc","Tiempo de lectura":"2 minutos"},"schema":{"@context":"https:\/\/schema.org","@graph":[{"@type":"Article","@id":"https:\/\/www.padreeustaquio.com.br\/via-sacra-sera-meditada-toda-sexta-feira-durante-a-quaresma\/#article","isPartOf":{"@id":"https:\/\/www.padreeustaquio.com.br\/via-sacra-sera-meditada-toda-sexta-feira-durante-a-quaresma\/"},"author":{"name":"@sscc","@id":"https:\/\/www.padreeustaquio.com.br\/#\/schema\/person\/a2a51db1d00f1a7af0204a0f1ddb1566"},"headline":"Via Sacra ser\u00e1 meditada toda sexta-feira durante a Quaresma","datePublished":"2021-02-16T11:00:17+00:00","mainEntityOfPage":{"@id":"https:\/\/www.padreeustaquio.com.br\/via-sacra-sera-meditada-toda-sexta-feira-durante-a-quaresma\/"},"wordCount":390,"commentCount":0,"publisher":{"@id":"https:\/\/www.padreeustaquio.com.br\/#organization"},"image":{"@id":"https:\/\/www.padreeustaquio.com.br\/via-sacra-sera-meditada-toda-sexta-feira-durante-a-quaresma\/#primaryimage"},"thumbnailUrl":"https:\/\/www.padreeustaquio.com.br\/wp-content\/uploads\/2021\/02\/Via-sacra-e1613341117250.jpeg","articleSection":["Not\u00edcias"],"inLanguage":"es","potentialAction":[{"@type":"CommentAction","name":"Comment","target":["https:\/\/www.padreeustaquio.com.br\/via-sacra-sera-meditada-toda-sexta-feira-durante-a-quaresma\/#respond"]}]},{"@type":"WebPage","@id":"https:\/\/www.padreeustaquio.com.br\/via-sacra-sera-meditada-toda-sexta-feira-durante-a-quaresma\/","url":"https:\/\/www.padreeustaquio.com.br\/via-sacra-sera-meditada-toda-sexta-feira-durante-a-quaresma\/","name":"El V\u00eda Crucis se meditar\u00e1 todos los viernes de Cuaresma - Padre Eust\u00e1quio","isPartOf":{"@id":"https:\/\/www.padreeustaquio.com.br\/#website"},"primaryImageOfPage":{"@id":"https:\/\/www.padreeustaquio.com.br\/via-sacra-sera-meditada-toda-sexta-feira-durante-a-quaresma\/#primaryimage"},"image":{"@id":"https:\/\/www.padreeustaquio.com.br\/via-sacra-sera-meditada-toda-sexta-feira-durante-a-quaresma\/#primaryimage"},"thumbnailUrl":"https:\/\/www.padreeustaquio.com.br\/wp-content\/uploads\/2021\/02\/Via-sacra-e1613341117250.jpeg","datePublished":"2021-02-16T11:00:17+00:00","breadcrumb":{"@id":"https:\/\/www.padreeustaquio.com.br\/via-sacra-sera-meditada-toda-sexta-feira-durante-a-quaresma\/#breadcrumb"},"inLanguage":"es","potentialAction":[{"@type":"ReadAction","target":["https:\/\/www.padreeustaquio.com.br\/via-sacra-sera-meditada-toda-sexta-feira-durante-a-quaresma\/"]}]},{"@type":"ImageObject","inLanguage":"es","@id":"https:\/\/www.padreeustaquio.com.br\/via-sacra-sera-meditada-toda-sexta-feira-durante-a-quaresma\/#primaryimage","url":"https:\/\/www.padreeustaquio.com.br\/wp-content\/uploads\/2021\/02\/Via-sacra-e1613341117250.jpeg","contentUrl":"https:\/\/www.padreeustaquio.com.br\/wp-content\/uploads\/2021\/02\/Via-sacra-e1613341117250.jpeg","width":985,"height":552},{"@type":"BreadcrumbList","@id":"https:\/\/www.padreeustaquio.com.br\/via-sacra-sera-meditada-toda-sexta-feira-durante-a-quaresma\/#breadcrumb","itemListElement":[{"@type":"ListItem","position":1,"name":"In\u00edcio","item":"https:\/\/www.padreeustaquio.com.br\/"},{"@type":"ListItem","position":2,"name":"Via Sacra ser\u00e1 meditada toda sexta-feira durante a Quaresma"}]},{"@type":"WebSite","@id":"https:\/\/www.padreeustaquio.com.br\/#website","url":"https:\/\/www.padreeustaquio.com.br\/","name":"Padre Eustace","description":"Salud y Paz","publisher":{"@id":"https:\/\/www.padreeustaquio.com.br\/#organization"},"potentialAction":[{"@type":"SearchAction","target":{"@type":"EntryPoint","urlTemplate":"https:\/\/www.padreeustaquio.com.br\/?s={search_term_string}"},"query-input":{"@type":"PropertyValueSpecification","valueRequired":true,"valueName":"search_term_string"}}],"inLanguage":"es"},{"@type":"Organization","@id":"https:\/\/www.padreeustaquio.com.br\/#organization","name":"Padre Eustace","url":"https:\/\/www.padreeustaquio.com.br\/","logo":{"@type":"ImageObject","inLanguage":"es","@id":"https:\/\/www.padreeustaquio.com.br\/#\/schema\/logo\/image\/","url":"https:\/\/www.padreeustaquio.com.br\/wp-content\/uploads\/2019\/08\/marca.png","contentUrl":"https:\/\/www.padreeustaquio.com.br\/wp-content\/uploads\/2019\/08\/marca.png","width":350,"height":400,"caption":"Padre Eust\u00e1quio"},"image":{"@id":"https:\/\/www.padreeustaquio.com.br\/#\/schema\/logo\/image\/"},"sameAs":["https:\/\/www.facebook.com\/beatopadreeustaquio\/","https:\/\/x.com\/beatopeustaquio","https:\/\/www.instagram.com\/beatopadreeustaquio\/","https:\/\/www.youtube.com\/channel\/UCRhw7vfabnajwLxb1ZXMeIw"]},{"@type":"Person","@id":"https:\/\/www.padreeustaquio.com.br\/#\/schema\/person\/a2a51db1d00f1a7af0204a0f1ddb1566","name":"@sscc","image":{"@type":"ImageObject","inLanguage":"es","@id":"https:\/\/secure.gravatar.com\/avatar\/68cfafa5f44617fea54071e215026e0ff06be366c3d54a8425f04fdcb86f8c5f?s=96&d=mm&r=g","url":"https:\/\/secure.gravatar.com\/avatar\/68cfafa5f44617fea54071e215026e0ff06be366c3d54a8425f04fdcb86f8c5f?s=96&d=mm&r=g","contentUrl":"https:\/\/secure.gravatar.com\/avatar\/68cfafa5f44617fea54071e215026e0ff06be366c3d54a8425f04fdcb86f8c5f?s=96&d=mm&r=g","caption":"@sscc"},"url":"https:\/\/www.padreeustaquio.com.br\/es\/author\/sscc\/"}]}},"_links":{"self":[{"href":"https:\/\/www.padreeustaquio.com.br\/es\/wp-json\/wp\/v2\/posts\/5061","targetHints":{"allow":["GET"]}}],"collection":[{"href":"https:\/\/www.padreeustaquio.com.br\/es\/wp-json\/wp\/v2\/posts"}],"about":[{"href":"https:\/\/www.padreeustaquio.com.br\/es\/wp-json\/wp\/v2\/types\/post"}],"author":[{"embeddable":true,"href":"https:\/\/www.padreeustaquio.com.br\/es\/wp-json\/wp\/v2\/users\/2"}],"replies":[{"embeddable":true,"href":"https:\/\/www.padreeustaquio.com.br\/es\/wp-json\/wp\/v2\/comments?post=5061"}],"version-history":[{"count":0,"href":"https:\/\/www.padreeustaquio.com.br\/es\/wp-json\/wp\/v2\/posts\/5061\/revisions"}],"wp:featuredmedia":[{"embeddable":true,"href":"https:\/\/www.padreeustaquio.com.br\/es\/wp-json\/wp\/v2\/media\/5062"}],"wp:attachment":[{"href":"https:\/\/www.padreeustaquio.com.br\/es\/wp-json\/wp\/v2\/media?parent=5061"}],"wp:term":[{"taxonomy":"category","embeddable":true,"href":"https:\/\/www.padreeustaquio.com.br\/es\/wp-json\/wp\/v2\/categories?post=5061"},{"taxonomy":"post_tag","embeddable":true,"href":"https:\/\/www.padreeustaquio.com.br\/es\/wp-json\/wp\/v2\/tags?post=5061"}],"curies":[{"name":"wp","href":"https:\/\/api.w.org\/{rel}","templated":true}]}}