{"id":5056,"date":"2021-02-15T08:00:43","date_gmt":"2021-02-15T11:00:43","guid":{"rendered":"https:\/\/www.padreeustaquio.com.br\/?p=5056"},"modified":"2021-02-14T18:31:09","modified_gmt":"2021-02-14T21:31:09","slug":"la-iglesia-del-padre-eustaquio-tambien-tendra-misa-en-persona-los-viernes","status":"publish","type":"post","link":"https:\/\/www.padreeustaquio.com.br\/es\/la-iglesia-del-padre-eustaquio-tambien-tendra-misa-en-persona-los-viernes\/","title":{"rendered":"La Iglesia del Padre Eust\u00e1quio tambi\u00e9n celebrar\u00e1 misa presencial los viernes."},"content":{"rendered":"<p>A partir de esta semana, el Santuario de Salud y Paz, conocido como la Iglesia del Padre Eust\u00e1quio, tambi\u00e9n ofrecer\u00e1 misas presenciales los viernes. La idea es ofrecer m\u00e1s oportunidades para que la comunidad participe activamente en las celebraciones de la iglesia.<\/p>\n<p>Para estas celebraciones, el aforo m\u00e1ximo permitido en la iglesia ser\u00e1 de 200 personas debido a la pandemia. A partir de ahora, el acceso a las misas entre semana se controlar\u00e1 en la entrada de la iglesia por orden de llegada. Las misas de los s\u00e1bados y domingos, as\u00ed como las celebraciones especiales, seguir\u00e1n requiriendo entrada.<\/p>\n<p>Por tanto, las misas presenciales en el Santuario de Salud y Paz tendr\u00e1n ahora el siguiente horario:<\/p>\n<p><strong>Martes, jueves y viernes \u2013 19h<\/strong> (control en la entrada)<br \/>\n<strong>S\u00e1bados - 6 PM<\/strong> (recogida anticipada de entradas)<br \/>\n\u2013 <strong>Domingos \u2013 7:30 am, 10:00 am, 6:00 pm\u00a0<\/strong>(recogida anticipada de entradas)<br \/>\n<strong>\u2013 Cada d\u00eda 30 del mes \u2013 15:00 horas<\/strong>\u00a0(recogida anticipada de entradas)<br \/>\n<strong>\u2013 Primeros viernes \u2013 16:00 horas\u00a0<\/strong> (control en la entrada)<br \/>\n<strong>Fiestas o celebraciones especiales<\/strong>\u00a0(recogida anticipada de entradas)<\/p>\n<p>Para participar presencialmente de las celebraciones se deben seguir algunas recomendaciones:<\/p>\n<p>Recomendamos que los ni\u00f1os y las personas mayores de 60 a\u00f1os, as\u00ed como cualquier persona con restricciones de salud, eviten la participaci\u00f3n en persona.;<br \/>\nLlegar temprano para permitir la organizaci\u00f3n y el ingreso al lugar;<br \/>\nComo medida preventiva, se tomar\u00e1 la temperatura a los fieles. No se permitir\u00e1 la participaci\u00f3n en las celebraciones a quienes tengan una temperatura de 37.8 \u00b0C o superior. Es obligatorio desinfectar los zapatos y las manos antes de entrar. Por favor, traiga tambi\u00e9n su propio desinfectante de manos.;<br \/>\n\u2013 Todos los fieles deben usar m\u00e1scaras protectoras mientras est\u00e9n dentro de la iglesia;<br \/>\n\u2013 Al ingresar, por favor ocupe los asientos disponibles en orden de llegada y mantenga el distanciamiento social indicado, incluso si est\u00e1 con su familia;<br \/>\nLa comuni\u00f3n se distribuir\u00e1 \u00fanicamente en la mano. El sacerdote y los ministros se acercar\u00e1n a usted.;<br \/>\n\u2013 Durante el Padre Nuestro no se deben juntar las manos y no se har\u00e1 el Signo de la Paz;<br \/>\nIntente planificar con anticipaci\u00f3n para no tener que usar los ba\u00f1os;<br \/>\n\u2013 Traiga su propia botella de agua ya que las fuentes de agua est\u00e1n fuera de servicio;<br \/>\n\u2013 Seguir las instrucciones de los voluntarios, que est\u00e1n disponibles para ayudar;<br \/>\n\u2013 Al finalizar el servicio, esperar a que salgan primero las personas que est\u00e1n en los bancos m\u00e1s cercanos a la puerta, y as\u00ed sucesivamente hasta que salgan los \u00faltimos;<\/p>\n<p><span style=\"font-size: 1.21429rem;\">Para m\u00e1s informaci\u00f3n llame a la oficina parroquial: (31) 3462-6557.<\/span><\/p>","protected":false},"excerpt":{"rendered":"<p>A partir desta semana o Santu\u00e1rio da Sa\u00fade e Paz, conhecido como Igreja do Padre Eust\u00e1quio, ter\u00e1 missas presenciais tamb\u00e9m \u00e0s sextas-feiras. A ideia \u00e9 oferecer mais oportunidades para que a comunidade participe efetivamente das celebra\u00e7\u00f5es na igreja. Para estas celebra\u00e7\u00f5es, o n\u00famero m\u00e1ximo de pessoas permitidas dentro da igreja tamb\u00e9m ser\u00e1 de 200, por causa da pandemia. E, a partir de agora, o controle para missas durante a semana ser\u00e1 feito na entrada do templo, por ordem de chegada. As missas do s\u00e1bado, domingo e celebra\u00e7\u00f5es especiais continuam necessitando de retirada de senhas. Desta forma, as missas\u00a0 presenciais no [&hellip;]<\/p>\n","protected":false},"author":2,"featured_media":5057,"comment_status":"open","ping_status":"open","sticky":false,"template":"","format":"standard","meta":{"_acf_changed":false,"footnotes":""},"categories":[611],"tags":[],"class_list":["post-5056","post","type-post","status-publish","format-standard","has-post-thumbnail","hentry","category-noticias"],"acf":[],"yoast_head":"<!-- This site is optimized with the Yoast SEO plugin v27.2 - https:\/\/yoast.com\/product\/yoast-seo-wordpress\/ -->\n<title>Igreja do Padre Eust\u00e1quio ter\u00e1 missa presencial tamb\u00e9m \u00e0s sextas-feiras - Padre Eust\u00e1quio<\/title>\n<meta name=\"robots\" content=\"index, follow, max-snippet:-1, max-image-preview:large, max-video-preview:-1\" \/>\n<link rel=\"canonical\" href=\"https:\/\/www.padreeustaquio.com.br\/es\/la-iglesia-del-padre-eustaquio-tambien-tendra-misa-en-persona-los-viernes\/\" \/>\n<meta property=\"og:locale\" content=\"es_ES\" \/>\n<meta property=\"og:type\" content=\"article\" \/>\n<meta property=\"og:title\" content=\"Igreja do Padre Eust\u00e1quio ter\u00e1 missa presencial tamb\u00e9m \u00e0s sextas-feiras - Padre Eust\u00e1quio\" \/>\n<meta property=\"og:description\" content=\"A partir desta semana o Santu\u00e1rio da Sa\u00fade e Paz, conhecido como Igreja do Padre Eust\u00e1quio, ter\u00e1 missas presenciais tamb\u00e9m \u00e0s sextas-feiras. A ideia \u00e9 oferecer mais oportunidades para que a comunidade participe efetivamente das celebra\u00e7\u00f5es na igreja. Para estas celebra\u00e7\u00f5es, o n\u00famero m\u00e1ximo de pessoas permitidas dentro da igreja tamb\u00e9m ser\u00e1 de 200, por causa da pandemia. E, a partir de agora, o controle para missas durante a semana ser\u00e1 feito na entrada do templo, por ordem de chegada. As missas do s\u00e1bado, domingo e celebra\u00e7\u00f5es especiais continuam necessitando de retirada de senhas. Desta forma, as missas\u00a0 presenciais no [&hellip;]\" \/>\n<meta property=\"og:url\" content=\"https:\/\/www.padreeustaquio.com.br\/es\/la-iglesia-del-padre-eustaquio-tambien-tendra-misa-en-persona-los-viernes\/\" \/>\n<meta property=\"og:site_name\" content=\"Padre Eust\u00e1quio\" \/>\n<meta property=\"article:publisher\" content=\"https:\/\/www.facebook.com\/beatopadreeustaquio\/\" \/>\n<meta property=\"article:published_time\" content=\"2021-02-15T11:00:43+00:00\" \/>\n<meta property=\"og:image\" content=\"https:\/\/www.padreeustaquio.com.br\/wp-content\/uploads\/2021\/02\/igreja-aerea.jpg\" \/>\n\t<meta property=\"og:image:width\" content=\"748\" \/>\n\t<meta property=\"og:image:height\" content=\"394\" \/>\n\t<meta property=\"og:image:type\" content=\"image\/jpeg\" \/>\n<meta name=\"author\" content=\"@sscc\" \/>\n<meta name=\"twitter:card\" content=\"summary_large_image\" \/>\n<meta name=\"twitter:creator\" content=\"@beatopeustaquio\" \/>\n<meta name=\"twitter:site\" content=\"@beatopeustaquio\" \/>\n<meta name=\"twitter:label1\" content=\"Escrito por\" \/>\n\t<meta name=\"twitter:data1\" content=\"@sscc\" \/>\n\t<meta name=\"twitter:label2\" content=\"Tiempo de lectura\" \/>\n\t<meta name=\"twitter:data2\" content=\"2 minutos\" \/>\n<script type=\"application\/ld+json\" class=\"yoast-schema-graph\">{\"@context\":\"https:\/\/schema.org\",\"@graph\":[{\"@type\":\"Article\",\"@id\":\"https:\/\/www.padreeustaquio.com.br\/igreja-do-padre-eustaquio-tera-missa-presencial-tambem-as-sextas-feiras\/#article\",\"isPartOf\":{\"@id\":\"https:\/\/www.padreeustaquio.com.br\/igreja-do-padre-eustaquio-tera-missa-presencial-tambem-as-sextas-feiras\/\"},\"author\":{\"name\":\"@sscc\",\"@id\":\"https:\/\/www.padreeustaquio.com.br\/#\/schema\/person\/a2a51db1d00f1a7af0204a0f1ddb1566\"},\"headline\":\"Igreja do Padre Eust\u00e1quio ter\u00e1 missa presencial tamb\u00e9m \u00e0s sextas-feiras\",\"datePublished\":\"2021-02-15T11:00:43+00:00\",\"mainEntityOfPage\":{\"@id\":\"https:\/\/www.padreeustaquio.com.br\/igreja-do-padre-eustaquio-tera-missa-presencial-tambem-as-sextas-feiras\/\"},\"wordCount\":469,\"commentCount\":0,\"publisher\":{\"@id\":\"https:\/\/www.padreeustaquio.com.br\/#organization\"},\"image\":{\"@id\":\"https:\/\/www.padreeustaquio.com.br\/igreja-do-padre-eustaquio-tera-missa-presencial-tambem-as-sextas-feiras\/#primaryimage\"},\"thumbnailUrl\":\"https:\/\/www.padreeustaquio.com.br\/wp-content\/uploads\/2021\/02\/igreja-aerea.jpg\",\"articleSection\":[\"Not\u00edcias\"],\"inLanguage\":\"es\",\"potentialAction\":[{\"@type\":\"CommentAction\",\"name\":\"Comment\",\"target\":[\"https:\/\/www.padreeustaquio.com.br\/igreja-do-padre-eustaquio-tera-missa-presencial-tambem-as-sextas-feiras\/#respond\"]}]},{\"@type\":\"WebPage\",\"@id\":\"https:\/\/www.padreeustaquio.com.br\/igreja-do-padre-eustaquio-tera-missa-presencial-tambem-as-sextas-feiras\/\",\"url\":\"https:\/\/www.padreeustaquio.com.br\/igreja-do-padre-eustaquio-tera-missa-presencial-tambem-as-sextas-feiras\/\",\"name\":\"Igreja do Padre Eust\u00e1quio ter\u00e1 missa presencial tamb\u00e9m \u00e0s sextas-feiras - Padre Eust\u00e1quio\",\"isPartOf\":{\"@id\":\"https:\/\/www.padreeustaquio.com.br\/#website\"},\"primaryImageOfPage\":{\"@id\":\"https:\/\/www.padreeustaquio.com.br\/igreja-do-padre-eustaquio-tera-missa-presencial-tambem-as-sextas-feiras\/#primaryimage\"},\"image\":{\"@id\":\"https:\/\/www.padreeustaquio.com.br\/igreja-do-padre-eustaquio-tera-missa-presencial-tambem-as-sextas-feiras\/#primaryimage\"},\"thumbnailUrl\":\"https:\/\/www.padreeustaquio.com.br\/wp-content\/uploads\/2021\/02\/igreja-aerea.jpg\",\"datePublished\":\"2021-02-15T11:00:43+00:00\",\"breadcrumb\":{\"@id\":\"https:\/\/www.padreeustaquio.com.br\/igreja-do-padre-eustaquio-tera-missa-presencial-tambem-as-sextas-feiras\/#breadcrumb\"},\"inLanguage\":\"es\",\"potentialAction\":[{\"@type\":\"ReadAction\",\"target\":[\"https:\/\/www.padreeustaquio.com.br\/igreja-do-padre-eustaquio-tera-missa-presencial-tambem-as-sextas-feiras\/\"]}]},{\"@type\":\"ImageObject\",\"inLanguage\":\"es\",\"@id\":\"https:\/\/www.padreeustaquio.com.br\/igreja-do-padre-eustaquio-tera-missa-presencial-tambem-as-sextas-feiras\/#primaryimage\",\"url\":\"https:\/\/www.padreeustaquio.com.br\/wp-content\/uploads\/2021\/02\/igreja-aerea.jpg\",\"contentUrl\":\"https:\/\/www.padreeustaquio.com.br\/wp-content\/uploads\/2021\/02\/igreja-aerea.jpg\",\"width\":748,\"height\":394},{\"@type\":\"BreadcrumbList\",\"@id\":\"https:\/\/www.padreeustaquio.com.br\/igreja-do-padre-eustaquio-tera-missa-presencial-tambem-as-sextas-feiras\/#breadcrumb\",\"itemListElement\":[{\"@type\":\"ListItem\",\"position\":1,\"name\":\"In\u00edcio\",\"item\":\"https:\/\/www.padreeustaquio.com.br\/\"},{\"@type\":\"ListItem\",\"position\":2,\"name\":\"Igreja do Padre Eust\u00e1quio ter\u00e1 missa presencial tamb\u00e9m \u00e0s sextas-feiras\"}]},{\"@type\":\"WebSite\",\"@id\":\"https:\/\/www.padreeustaquio.com.br\/#website\",\"url\":\"https:\/\/www.padreeustaquio.com.br\/\",\"name\":\"Padre Eust\u00e1quio\",\"description\":\"Sa\u00fade e Paz\",\"publisher\":{\"@id\":\"https:\/\/www.padreeustaquio.com.br\/#organization\"},\"potentialAction\":[{\"@type\":\"SearchAction\",\"target\":{\"@type\":\"EntryPoint\",\"urlTemplate\":\"https:\/\/www.padreeustaquio.com.br\/?s={search_term_string}\"},\"query-input\":{\"@type\":\"PropertyValueSpecification\",\"valueRequired\":true,\"valueName\":\"search_term_string\"}}],\"inLanguage\":\"es\"},{\"@type\":\"Organization\",\"@id\":\"https:\/\/www.padreeustaquio.com.br\/#organization\",\"name\":\"Padre Eust\u00e1quio\",\"url\":\"https:\/\/www.padreeustaquio.com.br\/\",\"logo\":{\"@type\":\"ImageObject\",\"inLanguage\":\"es\",\"@id\":\"https:\/\/www.padreeustaquio.com.br\/#\/schema\/logo\/image\/\",\"url\":\"https:\/\/www.padreeustaquio.com.br\/wp-content\/uploads\/2019\/08\/marca.png\",\"contentUrl\":\"https:\/\/www.padreeustaquio.com.br\/wp-content\/uploads\/2019\/08\/marca.png\",\"width\":350,\"height\":400,\"caption\":\"Padre Eust\u00e1quio\"},\"image\":{\"@id\":\"https:\/\/www.padreeustaquio.com.br\/#\/schema\/logo\/image\/\"},\"sameAs\":[\"https:\/\/www.facebook.com\/beatopadreeustaquio\/\",\"https:\/\/x.com\/beatopeustaquio\",\"https:\/\/www.instagram.com\/beatopadreeustaquio\/\",\"https:\/\/www.youtube.com\/channel\/UCRhw7vfabnajwLxb1ZXMeIw\"]},{\"@type\":\"Person\",\"@id\":\"https:\/\/www.padreeustaquio.com.br\/#\/schema\/person\/a2a51db1d00f1a7af0204a0f1ddb1566\",\"name\":\"@sscc\",\"image\":{\"@type\":\"ImageObject\",\"inLanguage\":\"es\",\"@id\":\"https:\/\/secure.gravatar.com\/avatar\/68cfafa5f44617fea54071e215026e0ff06be366c3d54a8425f04fdcb86f8c5f?s=96&d=mm&r=g\",\"url\":\"https:\/\/secure.gravatar.com\/avatar\/68cfafa5f44617fea54071e215026e0ff06be366c3d54a8425f04fdcb86f8c5f?s=96&d=mm&r=g\",\"contentUrl\":\"https:\/\/secure.gravatar.com\/avatar\/68cfafa5f44617fea54071e215026e0ff06be366c3d54a8425f04fdcb86f8c5f?s=96&d=mm&r=g\",\"caption\":\"@sscc\"},\"url\":\"https:\/\/www.padreeustaquio.com.br\/es\/author\/sscc\/\"}]}<\/script>\n<!-- \/ Yoast SEO plugin. -->","yoast_head_json":{"title":"La Iglesia del Padre Eust\u00e1quio tambi\u00e9n realizar\u00e1 misa presencial los viernes - Padre Eust\u00e1quio","robots":{"index":"index","follow":"follow","max-snippet":"max-snippet:-1","max-image-preview":"max-image-preview:large","max-video-preview":"max-video-preview:-1"},"canonical":"https:\/\/www.padreeustaquio.com.br\/es\/la-iglesia-del-padre-eustaquio-tambien-tendra-misa-en-persona-los-viernes\/","og_locale":"es_ES","og_type":"article","og_title":"Igreja do Padre Eust\u00e1quio ter\u00e1 missa presencial tamb\u00e9m \u00e0s sextas-feiras - Padre Eust\u00e1quio","og_description":"A partir desta semana o Santu\u00e1rio da Sa\u00fade e Paz, conhecido como Igreja do Padre Eust\u00e1quio, ter\u00e1 missas presenciais tamb\u00e9m \u00e0s sextas-feiras. A ideia \u00e9 oferecer mais oportunidades para que a comunidade participe efetivamente das celebra\u00e7\u00f5es na igreja. Para estas celebra\u00e7\u00f5es, o n\u00famero m\u00e1ximo de pessoas permitidas dentro da igreja tamb\u00e9m ser\u00e1 de 200, por causa da pandemia. E, a partir de agora, o controle para missas durante a semana ser\u00e1 feito na entrada do templo, por ordem de chegada. As missas do s\u00e1bado, domingo e celebra\u00e7\u00f5es especiais continuam necessitando de retirada de senhas. Desta forma, as missas\u00a0 presenciais no [&hellip;]","og_url":"https:\/\/www.padreeustaquio.com.br\/es\/la-iglesia-del-padre-eustaquio-tambien-tendra-misa-en-persona-los-viernes\/","og_site_name":"Padre Eust\u00e1quio","article_publisher":"https:\/\/www.facebook.com\/beatopadreeustaquio\/","article_published_time":"2021-02-15T11:00:43+00:00","og_image":[{"width":748,"height":394,"url":"https:\/\/www.padreeustaquio.com.br\/wp-content\/uploads\/2021\/02\/igreja-aerea.jpg","type":"image\/jpeg"}],"author":"@sscc","twitter_card":"summary_large_image","twitter_creator":"@beatopeustaquio","twitter_site":"@beatopeustaquio","twitter_misc":{"Escrito por":"@sscc","Tiempo de lectura":"2 minutos"},"schema":{"@context":"https:\/\/schema.org","@graph":[{"@type":"Article","@id":"https:\/\/www.padreeustaquio.com.br\/igreja-do-padre-eustaquio-tera-missa-presencial-tambem-as-sextas-feiras\/#article","isPartOf":{"@id":"https:\/\/www.padreeustaquio.com.br\/igreja-do-padre-eustaquio-tera-missa-presencial-tambem-as-sextas-feiras\/"},"author":{"name":"@sscc","@id":"https:\/\/www.padreeustaquio.com.br\/#\/schema\/person\/a2a51db1d00f1a7af0204a0f1ddb1566"},"headline":"Igreja do Padre Eust\u00e1quio ter\u00e1 missa presencial tamb\u00e9m \u00e0s sextas-feiras","datePublished":"2021-02-15T11:00:43+00:00","mainEntityOfPage":{"@id":"https:\/\/www.padreeustaquio.com.br\/igreja-do-padre-eustaquio-tera-missa-presencial-tambem-as-sextas-feiras\/"},"wordCount":469,"commentCount":0,"publisher":{"@id":"https:\/\/www.padreeustaquio.com.br\/#organization"},"image":{"@id":"https:\/\/www.padreeustaquio.com.br\/igreja-do-padre-eustaquio-tera-missa-presencial-tambem-as-sextas-feiras\/#primaryimage"},"thumbnailUrl":"https:\/\/www.padreeustaquio.com.br\/wp-content\/uploads\/2021\/02\/igreja-aerea.jpg","articleSection":["Not\u00edcias"],"inLanguage":"es","potentialAction":[{"@type":"CommentAction","name":"Comment","target":["https:\/\/www.padreeustaquio.com.br\/igreja-do-padre-eustaquio-tera-missa-presencial-tambem-as-sextas-feiras\/#respond"]}]},{"@type":"WebPage","@id":"https:\/\/www.padreeustaquio.com.br\/igreja-do-padre-eustaquio-tera-missa-presencial-tambem-as-sextas-feiras\/","url":"https:\/\/www.padreeustaquio.com.br\/igreja-do-padre-eustaquio-tera-missa-presencial-tambem-as-sextas-feiras\/","name":"La Iglesia del Padre Eust\u00e1quio tambi\u00e9n realizar\u00e1 misa presencial los viernes - Padre Eust\u00e1quio","isPartOf":{"@id":"https:\/\/www.padreeustaquio.com.br\/#website"},"primaryImageOfPage":{"@id":"https:\/\/www.padreeustaquio.com.br\/igreja-do-padre-eustaquio-tera-missa-presencial-tambem-as-sextas-feiras\/#primaryimage"},"image":{"@id":"https:\/\/www.padreeustaquio.com.br\/igreja-do-padre-eustaquio-tera-missa-presencial-tambem-as-sextas-feiras\/#primaryimage"},"thumbnailUrl":"https:\/\/www.padreeustaquio.com.br\/wp-content\/uploads\/2021\/02\/igreja-aerea.jpg","datePublished":"2021-02-15T11:00:43+00:00","breadcrumb":{"@id":"https:\/\/www.padreeustaquio.com.br\/igreja-do-padre-eustaquio-tera-missa-presencial-tambem-as-sextas-feiras\/#breadcrumb"},"inLanguage":"es","potentialAction":[{"@type":"ReadAction","target":["https:\/\/www.padreeustaquio.com.br\/igreja-do-padre-eustaquio-tera-missa-presencial-tambem-as-sextas-feiras\/"]}]},{"@type":"ImageObject","inLanguage":"es","@id":"https:\/\/www.padreeustaquio.com.br\/igreja-do-padre-eustaquio-tera-missa-presencial-tambem-as-sextas-feiras\/#primaryimage","url":"https:\/\/www.padreeustaquio.com.br\/wp-content\/uploads\/2021\/02\/igreja-aerea.jpg","contentUrl":"https:\/\/www.padreeustaquio.com.br\/wp-content\/uploads\/2021\/02\/igreja-aerea.jpg","width":748,"height":394},{"@type":"BreadcrumbList","@id":"https:\/\/www.padreeustaquio.com.br\/igreja-do-padre-eustaquio-tera-missa-presencial-tambem-as-sextas-feiras\/#breadcrumb","itemListElement":[{"@type":"ListItem","position":1,"name":"In\u00edcio","item":"https:\/\/www.padreeustaquio.com.br\/"},{"@type":"ListItem","position":2,"name":"Igreja do Padre Eust\u00e1quio ter\u00e1 missa presencial tamb\u00e9m \u00e0s sextas-feiras"}]},{"@type":"WebSite","@id":"https:\/\/www.padreeustaquio.com.br\/#website","url":"https:\/\/www.padreeustaquio.com.br\/","name":"Padre Eustace","description":"Salud y Paz","publisher":{"@id":"https:\/\/www.padreeustaquio.com.br\/#organization"},"potentialAction":[{"@type":"SearchAction","target":{"@type":"EntryPoint","urlTemplate":"https:\/\/www.padreeustaquio.com.br\/?s={search_term_string}"},"query-input":{"@type":"PropertyValueSpecification","valueRequired":true,"valueName":"search_term_string"}}],"inLanguage":"es"},{"@type":"Organization","@id":"https:\/\/www.padreeustaquio.com.br\/#organization","name":"Padre Eustace","url":"https:\/\/www.padreeustaquio.com.br\/","logo":{"@type":"ImageObject","inLanguage":"es","@id":"https:\/\/www.padreeustaquio.com.br\/#\/schema\/logo\/image\/","url":"https:\/\/www.padreeustaquio.com.br\/wp-content\/uploads\/2019\/08\/marca.png","contentUrl":"https:\/\/www.padreeustaquio.com.br\/wp-content\/uploads\/2019\/08\/marca.png","width":350,"height":400,"caption":"Padre Eust\u00e1quio"},"image":{"@id":"https:\/\/www.padreeustaquio.com.br\/#\/schema\/logo\/image\/"},"sameAs":["https:\/\/www.facebook.com\/beatopadreeustaquio\/","https:\/\/x.com\/beatopeustaquio","https:\/\/www.instagram.com\/beatopadreeustaquio\/","https:\/\/www.youtube.com\/channel\/UCRhw7vfabnajwLxb1ZXMeIw"]},{"@type":"Person","@id":"https:\/\/www.padreeustaquio.com.br\/#\/schema\/person\/a2a51db1d00f1a7af0204a0f1ddb1566","name":"@sscc","image":{"@type":"ImageObject","inLanguage":"es","@id":"https:\/\/secure.gravatar.com\/avatar\/68cfafa5f44617fea54071e215026e0ff06be366c3d54a8425f04fdcb86f8c5f?s=96&d=mm&r=g","url":"https:\/\/secure.gravatar.com\/avatar\/68cfafa5f44617fea54071e215026e0ff06be366c3d54a8425f04fdcb86f8c5f?s=96&d=mm&r=g","contentUrl":"https:\/\/secure.gravatar.com\/avatar\/68cfafa5f44617fea54071e215026e0ff06be366c3d54a8425f04fdcb86f8c5f?s=96&d=mm&r=g","caption":"@sscc"},"url":"https:\/\/www.padreeustaquio.com.br\/es\/author\/sscc\/"}]}},"_links":{"self":[{"href":"https:\/\/www.padreeustaquio.com.br\/es\/wp-json\/wp\/v2\/posts\/5056","targetHints":{"allow":["GET"]}}],"collection":[{"href":"https:\/\/www.padreeustaquio.com.br\/es\/wp-json\/wp\/v2\/posts"}],"about":[{"href":"https:\/\/www.padreeustaquio.com.br\/es\/wp-json\/wp\/v2\/types\/post"}],"author":[{"embeddable":true,"href":"https:\/\/www.padreeustaquio.com.br\/es\/wp-json\/wp\/v2\/users\/2"}],"replies":[{"embeddable":true,"href":"https:\/\/www.padreeustaquio.com.br\/es\/wp-json\/wp\/v2\/comments?post=5056"}],"version-history":[{"count":0,"href":"https:\/\/www.padreeustaquio.com.br\/es\/wp-json\/wp\/v2\/posts\/5056\/revisions"}],"wp:featuredmedia":[{"embeddable":true,"href":"https:\/\/www.padreeustaquio.com.br\/es\/wp-json\/wp\/v2\/media\/5057"}],"wp:attachment":[{"href":"https:\/\/www.padreeustaquio.com.br\/es\/wp-json\/wp\/v2\/media?parent=5056"}],"wp:term":[{"taxonomy":"category","embeddable":true,"href":"https:\/\/www.padreeustaquio.com.br\/es\/wp-json\/wp\/v2\/categories?post=5056"},{"taxonomy":"post_tag","embeddable":true,"href":"https:\/\/www.padreeustaquio.com.br\/es\/wp-json\/wp\/v2\/tags?post=5056"}],"curies":[{"name":"wp","href":"https:\/\/api.w.org\/{rel}","templated":true}]}}