{"id":5016,"date":"2021-02-11T08:41:19","date_gmt":"2021-02-11T11:41:19","guid":{"rendered":"https:\/\/www.padreeustaquio.com.br\/?p=5016"},"modified":"2021-02-11T09:45:06","modified_gmt":"2021-02-11T12:45:06","slug":"vicepostulador-celebra-40-anos-de-vida-religiosa","status":"publish","type":"post","link":"https:\/\/www.padreeustaquio.com.br\/es\/vicepostulador-celebra-40-anos-de-vida-religiosa\/","title":{"rendered":"Vicepostulador celebra 40 a\u00f1os de vida religiosa."},"content":{"rendered":"<p>El vicepostulador de la Causa de Canonizaci\u00f3n del Beato Padre Eust\u00e1quio, P. Marcus Vin\u00edcius Maciel, ss.cc., celebra este jueves 11 de febrero los 40 a\u00f1os de su ingreso en la Congregaci\u00f3n de los Sagrados Corazones. El evento est\u00e1 marcado por la profesi\u00f3n de votos temporales de los religiosos, que, en el caso del Padre Vin\u00edcius, tuvo lugar en 1981.<\/p>\n<p>La ceremonia se celebr\u00f3 en la capilla de S\u00e3o Jos\u00e9 Oper\u00e1rio, ubicada en la casa de la Congregaci\u00f3n en Pindamonhangaba, SP. Dom Vitor Tielbeek, ss.cc, obispo de la di\u00f3cesis de Formosa, GO, fue invitado a presidir la celebraci\u00f3n.<\/p>\n<div id=\"attachment_5018\" style=\"width: 340px\" class=\"wp-caption alignleft\"><img fetchpriority=\"high\" decoding=\"async\" aria-describedby=\"caption-attachment-5018\" class=\"wp-image-5018\" src=\"https:\/\/www.padreeustaquio.com.br\/wp-content\/uploads\/2021\/02\/WhatsApp-Image-2021-02-08-at-19.57.03-e1612913225447-300x170.jpeg\" alt=\"La celebraci\u00f3n fue presidida por D. Vitor Tielbeek, ss.cc.\" width=\"330\" height=\"187\" srcset=\"https:\/\/www.padreeustaquio.com.br\/wp-content\/uploads\/2021\/02\/WhatsApp-Image-2021-02-08-at-19.57.03-e1612913225447-300x170.jpeg 300w, https:\/\/www.padreeustaquio.com.br\/wp-content\/uploads\/2021\/02\/WhatsApp-Image-2021-02-08-at-19.57.03-e1612913225447-400x225.jpeg 400w, https:\/\/www.padreeustaquio.com.br\/wp-content\/uploads\/2021\/02\/WhatsApp-Image-2021-02-08-at-19.57.03-e1612913225447-600x338.jpeg 600w, https:\/\/www.padreeustaquio.com.br\/wp-content\/uploads\/2021\/02\/WhatsApp-Image-2021-02-08-at-19.57.03-e1612913225447-800x450.jpeg 800w, https:\/\/www.padreeustaquio.com.br\/wp-content\/uploads\/2021\/02\/WhatsApp-Image-2021-02-08-at-19.57.03-e1612913225447-768x436.jpeg 768w, https:\/\/www.padreeustaquio.com.br\/wp-content\/uploads\/2021\/02\/WhatsApp-Image-2021-02-08-at-19.57.03-e1612913225447.jpeg 955w\" sizes=\"(max-width: 330px) 100vw, 330px\" \/><p id=\"caption-attachment-5018\" class=\"wp-caption-text\">La celebraci\u00f3n fue presidida por D. Vitor Tielbeek, ss.cc.<\/p><\/div>\n<p>Adem\u00e1s del joven Vin\u00edcius Maciel, otros dos novicios fueron admitidos en la Congregaci\u00f3n.<span style=\"font-size: 1.1429rem;\">Ese d\u00eda se iniciaron los siguientes: J\u00falio C\u00e9sar Rhems y Alois Pfifer. Los tres participaron en el primer noviciado conjunto y la primera profesi\u00f3n religiosa con hermanos de las dos Provincias que la Congregaci\u00f3n de los Sagrados Corazones ten\u00eda en Brasil en aquel entonces.<\/span><\/p>\n<p><span style=\"font-size: 1.1429rem;\">Curiosamente, \u00bfqui\u00e9n recibi\u00f3 los votos temporales del Padre Vin?<\/span><span style=\"font-size: 1.1429rem;\">Icius era el sacerdote. <\/span><span style=\"font-size: 1.1429rem;\">An\u00edbal Lasaf\u00e1, ss.cc., quien entonces era provincial y m\u00e1s tarde (1983) ser\u00eda vicepostulador de la Causa de Canonizaci\u00f3n del Padre Eust\u00e1quio.<\/span><\/p>\n<p>Actualmente, el Padre Marcus Vin\u00edcius es el vicepostulador. Tambi\u00e9n es p\u00e1rroco de la Parroquia Sagrados Corazones en Belo Horizonte, adem\u00e1s de presidir la Guarder\u00eda Padre Eust\u00e1quio.<\/p>\n<p>&nbsp;<\/p>\n\n\t\t<style type=\"text\/css\">\n\t\t\t#gallery-1 {\n\t\t\t\tmargin: auto;\n\t\t\t}\n\t\t\t#gallery-1 .gallery-item {\n\t\t\t\tfloat: left;\n\t\t\t\tmargin-top: 10px;\n\t\t\t\ttext-align: center;\n\t\t\t\twidth: 50%;\n\t\t\t}\n\t\t\t#gallery-1 img {\n\t\t\t\tborder: 2px solid #cfcfcf;\n\t\t\t}\n\t\t\t#gallery-1 .gallery-caption {\n\t\t\t\tmargin-left: 0;\n\t\t\t}\n\t\t\t\/* see gallery_shortcode() in wp-includes\/media.php *\/\n\t\t<\/style>\n\t\t<div id='gallery-1' class='gallery galleryid-5016 gallery-columns-2 gallery-size-thumbnail'><dl class='gallery-item'>\n\t\t\t<dt class='gallery-icon landscape'>\n\t\t\t\t<a href='https:\/\/www.padreeustaquio.com.br\/es\/vicepostulador-celebra-40-anos-de-vida-religiosa\/whatsapp-image-2021-02-08-at-19-54-53\/'><img decoding=\"async\" width=\"150\" height=\"150\" src=\"https:\/\/www.padreeustaquio.com.br\/wp-content\/uploads\/2021\/02\/WhatsApp-Image-2021-02-08-at-19.54.53-e1612912664978-150x150.jpeg\" class=\"attachment-thumbnail size-thumbnail\" alt=\"\" aria-describedby=\"gallery-1-5020\" srcset=\"https:\/\/www.padreeustaquio.com.br\/wp-content\/uploads\/2021\/02\/WhatsApp-Image-2021-02-08-at-19.54.53-e1612912664978-150x150.jpeg 150w, https:\/\/www.padreeustaquio.com.br\/wp-content\/uploads\/2021\/02\/WhatsApp-Image-2021-02-08-at-19.54.53-e1612912664978-180x180.jpeg 180w, https:\/\/www.padreeustaquio.com.br\/wp-content\/uploads\/2021\/02\/WhatsApp-Image-2021-02-08-at-19.54.53-e1612912664978-400x400.jpeg 400w, https:\/\/www.padreeustaquio.com.br\/wp-content\/uploads\/2021\/02\/WhatsApp-Image-2021-02-08-at-19.54.53-e1612912664978-600x600.jpeg 600w\" sizes=\"(max-width: 150px) 100vw, 150px\" \/><\/a>\n\t\t\t<\/dt>\n\t\t\t\t<dd class='wp-caption-text gallery-caption' id='gallery-1-5020'>\n\t\t\t\tJulio C\u00e9sar Rhems; el padre Corn\u00e9lio Schmierman; Marco Vin\u00edcius Maciel y Alois Pfifer.\n\t\t\t\t<\/dd><\/dl><dl class='gallery-item'>\n\t\t\t<dt class='gallery-icon landscape'>\n\t\t\t\t<a href='https:\/\/www.padreeustaquio.com.br\/es\/vicepostulador-celebra-40-anos-de-vida-religiosa\/whatsapp-image-2021-02-08-at-19-57-56\/'><img decoding=\"async\" width=\"150\" height=\"150\" src=\"https:\/\/www.padreeustaquio.com.br\/wp-content\/uploads\/2021\/02\/WhatsApp-Image-2021-02-08-at-19.57.56-e1612912476902-150x150.jpeg\" class=\"attachment-thumbnail size-thumbnail\" alt=\"\" aria-describedby=\"gallery-1-5019\" srcset=\"https:\/\/www.padreeustaquio.com.br\/wp-content\/uploads\/2021\/02\/WhatsApp-Image-2021-02-08-at-19.57.56-e1612912476902-150x150.jpeg 150w, https:\/\/www.padreeustaquio.com.br\/wp-content\/uploads\/2021\/02\/WhatsApp-Image-2021-02-08-at-19.57.56-e1612912476902-180x180.jpeg 180w, https:\/\/www.padreeustaquio.com.br\/wp-content\/uploads\/2021\/02\/WhatsApp-Image-2021-02-08-at-19.57.56-e1612912476902-400x400.jpeg 400w, https:\/\/www.padreeustaquio.com.br\/wp-content\/uploads\/2021\/02\/WhatsApp-Image-2021-02-08-at-19.57.56-e1612912476902-600x600.jpeg 600w\" sizes=\"(max-width: 150px) 100vw, 150px\" \/><\/a>\n\t\t\t<\/dt>\n\t\t\t\t<dd class='wp-caption-text gallery-caption' id='gallery-1-5019'>\n\t\t\t\tLa ceremonia se realiz\u00f3 en la capilla S\u00e3o Jos\u00e9 en Pindamonhangaba, S\u00e3o Paulo.\n\t\t\t\t<\/dd><\/dl><br style=\"clear: both\" \/>\n\t\t<\/div>","protected":false},"excerpt":{"rendered":"<p>O vice-postulador da Causa de Canoniza\u00e7\u00e3o do Beato Padre Eust\u00e1quio, Pe. Marcus Vin\u00edcius Maciel, ss.cc, completa nesta quinta-feira, dia 11 de fevereiro, 40 anos de entrada na Congrega\u00e7\u00e3o dos Sagrados Cora\u00e7\u00f5es. O ato \u00e9 marcado pela profiss\u00e3o dos votos tempor\u00e1rios dos religiosos, que, no caso de padre Vin\u00edcius ocorreu em 1981. A cerim\u00f4nia foi realizada na capela S\u00e3o Jos\u00e9 Oper\u00e1rio, que fica na casa da Congrega\u00e7\u00e3o em Pindamonhangaba-SP.\u00a0Dom Vitor Tielbeek, ss.cc, que era bispo na diocese de Formosa-GO, foi convidado para presidir a celebra\u00e7\u00e3o. Al\u00e9m do jovem Vin\u00edcius Maciel, outros dois novi\u00e7os foram admitidos na Congrega\u00e7\u00e3o nesse dia: J\u00falio\u00a0C\u00e9sar Rhems [&hellip;]<\/p>\n","protected":false},"author":2,"featured_media":5017,"comment_status":"open","ping_status":"open","sticky":false,"template":"","format":"standard","meta":{"_acf_changed":false,"footnotes":""},"categories":[611],"tags":[],"class_list":["post-5016","post","type-post","status-publish","format-standard","has-post-thumbnail","hentry","category-noticias"],"acf":[],"yoast_head":"<!-- This site is optimized with the Yoast SEO plugin v27.2 - https:\/\/yoast.com\/product\/yoast-seo-wordpress\/ -->\n<title>Vice-postulador completa 40 anos de vida religiosa - Padre Eust\u00e1quio<\/title>\n<meta name=\"robots\" content=\"index, follow, max-snippet:-1, max-image-preview:large, max-video-preview:-1\" \/>\n<link rel=\"canonical\" href=\"https:\/\/www.padreeustaquio.com.br\/es\/vicepostulador-celebra-40-anos-de-vida-religiosa\/\" \/>\n<meta property=\"og:locale\" content=\"es_ES\" \/>\n<meta property=\"og:type\" content=\"article\" \/>\n<meta property=\"og:title\" content=\"Vice-postulador completa 40 anos de vida religiosa - Padre Eust\u00e1quio\" \/>\n<meta property=\"og:description\" content=\"O vice-postulador da Causa de Canoniza\u00e7\u00e3o do Beato Padre Eust\u00e1quio, Pe. Marcus Vin\u00edcius Maciel, ss.cc, completa nesta quinta-feira, dia 11 de fevereiro, 40 anos de entrada na Congrega\u00e7\u00e3o dos Sagrados Cora\u00e7\u00f5es. O ato \u00e9 marcado pela profiss\u00e3o dos votos tempor\u00e1rios dos religiosos, que, no caso de padre Vin\u00edcius ocorreu em 1981. A cerim\u00f4nia foi realizada na capela S\u00e3o Jos\u00e9 Oper\u00e1rio, que fica na casa da Congrega\u00e7\u00e3o em Pindamonhangaba-SP.\u00a0Dom Vitor Tielbeek, ss.cc, que era bispo na diocese de Formosa-GO, foi convidado para presidir a celebra\u00e7\u00e3o. Al\u00e9m do jovem Vin\u00edcius Maciel, outros dois novi\u00e7os foram admitidos na Congrega\u00e7\u00e3o nesse dia: J\u00falio\u00a0C\u00e9sar Rhems [&hellip;]\" \/>\n<meta property=\"og:url\" content=\"https:\/\/www.padreeustaquio.com.br\/es\/vicepostulador-celebra-40-anos-de-vida-religiosa\/\" \/>\n<meta property=\"og:site_name\" content=\"Padre Eust\u00e1quio\" \/>\n<meta property=\"article:publisher\" content=\"https:\/\/www.facebook.com\/beatopadreeustaquio\/\" \/>\n<meta property=\"article:published_time\" content=\"2021-02-11T11:41:19+00:00\" \/>\n<meta property=\"article:modified_time\" content=\"2021-02-11T12:45:06+00:00\" \/>\n<meta property=\"og:image\" content=\"https:\/\/www.padreeustaquio.com.br\/wp-content\/uploads\/2021\/02\/WhatsApp-Image-2021-02-08-at-19.56.38-e1612911913636.jpeg\" \/>\n\t<meta property=\"og:image:width\" content=\"796\" \/>\n\t<meta property=\"og:image:height\" content=\"560\" \/>\n\t<meta property=\"og:image:type\" content=\"image\/jpeg\" \/>\n<meta name=\"author\" content=\"@sscc\" \/>\n<meta name=\"twitter:card\" content=\"summary_large_image\" \/>\n<meta name=\"twitter:creator\" content=\"@beatopeustaquio\" \/>\n<meta name=\"twitter:site\" content=\"@beatopeustaquio\" \/>\n<meta name=\"twitter:label1\" content=\"Escrito por\" \/>\n\t<meta name=\"twitter:data1\" content=\"@sscc\" \/>\n\t<meta name=\"twitter:label2\" content=\"Tiempo de lectura\" \/>\n\t<meta name=\"twitter:data2\" content=\"1 minuto\" \/>\n<script type=\"application\/ld+json\" class=\"yoast-schema-graph\">{\"@context\":\"https:\/\/schema.org\",\"@graph\":[{\"@type\":\"Article\",\"@id\":\"https:\/\/www.padreeustaquio.com.br\/vice-postulador-completa-40-anos-de-vida-religiosa\/#article\",\"isPartOf\":{\"@id\":\"https:\/\/www.padreeustaquio.com.br\/vice-postulador-completa-40-anos-de-vida-religiosa\/\"},\"author\":{\"name\":\"@sscc\",\"@id\":\"https:\/\/www.padreeustaquio.com.br\/#\/schema\/person\/a2a51db1d00f1a7af0204a0f1ddb1566\"},\"headline\":\"Vice-postulador completa 40 anos de vida religiosa\",\"datePublished\":\"2021-02-11T11:41:19+00:00\",\"dateModified\":\"2021-02-11T12:45:06+00:00\",\"mainEntityOfPage\":{\"@id\":\"https:\/\/www.padreeustaquio.com.br\/vice-postulador-completa-40-anos-de-vida-religiosa\/\"},\"wordCount\":257,\"commentCount\":0,\"publisher\":{\"@id\":\"https:\/\/www.padreeustaquio.com.br\/#organization\"},\"image\":{\"@id\":\"https:\/\/www.padreeustaquio.com.br\/vice-postulador-completa-40-anos-de-vida-religiosa\/#primaryimage\"},\"thumbnailUrl\":\"https:\/\/www.padreeustaquio.com.br\/wp-content\/uploads\/2021\/02\/WhatsApp-Image-2021-02-08-at-19.56.38-e1612911913636.jpeg\",\"articleSection\":[\"Not\u00edcias\"],\"inLanguage\":\"es\",\"potentialAction\":[{\"@type\":\"CommentAction\",\"name\":\"Comment\",\"target\":[\"https:\/\/www.padreeustaquio.com.br\/vice-postulador-completa-40-anos-de-vida-religiosa\/#respond\"]}]},{\"@type\":\"WebPage\",\"@id\":\"https:\/\/www.padreeustaquio.com.br\/vice-postulador-completa-40-anos-de-vida-religiosa\/\",\"url\":\"https:\/\/www.padreeustaquio.com.br\/vice-postulador-completa-40-anos-de-vida-religiosa\/\",\"name\":\"Vice-postulador completa 40 anos de vida religiosa - Padre Eust\u00e1quio\",\"isPartOf\":{\"@id\":\"https:\/\/www.padreeustaquio.com.br\/#website\"},\"primaryImageOfPage\":{\"@id\":\"https:\/\/www.padreeustaquio.com.br\/vice-postulador-completa-40-anos-de-vida-religiosa\/#primaryimage\"},\"image\":{\"@id\":\"https:\/\/www.padreeustaquio.com.br\/vice-postulador-completa-40-anos-de-vida-religiosa\/#primaryimage\"},\"thumbnailUrl\":\"https:\/\/www.padreeustaquio.com.br\/wp-content\/uploads\/2021\/02\/WhatsApp-Image-2021-02-08-at-19.56.38-e1612911913636.jpeg\",\"datePublished\":\"2021-02-11T11:41:19+00:00\",\"dateModified\":\"2021-02-11T12:45:06+00:00\",\"breadcrumb\":{\"@id\":\"https:\/\/www.padreeustaquio.com.br\/vice-postulador-completa-40-anos-de-vida-religiosa\/#breadcrumb\"},\"inLanguage\":\"es\",\"potentialAction\":[{\"@type\":\"ReadAction\",\"target\":[\"https:\/\/www.padreeustaquio.com.br\/vice-postulador-completa-40-anos-de-vida-religiosa\/\"]}]},{\"@type\":\"ImageObject\",\"inLanguage\":\"es\",\"@id\":\"https:\/\/www.padreeustaquio.com.br\/vice-postulador-completa-40-anos-de-vida-religiosa\/#primaryimage\",\"url\":\"https:\/\/www.padreeustaquio.com.br\/wp-content\/uploads\/2021\/02\/WhatsApp-Image-2021-02-08-at-19.56.38-e1612911913636.jpeg\",\"contentUrl\":\"https:\/\/www.padreeustaquio.com.br\/wp-content\/uploads\/2021\/02\/WhatsApp-Image-2021-02-08-at-19.56.38-e1612911913636.jpeg\",\"width\":796,\"height\":560,\"caption\":\"Momento em que Marcus Vin\u00edcius fez sua profiss\u00e3o religiosa, em 1981.\"},{\"@type\":\"BreadcrumbList\",\"@id\":\"https:\/\/www.padreeustaquio.com.br\/vice-postulador-completa-40-anos-de-vida-religiosa\/#breadcrumb\",\"itemListElement\":[{\"@type\":\"ListItem\",\"position\":1,\"name\":\"In\u00edcio\",\"item\":\"https:\/\/www.padreeustaquio.com.br\/\"},{\"@type\":\"ListItem\",\"position\":2,\"name\":\"Vice-postulador completa 40 anos de vida religiosa\"}]},{\"@type\":\"WebSite\",\"@id\":\"https:\/\/www.padreeustaquio.com.br\/#website\",\"url\":\"https:\/\/www.padreeustaquio.com.br\/\",\"name\":\"Padre Eust\u00e1quio\",\"description\":\"Sa\u00fade e Paz\",\"publisher\":{\"@id\":\"https:\/\/www.padreeustaquio.com.br\/#organization\"},\"potentialAction\":[{\"@type\":\"SearchAction\",\"target\":{\"@type\":\"EntryPoint\",\"urlTemplate\":\"https:\/\/www.padreeustaquio.com.br\/?s={search_term_string}\"},\"query-input\":{\"@type\":\"PropertyValueSpecification\",\"valueRequired\":true,\"valueName\":\"search_term_string\"}}],\"inLanguage\":\"es\"},{\"@type\":\"Organization\",\"@id\":\"https:\/\/www.padreeustaquio.com.br\/#organization\",\"name\":\"Padre Eust\u00e1quio\",\"url\":\"https:\/\/www.padreeustaquio.com.br\/\",\"logo\":{\"@type\":\"ImageObject\",\"inLanguage\":\"es\",\"@id\":\"https:\/\/www.padreeustaquio.com.br\/#\/schema\/logo\/image\/\",\"url\":\"https:\/\/www.padreeustaquio.com.br\/wp-content\/uploads\/2019\/08\/marca.png\",\"contentUrl\":\"https:\/\/www.padreeustaquio.com.br\/wp-content\/uploads\/2019\/08\/marca.png\",\"width\":350,\"height\":400,\"caption\":\"Padre Eust\u00e1quio\"},\"image\":{\"@id\":\"https:\/\/www.padreeustaquio.com.br\/#\/schema\/logo\/image\/\"},\"sameAs\":[\"https:\/\/www.facebook.com\/beatopadreeustaquio\/\",\"https:\/\/x.com\/beatopeustaquio\",\"https:\/\/www.instagram.com\/beatopadreeustaquio\/\",\"https:\/\/www.youtube.com\/channel\/UCRhw7vfabnajwLxb1ZXMeIw\"]},{\"@type\":\"Person\",\"@id\":\"https:\/\/www.padreeustaquio.com.br\/#\/schema\/person\/a2a51db1d00f1a7af0204a0f1ddb1566\",\"name\":\"@sscc\",\"image\":{\"@type\":\"ImageObject\",\"inLanguage\":\"es\",\"@id\":\"https:\/\/secure.gravatar.com\/avatar\/68cfafa5f44617fea54071e215026e0ff06be366c3d54a8425f04fdcb86f8c5f?s=96&d=mm&r=g\",\"url\":\"https:\/\/secure.gravatar.com\/avatar\/68cfafa5f44617fea54071e215026e0ff06be366c3d54a8425f04fdcb86f8c5f?s=96&d=mm&r=g\",\"contentUrl\":\"https:\/\/secure.gravatar.com\/avatar\/68cfafa5f44617fea54071e215026e0ff06be366c3d54a8425f04fdcb86f8c5f?s=96&d=mm&r=g\",\"caption\":\"@sscc\"},\"url\":\"https:\/\/www.padreeustaquio.com.br\/es\/author\/sscc\/\"}]}<\/script>\n<!-- \/ Yoast SEO plugin. -->","yoast_head_json":{"title":"El vicepostulador celebra 40 a\u00f1os de vida religiosa - Padre Eust\u00e1quio","robots":{"index":"index","follow":"follow","max-snippet":"max-snippet:-1","max-image-preview":"max-image-preview:large","max-video-preview":"max-video-preview:-1"},"canonical":"https:\/\/www.padreeustaquio.com.br\/es\/vicepostulador-celebra-40-anos-de-vida-religiosa\/","og_locale":"es_ES","og_type":"article","og_title":"Vice-postulador completa 40 anos de vida religiosa - Padre Eust\u00e1quio","og_description":"O vice-postulador da Causa de Canoniza\u00e7\u00e3o do Beato Padre Eust\u00e1quio, Pe. Marcus Vin\u00edcius Maciel, ss.cc, completa nesta quinta-feira, dia 11 de fevereiro, 40 anos de entrada na Congrega\u00e7\u00e3o dos Sagrados Cora\u00e7\u00f5es. O ato \u00e9 marcado pela profiss\u00e3o dos votos tempor\u00e1rios dos religiosos, que, no caso de padre Vin\u00edcius ocorreu em 1981. A cerim\u00f4nia foi realizada na capela S\u00e3o Jos\u00e9 Oper\u00e1rio, que fica na casa da Congrega\u00e7\u00e3o em Pindamonhangaba-SP.\u00a0Dom Vitor Tielbeek, ss.cc, que era bispo na diocese de Formosa-GO, foi convidado para presidir a celebra\u00e7\u00e3o. Al\u00e9m do jovem Vin\u00edcius Maciel, outros dois novi\u00e7os foram admitidos na Congrega\u00e7\u00e3o nesse dia: J\u00falio\u00a0C\u00e9sar Rhems [&hellip;]","og_url":"https:\/\/www.padreeustaquio.com.br\/es\/vicepostulador-celebra-40-anos-de-vida-religiosa\/","og_site_name":"Padre Eust\u00e1quio","article_publisher":"https:\/\/www.facebook.com\/beatopadreeustaquio\/","article_published_time":"2021-02-11T11:41:19+00:00","article_modified_time":"2021-02-11T12:45:06+00:00","og_image":[{"width":796,"height":560,"url":"https:\/\/www.padreeustaquio.com.br\/wp-content\/uploads\/2021\/02\/WhatsApp-Image-2021-02-08-at-19.56.38-e1612911913636.jpeg","type":"image\/jpeg"}],"author":"@sscc","twitter_card":"summary_large_image","twitter_creator":"@beatopeustaquio","twitter_site":"@beatopeustaquio","twitter_misc":{"Escrito por":"@sscc","Tiempo de lectura":"1 minuto"},"schema":{"@context":"https:\/\/schema.org","@graph":[{"@type":"Article","@id":"https:\/\/www.padreeustaquio.com.br\/vice-postulador-completa-40-anos-de-vida-religiosa\/#article","isPartOf":{"@id":"https:\/\/www.padreeustaquio.com.br\/vice-postulador-completa-40-anos-de-vida-religiosa\/"},"author":{"name":"@sscc","@id":"https:\/\/www.padreeustaquio.com.br\/#\/schema\/person\/a2a51db1d00f1a7af0204a0f1ddb1566"},"headline":"Vice-postulador completa 40 anos de vida religiosa","datePublished":"2021-02-11T11:41:19+00:00","dateModified":"2021-02-11T12:45:06+00:00","mainEntityOfPage":{"@id":"https:\/\/www.padreeustaquio.com.br\/vice-postulador-completa-40-anos-de-vida-religiosa\/"},"wordCount":257,"commentCount":0,"publisher":{"@id":"https:\/\/www.padreeustaquio.com.br\/#organization"},"image":{"@id":"https:\/\/www.padreeustaquio.com.br\/vice-postulador-completa-40-anos-de-vida-religiosa\/#primaryimage"},"thumbnailUrl":"https:\/\/www.padreeustaquio.com.br\/wp-content\/uploads\/2021\/02\/WhatsApp-Image-2021-02-08-at-19.56.38-e1612911913636.jpeg","articleSection":["Not\u00edcias"],"inLanguage":"es","potentialAction":[{"@type":"CommentAction","name":"Comment","target":["https:\/\/www.padreeustaquio.com.br\/vice-postulador-completa-40-anos-de-vida-religiosa\/#respond"]}]},{"@type":"WebPage","@id":"https:\/\/www.padreeustaquio.com.br\/vice-postulador-completa-40-anos-de-vida-religiosa\/","url":"https:\/\/www.padreeustaquio.com.br\/vice-postulador-completa-40-anos-de-vida-religiosa\/","name":"El vicepostulador celebra 40 a\u00f1os de vida religiosa - Padre Eust\u00e1quio","isPartOf":{"@id":"https:\/\/www.padreeustaquio.com.br\/#website"},"primaryImageOfPage":{"@id":"https:\/\/www.padreeustaquio.com.br\/vice-postulador-completa-40-anos-de-vida-religiosa\/#primaryimage"},"image":{"@id":"https:\/\/www.padreeustaquio.com.br\/vice-postulador-completa-40-anos-de-vida-religiosa\/#primaryimage"},"thumbnailUrl":"https:\/\/www.padreeustaquio.com.br\/wp-content\/uploads\/2021\/02\/WhatsApp-Image-2021-02-08-at-19.56.38-e1612911913636.jpeg","datePublished":"2021-02-11T11:41:19+00:00","dateModified":"2021-02-11T12:45:06+00:00","breadcrumb":{"@id":"https:\/\/www.padreeustaquio.com.br\/vice-postulador-completa-40-anos-de-vida-religiosa\/#breadcrumb"},"inLanguage":"es","potentialAction":[{"@type":"ReadAction","target":["https:\/\/www.padreeustaquio.com.br\/vice-postulador-completa-40-anos-de-vida-religiosa\/"]}]},{"@type":"ImageObject","inLanguage":"es","@id":"https:\/\/www.padreeustaquio.com.br\/vice-postulador-completa-40-anos-de-vida-religiosa\/#primaryimage","url":"https:\/\/www.padreeustaquio.com.br\/wp-content\/uploads\/2021\/02\/WhatsApp-Image-2021-02-08-at-19.56.38-e1612911913636.jpeg","contentUrl":"https:\/\/www.padreeustaquio.com.br\/wp-content\/uploads\/2021\/02\/WhatsApp-Image-2021-02-08-at-19.56.38-e1612911913636.jpeg","width":796,"height":560,"caption":"Momento em que Marcus Vin\u00edcius fez sua profiss\u00e3o religiosa, em 1981."},{"@type":"BreadcrumbList","@id":"https:\/\/www.padreeustaquio.com.br\/vice-postulador-completa-40-anos-de-vida-religiosa\/#breadcrumb","itemListElement":[{"@type":"ListItem","position":1,"name":"In\u00edcio","item":"https:\/\/www.padreeustaquio.com.br\/"},{"@type":"ListItem","position":2,"name":"Vice-postulador completa 40 anos de vida religiosa"}]},{"@type":"WebSite","@id":"https:\/\/www.padreeustaquio.com.br\/#website","url":"https:\/\/www.padreeustaquio.com.br\/","name":"Padre Eustace","description":"Salud y Paz","publisher":{"@id":"https:\/\/www.padreeustaquio.com.br\/#organization"},"potentialAction":[{"@type":"SearchAction","target":{"@type":"EntryPoint","urlTemplate":"https:\/\/www.padreeustaquio.com.br\/?s={search_term_string}"},"query-input":{"@type":"PropertyValueSpecification","valueRequired":true,"valueName":"search_term_string"}}],"inLanguage":"es"},{"@type":"Organization","@id":"https:\/\/www.padreeustaquio.com.br\/#organization","name":"Padre Eustace","url":"https:\/\/www.padreeustaquio.com.br\/","logo":{"@type":"ImageObject","inLanguage":"es","@id":"https:\/\/www.padreeustaquio.com.br\/#\/schema\/logo\/image\/","url":"https:\/\/www.padreeustaquio.com.br\/wp-content\/uploads\/2019\/08\/marca.png","contentUrl":"https:\/\/www.padreeustaquio.com.br\/wp-content\/uploads\/2019\/08\/marca.png","width":350,"height":400,"caption":"Padre Eust\u00e1quio"},"image":{"@id":"https:\/\/www.padreeustaquio.com.br\/#\/schema\/logo\/image\/"},"sameAs":["https:\/\/www.facebook.com\/beatopadreeustaquio\/","https:\/\/x.com\/beatopeustaquio","https:\/\/www.instagram.com\/beatopadreeustaquio\/","https:\/\/www.youtube.com\/channel\/UCRhw7vfabnajwLxb1ZXMeIw"]},{"@type":"Person","@id":"https:\/\/www.padreeustaquio.com.br\/#\/schema\/person\/a2a51db1d00f1a7af0204a0f1ddb1566","name":"@sscc","image":{"@type":"ImageObject","inLanguage":"es","@id":"https:\/\/secure.gravatar.com\/avatar\/68cfafa5f44617fea54071e215026e0ff06be366c3d54a8425f04fdcb86f8c5f?s=96&d=mm&r=g","url":"https:\/\/secure.gravatar.com\/avatar\/68cfafa5f44617fea54071e215026e0ff06be366c3d54a8425f04fdcb86f8c5f?s=96&d=mm&r=g","contentUrl":"https:\/\/secure.gravatar.com\/avatar\/68cfafa5f44617fea54071e215026e0ff06be366c3d54a8425f04fdcb86f8c5f?s=96&d=mm&r=g","caption":"@sscc"},"url":"https:\/\/www.padreeustaquio.com.br\/es\/author\/sscc\/"}]}},"_links":{"self":[{"href":"https:\/\/www.padreeustaquio.com.br\/es\/wp-json\/wp\/v2\/posts\/5016","targetHints":{"allow":["GET"]}}],"collection":[{"href":"https:\/\/www.padreeustaquio.com.br\/es\/wp-json\/wp\/v2\/posts"}],"about":[{"href":"https:\/\/www.padreeustaquio.com.br\/es\/wp-json\/wp\/v2\/types\/post"}],"author":[{"embeddable":true,"href":"https:\/\/www.padreeustaquio.com.br\/es\/wp-json\/wp\/v2\/users\/2"}],"replies":[{"embeddable":true,"href":"https:\/\/www.padreeustaquio.com.br\/es\/wp-json\/wp\/v2\/comments?post=5016"}],"version-history":[{"count":0,"href":"https:\/\/www.padreeustaquio.com.br\/es\/wp-json\/wp\/v2\/posts\/5016\/revisions"}],"wp:featuredmedia":[{"embeddable":true,"href":"https:\/\/www.padreeustaquio.com.br\/es\/wp-json\/wp\/v2\/media\/5017"}],"wp:attachment":[{"href":"https:\/\/www.padreeustaquio.com.br\/es\/wp-json\/wp\/v2\/media?parent=5016"}],"wp:term":[{"taxonomy":"category","embeddable":true,"href":"https:\/\/www.padreeustaquio.com.br\/es\/wp-json\/wp\/v2\/categories?post=5016"},{"taxonomy":"post_tag","embeddable":true,"href":"https:\/\/www.padreeustaquio.com.br\/es\/wp-json\/wp\/v2\/tags?post=5016"}],"curies":[{"name":"wp","href":"https:\/\/api.w.org\/{rel}","templated":true}]}}