{"id":5010,"date":"2021-02-12T08:02:52","date_gmt":"2021-02-12T11:02:52","guid":{"rendered":"https:\/\/www.padreeustaquio.com.br\/?p=5010"},"modified":"2021-02-10T19:50:26","modified_gmt":"2021-02-10T22:50:26","slug":"los-hermanos-son-enviados-a-las-comunidades-apostolicas-de-los-sagrados-corazones","status":"publish","type":"post","link":"https:\/\/www.padreeustaquio.com.br\/es\/los-hermanos-son-enviados-a-las-comunidades-apostolicas-de-los-sagrados-corazones\/","title":{"rendered":"Los hermanos son enviados a las comunidades apost\u00f3licas de los Sagrados Corazones."},"content":{"rendered":"<p>Ayer, 11 de febrero, cuatro miembros de la orden religiosa de los Sagrados Corazones (Edvaldo, Samuel, Vanildo y V\u00edtor), quienes recientemente completaron sus estudios teol\u00f3gicos, fueron enviados en misi\u00f3n pastoral a las comunidades donde trabaja la Congregaci\u00f3n. La Misa de Env\u00edo se celebr\u00f3 en el Santuario de la Salud y la Paz en Belo Horizonte.<\/p>\n<p>Otros cuatro hermanos continuar\u00e1n su misi\u00f3n en las comunidades donde se encuentran actualmente: el Hermano Gustavo, en la Parroquia de F\u00e1tima, en Presidente Franco, Paraguay; el Di\u00e1cono Jorge, en la Parroquia de Santa Catalina en Paraguay, en la Gran Asunci\u00f3n; el Hermano Wanderson terminar\u00e1 sus estudios sirviendo a la comunidad Padre Eust\u00e1quio, en Belo Horizonte; y el Hermano Gleison en la Parroquia San Miguel, en Catuji, Minas Gerais.<\/p>\n<p>Tres de estos hermanos \u2014Gleison, Samuel y Vitor\u2014 realizar\u00e1n un per\u00edodo de preparaci\u00f3n m\u00e1s intensivo para sus votos perpetuos y ministerios ordenados. Posteriormente, se trasladar\u00e1n a Patroc\u00ednio, Minas Gerais, y, bajo la gu\u00eda de su formador, el Padre Luiz Ant\u00f4nio, participar\u00e1n en esta experiencia formativa durante aproximadamente un semestre.<\/p>\n<p>A continuaci\u00f3n se detallan los nombres de los hermanos y hermanas y las respectivas comunidades donde vivir\u00e1n y servir\u00e1n pastoralmente.<\/p>\n<p>\u2013 Hermano Edvaldo Carneiro: Comunidad Santo Em\u00eddio (Vila Prudente, S\u00e3o Paulo-SP)<br \/>\n\u2013 Hermano Francisco Gleison: Comunidad de S\u00e3o Miguel (Catuji-MG)<br \/>\n\u2013 Hermano Gustavo Van Humbeeck: Parroquia F\u00e1tima (Presidente Franco \u2013 Paraguay)<br \/>\n\u2013 Di\u00e1cono Jorge Oliveira: Comunidad Santa Catalina (Asunci\u00f3n \u2013 Paraguay)<br \/>\n\u2013 Hermano Samuel Silvero: Com. N. Sra. do Desterro (Campo Grande, R\u00edo de Janeiro-RJ)<br \/>\n\u2013 Hermano Vanildo Lima: Comunidad Sagrados Corazones (Tijuca, R\u00edo de Janeiro-RJ)<br \/>\n\u2013 Hermano Vitor Borges: Comunidad S\u00e3o Dami\u00e3o de Molokai, (Patroc\u00ednio-MG)<br \/>\n\u2013 Hermano Wanderson Alves: Comunidad Padre Eust\u00e1quio, (Belo Horizonte-MG)<\/p>","protected":false},"excerpt":{"rendered":"<p>Ontem, dia 11 de fevereiro, quatro religiosos dos Sagrados Cora\u00e7\u00f5es (Edvaldo, Samuel, Vanildo e V\u00edtor), que terminaram os estudos teol\u00f3gicos, foram enviados em miss\u00e3o pastoral para as comunidades onde a Congrega\u00e7\u00e3o atua.\u00a0 A Santa Missa de envio foi realizada no Santu\u00e1rio da Sa\u00fade e Paz, em Belo Horizonte. Outros quatro irm\u00e3os continuar\u00e3o sua miss\u00e3o nas comunidades em que se encontram atualmente: o Ir. Gustavo, na Paroquia de F\u00e1tima, em Presidente Franco, no Paraguai; o Di\u00e1cono Jorge na Par\u00f3quia Santa Catarina no Paraguai, na grande Assun\u00e7\u00e3o; o Ir. Wanderson terminar\u00e1 seus estudos servindo \u00e0 comunidade Padre Eust\u00e1quio em Belo Horizonte e [&hellip;]<\/p>\n","protected":false},"author":2,"featured_media":5011,"comment_status":"open","ping_status":"open","sticky":false,"template":"","format":"standard","meta":{"_acf_changed":false,"footnotes":""},"categories":[611],"tags":[],"class_list":["post-5010","post","type-post","status-publish","format-standard","has-post-thumbnail","hentry","category-noticias"],"acf":[],"yoast_head":"<!-- This site is optimized with the Yoast SEO plugin v27.2 - https:\/\/yoast.com\/product\/yoast-seo-wordpress\/ -->\n<title>Irm\u00e3os s\u00e3o enviados \u00e0s comunidades apost\u00f3licas dos Sagrados Cora\u00e7\u00f5es - Padre Eust\u00e1quio<\/title>\n<meta name=\"robots\" content=\"index, follow, max-snippet:-1, max-image-preview:large, max-video-preview:-1\" \/>\n<link rel=\"canonical\" href=\"https:\/\/www.padreeustaquio.com.br\/es\/los-hermanos-son-enviados-a-las-comunidades-apostolicas-de-los-sagrados-corazones\/\" \/>\n<meta property=\"og:locale\" content=\"es_ES\" \/>\n<meta property=\"og:type\" content=\"article\" \/>\n<meta property=\"og:title\" content=\"Irm\u00e3os s\u00e3o enviados \u00e0s comunidades apost\u00f3licas dos Sagrados Cora\u00e7\u00f5es - Padre Eust\u00e1quio\" \/>\n<meta property=\"og:description\" content=\"Ontem, dia 11 de fevereiro, quatro religiosos dos Sagrados Cora\u00e7\u00f5es (Edvaldo, Samuel, Vanildo e V\u00edtor), que terminaram os estudos teol\u00f3gicos, foram enviados em miss\u00e3o pastoral para as comunidades onde a Congrega\u00e7\u00e3o atua.\u00a0 A Santa Missa de envio foi realizada no Santu\u00e1rio da Sa\u00fade e Paz, em Belo Horizonte. Outros quatro irm\u00e3os continuar\u00e3o sua miss\u00e3o nas comunidades em que se encontram atualmente: o Ir. Gustavo, na Paroquia de F\u00e1tima, em Presidente Franco, no Paraguai; o Di\u00e1cono Jorge na Par\u00f3quia Santa Catarina no Paraguai, na grande Assun\u00e7\u00e3o; o Ir. Wanderson terminar\u00e1 seus estudos servindo \u00e0 comunidade Padre Eust\u00e1quio em Belo Horizonte e [&hellip;]\" \/>\n<meta property=\"og:url\" content=\"https:\/\/www.padreeustaquio.com.br\/es\/los-hermanos-son-enviados-a-las-comunidades-apostolicas-de-los-sagrados-corazones\/\" \/>\n<meta property=\"og:site_name\" content=\"Padre Eust\u00e1quio\" \/>\n<meta property=\"article:publisher\" content=\"https:\/\/www.facebook.com\/beatopadreeustaquio\/\" \/>\n<meta property=\"article:published_time\" content=\"2021-02-12T11:02:52+00:00\" \/>\n<meta property=\"og:image\" content=\"https:\/\/www.padreeustaquio.com.br\/wp-content\/uploads\/2021\/02\/Irm\u00e3os-dos-Sagrados-cora\u00e7\u00f5es.jpg\" \/>\n\t<meta property=\"og:image:width\" content=\"720\" \/>\n\t<meta property=\"og:image:height\" content=\"510\" \/>\n\t<meta property=\"og:image:type\" content=\"image\/jpeg\" \/>\n<meta name=\"author\" content=\"@sscc\" \/>\n<meta name=\"twitter:card\" content=\"summary_large_image\" \/>\n<meta name=\"twitter:creator\" content=\"@beatopeustaquio\" \/>\n<meta name=\"twitter:site\" content=\"@beatopeustaquio\" \/>\n<meta name=\"twitter:label1\" content=\"Escrito por\" \/>\n\t<meta name=\"twitter:data1\" content=\"@sscc\" \/>\n\t<meta name=\"twitter:label2\" content=\"Tiempo de lectura\" \/>\n\t<meta name=\"twitter:data2\" content=\"2 minutos\" \/>\n<script type=\"application\/ld+json\" class=\"yoast-schema-graph\">{\"@context\":\"https:\/\/schema.org\",\"@graph\":[{\"@type\":\"Article\",\"@id\":\"https:\/\/www.padreeustaquio.com.br\/irmaos-sao-enviados-as-comunidades-apostolicas-dos-sagrados-coracoes\/#article\",\"isPartOf\":{\"@id\":\"https:\/\/www.padreeustaquio.com.br\/irmaos-sao-enviados-as-comunidades-apostolicas-dos-sagrados-coracoes\/\"},\"author\":{\"name\":\"@sscc\",\"@id\":\"https:\/\/www.padreeustaquio.com.br\/#\/schema\/person\/a2a51db1d00f1a7af0204a0f1ddb1566\"},\"headline\":\"Irm\u00e3os s\u00e3o enviados \u00e0s comunidades apost\u00f3licas dos Sagrados Cora\u00e7\u00f5es\",\"datePublished\":\"2021-02-12T11:02:52+00:00\",\"mainEntityOfPage\":{\"@id\":\"https:\/\/www.padreeustaquio.com.br\/irmaos-sao-enviados-as-comunidades-apostolicas-dos-sagrados-coracoes\/\"},\"wordCount\":315,\"commentCount\":0,\"publisher\":{\"@id\":\"https:\/\/www.padreeustaquio.com.br\/#organization\"},\"image\":{\"@id\":\"https:\/\/www.padreeustaquio.com.br\/irmaos-sao-enviados-as-comunidades-apostolicas-dos-sagrados-coracoes\/#primaryimage\"},\"thumbnailUrl\":\"https:\/\/www.padreeustaquio.com.br\/wp-content\/uploads\/2021\/02\/Irm\u00e3os-dos-Sagrados-cora\u00e7\u00f5es.jpg\",\"articleSection\":[\"Not\u00edcias\"],\"inLanguage\":\"es\",\"potentialAction\":[{\"@type\":\"CommentAction\",\"name\":\"Comment\",\"target\":[\"https:\/\/www.padreeustaquio.com.br\/irmaos-sao-enviados-as-comunidades-apostolicas-dos-sagrados-coracoes\/#respond\"]}]},{\"@type\":\"WebPage\",\"@id\":\"https:\/\/www.padreeustaquio.com.br\/irmaos-sao-enviados-as-comunidades-apostolicas-dos-sagrados-coracoes\/\",\"url\":\"https:\/\/www.padreeustaquio.com.br\/irmaos-sao-enviados-as-comunidades-apostolicas-dos-sagrados-coracoes\/\",\"name\":\"Irm\u00e3os s\u00e3o enviados \u00e0s comunidades apost\u00f3licas dos Sagrados Cora\u00e7\u00f5es - Padre Eust\u00e1quio\",\"isPartOf\":{\"@id\":\"https:\/\/www.padreeustaquio.com.br\/#website\"},\"primaryImageOfPage\":{\"@id\":\"https:\/\/www.padreeustaquio.com.br\/irmaos-sao-enviados-as-comunidades-apostolicas-dos-sagrados-coracoes\/#primaryimage\"},\"image\":{\"@id\":\"https:\/\/www.padreeustaquio.com.br\/irmaos-sao-enviados-as-comunidades-apostolicas-dos-sagrados-coracoes\/#primaryimage\"},\"thumbnailUrl\":\"https:\/\/www.padreeustaquio.com.br\/wp-content\/uploads\/2021\/02\/Irm\u00e3os-dos-Sagrados-cora\u00e7\u00f5es.jpg\",\"datePublished\":\"2021-02-12T11:02:52+00:00\",\"breadcrumb\":{\"@id\":\"https:\/\/www.padreeustaquio.com.br\/irmaos-sao-enviados-as-comunidades-apostolicas-dos-sagrados-coracoes\/#breadcrumb\"},\"inLanguage\":\"es\",\"potentialAction\":[{\"@type\":\"ReadAction\",\"target\":[\"https:\/\/www.padreeustaquio.com.br\/irmaos-sao-enviados-as-comunidades-apostolicas-dos-sagrados-coracoes\/\"]}]},{\"@type\":\"ImageObject\",\"inLanguage\":\"es\",\"@id\":\"https:\/\/www.padreeustaquio.com.br\/irmaos-sao-enviados-as-comunidades-apostolicas-dos-sagrados-coracoes\/#primaryimage\",\"url\":\"https:\/\/www.padreeustaquio.com.br\/wp-content\/uploads\/2021\/02\/Irm\u00e3os-dos-Sagrados-cora\u00e7\u00f5es.jpg\",\"contentUrl\":\"https:\/\/www.padreeustaquio.com.br\/wp-content\/uploads\/2021\/02\/Irm\u00e3os-dos-Sagrados-cora\u00e7\u00f5es.jpg\",\"width\":720,\"height\":510},{\"@type\":\"BreadcrumbList\",\"@id\":\"https:\/\/www.padreeustaquio.com.br\/irmaos-sao-enviados-as-comunidades-apostolicas-dos-sagrados-coracoes\/#breadcrumb\",\"itemListElement\":[{\"@type\":\"ListItem\",\"position\":1,\"name\":\"In\u00edcio\",\"item\":\"https:\/\/www.padreeustaquio.com.br\/\"},{\"@type\":\"ListItem\",\"position\":2,\"name\":\"Irm\u00e3os s\u00e3o enviados \u00e0s comunidades apost\u00f3licas dos Sagrados Cora\u00e7\u00f5es\"}]},{\"@type\":\"WebSite\",\"@id\":\"https:\/\/www.padreeustaquio.com.br\/#website\",\"url\":\"https:\/\/www.padreeustaquio.com.br\/\",\"name\":\"Padre Eust\u00e1quio\",\"description\":\"Sa\u00fade e Paz\",\"publisher\":{\"@id\":\"https:\/\/www.padreeustaquio.com.br\/#organization\"},\"potentialAction\":[{\"@type\":\"SearchAction\",\"target\":{\"@type\":\"EntryPoint\",\"urlTemplate\":\"https:\/\/www.padreeustaquio.com.br\/?s={search_term_string}\"},\"query-input\":{\"@type\":\"PropertyValueSpecification\",\"valueRequired\":true,\"valueName\":\"search_term_string\"}}],\"inLanguage\":\"es\"},{\"@type\":\"Organization\",\"@id\":\"https:\/\/www.padreeustaquio.com.br\/#organization\",\"name\":\"Padre Eust\u00e1quio\",\"url\":\"https:\/\/www.padreeustaquio.com.br\/\",\"logo\":{\"@type\":\"ImageObject\",\"inLanguage\":\"es\",\"@id\":\"https:\/\/www.padreeustaquio.com.br\/#\/schema\/logo\/image\/\",\"url\":\"https:\/\/www.padreeustaquio.com.br\/wp-content\/uploads\/2019\/08\/marca.png\",\"contentUrl\":\"https:\/\/www.padreeustaquio.com.br\/wp-content\/uploads\/2019\/08\/marca.png\",\"width\":350,\"height\":400,\"caption\":\"Padre Eust\u00e1quio\"},\"image\":{\"@id\":\"https:\/\/www.padreeustaquio.com.br\/#\/schema\/logo\/image\/\"},\"sameAs\":[\"https:\/\/www.facebook.com\/beatopadreeustaquio\/\",\"https:\/\/x.com\/beatopeustaquio\",\"https:\/\/www.instagram.com\/beatopadreeustaquio\/\",\"https:\/\/www.youtube.com\/channel\/UCRhw7vfabnajwLxb1ZXMeIw\"]},{\"@type\":\"Person\",\"@id\":\"https:\/\/www.padreeustaquio.com.br\/#\/schema\/person\/a2a51db1d00f1a7af0204a0f1ddb1566\",\"name\":\"@sscc\",\"image\":{\"@type\":\"ImageObject\",\"inLanguage\":\"es\",\"@id\":\"https:\/\/secure.gravatar.com\/avatar\/68cfafa5f44617fea54071e215026e0ff06be366c3d54a8425f04fdcb86f8c5f?s=96&d=mm&r=g\",\"url\":\"https:\/\/secure.gravatar.com\/avatar\/68cfafa5f44617fea54071e215026e0ff06be366c3d54a8425f04fdcb86f8c5f?s=96&d=mm&r=g\",\"contentUrl\":\"https:\/\/secure.gravatar.com\/avatar\/68cfafa5f44617fea54071e215026e0ff06be366c3d54a8425f04fdcb86f8c5f?s=96&d=mm&r=g\",\"caption\":\"@sscc\"},\"url\":\"https:\/\/www.padreeustaquio.com.br\/es\/author\/sscc\/\"}]}<\/script>\n<!-- \/ Yoast SEO plugin. -->","yoast_head_json":{"title":"Hermanos son enviados a las Comunidades Apost\u00f3licas de los Sagrados Corazones - Padre Eustace","robots":{"index":"index","follow":"follow","max-snippet":"max-snippet:-1","max-image-preview":"max-image-preview:large","max-video-preview":"max-video-preview:-1"},"canonical":"https:\/\/www.padreeustaquio.com.br\/es\/los-hermanos-son-enviados-a-las-comunidades-apostolicas-de-los-sagrados-corazones\/","og_locale":"es_ES","og_type":"article","og_title":"Irm\u00e3os s\u00e3o enviados \u00e0s comunidades apost\u00f3licas dos Sagrados Cora\u00e7\u00f5es - Padre Eust\u00e1quio","og_description":"Ontem, dia 11 de fevereiro, quatro religiosos dos Sagrados Cora\u00e7\u00f5es (Edvaldo, Samuel, Vanildo e V\u00edtor), que terminaram os estudos teol\u00f3gicos, foram enviados em miss\u00e3o pastoral para as comunidades onde a Congrega\u00e7\u00e3o atua.\u00a0 A Santa Missa de envio foi realizada no Santu\u00e1rio da Sa\u00fade e Paz, em Belo Horizonte. Outros quatro irm\u00e3os continuar\u00e3o sua miss\u00e3o nas comunidades em que se encontram atualmente: o Ir. Gustavo, na Paroquia de F\u00e1tima, em Presidente Franco, no Paraguai; o Di\u00e1cono Jorge na Par\u00f3quia Santa Catarina no Paraguai, na grande Assun\u00e7\u00e3o; o Ir. Wanderson terminar\u00e1 seus estudos servindo \u00e0 comunidade Padre Eust\u00e1quio em Belo Horizonte e [&hellip;]","og_url":"https:\/\/www.padreeustaquio.com.br\/es\/los-hermanos-son-enviados-a-las-comunidades-apostolicas-de-los-sagrados-corazones\/","og_site_name":"Padre Eust\u00e1quio","article_publisher":"https:\/\/www.facebook.com\/beatopadreeustaquio\/","article_published_time":"2021-02-12T11:02:52+00:00","og_image":[{"width":720,"height":510,"url":"https:\/\/www.padreeustaquio.com.br\/wp-content\/uploads\/2021\/02\/Irm\u00e3os-dos-Sagrados-cora\u00e7\u00f5es.jpg","type":"image\/jpeg"}],"author":"@sscc","twitter_card":"summary_large_image","twitter_creator":"@beatopeustaquio","twitter_site":"@beatopeustaquio","twitter_misc":{"Escrito por":"@sscc","Tiempo de lectura":"2 minutos"},"schema":{"@context":"https:\/\/schema.org","@graph":[{"@type":"Article","@id":"https:\/\/www.padreeustaquio.com.br\/irmaos-sao-enviados-as-comunidades-apostolicas-dos-sagrados-coracoes\/#article","isPartOf":{"@id":"https:\/\/www.padreeustaquio.com.br\/irmaos-sao-enviados-as-comunidades-apostolicas-dos-sagrados-coracoes\/"},"author":{"name":"@sscc","@id":"https:\/\/www.padreeustaquio.com.br\/#\/schema\/person\/a2a51db1d00f1a7af0204a0f1ddb1566"},"headline":"Irm\u00e3os s\u00e3o enviados \u00e0s comunidades apost\u00f3licas dos Sagrados Cora\u00e7\u00f5es","datePublished":"2021-02-12T11:02:52+00:00","mainEntityOfPage":{"@id":"https:\/\/www.padreeustaquio.com.br\/irmaos-sao-enviados-as-comunidades-apostolicas-dos-sagrados-coracoes\/"},"wordCount":315,"commentCount":0,"publisher":{"@id":"https:\/\/www.padreeustaquio.com.br\/#organization"},"image":{"@id":"https:\/\/www.padreeustaquio.com.br\/irmaos-sao-enviados-as-comunidades-apostolicas-dos-sagrados-coracoes\/#primaryimage"},"thumbnailUrl":"https:\/\/www.padreeustaquio.com.br\/wp-content\/uploads\/2021\/02\/Irm\u00e3os-dos-Sagrados-cora\u00e7\u00f5es.jpg","articleSection":["Not\u00edcias"],"inLanguage":"es","potentialAction":[{"@type":"CommentAction","name":"Comment","target":["https:\/\/www.padreeustaquio.com.br\/irmaos-sao-enviados-as-comunidades-apostolicas-dos-sagrados-coracoes\/#respond"]}]},{"@type":"WebPage","@id":"https:\/\/www.padreeustaquio.com.br\/irmaos-sao-enviados-as-comunidades-apostolicas-dos-sagrados-coracoes\/","url":"https:\/\/www.padreeustaquio.com.br\/irmaos-sao-enviados-as-comunidades-apostolicas-dos-sagrados-coracoes\/","name":"Hermanos son enviados a las Comunidades Apost\u00f3licas de los Sagrados Corazones - Padre Eustace","isPartOf":{"@id":"https:\/\/www.padreeustaquio.com.br\/#website"},"primaryImageOfPage":{"@id":"https:\/\/www.padreeustaquio.com.br\/irmaos-sao-enviados-as-comunidades-apostolicas-dos-sagrados-coracoes\/#primaryimage"},"image":{"@id":"https:\/\/www.padreeustaquio.com.br\/irmaos-sao-enviados-as-comunidades-apostolicas-dos-sagrados-coracoes\/#primaryimage"},"thumbnailUrl":"https:\/\/www.padreeustaquio.com.br\/wp-content\/uploads\/2021\/02\/Irm\u00e3os-dos-Sagrados-cora\u00e7\u00f5es.jpg","datePublished":"2021-02-12T11:02:52+00:00","breadcrumb":{"@id":"https:\/\/www.padreeustaquio.com.br\/irmaos-sao-enviados-as-comunidades-apostolicas-dos-sagrados-coracoes\/#breadcrumb"},"inLanguage":"es","potentialAction":[{"@type":"ReadAction","target":["https:\/\/www.padreeustaquio.com.br\/irmaos-sao-enviados-as-comunidades-apostolicas-dos-sagrados-coracoes\/"]}]},{"@type":"ImageObject","inLanguage":"es","@id":"https:\/\/www.padreeustaquio.com.br\/irmaos-sao-enviados-as-comunidades-apostolicas-dos-sagrados-coracoes\/#primaryimage","url":"https:\/\/www.padreeustaquio.com.br\/wp-content\/uploads\/2021\/02\/Irm\u00e3os-dos-Sagrados-cora\u00e7\u00f5es.jpg","contentUrl":"https:\/\/www.padreeustaquio.com.br\/wp-content\/uploads\/2021\/02\/Irm\u00e3os-dos-Sagrados-cora\u00e7\u00f5es.jpg","width":720,"height":510},{"@type":"BreadcrumbList","@id":"https:\/\/www.padreeustaquio.com.br\/irmaos-sao-enviados-as-comunidades-apostolicas-dos-sagrados-coracoes\/#breadcrumb","itemListElement":[{"@type":"ListItem","position":1,"name":"In\u00edcio","item":"https:\/\/www.padreeustaquio.com.br\/"},{"@type":"ListItem","position":2,"name":"Irm\u00e3os s\u00e3o enviados \u00e0s comunidades apost\u00f3licas dos Sagrados Cora\u00e7\u00f5es"}]},{"@type":"WebSite","@id":"https:\/\/www.padreeustaquio.com.br\/#website","url":"https:\/\/www.padreeustaquio.com.br\/","name":"Padre Eustace","description":"Salud y Paz","publisher":{"@id":"https:\/\/www.padreeustaquio.com.br\/#organization"},"potentialAction":[{"@type":"SearchAction","target":{"@type":"EntryPoint","urlTemplate":"https:\/\/www.padreeustaquio.com.br\/?s={search_term_string}"},"query-input":{"@type":"PropertyValueSpecification","valueRequired":true,"valueName":"search_term_string"}}],"inLanguage":"es"},{"@type":"Organization","@id":"https:\/\/www.padreeustaquio.com.br\/#organization","name":"Padre Eustace","url":"https:\/\/www.padreeustaquio.com.br\/","logo":{"@type":"ImageObject","inLanguage":"es","@id":"https:\/\/www.padreeustaquio.com.br\/#\/schema\/logo\/image\/","url":"https:\/\/www.padreeustaquio.com.br\/wp-content\/uploads\/2019\/08\/marca.png","contentUrl":"https:\/\/www.padreeustaquio.com.br\/wp-content\/uploads\/2019\/08\/marca.png","width":350,"height":400,"caption":"Padre Eust\u00e1quio"},"image":{"@id":"https:\/\/www.padreeustaquio.com.br\/#\/schema\/logo\/image\/"},"sameAs":["https:\/\/www.facebook.com\/beatopadreeustaquio\/","https:\/\/x.com\/beatopeustaquio","https:\/\/www.instagram.com\/beatopadreeustaquio\/","https:\/\/www.youtube.com\/channel\/UCRhw7vfabnajwLxb1ZXMeIw"]},{"@type":"Person","@id":"https:\/\/www.padreeustaquio.com.br\/#\/schema\/person\/a2a51db1d00f1a7af0204a0f1ddb1566","name":"@sscc","image":{"@type":"ImageObject","inLanguage":"es","@id":"https:\/\/secure.gravatar.com\/avatar\/68cfafa5f44617fea54071e215026e0ff06be366c3d54a8425f04fdcb86f8c5f?s=96&d=mm&r=g","url":"https:\/\/secure.gravatar.com\/avatar\/68cfafa5f44617fea54071e215026e0ff06be366c3d54a8425f04fdcb86f8c5f?s=96&d=mm&r=g","contentUrl":"https:\/\/secure.gravatar.com\/avatar\/68cfafa5f44617fea54071e215026e0ff06be366c3d54a8425f04fdcb86f8c5f?s=96&d=mm&r=g","caption":"@sscc"},"url":"https:\/\/www.padreeustaquio.com.br\/es\/author\/sscc\/"}]}},"_links":{"self":[{"href":"https:\/\/www.padreeustaquio.com.br\/es\/wp-json\/wp\/v2\/posts\/5010","targetHints":{"allow":["GET"]}}],"collection":[{"href":"https:\/\/www.padreeustaquio.com.br\/es\/wp-json\/wp\/v2\/posts"}],"about":[{"href":"https:\/\/www.padreeustaquio.com.br\/es\/wp-json\/wp\/v2\/types\/post"}],"author":[{"embeddable":true,"href":"https:\/\/www.padreeustaquio.com.br\/es\/wp-json\/wp\/v2\/users\/2"}],"replies":[{"embeddable":true,"href":"https:\/\/www.padreeustaquio.com.br\/es\/wp-json\/wp\/v2\/comments?post=5010"}],"version-history":[{"count":0,"href":"https:\/\/www.padreeustaquio.com.br\/es\/wp-json\/wp\/v2\/posts\/5010\/revisions"}],"wp:featuredmedia":[{"embeddable":true,"href":"https:\/\/www.padreeustaquio.com.br\/es\/wp-json\/wp\/v2\/media\/5011"}],"wp:attachment":[{"href":"https:\/\/www.padreeustaquio.com.br\/es\/wp-json\/wp\/v2\/media?parent=5010"}],"wp:term":[{"taxonomy":"category","embeddable":true,"href":"https:\/\/www.padreeustaquio.com.br\/es\/wp-json\/wp\/v2\/categories?post=5010"},{"taxonomy":"post_tag","embeddable":true,"href":"https:\/\/www.padreeustaquio.com.br\/es\/wp-json\/wp\/v2\/tags?post=5010"}],"curies":[{"name":"wp","href":"https:\/\/api.w.org\/{rel}","templated":true}]}}