{"id":4999,"date":"2021-02-10T07:33:50","date_gmt":"2021-02-10T10:33:50","guid":{"rendered":"https:\/\/www.padreeustaquio.com.br\/?p=4999"},"modified":"2021-02-11T09:48:53","modified_gmt":"2021-02-11T12:48:53","slug":"las-pertenencias-del-padre-eustaquio-son-limpiadas-y-documentadas-en-belo-horizonte","status":"publish","type":"post","link":"https:\/\/www.padreeustaquio.com.br\/es\/las-pertenencias-del-padre-eustaquio-son-limpiadas-y-documentadas-en-belo-horizonte\/","title":{"rendered":"En Belo Horizonte se encuentran catalogados objetos que pertenecieron al padre Eust\u00e1quio."},"content":{"rendered":"<p>Los objetos que pertenecieron al Bendito est\u00e1n siendo tratados y catalogados. Se trata de objetos expuestos en el peque\u00f1o museo instalado en el Santuario de la Salud y la Paz, as\u00ed como otras pertenencias del Padre Eust\u00e1quio, conservadas a lo largo de los a\u00f1os bajo la responsabilidad de la Vicepostulaci\u00f3n de la Causa en Brasil.<\/p>\n<div id=\"attachment_5002\" style=\"width: 310px\" class=\"wp-caption alignleft\"><img fetchpriority=\"high\" decoding=\"async\" aria-describedby=\"caption-attachment-5002\" class=\"size-medium wp-image-5002\" src=\"https:\/\/www.padreeustaquio.com.br\/wp-content\/uploads\/2021\/02\/Brevi\u00e1rio-de-Padre-Eust\u00e1quio-300x225.jpeg\" alt=\"Entre los objetos se encuentran cuadernos y la Biblia utilizados por el padre Eust\u00e1quio.\" width=\"300\" height=\"225\" srcset=\"https:\/\/www.padreeustaquio.com.br\/wp-content\/uploads\/2021\/02\/Brevi\u00e1rio-de-Padre-Eust\u00e1quio-300x225.jpeg 300w, https:\/\/www.padreeustaquio.com.br\/wp-content\/uploads\/2021\/02\/Brevi\u00e1rio-de-Padre-Eust\u00e1quio-768x576.jpeg 768w, https:\/\/www.padreeustaquio.com.br\/wp-content\/uploads\/2021\/02\/Brevi\u00e1rio-de-Padre-Eust\u00e1quio-1024x768.jpeg 1024w, https:\/\/www.padreeustaquio.com.br\/wp-content\/uploads\/2021\/02\/Brevi\u00e1rio-de-Padre-Eust\u00e1quio-180x135.jpeg 180w, https:\/\/www.padreeustaquio.com.br\/wp-content\/uploads\/2021\/02\/Brevi\u00e1rio-de-Padre-Eust\u00e1quio-400x300.jpeg 400w, https:\/\/www.padreeustaquio.com.br\/wp-content\/uploads\/2021\/02\/Brevi\u00e1rio-de-Padre-Eust\u00e1quio-600x450.jpeg 600w, https:\/\/www.padreeustaquio.com.br\/wp-content\/uploads\/2021\/02\/Brevi\u00e1rio-de-Padre-Eust\u00e1quio-800x600.jpeg 800w, https:\/\/www.padreeustaquio.com.br\/wp-content\/uploads\/2021\/02\/Brevi\u00e1rio-de-Padre-Eust\u00e1quio-1200x900.jpeg 1200w, https:\/\/www.padreeustaquio.com.br\/wp-content\/uploads\/2021\/02\/Brevi\u00e1rio-de-Padre-Eust\u00e1quio.jpeg 1280w\" sizes=\"(max-width: 300px) 100vw, 300px\" \/><p id=\"caption-attachment-5002\" class=\"wp-caption-text\">Entre los objetos se encuentran cuadernos y la Biblia utilizados por el padre Eust\u00e1quio.<\/p><\/div>\n<p>Dos profesionales especializados en Conservaci\u00f3n y Restauraci\u00f3n de Bienes Muebles trabajan en la colecci\u00f3n. Solo en enero, se limpiaron y documentaron 94 objetos, incluidas 66 prendas de vestir.<\/p>\n<p>Cybele Nascimento Silva, licenciada en Conservaci\u00f3n y Restauraci\u00f3n de Bienes Muebles por la UFMG y actualmente cursa la licenciatura en Museolog\u00eda en la UFOP, es una de las investigadoras que lleva a cabo el trabajo. Cybele explica que conoci\u00f3 la colecci\u00f3n a trav\u00e9s de un compa\u00f1ero de la universidad y decidi\u00f3 registrar el proyecto bajo la Ley Aldir Blanc. Tras la aprobaci\u00f3n, comenzaron las obras el 12 de enero.<\/p>\n<div id=\"attachment_5001\" style=\"width: 310px\" class=\"wp-caption alignright\"><img decoding=\"async\" aria-describedby=\"caption-attachment-5001\" class=\"size-medium wp-image-5001\" src=\"https:\/\/www.padreeustaquio.com.br\/wp-content\/uploads\/2021\/02\/Marcelino-e-os-cadernos-de-PE-300x225.jpeg\" alt=\"El libro de oraciones del Padre Eustace (Breviario) ya ha pasado por el proceso.\" width=\"300\" height=\"225\" srcset=\"https:\/\/www.padreeustaquio.com.br\/wp-content\/uploads\/2021\/02\/Marcelino-e-os-cadernos-de-PE-300x225.jpeg 300w, https:\/\/www.padreeustaquio.com.br\/wp-content\/uploads\/2021\/02\/Marcelino-e-os-cadernos-de-PE-768x576.jpeg 768w, https:\/\/www.padreeustaquio.com.br\/wp-content\/uploads\/2021\/02\/Marcelino-e-os-cadernos-de-PE-1024x768.jpeg 1024w, https:\/\/www.padreeustaquio.com.br\/wp-content\/uploads\/2021\/02\/Marcelino-e-os-cadernos-de-PE-180x135.jpeg 180w, https:\/\/www.padreeustaquio.com.br\/wp-content\/uploads\/2021\/02\/Marcelino-e-os-cadernos-de-PE-400x300.jpeg 400w, https:\/\/www.padreeustaquio.com.br\/wp-content\/uploads\/2021\/02\/Marcelino-e-os-cadernos-de-PE-600x450.jpeg 600w, https:\/\/www.padreeustaquio.com.br\/wp-content\/uploads\/2021\/02\/Marcelino-e-os-cadernos-de-PE-800x600.jpeg 800w, https:\/\/www.padreeustaquio.com.br\/wp-content\/uploads\/2021\/02\/Marcelino-e-os-cadernos-de-PE-1200x900.jpeg 1200w, https:\/\/www.padreeustaquio.com.br\/wp-content\/uploads\/2021\/02\/Marcelino-e-os-cadernos-de-PE.jpeg 1280w\" sizes=\"(max-width: 300px) 100vw, 300px\" \/><p id=\"caption-attachment-5001\" class=\"wp-caption-text\">El libro de oraciones del Padre Eustace (Breviario) ya ha pasado por el proceso.<\/p><\/div>\n<p>Marcelino Lopes es el otro profesional que trabaja en el proyecto. Licenciado en Historia por la PUC Minas y en Conservaci\u00f3n y Restauraci\u00f3n de Bienes Muebles por la UFMG, toma cada pieza, la limpia, investiga toda la informaci\u00f3n sobre ella, la fotograf\u00eda y la almacena de forma que se conserve el objeto durante el mayor tiempo posible.<\/p>\n<p>Entre los objetos se encuentran: libros, cuadernos con anotaciones hechas por el sacerdote, cartas que recibi\u00f3, diversas prendas de vestir, recortes de peri\u00f3dicos que mencionaban al Padre Eust\u00e1quio en la \u00e9poca, as\u00ed como objetos sagrados para uso personal del Bendito.<\/p>\n<p>Seg\u00fan el vicepostulador de la Causa de Canonizaci\u00f3n, Padre Vin\u00edcius Maciel, ss.cc., la obra es muy importante para cumplir nuestra misi\u00f3n de transmitir a las futuras generaciones la memoria y el mensaje del Padre Eust\u00e1quio: \u201cTambi\u00e9n es muy importante cuidar sus bienes que, adem\u00e1s de su valor hist\u00f3rico, tienen un gran valor espiritual, considerados como reliquias por haber pertenecido a un Beato\u201d, concluy\u00f3 el religioso.<\/p>\n<div id=\"attachment_5003\" style=\"width: 310px\" class=\"wp-caption alignleft\"><img decoding=\"async\" aria-describedby=\"caption-attachment-5003\" class=\"size-medium wp-image-5003\" src=\"https:\/\/www.padreeustaquio.com.br\/wp-content\/uploads\/2021\/02\/Acondicionando-materiais-300x225.jpeg\" alt=\"Todos los art\u00edculos, luego de ser limpiados y catalogados, son almacenados para evitar su deterioro.\" width=\"300\" height=\"225\" srcset=\"https:\/\/www.padreeustaquio.com.br\/wp-content\/uploads\/2021\/02\/Acondicionando-materiais-300x225.jpeg 300w, https:\/\/www.padreeustaquio.com.br\/wp-content\/uploads\/2021\/02\/Acondicionando-materiais-768x576.jpeg 768w, https:\/\/www.padreeustaquio.com.br\/wp-content\/uploads\/2021\/02\/Acondicionando-materiais-1024x768.jpeg 1024w, https:\/\/www.padreeustaquio.com.br\/wp-content\/uploads\/2021\/02\/Acondicionando-materiais-180x135.jpeg 180w, https:\/\/www.padreeustaquio.com.br\/wp-content\/uploads\/2021\/02\/Acondicionando-materiais-400x300.jpeg 400w, https:\/\/www.padreeustaquio.com.br\/wp-content\/uploads\/2021\/02\/Acondicionando-materiais-600x450.jpeg 600w, https:\/\/www.padreeustaquio.com.br\/wp-content\/uploads\/2021\/02\/Acondicionando-materiais-800x600.jpeg 800w, https:\/\/www.padreeustaquio.com.br\/wp-content\/uploads\/2021\/02\/Acondicionando-materiais-1200x900.jpeg 1200w, https:\/\/www.padreeustaquio.com.br\/wp-content\/uploads\/2021\/02\/Acondicionando-materiais.jpeg 1280w\" sizes=\"(max-width: 300px) 100vw, 300px\" \/><p id=\"caption-attachment-5003\" class=\"wp-caption-text\">Todos los art\u00edculos, luego de ser limpiados y catalogados, son almacenados para evitar su deterioro.<\/p><\/div>\n<p>Todo el proyecto tiene como objetivo la recuperaci\u00f3n y conservaci\u00f3n de la colecci\u00f3n, as\u00ed como la investigaci\u00f3n y verificaci\u00f3n de la verdadera pertenencia de los objetos al Padre Eust\u00e1quio. Todo se clasificar\u00e1 para garantizar su acceso, exhibici\u00f3n y comunicaci\u00f3n en el futuro.<\/p>\n<p>Sin embargo, dado que el proyecto bajo la Ley Aldir Blanc finaliza en marzo, la campa\u00f1a vicepresidencial est\u00e1 realizando esfuerzos de recaudaci\u00f3n de fondos para apoyar a los profesionales hasta que se catalogue toda la colecci\u00f3n. Si desea colaborar, simplemente... <a href=\"https:\/\/www.padreeustaquio.com.br\/es\/donar\/\">HAGA CLIC AQU\u00cd<\/a>.<\/p>\n<p>La idea es utilizar todos los materiales para construir el gran Museo Padre Eust\u00e1quio, junto a la iglesia. El lugar ya existe, al igual que el proyecto, pero necesita adaptaciones y renovaciones para convertirse en un espacio cultural. Las acciones tambi\u00e9n cuentan con el apoyo de la comunidad.<\/p>\n\n\t\t<style type=\"text\/css\">\n\t\t\t#gallery-1 {\n\t\t\t\tmargin: auto;\n\t\t\t}\n\t\t\t#gallery-1 .gallery-item {\n\t\t\t\tfloat: left;\n\t\t\t\tmargin-top: 10px;\n\t\t\t\ttext-align: center;\n\t\t\t\twidth: 33%;\n\t\t\t}\n\t\t\t#gallery-1 img {\n\t\t\t\tborder: 2px solid #cfcfcf;\n\t\t\t}\n\t\t\t#gallery-1 .gallery-caption {\n\t\t\t\tmargin-left: 0;\n\t\t\t}\n\t\t\t\/* see gallery_shortcode() in wp-includes\/media.php *\/\n\t\t<\/style>\n\t\t<div id='gallery-1' class='gallery galleryid-4999 gallery-columns-3 gallery-size-medium'><dl class='gallery-item'>\n\t\t\t<dt class='gallery-icon landscape'>\n\t\t\t\t<a href='https:\/\/www.padreeustaquio.com.br\/es\/las-pertenencias-del-padre-eustaquio-son-limpiadas-y-documentadas-en-belo-horizonte\/livros-cintos-e-sapatos-de-pe\/'><img loading=\"lazy\" decoding=\"async\" width=\"300\" height=\"225\" src=\"https:\/\/www.padreeustaquio.com.br\/wp-content\/uploads\/2021\/02\/Livros-cintos-e-sapatos-de-PE-300x225.jpeg\" class=\"attachment-medium size-medium\" alt=\"\" aria-describedby=\"gallery-1-5004\" srcset=\"https:\/\/www.padreeustaquio.com.br\/wp-content\/uploads\/2021\/02\/Livros-cintos-e-sapatos-de-PE-300x225.jpeg 300w, https:\/\/www.padreeustaquio.com.br\/wp-content\/uploads\/2021\/02\/Livros-cintos-e-sapatos-de-PE-768x576.jpeg 768w, https:\/\/www.padreeustaquio.com.br\/wp-content\/uploads\/2021\/02\/Livros-cintos-e-sapatos-de-PE-1024x768.jpeg 1024w, https:\/\/www.padreeustaquio.com.br\/wp-content\/uploads\/2021\/02\/Livros-cintos-e-sapatos-de-PE-180x135.jpeg 180w, https:\/\/www.padreeustaquio.com.br\/wp-content\/uploads\/2021\/02\/Livros-cintos-e-sapatos-de-PE-400x300.jpeg 400w, https:\/\/www.padreeustaquio.com.br\/wp-content\/uploads\/2021\/02\/Livros-cintos-e-sapatos-de-PE-600x450.jpeg 600w, https:\/\/www.padreeustaquio.com.br\/wp-content\/uploads\/2021\/02\/Livros-cintos-e-sapatos-de-PE-800x600.jpeg 800w, https:\/\/www.padreeustaquio.com.br\/wp-content\/uploads\/2021\/02\/Livros-cintos-e-sapatos-de-PE-1200x900.jpeg 1200w, https:\/\/www.padreeustaquio.com.br\/wp-content\/uploads\/2021\/02\/Livros-cintos-e-sapatos-de-PE.jpeg 1280w\" sizes=\"(max-width: 300px) 100vw, 300px\" \/><\/a>\n\t\t\t<\/dt>\n\t\t\t\t<dd class='wp-caption-text gallery-caption' id='gallery-1-5004'>\n\t\t\t\tLibros, cinturones y zapatos que pertenecieron al holand\u00e9s\n\t\t\t\t<\/dd><\/dl><dl class='gallery-item'>\n\t\t\t<dt class='gallery-icon landscape'>\n\t\t\t\t<a href='https:\/\/www.padreeustaquio.com.br\/es\/las-pertenencias-del-padre-eustaquio-son-limpiadas-y-documentadas-en-belo-horizonte\/roupa-de-pe\/'><img loading=\"lazy\" decoding=\"async\" width=\"300\" height=\"225\" src=\"https:\/\/www.padreeustaquio.com.br\/wp-content\/uploads\/2021\/02\/Roupa-de-PE-300x225.jpeg\" class=\"attachment-medium size-medium\" alt=\"\" aria-describedby=\"gallery-1-5005\" srcset=\"https:\/\/www.padreeustaquio.com.br\/wp-content\/uploads\/2021\/02\/Roupa-de-PE-300x225.jpeg 300w, https:\/\/www.padreeustaquio.com.br\/wp-content\/uploads\/2021\/02\/Roupa-de-PE-768x576.jpeg 768w, https:\/\/www.padreeustaquio.com.br\/wp-content\/uploads\/2021\/02\/Roupa-de-PE-1024x768.jpeg 1024w, https:\/\/www.padreeustaquio.com.br\/wp-content\/uploads\/2021\/02\/Roupa-de-PE-180x135.jpeg 180w, https:\/\/www.padreeustaquio.com.br\/wp-content\/uploads\/2021\/02\/Roupa-de-PE-400x300.jpeg 400w, https:\/\/www.padreeustaquio.com.br\/wp-content\/uploads\/2021\/02\/Roupa-de-PE-600x450.jpeg 600w, https:\/\/www.padreeustaquio.com.br\/wp-content\/uploads\/2021\/02\/Roupa-de-PE-800x600.jpeg 800w, https:\/\/www.padreeustaquio.com.br\/wp-content\/uploads\/2021\/02\/Roupa-de-PE-1200x900.jpeg 1200w, https:\/\/www.padreeustaquio.com.br\/wp-content\/uploads\/2021\/02\/Roupa-de-PE.jpeg 1280w\" sizes=\"(max-width: 300px) 100vw, 300px\" \/><\/a>\n\t\t\t<\/dt>\n\t\t\t\t<dd class='wp-caption-text gallery-caption' id='gallery-1-5005'>\n\t\t\t\tSotana negra: una rareza que perteneci\u00f3 al padre Eust\u00e1quio\n\t\t\t\t<\/dd><\/dl><dl class='gallery-item'>\n\t\t\t<dt class='gallery-icon landscape'>\n\t\t\t\t<a href='https:\/\/www.padreeustaquio.com.br\/es\/las-pertenencias-del-padre-eustaquio-son-limpiadas-y-documentadas-en-belo-horizonte\/roupas-de-padre-eustaquio\/'><img loading=\"lazy\" decoding=\"async\" width=\"300\" height=\"225\" src=\"https:\/\/www.padreeustaquio.com.br\/wp-content\/uploads\/2021\/02\/Roupas-de-Padre-Eust\u00e1quio-300x225.jpeg\" class=\"attachment-medium size-medium\" alt=\"\" aria-describedby=\"gallery-1-5006\" srcset=\"https:\/\/www.padreeustaquio.com.br\/wp-content\/uploads\/2021\/02\/Roupas-de-Padre-Eust\u00e1quio-300x225.jpeg 300w, https:\/\/www.padreeustaquio.com.br\/wp-content\/uploads\/2021\/02\/Roupas-de-Padre-Eust\u00e1quio-768x576.jpeg 768w, https:\/\/www.padreeustaquio.com.br\/wp-content\/uploads\/2021\/02\/Roupas-de-Padre-Eust\u00e1quio-1024x768.jpeg 1024w, https:\/\/www.padreeustaquio.com.br\/wp-content\/uploads\/2021\/02\/Roupas-de-Padre-Eust\u00e1quio-180x135.jpeg 180w, https:\/\/www.padreeustaquio.com.br\/wp-content\/uploads\/2021\/02\/Roupas-de-Padre-Eust\u00e1quio-400x300.jpeg 400w, https:\/\/www.padreeustaquio.com.br\/wp-content\/uploads\/2021\/02\/Roupas-de-Padre-Eust\u00e1quio-600x450.jpeg 600w, https:\/\/www.padreeustaquio.com.br\/wp-content\/uploads\/2021\/02\/Roupas-de-Padre-Eust\u00e1quio-800x600.jpeg 800w, https:\/\/www.padreeustaquio.com.br\/wp-content\/uploads\/2021\/02\/Roupas-de-Padre-Eust\u00e1quio-1200x900.jpeg 1200w, https:\/\/www.padreeustaquio.com.br\/wp-content\/uploads\/2021\/02\/Roupas-de-Padre-Eust\u00e1quio.jpeg 1280w\" sizes=\"(max-width: 300px) 100vw, 300px\" \/><\/a>\n\t\t\t<\/dt>\n\t\t\t\t<dd class='wp-caption-text gallery-caption' id='gallery-1-5006'>\n\t\t\t\tLas iniciales de la figura religiosa fueron encontradas en algunas prendas de vestir.\n\t\t\t\t<\/dd><\/dl><br style=\"clear: both\" \/>\n\t\t<\/div>","protected":false},"excerpt":{"rendered":"<p>Os materiais que pertenceram ao Bem-Aventurado est\u00e3o recebendo tratamento e cataloga\u00e7\u00e3o. S\u00e3o objetos expostos no pequeno museu montado dentro do Santu\u00e1rio da Sa\u00fade e Paz e outros pertences de Padre Eust\u00e1quio, guardados ao longo dos anos sob a responsabilidade da Vice Postula\u00e7\u00e3o da Causa no Brasil. Dois profissionais da Conserva\u00e7\u00e3o e Restauro de Bens M\u00f3veis est\u00e3o trabalhando no acervo. Somente no m\u00eas de Janeiro 94 objetos foram higienizados e documentados, dentre eles 66 pe\u00e7as de roupas. Bacharel em Conserva\u00e7\u00e3o e Restaura\u00e7\u00e3o de Bens M\u00f3veis pela UFMG e Graduanda em Museologia pela UFOP, Cybele Nascimento Silva \u00e9 uma das pesquisadoras que [&hellip;]<\/p>\n","protected":false},"author":2,"featured_media":5000,"comment_status":"open","ping_status":"open","sticky":false,"template":"","format":"standard","meta":{"_acf_changed":false,"footnotes":""},"categories":[611],"tags":[],"class_list":["post-4999","post","type-post","status-publish","format-standard","has-post-thumbnail","hentry","category-noticias"],"acf":[],"yoast_head":"<!-- This site is optimized with the Yoast SEO plugin v27.2 - https:\/\/yoast.com\/product\/yoast-seo-wordpress\/ -->\n<title>Objetos que pertenceram a Padre Eust\u00e1quio s\u00e3o catalogados em Belo Horizonte - Padre Eust\u00e1quio<\/title>\n<meta name=\"robots\" content=\"index, follow, max-snippet:-1, max-image-preview:large, max-video-preview:-1\" \/>\n<link rel=\"canonical\" href=\"https:\/\/www.padreeustaquio.com.br\/es\/las-pertenencias-del-padre-eustaquio-son-limpiadas-y-documentadas-en-belo-horizonte\/\" \/>\n<meta property=\"og:locale\" content=\"es_ES\" \/>\n<meta property=\"og:type\" content=\"article\" \/>\n<meta property=\"og:title\" content=\"Objetos que pertenceram a Padre Eust\u00e1quio s\u00e3o catalogados em Belo Horizonte - Padre Eust\u00e1quio\" \/>\n<meta property=\"og:description\" content=\"Os materiais que pertenceram ao Bem-Aventurado est\u00e3o recebendo tratamento e cataloga\u00e7\u00e3o. S\u00e3o objetos expostos no pequeno museu montado dentro do Santu\u00e1rio da Sa\u00fade e Paz e outros pertences de Padre Eust\u00e1quio, guardados ao longo dos anos sob a responsabilidade da Vice Postula\u00e7\u00e3o da Causa no Brasil. Dois profissionais da Conserva\u00e7\u00e3o e Restauro de Bens M\u00f3veis est\u00e3o trabalhando no acervo. Somente no m\u00eas de Janeiro 94 objetos foram higienizados e documentados, dentre eles 66 pe\u00e7as de roupas. Bacharel em Conserva\u00e7\u00e3o e Restaura\u00e7\u00e3o de Bens M\u00f3veis pela UFMG e Graduanda em Museologia pela UFOP, Cybele Nascimento Silva \u00e9 uma das pesquisadoras que [&hellip;]\" \/>\n<meta property=\"og:url\" content=\"https:\/\/www.padreeustaquio.com.br\/es\/las-pertenencias-del-padre-eustaquio-son-limpiadas-y-documentadas-en-belo-horizonte\/\" \/>\n<meta property=\"og:site_name\" content=\"Padre Eust\u00e1quio\" \/>\n<meta property=\"article:publisher\" content=\"https:\/\/www.facebook.com\/beatopadreeustaquio\/\" \/>\n<meta property=\"article:published_time\" content=\"2021-02-10T10:33:50+00:00\" \/>\n<meta property=\"article:modified_time\" content=\"2021-02-11T12:48:53+00:00\" \/>\n<meta property=\"og:image\" content=\"https:\/\/www.padreeustaquio.com.br\/wp-content\/uploads\/2021\/02\/Higieniza\u00e7\u00e3o-Cybele-e1612997654420.jpeg\" \/>\n\t<meta property=\"og:image:width\" content=\"1276\" \/>\n\t<meta property=\"og:image:height\" content=\"646\" \/>\n\t<meta property=\"og:image:type\" content=\"image\/jpeg\" \/>\n<meta name=\"author\" content=\"@sscc\" \/>\n<meta name=\"twitter:card\" content=\"summary_large_image\" \/>\n<meta name=\"twitter:creator\" content=\"@beatopeustaquio\" \/>\n<meta name=\"twitter:site\" content=\"@beatopeustaquio\" \/>\n<meta name=\"twitter:label1\" content=\"Escrito por\" \/>\n\t<meta name=\"twitter:data1\" content=\"@sscc\" \/>\n\t<meta name=\"twitter:label2\" content=\"Tiempo de lectura\" \/>\n\t<meta name=\"twitter:data2\" content=\"3 minutos\" \/>\n<script type=\"application\/ld+json\" class=\"yoast-schema-graph\">{\"@context\":\"https:\/\/schema.org\",\"@graph\":[{\"@type\":\"Article\",\"@id\":\"https:\/\/www.padreeustaquio.com.br\/pertences-de-padre-eustaquio-sao-higienizados-e-documentados-em-belo-horizonte\/#article\",\"isPartOf\":{\"@id\":\"https:\/\/www.padreeustaquio.com.br\/pertences-de-padre-eustaquio-sao-higienizados-e-documentados-em-belo-horizonte\/\"},\"author\":{\"name\":\"@sscc\",\"@id\":\"https:\/\/www.padreeustaquio.com.br\/#\/schema\/person\/a2a51db1d00f1a7af0204a0f1ddb1566\"},\"headline\":\"Objetos que pertenceram a Padre Eust\u00e1quio s\u00e3o catalogados em Belo Horizonte\",\"datePublished\":\"2021-02-10T10:33:50+00:00\",\"dateModified\":\"2021-02-11T12:48:53+00:00\",\"mainEntityOfPage\":{\"@id\":\"https:\/\/www.padreeustaquio.com.br\/pertences-de-padre-eustaquio-sao-higienizados-e-documentados-em-belo-horizonte\/\"},\"wordCount\":544,\"commentCount\":0,\"publisher\":{\"@id\":\"https:\/\/www.padreeustaquio.com.br\/#organization\"},\"image\":{\"@id\":\"https:\/\/www.padreeustaquio.com.br\/pertences-de-padre-eustaquio-sao-higienizados-e-documentados-em-belo-horizonte\/#primaryimage\"},\"thumbnailUrl\":\"https:\/\/www.padreeustaquio.com.br\/wp-content\/uploads\/2021\/02\/Higieniza\u00e7\u00e3o-Cybele-e1612997654420.jpeg\",\"articleSection\":[\"Not\u00edcias\"],\"inLanguage\":\"es\",\"potentialAction\":[{\"@type\":\"CommentAction\",\"name\":\"Comment\",\"target\":[\"https:\/\/www.padreeustaquio.com.br\/pertences-de-padre-eustaquio-sao-higienizados-e-documentados-em-belo-horizonte\/#respond\"]}]},{\"@type\":\"WebPage\",\"@id\":\"https:\/\/www.padreeustaquio.com.br\/pertences-de-padre-eustaquio-sao-higienizados-e-documentados-em-belo-horizonte\/\",\"url\":\"https:\/\/www.padreeustaquio.com.br\/pertences-de-padre-eustaquio-sao-higienizados-e-documentados-em-belo-horizonte\/\",\"name\":\"Objetos que pertenceram a Padre Eust\u00e1quio s\u00e3o catalogados em Belo Horizonte - Padre Eust\u00e1quio\",\"isPartOf\":{\"@id\":\"https:\/\/www.padreeustaquio.com.br\/#website\"},\"primaryImageOfPage\":{\"@id\":\"https:\/\/www.padreeustaquio.com.br\/pertences-de-padre-eustaquio-sao-higienizados-e-documentados-em-belo-horizonte\/#primaryimage\"},\"image\":{\"@id\":\"https:\/\/www.padreeustaquio.com.br\/pertences-de-padre-eustaquio-sao-higienizados-e-documentados-em-belo-horizonte\/#primaryimage\"},\"thumbnailUrl\":\"https:\/\/www.padreeustaquio.com.br\/wp-content\/uploads\/2021\/02\/Higieniza\u00e7\u00e3o-Cybele-e1612997654420.jpeg\",\"datePublished\":\"2021-02-10T10:33:50+00:00\",\"dateModified\":\"2021-02-11T12:48:53+00:00\",\"breadcrumb\":{\"@id\":\"https:\/\/www.padreeustaquio.com.br\/pertences-de-padre-eustaquio-sao-higienizados-e-documentados-em-belo-horizonte\/#breadcrumb\"},\"inLanguage\":\"es\",\"potentialAction\":[{\"@type\":\"ReadAction\",\"target\":[\"https:\/\/www.padreeustaquio.com.br\/pertences-de-padre-eustaquio-sao-higienizados-e-documentados-em-belo-horizonte\/\"]}]},{\"@type\":\"ImageObject\",\"inLanguage\":\"es\",\"@id\":\"https:\/\/www.padreeustaquio.com.br\/pertences-de-padre-eustaquio-sao-higienizados-e-documentados-em-belo-horizonte\/#primaryimage\",\"url\":\"https:\/\/www.padreeustaquio.com.br\/wp-content\/uploads\/2021\/02\/Higieniza\u00e7\u00e3o-Cybele-e1612997654420.jpeg\",\"contentUrl\":\"https:\/\/www.padreeustaquio.com.br\/wp-content\/uploads\/2021\/02\/Higieniza\u00e7\u00e3o-Cybele-e1612997654420.jpeg\",\"width\":1276,\"height\":646,\"caption\":\"O trabalho dos pesquisadores ocupa um dos sal\u00f5es do Santu\u00e1rio da Sa\u00fade e Paz, em BH.\"},{\"@type\":\"BreadcrumbList\",\"@id\":\"https:\/\/www.padreeustaquio.com.br\/pertences-de-padre-eustaquio-sao-higienizados-e-documentados-em-belo-horizonte\/#breadcrumb\",\"itemListElement\":[{\"@type\":\"ListItem\",\"position\":1,\"name\":\"In\u00edcio\",\"item\":\"https:\/\/www.padreeustaquio.com.br\/\"},{\"@type\":\"ListItem\",\"position\":2,\"name\":\"Objetos que pertenceram a Padre Eust\u00e1quio s\u00e3o catalogados em Belo Horizonte\"}]},{\"@type\":\"WebSite\",\"@id\":\"https:\/\/www.padreeustaquio.com.br\/#website\",\"url\":\"https:\/\/www.padreeustaquio.com.br\/\",\"name\":\"Padre Eust\u00e1quio\",\"description\":\"Sa\u00fade e Paz\",\"publisher\":{\"@id\":\"https:\/\/www.padreeustaquio.com.br\/#organization\"},\"potentialAction\":[{\"@type\":\"SearchAction\",\"target\":{\"@type\":\"EntryPoint\",\"urlTemplate\":\"https:\/\/www.padreeustaquio.com.br\/?s={search_term_string}\"},\"query-input\":{\"@type\":\"PropertyValueSpecification\",\"valueRequired\":true,\"valueName\":\"search_term_string\"}}],\"inLanguage\":\"es\"},{\"@type\":\"Organization\",\"@id\":\"https:\/\/www.padreeustaquio.com.br\/#organization\",\"name\":\"Padre Eust\u00e1quio\",\"url\":\"https:\/\/www.padreeustaquio.com.br\/\",\"logo\":{\"@type\":\"ImageObject\",\"inLanguage\":\"es\",\"@id\":\"https:\/\/www.padreeustaquio.com.br\/#\/schema\/logo\/image\/\",\"url\":\"https:\/\/www.padreeustaquio.com.br\/wp-content\/uploads\/2019\/08\/marca.png\",\"contentUrl\":\"https:\/\/www.padreeustaquio.com.br\/wp-content\/uploads\/2019\/08\/marca.png\",\"width\":350,\"height\":400,\"caption\":\"Padre Eust\u00e1quio\"},\"image\":{\"@id\":\"https:\/\/www.padreeustaquio.com.br\/#\/schema\/logo\/image\/\"},\"sameAs\":[\"https:\/\/www.facebook.com\/beatopadreeustaquio\/\",\"https:\/\/x.com\/beatopeustaquio\",\"https:\/\/www.instagram.com\/beatopadreeustaquio\/\",\"https:\/\/www.youtube.com\/channel\/UCRhw7vfabnajwLxb1ZXMeIw\"]},{\"@type\":\"Person\",\"@id\":\"https:\/\/www.padreeustaquio.com.br\/#\/schema\/person\/a2a51db1d00f1a7af0204a0f1ddb1566\",\"name\":\"@sscc\",\"image\":{\"@type\":\"ImageObject\",\"inLanguage\":\"es\",\"@id\":\"https:\/\/secure.gravatar.com\/avatar\/68cfafa5f44617fea54071e215026e0ff06be366c3d54a8425f04fdcb86f8c5f?s=96&d=mm&r=g\",\"url\":\"https:\/\/secure.gravatar.com\/avatar\/68cfafa5f44617fea54071e215026e0ff06be366c3d54a8425f04fdcb86f8c5f?s=96&d=mm&r=g\",\"contentUrl\":\"https:\/\/secure.gravatar.com\/avatar\/68cfafa5f44617fea54071e215026e0ff06be366c3d54a8425f04fdcb86f8c5f?s=96&d=mm&r=g\",\"caption\":\"@sscc\"},\"url\":\"https:\/\/www.padreeustaquio.com.br\/es\/author\/sscc\/\"}]}<\/script>\n<!-- \/ Yoast SEO plugin. -->","yoast_head_json":{"title":"Objetos que pertenecieron al Padre Eust\u00e1quio son catalogados en Belo Horizonte - Padre Eust\u00e1quio","robots":{"index":"index","follow":"follow","max-snippet":"max-snippet:-1","max-image-preview":"max-image-preview:large","max-video-preview":"max-video-preview:-1"},"canonical":"https:\/\/www.padreeustaquio.com.br\/es\/las-pertenencias-del-padre-eustaquio-son-limpiadas-y-documentadas-en-belo-horizonte\/","og_locale":"es_ES","og_type":"article","og_title":"Objetos que pertenceram a Padre Eust\u00e1quio s\u00e3o catalogados em Belo Horizonte - Padre Eust\u00e1quio","og_description":"Os materiais que pertenceram ao Bem-Aventurado est\u00e3o recebendo tratamento e cataloga\u00e7\u00e3o. S\u00e3o objetos expostos no pequeno museu montado dentro do Santu\u00e1rio da Sa\u00fade e Paz e outros pertences de Padre Eust\u00e1quio, guardados ao longo dos anos sob a responsabilidade da Vice Postula\u00e7\u00e3o da Causa no Brasil. Dois profissionais da Conserva\u00e7\u00e3o e Restauro de Bens M\u00f3veis est\u00e3o trabalhando no acervo. Somente no m\u00eas de Janeiro 94 objetos foram higienizados e documentados, dentre eles 66 pe\u00e7as de roupas. Bacharel em Conserva\u00e7\u00e3o e Restaura\u00e7\u00e3o de Bens M\u00f3veis pela UFMG e Graduanda em Museologia pela UFOP, Cybele Nascimento Silva \u00e9 uma das pesquisadoras que [&hellip;]","og_url":"https:\/\/www.padreeustaquio.com.br\/es\/las-pertenencias-del-padre-eustaquio-son-limpiadas-y-documentadas-en-belo-horizonte\/","og_site_name":"Padre Eust\u00e1quio","article_publisher":"https:\/\/www.facebook.com\/beatopadreeustaquio\/","article_published_time":"2021-02-10T10:33:50+00:00","article_modified_time":"2021-02-11T12:48:53+00:00","og_image":[{"width":1276,"height":646,"url":"https:\/\/www.padreeustaquio.com.br\/wp-content\/uploads\/2021\/02\/Higieniza\u00e7\u00e3o-Cybele-e1612997654420.jpeg","type":"image\/jpeg"}],"author":"@sscc","twitter_card":"summary_large_image","twitter_creator":"@beatopeustaquio","twitter_site":"@beatopeustaquio","twitter_misc":{"Escrito por":"@sscc","Tiempo de lectura":"3 minutos"},"schema":{"@context":"https:\/\/schema.org","@graph":[{"@type":"Article","@id":"https:\/\/www.padreeustaquio.com.br\/pertences-de-padre-eustaquio-sao-higienizados-e-documentados-em-belo-horizonte\/#article","isPartOf":{"@id":"https:\/\/www.padreeustaquio.com.br\/pertences-de-padre-eustaquio-sao-higienizados-e-documentados-em-belo-horizonte\/"},"author":{"name":"@sscc","@id":"https:\/\/www.padreeustaquio.com.br\/#\/schema\/person\/a2a51db1d00f1a7af0204a0f1ddb1566"},"headline":"Objetos que pertenceram a Padre Eust\u00e1quio s\u00e3o catalogados em Belo Horizonte","datePublished":"2021-02-10T10:33:50+00:00","dateModified":"2021-02-11T12:48:53+00:00","mainEntityOfPage":{"@id":"https:\/\/www.padreeustaquio.com.br\/pertences-de-padre-eustaquio-sao-higienizados-e-documentados-em-belo-horizonte\/"},"wordCount":544,"commentCount":0,"publisher":{"@id":"https:\/\/www.padreeustaquio.com.br\/#organization"},"image":{"@id":"https:\/\/www.padreeustaquio.com.br\/pertences-de-padre-eustaquio-sao-higienizados-e-documentados-em-belo-horizonte\/#primaryimage"},"thumbnailUrl":"https:\/\/www.padreeustaquio.com.br\/wp-content\/uploads\/2021\/02\/Higieniza\u00e7\u00e3o-Cybele-e1612997654420.jpeg","articleSection":["Not\u00edcias"],"inLanguage":"es","potentialAction":[{"@type":"CommentAction","name":"Comment","target":["https:\/\/www.padreeustaquio.com.br\/pertences-de-padre-eustaquio-sao-higienizados-e-documentados-em-belo-horizonte\/#respond"]}]},{"@type":"WebPage","@id":"https:\/\/www.padreeustaquio.com.br\/pertences-de-padre-eustaquio-sao-higienizados-e-documentados-em-belo-horizonte\/","url":"https:\/\/www.padreeustaquio.com.br\/pertences-de-padre-eustaquio-sao-higienizados-e-documentados-em-belo-horizonte\/","name":"Objetos que pertenecieron al Padre Eust\u00e1quio son catalogados en Belo Horizonte - Padre Eust\u00e1quio","isPartOf":{"@id":"https:\/\/www.padreeustaquio.com.br\/#website"},"primaryImageOfPage":{"@id":"https:\/\/www.padreeustaquio.com.br\/pertences-de-padre-eustaquio-sao-higienizados-e-documentados-em-belo-horizonte\/#primaryimage"},"image":{"@id":"https:\/\/www.padreeustaquio.com.br\/pertences-de-padre-eustaquio-sao-higienizados-e-documentados-em-belo-horizonte\/#primaryimage"},"thumbnailUrl":"https:\/\/www.padreeustaquio.com.br\/wp-content\/uploads\/2021\/02\/Higieniza\u00e7\u00e3o-Cybele-e1612997654420.jpeg","datePublished":"2021-02-10T10:33:50+00:00","dateModified":"2021-02-11T12:48:53+00:00","breadcrumb":{"@id":"https:\/\/www.padreeustaquio.com.br\/pertences-de-padre-eustaquio-sao-higienizados-e-documentados-em-belo-horizonte\/#breadcrumb"},"inLanguage":"es","potentialAction":[{"@type":"ReadAction","target":["https:\/\/www.padreeustaquio.com.br\/pertences-de-padre-eustaquio-sao-higienizados-e-documentados-em-belo-horizonte\/"]}]},{"@type":"ImageObject","inLanguage":"es","@id":"https:\/\/www.padreeustaquio.com.br\/pertences-de-padre-eustaquio-sao-higienizados-e-documentados-em-belo-horizonte\/#primaryimage","url":"https:\/\/www.padreeustaquio.com.br\/wp-content\/uploads\/2021\/02\/Higieniza\u00e7\u00e3o-Cybele-e1612997654420.jpeg","contentUrl":"https:\/\/www.padreeustaquio.com.br\/wp-content\/uploads\/2021\/02\/Higieniza\u00e7\u00e3o-Cybele-e1612997654420.jpeg","width":1276,"height":646,"caption":"O trabalho dos pesquisadores ocupa um dos sal\u00f5es do Santu\u00e1rio da Sa\u00fade e Paz, em BH."},{"@type":"BreadcrumbList","@id":"https:\/\/www.padreeustaquio.com.br\/pertences-de-padre-eustaquio-sao-higienizados-e-documentados-em-belo-horizonte\/#breadcrumb","itemListElement":[{"@type":"ListItem","position":1,"name":"In\u00edcio","item":"https:\/\/www.padreeustaquio.com.br\/"},{"@type":"ListItem","position":2,"name":"Objetos que pertenceram a Padre Eust\u00e1quio s\u00e3o catalogados em Belo Horizonte"}]},{"@type":"WebSite","@id":"https:\/\/www.padreeustaquio.com.br\/#website","url":"https:\/\/www.padreeustaquio.com.br\/","name":"Padre Eustace","description":"Salud y Paz","publisher":{"@id":"https:\/\/www.padreeustaquio.com.br\/#organization"},"potentialAction":[{"@type":"SearchAction","target":{"@type":"EntryPoint","urlTemplate":"https:\/\/www.padreeustaquio.com.br\/?s={search_term_string}"},"query-input":{"@type":"PropertyValueSpecification","valueRequired":true,"valueName":"search_term_string"}}],"inLanguage":"es"},{"@type":"Organization","@id":"https:\/\/www.padreeustaquio.com.br\/#organization","name":"Padre Eustace","url":"https:\/\/www.padreeustaquio.com.br\/","logo":{"@type":"ImageObject","inLanguage":"es","@id":"https:\/\/www.padreeustaquio.com.br\/#\/schema\/logo\/image\/","url":"https:\/\/www.padreeustaquio.com.br\/wp-content\/uploads\/2019\/08\/marca.png","contentUrl":"https:\/\/www.padreeustaquio.com.br\/wp-content\/uploads\/2019\/08\/marca.png","width":350,"height":400,"caption":"Padre Eust\u00e1quio"},"image":{"@id":"https:\/\/www.padreeustaquio.com.br\/#\/schema\/logo\/image\/"},"sameAs":["https:\/\/www.facebook.com\/beatopadreeustaquio\/","https:\/\/x.com\/beatopeustaquio","https:\/\/www.instagram.com\/beatopadreeustaquio\/","https:\/\/www.youtube.com\/channel\/UCRhw7vfabnajwLxb1ZXMeIw"]},{"@type":"Person","@id":"https:\/\/www.padreeustaquio.com.br\/#\/schema\/person\/a2a51db1d00f1a7af0204a0f1ddb1566","name":"@sscc","image":{"@type":"ImageObject","inLanguage":"es","@id":"https:\/\/secure.gravatar.com\/avatar\/68cfafa5f44617fea54071e215026e0ff06be366c3d54a8425f04fdcb86f8c5f?s=96&d=mm&r=g","url":"https:\/\/secure.gravatar.com\/avatar\/68cfafa5f44617fea54071e215026e0ff06be366c3d54a8425f04fdcb86f8c5f?s=96&d=mm&r=g","contentUrl":"https:\/\/secure.gravatar.com\/avatar\/68cfafa5f44617fea54071e215026e0ff06be366c3d54a8425f04fdcb86f8c5f?s=96&d=mm&r=g","caption":"@sscc"},"url":"https:\/\/www.padreeustaquio.com.br\/es\/author\/sscc\/"}]}},"_links":{"self":[{"href":"https:\/\/www.padreeustaquio.com.br\/es\/wp-json\/wp\/v2\/posts\/4999","targetHints":{"allow":["GET"]}}],"collection":[{"href":"https:\/\/www.padreeustaquio.com.br\/es\/wp-json\/wp\/v2\/posts"}],"about":[{"href":"https:\/\/www.padreeustaquio.com.br\/es\/wp-json\/wp\/v2\/types\/post"}],"author":[{"embeddable":true,"href":"https:\/\/www.padreeustaquio.com.br\/es\/wp-json\/wp\/v2\/users\/2"}],"replies":[{"embeddable":true,"href":"https:\/\/www.padreeustaquio.com.br\/es\/wp-json\/wp\/v2\/comments?post=4999"}],"version-history":[{"count":0,"href":"https:\/\/www.padreeustaquio.com.br\/es\/wp-json\/wp\/v2\/posts\/4999\/revisions"}],"wp:featuredmedia":[{"embeddable":true,"href":"https:\/\/www.padreeustaquio.com.br\/es\/wp-json\/wp\/v2\/media\/5000"}],"wp:attachment":[{"href":"https:\/\/www.padreeustaquio.com.br\/es\/wp-json\/wp\/v2\/media?parent=4999"}],"wp:term":[{"taxonomy":"category","embeddable":true,"href":"https:\/\/www.padreeustaquio.com.br\/es\/wp-json\/wp\/v2\/categories?post=4999"},{"taxonomy":"post_tag","embeddable":true,"href":"https:\/\/www.padreeustaquio.com.br\/es\/wp-json\/wp\/v2\/tags?post=4999"}],"curies":[{"name":"wp","href":"https:\/\/api.w.org\/{rel}","templated":true}]}}