{"id":4987,"date":"2021-02-07T07:47:09","date_gmt":"2021-02-07T10:47:09","guid":{"rendered":"https:\/\/www.padreeustaquio.com.br\/?p=4987"},"modified":"2021-02-05T15:50:40","modified_gmt":"2021-02-05T18:50:40","slug":"nuncio-apostolico-en-brasil-es-recibido-por-la-presidencia-de-la-cnbb","status":"publish","type":"post","link":"https:\/\/www.padreeustaquio.com.br\/es\/nuncio-apostolico-en-brasil-es-recibido-por-la-presidencia-de-la-cnbb\/","title":{"rendered":"Nuncio Apost\u00f3lico en Brasil es recibido por la presidencia de la CNBB (Conferencia Nacional de Obispos Brasile\u00f1os)."},"content":{"rendered":"<p>Espa\u00f1ol El nuevo Nuncio Apost\u00f3lico en Brasil, Arzobispo Giambattista Diquattro, fue recibido durante una Misa en la Catedral Metropolitana de Brasilia (DF), que marc\u00f3 la recepci\u00f3n del nuevo representante de la Santa Sede por la comunidad eclesial de la capital de la naci\u00f3n, as\u00ed como por la Conferencia Nacional de Obispos de Brasil (CNBB). El Arzobispo Giambattista Diquattro tambi\u00e9n visit\u00f3 la sede de la CNBB. La Misa de bienvenida, presidida por el Nuncio Apost\u00f3lico el mi\u00e9rcoles 3 de febrero, reuni\u00f3 al presidente de la CNBB, Arzobispo Walmor Oliveira de Azevedo; al primer vicepresidente, Arzobispo Jaime Spengler; al secretario general, Monse\u00f1or Joel Portella; al presidente de la Regi\u00f3n Centro-Oeste, Arzobispo Waldemar Passini; al Arzobispo Castrense de Brasil, Arzobispo Fernando Guimar\u00e3es; al obispo electo para la Arquidi\u00f3cesis de Belo Horizonte, Monse\u00f1or J\u00falio C\u00e9sar Gomes; representantes del clero en Brasilia; y hombres y mujeres religiosos.<\/p>\n<p>\u201cEl salmo responsorial responde a la pregunta m\u00e1s profunda de estos \u00faltimos tiempos. Dios tiene compasi\u00f3n de sus hijos como un padre\u201d, comenz\u00f3 su homil\u00eda el arzobispo Giambattista. \u201cEl coraz\u00f3n de Dios se vuelve hacia nosotros\u201d. El Nuncio record\u00f3 que \u201cDios manifiesta su compasi\u00f3n por quienes le temen. Es decir, por quienes reconocen su grandeza y admiten su propia peque\u00f1ez. Nuestra peque\u00f1ez consiste en estar hechos de barro; la gracia consiste en que en este polvo, que somos nosotros, Dios insufl\u00f3 su Esp\u00edritu. Si vivimos por su gracia, vivimos por el Esp\u00edritu de Dios\u201d.<\/p>\n<p><strong>Bienvenido<\/strong><\/p>\n<p>Dom Walmor expres\u00f3 su alegr\u00eda por recibir a Dom Giambattista. \u201cEn su persona est\u00e1 la persona del Papa Francisco, quien lo env\u00eda como servidor de esta Nunciatura Apost\u00f3lica de gran importancia en la historia de la Iglesia en todo Brasil. Quiero expresarle nuestra amistad, respeto y colaboraci\u00f3n, y reafirmar nuestro gran compromiso con el Papa Francisco en este momento dif\u00edcil para toda la humanidad\u201d.\u201d<\/p>\n<p>El presidente de la CNBB (Conferencia Nacional de Obispos de Brasil) destac\u00f3 que la Conferencia, junto con la Nunciatura, desea &quot;ofrecer nuevas respuestas como Iglesia a la luz de los valores del Evangelio&quot;.<\/p>\n<p><strong><img fetchpriority=\"high\" decoding=\"async\" class=\"alignleft\" src=\"https:\/\/arquidiocesebh.org.br\/wp-content\/uploads\/2021\/02\/nuncio-apostolico-2-1024x768.jpg\" width=\"353\" height=\"265\" \/>Visita a la sede de la CNBB<\/strong><\/p>\n<p>Tras la misa, el arzobispo Giambattista visit\u00f3 la sede de la CNBB (Conferencia Nacional de Obispos Brasile\u00f1os), donde fue recibido por el presidente y los subsecretarios. Durante la visita, el Nuncio recorri\u00f3 toda la sede: la capilla, el auditorio, el centro de documentaci\u00f3n, las oficinas presidenciales y la editorial Edi\u00e7\u00f5es CNBB.<\/p>\n<p><strong>Fuente: Arquidi\u00f3cesis de Belo Horizonte<\/strong><\/p>","protected":false},"excerpt":{"rendered":"<p>O novo N\u00fancio Apost\u00f3lico no Brasil, dom Giambattista Diquattro, foi acolhido durante Missa na Catedral Metropolitana de Bras\u00edlia (DF), que marcou a recep\u00e7\u00e3o do novo representante da Santa S\u00e9 pela comunidade eclesial da capital do pa\u00eds, bem como pela Confer\u00eancia Nacional dos Bispos do Brasil (CNBB). Dom Giambattista Diquattro visitou tamb\u00e9m a sede da CNBB. A Missa de acolhida, presidida pelo N\u00fancio Apost\u00f3lico na quarta-feira, 3 de fevereiro, reuniu o presidente da CNBB, dom Walmor Oliveira de Azevedo, o primeiro vice-presidente, dom Jaime Spengler, o secret\u00e1rio-geral, dom Joel Portella; o presidente do Regional Centro-Oeste, dom Waldemar Passini; o arcebispo Militar [&hellip;]<\/p>\n","protected":false},"author":2,"featured_media":4988,"comment_status":"open","ping_status":"open","sticky":false,"template":"","format":"standard","meta":{"_acf_changed":false,"footnotes":""},"categories":[611],"tags":[],"class_list":["post-4987","post","type-post","status-publish","format-standard","has-post-thumbnail","hentry","category-noticias"],"acf":[],"yoast_head":"<!-- This site is optimized with the Yoast SEO plugin v27.2 - https:\/\/yoast.com\/product\/yoast-seo-wordpress\/ -->\n<title>N\u00fancio Apost\u00f3lico para o Brasil \u00e9 acolhido pela presid\u00eancia da CNBB - Padre Eust\u00e1quio<\/title>\n<meta name=\"robots\" content=\"index, follow, max-snippet:-1, max-image-preview:large, max-video-preview:-1\" \/>\n<link rel=\"canonical\" href=\"https:\/\/www.padreeustaquio.com.br\/es\/nuncio-apostolico-en-brasil-es-recibido-por-la-presidencia-de-la-cnbb\/\" \/>\n<meta property=\"og:locale\" content=\"es_ES\" \/>\n<meta property=\"og:type\" content=\"article\" \/>\n<meta property=\"og:title\" content=\"N\u00fancio Apost\u00f3lico para o Brasil \u00e9 acolhido pela presid\u00eancia da CNBB - Padre Eust\u00e1quio\" \/>\n<meta property=\"og:description\" content=\"O novo N\u00fancio Apost\u00f3lico no Brasil, dom Giambattista Diquattro, foi acolhido durante Missa na Catedral Metropolitana de Bras\u00edlia (DF), que marcou a recep\u00e7\u00e3o do novo representante da Santa S\u00e9 pela comunidade eclesial da capital do pa\u00eds, bem como pela Confer\u00eancia Nacional dos Bispos do Brasil (CNBB). Dom Giambattista Diquattro visitou tamb\u00e9m a sede da CNBB. A Missa de acolhida, presidida pelo N\u00fancio Apost\u00f3lico na quarta-feira, 3 de fevereiro, reuniu o presidente da CNBB, dom Walmor Oliveira de Azevedo, o primeiro vice-presidente, dom Jaime Spengler, o secret\u00e1rio-geral, dom Joel Portella; o presidente do Regional Centro-Oeste, dom Waldemar Passini; o arcebispo Militar [&hellip;]\" \/>\n<meta property=\"og:url\" content=\"https:\/\/www.padreeustaquio.com.br\/es\/nuncio-apostolico-en-brasil-es-recibido-por-la-presidencia-de-la-cnbb\/\" \/>\n<meta property=\"og:site_name\" content=\"Padre Eust\u00e1quio\" \/>\n<meta property=\"article:publisher\" content=\"https:\/\/www.facebook.com\/beatopadreeustaquio\/\" \/>\n<meta property=\"article:published_time\" content=\"2021-02-07T10:47:09+00:00\" \/>\n<meta property=\"og:image\" content=\"https:\/\/www.padreeustaquio.com.br\/wp-content\/uploads\/2021\/02\/nuncio-apostolico.jpg\" \/>\n\t<meta property=\"og:image:width\" content=\"1536\" \/>\n\t<meta property=\"og:image:height\" content=\"1024\" \/>\n\t<meta property=\"og:image:type\" content=\"image\/jpeg\" \/>\n<meta name=\"author\" content=\"@sscc\" \/>\n<meta name=\"twitter:card\" content=\"summary_large_image\" \/>\n<meta name=\"twitter:creator\" content=\"@beatopeustaquio\" \/>\n<meta name=\"twitter:site\" content=\"@beatopeustaquio\" \/>\n<meta name=\"twitter:label1\" content=\"Escrito por\" \/>\n\t<meta name=\"twitter:data1\" content=\"@sscc\" \/>\n\t<meta name=\"twitter:label2\" content=\"Tiempo de lectura\" \/>\n\t<meta name=\"twitter:data2\" content=\"2 minutos\" \/>\n<script type=\"application\/ld+json\" class=\"yoast-schema-graph\">{\"@context\":\"https:\/\/schema.org\",\"@graph\":[{\"@type\":\"Article\",\"@id\":\"https:\/\/www.padreeustaquio.com.br\/nuncio-apostolico-para-o-brasil-e-acolhido-pela-presidencia-da-cnbb\/#article\",\"isPartOf\":{\"@id\":\"https:\/\/www.padreeustaquio.com.br\/nuncio-apostolico-para-o-brasil-e-acolhido-pela-presidencia-da-cnbb\/\"},\"author\":{\"name\":\"@sscc\",\"@id\":\"https:\/\/www.padreeustaquio.com.br\/#\/schema\/person\/a2a51db1d00f1a7af0204a0f1ddb1566\"},\"headline\":\"N\u00fancio Apost\u00f3lico para o Brasil \u00e9 acolhido pela presid\u00eancia da CNBB\",\"datePublished\":\"2021-02-07T10:47:09+00:00\",\"mainEntityOfPage\":{\"@id\":\"https:\/\/www.padreeustaquio.com.br\/nuncio-apostolico-para-o-brasil-e-acolhido-pela-presidencia-da-cnbb\/\"},\"wordCount\":410,\"commentCount\":0,\"publisher\":{\"@id\":\"https:\/\/www.padreeustaquio.com.br\/#organization\"},\"image\":{\"@id\":\"https:\/\/www.padreeustaquio.com.br\/nuncio-apostolico-para-o-brasil-e-acolhido-pela-presidencia-da-cnbb\/#primaryimage\"},\"thumbnailUrl\":\"https:\/\/www.padreeustaquio.com.br\/wp-content\/uploads\/2021\/02\/nuncio-apostolico.jpg\",\"articleSection\":[\"Not\u00edcias\"],\"inLanguage\":\"es\",\"potentialAction\":[{\"@type\":\"CommentAction\",\"name\":\"Comment\",\"target\":[\"https:\/\/www.padreeustaquio.com.br\/nuncio-apostolico-para-o-brasil-e-acolhido-pela-presidencia-da-cnbb\/#respond\"]}]},{\"@type\":\"WebPage\",\"@id\":\"https:\/\/www.padreeustaquio.com.br\/nuncio-apostolico-para-o-brasil-e-acolhido-pela-presidencia-da-cnbb\/\",\"url\":\"https:\/\/www.padreeustaquio.com.br\/nuncio-apostolico-para-o-brasil-e-acolhido-pela-presidencia-da-cnbb\/\",\"name\":\"N\u00fancio Apost\u00f3lico para o Brasil \u00e9 acolhido pela presid\u00eancia da CNBB - Padre Eust\u00e1quio\",\"isPartOf\":{\"@id\":\"https:\/\/www.padreeustaquio.com.br\/#website\"},\"primaryImageOfPage\":{\"@id\":\"https:\/\/www.padreeustaquio.com.br\/nuncio-apostolico-para-o-brasil-e-acolhido-pela-presidencia-da-cnbb\/#primaryimage\"},\"image\":{\"@id\":\"https:\/\/www.padreeustaquio.com.br\/nuncio-apostolico-para-o-brasil-e-acolhido-pela-presidencia-da-cnbb\/#primaryimage\"},\"thumbnailUrl\":\"https:\/\/www.padreeustaquio.com.br\/wp-content\/uploads\/2021\/02\/nuncio-apostolico.jpg\",\"datePublished\":\"2021-02-07T10:47:09+00:00\",\"breadcrumb\":{\"@id\":\"https:\/\/www.padreeustaquio.com.br\/nuncio-apostolico-para-o-brasil-e-acolhido-pela-presidencia-da-cnbb\/#breadcrumb\"},\"inLanguage\":\"es\",\"potentialAction\":[{\"@type\":\"ReadAction\",\"target\":[\"https:\/\/www.padreeustaquio.com.br\/nuncio-apostolico-para-o-brasil-e-acolhido-pela-presidencia-da-cnbb\/\"]}]},{\"@type\":\"ImageObject\",\"inLanguage\":\"es\",\"@id\":\"https:\/\/www.padreeustaquio.com.br\/nuncio-apostolico-para-o-brasil-e-acolhido-pela-presidencia-da-cnbb\/#primaryimage\",\"url\":\"https:\/\/www.padreeustaquio.com.br\/wp-content\/uploads\/2021\/02\/nuncio-apostolico.jpg\",\"contentUrl\":\"https:\/\/www.padreeustaquio.com.br\/wp-content\/uploads\/2021\/02\/nuncio-apostolico.jpg\",\"width\":1536,\"height\":1024},{\"@type\":\"BreadcrumbList\",\"@id\":\"https:\/\/www.padreeustaquio.com.br\/nuncio-apostolico-para-o-brasil-e-acolhido-pela-presidencia-da-cnbb\/#breadcrumb\",\"itemListElement\":[{\"@type\":\"ListItem\",\"position\":1,\"name\":\"In\u00edcio\",\"item\":\"https:\/\/www.padreeustaquio.com.br\/\"},{\"@type\":\"ListItem\",\"position\":2,\"name\":\"N\u00fancio Apost\u00f3lico para o Brasil \u00e9 acolhido pela presid\u00eancia da CNBB\"}]},{\"@type\":\"WebSite\",\"@id\":\"https:\/\/www.padreeustaquio.com.br\/#website\",\"url\":\"https:\/\/www.padreeustaquio.com.br\/\",\"name\":\"Padre Eust\u00e1quio\",\"description\":\"Sa\u00fade e Paz\",\"publisher\":{\"@id\":\"https:\/\/www.padreeustaquio.com.br\/#organization\"},\"potentialAction\":[{\"@type\":\"SearchAction\",\"target\":{\"@type\":\"EntryPoint\",\"urlTemplate\":\"https:\/\/www.padreeustaquio.com.br\/?s={search_term_string}\"},\"query-input\":{\"@type\":\"PropertyValueSpecification\",\"valueRequired\":true,\"valueName\":\"search_term_string\"}}],\"inLanguage\":\"es\"},{\"@type\":\"Organization\",\"@id\":\"https:\/\/www.padreeustaquio.com.br\/#organization\",\"name\":\"Padre Eust\u00e1quio\",\"url\":\"https:\/\/www.padreeustaquio.com.br\/\",\"logo\":{\"@type\":\"ImageObject\",\"inLanguage\":\"es\",\"@id\":\"https:\/\/www.padreeustaquio.com.br\/#\/schema\/logo\/image\/\",\"url\":\"https:\/\/www.padreeustaquio.com.br\/wp-content\/uploads\/2019\/08\/marca.png\",\"contentUrl\":\"https:\/\/www.padreeustaquio.com.br\/wp-content\/uploads\/2019\/08\/marca.png\",\"width\":350,\"height\":400,\"caption\":\"Padre Eust\u00e1quio\"},\"image\":{\"@id\":\"https:\/\/www.padreeustaquio.com.br\/#\/schema\/logo\/image\/\"},\"sameAs\":[\"https:\/\/www.facebook.com\/beatopadreeustaquio\/\",\"https:\/\/x.com\/beatopeustaquio\",\"https:\/\/www.instagram.com\/beatopadreeustaquio\/\",\"https:\/\/www.youtube.com\/channel\/UCRhw7vfabnajwLxb1ZXMeIw\"]},{\"@type\":\"Person\",\"@id\":\"https:\/\/www.padreeustaquio.com.br\/#\/schema\/person\/a2a51db1d00f1a7af0204a0f1ddb1566\",\"name\":\"@sscc\",\"image\":{\"@type\":\"ImageObject\",\"inLanguage\":\"es\",\"@id\":\"https:\/\/secure.gravatar.com\/avatar\/68cfafa5f44617fea54071e215026e0ff06be366c3d54a8425f04fdcb86f8c5f?s=96&d=mm&r=g\",\"url\":\"https:\/\/secure.gravatar.com\/avatar\/68cfafa5f44617fea54071e215026e0ff06be366c3d54a8425f04fdcb86f8c5f?s=96&d=mm&r=g\",\"contentUrl\":\"https:\/\/secure.gravatar.com\/avatar\/68cfafa5f44617fea54071e215026e0ff06be366c3d54a8425f04fdcb86f8c5f?s=96&d=mm&r=g\",\"caption\":\"@sscc\"},\"url\":\"https:\/\/www.padreeustaquio.com.br\/es\/author\/sscc\/\"}]}<\/script>\n<!-- \/ Yoast SEO plugin. -->","yoast_head_json":{"title":"Nuncio Apost\u00f3lico en Brasil es recibido por la presidencia de la CNBB - Padre Eust\u00e1quio","robots":{"index":"index","follow":"follow","max-snippet":"max-snippet:-1","max-image-preview":"max-image-preview:large","max-video-preview":"max-video-preview:-1"},"canonical":"https:\/\/www.padreeustaquio.com.br\/es\/nuncio-apostolico-en-brasil-es-recibido-por-la-presidencia-de-la-cnbb\/","og_locale":"es_ES","og_type":"article","og_title":"N\u00fancio Apost\u00f3lico para o Brasil \u00e9 acolhido pela presid\u00eancia da CNBB - Padre Eust\u00e1quio","og_description":"O novo N\u00fancio Apost\u00f3lico no Brasil, dom Giambattista Diquattro, foi acolhido durante Missa na Catedral Metropolitana de Bras\u00edlia (DF), que marcou a recep\u00e7\u00e3o do novo representante da Santa S\u00e9 pela comunidade eclesial da capital do pa\u00eds, bem como pela Confer\u00eancia Nacional dos Bispos do Brasil (CNBB). Dom Giambattista Diquattro visitou tamb\u00e9m a sede da CNBB. A Missa de acolhida, presidida pelo N\u00fancio Apost\u00f3lico na quarta-feira, 3 de fevereiro, reuniu o presidente da CNBB, dom Walmor Oliveira de Azevedo, o primeiro vice-presidente, dom Jaime Spengler, o secret\u00e1rio-geral, dom Joel Portella; o presidente do Regional Centro-Oeste, dom Waldemar Passini; o arcebispo Militar [&hellip;]","og_url":"https:\/\/www.padreeustaquio.com.br\/es\/nuncio-apostolico-en-brasil-es-recibido-por-la-presidencia-de-la-cnbb\/","og_site_name":"Padre Eust\u00e1quio","article_publisher":"https:\/\/www.facebook.com\/beatopadreeustaquio\/","article_published_time":"2021-02-07T10:47:09+00:00","og_image":[{"width":1536,"height":1024,"url":"https:\/\/www.padreeustaquio.com.br\/wp-content\/uploads\/2021\/02\/nuncio-apostolico.jpg","type":"image\/jpeg"}],"author":"@sscc","twitter_card":"summary_large_image","twitter_creator":"@beatopeustaquio","twitter_site":"@beatopeustaquio","twitter_misc":{"Escrito por":"@sscc","Tiempo de lectura":"2 minutos"},"schema":{"@context":"https:\/\/schema.org","@graph":[{"@type":"Article","@id":"https:\/\/www.padreeustaquio.com.br\/nuncio-apostolico-para-o-brasil-e-acolhido-pela-presidencia-da-cnbb\/#article","isPartOf":{"@id":"https:\/\/www.padreeustaquio.com.br\/nuncio-apostolico-para-o-brasil-e-acolhido-pela-presidencia-da-cnbb\/"},"author":{"name":"@sscc","@id":"https:\/\/www.padreeustaquio.com.br\/#\/schema\/person\/a2a51db1d00f1a7af0204a0f1ddb1566"},"headline":"N\u00fancio Apost\u00f3lico para o Brasil \u00e9 acolhido pela presid\u00eancia da CNBB","datePublished":"2021-02-07T10:47:09+00:00","mainEntityOfPage":{"@id":"https:\/\/www.padreeustaquio.com.br\/nuncio-apostolico-para-o-brasil-e-acolhido-pela-presidencia-da-cnbb\/"},"wordCount":410,"commentCount":0,"publisher":{"@id":"https:\/\/www.padreeustaquio.com.br\/#organization"},"image":{"@id":"https:\/\/www.padreeustaquio.com.br\/nuncio-apostolico-para-o-brasil-e-acolhido-pela-presidencia-da-cnbb\/#primaryimage"},"thumbnailUrl":"https:\/\/www.padreeustaquio.com.br\/wp-content\/uploads\/2021\/02\/nuncio-apostolico.jpg","articleSection":["Not\u00edcias"],"inLanguage":"es","potentialAction":[{"@type":"CommentAction","name":"Comment","target":["https:\/\/www.padreeustaquio.com.br\/nuncio-apostolico-para-o-brasil-e-acolhido-pela-presidencia-da-cnbb\/#respond"]}]},{"@type":"WebPage","@id":"https:\/\/www.padreeustaquio.com.br\/nuncio-apostolico-para-o-brasil-e-acolhido-pela-presidencia-da-cnbb\/","url":"https:\/\/www.padreeustaquio.com.br\/nuncio-apostolico-para-o-brasil-e-acolhido-pela-presidencia-da-cnbb\/","name":"Nuncio Apost\u00f3lico en Brasil es recibido por la presidencia de la CNBB - Padre Eust\u00e1quio","isPartOf":{"@id":"https:\/\/www.padreeustaquio.com.br\/#website"},"primaryImageOfPage":{"@id":"https:\/\/www.padreeustaquio.com.br\/nuncio-apostolico-para-o-brasil-e-acolhido-pela-presidencia-da-cnbb\/#primaryimage"},"image":{"@id":"https:\/\/www.padreeustaquio.com.br\/nuncio-apostolico-para-o-brasil-e-acolhido-pela-presidencia-da-cnbb\/#primaryimage"},"thumbnailUrl":"https:\/\/www.padreeustaquio.com.br\/wp-content\/uploads\/2021\/02\/nuncio-apostolico.jpg","datePublished":"2021-02-07T10:47:09+00:00","breadcrumb":{"@id":"https:\/\/www.padreeustaquio.com.br\/nuncio-apostolico-para-o-brasil-e-acolhido-pela-presidencia-da-cnbb\/#breadcrumb"},"inLanguage":"es","potentialAction":[{"@type":"ReadAction","target":["https:\/\/www.padreeustaquio.com.br\/nuncio-apostolico-para-o-brasil-e-acolhido-pela-presidencia-da-cnbb\/"]}]},{"@type":"ImageObject","inLanguage":"es","@id":"https:\/\/www.padreeustaquio.com.br\/nuncio-apostolico-para-o-brasil-e-acolhido-pela-presidencia-da-cnbb\/#primaryimage","url":"https:\/\/www.padreeustaquio.com.br\/wp-content\/uploads\/2021\/02\/nuncio-apostolico.jpg","contentUrl":"https:\/\/www.padreeustaquio.com.br\/wp-content\/uploads\/2021\/02\/nuncio-apostolico.jpg","width":1536,"height":1024},{"@type":"BreadcrumbList","@id":"https:\/\/www.padreeustaquio.com.br\/nuncio-apostolico-para-o-brasil-e-acolhido-pela-presidencia-da-cnbb\/#breadcrumb","itemListElement":[{"@type":"ListItem","position":1,"name":"In\u00edcio","item":"https:\/\/www.padreeustaquio.com.br\/"},{"@type":"ListItem","position":2,"name":"N\u00fancio Apost\u00f3lico para o Brasil \u00e9 acolhido pela presid\u00eancia da CNBB"}]},{"@type":"WebSite","@id":"https:\/\/www.padreeustaquio.com.br\/#website","url":"https:\/\/www.padreeustaquio.com.br\/","name":"Padre Eustace","description":"Salud y Paz","publisher":{"@id":"https:\/\/www.padreeustaquio.com.br\/#organization"},"potentialAction":[{"@type":"SearchAction","target":{"@type":"EntryPoint","urlTemplate":"https:\/\/www.padreeustaquio.com.br\/?s={search_term_string}"},"query-input":{"@type":"PropertyValueSpecification","valueRequired":true,"valueName":"search_term_string"}}],"inLanguage":"es"},{"@type":"Organization","@id":"https:\/\/www.padreeustaquio.com.br\/#organization","name":"Padre Eustace","url":"https:\/\/www.padreeustaquio.com.br\/","logo":{"@type":"ImageObject","inLanguage":"es","@id":"https:\/\/www.padreeustaquio.com.br\/#\/schema\/logo\/image\/","url":"https:\/\/www.padreeustaquio.com.br\/wp-content\/uploads\/2019\/08\/marca.png","contentUrl":"https:\/\/www.padreeustaquio.com.br\/wp-content\/uploads\/2019\/08\/marca.png","width":350,"height":400,"caption":"Padre Eust\u00e1quio"},"image":{"@id":"https:\/\/www.padreeustaquio.com.br\/#\/schema\/logo\/image\/"},"sameAs":["https:\/\/www.facebook.com\/beatopadreeustaquio\/","https:\/\/x.com\/beatopeustaquio","https:\/\/www.instagram.com\/beatopadreeustaquio\/","https:\/\/www.youtube.com\/channel\/UCRhw7vfabnajwLxb1ZXMeIw"]},{"@type":"Person","@id":"https:\/\/www.padreeustaquio.com.br\/#\/schema\/person\/a2a51db1d00f1a7af0204a0f1ddb1566","name":"@sscc","image":{"@type":"ImageObject","inLanguage":"es","@id":"https:\/\/secure.gravatar.com\/avatar\/68cfafa5f44617fea54071e215026e0ff06be366c3d54a8425f04fdcb86f8c5f?s=96&d=mm&r=g","url":"https:\/\/secure.gravatar.com\/avatar\/68cfafa5f44617fea54071e215026e0ff06be366c3d54a8425f04fdcb86f8c5f?s=96&d=mm&r=g","contentUrl":"https:\/\/secure.gravatar.com\/avatar\/68cfafa5f44617fea54071e215026e0ff06be366c3d54a8425f04fdcb86f8c5f?s=96&d=mm&r=g","caption":"@sscc"},"url":"https:\/\/www.padreeustaquio.com.br\/es\/author\/sscc\/"}]}},"_links":{"self":[{"href":"https:\/\/www.padreeustaquio.com.br\/es\/wp-json\/wp\/v2\/posts\/4987","targetHints":{"allow":["GET"]}}],"collection":[{"href":"https:\/\/www.padreeustaquio.com.br\/es\/wp-json\/wp\/v2\/posts"}],"about":[{"href":"https:\/\/www.padreeustaquio.com.br\/es\/wp-json\/wp\/v2\/types\/post"}],"author":[{"embeddable":true,"href":"https:\/\/www.padreeustaquio.com.br\/es\/wp-json\/wp\/v2\/users\/2"}],"replies":[{"embeddable":true,"href":"https:\/\/www.padreeustaquio.com.br\/es\/wp-json\/wp\/v2\/comments?post=4987"}],"version-history":[{"count":0,"href":"https:\/\/www.padreeustaquio.com.br\/es\/wp-json\/wp\/v2\/posts\/4987\/revisions"}],"wp:featuredmedia":[{"embeddable":true,"href":"https:\/\/www.padreeustaquio.com.br\/es\/wp-json\/wp\/v2\/media\/4988"}],"wp:attachment":[{"href":"https:\/\/www.padreeustaquio.com.br\/es\/wp-json\/wp\/v2\/media?parent=4987"}],"wp:term":[{"taxonomy":"category","embeddable":true,"href":"https:\/\/www.padreeustaquio.com.br\/es\/wp-json\/wp\/v2\/categories?post=4987"},{"taxonomy":"post_tag","embeddable":true,"href":"https:\/\/www.padreeustaquio.com.br\/es\/wp-json\/wp\/v2\/tags?post=4987"}],"curies":[{"name":"wp","href":"https:\/\/api.w.org\/{rel}","templated":true}]}}