{"id":4982,"date":"2021-02-06T08:18:36","date_gmt":"2021-02-06T11:18:36","guid":{"rendered":"https:\/\/www.padreeustaquio.com.br\/?p=4982"},"modified":"2021-02-04T21:33:05","modified_gmt":"2021-02-05T00:33:05","slug":"las-reparaciones-de-emergencia-en-el-museo-padre-eustaquio-en-porto-alegre-sp-comenzaran-la-proxima-semana","status":"publish","type":"post","link":"https:\/\/www.padreeustaquio.com.br\/es\/las-reparaciones-de-emergencia-en-el-museo-padre-eustaquio-en-porto-alegre-sp-comenzaran-la-proxima-semana\/","title":{"rendered":"Las reparaciones de emergencia en el Museo Padre Eust\u00e1quio en Po\u00e1, S\u00e3o Paulo, comenzar\u00e1n la pr\u00f3xima semana."},"content":{"rendered":"<p data-adtags-visited=\"true\">El Museo Padre Eust\u00e1quio, en Po\u00e1, en el \u00e1rea metropolitana de S\u00e3o Paulo, iniciar\u00e1 reparaciones de emergencia en el techo del edificio para detener goteras y filtraciones. Esta medida es necesaria debido a las recientes lluvias, que han empeorado el estado de las salas que albergan la colecci\u00f3n del museo.<\/p>\n<p data-adtags-visited=\"true\">Todos los servicios ser\u00e1n prestados por una empresa especializada, contratada con fondos p\u00fablicos resultantes de la aprobaci\u00f3n de un proyecto presentado a la Secretar\u00eda Municipal de Cultura, Deportes y Turismo de Po\u00e1 para la recepci\u00f3n de ayuda cultural de emergencia, mediante la Ley Federal N.\u00b0 14.017 \u2013 Ley Aldir Blanc \u2013 art\u00edculo II. Este recurso ser\u00e1 fundamental para el mantenimiento de la colecci\u00f3n del primer vicario de Po\u00e1. El Museo Padre Eust\u00e1quio recibi\u00f3 R$ 6.000 para este fin.<\/p>\n<p data-adtags-visited=\"true\">Los fondos fueron depositados a finales de diciembre del a\u00f1o pasado por la Municipalidad de Po\u00e1 y forman parte del Fondo Municipal de Cultura. En enero y principios de febrero, se consult\u00f3 a varias empresas para realizar una inspecci\u00f3n t\u00e9cnica del terreno con el fin de identificar problemas en la cubierta del edificio, el estado de las tejas, los listones, las tejas de cumbrera, los canalones y los cielorrasos, la necesidad de reemplazar el material da\u00f1ado, la impermeabilizaci\u00f3n de la losa de entrada del edificio y la elaboraci\u00f3n de presupuestos (v\u00e9ase la secci\u00f3n...).\u00a0<a href=\"https:\/\/museupadreeustaquio.wordpress.com\/transparencia\/\">Transparencia<\/a>\u00a0(en el sitio web del Museo). Las obras de reparaci\u00f3n comenzar\u00e1n esta semana. El acceso al p\u00fablico permanece suspendido debido a la pandemia.<\/p>\n<p data-adtags-visited=\"true\">Sigue el avance de las obras en las redes sociales del Museo:\u00a0<a id=\"js_7\" class=\"_2wmb\" style=\"font-size: 1.21429rem;\" href=\"https:\/\/pt-br.facebook.com\/museupadreeustaquiopoa#\" data-hover=\"tooltip\">@museupadreeustaquiopoa<\/a><\/p>\n<p data-adtags-visited=\"true\">Fuente: Museo Padre Eust\u00e1quio, Po\u00e1 <em>(museupadreeustaquio.wordpress.com)<\/em><\/p>","protected":false},"excerpt":{"rendered":"<p>O Museu Padre Eust\u00e1quio, em Po\u00e1, na grande S\u00e3o Paulo, iniciar\u00e1 um reparo emergencial na cobertura do pr\u00e9dio para conter vazamentos e infiltra\u00e7\u00f5es. A medida se faz necess\u00e1ria devido \u00e0s chuvas dos \u00faltimos meses que t\u00eam agravado a situa\u00e7\u00e3o das salas que abrigam o acervo do espa\u00e7o. Todos os servi\u00e7os ser\u00e3o executados por uma empresa especializada, contratada com recursos p\u00fablicos, resultantes da aprova\u00e7\u00e3o de projeto enviado \u00e0 Secretaria Municipal de Cultura, Esportes e Turismo de Po\u00e1 para recebimento de aux\u00edlio emergencial da cultura, por meio da Lei Federal n\u00ba 14.017 \u2013 Lei Aldir Blanc \u2013 inciso II. Este recurso ser\u00e1 [&hellip;]<\/p>\n","protected":false},"author":2,"featured_media":4983,"comment_status":"open","ping_status":"open","sticky":false,"template":"","format":"standard","meta":{"_acf_changed":false,"footnotes":""},"categories":[611],"tags":[],"class_list":["post-4982","post","type-post","status-publish","format-standard","has-post-thumbnail","hentry","category-noticias"],"acf":[],"yoast_head":"<!-- This site is optimized with the Yoast SEO plugin v27.2 - https:\/\/yoast.com\/product\/yoast-seo-wordpress\/ -->\n<title>Obras emergenciais no Museu Padre Eust\u00e1quio de Po\u00e1-SP come\u00e7am na pr\u00f3xima semana - Padre Eust\u00e1quio<\/title>\n<meta name=\"robots\" content=\"index, follow, max-snippet:-1, max-image-preview:large, max-video-preview:-1\" \/>\n<link rel=\"canonical\" href=\"https:\/\/www.padreeustaquio.com.br\/es\/las-reparaciones-de-emergencia-en-el-museo-padre-eustaquio-en-porto-alegre-sp-comenzaran-la-proxima-semana\/\" \/>\n<meta property=\"og:locale\" content=\"es_ES\" \/>\n<meta property=\"og:type\" content=\"article\" \/>\n<meta property=\"og:title\" content=\"Obras emergenciais no Museu Padre Eust\u00e1quio de Po\u00e1-SP come\u00e7am na pr\u00f3xima semana - Padre Eust\u00e1quio\" \/>\n<meta property=\"og:description\" content=\"O Museu Padre Eust\u00e1quio, em Po\u00e1, na grande S\u00e3o Paulo, iniciar\u00e1 um reparo emergencial na cobertura do pr\u00e9dio para conter vazamentos e infiltra\u00e7\u00f5es. A medida se faz necess\u00e1ria devido \u00e0s chuvas dos \u00faltimos meses que t\u00eam agravado a situa\u00e7\u00e3o das salas que abrigam o acervo do espa\u00e7o. Todos os servi\u00e7os ser\u00e3o executados por uma empresa especializada, contratada com recursos p\u00fablicos, resultantes da aprova\u00e7\u00e3o de projeto enviado \u00e0 Secretaria Municipal de Cultura, Esportes e Turismo de Po\u00e1 para recebimento de aux\u00edlio emergencial da cultura, por meio da Lei Federal n\u00ba 14.017 \u2013 Lei Aldir Blanc \u2013 inciso II. Este recurso ser\u00e1 [&hellip;]\" \/>\n<meta property=\"og:url\" content=\"https:\/\/www.padreeustaquio.com.br\/es\/las-reparaciones-de-emergencia-en-el-museo-padre-eustaquio-en-porto-alegre-sp-comenzaran-la-proxima-semana\/\" \/>\n<meta property=\"og:site_name\" content=\"Padre Eust\u00e1quio\" \/>\n<meta property=\"article:publisher\" content=\"https:\/\/www.facebook.com\/beatopadreeustaquio\/\" \/>\n<meta property=\"article:published_time\" content=\"2021-02-06T11:18:36+00:00\" \/>\n<meta property=\"og:image\" content=\"https:\/\/www.padreeustaquio.com.br\/wp-content\/uploads\/2021\/02\/telhado-museu-pe-poa.jpg\" \/>\n\t<meta property=\"og:image:width\" content=\"748\" \/>\n\t<meta property=\"og:image:height\" content=\"394\" \/>\n\t<meta property=\"og:image:type\" content=\"image\/jpeg\" \/>\n<meta name=\"author\" content=\"@sscc\" \/>\n<meta name=\"twitter:card\" content=\"summary_large_image\" \/>\n<meta name=\"twitter:creator\" content=\"@beatopeustaquio\" \/>\n<meta name=\"twitter:site\" content=\"@beatopeustaquio\" \/>\n<meta name=\"twitter:label1\" content=\"Escrito por\" \/>\n\t<meta name=\"twitter:data1\" content=\"@sscc\" \/>\n\t<meta name=\"twitter:label2\" content=\"Tiempo de lectura\" \/>\n\t<meta name=\"twitter:data2\" content=\"1 minuto\" \/>\n<script type=\"application\/ld+json\" class=\"yoast-schema-graph\">{\"@context\":\"https:\/\/schema.org\",\"@graph\":[{\"@type\":\"Article\",\"@id\":\"https:\/\/www.padreeustaquio.com.br\/obras-emergenciais-no-museu-padre-eustaquio-de-poa-sp-comecam-na-proxima-semana\/#article\",\"isPartOf\":{\"@id\":\"https:\/\/www.padreeustaquio.com.br\/obras-emergenciais-no-museu-padre-eustaquio-de-poa-sp-comecam-na-proxima-semana\/\"},\"author\":{\"name\":\"@sscc\",\"@id\":\"https:\/\/www.padreeustaquio.com.br\/#\/schema\/person\/a2a51db1d00f1a7af0204a0f1ddb1566\"},\"headline\":\"Obras emergenciais no Museu Padre Eust\u00e1quio de Po\u00e1-SP come\u00e7am na pr\u00f3xima semana\",\"datePublished\":\"2021-02-06T11:18:36+00:00\",\"mainEntityOfPage\":{\"@id\":\"https:\/\/www.padreeustaquio.com.br\/obras-emergenciais-no-museu-padre-eustaquio-de-poa-sp-comecam-na-proxima-semana\/\"},\"wordCount\":283,\"commentCount\":0,\"publisher\":{\"@id\":\"https:\/\/www.padreeustaquio.com.br\/#organization\"},\"image\":{\"@id\":\"https:\/\/www.padreeustaquio.com.br\/obras-emergenciais-no-museu-padre-eustaquio-de-poa-sp-comecam-na-proxima-semana\/#primaryimage\"},\"thumbnailUrl\":\"https:\/\/www.padreeustaquio.com.br\/wp-content\/uploads\/2021\/02\/telhado-museu-pe-poa.jpg\",\"articleSection\":[\"Not\u00edcias\"],\"inLanguage\":\"es\",\"potentialAction\":[{\"@type\":\"CommentAction\",\"name\":\"Comment\",\"target\":[\"https:\/\/www.padreeustaquio.com.br\/obras-emergenciais-no-museu-padre-eustaquio-de-poa-sp-comecam-na-proxima-semana\/#respond\"]}]},{\"@type\":\"WebPage\",\"@id\":\"https:\/\/www.padreeustaquio.com.br\/obras-emergenciais-no-museu-padre-eustaquio-de-poa-sp-comecam-na-proxima-semana\/\",\"url\":\"https:\/\/www.padreeustaquio.com.br\/obras-emergenciais-no-museu-padre-eustaquio-de-poa-sp-comecam-na-proxima-semana\/\",\"name\":\"Obras emergenciais no Museu Padre Eust\u00e1quio de Po\u00e1-SP come\u00e7am na pr\u00f3xima semana - Padre Eust\u00e1quio\",\"isPartOf\":{\"@id\":\"https:\/\/www.padreeustaquio.com.br\/#website\"},\"primaryImageOfPage\":{\"@id\":\"https:\/\/www.padreeustaquio.com.br\/obras-emergenciais-no-museu-padre-eustaquio-de-poa-sp-comecam-na-proxima-semana\/#primaryimage\"},\"image\":{\"@id\":\"https:\/\/www.padreeustaquio.com.br\/obras-emergenciais-no-museu-padre-eustaquio-de-poa-sp-comecam-na-proxima-semana\/#primaryimage\"},\"thumbnailUrl\":\"https:\/\/www.padreeustaquio.com.br\/wp-content\/uploads\/2021\/02\/telhado-museu-pe-poa.jpg\",\"datePublished\":\"2021-02-06T11:18:36+00:00\",\"breadcrumb\":{\"@id\":\"https:\/\/www.padreeustaquio.com.br\/obras-emergenciais-no-museu-padre-eustaquio-de-poa-sp-comecam-na-proxima-semana\/#breadcrumb\"},\"inLanguage\":\"es\",\"potentialAction\":[{\"@type\":\"ReadAction\",\"target\":[\"https:\/\/www.padreeustaquio.com.br\/obras-emergenciais-no-museu-padre-eustaquio-de-poa-sp-comecam-na-proxima-semana\/\"]}]},{\"@type\":\"ImageObject\",\"inLanguage\":\"es\",\"@id\":\"https:\/\/www.padreeustaquio.com.br\/obras-emergenciais-no-museu-padre-eustaquio-de-poa-sp-comecam-na-proxima-semana\/#primaryimage\",\"url\":\"https:\/\/www.padreeustaquio.com.br\/wp-content\/uploads\/2021\/02\/telhado-museu-pe-poa.jpg\",\"contentUrl\":\"https:\/\/www.padreeustaquio.com.br\/wp-content\/uploads\/2021\/02\/telhado-museu-pe-poa.jpg\",\"width\":748,\"height\":394,\"caption\":\"Parte do telhado do museu que vai receber as obras emergenciais\"},{\"@type\":\"BreadcrumbList\",\"@id\":\"https:\/\/www.padreeustaquio.com.br\/obras-emergenciais-no-museu-padre-eustaquio-de-poa-sp-comecam-na-proxima-semana\/#breadcrumb\",\"itemListElement\":[{\"@type\":\"ListItem\",\"position\":1,\"name\":\"In\u00edcio\",\"item\":\"https:\/\/www.padreeustaquio.com.br\/\"},{\"@type\":\"ListItem\",\"position\":2,\"name\":\"Obras emergenciais no Museu Padre Eust\u00e1quio de Po\u00e1-SP come\u00e7am na pr\u00f3xima semana\"}]},{\"@type\":\"WebSite\",\"@id\":\"https:\/\/www.padreeustaquio.com.br\/#website\",\"url\":\"https:\/\/www.padreeustaquio.com.br\/\",\"name\":\"Padre Eust\u00e1quio\",\"description\":\"Sa\u00fade e Paz\",\"publisher\":{\"@id\":\"https:\/\/www.padreeustaquio.com.br\/#organization\"},\"potentialAction\":[{\"@type\":\"SearchAction\",\"target\":{\"@type\":\"EntryPoint\",\"urlTemplate\":\"https:\/\/www.padreeustaquio.com.br\/?s={search_term_string}\"},\"query-input\":{\"@type\":\"PropertyValueSpecification\",\"valueRequired\":true,\"valueName\":\"search_term_string\"}}],\"inLanguage\":\"es\"},{\"@type\":\"Organization\",\"@id\":\"https:\/\/www.padreeustaquio.com.br\/#organization\",\"name\":\"Padre Eust\u00e1quio\",\"url\":\"https:\/\/www.padreeustaquio.com.br\/\",\"logo\":{\"@type\":\"ImageObject\",\"inLanguage\":\"es\",\"@id\":\"https:\/\/www.padreeustaquio.com.br\/#\/schema\/logo\/image\/\",\"url\":\"https:\/\/www.padreeustaquio.com.br\/wp-content\/uploads\/2019\/08\/marca.png\",\"contentUrl\":\"https:\/\/www.padreeustaquio.com.br\/wp-content\/uploads\/2019\/08\/marca.png\",\"width\":350,\"height\":400,\"caption\":\"Padre Eust\u00e1quio\"},\"image\":{\"@id\":\"https:\/\/www.padreeustaquio.com.br\/#\/schema\/logo\/image\/\"},\"sameAs\":[\"https:\/\/www.facebook.com\/beatopadreeustaquio\/\",\"https:\/\/x.com\/beatopeustaquio\",\"https:\/\/www.instagram.com\/beatopadreeustaquio\/\",\"https:\/\/www.youtube.com\/channel\/UCRhw7vfabnajwLxb1ZXMeIw\"]},{\"@type\":\"Person\",\"@id\":\"https:\/\/www.padreeustaquio.com.br\/#\/schema\/person\/a2a51db1d00f1a7af0204a0f1ddb1566\",\"name\":\"@sscc\",\"image\":{\"@type\":\"ImageObject\",\"inLanguage\":\"es\",\"@id\":\"https:\/\/secure.gravatar.com\/avatar\/68cfafa5f44617fea54071e215026e0ff06be366c3d54a8425f04fdcb86f8c5f?s=96&d=mm&r=g\",\"url\":\"https:\/\/secure.gravatar.com\/avatar\/68cfafa5f44617fea54071e215026e0ff06be366c3d54a8425f04fdcb86f8c5f?s=96&d=mm&r=g\",\"contentUrl\":\"https:\/\/secure.gravatar.com\/avatar\/68cfafa5f44617fea54071e215026e0ff06be366c3d54a8425f04fdcb86f8c5f?s=96&d=mm&r=g\",\"caption\":\"@sscc\"},\"url\":\"https:\/\/www.padreeustaquio.com.br\/es\/author\/sscc\/\"}]}<\/script>\n<!-- \/ Yoast SEO plugin. -->","yoast_head_json":{"title":"Las reparaciones de emergencia en el Museo Padre Eust\u00e1quio en Po\u00e1, S\u00e3o Paulo, comenzar\u00e1n la pr\u00f3xima semana.","robots":{"index":"index","follow":"follow","max-snippet":"max-snippet:-1","max-image-preview":"max-image-preview:large","max-video-preview":"max-video-preview:-1"},"canonical":"https:\/\/www.padreeustaquio.com.br\/es\/las-reparaciones-de-emergencia-en-el-museo-padre-eustaquio-en-porto-alegre-sp-comenzaran-la-proxima-semana\/","og_locale":"es_ES","og_type":"article","og_title":"Obras emergenciais no Museu Padre Eust\u00e1quio de Po\u00e1-SP come\u00e7am na pr\u00f3xima semana - Padre Eust\u00e1quio","og_description":"O Museu Padre Eust\u00e1quio, em Po\u00e1, na grande S\u00e3o Paulo, iniciar\u00e1 um reparo emergencial na cobertura do pr\u00e9dio para conter vazamentos e infiltra\u00e7\u00f5es. A medida se faz necess\u00e1ria devido \u00e0s chuvas dos \u00faltimos meses que t\u00eam agravado a situa\u00e7\u00e3o das salas que abrigam o acervo do espa\u00e7o. Todos os servi\u00e7os ser\u00e3o executados por uma empresa especializada, contratada com recursos p\u00fablicos, resultantes da aprova\u00e7\u00e3o de projeto enviado \u00e0 Secretaria Municipal de Cultura, Esportes e Turismo de Po\u00e1 para recebimento de aux\u00edlio emergencial da cultura, por meio da Lei Federal n\u00ba 14.017 \u2013 Lei Aldir Blanc \u2013 inciso II. Este recurso ser\u00e1 [&hellip;]","og_url":"https:\/\/www.padreeustaquio.com.br\/es\/las-reparaciones-de-emergencia-en-el-museo-padre-eustaquio-en-porto-alegre-sp-comenzaran-la-proxima-semana\/","og_site_name":"Padre Eust\u00e1quio","article_publisher":"https:\/\/www.facebook.com\/beatopadreeustaquio\/","article_published_time":"2021-02-06T11:18:36+00:00","og_image":[{"width":748,"height":394,"url":"https:\/\/www.padreeustaquio.com.br\/wp-content\/uploads\/2021\/02\/telhado-museu-pe-poa.jpg","type":"image\/jpeg"}],"author":"@sscc","twitter_card":"summary_large_image","twitter_creator":"@beatopeustaquio","twitter_site":"@beatopeustaquio","twitter_misc":{"Escrito por":"@sscc","Tiempo de lectura":"1 minuto"},"schema":{"@context":"https:\/\/schema.org","@graph":[{"@type":"Article","@id":"https:\/\/www.padreeustaquio.com.br\/obras-emergenciais-no-museu-padre-eustaquio-de-poa-sp-comecam-na-proxima-semana\/#article","isPartOf":{"@id":"https:\/\/www.padreeustaquio.com.br\/obras-emergenciais-no-museu-padre-eustaquio-de-poa-sp-comecam-na-proxima-semana\/"},"author":{"name":"@sscc","@id":"https:\/\/www.padreeustaquio.com.br\/#\/schema\/person\/a2a51db1d00f1a7af0204a0f1ddb1566"},"headline":"Obras emergenciais no Museu Padre Eust\u00e1quio de Po\u00e1-SP come\u00e7am na pr\u00f3xima semana","datePublished":"2021-02-06T11:18:36+00:00","mainEntityOfPage":{"@id":"https:\/\/www.padreeustaquio.com.br\/obras-emergenciais-no-museu-padre-eustaquio-de-poa-sp-comecam-na-proxima-semana\/"},"wordCount":283,"commentCount":0,"publisher":{"@id":"https:\/\/www.padreeustaquio.com.br\/#organization"},"image":{"@id":"https:\/\/www.padreeustaquio.com.br\/obras-emergenciais-no-museu-padre-eustaquio-de-poa-sp-comecam-na-proxima-semana\/#primaryimage"},"thumbnailUrl":"https:\/\/www.padreeustaquio.com.br\/wp-content\/uploads\/2021\/02\/telhado-museu-pe-poa.jpg","articleSection":["Not\u00edcias"],"inLanguage":"es","potentialAction":[{"@type":"CommentAction","name":"Comment","target":["https:\/\/www.padreeustaquio.com.br\/obras-emergenciais-no-museu-padre-eustaquio-de-poa-sp-comecam-na-proxima-semana\/#respond"]}]},{"@type":"WebPage","@id":"https:\/\/www.padreeustaquio.com.br\/obras-emergenciais-no-museu-padre-eustaquio-de-poa-sp-comecam-na-proxima-semana\/","url":"https:\/\/www.padreeustaquio.com.br\/obras-emergenciais-no-museu-padre-eustaquio-de-poa-sp-comecam-na-proxima-semana\/","name":"Las reparaciones de emergencia en el Museo Padre Eust\u00e1quio en Po\u00e1, S\u00e3o Paulo, comenzar\u00e1n la pr\u00f3xima semana.","isPartOf":{"@id":"https:\/\/www.padreeustaquio.com.br\/#website"},"primaryImageOfPage":{"@id":"https:\/\/www.padreeustaquio.com.br\/obras-emergenciais-no-museu-padre-eustaquio-de-poa-sp-comecam-na-proxima-semana\/#primaryimage"},"image":{"@id":"https:\/\/www.padreeustaquio.com.br\/obras-emergenciais-no-museu-padre-eustaquio-de-poa-sp-comecam-na-proxima-semana\/#primaryimage"},"thumbnailUrl":"https:\/\/www.padreeustaquio.com.br\/wp-content\/uploads\/2021\/02\/telhado-museu-pe-poa.jpg","datePublished":"2021-02-06T11:18:36+00:00","breadcrumb":{"@id":"https:\/\/www.padreeustaquio.com.br\/obras-emergenciais-no-museu-padre-eustaquio-de-poa-sp-comecam-na-proxima-semana\/#breadcrumb"},"inLanguage":"es","potentialAction":[{"@type":"ReadAction","target":["https:\/\/www.padreeustaquio.com.br\/obras-emergenciais-no-museu-padre-eustaquio-de-poa-sp-comecam-na-proxima-semana\/"]}]},{"@type":"ImageObject","inLanguage":"es","@id":"https:\/\/www.padreeustaquio.com.br\/obras-emergenciais-no-museu-padre-eustaquio-de-poa-sp-comecam-na-proxima-semana\/#primaryimage","url":"https:\/\/www.padreeustaquio.com.br\/wp-content\/uploads\/2021\/02\/telhado-museu-pe-poa.jpg","contentUrl":"https:\/\/www.padreeustaquio.com.br\/wp-content\/uploads\/2021\/02\/telhado-museu-pe-poa.jpg","width":748,"height":394,"caption":"Parte do telhado do museu que vai receber as obras emergenciais"},{"@type":"BreadcrumbList","@id":"https:\/\/www.padreeustaquio.com.br\/obras-emergenciais-no-museu-padre-eustaquio-de-poa-sp-comecam-na-proxima-semana\/#breadcrumb","itemListElement":[{"@type":"ListItem","position":1,"name":"In\u00edcio","item":"https:\/\/www.padreeustaquio.com.br\/"},{"@type":"ListItem","position":2,"name":"Obras emergenciais no Museu Padre Eust\u00e1quio de Po\u00e1-SP come\u00e7am na pr\u00f3xima semana"}]},{"@type":"WebSite","@id":"https:\/\/www.padreeustaquio.com.br\/#website","url":"https:\/\/www.padreeustaquio.com.br\/","name":"Padre Eustace","description":"Salud y Paz","publisher":{"@id":"https:\/\/www.padreeustaquio.com.br\/#organization"},"potentialAction":[{"@type":"SearchAction","target":{"@type":"EntryPoint","urlTemplate":"https:\/\/www.padreeustaquio.com.br\/?s={search_term_string}"},"query-input":{"@type":"PropertyValueSpecification","valueRequired":true,"valueName":"search_term_string"}}],"inLanguage":"es"},{"@type":"Organization","@id":"https:\/\/www.padreeustaquio.com.br\/#organization","name":"Padre Eustace","url":"https:\/\/www.padreeustaquio.com.br\/","logo":{"@type":"ImageObject","inLanguage":"es","@id":"https:\/\/www.padreeustaquio.com.br\/#\/schema\/logo\/image\/","url":"https:\/\/www.padreeustaquio.com.br\/wp-content\/uploads\/2019\/08\/marca.png","contentUrl":"https:\/\/www.padreeustaquio.com.br\/wp-content\/uploads\/2019\/08\/marca.png","width":350,"height":400,"caption":"Padre Eust\u00e1quio"},"image":{"@id":"https:\/\/www.padreeustaquio.com.br\/#\/schema\/logo\/image\/"},"sameAs":["https:\/\/www.facebook.com\/beatopadreeustaquio\/","https:\/\/x.com\/beatopeustaquio","https:\/\/www.instagram.com\/beatopadreeustaquio\/","https:\/\/www.youtube.com\/channel\/UCRhw7vfabnajwLxb1ZXMeIw"]},{"@type":"Person","@id":"https:\/\/www.padreeustaquio.com.br\/#\/schema\/person\/a2a51db1d00f1a7af0204a0f1ddb1566","name":"@sscc","image":{"@type":"ImageObject","inLanguage":"es","@id":"https:\/\/secure.gravatar.com\/avatar\/68cfafa5f44617fea54071e215026e0ff06be366c3d54a8425f04fdcb86f8c5f?s=96&d=mm&r=g","url":"https:\/\/secure.gravatar.com\/avatar\/68cfafa5f44617fea54071e215026e0ff06be366c3d54a8425f04fdcb86f8c5f?s=96&d=mm&r=g","contentUrl":"https:\/\/secure.gravatar.com\/avatar\/68cfafa5f44617fea54071e215026e0ff06be366c3d54a8425f04fdcb86f8c5f?s=96&d=mm&r=g","caption":"@sscc"},"url":"https:\/\/www.padreeustaquio.com.br\/es\/author\/sscc\/"}]}},"_links":{"self":[{"href":"https:\/\/www.padreeustaquio.com.br\/es\/wp-json\/wp\/v2\/posts\/4982","targetHints":{"allow":["GET"]}}],"collection":[{"href":"https:\/\/www.padreeustaquio.com.br\/es\/wp-json\/wp\/v2\/posts"}],"about":[{"href":"https:\/\/www.padreeustaquio.com.br\/es\/wp-json\/wp\/v2\/types\/post"}],"author":[{"embeddable":true,"href":"https:\/\/www.padreeustaquio.com.br\/es\/wp-json\/wp\/v2\/users\/2"}],"replies":[{"embeddable":true,"href":"https:\/\/www.padreeustaquio.com.br\/es\/wp-json\/wp\/v2\/comments?post=4982"}],"version-history":[{"count":0,"href":"https:\/\/www.padreeustaquio.com.br\/es\/wp-json\/wp\/v2\/posts\/4982\/revisions"}],"wp:featuredmedia":[{"embeddable":true,"href":"https:\/\/www.padreeustaquio.com.br\/es\/wp-json\/wp\/v2\/media\/4983"}],"wp:attachment":[{"href":"https:\/\/www.padreeustaquio.com.br\/es\/wp-json\/wp\/v2\/media?parent=4982"}],"wp:term":[{"taxonomy":"category","embeddable":true,"href":"https:\/\/www.padreeustaquio.com.br\/es\/wp-json\/wp\/v2\/categories?post=4982"},{"taxonomy":"post_tag","embeddable":true,"href":"https:\/\/www.padreeustaquio.com.br\/es\/wp-json\/wp\/v2\/tags?post=4982"}],"curies":[{"name":"wp","href":"https:\/\/api.w.org\/{rel}","templated":true}]}}