{"id":4954,"date":"2021-02-04T09:09:11","date_gmt":"2021-02-04T12:09:11","guid":{"rendered":"https:\/\/www.padreeustaquio.com.br\/?p=4954"},"modified":"2021-02-02T14:33:49","modified_gmt":"2021-02-02T17:33:49","slug":"los-fieles-celebran-el-sagrado-corazon-de-jesus-el-primer-viernes-de-cada-mes","status":"publish","type":"post","link":"https:\/\/www.padreeustaquio.com.br\/es\/los-fieles-celebran-el-sagrado-corazon-de-jesus-el-primer-viernes-de-cada-mes\/","title":{"rendered":"Los fieles celebran el Sagrado Coraz\u00f3n de Jes\u00fas el primer viernes de cada mes."},"content":{"rendered":"<p>Este viernes, 5 de febrero, el Santuario de la Salud y la Paz de Belo Horizonte celebra el Sagrado Coraz\u00f3n de Jes\u00fas con la Santa Misa a las 16 horas.<\/p>\n<p>Como es costumbre, la iglesia Padre Eustaquio celebra misa el primer viernes de cada mes. Para asistir a esta Santa Misa, es necesario inscribirse con antelaci\u00f3n en la secretar\u00eda parroquial o en l\u00ednea., <a href=\"https:\/\/www.sympla.com.br\/missas-presenciais---igreja-padre-eustaquio---de-02-a-07-de-fevereiro__1113091\">haciendo clic aqu\u00ed<\/a>.<\/p>\n<p><strong>Devoci\u00f3n al Sagrado Coraz\u00f3n de Jes\u00fas<\/strong><\/p>\n<p>La tradici\u00f3n de la Iglesia Cat\u00f3lica dedica el primer viernes de cada mes a meditar el misterio de la Pasi\u00f3n de Cristo, entregado libremente al sacrificio de la Cruz por nuestro amor y por nuestra redenci\u00f3n.<\/p>\n<p>Sin embargo, no se trata solo de recordar su dolor y sufrimiento, sino de celebrar su Amor vivido al m\u00e1ximo. Es este Amor Divino Infinito el que la Tradici\u00f3n representa en el Sagrado Coraz\u00f3n de Jes\u00fas, dedic\u00e1ndole, obviamente, cada d\u00eda y cada hora, pero, de manera muy especial, el primer viernes de cada mes.<\/p>\n<p>Es un d\u00eda en el que la Iglesia nos invita a ofrecerle, en la oraci\u00f3n y en la acci\u00f3n, lo mismo que Dios nos pide cada d\u00eda: la totalidad de nuestro ser, pero con una conciencia a\u00fan m\u00e1s plena y profunda de cu\u00e1nto Jes\u00fas se entreg\u00f3 por nosotros sin reservas.<\/p>\n<p>Por lo tanto, se recomienda que el primer viernes de cada mes dediquemos un tiempo especial a la Eucarist\u00eda, ya sea participando devotamente en la Santa Misa o adorando al Sant\u00edsimo Sacramento, con la intenci\u00f3n particular de reparar nuestros pecados y los del mundo entero. Si no es posible hacerlo en persona, al menos se puede hacer la comuni\u00f3n espiritual y dedicar un momento exclusivamente a la oraci\u00f3n y la meditaci\u00f3n sobre el amor de Dios en Jesucristo.<\/p>\n<p>La devoci\u00f3n al Sagrado Coraz\u00f3n de Jes\u00fas creci\u00f3 significativamente entre los cat\u00f3licos despu\u00e9s de la s\u00faplica de Jes\u00fas a Santa Margarita Mar\u00eda Alacoque en 1675.<\/p>\n<blockquote><p><em>\u201cContempla este Coraz\u00f3n que tanto ha amado a la humanidad. De la mayor\u00eda solo recibo ingratitud, desprecio, insultos, sacrilegios e indiferencia. Por lo tanto, te pido que el primer viernes despu\u00e9s de la octava del Sant\u00edsimo Sacramento (Corpus Christi) se dedique a una fiesta especial en honor a mi Coraz\u00f3n, recibiendo la Sagrada Comuni\u00f3n ese d\u00eda y haciendo la debida reparaci\u00f3n mediante un acto de expiaci\u00f3n para reparar las indignidades que ha recibido durante el tiempo que ha estado expuesto en los altares. Te prometo que mi Coraz\u00f3n se expandir\u00e1 para derramar en abundancia las influencias de su Divino Amor sobre quienes le rinden este divino honor y buscan que se le rinda.<\/em><\/p><\/blockquote>\n<div class=\"nativo-inread\"><\/div>\n<p>San Juan Pablo II cultiv\u00f3 esta devoci\u00f3n con gran esmero y la foment\u00f3 entre todos los cat\u00f3licos. En la festividad del Sagrado Coraz\u00f3n de Jes\u00fas de 1980, declar\u00f3:<\/p>\n<blockquote><p><em>\u201cEn la Solemnidad del Sagrado Coraz\u00f3n de Jes\u00fas, la liturgia de la Iglesia se centra, con adoraci\u00f3n y especial amor, en el misterio del Coraz\u00f3n de Cristo. Hoy, junto con todos ustedes, quiero dirigir la mirada de nuestro coraz\u00f3n al misterio de este Coraz\u00f3n. Me ha hablado desde mi juventud. Cada a\u00f1o, regreso a este misterio seg\u00fan el ritmo lit\u00fargico del calendario eclesial.<\/em><\/p><\/blockquote>\n<p>Con el tiempo, la devoci\u00f3n popular lleg\u00f3 a dedicar no s\u00f3lo el primer viernes despu\u00e9s de la octava de Corpus Christi al Sagrado Coraz\u00f3n de Jes\u00fas, sino todos los primeros viernes de cada mes.<\/p>\n<p>&nbsp;<\/p>\n<p>Fuente: Aleteia (<em>https:\/\/pt.aleteia.org\/2020\/01\/03\/por-que-a-primeira-sexta-feira-de-cada-mes-e-dedicada-ao-sagrado-coracao-de-jesus\/)<\/em><\/p>","protected":false},"excerpt":{"rendered":"<p>Nesta sexta-feira, dia 05 de fevereiro, o Santu\u00e1rio da Sa\u00fade e Paz, em Belo Horizonte, celebra o Sagrado Cora\u00e7\u00e3o de Jesus, com a Santa Missa, \u00e0s 16h. Como j\u00e1 \u00e9 de costume, a igreja do Padre Eust\u00e1quio realiza a celebra\u00e7\u00e3o \u00e0s primeiras sextas-feiras de cada m\u00eas. Para esta Santa Missa \u00e9 necess\u00e1rio fazer a inscri\u00e7\u00e3o antecipadamente na secretaria paroquial ou pela internet, clicando aqui. A devo\u00e7\u00e3o ao Sagrado Cora\u00e7\u00e3o de Jesus A\u00a0Tradi\u00e7\u00e3o da Igreja Cat\u00f3lica\u00a0dedica toda primeira sexta-feira de cada m\u00eas \u00e0 medita\u00e7\u00e3o do mist\u00e9rio da Paix\u00e3o de\u00a0Cristo, livremente entregue ao sacrif\u00edcio da Cruz por nosso amor e para a [&hellip;]<\/p>\n","protected":false},"author":2,"featured_media":4955,"comment_status":"open","ping_status":"open","sticky":false,"template":"","format":"standard","meta":{"_acf_changed":false,"footnotes":""},"categories":[611],"tags":[],"class_list":["post-4954","post","type-post","status-publish","format-standard","has-post-thumbnail","hentry","category-noticias"],"acf":[],"yoast_head":"<!-- This site is optimized with the Yoast SEO plugin v27.2 - https:\/\/yoast.com\/product\/yoast-seo-wordpress\/ -->\n<title>Fi\u00e9is celebram o Sagrado Cora\u00e7\u00e3o de Jesus na primeira sexta do m\u00eas - Padre Eust\u00e1quio<\/title>\n<meta name=\"robots\" content=\"index, follow, max-snippet:-1, max-image-preview:large, max-video-preview:-1\" \/>\n<link rel=\"canonical\" href=\"https:\/\/www.padreeustaquio.com.br\/es\/los-fieles-celebran-el-sagrado-corazon-de-jesus-el-primer-viernes-de-cada-mes\/\" \/>\n<meta property=\"og:locale\" content=\"es_ES\" \/>\n<meta property=\"og:type\" content=\"article\" \/>\n<meta property=\"og:title\" content=\"Fi\u00e9is celebram o Sagrado Cora\u00e7\u00e3o de Jesus na primeira sexta do m\u00eas - Padre Eust\u00e1quio\" \/>\n<meta property=\"og:description\" content=\"Nesta sexta-feira, dia 05 de fevereiro, o Santu\u00e1rio da Sa\u00fade e Paz, em Belo Horizonte, celebra o Sagrado Cora\u00e7\u00e3o de Jesus, com a Santa Missa, \u00e0s 16h. Como j\u00e1 \u00e9 de costume, a igreja do Padre Eust\u00e1quio realiza a celebra\u00e7\u00e3o \u00e0s primeiras sextas-feiras de cada m\u00eas. Para esta Santa Missa \u00e9 necess\u00e1rio fazer a inscri\u00e7\u00e3o antecipadamente na secretaria paroquial ou pela internet, clicando aqui. A devo\u00e7\u00e3o ao Sagrado Cora\u00e7\u00e3o de Jesus A\u00a0Tradi\u00e7\u00e3o da Igreja Cat\u00f3lica\u00a0dedica toda primeira sexta-feira de cada m\u00eas \u00e0 medita\u00e7\u00e3o do mist\u00e9rio da Paix\u00e3o de\u00a0Cristo, livremente entregue ao sacrif\u00edcio da Cruz por nosso amor e para a [&hellip;]\" \/>\n<meta property=\"og:url\" content=\"https:\/\/www.padreeustaquio.com.br\/es\/los-fieles-celebran-el-sagrado-corazon-de-jesus-el-primer-viernes-de-cada-mes\/\" \/>\n<meta property=\"og:site_name\" content=\"Padre Eust\u00e1quio\" \/>\n<meta property=\"article:publisher\" content=\"https:\/\/www.facebook.com\/beatopadreeustaquio\/\" \/>\n<meta property=\"article:published_time\" content=\"2021-02-04T12:09:11+00:00\" \/>\n<meta property=\"og:image\" content=\"https:\/\/www.padreeustaquio.com.br\/wp-content\/uploads\/2021\/02\/sagrado-cora\u00e7\u00e3o-de-jesus.jpg\" \/>\n\t<meta property=\"og:image:width\" content=\"748\" \/>\n\t<meta property=\"og:image:height\" content=\"394\" \/>\n\t<meta property=\"og:image:type\" content=\"image\/jpeg\" \/>\n<meta name=\"author\" content=\"@sscc\" \/>\n<meta name=\"twitter:card\" content=\"summary_large_image\" \/>\n<meta name=\"twitter:creator\" content=\"@beatopeustaquio\" \/>\n<meta name=\"twitter:site\" content=\"@beatopeustaquio\" \/>\n<meta name=\"twitter:label1\" content=\"Escrito por\" \/>\n\t<meta name=\"twitter:data1\" content=\"@sscc\" \/>\n\t<meta name=\"twitter:label2\" content=\"Tiempo de lectura\" \/>\n\t<meta name=\"twitter:data2\" content=\"3 minutos\" \/>\n<script type=\"application\/ld+json\" class=\"yoast-schema-graph\">{\"@context\":\"https:\/\/schema.org\",\"@graph\":[{\"@type\":\"Article\",\"@id\":\"https:\/\/www.padreeustaquio.com.br\/fieis-celebram-o-sagrado-coracao-de-jesus-na-primeira-sexta-do-mes\/#article\",\"isPartOf\":{\"@id\":\"https:\/\/www.padreeustaquio.com.br\/fieis-celebram-o-sagrado-coracao-de-jesus-na-primeira-sexta-do-mes\/\"},\"author\":{\"name\":\"@sscc\",\"@id\":\"https:\/\/www.padreeustaquio.com.br\/#\/schema\/person\/a2a51db1d00f1a7af0204a0f1ddb1566\"},\"headline\":\"Fi\u00e9is celebram o Sagrado Cora\u00e7\u00e3o de Jesus na primeira sexta do m\u00eas\",\"datePublished\":\"2021-02-04T12:09:11+00:00\",\"mainEntityOfPage\":{\"@id\":\"https:\/\/www.padreeustaquio.com.br\/fieis-celebram-o-sagrado-coracao-de-jesus-na-primeira-sexta-do-mes\/\"},\"wordCount\":625,\"commentCount\":0,\"publisher\":{\"@id\":\"https:\/\/www.padreeustaquio.com.br\/#organization\"},\"image\":{\"@id\":\"https:\/\/www.padreeustaquio.com.br\/fieis-celebram-o-sagrado-coracao-de-jesus-na-primeira-sexta-do-mes\/#primaryimage\"},\"thumbnailUrl\":\"https:\/\/www.padreeustaquio.com.br\/wp-content\/uploads\/2021\/02\/sagrado-cora\u00e7\u00e3o-de-jesus.jpg\",\"articleSection\":[\"Not\u00edcias\"],\"inLanguage\":\"es\",\"potentialAction\":[{\"@type\":\"CommentAction\",\"name\":\"Comment\",\"target\":[\"https:\/\/www.padreeustaquio.com.br\/fieis-celebram-o-sagrado-coracao-de-jesus-na-primeira-sexta-do-mes\/#respond\"]}]},{\"@type\":\"WebPage\",\"@id\":\"https:\/\/www.padreeustaquio.com.br\/fieis-celebram-o-sagrado-coracao-de-jesus-na-primeira-sexta-do-mes\/\",\"url\":\"https:\/\/www.padreeustaquio.com.br\/fieis-celebram-o-sagrado-coracao-de-jesus-na-primeira-sexta-do-mes\/\",\"name\":\"Fi\u00e9is celebram o Sagrado Cora\u00e7\u00e3o de Jesus na primeira sexta do m\u00eas - Padre Eust\u00e1quio\",\"isPartOf\":{\"@id\":\"https:\/\/www.padreeustaquio.com.br\/#website\"},\"primaryImageOfPage\":{\"@id\":\"https:\/\/www.padreeustaquio.com.br\/fieis-celebram-o-sagrado-coracao-de-jesus-na-primeira-sexta-do-mes\/#primaryimage\"},\"image\":{\"@id\":\"https:\/\/www.padreeustaquio.com.br\/fieis-celebram-o-sagrado-coracao-de-jesus-na-primeira-sexta-do-mes\/#primaryimage\"},\"thumbnailUrl\":\"https:\/\/www.padreeustaquio.com.br\/wp-content\/uploads\/2021\/02\/sagrado-cora\u00e7\u00e3o-de-jesus.jpg\",\"datePublished\":\"2021-02-04T12:09:11+00:00\",\"breadcrumb\":{\"@id\":\"https:\/\/www.padreeustaquio.com.br\/fieis-celebram-o-sagrado-coracao-de-jesus-na-primeira-sexta-do-mes\/#breadcrumb\"},\"inLanguage\":\"es\",\"potentialAction\":[{\"@type\":\"ReadAction\",\"target\":[\"https:\/\/www.padreeustaquio.com.br\/fieis-celebram-o-sagrado-coracao-de-jesus-na-primeira-sexta-do-mes\/\"]}]},{\"@type\":\"ImageObject\",\"inLanguage\":\"es\",\"@id\":\"https:\/\/www.padreeustaquio.com.br\/fieis-celebram-o-sagrado-coracao-de-jesus-na-primeira-sexta-do-mes\/#primaryimage\",\"url\":\"https:\/\/www.padreeustaquio.com.br\/wp-content\/uploads\/2021\/02\/sagrado-cora\u00e7\u00e3o-de-jesus.jpg\",\"contentUrl\":\"https:\/\/www.padreeustaquio.com.br\/wp-content\/uploads\/2021\/02\/sagrado-cora\u00e7\u00e3o-de-jesus.jpg\",\"width\":748,\"height\":394},{\"@type\":\"BreadcrumbList\",\"@id\":\"https:\/\/www.padreeustaquio.com.br\/fieis-celebram-o-sagrado-coracao-de-jesus-na-primeira-sexta-do-mes\/#breadcrumb\",\"itemListElement\":[{\"@type\":\"ListItem\",\"position\":1,\"name\":\"In\u00edcio\",\"item\":\"https:\/\/www.padreeustaquio.com.br\/\"},{\"@type\":\"ListItem\",\"position\":2,\"name\":\"Fi\u00e9is celebram o Sagrado Cora\u00e7\u00e3o de Jesus na primeira sexta do m\u00eas\"}]},{\"@type\":\"WebSite\",\"@id\":\"https:\/\/www.padreeustaquio.com.br\/#website\",\"url\":\"https:\/\/www.padreeustaquio.com.br\/\",\"name\":\"Padre Eust\u00e1quio\",\"description\":\"Sa\u00fade e Paz\",\"publisher\":{\"@id\":\"https:\/\/www.padreeustaquio.com.br\/#organization\"},\"potentialAction\":[{\"@type\":\"SearchAction\",\"target\":{\"@type\":\"EntryPoint\",\"urlTemplate\":\"https:\/\/www.padreeustaquio.com.br\/?s={search_term_string}\"},\"query-input\":{\"@type\":\"PropertyValueSpecification\",\"valueRequired\":true,\"valueName\":\"search_term_string\"}}],\"inLanguage\":\"es\"},{\"@type\":\"Organization\",\"@id\":\"https:\/\/www.padreeustaquio.com.br\/#organization\",\"name\":\"Padre Eust\u00e1quio\",\"url\":\"https:\/\/www.padreeustaquio.com.br\/\",\"logo\":{\"@type\":\"ImageObject\",\"inLanguage\":\"es\",\"@id\":\"https:\/\/www.padreeustaquio.com.br\/#\/schema\/logo\/image\/\",\"url\":\"https:\/\/www.padreeustaquio.com.br\/wp-content\/uploads\/2019\/08\/marca.png\",\"contentUrl\":\"https:\/\/www.padreeustaquio.com.br\/wp-content\/uploads\/2019\/08\/marca.png\",\"width\":350,\"height\":400,\"caption\":\"Padre Eust\u00e1quio\"},\"image\":{\"@id\":\"https:\/\/www.padreeustaquio.com.br\/#\/schema\/logo\/image\/\"},\"sameAs\":[\"https:\/\/www.facebook.com\/beatopadreeustaquio\/\",\"https:\/\/x.com\/beatopeustaquio\",\"https:\/\/www.instagram.com\/beatopadreeustaquio\/\",\"https:\/\/www.youtube.com\/channel\/UCRhw7vfabnajwLxb1ZXMeIw\"]},{\"@type\":\"Person\",\"@id\":\"https:\/\/www.padreeustaquio.com.br\/#\/schema\/person\/a2a51db1d00f1a7af0204a0f1ddb1566\",\"name\":\"@sscc\",\"image\":{\"@type\":\"ImageObject\",\"inLanguage\":\"es\",\"@id\":\"https:\/\/secure.gravatar.com\/avatar\/68cfafa5f44617fea54071e215026e0ff06be366c3d54a8425f04fdcb86f8c5f?s=96&d=mm&r=g\",\"url\":\"https:\/\/secure.gravatar.com\/avatar\/68cfafa5f44617fea54071e215026e0ff06be366c3d54a8425f04fdcb86f8c5f?s=96&d=mm&r=g\",\"contentUrl\":\"https:\/\/secure.gravatar.com\/avatar\/68cfafa5f44617fea54071e215026e0ff06be366c3d54a8425f04fdcb86f8c5f?s=96&d=mm&r=g\",\"caption\":\"@sscc\"},\"url\":\"https:\/\/www.padreeustaquio.com.br\/es\/author\/sscc\/\"}]}<\/script>\n<!-- \/ Yoast SEO plugin. -->","yoast_head_json":{"title":"Los fieles celebran el Sagrado Coraz\u00f3n de Jes\u00fas el primer viernes del mes - Padre Eust\u00e1quio","robots":{"index":"index","follow":"follow","max-snippet":"max-snippet:-1","max-image-preview":"max-image-preview:large","max-video-preview":"max-video-preview:-1"},"canonical":"https:\/\/www.padreeustaquio.com.br\/es\/los-fieles-celebran-el-sagrado-corazon-de-jesus-el-primer-viernes-de-cada-mes\/","og_locale":"es_ES","og_type":"article","og_title":"Fi\u00e9is celebram o Sagrado Cora\u00e7\u00e3o de Jesus na primeira sexta do m\u00eas - Padre Eust\u00e1quio","og_description":"Nesta sexta-feira, dia 05 de fevereiro, o Santu\u00e1rio da Sa\u00fade e Paz, em Belo Horizonte, celebra o Sagrado Cora\u00e7\u00e3o de Jesus, com a Santa Missa, \u00e0s 16h. Como j\u00e1 \u00e9 de costume, a igreja do Padre Eust\u00e1quio realiza a celebra\u00e7\u00e3o \u00e0s primeiras sextas-feiras de cada m\u00eas. Para esta Santa Missa \u00e9 necess\u00e1rio fazer a inscri\u00e7\u00e3o antecipadamente na secretaria paroquial ou pela internet, clicando aqui. A devo\u00e7\u00e3o ao Sagrado Cora\u00e7\u00e3o de Jesus A\u00a0Tradi\u00e7\u00e3o da Igreja Cat\u00f3lica\u00a0dedica toda primeira sexta-feira de cada m\u00eas \u00e0 medita\u00e7\u00e3o do mist\u00e9rio da Paix\u00e3o de\u00a0Cristo, livremente entregue ao sacrif\u00edcio da Cruz por nosso amor e para a [&hellip;]","og_url":"https:\/\/www.padreeustaquio.com.br\/es\/los-fieles-celebran-el-sagrado-corazon-de-jesus-el-primer-viernes-de-cada-mes\/","og_site_name":"Padre Eust\u00e1quio","article_publisher":"https:\/\/www.facebook.com\/beatopadreeustaquio\/","article_published_time":"2021-02-04T12:09:11+00:00","og_image":[{"width":748,"height":394,"url":"https:\/\/www.padreeustaquio.com.br\/wp-content\/uploads\/2021\/02\/sagrado-cora\u00e7\u00e3o-de-jesus.jpg","type":"image\/jpeg"}],"author":"@sscc","twitter_card":"summary_large_image","twitter_creator":"@beatopeustaquio","twitter_site":"@beatopeustaquio","twitter_misc":{"Escrito por":"@sscc","Tiempo de lectura":"3 minutos"},"schema":{"@context":"https:\/\/schema.org","@graph":[{"@type":"Article","@id":"https:\/\/www.padreeustaquio.com.br\/fieis-celebram-o-sagrado-coracao-de-jesus-na-primeira-sexta-do-mes\/#article","isPartOf":{"@id":"https:\/\/www.padreeustaquio.com.br\/fieis-celebram-o-sagrado-coracao-de-jesus-na-primeira-sexta-do-mes\/"},"author":{"name":"@sscc","@id":"https:\/\/www.padreeustaquio.com.br\/#\/schema\/person\/a2a51db1d00f1a7af0204a0f1ddb1566"},"headline":"Fi\u00e9is celebram o Sagrado Cora\u00e7\u00e3o de Jesus na primeira sexta do m\u00eas","datePublished":"2021-02-04T12:09:11+00:00","mainEntityOfPage":{"@id":"https:\/\/www.padreeustaquio.com.br\/fieis-celebram-o-sagrado-coracao-de-jesus-na-primeira-sexta-do-mes\/"},"wordCount":625,"commentCount":0,"publisher":{"@id":"https:\/\/www.padreeustaquio.com.br\/#organization"},"image":{"@id":"https:\/\/www.padreeustaquio.com.br\/fieis-celebram-o-sagrado-coracao-de-jesus-na-primeira-sexta-do-mes\/#primaryimage"},"thumbnailUrl":"https:\/\/www.padreeustaquio.com.br\/wp-content\/uploads\/2021\/02\/sagrado-cora\u00e7\u00e3o-de-jesus.jpg","articleSection":["Not\u00edcias"],"inLanguage":"es","potentialAction":[{"@type":"CommentAction","name":"Comment","target":["https:\/\/www.padreeustaquio.com.br\/fieis-celebram-o-sagrado-coracao-de-jesus-na-primeira-sexta-do-mes\/#respond"]}]},{"@type":"WebPage","@id":"https:\/\/www.padreeustaquio.com.br\/fieis-celebram-o-sagrado-coracao-de-jesus-na-primeira-sexta-do-mes\/","url":"https:\/\/www.padreeustaquio.com.br\/fieis-celebram-o-sagrado-coracao-de-jesus-na-primeira-sexta-do-mes\/","name":"Los fieles celebran el Sagrado Coraz\u00f3n de Jes\u00fas el primer viernes del mes - Padre Eust\u00e1quio","isPartOf":{"@id":"https:\/\/www.padreeustaquio.com.br\/#website"},"primaryImageOfPage":{"@id":"https:\/\/www.padreeustaquio.com.br\/fieis-celebram-o-sagrado-coracao-de-jesus-na-primeira-sexta-do-mes\/#primaryimage"},"image":{"@id":"https:\/\/www.padreeustaquio.com.br\/fieis-celebram-o-sagrado-coracao-de-jesus-na-primeira-sexta-do-mes\/#primaryimage"},"thumbnailUrl":"https:\/\/www.padreeustaquio.com.br\/wp-content\/uploads\/2021\/02\/sagrado-cora\u00e7\u00e3o-de-jesus.jpg","datePublished":"2021-02-04T12:09:11+00:00","breadcrumb":{"@id":"https:\/\/www.padreeustaquio.com.br\/fieis-celebram-o-sagrado-coracao-de-jesus-na-primeira-sexta-do-mes\/#breadcrumb"},"inLanguage":"es","potentialAction":[{"@type":"ReadAction","target":["https:\/\/www.padreeustaquio.com.br\/fieis-celebram-o-sagrado-coracao-de-jesus-na-primeira-sexta-do-mes\/"]}]},{"@type":"ImageObject","inLanguage":"es","@id":"https:\/\/www.padreeustaquio.com.br\/fieis-celebram-o-sagrado-coracao-de-jesus-na-primeira-sexta-do-mes\/#primaryimage","url":"https:\/\/www.padreeustaquio.com.br\/wp-content\/uploads\/2021\/02\/sagrado-cora\u00e7\u00e3o-de-jesus.jpg","contentUrl":"https:\/\/www.padreeustaquio.com.br\/wp-content\/uploads\/2021\/02\/sagrado-cora\u00e7\u00e3o-de-jesus.jpg","width":748,"height":394},{"@type":"BreadcrumbList","@id":"https:\/\/www.padreeustaquio.com.br\/fieis-celebram-o-sagrado-coracao-de-jesus-na-primeira-sexta-do-mes\/#breadcrumb","itemListElement":[{"@type":"ListItem","position":1,"name":"In\u00edcio","item":"https:\/\/www.padreeustaquio.com.br\/"},{"@type":"ListItem","position":2,"name":"Fi\u00e9is celebram o Sagrado Cora\u00e7\u00e3o de Jesus na primeira sexta do m\u00eas"}]},{"@type":"WebSite","@id":"https:\/\/www.padreeustaquio.com.br\/#website","url":"https:\/\/www.padreeustaquio.com.br\/","name":"Padre Eustace","description":"Salud y Paz","publisher":{"@id":"https:\/\/www.padreeustaquio.com.br\/#organization"},"potentialAction":[{"@type":"SearchAction","target":{"@type":"EntryPoint","urlTemplate":"https:\/\/www.padreeustaquio.com.br\/?s={search_term_string}"},"query-input":{"@type":"PropertyValueSpecification","valueRequired":true,"valueName":"search_term_string"}}],"inLanguage":"es"},{"@type":"Organization","@id":"https:\/\/www.padreeustaquio.com.br\/#organization","name":"Padre Eustace","url":"https:\/\/www.padreeustaquio.com.br\/","logo":{"@type":"ImageObject","inLanguage":"es","@id":"https:\/\/www.padreeustaquio.com.br\/#\/schema\/logo\/image\/","url":"https:\/\/www.padreeustaquio.com.br\/wp-content\/uploads\/2019\/08\/marca.png","contentUrl":"https:\/\/www.padreeustaquio.com.br\/wp-content\/uploads\/2019\/08\/marca.png","width":350,"height":400,"caption":"Padre Eust\u00e1quio"},"image":{"@id":"https:\/\/www.padreeustaquio.com.br\/#\/schema\/logo\/image\/"},"sameAs":["https:\/\/www.facebook.com\/beatopadreeustaquio\/","https:\/\/x.com\/beatopeustaquio","https:\/\/www.instagram.com\/beatopadreeustaquio\/","https:\/\/www.youtube.com\/channel\/UCRhw7vfabnajwLxb1ZXMeIw"]},{"@type":"Person","@id":"https:\/\/www.padreeustaquio.com.br\/#\/schema\/person\/a2a51db1d00f1a7af0204a0f1ddb1566","name":"@sscc","image":{"@type":"ImageObject","inLanguage":"es","@id":"https:\/\/secure.gravatar.com\/avatar\/68cfafa5f44617fea54071e215026e0ff06be366c3d54a8425f04fdcb86f8c5f?s=96&d=mm&r=g","url":"https:\/\/secure.gravatar.com\/avatar\/68cfafa5f44617fea54071e215026e0ff06be366c3d54a8425f04fdcb86f8c5f?s=96&d=mm&r=g","contentUrl":"https:\/\/secure.gravatar.com\/avatar\/68cfafa5f44617fea54071e215026e0ff06be366c3d54a8425f04fdcb86f8c5f?s=96&d=mm&r=g","caption":"@sscc"},"url":"https:\/\/www.padreeustaquio.com.br\/es\/author\/sscc\/"}]}},"_links":{"self":[{"href":"https:\/\/www.padreeustaquio.com.br\/es\/wp-json\/wp\/v2\/posts\/4954","targetHints":{"allow":["GET"]}}],"collection":[{"href":"https:\/\/www.padreeustaquio.com.br\/es\/wp-json\/wp\/v2\/posts"}],"about":[{"href":"https:\/\/www.padreeustaquio.com.br\/es\/wp-json\/wp\/v2\/types\/post"}],"author":[{"embeddable":true,"href":"https:\/\/www.padreeustaquio.com.br\/es\/wp-json\/wp\/v2\/users\/2"}],"replies":[{"embeddable":true,"href":"https:\/\/www.padreeustaquio.com.br\/es\/wp-json\/wp\/v2\/comments?post=4954"}],"version-history":[{"count":0,"href":"https:\/\/www.padreeustaquio.com.br\/es\/wp-json\/wp\/v2\/posts\/4954\/revisions"}],"wp:featuredmedia":[{"embeddable":true,"href":"https:\/\/www.padreeustaquio.com.br\/es\/wp-json\/wp\/v2\/media\/4955"}],"wp:attachment":[{"href":"https:\/\/www.padreeustaquio.com.br\/es\/wp-json\/wp\/v2\/media?parent=4954"}],"wp:term":[{"taxonomy":"category","embeddable":true,"href":"https:\/\/www.padreeustaquio.com.br\/es\/wp-json\/wp\/v2\/categories?post=4954"},{"taxonomy":"post_tag","embeddable":true,"href":"https:\/\/www.padreeustaquio.com.br\/es\/wp-json\/wp\/v2\/tags?post=4954"}],"curies":[{"name":"wp","href":"https:\/\/api.w.org\/{rel}","templated":true}]}}