{"id":4951,"date":"2021-02-03T08:00:08","date_gmt":"2021-02-03T11:00:08","guid":{"rendered":"https:\/\/www.padreeustaquio.com.br\/?p=4951"},"modified":"2021-02-03T21:00:44","modified_gmt":"2021-02-04T00:00:44","slug":"la-parroquia-donde-trabajaba-el-padre-eustaquio-en-porto-alegre-sp-inicia-sus-fiestas-patronales","status":"publish","type":"post","link":"https:\/\/www.padreeustaquio.com.br\/es\/la-parroquia-donde-trabajaba-el-padre-eustaquio-en-porto-alegre-sp-inicia-sus-fiestas-patronales\/","title":{"rendered":"La parroquia donde trabajaba el padre Eust\u00e1quio, en Po\u00e1-SP, inicia las fiestas patronales."},"content":{"rendered":"<p>Los feligreses de la Iglesia de Nuestra Se\u00f1ora de Lourdes en Po\u00e1, en el Gran S\u00e3o Paulo, dieron inicio a las festividades de su patrona ayer, 2 de febrero. La misa inaugural fue oficiada por el p\u00e1rroco, padre Reginaldo Martins da Silva.<\/p>\n<p>Durante los nueve d\u00edas de la novena, se celebrar\u00e1 la Santa Misa con sacerdotes invitados. \u00a1No te lo pierdas!<\/p>\n<p>D\u00eda 2 \u2013 P. Reginaldo Martins da Silva<br \/>\nD\u00eda 03 \u2013 Padre Rafael Rodrigues Xavier<br \/>\nD\u00eda 4 \u2013 P. V\u00edctor Almeida Moreira<br \/>\nD\u00eda 5 \u2013 Padre Ant\u00f4nio Carlos Fernandes<br \/>\nD\u00eda 6 \u2013 P. Thiago Cosmo da Silva<br \/>\nD\u00eda 7 \u2013 P. Marco Aurelio de Aguiar<br \/>\nD\u00eda 8 \u2013 P. Leonardo F\u00e9lix dos Santos<br \/>\nD\u00eda 9 \u2013 P. Rui Galdino<br \/>\nD\u00eda 10 \u2013 Padre Beniamino Resta<\/p>\n<p>El d\u00eda 11, d\u00eda de Nuestra Se\u00f1ora de Lourdes, la Eucarist\u00eda ser\u00e1 presidida por el p\u00e1rroco, Padre Reginaldo. Las misas se celebrar\u00e1n siempre a las 19:30 h, tanto presenciales como en directo a trav\u00e9s de la p\u00e1gina de Facebook de la parroquia. <a href=\"https:\/\/www.facebook.com\/paroquianossasralourdes\">(seguir aqu\u00ed)<\/a>.<\/p>\n<p>Este a\u00f1o Jefferson Reynaldo Lopes y Katia Itamara de Almeida Lopes ser\u00e1n los organizadores del festival. Los abanderados ser\u00e1n Andr\u00e9 Marques Gon\u00e7alves y Luciana Remigio Gon\u00e7alves.<\/p>\n<p>El Padre Eust\u00e1quio fue p\u00e1rroco de Nuestra Se\u00f1ora de Lourdes en Po\u00e1, S\u00e3o Paulo, de 1935 a 1941. Sent\u00eda un afecto especial por los enfermos y los que sufr\u00edan. Construy\u00f3 una gruta en honor a Nuestra Se\u00f1ora de Lourdes y puso a disposici\u00f3n agua bendita mezclada con agua que \u00e9l mismo hab\u00eda tra\u00eddo de Francia durante su peregrinaci\u00f3n a Lourdes durante sus vacaciones en los Pa\u00edses Bajos en 1935. Para saber m\u00e1s sobre la estancia del Padre Eust\u00e1quio en Po\u00e1, <a href=\"https:\/\/www.padreeustaquio.com.br\/es\/vida-e-historia02\/\">haga clic aqu\u00ed<\/a> y acceder a la vida e historia del Beato.<\/p>","protected":false},"excerpt":{"rendered":"<p>Os paroquianos da Matriz de Nossa Senhora de Lourdes, em Po\u00e1 na grande S\u00e3o Paulo, deram in\u00edcio ontem, dia 02 de fevereiro, \u00e0s festividades da Padroeira. A missa de abertura foi celebrada pelo p\u00e1roco, Pe. Reginaldo Martins da Silva. Durante os nove dias da novena, a Santa Missa ser\u00e1 celebrada por padres convidados. Confira: Dia 02 &#8211; Pe. Reginaldo Martins da Silva Dia 03 &#8211; Pe. Rafael Rodrigues Xavier Dia 04 &#8211; Pe. Victor Almeida Moreira Dia 05 &#8211;\u00a0Pe. Ant\u00f4nio Carlos Fernandes Dia 06 &#8211;\u00a0Pe. Thiago Cosmo da Silva Dia 07 &#8211;\u00a0Pe. Marco Aur\u00e9lio de Aguiar Dia 08 &#8211;\u00a0Pe. Leonardo [&hellip;]<\/p>\n","protected":false},"author":2,"featured_media":4961,"comment_status":"open","ping_status":"open","sticky":false,"template":"","format":"standard","meta":{"_acf_changed":false,"footnotes":""},"categories":[611],"tags":[],"class_list":["post-4951","post","type-post","status-publish","format-standard","has-post-thumbnail","hentry","category-noticias"],"acf":[],"yoast_head":"<!-- This site is optimized with the Yoast SEO plugin v27.2 - https:\/\/yoast.com\/product\/yoast-seo-wordpress\/ -->\n<title>Par\u00f3quia onde Padre Eust\u00e1quio trabalhou, em Po\u00e1-SP, inicia festa da Padroeira - Padre Eust\u00e1quio<\/title>\n<meta name=\"robots\" content=\"index, follow, max-snippet:-1, max-image-preview:large, max-video-preview:-1\" \/>\n<link rel=\"canonical\" href=\"https:\/\/www.padreeustaquio.com.br\/es\/la-parroquia-donde-trabajaba-el-padre-eustaquio-en-porto-alegre-sp-inicia-sus-fiestas-patronales\/\" \/>\n<meta property=\"og:locale\" content=\"es_ES\" \/>\n<meta property=\"og:type\" content=\"article\" \/>\n<meta property=\"og:title\" content=\"Par\u00f3quia onde Padre Eust\u00e1quio trabalhou, em Po\u00e1-SP, inicia festa da Padroeira - Padre Eust\u00e1quio\" \/>\n<meta property=\"og:description\" content=\"Os paroquianos da Matriz de Nossa Senhora de Lourdes, em Po\u00e1 na grande S\u00e3o Paulo, deram in\u00edcio ontem, dia 02 de fevereiro, \u00e0s festividades da Padroeira. A missa de abertura foi celebrada pelo p\u00e1roco, Pe. Reginaldo Martins da Silva. Durante os nove dias da novena, a Santa Missa ser\u00e1 celebrada por padres convidados. Confira: Dia 02 &#8211; Pe. Reginaldo Martins da Silva Dia 03 &#8211; Pe. Rafael Rodrigues Xavier Dia 04 &#8211; Pe. Victor Almeida Moreira Dia 05 &#8211;\u00a0Pe. Ant\u00f4nio Carlos Fernandes Dia 06 &#8211;\u00a0Pe. Thiago Cosmo da Silva Dia 07 &#8211;\u00a0Pe. Marco Aur\u00e9lio de Aguiar Dia 08 &#8211;\u00a0Pe. Leonardo [&hellip;]\" \/>\n<meta property=\"og:url\" content=\"https:\/\/www.padreeustaquio.com.br\/es\/la-parroquia-donde-trabajaba-el-padre-eustaquio-en-porto-alegre-sp-inicia-sus-fiestas-patronales\/\" \/>\n<meta property=\"og:site_name\" content=\"Padre Eust\u00e1quio\" \/>\n<meta property=\"article:publisher\" content=\"https:\/\/www.facebook.com\/beatopadreeustaquio\/\" \/>\n<meta property=\"article:published_time\" content=\"2021-02-03T11:00:08+00:00\" \/>\n<meta property=\"article:modified_time\" content=\"2021-02-04T00:00:44+00:00\" \/>\n<meta property=\"og:image\" content=\"https:\/\/www.padreeustaquio.com.br\/wp-content\/uploads\/2021\/02\/festa-lourdes-2020.jpg\" \/>\n\t<meta property=\"og:image:width\" content=\"748\" \/>\n\t<meta property=\"og:image:height\" content=\"394\" \/>\n\t<meta property=\"og:image:type\" content=\"image\/jpeg\" \/>\n<meta name=\"author\" content=\"@sscc\" \/>\n<meta name=\"twitter:card\" content=\"summary_large_image\" \/>\n<meta name=\"twitter:creator\" content=\"@beatopeustaquio\" \/>\n<meta name=\"twitter:site\" content=\"@beatopeustaquio\" \/>\n<meta name=\"twitter:label1\" content=\"Escrito por\" \/>\n\t<meta name=\"twitter:data1\" content=\"@sscc\" \/>\n\t<meta name=\"twitter:label2\" content=\"Tiempo de lectura\" \/>\n\t<meta name=\"twitter:data2\" content=\"1 minuto\" \/>\n<script type=\"application\/ld+json\" class=\"yoast-schema-graph\">{\"@context\":\"https:\/\/schema.org\",\"@graph\":[{\"@type\":\"Article\",\"@id\":\"https:\/\/www.padreeustaquio.com.br\/paroquia-onde-padre-eustaquio-trabalhou-em-poa-sp-inicia-festa-da-padroeira\/#article\",\"isPartOf\":{\"@id\":\"https:\/\/www.padreeustaquio.com.br\/paroquia-onde-padre-eustaquio-trabalhou-em-poa-sp-inicia-festa-da-padroeira\/\"},\"author\":{\"name\":\"@sscc\",\"@id\":\"https:\/\/www.padreeustaquio.com.br\/#\/schema\/person\/a2a51db1d00f1a7af0204a0f1ddb1566\"},\"headline\":\"Par\u00f3quia onde Padre Eust\u00e1quio trabalhou, em Po\u00e1-SP, inicia festa da Padroeira\",\"datePublished\":\"2021-02-03T11:00:08+00:00\",\"dateModified\":\"2021-02-04T00:00:44+00:00\",\"mainEntityOfPage\":{\"@id\":\"https:\/\/www.padreeustaquio.com.br\/paroquia-onde-padre-eustaquio-trabalhou-em-poa-sp-inicia-festa-da-padroeira\/\"},\"wordCount\":295,\"commentCount\":0,\"publisher\":{\"@id\":\"https:\/\/www.padreeustaquio.com.br\/#organization\"},\"image\":{\"@id\":\"https:\/\/www.padreeustaquio.com.br\/paroquia-onde-padre-eustaquio-trabalhou-em-poa-sp-inicia-festa-da-padroeira\/#primaryimage\"},\"thumbnailUrl\":\"https:\/\/www.padreeustaquio.com.br\/wp-content\/uploads\/2021\/02\/festa-lourdes-2020.jpg\",\"articleSection\":[\"Not\u00edcias\"],\"inLanguage\":\"es\",\"potentialAction\":[{\"@type\":\"CommentAction\",\"name\":\"Comment\",\"target\":[\"https:\/\/www.padreeustaquio.com.br\/paroquia-onde-padre-eustaquio-trabalhou-em-poa-sp-inicia-festa-da-padroeira\/#respond\"]}]},{\"@type\":\"WebPage\",\"@id\":\"https:\/\/www.padreeustaquio.com.br\/paroquia-onde-padre-eustaquio-trabalhou-em-poa-sp-inicia-festa-da-padroeira\/\",\"url\":\"https:\/\/www.padreeustaquio.com.br\/paroquia-onde-padre-eustaquio-trabalhou-em-poa-sp-inicia-festa-da-padroeira\/\",\"name\":\"Par\u00f3quia onde Padre Eust\u00e1quio trabalhou, em Po\u00e1-SP, inicia festa da Padroeira - Padre Eust\u00e1quio\",\"isPartOf\":{\"@id\":\"https:\/\/www.padreeustaquio.com.br\/#website\"},\"primaryImageOfPage\":{\"@id\":\"https:\/\/www.padreeustaquio.com.br\/paroquia-onde-padre-eustaquio-trabalhou-em-poa-sp-inicia-festa-da-padroeira\/#primaryimage\"},\"image\":{\"@id\":\"https:\/\/www.padreeustaquio.com.br\/paroquia-onde-padre-eustaquio-trabalhou-em-poa-sp-inicia-festa-da-padroeira\/#primaryimage\"},\"thumbnailUrl\":\"https:\/\/www.padreeustaquio.com.br\/wp-content\/uploads\/2021\/02\/festa-lourdes-2020.jpg\",\"datePublished\":\"2021-02-03T11:00:08+00:00\",\"dateModified\":\"2021-02-04T00:00:44+00:00\",\"breadcrumb\":{\"@id\":\"https:\/\/www.padreeustaquio.com.br\/paroquia-onde-padre-eustaquio-trabalhou-em-poa-sp-inicia-festa-da-padroeira\/#breadcrumb\"},\"inLanguage\":\"es\",\"potentialAction\":[{\"@type\":\"ReadAction\",\"target\":[\"https:\/\/www.padreeustaquio.com.br\/paroquia-onde-padre-eustaquio-trabalhou-em-poa-sp-inicia-festa-da-padroeira\/\"]}]},{\"@type\":\"ImageObject\",\"inLanguage\":\"es\",\"@id\":\"https:\/\/www.padreeustaquio.com.br\/paroquia-onde-padre-eustaquio-trabalhou-em-poa-sp-inicia-festa-da-padroeira\/#primaryimage\",\"url\":\"https:\/\/www.padreeustaquio.com.br\/wp-content\/uploads\/2021\/02\/festa-lourdes-2020.jpg\",\"contentUrl\":\"https:\/\/www.padreeustaquio.com.br\/wp-content\/uploads\/2021\/02\/festa-lourdes-2020.jpg\",\"width\":748,\"height\":394,\"caption\":\"Padres, festeiros e capit\u00e3es de mastro na abertura das Festividades de Nossa Senhora de Lourdes em Po\u00e1, S\u00e3o Paulo\"},{\"@type\":\"BreadcrumbList\",\"@id\":\"https:\/\/www.padreeustaquio.com.br\/paroquia-onde-padre-eustaquio-trabalhou-em-poa-sp-inicia-festa-da-padroeira\/#breadcrumb\",\"itemListElement\":[{\"@type\":\"ListItem\",\"position\":1,\"name\":\"In\u00edcio\",\"item\":\"https:\/\/www.padreeustaquio.com.br\/\"},{\"@type\":\"ListItem\",\"position\":2,\"name\":\"Par\u00f3quia onde Padre Eust\u00e1quio trabalhou, em Po\u00e1-SP, inicia festa da Padroeira\"}]},{\"@type\":\"WebSite\",\"@id\":\"https:\/\/www.padreeustaquio.com.br\/#website\",\"url\":\"https:\/\/www.padreeustaquio.com.br\/\",\"name\":\"Padre Eust\u00e1quio\",\"description\":\"Sa\u00fade e Paz\",\"publisher\":{\"@id\":\"https:\/\/www.padreeustaquio.com.br\/#organization\"},\"potentialAction\":[{\"@type\":\"SearchAction\",\"target\":{\"@type\":\"EntryPoint\",\"urlTemplate\":\"https:\/\/www.padreeustaquio.com.br\/?s={search_term_string}\"},\"query-input\":{\"@type\":\"PropertyValueSpecification\",\"valueRequired\":true,\"valueName\":\"search_term_string\"}}],\"inLanguage\":\"es\"},{\"@type\":\"Organization\",\"@id\":\"https:\/\/www.padreeustaquio.com.br\/#organization\",\"name\":\"Padre Eust\u00e1quio\",\"url\":\"https:\/\/www.padreeustaquio.com.br\/\",\"logo\":{\"@type\":\"ImageObject\",\"inLanguage\":\"es\",\"@id\":\"https:\/\/www.padreeustaquio.com.br\/#\/schema\/logo\/image\/\",\"url\":\"https:\/\/www.padreeustaquio.com.br\/wp-content\/uploads\/2019\/08\/marca.png\",\"contentUrl\":\"https:\/\/www.padreeustaquio.com.br\/wp-content\/uploads\/2019\/08\/marca.png\",\"width\":350,\"height\":400,\"caption\":\"Padre Eust\u00e1quio\"},\"image\":{\"@id\":\"https:\/\/www.padreeustaquio.com.br\/#\/schema\/logo\/image\/\"},\"sameAs\":[\"https:\/\/www.facebook.com\/beatopadreeustaquio\/\",\"https:\/\/x.com\/beatopeustaquio\",\"https:\/\/www.instagram.com\/beatopadreeustaquio\/\",\"https:\/\/www.youtube.com\/channel\/UCRhw7vfabnajwLxb1ZXMeIw\"]},{\"@type\":\"Person\",\"@id\":\"https:\/\/www.padreeustaquio.com.br\/#\/schema\/person\/a2a51db1d00f1a7af0204a0f1ddb1566\",\"name\":\"@sscc\",\"image\":{\"@type\":\"ImageObject\",\"inLanguage\":\"es\",\"@id\":\"https:\/\/secure.gravatar.com\/avatar\/68cfafa5f44617fea54071e215026e0ff06be366c3d54a8425f04fdcb86f8c5f?s=96&d=mm&r=g\",\"url\":\"https:\/\/secure.gravatar.com\/avatar\/68cfafa5f44617fea54071e215026e0ff06be366c3d54a8425f04fdcb86f8c5f?s=96&d=mm&r=g\",\"contentUrl\":\"https:\/\/secure.gravatar.com\/avatar\/68cfafa5f44617fea54071e215026e0ff06be366c3d54a8425f04fdcb86f8c5f?s=96&d=mm&r=g\",\"caption\":\"@sscc\"},\"url\":\"https:\/\/www.padreeustaquio.com.br\/es\/author\/sscc\/\"}]}<\/script>\n<!-- \/ Yoast SEO plugin. -->","yoast_head_json":{"title":"La parroquia donde trabajaba el Padre Eust\u00e1quio, en Po\u00e1-SP, inicia la fiesta patronal - Padre Eust\u00e1quio","robots":{"index":"index","follow":"follow","max-snippet":"max-snippet:-1","max-image-preview":"max-image-preview:large","max-video-preview":"max-video-preview:-1"},"canonical":"https:\/\/www.padreeustaquio.com.br\/es\/la-parroquia-donde-trabajaba-el-padre-eustaquio-en-porto-alegre-sp-inicia-sus-fiestas-patronales\/","og_locale":"es_ES","og_type":"article","og_title":"Par\u00f3quia onde Padre Eust\u00e1quio trabalhou, em Po\u00e1-SP, inicia festa da Padroeira - Padre Eust\u00e1quio","og_description":"Os paroquianos da Matriz de Nossa Senhora de Lourdes, em Po\u00e1 na grande S\u00e3o Paulo, deram in\u00edcio ontem, dia 02 de fevereiro, \u00e0s festividades da Padroeira. A missa de abertura foi celebrada pelo p\u00e1roco, Pe. Reginaldo Martins da Silva. Durante os nove dias da novena, a Santa Missa ser\u00e1 celebrada por padres convidados. Confira: Dia 02 &#8211; Pe. Reginaldo Martins da Silva Dia 03 &#8211; Pe. Rafael Rodrigues Xavier Dia 04 &#8211; Pe. Victor Almeida Moreira Dia 05 &#8211;\u00a0Pe. Ant\u00f4nio Carlos Fernandes Dia 06 &#8211;\u00a0Pe. Thiago Cosmo da Silva Dia 07 &#8211;\u00a0Pe. Marco Aur\u00e9lio de Aguiar Dia 08 &#8211;\u00a0Pe. Leonardo [&hellip;]","og_url":"https:\/\/www.padreeustaquio.com.br\/es\/la-parroquia-donde-trabajaba-el-padre-eustaquio-en-porto-alegre-sp-inicia-sus-fiestas-patronales\/","og_site_name":"Padre Eust\u00e1quio","article_publisher":"https:\/\/www.facebook.com\/beatopadreeustaquio\/","article_published_time":"2021-02-03T11:00:08+00:00","article_modified_time":"2021-02-04T00:00:44+00:00","og_image":[{"width":748,"height":394,"url":"https:\/\/www.padreeustaquio.com.br\/wp-content\/uploads\/2021\/02\/festa-lourdes-2020.jpg","type":"image\/jpeg"}],"author":"@sscc","twitter_card":"summary_large_image","twitter_creator":"@beatopeustaquio","twitter_site":"@beatopeustaquio","twitter_misc":{"Escrito por":"@sscc","Tiempo de lectura":"1 minuto"},"schema":{"@context":"https:\/\/schema.org","@graph":[{"@type":"Article","@id":"https:\/\/www.padreeustaquio.com.br\/paroquia-onde-padre-eustaquio-trabalhou-em-poa-sp-inicia-festa-da-padroeira\/#article","isPartOf":{"@id":"https:\/\/www.padreeustaquio.com.br\/paroquia-onde-padre-eustaquio-trabalhou-em-poa-sp-inicia-festa-da-padroeira\/"},"author":{"name":"@sscc","@id":"https:\/\/www.padreeustaquio.com.br\/#\/schema\/person\/a2a51db1d00f1a7af0204a0f1ddb1566"},"headline":"Par\u00f3quia onde Padre Eust\u00e1quio trabalhou, em Po\u00e1-SP, inicia festa da Padroeira","datePublished":"2021-02-03T11:00:08+00:00","dateModified":"2021-02-04T00:00:44+00:00","mainEntityOfPage":{"@id":"https:\/\/www.padreeustaquio.com.br\/paroquia-onde-padre-eustaquio-trabalhou-em-poa-sp-inicia-festa-da-padroeira\/"},"wordCount":295,"commentCount":0,"publisher":{"@id":"https:\/\/www.padreeustaquio.com.br\/#organization"},"image":{"@id":"https:\/\/www.padreeustaquio.com.br\/paroquia-onde-padre-eustaquio-trabalhou-em-poa-sp-inicia-festa-da-padroeira\/#primaryimage"},"thumbnailUrl":"https:\/\/www.padreeustaquio.com.br\/wp-content\/uploads\/2021\/02\/festa-lourdes-2020.jpg","articleSection":["Not\u00edcias"],"inLanguage":"es","potentialAction":[{"@type":"CommentAction","name":"Comment","target":["https:\/\/www.padreeustaquio.com.br\/paroquia-onde-padre-eustaquio-trabalhou-em-poa-sp-inicia-festa-da-padroeira\/#respond"]}]},{"@type":"WebPage","@id":"https:\/\/www.padreeustaquio.com.br\/paroquia-onde-padre-eustaquio-trabalhou-em-poa-sp-inicia-festa-da-padroeira\/","url":"https:\/\/www.padreeustaquio.com.br\/paroquia-onde-padre-eustaquio-trabalhou-em-poa-sp-inicia-festa-da-padroeira\/","name":"La parroquia donde trabajaba el Padre Eust\u00e1quio, en Po\u00e1-SP, inicia la fiesta patronal - Padre Eust\u00e1quio","isPartOf":{"@id":"https:\/\/www.padreeustaquio.com.br\/#website"},"primaryImageOfPage":{"@id":"https:\/\/www.padreeustaquio.com.br\/paroquia-onde-padre-eustaquio-trabalhou-em-poa-sp-inicia-festa-da-padroeira\/#primaryimage"},"image":{"@id":"https:\/\/www.padreeustaquio.com.br\/paroquia-onde-padre-eustaquio-trabalhou-em-poa-sp-inicia-festa-da-padroeira\/#primaryimage"},"thumbnailUrl":"https:\/\/www.padreeustaquio.com.br\/wp-content\/uploads\/2021\/02\/festa-lourdes-2020.jpg","datePublished":"2021-02-03T11:00:08+00:00","dateModified":"2021-02-04T00:00:44+00:00","breadcrumb":{"@id":"https:\/\/www.padreeustaquio.com.br\/paroquia-onde-padre-eustaquio-trabalhou-em-poa-sp-inicia-festa-da-padroeira\/#breadcrumb"},"inLanguage":"es","potentialAction":[{"@type":"ReadAction","target":["https:\/\/www.padreeustaquio.com.br\/paroquia-onde-padre-eustaquio-trabalhou-em-poa-sp-inicia-festa-da-padroeira\/"]}]},{"@type":"ImageObject","inLanguage":"es","@id":"https:\/\/www.padreeustaquio.com.br\/paroquia-onde-padre-eustaquio-trabalhou-em-poa-sp-inicia-festa-da-padroeira\/#primaryimage","url":"https:\/\/www.padreeustaquio.com.br\/wp-content\/uploads\/2021\/02\/festa-lourdes-2020.jpg","contentUrl":"https:\/\/www.padreeustaquio.com.br\/wp-content\/uploads\/2021\/02\/festa-lourdes-2020.jpg","width":748,"height":394,"caption":"Padres, festeiros e capit\u00e3es de mastro na abertura das Festividades de Nossa Senhora de Lourdes em Po\u00e1, S\u00e3o Paulo"},{"@type":"BreadcrumbList","@id":"https:\/\/www.padreeustaquio.com.br\/paroquia-onde-padre-eustaquio-trabalhou-em-poa-sp-inicia-festa-da-padroeira\/#breadcrumb","itemListElement":[{"@type":"ListItem","position":1,"name":"In\u00edcio","item":"https:\/\/www.padreeustaquio.com.br\/"},{"@type":"ListItem","position":2,"name":"Par\u00f3quia onde Padre Eust\u00e1quio trabalhou, em Po\u00e1-SP, inicia festa da Padroeira"}]},{"@type":"WebSite","@id":"https:\/\/www.padreeustaquio.com.br\/#website","url":"https:\/\/www.padreeustaquio.com.br\/","name":"Padre Eustace","description":"Salud y Paz","publisher":{"@id":"https:\/\/www.padreeustaquio.com.br\/#organization"},"potentialAction":[{"@type":"SearchAction","target":{"@type":"EntryPoint","urlTemplate":"https:\/\/www.padreeustaquio.com.br\/?s={search_term_string}"},"query-input":{"@type":"PropertyValueSpecification","valueRequired":true,"valueName":"search_term_string"}}],"inLanguage":"es"},{"@type":"Organization","@id":"https:\/\/www.padreeustaquio.com.br\/#organization","name":"Padre Eustace","url":"https:\/\/www.padreeustaquio.com.br\/","logo":{"@type":"ImageObject","inLanguage":"es","@id":"https:\/\/www.padreeustaquio.com.br\/#\/schema\/logo\/image\/","url":"https:\/\/www.padreeustaquio.com.br\/wp-content\/uploads\/2019\/08\/marca.png","contentUrl":"https:\/\/www.padreeustaquio.com.br\/wp-content\/uploads\/2019\/08\/marca.png","width":350,"height":400,"caption":"Padre Eust\u00e1quio"},"image":{"@id":"https:\/\/www.padreeustaquio.com.br\/#\/schema\/logo\/image\/"},"sameAs":["https:\/\/www.facebook.com\/beatopadreeustaquio\/","https:\/\/x.com\/beatopeustaquio","https:\/\/www.instagram.com\/beatopadreeustaquio\/","https:\/\/www.youtube.com\/channel\/UCRhw7vfabnajwLxb1ZXMeIw"]},{"@type":"Person","@id":"https:\/\/www.padreeustaquio.com.br\/#\/schema\/person\/a2a51db1d00f1a7af0204a0f1ddb1566","name":"@sscc","image":{"@type":"ImageObject","inLanguage":"es","@id":"https:\/\/secure.gravatar.com\/avatar\/68cfafa5f44617fea54071e215026e0ff06be366c3d54a8425f04fdcb86f8c5f?s=96&d=mm&r=g","url":"https:\/\/secure.gravatar.com\/avatar\/68cfafa5f44617fea54071e215026e0ff06be366c3d54a8425f04fdcb86f8c5f?s=96&d=mm&r=g","contentUrl":"https:\/\/secure.gravatar.com\/avatar\/68cfafa5f44617fea54071e215026e0ff06be366c3d54a8425f04fdcb86f8c5f?s=96&d=mm&r=g","caption":"@sscc"},"url":"https:\/\/www.padreeustaquio.com.br\/es\/author\/sscc\/"}]}},"_links":{"self":[{"href":"https:\/\/www.padreeustaquio.com.br\/es\/wp-json\/wp\/v2\/posts\/4951","targetHints":{"allow":["GET"]}}],"collection":[{"href":"https:\/\/www.padreeustaquio.com.br\/es\/wp-json\/wp\/v2\/posts"}],"about":[{"href":"https:\/\/www.padreeustaquio.com.br\/es\/wp-json\/wp\/v2\/types\/post"}],"author":[{"embeddable":true,"href":"https:\/\/www.padreeustaquio.com.br\/es\/wp-json\/wp\/v2\/users\/2"}],"replies":[{"embeddable":true,"href":"https:\/\/www.padreeustaquio.com.br\/es\/wp-json\/wp\/v2\/comments?post=4951"}],"version-history":[{"count":0,"href":"https:\/\/www.padreeustaquio.com.br\/es\/wp-json\/wp\/v2\/posts\/4951\/revisions"}],"wp:featuredmedia":[{"embeddable":true,"href":"https:\/\/www.padreeustaquio.com.br\/es\/wp-json\/wp\/v2\/media\/4961"}],"wp:attachment":[{"href":"https:\/\/www.padreeustaquio.com.br\/es\/wp-json\/wp\/v2\/media?parent=4951"}],"wp:term":[{"taxonomy":"category","embeddable":true,"href":"https:\/\/www.padreeustaquio.com.br\/es\/wp-json\/wp\/v2\/categories?post=4951"},{"taxonomy":"post_tag","embeddable":true,"href":"https:\/\/www.padreeustaquio.com.br\/es\/wp-json\/wp\/v2\/tags?post=4951"}],"curies":[{"name":"wp","href":"https:\/\/api.w.org\/{rel}","templated":true}]}}