{"id":4944,"date":"2021-02-01T17:17:54","date_gmt":"2021-02-01T20:17:54","guid":{"rendered":"https:\/\/www.padreeustaquio.com.br\/?p=4944"},"modified":"2021-02-01T17:17:54","modified_gmt":"2021-02-01T20:17:54","slug":"la-bendicion-de-la-garganta-se-realizara-de-forma-virtual-en-la-iglesia-padre-eustaquio","status":"publish","type":"post","link":"https:\/\/www.padreeustaquio.com.br\/es\/la-bendicion-de-la-garganta-se-realizara-de-forma-virtual-en-la-iglesia-padre-eustaquio\/","title":{"rendered":"La bendici\u00f3n de la garganta se realizar\u00e1 de forma virtual en la iglesia Padre Eust\u00e1quio."},"content":{"rendered":"<p>El pr\u00f3ximo mi\u00e9rcoles 3 de febrero se celebra el d\u00eda de San Blas. Obispo y m\u00e1rtir, se le conoce como el santo patr\u00f3n de la garganta. En esta fecha, iglesias de todo el mundo celebran una ceremonia de bendici\u00f3n con velas benditas. Esto mismo ocurre anualmente en el Santuario de la Salud y la Paz, la iglesia del Padre Eustaquio, pero en 2021 ser\u00e1 diferente.<\/p>\n<p>Como los mi\u00e9rcoles no hay Misa con presencia de la congregaci\u00f3n, la celebraci\u00f3n tendr\u00e1 lugar en la capilla de la Casa Provincial de los Sagrados Corazones en Belo Horizonte y ser\u00e1 transmitida online. <a href=\"https:\/\/www.youtube.com\/channel\/UCRhw7vfabnajwLxb1ZXMeIw\">Canal Padre Eust\u00e1quio<\/a>.<\/p>\n<p>Durante la Santa Misa, el celebrante proceder\u00e1 seg\u00fan las instrucciones de la Comisi\u00f3n de Liturgia de la CNBB. Debido a las precauciones sanitarias relacionadas con la pandemia de coronavirus,<span style=\"font-size: 1.21429rem;\">\u00a0\u201cLa &quot;bendici\u00f3n de la garganta&quot;, como se la conoce, debe realizarse de la siguiente manera:<\/span><\/p>\n<p>Tras la homil\u00eda, se bendicen dos velas grandes, unidas por una cinta roja. Tras la oraci\u00f3n de bendici\u00f3n y la aspersi\u00f3n de las velas, sin decir palabra, el sacerdote invitar\u00e1 a los presentes a permanecer en esp\u00edritu de oraci\u00f3n.<\/p>\n<p>A continuaci\u00f3n, el presidente levanta las velas en forma de cruz (o cruces), unidas por una cinta roja, hacia la Asamblea, y dice una vez la oraci\u00f3n:\u201c<em>Por la intercesi\u00f3n de San Blas, Obispo y M\u00e1rtir, que Dios te libre de las dolencias de garganta y de cualquier otra enfermedad. En el nombre del Padre, del Hijo y del Esp\u00edritu Santo.<\/em>\u201d. <em>Am\u00e9n<\/em>.\u201d<\/p>\n<p>De acuerdo con las directrices de <a href=\"https:\/\/www.cnbb.org.br\/comissao-para-a-liturgia-divulga-orientacoes-para-a-bencao-das-velas-no-dia-de-sao-bras\/\">CNBB<\/a>, Este a\u00f1o, el gesto de tocar el cuello de las personas con velas para bendecirlas no se realizar\u00e1, ni siquiera en los lugares donde habr\u00e1 misa presencial.<\/p>\n<p>La Santa Misa por el Canal Padre Eust\u00e1quio comienza a las 19 horas y tambi\u00e9n se puede acceder v\u00eda Facebook: <a href=\"https:\/\/pt-br.facebook.com\/beatopadreeustaquio\/\">@beatopadreeustaquio<\/a>.<\/p>","protected":false},"excerpt":{"rendered":"<p>Na pr\u00f3xima quarta-feira, dia 03 de fevereiro, \u00e9 dia de S\u00e3o Br\u00e1s. Bispo e m\u00e1rtir, ele ficou conhecido como padroeiro da garganta. Na data, as igrejas de todo o mundo promovem a b\u00ean\u00e7\u00e3o com as velas aben\u00e7oadas. O mesmo ocorre anualmente no Santu\u00e1rio da Sa\u00fade e Paz, a igreja do Padre Eust\u00e1quio, mas em 2021 ser\u00e1 diferente. Como \u00e0s quartas-feiras n\u00e3o h\u00e1 missa com a presen\u00e7a da assembleia, a celebra\u00e7\u00e3o ocorrer\u00e1 na capela da Casa Provincial dos Sagrados Cora\u00e7\u00f5es em Belo Horizonte e ser\u00e1 transmitida pelo Canal Padre Eust\u00e1quio. Durante a Santa Missa, o presidente da celebra\u00e7\u00e3o vai proceder assim [&hellip;]<\/p>\n","protected":false},"author":2,"featured_media":4946,"comment_status":"open","ping_status":"open","sticky":false,"template":"","format":"standard","meta":{"_acf_changed":false,"footnotes":""},"categories":[611],"tags":[],"class_list":["post-4944","post","type-post","status-publish","format-standard","has-post-thumbnail","hentry","category-noticias"],"acf":[],"yoast_head":"<!-- This site is optimized with the Yoast SEO plugin v27.2 - https:\/\/yoast.com\/product\/yoast-seo-wordpress\/ -->\n<title>B\u00ean\u00e7\u00e3o da garganta ser\u00e1 feita de forma virtual na igreja Padre Eust\u00e1quio - Padre Eust\u00e1quio<\/title>\n<meta name=\"robots\" content=\"index, follow, max-snippet:-1, max-image-preview:large, max-video-preview:-1\" \/>\n<link rel=\"canonical\" href=\"https:\/\/www.padreeustaquio.com.br\/es\/la-bendicion-de-la-garganta-se-realizara-de-forma-virtual-en-la-iglesia-padre-eustaquio\/\" \/>\n<meta property=\"og:locale\" content=\"es_ES\" \/>\n<meta property=\"og:type\" content=\"article\" \/>\n<meta property=\"og:title\" content=\"B\u00ean\u00e7\u00e3o da garganta ser\u00e1 feita de forma virtual na igreja Padre Eust\u00e1quio - Padre Eust\u00e1quio\" \/>\n<meta property=\"og:description\" content=\"Na pr\u00f3xima quarta-feira, dia 03 de fevereiro, \u00e9 dia de S\u00e3o Br\u00e1s. Bispo e m\u00e1rtir, ele ficou conhecido como padroeiro da garganta. Na data, as igrejas de todo o mundo promovem a b\u00ean\u00e7\u00e3o com as velas aben\u00e7oadas. O mesmo ocorre anualmente no Santu\u00e1rio da Sa\u00fade e Paz, a igreja do Padre Eust\u00e1quio, mas em 2021 ser\u00e1 diferente. Como \u00e0s quartas-feiras n\u00e3o h\u00e1 missa com a presen\u00e7a da assembleia, a celebra\u00e7\u00e3o ocorrer\u00e1 na capela da Casa Provincial dos Sagrados Cora\u00e7\u00f5es em Belo Horizonte e ser\u00e1 transmitida pelo Canal Padre Eust\u00e1quio. Durante a Santa Missa, o presidente da celebra\u00e7\u00e3o vai proceder assim [&hellip;]\" \/>\n<meta property=\"og:url\" content=\"https:\/\/www.padreeustaquio.com.br\/es\/la-bendicion-de-la-garganta-se-realizara-de-forma-virtual-en-la-iglesia-padre-eustaquio\/\" \/>\n<meta property=\"og:site_name\" content=\"Padre Eust\u00e1quio\" \/>\n<meta property=\"article:publisher\" content=\"https:\/\/www.facebook.com\/beatopadreeustaquio\/\" \/>\n<meta property=\"article:published_time\" content=\"2021-02-01T20:17:54+00:00\" \/>\n<meta property=\"og:image\" content=\"https:\/\/www.padreeustaquio.com.br\/wp-content\/uploads\/2021\/02\/s\u00e3o-bras-1.jpg\" \/>\n\t<meta property=\"og:image:width\" content=\"748\" \/>\n\t<meta property=\"og:image:height\" content=\"394\" \/>\n\t<meta property=\"og:image:type\" content=\"image\/jpeg\" \/>\n<meta name=\"author\" content=\"@sscc\" \/>\n<meta name=\"twitter:card\" content=\"summary_large_image\" \/>\n<meta name=\"twitter:creator\" content=\"@beatopeustaquio\" \/>\n<meta name=\"twitter:site\" content=\"@beatopeustaquio\" \/>\n<meta name=\"twitter:label1\" content=\"Escrito por\" \/>\n\t<meta name=\"twitter:data1\" content=\"@sscc\" \/>\n\t<meta name=\"twitter:label2\" content=\"Tiempo de lectura\" \/>\n\t<meta name=\"twitter:data2\" content=\"2 minutos\" \/>\n<script type=\"application\/ld+json\" class=\"yoast-schema-graph\">{\"@context\":\"https:\/\/schema.org\",\"@graph\":[{\"@type\":\"Article\",\"@id\":\"https:\/\/www.padreeustaquio.com.br\/bencao-da-garganta-sera-feita-de-forma-virtual-na-igreja-padre-eustaquio\/#article\",\"isPartOf\":{\"@id\":\"https:\/\/www.padreeustaquio.com.br\/bencao-da-garganta-sera-feita-de-forma-virtual-na-igreja-padre-eustaquio\/\"},\"author\":{\"name\":\"@sscc\",\"@id\":\"https:\/\/www.padreeustaquio.com.br\/#\/schema\/person\/a2a51db1d00f1a7af0204a0f1ddb1566\"},\"headline\":\"B\u00ean\u00e7\u00e3o da garganta ser\u00e1 feita de forma virtual na igreja Padre Eust\u00e1quio\",\"datePublished\":\"2021-02-01T20:17:54+00:00\",\"mainEntityOfPage\":{\"@id\":\"https:\/\/www.padreeustaquio.com.br\/bencao-da-garganta-sera-feita-de-forma-virtual-na-igreja-padre-eustaquio\/\"},\"wordCount\":345,\"commentCount\":0,\"publisher\":{\"@id\":\"https:\/\/www.padreeustaquio.com.br\/#organization\"},\"image\":{\"@id\":\"https:\/\/www.padreeustaquio.com.br\/bencao-da-garganta-sera-feita-de-forma-virtual-na-igreja-padre-eustaquio\/#primaryimage\"},\"thumbnailUrl\":\"https:\/\/www.padreeustaquio.com.br\/wp-content\/uploads\/2021\/02\/s\u00e3o-bras-1.jpg\",\"articleSection\":[\"Not\u00edcias\"],\"inLanguage\":\"es\",\"potentialAction\":[{\"@type\":\"CommentAction\",\"name\":\"Comment\",\"target\":[\"https:\/\/www.padreeustaquio.com.br\/bencao-da-garganta-sera-feita-de-forma-virtual-na-igreja-padre-eustaquio\/#respond\"]}]},{\"@type\":\"WebPage\",\"@id\":\"https:\/\/www.padreeustaquio.com.br\/bencao-da-garganta-sera-feita-de-forma-virtual-na-igreja-padre-eustaquio\/\",\"url\":\"https:\/\/www.padreeustaquio.com.br\/bencao-da-garganta-sera-feita-de-forma-virtual-na-igreja-padre-eustaquio\/\",\"name\":\"B\u00ean\u00e7\u00e3o da garganta ser\u00e1 feita de forma virtual na igreja Padre Eust\u00e1quio - Padre Eust\u00e1quio\",\"isPartOf\":{\"@id\":\"https:\/\/www.padreeustaquio.com.br\/#website\"},\"primaryImageOfPage\":{\"@id\":\"https:\/\/www.padreeustaquio.com.br\/bencao-da-garganta-sera-feita-de-forma-virtual-na-igreja-padre-eustaquio\/#primaryimage\"},\"image\":{\"@id\":\"https:\/\/www.padreeustaquio.com.br\/bencao-da-garganta-sera-feita-de-forma-virtual-na-igreja-padre-eustaquio\/#primaryimage\"},\"thumbnailUrl\":\"https:\/\/www.padreeustaquio.com.br\/wp-content\/uploads\/2021\/02\/s\u00e3o-bras-1.jpg\",\"datePublished\":\"2021-02-01T20:17:54+00:00\",\"breadcrumb\":{\"@id\":\"https:\/\/www.padreeustaquio.com.br\/bencao-da-garganta-sera-feita-de-forma-virtual-na-igreja-padre-eustaquio\/#breadcrumb\"},\"inLanguage\":\"es\",\"potentialAction\":[{\"@type\":\"ReadAction\",\"target\":[\"https:\/\/www.padreeustaquio.com.br\/bencao-da-garganta-sera-feita-de-forma-virtual-na-igreja-padre-eustaquio\/\"]}]},{\"@type\":\"ImageObject\",\"inLanguage\":\"es\",\"@id\":\"https:\/\/www.padreeustaquio.com.br\/bencao-da-garganta-sera-feita-de-forma-virtual-na-igreja-padre-eustaquio\/#primaryimage\",\"url\":\"https:\/\/www.padreeustaquio.com.br\/wp-content\/uploads\/2021\/02\/s\u00e3o-bras-1.jpg\",\"contentUrl\":\"https:\/\/www.padreeustaquio.com.br\/wp-content\/uploads\/2021\/02\/s\u00e3o-bras-1.jpg\",\"width\":748,\"height\":394,\"caption\":\"S\u00e3o Br\u00e1s: bispo, m\u00e1rtir e padroeiro da garganta\"},{\"@type\":\"BreadcrumbList\",\"@id\":\"https:\/\/www.padreeustaquio.com.br\/bencao-da-garganta-sera-feita-de-forma-virtual-na-igreja-padre-eustaquio\/#breadcrumb\",\"itemListElement\":[{\"@type\":\"ListItem\",\"position\":1,\"name\":\"In\u00edcio\",\"item\":\"https:\/\/www.padreeustaquio.com.br\/\"},{\"@type\":\"ListItem\",\"position\":2,\"name\":\"B\u00ean\u00e7\u00e3o da garganta ser\u00e1 feita de forma virtual na igreja Padre Eust\u00e1quio\"}]},{\"@type\":\"WebSite\",\"@id\":\"https:\/\/www.padreeustaquio.com.br\/#website\",\"url\":\"https:\/\/www.padreeustaquio.com.br\/\",\"name\":\"Padre Eust\u00e1quio\",\"description\":\"Sa\u00fade e Paz\",\"publisher\":{\"@id\":\"https:\/\/www.padreeustaquio.com.br\/#organization\"},\"potentialAction\":[{\"@type\":\"SearchAction\",\"target\":{\"@type\":\"EntryPoint\",\"urlTemplate\":\"https:\/\/www.padreeustaquio.com.br\/?s={search_term_string}\"},\"query-input\":{\"@type\":\"PropertyValueSpecification\",\"valueRequired\":true,\"valueName\":\"search_term_string\"}}],\"inLanguage\":\"es\"},{\"@type\":\"Organization\",\"@id\":\"https:\/\/www.padreeustaquio.com.br\/#organization\",\"name\":\"Padre Eust\u00e1quio\",\"url\":\"https:\/\/www.padreeustaquio.com.br\/\",\"logo\":{\"@type\":\"ImageObject\",\"inLanguage\":\"es\",\"@id\":\"https:\/\/www.padreeustaquio.com.br\/#\/schema\/logo\/image\/\",\"url\":\"https:\/\/www.padreeustaquio.com.br\/wp-content\/uploads\/2019\/08\/marca.png\",\"contentUrl\":\"https:\/\/www.padreeustaquio.com.br\/wp-content\/uploads\/2019\/08\/marca.png\",\"width\":350,\"height\":400,\"caption\":\"Padre Eust\u00e1quio\"},\"image\":{\"@id\":\"https:\/\/www.padreeustaquio.com.br\/#\/schema\/logo\/image\/\"},\"sameAs\":[\"https:\/\/www.facebook.com\/beatopadreeustaquio\/\",\"https:\/\/x.com\/beatopeustaquio\",\"https:\/\/www.instagram.com\/beatopadreeustaquio\/\",\"https:\/\/www.youtube.com\/channel\/UCRhw7vfabnajwLxb1ZXMeIw\"]},{\"@type\":\"Person\",\"@id\":\"https:\/\/www.padreeustaquio.com.br\/#\/schema\/person\/a2a51db1d00f1a7af0204a0f1ddb1566\",\"name\":\"@sscc\",\"image\":{\"@type\":\"ImageObject\",\"inLanguage\":\"es\",\"@id\":\"https:\/\/secure.gravatar.com\/avatar\/68cfafa5f44617fea54071e215026e0ff06be366c3d54a8425f04fdcb86f8c5f?s=96&d=mm&r=g\",\"url\":\"https:\/\/secure.gravatar.com\/avatar\/68cfafa5f44617fea54071e215026e0ff06be366c3d54a8425f04fdcb86f8c5f?s=96&d=mm&r=g\",\"contentUrl\":\"https:\/\/secure.gravatar.com\/avatar\/68cfafa5f44617fea54071e215026e0ff06be366c3d54a8425f04fdcb86f8c5f?s=96&d=mm&r=g\",\"caption\":\"@sscc\"},\"url\":\"https:\/\/www.padreeustaquio.com.br\/es\/author\/sscc\/\"}]}<\/script>\n<!-- \/ Yoast SEO plugin. -->","yoast_head_json":{"title":"La bendici\u00f3n de la garganta se realizar\u00e1 de forma virtual en la iglesia Padre Eust\u00e1quio - Padre Eust\u00e1quio","robots":{"index":"index","follow":"follow","max-snippet":"max-snippet:-1","max-image-preview":"max-image-preview:large","max-video-preview":"max-video-preview:-1"},"canonical":"https:\/\/www.padreeustaquio.com.br\/es\/la-bendicion-de-la-garganta-se-realizara-de-forma-virtual-en-la-iglesia-padre-eustaquio\/","og_locale":"es_ES","og_type":"article","og_title":"B\u00ean\u00e7\u00e3o da garganta ser\u00e1 feita de forma virtual na igreja Padre Eust\u00e1quio - Padre Eust\u00e1quio","og_description":"Na pr\u00f3xima quarta-feira, dia 03 de fevereiro, \u00e9 dia de S\u00e3o Br\u00e1s. Bispo e m\u00e1rtir, ele ficou conhecido como padroeiro da garganta. Na data, as igrejas de todo o mundo promovem a b\u00ean\u00e7\u00e3o com as velas aben\u00e7oadas. O mesmo ocorre anualmente no Santu\u00e1rio da Sa\u00fade e Paz, a igreja do Padre Eust\u00e1quio, mas em 2021 ser\u00e1 diferente. Como \u00e0s quartas-feiras n\u00e3o h\u00e1 missa com a presen\u00e7a da assembleia, a celebra\u00e7\u00e3o ocorrer\u00e1 na capela da Casa Provincial dos Sagrados Cora\u00e7\u00f5es em Belo Horizonte e ser\u00e1 transmitida pelo Canal Padre Eust\u00e1quio. Durante a Santa Missa, o presidente da celebra\u00e7\u00e3o vai proceder assim [&hellip;]","og_url":"https:\/\/www.padreeustaquio.com.br\/es\/la-bendicion-de-la-garganta-se-realizara-de-forma-virtual-en-la-iglesia-padre-eustaquio\/","og_site_name":"Padre Eust\u00e1quio","article_publisher":"https:\/\/www.facebook.com\/beatopadreeustaquio\/","article_published_time":"2021-02-01T20:17:54+00:00","og_image":[{"width":748,"height":394,"url":"https:\/\/www.padreeustaquio.com.br\/wp-content\/uploads\/2021\/02\/s\u00e3o-bras-1.jpg","type":"image\/jpeg"}],"author":"@sscc","twitter_card":"summary_large_image","twitter_creator":"@beatopeustaquio","twitter_site":"@beatopeustaquio","twitter_misc":{"Escrito por":"@sscc","Tiempo de lectura":"2 minutos"},"schema":{"@context":"https:\/\/schema.org","@graph":[{"@type":"Article","@id":"https:\/\/www.padreeustaquio.com.br\/bencao-da-garganta-sera-feita-de-forma-virtual-na-igreja-padre-eustaquio\/#article","isPartOf":{"@id":"https:\/\/www.padreeustaquio.com.br\/bencao-da-garganta-sera-feita-de-forma-virtual-na-igreja-padre-eustaquio\/"},"author":{"name":"@sscc","@id":"https:\/\/www.padreeustaquio.com.br\/#\/schema\/person\/a2a51db1d00f1a7af0204a0f1ddb1566"},"headline":"B\u00ean\u00e7\u00e3o da garganta ser\u00e1 feita de forma virtual na igreja Padre Eust\u00e1quio","datePublished":"2021-02-01T20:17:54+00:00","mainEntityOfPage":{"@id":"https:\/\/www.padreeustaquio.com.br\/bencao-da-garganta-sera-feita-de-forma-virtual-na-igreja-padre-eustaquio\/"},"wordCount":345,"commentCount":0,"publisher":{"@id":"https:\/\/www.padreeustaquio.com.br\/#organization"},"image":{"@id":"https:\/\/www.padreeustaquio.com.br\/bencao-da-garganta-sera-feita-de-forma-virtual-na-igreja-padre-eustaquio\/#primaryimage"},"thumbnailUrl":"https:\/\/www.padreeustaquio.com.br\/wp-content\/uploads\/2021\/02\/s\u00e3o-bras-1.jpg","articleSection":["Not\u00edcias"],"inLanguage":"es","potentialAction":[{"@type":"CommentAction","name":"Comment","target":["https:\/\/www.padreeustaquio.com.br\/bencao-da-garganta-sera-feita-de-forma-virtual-na-igreja-padre-eustaquio\/#respond"]}]},{"@type":"WebPage","@id":"https:\/\/www.padreeustaquio.com.br\/bencao-da-garganta-sera-feita-de-forma-virtual-na-igreja-padre-eustaquio\/","url":"https:\/\/www.padreeustaquio.com.br\/bencao-da-garganta-sera-feita-de-forma-virtual-na-igreja-padre-eustaquio\/","name":"La bendici\u00f3n de la garganta se realizar\u00e1 de forma virtual en la iglesia Padre Eust\u00e1quio - Padre Eust\u00e1quio","isPartOf":{"@id":"https:\/\/www.padreeustaquio.com.br\/#website"},"primaryImageOfPage":{"@id":"https:\/\/www.padreeustaquio.com.br\/bencao-da-garganta-sera-feita-de-forma-virtual-na-igreja-padre-eustaquio\/#primaryimage"},"image":{"@id":"https:\/\/www.padreeustaquio.com.br\/bencao-da-garganta-sera-feita-de-forma-virtual-na-igreja-padre-eustaquio\/#primaryimage"},"thumbnailUrl":"https:\/\/www.padreeustaquio.com.br\/wp-content\/uploads\/2021\/02\/s\u00e3o-bras-1.jpg","datePublished":"2021-02-01T20:17:54+00:00","breadcrumb":{"@id":"https:\/\/www.padreeustaquio.com.br\/bencao-da-garganta-sera-feita-de-forma-virtual-na-igreja-padre-eustaquio\/#breadcrumb"},"inLanguage":"es","potentialAction":[{"@type":"ReadAction","target":["https:\/\/www.padreeustaquio.com.br\/bencao-da-garganta-sera-feita-de-forma-virtual-na-igreja-padre-eustaquio\/"]}]},{"@type":"ImageObject","inLanguage":"es","@id":"https:\/\/www.padreeustaquio.com.br\/bencao-da-garganta-sera-feita-de-forma-virtual-na-igreja-padre-eustaquio\/#primaryimage","url":"https:\/\/www.padreeustaquio.com.br\/wp-content\/uploads\/2021\/02\/s\u00e3o-bras-1.jpg","contentUrl":"https:\/\/www.padreeustaquio.com.br\/wp-content\/uploads\/2021\/02\/s\u00e3o-bras-1.jpg","width":748,"height":394,"caption":"S\u00e3o Br\u00e1s: bispo, m\u00e1rtir e padroeiro da garganta"},{"@type":"BreadcrumbList","@id":"https:\/\/www.padreeustaquio.com.br\/bencao-da-garganta-sera-feita-de-forma-virtual-na-igreja-padre-eustaquio\/#breadcrumb","itemListElement":[{"@type":"ListItem","position":1,"name":"In\u00edcio","item":"https:\/\/www.padreeustaquio.com.br\/"},{"@type":"ListItem","position":2,"name":"B\u00ean\u00e7\u00e3o da garganta ser\u00e1 feita de forma virtual na igreja Padre Eust\u00e1quio"}]},{"@type":"WebSite","@id":"https:\/\/www.padreeustaquio.com.br\/#website","url":"https:\/\/www.padreeustaquio.com.br\/","name":"Padre Eustace","description":"Salud y Paz","publisher":{"@id":"https:\/\/www.padreeustaquio.com.br\/#organization"},"potentialAction":[{"@type":"SearchAction","target":{"@type":"EntryPoint","urlTemplate":"https:\/\/www.padreeustaquio.com.br\/?s={search_term_string}"},"query-input":{"@type":"PropertyValueSpecification","valueRequired":true,"valueName":"search_term_string"}}],"inLanguage":"es"},{"@type":"Organization","@id":"https:\/\/www.padreeustaquio.com.br\/#organization","name":"Padre Eustace","url":"https:\/\/www.padreeustaquio.com.br\/","logo":{"@type":"ImageObject","inLanguage":"es","@id":"https:\/\/www.padreeustaquio.com.br\/#\/schema\/logo\/image\/","url":"https:\/\/www.padreeustaquio.com.br\/wp-content\/uploads\/2019\/08\/marca.png","contentUrl":"https:\/\/www.padreeustaquio.com.br\/wp-content\/uploads\/2019\/08\/marca.png","width":350,"height":400,"caption":"Padre Eust\u00e1quio"},"image":{"@id":"https:\/\/www.padreeustaquio.com.br\/#\/schema\/logo\/image\/"},"sameAs":["https:\/\/www.facebook.com\/beatopadreeustaquio\/","https:\/\/x.com\/beatopeustaquio","https:\/\/www.instagram.com\/beatopadreeustaquio\/","https:\/\/www.youtube.com\/channel\/UCRhw7vfabnajwLxb1ZXMeIw"]},{"@type":"Person","@id":"https:\/\/www.padreeustaquio.com.br\/#\/schema\/person\/a2a51db1d00f1a7af0204a0f1ddb1566","name":"@sscc","image":{"@type":"ImageObject","inLanguage":"es","@id":"https:\/\/secure.gravatar.com\/avatar\/68cfafa5f44617fea54071e215026e0ff06be366c3d54a8425f04fdcb86f8c5f?s=96&d=mm&r=g","url":"https:\/\/secure.gravatar.com\/avatar\/68cfafa5f44617fea54071e215026e0ff06be366c3d54a8425f04fdcb86f8c5f?s=96&d=mm&r=g","contentUrl":"https:\/\/secure.gravatar.com\/avatar\/68cfafa5f44617fea54071e215026e0ff06be366c3d54a8425f04fdcb86f8c5f?s=96&d=mm&r=g","caption":"@sscc"},"url":"https:\/\/www.padreeustaquio.com.br\/es\/author\/sscc\/"}]}},"_links":{"self":[{"href":"https:\/\/www.padreeustaquio.com.br\/es\/wp-json\/wp\/v2\/posts\/4944","targetHints":{"allow":["GET"]}}],"collection":[{"href":"https:\/\/www.padreeustaquio.com.br\/es\/wp-json\/wp\/v2\/posts"}],"about":[{"href":"https:\/\/www.padreeustaquio.com.br\/es\/wp-json\/wp\/v2\/types\/post"}],"author":[{"embeddable":true,"href":"https:\/\/www.padreeustaquio.com.br\/es\/wp-json\/wp\/v2\/users\/2"}],"replies":[{"embeddable":true,"href":"https:\/\/www.padreeustaquio.com.br\/es\/wp-json\/wp\/v2\/comments?post=4944"}],"version-history":[{"count":0,"href":"https:\/\/www.padreeustaquio.com.br\/es\/wp-json\/wp\/v2\/posts\/4944\/revisions"}],"wp:featuredmedia":[{"embeddable":true,"href":"https:\/\/www.padreeustaquio.com.br\/es\/wp-json\/wp\/v2\/media\/4946"}],"wp:attachment":[{"href":"https:\/\/www.padreeustaquio.com.br\/es\/wp-json\/wp\/v2\/media?parent=4944"}],"wp:term":[{"taxonomy":"category","embeddable":true,"href":"https:\/\/www.padreeustaquio.com.br\/es\/wp-json\/wp\/v2\/categories?post=4944"},{"taxonomy":"post_tag","embeddable":true,"href":"https:\/\/www.padreeustaquio.com.br\/es\/wp-json\/wp\/v2\/tags?post=4944"}],"curies":[{"name":"wp","href":"https:\/\/api.w.org\/{rel}","templated":true}]}}