{"id":4938,"date":"2021-01-31T09:15:55","date_gmt":"2021-01-31T12:15:55","guid":{"rendered":"https:\/\/www.padreeustaquio.com.br\/?p=4938"},"modified":"2021-02-03T13:26:16","modified_gmt":"2021-02-03T16:26:16","slug":"hace-72-anos-la-tumba-del-padre-eustaquio-fue-trasladada-a-la-nueva-iglesia-parroquial","status":"publish","type":"post","link":"https:\/\/www.padreeustaquio.com.br\/es\/hace-72-anos-la-tumba-del-padre-eustaquio-fue-trasladada-a-la-nueva-iglesia-parroquial\/","title":{"rendered":"Hace setenta y dos a\u00f1os, la tumba del Padre Eust\u00e1quio fue trasladada a la nueva iglesia."},"content":{"rendered":"<p>Fue el 31 de enero de 1949, con la finalizaci\u00f3n de la nueva iglesia de los Sagrados Corazones, dise\u00f1ada por el propio Padre Eust\u00e1quio, que sus restos mortales fueron trasladados del Cementerio de Bonfim a la nueva iglesia.<\/p>\n<p>Durante la construcci\u00f3n del templo, se reserv\u00f3 un espacio justo a la entrada de la iglesia para recibir los restos mortales del sacerdote. D\u00edas antes del traslado de los huesos, una comisi\u00f3n compuesta por sacerdotes de la Congregaci\u00f3n y expertos acudi\u00f3 al Cementerio de Bonfim para abrir la tumba y realizar la exhumaci\u00f3n. Todo fue registrado por la prensa de la \u00e9poca.<\/p>\n<p>El d\u00eda 31, las reliquias del Sant\u00edsimo fueron trasladadas a la nueva Parroquia de los Sagrados Corazones. Hubo un momento de oraci\u00f3n con la participaci\u00f3n de dos hermanos del Padre Eust\u00e1quio, quienes vinieron desde Holanda para acompa\u00f1ar todo el proceso. Posteriormente, se deposit\u00f3 all\u00ed la urna con los restos mortales, la cual permaneci\u00f3 hasta 2007, cuando se construy\u00f3 el nuevo Memorial, anexo a la iglesia.<\/p>","protected":false},"excerpt":{"rendered":"<p>Foi no dia 31 de janeiro de 1949, com a conclus\u00e3o da nova matriz dos Sagrados Cora\u00e7\u00f5es, projetada pelo pr\u00f3prio Padre Eust\u00e1quio, que os restos mortais dele foram trasladados do Cemit\u00e9rio do Bonfim para a nova igreja. Durante a constru\u00e7\u00e3o do templo, um espa\u00e7o logo na entrada da igreja foi reservado para receber os restos mortais do padre. Dias antes do traslado dos ossos, uma comiss\u00e3o com padres da Congrega\u00e7\u00e3o e peritos foi at\u00e9 o Cemit\u00e9rio do Bonfim para abrir o t\u00famulo e fazer a exuma\u00e7\u00e3o. Tudo foi registrado pela imprensa \u00e0 \u00e9poca. Em seguida, no dia 31, as rel\u00edquias [&hellip;]<\/p>\n","protected":false},"author":2,"featured_media":4939,"comment_status":"open","ping_status":"open","sticky":false,"template":"","format":"standard","meta":{"_acf_changed":false,"footnotes":""},"categories":[611],"tags":[],"class_list":["post-4938","post","type-post","status-publish","format-standard","has-post-thumbnail","hentry","category-noticias"],"acf":[],"yoast_head":"<!-- This site is optimized with the Yoast SEO plugin v27.2 - https:\/\/yoast.com\/product\/yoast-seo-wordpress\/ -->\n<title>H\u00e1 72 anos o t\u00famulo de Padre Eust\u00e1quio era transferido para a nova matriz - Padre Eust\u00e1quio<\/title>\n<meta name=\"robots\" content=\"index, follow, max-snippet:-1, max-image-preview:large, max-video-preview:-1\" \/>\n<link rel=\"canonical\" href=\"https:\/\/www.padreeustaquio.com.br\/es\/hace-72-anos-la-tumba-del-padre-eustaquio-fue-trasladada-a-la-nueva-iglesia-parroquial\/\" \/>\n<meta property=\"og:locale\" content=\"es_ES\" \/>\n<meta property=\"og:type\" content=\"article\" \/>\n<meta property=\"og:title\" content=\"H\u00e1 72 anos o t\u00famulo de Padre Eust\u00e1quio era transferido para a nova matriz - Padre Eust\u00e1quio\" \/>\n<meta property=\"og:description\" content=\"Foi no dia 31 de janeiro de 1949, com a conclus\u00e3o da nova matriz dos Sagrados Cora\u00e7\u00f5es, projetada pelo pr\u00f3prio Padre Eust\u00e1quio, que os restos mortais dele foram trasladados do Cemit\u00e9rio do Bonfim para a nova igreja. Durante a constru\u00e7\u00e3o do templo, um espa\u00e7o logo na entrada da igreja foi reservado para receber os restos mortais do padre. Dias antes do traslado dos ossos, uma comiss\u00e3o com padres da Congrega\u00e7\u00e3o e peritos foi at\u00e9 o Cemit\u00e9rio do Bonfim para abrir o t\u00famulo e fazer a exuma\u00e7\u00e3o. Tudo foi registrado pela imprensa \u00e0 \u00e9poca. Em seguida, no dia 31, as rel\u00edquias [&hellip;]\" \/>\n<meta property=\"og:url\" content=\"https:\/\/www.padreeustaquio.com.br\/es\/hace-72-anos-la-tumba-del-padre-eustaquio-fue-trasladada-a-la-nueva-iglesia-parroquial\/\" \/>\n<meta property=\"og:site_name\" content=\"Padre Eust\u00e1quio\" \/>\n<meta property=\"article:publisher\" content=\"https:\/\/www.facebook.com\/beatopadreeustaquio\/\" \/>\n<meta property=\"article:published_time\" content=\"2021-01-31T12:15:55+00:00\" \/>\n<meta property=\"article:modified_time\" content=\"2021-02-03T16:26:16+00:00\" \/>\n<meta property=\"og:image\" content=\"https:\/\/www.padreeustaquio.com.br\/wp-content\/uploads\/2021\/01\/Adriana-irm\u00e3-de-PE-no-traslado.jpg\" \/>\n\t<meta property=\"og:image:width\" content=\"748\" \/>\n\t<meta property=\"og:image:height\" content=\"394\" \/>\n\t<meta property=\"og:image:type\" content=\"image\/jpeg\" \/>\n<meta name=\"author\" content=\"@sscc\" \/>\n<meta name=\"twitter:card\" content=\"summary_large_image\" \/>\n<meta name=\"twitter:creator\" content=\"@beatopeustaquio\" \/>\n<meta name=\"twitter:site\" content=\"@beatopeustaquio\" \/>\n<meta name=\"twitter:label1\" content=\"Escrito por\" \/>\n\t<meta name=\"twitter:data1\" content=\"@sscc\" \/>\n\t<meta name=\"twitter:label2\" content=\"Tiempo de lectura\" \/>\n\t<meta name=\"twitter:data2\" content=\"1 minuto\" \/>\n<script type=\"application\/ld+json\" class=\"yoast-schema-graph\">{\"@context\":\"https:\/\/schema.org\",\"@graph\":[{\"@type\":\"Article\",\"@id\":\"https:\/\/www.padreeustaquio.com.br\/ha-72-anos-o-tumulo-de-padre-eustaquio-era-transferido-para-a-nova-matriz\/#article\",\"isPartOf\":{\"@id\":\"https:\/\/www.padreeustaquio.com.br\/ha-72-anos-o-tumulo-de-padre-eustaquio-era-transferido-para-a-nova-matriz\/\"},\"author\":{\"name\":\"@sscc\",\"@id\":\"https:\/\/www.padreeustaquio.com.br\/#\/schema\/person\/a2a51db1d00f1a7af0204a0f1ddb1566\"},\"headline\":\"H\u00e1 72 anos o t\u00famulo de Padre Eust\u00e1quio era transferido para a nova matriz\",\"datePublished\":\"2021-01-31T12:15:55+00:00\",\"dateModified\":\"2021-02-03T16:26:16+00:00\",\"mainEntityOfPage\":{\"@id\":\"https:\/\/www.padreeustaquio.com.br\/ha-72-anos-o-tumulo-de-padre-eustaquio-era-transferido-para-a-nova-matriz\/\"},\"wordCount\":190,\"commentCount\":0,\"publisher\":{\"@id\":\"https:\/\/www.padreeustaquio.com.br\/#organization\"},\"image\":{\"@id\":\"https:\/\/www.padreeustaquio.com.br\/ha-72-anos-o-tumulo-de-padre-eustaquio-era-transferido-para-a-nova-matriz\/#primaryimage\"},\"thumbnailUrl\":\"https:\/\/www.padreeustaquio.com.br\/wp-content\/uploads\/2021\/01\/Adriana-irm\u00e3-de-PE-no-traslado.jpg\",\"articleSection\":[\"Not\u00edcias\"],\"inLanguage\":\"es\",\"potentialAction\":[{\"@type\":\"CommentAction\",\"name\":\"Comment\",\"target\":[\"https:\/\/www.padreeustaquio.com.br\/ha-72-anos-o-tumulo-de-padre-eustaquio-era-transferido-para-a-nova-matriz\/#respond\"]}]},{\"@type\":\"WebPage\",\"@id\":\"https:\/\/www.padreeustaquio.com.br\/ha-72-anos-o-tumulo-de-padre-eustaquio-era-transferido-para-a-nova-matriz\/\",\"url\":\"https:\/\/www.padreeustaquio.com.br\/ha-72-anos-o-tumulo-de-padre-eustaquio-era-transferido-para-a-nova-matriz\/\",\"name\":\"H\u00e1 72 anos o t\u00famulo de Padre Eust\u00e1quio era transferido para a nova matriz - Padre Eust\u00e1quio\",\"isPartOf\":{\"@id\":\"https:\/\/www.padreeustaquio.com.br\/#website\"},\"primaryImageOfPage\":{\"@id\":\"https:\/\/www.padreeustaquio.com.br\/ha-72-anos-o-tumulo-de-padre-eustaquio-era-transferido-para-a-nova-matriz\/#primaryimage\"},\"image\":{\"@id\":\"https:\/\/www.padreeustaquio.com.br\/ha-72-anos-o-tumulo-de-padre-eustaquio-era-transferido-para-a-nova-matriz\/#primaryimage\"},\"thumbnailUrl\":\"https:\/\/www.padreeustaquio.com.br\/wp-content\/uploads\/2021\/01\/Adriana-irm\u00e3-de-PE-no-traslado.jpg\",\"datePublished\":\"2021-01-31T12:15:55+00:00\",\"dateModified\":\"2021-02-03T16:26:16+00:00\",\"breadcrumb\":{\"@id\":\"https:\/\/www.padreeustaquio.com.br\/ha-72-anos-o-tumulo-de-padre-eustaquio-era-transferido-para-a-nova-matriz\/#breadcrumb\"},\"inLanguage\":\"es\",\"potentialAction\":[{\"@type\":\"ReadAction\",\"target\":[\"https:\/\/www.padreeustaquio.com.br\/ha-72-anos-o-tumulo-de-padre-eustaquio-era-transferido-para-a-nova-matriz\/\"]}]},{\"@type\":\"ImageObject\",\"inLanguage\":\"es\",\"@id\":\"https:\/\/www.padreeustaquio.com.br\/ha-72-anos-o-tumulo-de-padre-eustaquio-era-transferido-para-a-nova-matriz\/#primaryimage\",\"url\":\"https:\/\/www.padreeustaquio.com.br\/wp-content\/uploads\/2021\/01\/Adriana-irm\u00e3-de-PE-no-traslado.jpg\",\"contentUrl\":\"https:\/\/www.padreeustaquio.com.br\/wp-content\/uploads\/2021\/01\/Adriana-irm\u00e3-de-PE-no-traslado.jpg\",\"width\":748,\"height\":394,\"caption\":\"Dois dos irm\u00e3os de Padre Eust\u00e1quio ao lado do caix\u00e3o com as rel\u00edquias.\"},{\"@type\":\"BreadcrumbList\",\"@id\":\"https:\/\/www.padreeustaquio.com.br\/ha-72-anos-o-tumulo-de-padre-eustaquio-era-transferido-para-a-nova-matriz\/#breadcrumb\",\"itemListElement\":[{\"@type\":\"ListItem\",\"position\":1,\"name\":\"In\u00edcio\",\"item\":\"https:\/\/www.padreeustaquio.com.br\/\"},{\"@type\":\"ListItem\",\"position\":2,\"name\":\"H\u00e1 72 anos o t\u00famulo de Padre Eust\u00e1quio era transferido para a nova matriz\"}]},{\"@type\":\"WebSite\",\"@id\":\"https:\/\/www.padreeustaquio.com.br\/#website\",\"url\":\"https:\/\/www.padreeustaquio.com.br\/\",\"name\":\"Padre Eust\u00e1quio\",\"description\":\"Sa\u00fade e Paz\",\"publisher\":{\"@id\":\"https:\/\/www.padreeustaquio.com.br\/#organization\"},\"potentialAction\":[{\"@type\":\"SearchAction\",\"target\":{\"@type\":\"EntryPoint\",\"urlTemplate\":\"https:\/\/www.padreeustaquio.com.br\/?s={search_term_string}\"},\"query-input\":{\"@type\":\"PropertyValueSpecification\",\"valueRequired\":true,\"valueName\":\"search_term_string\"}}],\"inLanguage\":\"es\"},{\"@type\":\"Organization\",\"@id\":\"https:\/\/www.padreeustaquio.com.br\/#organization\",\"name\":\"Padre Eust\u00e1quio\",\"url\":\"https:\/\/www.padreeustaquio.com.br\/\",\"logo\":{\"@type\":\"ImageObject\",\"inLanguage\":\"es\",\"@id\":\"https:\/\/www.padreeustaquio.com.br\/#\/schema\/logo\/image\/\",\"url\":\"https:\/\/www.padreeustaquio.com.br\/wp-content\/uploads\/2019\/08\/marca.png\",\"contentUrl\":\"https:\/\/www.padreeustaquio.com.br\/wp-content\/uploads\/2019\/08\/marca.png\",\"width\":350,\"height\":400,\"caption\":\"Padre Eust\u00e1quio\"},\"image\":{\"@id\":\"https:\/\/www.padreeustaquio.com.br\/#\/schema\/logo\/image\/\"},\"sameAs\":[\"https:\/\/www.facebook.com\/beatopadreeustaquio\/\",\"https:\/\/x.com\/beatopeustaquio\",\"https:\/\/www.instagram.com\/beatopadreeustaquio\/\",\"https:\/\/www.youtube.com\/channel\/UCRhw7vfabnajwLxb1ZXMeIw\"]},{\"@type\":\"Person\",\"@id\":\"https:\/\/www.padreeustaquio.com.br\/#\/schema\/person\/a2a51db1d00f1a7af0204a0f1ddb1566\",\"name\":\"@sscc\",\"image\":{\"@type\":\"ImageObject\",\"inLanguage\":\"es\",\"@id\":\"https:\/\/secure.gravatar.com\/avatar\/68cfafa5f44617fea54071e215026e0ff06be366c3d54a8425f04fdcb86f8c5f?s=96&d=mm&r=g\",\"url\":\"https:\/\/secure.gravatar.com\/avatar\/68cfafa5f44617fea54071e215026e0ff06be366c3d54a8425f04fdcb86f8c5f?s=96&d=mm&r=g\",\"contentUrl\":\"https:\/\/secure.gravatar.com\/avatar\/68cfafa5f44617fea54071e215026e0ff06be366c3d54a8425f04fdcb86f8c5f?s=96&d=mm&r=g\",\"caption\":\"@sscc\"},\"url\":\"https:\/\/www.padreeustaquio.com.br\/es\/author\/sscc\/\"}]}<\/script>\n<!-- \/ Yoast SEO plugin. -->","yoast_head_json":{"title":"Hace 72 a\u00f1os, la tumba del Padre Eust\u00e1quio fue trasladada a la nueva iglesia parroquial - Padre Eust\u00e1quio","robots":{"index":"index","follow":"follow","max-snippet":"max-snippet:-1","max-image-preview":"max-image-preview:large","max-video-preview":"max-video-preview:-1"},"canonical":"https:\/\/www.padreeustaquio.com.br\/es\/hace-72-anos-la-tumba-del-padre-eustaquio-fue-trasladada-a-la-nueva-iglesia-parroquial\/","og_locale":"es_ES","og_type":"article","og_title":"H\u00e1 72 anos o t\u00famulo de Padre Eust\u00e1quio era transferido para a nova matriz - Padre Eust\u00e1quio","og_description":"Foi no dia 31 de janeiro de 1949, com a conclus\u00e3o da nova matriz dos Sagrados Cora\u00e7\u00f5es, projetada pelo pr\u00f3prio Padre Eust\u00e1quio, que os restos mortais dele foram trasladados do Cemit\u00e9rio do Bonfim para a nova igreja. Durante a constru\u00e7\u00e3o do templo, um espa\u00e7o logo na entrada da igreja foi reservado para receber os restos mortais do padre. Dias antes do traslado dos ossos, uma comiss\u00e3o com padres da Congrega\u00e7\u00e3o e peritos foi at\u00e9 o Cemit\u00e9rio do Bonfim para abrir o t\u00famulo e fazer a exuma\u00e7\u00e3o. Tudo foi registrado pela imprensa \u00e0 \u00e9poca. Em seguida, no dia 31, as rel\u00edquias [&hellip;]","og_url":"https:\/\/www.padreeustaquio.com.br\/es\/hace-72-anos-la-tumba-del-padre-eustaquio-fue-trasladada-a-la-nueva-iglesia-parroquial\/","og_site_name":"Padre Eust\u00e1quio","article_publisher":"https:\/\/www.facebook.com\/beatopadreeustaquio\/","article_published_time":"2021-01-31T12:15:55+00:00","article_modified_time":"2021-02-03T16:26:16+00:00","og_image":[{"width":748,"height":394,"url":"https:\/\/www.padreeustaquio.com.br\/wp-content\/uploads\/2021\/01\/Adriana-irm\u00e3-de-PE-no-traslado.jpg","type":"image\/jpeg"}],"author":"@sscc","twitter_card":"summary_large_image","twitter_creator":"@beatopeustaquio","twitter_site":"@beatopeustaquio","twitter_misc":{"Escrito por":"@sscc","Tiempo de lectura":"1 minuto"},"schema":{"@context":"https:\/\/schema.org","@graph":[{"@type":"Article","@id":"https:\/\/www.padreeustaquio.com.br\/ha-72-anos-o-tumulo-de-padre-eustaquio-era-transferido-para-a-nova-matriz\/#article","isPartOf":{"@id":"https:\/\/www.padreeustaquio.com.br\/ha-72-anos-o-tumulo-de-padre-eustaquio-era-transferido-para-a-nova-matriz\/"},"author":{"name":"@sscc","@id":"https:\/\/www.padreeustaquio.com.br\/#\/schema\/person\/a2a51db1d00f1a7af0204a0f1ddb1566"},"headline":"H\u00e1 72 anos o t\u00famulo de Padre Eust\u00e1quio era transferido para a nova matriz","datePublished":"2021-01-31T12:15:55+00:00","dateModified":"2021-02-03T16:26:16+00:00","mainEntityOfPage":{"@id":"https:\/\/www.padreeustaquio.com.br\/ha-72-anos-o-tumulo-de-padre-eustaquio-era-transferido-para-a-nova-matriz\/"},"wordCount":190,"commentCount":0,"publisher":{"@id":"https:\/\/www.padreeustaquio.com.br\/#organization"},"image":{"@id":"https:\/\/www.padreeustaquio.com.br\/ha-72-anos-o-tumulo-de-padre-eustaquio-era-transferido-para-a-nova-matriz\/#primaryimage"},"thumbnailUrl":"https:\/\/www.padreeustaquio.com.br\/wp-content\/uploads\/2021\/01\/Adriana-irm\u00e3-de-PE-no-traslado.jpg","articleSection":["Not\u00edcias"],"inLanguage":"es","potentialAction":[{"@type":"CommentAction","name":"Comment","target":["https:\/\/www.padreeustaquio.com.br\/ha-72-anos-o-tumulo-de-padre-eustaquio-era-transferido-para-a-nova-matriz\/#respond"]}]},{"@type":"WebPage","@id":"https:\/\/www.padreeustaquio.com.br\/ha-72-anos-o-tumulo-de-padre-eustaquio-era-transferido-para-a-nova-matriz\/","url":"https:\/\/www.padreeustaquio.com.br\/ha-72-anos-o-tumulo-de-padre-eustaquio-era-transferido-para-a-nova-matriz\/","name":"Hace 72 a\u00f1os, la tumba del Padre Eust\u00e1quio fue trasladada a la nueva iglesia parroquial - Padre Eust\u00e1quio","isPartOf":{"@id":"https:\/\/www.padreeustaquio.com.br\/#website"},"primaryImageOfPage":{"@id":"https:\/\/www.padreeustaquio.com.br\/ha-72-anos-o-tumulo-de-padre-eustaquio-era-transferido-para-a-nova-matriz\/#primaryimage"},"image":{"@id":"https:\/\/www.padreeustaquio.com.br\/ha-72-anos-o-tumulo-de-padre-eustaquio-era-transferido-para-a-nova-matriz\/#primaryimage"},"thumbnailUrl":"https:\/\/www.padreeustaquio.com.br\/wp-content\/uploads\/2021\/01\/Adriana-irm\u00e3-de-PE-no-traslado.jpg","datePublished":"2021-01-31T12:15:55+00:00","dateModified":"2021-02-03T16:26:16+00:00","breadcrumb":{"@id":"https:\/\/www.padreeustaquio.com.br\/ha-72-anos-o-tumulo-de-padre-eustaquio-era-transferido-para-a-nova-matriz\/#breadcrumb"},"inLanguage":"es","potentialAction":[{"@type":"ReadAction","target":["https:\/\/www.padreeustaquio.com.br\/ha-72-anos-o-tumulo-de-padre-eustaquio-era-transferido-para-a-nova-matriz\/"]}]},{"@type":"ImageObject","inLanguage":"es","@id":"https:\/\/www.padreeustaquio.com.br\/ha-72-anos-o-tumulo-de-padre-eustaquio-era-transferido-para-a-nova-matriz\/#primaryimage","url":"https:\/\/www.padreeustaquio.com.br\/wp-content\/uploads\/2021\/01\/Adriana-irm\u00e3-de-PE-no-traslado.jpg","contentUrl":"https:\/\/www.padreeustaquio.com.br\/wp-content\/uploads\/2021\/01\/Adriana-irm\u00e3-de-PE-no-traslado.jpg","width":748,"height":394,"caption":"Dois dos irm\u00e3os de Padre Eust\u00e1quio ao lado do caix\u00e3o com as rel\u00edquias."},{"@type":"BreadcrumbList","@id":"https:\/\/www.padreeustaquio.com.br\/ha-72-anos-o-tumulo-de-padre-eustaquio-era-transferido-para-a-nova-matriz\/#breadcrumb","itemListElement":[{"@type":"ListItem","position":1,"name":"In\u00edcio","item":"https:\/\/www.padreeustaquio.com.br\/"},{"@type":"ListItem","position":2,"name":"H\u00e1 72 anos o t\u00famulo de Padre Eust\u00e1quio era transferido para a nova matriz"}]},{"@type":"WebSite","@id":"https:\/\/www.padreeustaquio.com.br\/#website","url":"https:\/\/www.padreeustaquio.com.br\/","name":"Padre Eustace","description":"Salud y Paz","publisher":{"@id":"https:\/\/www.padreeustaquio.com.br\/#organization"},"potentialAction":[{"@type":"SearchAction","target":{"@type":"EntryPoint","urlTemplate":"https:\/\/www.padreeustaquio.com.br\/?s={search_term_string}"},"query-input":{"@type":"PropertyValueSpecification","valueRequired":true,"valueName":"search_term_string"}}],"inLanguage":"es"},{"@type":"Organization","@id":"https:\/\/www.padreeustaquio.com.br\/#organization","name":"Padre Eustace","url":"https:\/\/www.padreeustaquio.com.br\/","logo":{"@type":"ImageObject","inLanguage":"es","@id":"https:\/\/www.padreeustaquio.com.br\/#\/schema\/logo\/image\/","url":"https:\/\/www.padreeustaquio.com.br\/wp-content\/uploads\/2019\/08\/marca.png","contentUrl":"https:\/\/www.padreeustaquio.com.br\/wp-content\/uploads\/2019\/08\/marca.png","width":350,"height":400,"caption":"Padre Eust\u00e1quio"},"image":{"@id":"https:\/\/www.padreeustaquio.com.br\/#\/schema\/logo\/image\/"},"sameAs":["https:\/\/www.facebook.com\/beatopadreeustaquio\/","https:\/\/x.com\/beatopeustaquio","https:\/\/www.instagram.com\/beatopadreeustaquio\/","https:\/\/www.youtube.com\/channel\/UCRhw7vfabnajwLxb1ZXMeIw"]},{"@type":"Person","@id":"https:\/\/www.padreeustaquio.com.br\/#\/schema\/person\/a2a51db1d00f1a7af0204a0f1ddb1566","name":"@sscc","image":{"@type":"ImageObject","inLanguage":"es","@id":"https:\/\/secure.gravatar.com\/avatar\/68cfafa5f44617fea54071e215026e0ff06be366c3d54a8425f04fdcb86f8c5f?s=96&d=mm&r=g","url":"https:\/\/secure.gravatar.com\/avatar\/68cfafa5f44617fea54071e215026e0ff06be366c3d54a8425f04fdcb86f8c5f?s=96&d=mm&r=g","contentUrl":"https:\/\/secure.gravatar.com\/avatar\/68cfafa5f44617fea54071e215026e0ff06be366c3d54a8425f04fdcb86f8c5f?s=96&d=mm&r=g","caption":"@sscc"},"url":"https:\/\/www.padreeustaquio.com.br\/es\/author\/sscc\/"}]}},"_links":{"self":[{"href":"https:\/\/www.padreeustaquio.com.br\/es\/wp-json\/wp\/v2\/posts\/4938","targetHints":{"allow":["GET"]}}],"collection":[{"href":"https:\/\/www.padreeustaquio.com.br\/es\/wp-json\/wp\/v2\/posts"}],"about":[{"href":"https:\/\/www.padreeustaquio.com.br\/es\/wp-json\/wp\/v2\/types\/post"}],"author":[{"embeddable":true,"href":"https:\/\/www.padreeustaquio.com.br\/es\/wp-json\/wp\/v2\/users\/2"}],"replies":[{"embeddable":true,"href":"https:\/\/www.padreeustaquio.com.br\/es\/wp-json\/wp\/v2\/comments?post=4938"}],"version-history":[{"count":0,"href":"https:\/\/www.padreeustaquio.com.br\/es\/wp-json\/wp\/v2\/posts\/4938\/revisions"}],"wp:featuredmedia":[{"embeddable":true,"href":"https:\/\/www.padreeustaquio.com.br\/es\/wp-json\/wp\/v2\/media\/4939"}],"wp:attachment":[{"href":"https:\/\/www.padreeustaquio.com.br\/es\/wp-json\/wp\/v2\/media?parent=4938"}],"wp:term":[{"taxonomy":"category","embeddable":true,"href":"https:\/\/www.padreeustaquio.com.br\/es\/wp-json\/wp\/v2\/categories?post=4938"},{"taxonomy":"post_tag","embeddable":true,"href":"https:\/\/www.padreeustaquio.com.br\/es\/wp-json\/wp\/v2\/tags?post=4938"}],"curies":[{"name":"wp","href":"https:\/\/api.w.org\/{rel}","templated":true}]}}