{"id":4933,"date":"2021-01-30T09:00:36","date_gmt":"2021-01-30T12:00:36","guid":{"rendered":"https:\/\/www.padreeustaquio.com.br\/?p=4933"},"modified":"2021-01-29T15:05:59","modified_gmt":"2021-01-29T18:05:59","slug":"los-devotos-celebran-al-padre-eustachio-el-primer-dia-30-del-ano","status":"publish","type":"post","link":"https:\/\/www.padreeustaquio.com.br\/es\/los-devotos-celebran-al-padre-eustachio-el-primer-dia-30-del-ano\/","title":{"rendered":"Los devotos celebran al Padre Eustaquio el primer d\u00eda 30 del a\u00f1o."},"content":{"rendered":"<p>Cada 30 de mes, cientos de personas pasan por la iglesia dise\u00f1ada por el Padre Eust\u00e1quio, en el barrio que lleva el nombre del Beato, en Belo Horizonte. Muchos visitan el Memorial, donde se encuentran los restos mortales del Beato, anexo a la iglesia, y otros participan en la Santa Misa.<\/p>\n<p>Si tambi\u00e9n desea participar en una celebraci\u00f3n en el Santuario de la Salud y la Paz, inscr\u00edbase haciendo clic en el banner de la p\u00e1gina principal de este sitio web o acuda personalmente a la Oficina Parroquial en la capital de Minas Gerais. En el sitio web, los n\u00fameros de inscripci\u00f3n est\u00e1n disponibles a partir del lunes de cada semana, mientras que en la oficina, a partir del mi\u00e9rcoles.<\/p>\n<p>\u00bfPasas por el barrio? Pasa y t\u00f3mate un momento para orar. El Santuario est\u00e1 abierto (durante la pandemia) de 7:30 a. m. a 5:30 p. m. y cierra de 12 p. m. a 1 p. m. para la hora de almuerzo del vigilante.<\/p>\n<p>En este d\u00eda, 30 de enero, reza una oraci\u00f3n pidiendo por tu salud o la salud de alguien que m\u00e1s lo necesite:<\/p>\n<blockquote><p>\u201cOh Jes\u00fas, por la sangre que derramaste y las l\u00e1grimas de tu Sant\u00edsima Madre, concede la vista a los ciegos, caminar a los cojos, salud a los enfermos y paz a todos los que sufren y est\u00e1n en dolor. Am\u00e9n.\u201d<\/p><\/blockquote>","protected":false},"excerpt":{"rendered":"<p>Todo dia 30 de cada m\u00eas, centenas de pessoas passam pela igreja projetada por Padre Eust\u00e1quio, no bairro que leva o nome do Beato, em Belo Horizonte. Muitos visitam o Memorial, onde est\u00e3o os restos mortais do Bem-Aventurado, anexo \u00e0 igreja e outros ainda participam da Santa Missa. Se voc\u00ea tamb\u00e9m deseja participar de uma celebra\u00e7\u00e3o no Santu\u00e1rio da Sa\u00fade e Paz, fa\u00e7a sua inscri\u00e7\u00e3o clicando no banner da p\u00e1gina inicial deste site ou v\u00e1 pessoalmente \u00e0 Secretaria Paroquial, na capital mineira. No site, as senhas est\u00e3o dispon\u00edveis sempre a partir da segunda-feira de cada semana, j\u00e1 na secretaria, a [&hellip;]<\/p>\n","protected":false},"author":2,"featured_media":4936,"comment_status":"open","ping_status":"open","sticky":false,"template":"","format":"standard","meta":{"_acf_changed":false,"footnotes":""},"categories":[611],"tags":[],"class_list":["post-4933","post","type-post","status-publish","format-standard","has-post-thumbnail","hentry","category-noticias"],"acf":[],"yoast_head":"<!-- This site is optimized with the Yoast SEO plugin v27.2 - https:\/\/yoast.com\/product\/yoast-seo-wordpress\/ -->\n<title>Devotos celebram Padre Eust\u00e1quio no primeiro dia 30 do ano - Padre Eust\u00e1quio<\/title>\n<meta name=\"robots\" content=\"index, follow, max-snippet:-1, max-image-preview:large, max-video-preview:-1\" \/>\n<link rel=\"canonical\" href=\"https:\/\/www.padreeustaquio.com.br\/es\/los-devotos-celebran-al-padre-eustachio-el-primer-dia-30-del-ano\/\" \/>\n<meta property=\"og:locale\" content=\"es_ES\" \/>\n<meta property=\"og:type\" content=\"article\" \/>\n<meta property=\"og:title\" content=\"Devotos celebram Padre Eust\u00e1quio no primeiro dia 30 do ano - Padre Eust\u00e1quio\" \/>\n<meta property=\"og:description\" content=\"Todo dia 30 de cada m\u00eas, centenas de pessoas passam pela igreja projetada por Padre Eust\u00e1quio, no bairro que leva o nome do Beato, em Belo Horizonte. Muitos visitam o Memorial, onde est\u00e3o os restos mortais do Bem-Aventurado, anexo \u00e0 igreja e outros ainda participam da Santa Missa. Se voc\u00ea tamb\u00e9m deseja participar de uma celebra\u00e7\u00e3o no Santu\u00e1rio da Sa\u00fade e Paz, fa\u00e7a sua inscri\u00e7\u00e3o clicando no banner da p\u00e1gina inicial deste site ou v\u00e1 pessoalmente \u00e0 Secretaria Paroquial, na capital mineira. No site, as senhas est\u00e3o dispon\u00edveis sempre a partir da segunda-feira de cada semana, j\u00e1 na secretaria, a [&hellip;]\" \/>\n<meta property=\"og:url\" content=\"https:\/\/www.padreeustaquio.com.br\/es\/los-devotos-celebran-al-padre-eustachio-el-primer-dia-30-del-ano\/\" \/>\n<meta property=\"og:site_name\" content=\"Padre Eust\u00e1quio\" \/>\n<meta property=\"article:publisher\" content=\"https:\/\/www.facebook.com\/beatopadreeustaquio\/\" \/>\n<meta property=\"article:published_time\" content=\"2021-01-30T12:00:36+00:00\" \/>\n<meta property=\"og:image\" content=\"https:\/\/www.padreeustaquio.com.br\/wp-content\/uploads\/2021\/01\/PAdre-eustaquio-memorial-thamer.jpg\" \/>\n\t<meta property=\"og:image:width\" content=\"748\" \/>\n\t<meta property=\"og:image:height\" content=\"394\" \/>\n\t<meta property=\"og:image:type\" content=\"image\/jpeg\" \/>\n<meta name=\"author\" content=\"@sscc\" \/>\n<meta name=\"twitter:card\" content=\"summary_large_image\" \/>\n<meta name=\"twitter:creator\" content=\"@beatopeustaquio\" \/>\n<meta name=\"twitter:site\" content=\"@beatopeustaquio\" \/>\n<meta name=\"twitter:label1\" content=\"Escrito por\" \/>\n\t<meta name=\"twitter:data1\" content=\"@sscc\" \/>\n\t<meta name=\"twitter:label2\" content=\"Tiempo de lectura\" \/>\n\t<meta name=\"twitter:data2\" content=\"1 minuto\" \/>\n<script type=\"application\/ld+json\" class=\"yoast-schema-graph\">{\"@context\":\"https:\/\/schema.org\",\"@graph\":[{\"@type\":\"Article\",\"@id\":\"https:\/\/www.padreeustaquio.com.br\/devotos-celebram-padre-eustaquio-no-primeiro-dia-30-do-ano\/#article\",\"isPartOf\":{\"@id\":\"https:\/\/www.padreeustaquio.com.br\/devotos-celebram-padre-eustaquio-no-primeiro-dia-30-do-ano\/\"},\"author\":{\"name\":\"@sscc\",\"@id\":\"https:\/\/www.padreeustaquio.com.br\/#\/schema\/person\/a2a51db1d00f1a7af0204a0f1ddb1566\"},\"headline\":\"Devotos celebram Padre Eust\u00e1quio no primeiro dia 30 do ano\",\"datePublished\":\"2021-01-30T12:00:36+00:00\",\"mainEntityOfPage\":{\"@id\":\"https:\/\/www.padreeustaquio.com.br\/devotos-celebram-padre-eustaquio-no-primeiro-dia-30-do-ano\/\"},\"wordCount\":217,\"commentCount\":0,\"publisher\":{\"@id\":\"https:\/\/www.padreeustaquio.com.br\/#organization\"},\"image\":{\"@id\":\"https:\/\/www.padreeustaquio.com.br\/devotos-celebram-padre-eustaquio-no-primeiro-dia-30-do-ano\/#primaryimage\"},\"thumbnailUrl\":\"https:\/\/www.padreeustaquio.com.br\/wp-content\/uploads\/2021\/01\/PAdre-eustaquio-memorial-thamer.jpg\",\"articleSection\":[\"Not\u00edcias\"],\"inLanguage\":\"es\",\"potentialAction\":[{\"@type\":\"CommentAction\",\"name\":\"Comment\",\"target\":[\"https:\/\/www.padreeustaquio.com.br\/devotos-celebram-padre-eustaquio-no-primeiro-dia-30-do-ano\/#respond\"]}]},{\"@type\":\"WebPage\",\"@id\":\"https:\/\/www.padreeustaquio.com.br\/devotos-celebram-padre-eustaquio-no-primeiro-dia-30-do-ano\/\",\"url\":\"https:\/\/www.padreeustaquio.com.br\/devotos-celebram-padre-eustaquio-no-primeiro-dia-30-do-ano\/\",\"name\":\"Devotos celebram Padre Eust\u00e1quio no primeiro dia 30 do ano - Padre Eust\u00e1quio\",\"isPartOf\":{\"@id\":\"https:\/\/www.padreeustaquio.com.br\/#website\"},\"primaryImageOfPage\":{\"@id\":\"https:\/\/www.padreeustaquio.com.br\/devotos-celebram-padre-eustaquio-no-primeiro-dia-30-do-ano\/#primaryimage\"},\"image\":{\"@id\":\"https:\/\/www.padreeustaquio.com.br\/devotos-celebram-padre-eustaquio-no-primeiro-dia-30-do-ano\/#primaryimage\"},\"thumbnailUrl\":\"https:\/\/www.padreeustaquio.com.br\/wp-content\/uploads\/2021\/01\/PAdre-eustaquio-memorial-thamer.jpg\",\"datePublished\":\"2021-01-30T12:00:36+00:00\",\"breadcrumb\":{\"@id\":\"https:\/\/www.padreeustaquio.com.br\/devotos-celebram-padre-eustaquio-no-primeiro-dia-30-do-ano\/#breadcrumb\"},\"inLanguage\":\"es\",\"potentialAction\":[{\"@type\":\"ReadAction\",\"target\":[\"https:\/\/www.padreeustaquio.com.br\/devotos-celebram-padre-eustaquio-no-primeiro-dia-30-do-ano\/\"]}]},{\"@type\":\"ImageObject\",\"inLanguage\":\"es\",\"@id\":\"https:\/\/www.padreeustaquio.com.br\/devotos-celebram-padre-eustaquio-no-primeiro-dia-30-do-ano\/#primaryimage\",\"url\":\"https:\/\/www.padreeustaquio.com.br\/wp-content\/uploads\/2021\/01\/PAdre-eustaquio-memorial-thamer.jpg\",\"contentUrl\":\"https:\/\/www.padreeustaquio.com.br\/wp-content\/uploads\/2021\/01\/PAdre-eustaquio-memorial-thamer.jpg\",\"width\":748,\"height\":394},{\"@type\":\"BreadcrumbList\",\"@id\":\"https:\/\/www.padreeustaquio.com.br\/devotos-celebram-padre-eustaquio-no-primeiro-dia-30-do-ano\/#breadcrumb\",\"itemListElement\":[{\"@type\":\"ListItem\",\"position\":1,\"name\":\"In\u00edcio\",\"item\":\"https:\/\/www.padreeustaquio.com.br\/\"},{\"@type\":\"ListItem\",\"position\":2,\"name\":\"Devotos celebram Padre Eust\u00e1quio no primeiro dia 30 do ano\"}]},{\"@type\":\"WebSite\",\"@id\":\"https:\/\/www.padreeustaquio.com.br\/#website\",\"url\":\"https:\/\/www.padreeustaquio.com.br\/\",\"name\":\"Padre Eust\u00e1quio\",\"description\":\"Sa\u00fade e Paz\",\"publisher\":{\"@id\":\"https:\/\/www.padreeustaquio.com.br\/#organization\"},\"potentialAction\":[{\"@type\":\"SearchAction\",\"target\":{\"@type\":\"EntryPoint\",\"urlTemplate\":\"https:\/\/www.padreeustaquio.com.br\/?s={search_term_string}\"},\"query-input\":{\"@type\":\"PropertyValueSpecification\",\"valueRequired\":true,\"valueName\":\"search_term_string\"}}],\"inLanguage\":\"es\"},{\"@type\":\"Organization\",\"@id\":\"https:\/\/www.padreeustaquio.com.br\/#organization\",\"name\":\"Padre Eust\u00e1quio\",\"url\":\"https:\/\/www.padreeustaquio.com.br\/\",\"logo\":{\"@type\":\"ImageObject\",\"inLanguage\":\"es\",\"@id\":\"https:\/\/www.padreeustaquio.com.br\/#\/schema\/logo\/image\/\",\"url\":\"https:\/\/www.padreeustaquio.com.br\/wp-content\/uploads\/2019\/08\/marca.png\",\"contentUrl\":\"https:\/\/www.padreeustaquio.com.br\/wp-content\/uploads\/2019\/08\/marca.png\",\"width\":350,\"height\":400,\"caption\":\"Padre Eust\u00e1quio\"},\"image\":{\"@id\":\"https:\/\/www.padreeustaquio.com.br\/#\/schema\/logo\/image\/\"},\"sameAs\":[\"https:\/\/www.facebook.com\/beatopadreeustaquio\/\",\"https:\/\/x.com\/beatopeustaquio\",\"https:\/\/www.instagram.com\/beatopadreeustaquio\/\",\"https:\/\/www.youtube.com\/channel\/UCRhw7vfabnajwLxb1ZXMeIw\"]},{\"@type\":\"Person\",\"@id\":\"https:\/\/www.padreeustaquio.com.br\/#\/schema\/person\/a2a51db1d00f1a7af0204a0f1ddb1566\",\"name\":\"@sscc\",\"image\":{\"@type\":\"ImageObject\",\"inLanguage\":\"es\",\"@id\":\"https:\/\/secure.gravatar.com\/avatar\/68cfafa5f44617fea54071e215026e0ff06be366c3d54a8425f04fdcb86f8c5f?s=96&d=mm&r=g\",\"url\":\"https:\/\/secure.gravatar.com\/avatar\/68cfafa5f44617fea54071e215026e0ff06be366c3d54a8425f04fdcb86f8c5f?s=96&d=mm&r=g\",\"contentUrl\":\"https:\/\/secure.gravatar.com\/avatar\/68cfafa5f44617fea54071e215026e0ff06be366c3d54a8425f04fdcb86f8c5f?s=96&d=mm&r=g\",\"caption\":\"@sscc\"},\"url\":\"https:\/\/www.padreeustaquio.com.br\/es\/author\/sscc\/\"}]}<\/script>\n<!-- \/ Yoast SEO plugin. -->","yoast_head_json":{"title":"Los devotos celebran al Padre Eust\u00e1quio el primer d\u00eda 30 del a\u00f1o - Padre Eust\u00e1quio","robots":{"index":"index","follow":"follow","max-snippet":"max-snippet:-1","max-image-preview":"max-image-preview:large","max-video-preview":"max-video-preview:-1"},"canonical":"https:\/\/www.padreeustaquio.com.br\/es\/los-devotos-celebran-al-padre-eustachio-el-primer-dia-30-del-ano\/","og_locale":"es_ES","og_type":"article","og_title":"Devotos celebram Padre Eust\u00e1quio no primeiro dia 30 do ano - Padre Eust\u00e1quio","og_description":"Todo dia 30 de cada m\u00eas, centenas de pessoas passam pela igreja projetada por Padre Eust\u00e1quio, no bairro que leva o nome do Beato, em Belo Horizonte. Muitos visitam o Memorial, onde est\u00e3o os restos mortais do Bem-Aventurado, anexo \u00e0 igreja e outros ainda participam da Santa Missa. Se voc\u00ea tamb\u00e9m deseja participar de uma celebra\u00e7\u00e3o no Santu\u00e1rio da Sa\u00fade e Paz, fa\u00e7a sua inscri\u00e7\u00e3o clicando no banner da p\u00e1gina inicial deste site ou v\u00e1 pessoalmente \u00e0 Secretaria Paroquial, na capital mineira. No site, as senhas est\u00e3o dispon\u00edveis sempre a partir da segunda-feira de cada semana, j\u00e1 na secretaria, a [&hellip;]","og_url":"https:\/\/www.padreeustaquio.com.br\/es\/los-devotos-celebran-al-padre-eustachio-el-primer-dia-30-del-ano\/","og_site_name":"Padre Eust\u00e1quio","article_publisher":"https:\/\/www.facebook.com\/beatopadreeustaquio\/","article_published_time":"2021-01-30T12:00:36+00:00","og_image":[{"width":748,"height":394,"url":"https:\/\/www.padreeustaquio.com.br\/wp-content\/uploads\/2021\/01\/PAdre-eustaquio-memorial-thamer.jpg","type":"image\/jpeg"}],"author":"@sscc","twitter_card":"summary_large_image","twitter_creator":"@beatopeustaquio","twitter_site":"@beatopeustaquio","twitter_misc":{"Escrito por":"@sscc","Tiempo de lectura":"1 minuto"},"schema":{"@context":"https:\/\/schema.org","@graph":[{"@type":"Article","@id":"https:\/\/www.padreeustaquio.com.br\/devotos-celebram-padre-eustaquio-no-primeiro-dia-30-do-ano\/#article","isPartOf":{"@id":"https:\/\/www.padreeustaquio.com.br\/devotos-celebram-padre-eustaquio-no-primeiro-dia-30-do-ano\/"},"author":{"name":"@sscc","@id":"https:\/\/www.padreeustaquio.com.br\/#\/schema\/person\/a2a51db1d00f1a7af0204a0f1ddb1566"},"headline":"Devotos celebram Padre Eust\u00e1quio no primeiro dia 30 do ano","datePublished":"2021-01-30T12:00:36+00:00","mainEntityOfPage":{"@id":"https:\/\/www.padreeustaquio.com.br\/devotos-celebram-padre-eustaquio-no-primeiro-dia-30-do-ano\/"},"wordCount":217,"commentCount":0,"publisher":{"@id":"https:\/\/www.padreeustaquio.com.br\/#organization"},"image":{"@id":"https:\/\/www.padreeustaquio.com.br\/devotos-celebram-padre-eustaquio-no-primeiro-dia-30-do-ano\/#primaryimage"},"thumbnailUrl":"https:\/\/www.padreeustaquio.com.br\/wp-content\/uploads\/2021\/01\/PAdre-eustaquio-memorial-thamer.jpg","articleSection":["Not\u00edcias"],"inLanguage":"es","potentialAction":[{"@type":"CommentAction","name":"Comment","target":["https:\/\/www.padreeustaquio.com.br\/devotos-celebram-padre-eustaquio-no-primeiro-dia-30-do-ano\/#respond"]}]},{"@type":"WebPage","@id":"https:\/\/www.padreeustaquio.com.br\/devotos-celebram-padre-eustaquio-no-primeiro-dia-30-do-ano\/","url":"https:\/\/www.padreeustaquio.com.br\/devotos-celebram-padre-eustaquio-no-primeiro-dia-30-do-ano\/","name":"Los devotos celebran al Padre Eust\u00e1quio el primer d\u00eda 30 del a\u00f1o - Padre Eust\u00e1quio","isPartOf":{"@id":"https:\/\/www.padreeustaquio.com.br\/#website"},"primaryImageOfPage":{"@id":"https:\/\/www.padreeustaquio.com.br\/devotos-celebram-padre-eustaquio-no-primeiro-dia-30-do-ano\/#primaryimage"},"image":{"@id":"https:\/\/www.padreeustaquio.com.br\/devotos-celebram-padre-eustaquio-no-primeiro-dia-30-do-ano\/#primaryimage"},"thumbnailUrl":"https:\/\/www.padreeustaquio.com.br\/wp-content\/uploads\/2021\/01\/PAdre-eustaquio-memorial-thamer.jpg","datePublished":"2021-01-30T12:00:36+00:00","breadcrumb":{"@id":"https:\/\/www.padreeustaquio.com.br\/devotos-celebram-padre-eustaquio-no-primeiro-dia-30-do-ano\/#breadcrumb"},"inLanguage":"es","potentialAction":[{"@type":"ReadAction","target":["https:\/\/www.padreeustaquio.com.br\/devotos-celebram-padre-eustaquio-no-primeiro-dia-30-do-ano\/"]}]},{"@type":"ImageObject","inLanguage":"es","@id":"https:\/\/www.padreeustaquio.com.br\/devotos-celebram-padre-eustaquio-no-primeiro-dia-30-do-ano\/#primaryimage","url":"https:\/\/www.padreeustaquio.com.br\/wp-content\/uploads\/2021\/01\/PAdre-eustaquio-memorial-thamer.jpg","contentUrl":"https:\/\/www.padreeustaquio.com.br\/wp-content\/uploads\/2021\/01\/PAdre-eustaquio-memorial-thamer.jpg","width":748,"height":394},{"@type":"BreadcrumbList","@id":"https:\/\/www.padreeustaquio.com.br\/devotos-celebram-padre-eustaquio-no-primeiro-dia-30-do-ano\/#breadcrumb","itemListElement":[{"@type":"ListItem","position":1,"name":"In\u00edcio","item":"https:\/\/www.padreeustaquio.com.br\/"},{"@type":"ListItem","position":2,"name":"Devotos celebram Padre Eust\u00e1quio no primeiro dia 30 do ano"}]},{"@type":"WebSite","@id":"https:\/\/www.padreeustaquio.com.br\/#website","url":"https:\/\/www.padreeustaquio.com.br\/","name":"Padre Eustace","description":"Salud y Paz","publisher":{"@id":"https:\/\/www.padreeustaquio.com.br\/#organization"},"potentialAction":[{"@type":"SearchAction","target":{"@type":"EntryPoint","urlTemplate":"https:\/\/www.padreeustaquio.com.br\/?s={search_term_string}"},"query-input":{"@type":"PropertyValueSpecification","valueRequired":true,"valueName":"search_term_string"}}],"inLanguage":"es"},{"@type":"Organization","@id":"https:\/\/www.padreeustaquio.com.br\/#organization","name":"Padre Eustace","url":"https:\/\/www.padreeustaquio.com.br\/","logo":{"@type":"ImageObject","inLanguage":"es","@id":"https:\/\/www.padreeustaquio.com.br\/#\/schema\/logo\/image\/","url":"https:\/\/www.padreeustaquio.com.br\/wp-content\/uploads\/2019\/08\/marca.png","contentUrl":"https:\/\/www.padreeustaquio.com.br\/wp-content\/uploads\/2019\/08\/marca.png","width":350,"height":400,"caption":"Padre Eust\u00e1quio"},"image":{"@id":"https:\/\/www.padreeustaquio.com.br\/#\/schema\/logo\/image\/"},"sameAs":["https:\/\/www.facebook.com\/beatopadreeustaquio\/","https:\/\/x.com\/beatopeustaquio","https:\/\/www.instagram.com\/beatopadreeustaquio\/","https:\/\/www.youtube.com\/channel\/UCRhw7vfabnajwLxb1ZXMeIw"]},{"@type":"Person","@id":"https:\/\/www.padreeustaquio.com.br\/#\/schema\/person\/a2a51db1d00f1a7af0204a0f1ddb1566","name":"@sscc","image":{"@type":"ImageObject","inLanguage":"es","@id":"https:\/\/secure.gravatar.com\/avatar\/68cfafa5f44617fea54071e215026e0ff06be366c3d54a8425f04fdcb86f8c5f?s=96&d=mm&r=g","url":"https:\/\/secure.gravatar.com\/avatar\/68cfafa5f44617fea54071e215026e0ff06be366c3d54a8425f04fdcb86f8c5f?s=96&d=mm&r=g","contentUrl":"https:\/\/secure.gravatar.com\/avatar\/68cfafa5f44617fea54071e215026e0ff06be366c3d54a8425f04fdcb86f8c5f?s=96&d=mm&r=g","caption":"@sscc"},"url":"https:\/\/www.padreeustaquio.com.br\/es\/author\/sscc\/"}]}},"_links":{"self":[{"href":"https:\/\/www.padreeustaquio.com.br\/es\/wp-json\/wp\/v2\/posts\/4933","targetHints":{"allow":["GET"]}}],"collection":[{"href":"https:\/\/www.padreeustaquio.com.br\/es\/wp-json\/wp\/v2\/posts"}],"about":[{"href":"https:\/\/www.padreeustaquio.com.br\/es\/wp-json\/wp\/v2\/types\/post"}],"author":[{"embeddable":true,"href":"https:\/\/www.padreeustaquio.com.br\/es\/wp-json\/wp\/v2\/users\/2"}],"replies":[{"embeddable":true,"href":"https:\/\/www.padreeustaquio.com.br\/es\/wp-json\/wp\/v2\/comments?post=4933"}],"version-history":[{"count":0,"href":"https:\/\/www.padreeustaquio.com.br\/es\/wp-json\/wp\/v2\/posts\/4933\/revisions"}],"wp:featuredmedia":[{"embeddable":true,"href":"https:\/\/www.padreeustaquio.com.br\/es\/wp-json\/wp\/v2\/media\/4936"}],"wp:attachment":[{"href":"https:\/\/www.padreeustaquio.com.br\/es\/wp-json\/wp\/v2\/media?parent=4933"}],"wp:term":[{"taxonomy":"category","embeddable":true,"href":"https:\/\/www.padreeustaquio.com.br\/es\/wp-json\/wp\/v2\/categories?post=4933"},{"taxonomy":"post_tag","embeddable":true,"href":"https:\/\/www.padreeustaquio.com.br\/es\/wp-json\/wp\/v2\/tags?post=4933"}],"curies":[{"name":"wp","href":"https:\/\/api.w.org\/{rel}","templated":true}]}}