{"id":4930,"date":"2021-01-29T14:36:07","date_gmt":"2021-01-29T17:36:07","guid":{"rendered":"https:\/\/www.padreeustaquio.com.br\/?p=4930"},"modified":"2021-01-29T14:36:07","modified_gmt":"2021-01-29T17:36:07","slug":"portugal-lanza-himno-para-la-jornada-mundial-de-la-juventud-2023","status":"publish","type":"post","link":"https:\/\/www.padreeustaquio.com.br\/es\/portugal-lanza-himno-para-la-jornada-mundial-de-la-juventud-2023\/","title":{"rendered":"Portugal lanza el himno de la Jornada Mundial de la Juventud \u2013 JMJ 2023"},"content":{"rendered":"<p>Esta semana se present\u00f3 el himno oficial de la Jornada Mundial de la Juventud \/ Lisboa-2023. La letra es del padre Jo\u00e3o Paulo Vaz, de la di\u00f3cesis de Co\u00edmbra, y la m\u00fasica, de Pedro Ferreira.<\/p>\n<p>M\u00e1s de cien grupos de todas las regiones de Portugal compitieron en el concurso para elegir la canci\u00f3n ganadora. La selecci\u00f3n estuvo a cargo de un jurado de profesionales de la m\u00fasica y las artes, quienes realizaron la primera selecci\u00f3n, y la elecci\u00f3n final la realiz\u00f3 el Dicasterio para los Laicos, la Familia y la Vida del Vaticano.<\/p>\n<p>El videoclip muestra la belleza de la capital portuguesa, reflejada en su arquitectura y la alegr\u00eda de los j\u00f3venes que se re\u00fanen. Los pasteles de Bel\u00e9m, un cl\u00e1sico de la gastronom\u00eda portuguesa, tambi\u00e9n tienen un lugar destacado en el v\u00eddeo.<\/p>\n<p><strong>Autores<\/strong><\/p>\n<p>El padre Jo\u00e3o Paulo Vaz, de la di\u00f3cesis de Co\u00edmbra, recibi\u00f3 la noticia de que la canci\u00f3n que compuso hab\u00eda sido elegida justo en el mes en que celebraba sus 25 a\u00f1os de sacerdocio. Comparti\u00f3 que sinti\u00f3 una inmensa alegr\u00eda al recibir la llamada con la noticia. \u201cLas Jornadas Mundiales de la Juventud son, para m\u00ed, un hito en mi vida\u201d, revel\u00f3.<\/p>\n<p>El m\u00fasico Pedro Ferreira, quien est\u00e1 involucrado con la m\u00fasica desde los 13 a\u00f1os, afirm\u00f3 que recibir la noticia de su selecci\u00f3n &quot;fue una emoci\u00f3n desbordante, fue ver que algo que hab\u00eda surgido en una peque\u00f1a habitaci\u00f3n, en un espacio peque\u00f1o, iba a tomar vuelo, iba a volar&quot;.<\/p>\n<p><strong>Sali\u00f3 a toda prisa.<\/strong><\/p>\n<p>\u00abMar\u00eda se levant\u00f3 y parti\u00f3 con prisa\u00bb (Lc 1,39) es la cita b\u00edblica elegida por el Papa Francisco como lema de la XXVIII Jornada Mundial de la Juventud de 2023. La frase b\u00edblica inicia el relato de la Visitaci\u00f3n de Mar\u00eda a su prima Isabel, un episodio b\u00edblico que sigue a la Anunciaci\u00f3n, tema de la \u00faltima JMJ en Ciudad de Panam\u00e1.<\/p>\n<p>Al componer la letra, el Padre Jo\u00e3o Paulo quiso conectar con la Jornada Mundial de la Juventud en Panam\u00e1, que tambi\u00e9n tuvo un tema mariano, y utiliz\u00f3 los temas propuestos para cada a\u00f1o. La m\u00fasica sufri\u00f3 ajustes posteriores, pero la letra se mantuvo igual. Posteriormente, se sugiri\u00f3 la inclusi\u00f3n de otra estrofa con una referencia a Isabel. Mar\u00eda se apresur\u00f3 a encontrarse con su pariente, \u201cy nosotros tambi\u00e9n nos apresuramos a encontrarnos con tantos otros con tantos nombres\u201d, enfatiz\u00f3.<\/p>\n<p><strong>El coro<\/strong><\/p>\n<p>Todos escuchar\u00e1n nuestra voz.<br \/>\nLevantemos los brazos, hay una emoci\u00f3n en el aire.<br \/>\nJes\u00fas vive, no nos deja solos.<br \/>\nNunca dejaremos de amarnos otra vez.<\/p>\n<p>La canci\u00f3n fue grabada en dos versiones: una en portugu\u00e9s y una versi\u00f3n internacional en cinco idiomas (portugu\u00e9s, ingl\u00e9s, espa\u00f1ol, franc\u00e9s e italiano).<\/p>\n<p>Al cantar este himno, se invita a los j\u00f3venes de todo el mundo a identificarse con Mar\u00eda, ofreci\u00e9ndose al servicio, la misi\u00f3n y la transformaci\u00f3n del mundo. La letra tambi\u00e9n evoca la celebraci\u00f3n de la Jornada Mundial de la Juventud y la alegr\u00eda que se centra en la relaci\u00f3n con Dios.<\/p>\n<p><a href=\"https:\/\/www.youtube.com\/watch?v=H1x2t2EstlI\"><strong>Mira el v\u00eddeo y escucha el Himno de la JMJ2023.<\/strong><\/a><\/p>\n<p>Fuente: <a href=\"https:\/\/arquidiocesebh.org.br\/noticias\/conheca-o-hino-da-jornada-mundial-da-juventude-2023\/\"><em>arquidiocesebh.org.br<\/em><\/a><\/p>","protected":false},"excerpt":{"rendered":"<p>O hino oficial da Jornada Mundial da Juventude \/ Lisboa-2023 foi apresentado essa semana. A letra \u00e9 de autoria do padre Jo\u00e3o Paulo Vaz, da diocese de Coimbra, e a m\u00fasica de Pedro Ferreira. Concorreram no concurso para a escolha da can\u00e7\u00e3o mais de cem grupos de todas as regi\u00f5es de Portugal. A elei\u00e7\u00e3o foi feita por um j\u00fari formado por profissionais da m\u00fasica e das artes, que fez a primeira sele\u00e7\u00e3o, com a escolha final do Dicast\u00e9rio para os Leigos, a Fam\u00edlia e a Vida no Vaticano. O videoclipe apresenta a beleza da capital portuguesa expressa na arquitetura da [&hellip;]<\/p>\n","protected":false},"author":2,"featured_media":4931,"comment_status":"open","ping_status":"open","sticky":false,"template":"","format":"standard","meta":{"_acf_changed":false,"footnotes":""},"categories":[611],"tags":[],"class_list":["post-4930","post","type-post","status-publish","format-standard","has-post-thumbnail","hentry","category-noticias"],"acf":[],"yoast_head":"<!-- This site is optimized with the Yoast SEO plugin v27.2 - https:\/\/yoast.com\/product\/yoast-seo-wordpress\/ -->\n<title>Portugal lan\u00e7a hino da Jornada Mundial da Juventude - JMJ 2023 - Padre Eust\u00e1quio<\/title>\n<meta name=\"robots\" content=\"index, follow, max-snippet:-1, max-image-preview:large, max-video-preview:-1\" \/>\n<link rel=\"canonical\" href=\"https:\/\/www.padreeustaquio.com.br\/es\/portugal-lanza-himno-para-la-jornada-mundial-de-la-juventud-2023\/\" \/>\n<meta property=\"og:locale\" content=\"es_ES\" \/>\n<meta property=\"og:type\" content=\"article\" \/>\n<meta property=\"og:title\" content=\"Portugal lan\u00e7a hino da Jornada Mundial da Juventude - JMJ 2023 - Padre Eust\u00e1quio\" \/>\n<meta property=\"og:description\" content=\"O hino oficial da Jornada Mundial da Juventude \/ Lisboa-2023 foi apresentado essa semana. A letra \u00e9 de autoria do padre Jo\u00e3o Paulo Vaz, da diocese de Coimbra, e a m\u00fasica de Pedro Ferreira. Concorreram no concurso para a escolha da can\u00e7\u00e3o mais de cem grupos de todas as regi\u00f5es de Portugal. A elei\u00e7\u00e3o foi feita por um j\u00fari formado por profissionais da m\u00fasica e das artes, que fez a primeira sele\u00e7\u00e3o, com a escolha final do Dicast\u00e9rio para os Leigos, a Fam\u00edlia e a Vida no Vaticano. O videoclipe apresenta a beleza da capital portuguesa expressa na arquitetura da [&hellip;]\" \/>\n<meta property=\"og:url\" content=\"https:\/\/www.padreeustaquio.com.br\/es\/portugal-lanza-himno-para-la-jornada-mundial-de-la-juventud-2023\/\" \/>\n<meta property=\"og:site_name\" content=\"Padre Eust\u00e1quio\" \/>\n<meta property=\"article:publisher\" content=\"https:\/\/www.facebook.com\/beatopadreeustaquio\/\" \/>\n<meta property=\"article:published_time\" content=\"2021-01-29T17:36:07+00:00\" \/>\n<meta property=\"og:image\" content=\"https:\/\/www.padreeustaquio.com.br\/wp-content\/uploads\/2021\/01\/logo-jmj.jpeg\" \/>\n\t<meta property=\"og:image:width\" content=\"1280\" \/>\n\t<meta property=\"og:image:height\" content=\"720\" \/>\n\t<meta property=\"og:image:type\" content=\"image\/jpeg\" \/>\n<meta name=\"author\" content=\"@sscc\" \/>\n<meta name=\"twitter:card\" content=\"summary_large_image\" \/>\n<meta name=\"twitter:creator\" content=\"@beatopeustaquio\" \/>\n<meta name=\"twitter:site\" content=\"@beatopeustaquio\" \/>\n<meta name=\"twitter:label1\" content=\"Escrito por\" \/>\n\t<meta name=\"twitter:data1\" content=\"@sscc\" \/>\n\t<meta name=\"twitter:label2\" content=\"Tiempo de lectura\" \/>\n\t<meta name=\"twitter:data2\" content=\"3 minutos\" \/>\n<script type=\"application\/ld+json\" class=\"yoast-schema-graph\">{\"@context\":\"https:\/\/schema.org\",\"@graph\":[{\"@type\":\"Article\",\"@id\":\"https:\/\/www.padreeustaquio.com.br\/portugal-lanca-hino-da-jornada-mundial-da-juventude-jmj-2023\/#article\",\"isPartOf\":{\"@id\":\"https:\/\/www.padreeustaquio.com.br\/portugal-lanca-hino-da-jornada-mundial-da-juventude-jmj-2023\/\"},\"author\":{\"name\":\"@sscc\",\"@id\":\"https:\/\/www.padreeustaquio.com.br\/#\/schema\/person\/a2a51db1d00f1a7af0204a0f1ddb1566\"},\"headline\":\"Portugal lan\u00e7a hino da Jornada Mundial da Juventude &#8211; JMJ 2023\",\"datePublished\":\"2021-01-29T17:36:07+00:00\",\"mainEntityOfPage\":{\"@id\":\"https:\/\/www.padreeustaquio.com.br\/portugal-lanca-hino-da-jornada-mundial-da-juventude-jmj-2023\/\"},\"wordCount\":531,\"commentCount\":0,\"publisher\":{\"@id\":\"https:\/\/www.padreeustaquio.com.br\/#organization\"},\"image\":{\"@id\":\"https:\/\/www.padreeustaquio.com.br\/portugal-lanca-hino-da-jornada-mundial-da-juventude-jmj-2023\/#primaryimage\"},\"thumbnailUrl\":\"https:\/\/www.padreeustaquio.com.br\/wp-content\/uploads\/2021\/01\/logo-jmj.jpeg\",\"articleSection\":[\"Not\u00edcias\"],\"inLanguage\":\"es\",\"potentialAction\":[{\"@type\":\"CommentAction\",\"name\":\"Comment\",\"target\":[\"https:\/\/www.padreeustaquio.com.br\/portugal-lanca-hino-da-jornada-mundial-da-juventude-jmj-2023\/#respond\"]}]},{\"@type\":\"WebPage\",\"@id\":\"https:\/\/www.padreeustaquio.com.br\/portugal-lanca-hino-da-jornada-mundial-da-juventude-jmj-2023\/\",\"url\":\"https:\/\/www.padreeustaquio.com.br\/portugal-lanca-hino-da-jornada-mundial-da-juventude-jmj-2023\/\",\"name\":\"Portugal lan\u00e7a hino da Jornada Mundial da Juventude - JMJ 2023 - Padre Eust\u00e1quio\",\"isPartOf\":{\"@id\":\"https:\/\/www.padreeustaquio.com.br\/#website\"},\"primaryImageOfPage\":{\"@id\":\"https:\/\/www.padreeustaquio.com.br\/portugal-lanca-hino-da-jornada-mundial-da-juventude-jmj-2023\/#primaryimage\"},\"image\":{\"@id\":\"https:\/\/www.padreeustaquio.com.br\/portugal-lanca-hino-da-jornada-mundial-da-juventude-jmj-2023\/#primaryimage\"},\"thumbnailUrl\":\"https:\/\/www.padreeustaquio.com.br\/wp-content\/uploads\/2021\/01\/logo-jmj.jpeg\",\"datePublished\":\"2021-01-29T17:36:07+00:00\",\"breadcrumb\":{\"@id\":\"https:\/\/www.padreeustaquio.com.br\/portugal-lanca-hino-da-jornada-mundial-da-juventude-jmj-2023\/#breadcrumb\"},\"inLanguage\":\"es\",\"potentialAction\":[{\"@type\":\"ReadAction\",\"target\":[\"https:\/\/www.padreeustaquio.com.br\/portugal-lanca-hino-da-jornada-mundial-da-juventude-jmj-2023\/\"]}]},{\"@type\":\"ImageObject\",\"inLanguage\":\"es\",\"@id\":\"https:\/\/www.padreeustaquio.com.br\/portugal-lanca-hino-da-jornada-mundial-da-juventude-jmj-2023\/#primaryimage\",\"url\":\"https:\/\/www.padreeustaquio.com.br\/wp-content\/uploads\/2021\/01\/logo-jmj.jpeg\",\"contentUrl\":\"https:\/\/www.padreeustaquio.com.br\/wp-content\/uploads\/2021\/01\/logo-jmj.jpeg\",\"width\":1280,\"height\":720},{\"@type\":\"BreadcrumbList\",\"@id\":\"https:\/\/www.padreeustaquio.com.br\/portugal-lanca-hino-da-jornada-mundial-da-juventude-jmj-2023\/#breadcrumb\",\"itemListElement\":[{\"@type\":\"ListItem\",\"position\":1,\"name\":\"In\u00edcio\",\"item\":\"https:\/\/www.padreeustaquio.com.br\/\"},{\"@type\":\"ListItem\",\"position\":2,\"name\":\"Portugal lan\u00e7a hino da Jornada Mundial da Juventude &#8211; JMJ 2023\"}]},{\"@type\":\"WebSite\",\"@id\":\"https:\/\/www.padreeustaquio.com.br\/#website\",\"url\":\"https:\/\/www.padreeustaquio.com.br\/\",\"name\":\"Padre Eust\u00e1quio\",\"description\":\"Sa\u00fade e Paz\",\"publisher\":{\"@id\":\"https:\/\/www.padreeustaquio.com.br\/#organization\"},\"potentialAction\":[{\"@type\":\"SearchAction\",\"target\":{\"@type\":\"EntryPoint\",\"urlTemplate\":\"https:\/\/www.padreeustaquio.com.br\/?s={search_term_string}\"},\"query-input\":{\"@type\":\"PropertyValueSpecification\",\"valueRequired\":true,\"valueName\":\"search_term_string\"}}],\"inLanguage\":\"es\"},{\"@type\":\"Organization\",\"@id\":\"https:\/\/www.padreeustaquio.com.br\/#organization\",\"name\":\"Padre Eust\u00e1quio\",\"url\":\"https:\/\/www.padreeustaquio.com.br\/\",\"logo\":{\"@type\":\"ImageObject\",\"inLanguage\":\"es\",\"@id\":\"https:\/\/www.padreeustaquio.com.br\/#\/schema\/logo\/image\/\",\"url\":\"https:\/\/www.padreeustaquio.com.br\/wp-content\/uploads\/2019\/08\/marca.png\",\"contentUrl\":\"https:\/\/www.padreeustaquio.com.br\/wp-content\/uploads\/2019\/08\/marca.png\",\"width\":350,\"height\":400,\"caption\":\"Padre Eust\u00e1quio\"},\"image\":{\"@id\":\"https:\/\/www.padreeustaquio.com.br\/#\/schema\/logo\/image\/\"},\"sameAs\":[\"https:\/\/www.facebook.com\/beatopadreeustaquio\/\",\"https:\/\/x.com\/beatopeustaquio\",\"https:\/\/www.instagram.com\/beatopadreeustaquio\/\",\"https:\/\/www.youtube.com\/channel\/UCRhw7vfabnajwLxb1ZXMeIw\"]},{\"@type\":\"Person\",\"@id\":\"https:\/\/www.padreeustaquio.com.br\/#\/schema\/person\/a2a51db1d00f1a7af0204a0f1ddb1566\",\"name\":\"@sscc\",\"image\":{\"@type\":\"ImageObject\",\"inLanguage\":\"es\",\"@id\":\"https:\/\/secure.gravatar.com\/avatar\/68cfafa5f44617fea54071e215026e0ff06be366c3d54a8425f04fdcb86f8c5f?s=96&d=mm&r=g\",\"url\":\"https:\/\/secure.gravatar.com\/avatar\/68cfafa5f44617fea54071e215026e0ff06be366c3d54a8425f04fdcb86f8c5f?s=96&d=mm&r=g\",\"contentUrl\":\"https:\/\/secure.gravatar.com\/avatar\/68cfafa5f44617fea54071e215026e0ff06be366c3d54a8425f04fdcb86f8c5f?s=96&d=mm&r=g\",\"caption\":\"@sscc\"},\"url\":\"https:\/\/www.padreeustaquio.com.br\/es\/author\/sscc\/\"}]}<\/script>\n<!-- \/ Yoast SEO plugin. -->","yoast_head_json":{"title":"Portugal lanza himno para la Jornada Mundial de la Juventud - JMJ 2023 - Padre Eust\u00e1quio","robots":{"index":"index","follow":"follow","max-snippet":"max-snippet:-1","max-image-preview":"max-image-preview:large","max-video-preview":"max-video-preview:-1"},"canonical":"https:\/\/www.padreeustaquio.com.br\/es\/portugal-lanza-himno-para-la-jornada-mundial-de-la-juventud-2023\/","og_locale":"es_ES","og_type":"article","og_title":"Portugal lan\u00e7a hino da Jornada Mundial da Juventude - JMJ 2023 - Padre Eust\u00e1quio","og_description":"O hino oficial da Jornada Mundial da Juventude \/ Lisboa-2023 foi apresentado essa semana. A letra \u00e9 de autoria do padre Jo\u00e3o Paulo Vaz, da diocese de Coimbra, e a m\u00fasica de Pedro Ferreira. Concorreram no concurso para a escolha da can\u00e7\u00e3o mais de cem grupos de todas as regi\u00f5es de Portugal. A elei\u00e7\u00e3o foi feita por um j\u00fari formado por profissionais da m\u00fasica e das artes, que fez a primeira sele\u00e7\u00e3o, com a escolha final do Dicast\u00e9rio para os Leigos, a Fam\u00edlia e a Vida no Vaticano. O videoclipe apresenta a beleza da capital portuguesa expressa na arquitetura da [&hellip;]","og_url":"https:\/\/www.padreeustaquio.com.br\/es\/portugal-lanza-himno-para-la-jornada-mundial-de-la-juventud-2023\/","og_site_name":"Padre Eust\u00e1quio","article_publisher":"https:\/\/www.facebook.com\/beatopadreeustaquio\/","article_published_time":"2021-01-29T17:36:07+00:00","og_image":[{"width":1280,"height":720,"url":"https:\/\/www.padreeustaquio.com.br\/wp-content\/uploads\/2021\/01\/logo-jmj.jpeg","type":"image\/jpeg"}],"author":"@sscc","twitter_card":"summary_large_image","twitter_creator":"@beatopeustaquio","twitter_site":"@beatopeustaquio","twitter_misc":{"Escrito por":"@sscc","Tiempo de lectura":"3 minutos"},"schema":{"@context":"https:\/\/schema.org","@graph":[{"@type":"Article","@id":"https:\/\/www.padreeustaquio.com.br\/portugal-lanca-hino-da-jornada-mundial-da-juventude-jmj-2023\/#article","isPartOf":{"@id":"https:\/\/www.padreeustaquio.com.br\/portugal-lanca-hino-da-jornada-mundial-da-juventude-jmj-2023\/"},"author":{"name":"@sscc","@id":"https:\/\/www.padreeustaquio.com.br\/#\/schema\/person\/a2a51db1d00f1a7af0204a0f1ddb1566"},"headline":"Portugal lan\u00e7a hino da Jornada Mundial da Juventude &#8211; JMJ 2023","datePublished":"2021-01-29T17:36:07+00:00","mainEntityOfPage":{"@id":"https:\/\/www.padreeustaquio.com.br\/portugal-lanca-hino-da-jornada-mundial-da-juventude-jmj-2023\/"},"wordCount":531,"commentCount":0,"publisher":{"@id":"https:\/\/www.padreeustaquio.com.br\/#organization"},"image":{"@id":"https:\/\/www.padreeustaquio.com.br\/portugal-lanca-hino-da-jornada-mundial-da-juventude-jmj-2023\/#primaryimage"},"thumbnailUrl":"https:\/\/www.padreeustaquio.com.br\/wp-content\/uploads\/2021\/01\/logo-jmj.jpeg","articleSection":["Not\u00edcias"],"inLanguage":"es","potentialAction":[{"@type":"CommentAction","name":"Comment","target":["https:\/\/www.padreeustaquio.com.br\/portugal-lanca-hino-da-jornada-mundial-da-juventude-jmj-2023\/#respond"]}]},{"@type":"WebPage","@id":"https:\/\/www.padreeustaquio.com.br\/portugal-lanca-hino-da-jornada-mundial-da-juventude-jmj-2023\/","url":"https:\/\/www.padreeustaquio.com.br\/portugal-lanca-hino-da-jornada-mundial-da-juventude-jmj-2023\/","name":"Portugal lanza himno para la Jornada Mundial de la Juventud - JMJ 2023 - Padre Eust\u00e1quio","isPartOf":{"@id":"https:\/\/www.padreeustaquio.com.br\/#website"},"primaryImageOfPage":{"@id":"https:\/\/www.padreeustaquio.com.br\/portugal-lanca-hino-da-jornada-mundial-da-juventude-jmj-2023\/#primaryimage"},"image":{"@id":"https:\/\/www.padreeustaquio.com.br\/portugal-lanca-hino-da-jornada-mundial-da-juventude-jmj-2023\/#primaryimage"},"thumbnailUrl":"https:\/\/www.padreeustaquio.com.br\/wp-content\/uploads\/2021\/01\/logo-jmj.jpeg","datePublished":"2021-01-29T17:36:07+00:00","breadcrumb":{"@id":"https:\/\/www.padreeustaquio.com.br\/portugal-lanca-hino-da-jornada-mundial-da-juventude-jmj-2023\/#breadcrumb"},"inLanguage":"es","potentialAction":[{"@type":"ReadAction","target":["https:\/\/www.padreeustaquio.com.br\/portugal-lanca-hino-da-jornada-mundial-da-juventude-jmj-2023\/"]}]},{"@type":"ImageObject","inLanguage":"es","@id":"https:\/\/www.padreeustaquio.com.br\/portugal-lanca-hino-da-jornada-mundial-da-juventude-jmj-2023\/#primaryimage","url":"https:\/\/www.padreeustaquio.com.br\/wp-content\/uploads\/2021\/01\/logo-jmj.jpeg","contentUrl":"https:\/\/www.padreeustaquio.com.br\/wp-content\/uploads\/2021\/01\/logo-jmj.jpeg","width":1280,"height":720},{"@type":"BreadcrumbList","@id":"https:\/\/www.padreeustaquio.com.br\/portugal-lanca-hino-da-jornada-mundial-da-juventude-jmj-2023\/#breadcrumb","itemListElement":[{"@type":"ListItem","position":1,"name":"In\u00edcio","item":"https:\/\/www.padreeustaquio.com.br\/"},{"@type":"ListItem","position":2,"name":"Portugal lan\u00e7a hino da Jornada Mundial da Juventude &#8211; JMJ 2023"}]},{"@type":"WebSite","@id":"https:\/\/www.padreeustaquio.com.br\/#website","url":"https:\/\/www.padreeustaquio.com.br\/","name":"Padre Eustace","description":"Salud y Paz","publisher":{"@id":"https:\/\/www.padreeustaquio.com.br\/#organization"},"potentialAction":[{"@type":"SearchAction","target":{"@type":"EntryPoint","urlTemplate":"https:\/\/www.padreeustaquio.com.br\/?s={search_term_string}"},"query-input":{"@type":"PropertyValueSpecification","valueRequired":true,"valueName":"search_term_string"}}],"inLanguage":"es"},{"@type":"Organization","@id":"https:\/\/www.padreeustaquio.com.br\/#organization","name":"Padre Eustace","url":"https:\/\/www.padreeustaquio.com.br\/","logo":{"@type":"ImageObject","inLanguage":"es","@id":"https:\/\/www.padreeustaquio.com.br\/#\/schema\/logo\/image\/","url":"https:\/\/www.padreeustaquio.com.br\/wp-content\/uploads\/2019\/08\/marca.png","contentUrl":"https:\/\/www.padreeustaquio.com.br\/wp-content\/uploads\/2019\/08\/marca.png","width":350,"height":400,"caption":"Padre Eust\u00e1quio"},"image":{"@id":"https:\/\/www.padreeustaquio.com.br\/#\/schema\/logo\/image\/"},"sameAs":["https:\/\/www.facebook.com\/beatopadreeustaquio\/","https:\/\/x.com\/beatopeustaquio","https:\/\/www.instagram.com\/beatopadreeustaquio\/","https:\/\/www.youtube.com\/channel\/UCRhw7vfabnajwLxb1ZXMeIw"]},{"@type":"Person","@id":"https:\/\/www.padreeustaquio.com.br\/#\/schema\/person\/a2a51db1d00f1a7af0204a0f1ddb1566","name":"@sscc","image":{"@type":"ImageObject","inLanguage":"es","@id":"https:\/\/secure.gravatar.com\/avatar\/68cfafa5f44617fea54071e215026e0ff06be366c3d54a8425f04fdcb86f8c5f?s=96&d=mm&r=g","url":"https:\/\/secure.gravatar.com\/avatar\/68cfafa5f44617fea54071e215026e0ff06be366c3d54a8425f04fdcb86f8c5f?s=96&d=mm&r=g","contentUrl":"https:\/\/secure.gravatar.com\/avatar\/68cfafa5f44617fea54071e215026e0ff06be366c3d54a8425f04fdcb86f8c5f?s=96&d=mm&r=g","caption":"@sscc"},"url":"https:\/\/www.padreeustaquio.com.br\/es\/author\/sscc\/"}]}},"_links":{"self":[{"href":"https:\/\/www.padreeustaquio.com.br\/es\/wp-json\/wp\/v2\/posts\/4930","targetHints":{"allow":["GET"]}}],"collection":[{"href":"https:\/\/www.padreeustaquio.com.br\/es\/wp-json\/wp\/v2\/posts"}],"about":[{"href":"https:\/\/www.padreeustaquio.com.br\/es\/wp-json\/wp\/v2\/types\/post"}],"author":[{"embeddable":true,"href":"https:\/\/www.padreeustaquio.com.br\/es\/wp-json\/wp\/v2\/users\/2"}],"replies":[{"embeddable":true,"href":"https:\/\/www.padreeustaquio.com.br\/es\/wp-json\/wp\/v2\/comments?post=4930"}],"version-history":[{"count":0,"href":"https:\/\/www.padreeustaquio.com.br\/es\/wp-json\/wp\/v2\/posts\/4930\/revisions"}],"wp:featuredmedia":[{"embeddable":true,"href":"https:\/\/www.padreeustaquio.com.br\/es\/wp-json\/wp\/v2\/media\/4931"}],"wp:attachment":[{"href":"https:\/\/www.padreeustaquio.com.br\/es\/wp-json\/wp\/v2\/media?parent=4930"}],"wp:term":[{"taxonomy":"category","embeddable":true,"href":"https:\/\/www.padreeustaquio.com.br\/es\/wp-json\/wp\/v2\/categories?post=4930"},{"taxonomy":"post_tag","embeddable":true,"href":"https:\/\/www.padreeustaquio.com.br\/es\/wp-json\/wp\/v2\/tags?post=4930"}],"curies":[{"name":"wp","href":"https:\/\/api.w.org\/{rel}","templated":true}]}}