{"id":4927,"date":"2021-01-28T11:37:14","date_gmt":"2021-01-28T14:37:14","guid":{"rendered":"https:\/\/www.padreeustaquio.com.br\/?p=4927"},"modified":"2021-01-28T11:39:37","modified_gmt":"2021-01-28T14:39:37","slug":"celebre-con-nosotros-cada-30-de-mes-el-dia-del-padre-eustaquio","status":"publish","type":"post","link":"https:\/\/www.padreeustaquio.com.br\/es\/celebre-con-nosotros-cada-30-de-mes-el-dia-del-padre-eustaquio\/","title":{"rendered":"CELEBRA CON NOSOTROS: Cada 30 es el D\u00eda del Padre Eust\u00e1quio"},"content":{"rendered":"<p>Dado que cada 30 se conmemora el D\u00eda del Padre Eust\u00e1quio, el pr\u00f3ximo s\u00e1bado (30 de enero de 2021), el Santuario de la Salud y la Paz celebrar\u00e1 la Misa Votiva del Beato. La Santa Misa se celebrar\u00e1 presencialmente a las 15:00 h.<\/p>\n<p>Para participar en la celebraci\u00f3n, se requiere inscripci\u00f3n previa. Quienes deseen participar pueden acudir a la oficina parroquial, abierta de lunes a viernes de 8:00 a. m. a 12:00 p. m. y de 1:00 p. m. a 5:30 p. m., y los s\u00e1bados de 7:30 a. m. a 12:00 p. m., para recoger su n\u00famero de registro. Tambi\u00e9n pueden inscribirse en l\u00ednea.\u00a0<a href=\"https:\/\/www.sympla.com.br\/missas-presenciais---igreja-padre-eustaquio---de-26-a-31-de-janeiro__1106278\">haciendo clic aqu\u00ed<\/a>.<\/p>\n<p>Si no puedes venir a la iglesia, sigue la transmisi\u00f3n a trav\u00e9s de\u00a0<a href=\"https:\/\/www.youtube.com\/channel\/UCRhw7vfabnajwLxb1ZXMeIw\">Canal Padre Eust\u00e1quio<\/a>, En YouTube. Si conoces a alguien que no pueda salir de casa o que pertenezca al grupo de alto riesgo de coronavirus, comparte nuestras redes sociales para que tambi\u00e9n pueda seguirnos.<\/p>\n<p>\u00a1Salud y Paz!<\/p>","protected":false},"excerpt":{"rendered":"<p>Como todo Dia 30 \u00e9 dia de Padre Eust\u00e1quio, no pr\u00f3ximo s\u00e1bado (30 de janeiro de 2021), o Santu\u00e1rio \u201cSa\u00fade e Paz\u201d celebra a missa votiva do Bem-Aventurado. A Santa Missa, ser\u00e1 celebrada \u00e0s 15h de forma presencial. Para participar da celebra\u00e7\u00e3o \u00e9 necess\u00e1rio se inscrever com anteced\u00eancia. Quem quiser, pode passar na secretaria da par\u00f3quia, aberta de segunda a sexta-feira das 8h \u00e0s 12h e de 13h \u00e0s 17h30 e aos s\u00e1bados, das 7h30 \u00e0s 12h, para retirar sua senha. Se preferir, pode fazer a inscri\u00e7\u00e3o virtualmente\u00a0clicando aqui. Se n\u00e3o puder vir \u00e0 igreja, acompanhe pelo\u00a0Canal Padre Eust\u00e1quio, no [&hellip;]<\/p>\n","protected":false},"author":2,"featured_media":4928,"comment_status":"open","ping_status":"open","sticky":false,"template":"","format":"standard","meta":{"_acf_changed":false,"footnotes":""},"categories":[611],"tags":[],"class_list":["post-4927","post","type-post","status-publish","format-standard","has-post-thumbnail","hentry","category-noticias"],"acf":[],"yoast_head":"<!-- This site is optimized with the Yoast SEO plugin v27.2 - https:\/\/yoast.com\/product\/yoast-seo-wordpress\/ -->\n<title>CELEBRE CONOSCO: Todo dia 30 \u00e9 dia de Padre Eust\u00e1quio - Padre Eust\u00e1quio<\/title>\n<meta name=\"robots\" content=\"index, follow, max-snippet:-1, max-image-preview:large, max-video-preview:-1\" \/>\n<link rel=\"canonical\" href=\"https:\/\/www.padreeustaquio.com.br\/es\/celebre-con-nosotros-cada-30-de-mes-el-dia-del-padre-eustaquio\/\" \/>\n<meta property=\"og:locale\" content=\"es_ES\" \/>\n<meta property=\"og:type\" content=\"article\" \/>\n<meta property=\"og:title\" content=\"CELEBRE CONOSCO: Todo dia 30 \u00e9 dia de Padre Eust\u00e1quio - Padre Eust\u00e1quio\" \/>\n<meta property=\"og:description\" content=\"Como todo Dia 30 \u00e9 dia de Padre Eust\u00e1quio, no pr\u00f3ximo s\u00e1bado (30 de janeiro de 2021), o Santu\u00e1rio \u201cSa\u00fade e Paz\u201d celebra a missa votiva do Bem-Aventurado. A Santa Missa, ser\u00e1 celebrada \u00e0s 15h de forma presencial. Para participar da celebra\u00e7\u00e3o \u00e9 necess\u00e1rio se inscrever com anteced\u00eancia. Quem quiser, pode passar na secretaria da par\u00f3quia, aberta de segunda a sexta-feira das 8h \u00e0s 12h e de 13h \u00e0s 17h30 e aos s\u00e1bados, das 7h30 \u00e0s 12h, para retirar sua senha. Se preferir, pode fazer a inscri\u00e7\u00e3o virtualmente\u00a0clicando aqui. Se n\u00e3o puder vir \u00e0 igreja, acompanhe pelo\u00a0Canal Padre Eust\u00e1quio, no [&hellip;]\" \/>\n<meta property=\"og:url\" content=\"https:\/\/www.padreeustaquio.com.br\/es\/celebre-con-nosotros-cada-30-de-mes-el-dia-del-padre-eustaquio\/\" \/>\n<meta property=\"og:site_name\" content=\"Padre Eust\u00e1quio\" \/>\n<meta property=\"article:publisher\" content=\"https:\/\/www.facebook.com\/beatopadreeustaquio\/\" \/>\n<meta property=\"article:published_time\" content=\"2021-01-28T14:37:14+00:00\" \/>\n<meta property=\"article:modified_time\" content=\"2021-01-28T14:39:37+00:00\" \/>\n<meta property=\"og:image\" content=\"https:\/\/www.padreeustaquio.com.br\/wp-content\/uploads\/2021\/01\/30.01-15h-e1611844745118.jpg\" \/>\n\t<meta property=\"og:image:width\" content=\"1280\" \/>\n\t<meta property=\"og:image:height\" content=\"662\" \/>\n\t<meta property=\"og:image:type\" content=\"image\/jpeg\" \/>\n<meta name=\"author\" content=\"@sscc\" \/>\n<meta name=\"twitter:card\" content=\"summary_large_image\" \/>\n<meta name=\"twitter:creator\" content=\"@beatopeustaquio\" \/>\n<meta name=\"twitter:site\" content=\"@beatopeustaquio\" \/>\n<meta name=\"twitter:label1\" content=\"Escrito por\" \/>\n\t<meta name=\"twitter:data1\" content=\"@sscc\" \/>\n\t<meta name=\"twitter:label2\" content=\"Tiempo de lectura\" \/>\n\t<meta name=\"twitter:data2\" content=\"1 minuto\" \/>\n<script type=\"application\/ld+json\" class=\"yoast-schema-graph\">{\"@context\":\"https:\/\/schema.org\",\"@graph\":[{\"@type\":\"Article\",\"@id\":\"https:\/\/www.padreeustaquio.com.br\/celebre-conosco-todo-dia-30-e-dia-de-padre-eustaquio\/#article\",\"isPartOf\":{\"@id\":\"https:\/\/www.padreeustaquio.com.br\/celebre-conosco-todo-dia-30-e-dia-de-padre-eustaquio\/\"},\"author\":{\"name\":\"@sscc\",\"@id\":\"https:\/\/www.padreeustaquio.com.br\/#\/schema\/person\/a2a51db1d00f1a7af0204a0f1ddb1566\"},\"headline\":\"CELEBRE CONOSCO: Todo dia 30 \u00e9 dia de Padre Eust\u00e1quio\",\"datePublished\":\"2021-01-28T14:37:14+00:00\",\"dateModified\":\"2021-01-28T14:39:37+00:00\",\"mainEntityOfPage\":{\"@id\":\"https:\/\/www.padreeustaquio.com.br\/celebre-conosco-todo-dia-30-e-dia-de-padre-eustaquio\/\"},\"wordCount\":157,\"commentCount\":0,\"publisher\":{\"@id\":\"https:\/\/www.padreeustaquio.com.br\/#organization\"},\"image\":{\"@id\":\"https:\/\/www.padreeustaquio.com.br\/celebre-conosco-todo-dia-30-e-dia-de-padre-eustaquio\/#primaryimage\"},\"thumbnailUrl\":\"https:\/\/www.padreeustaquio.com.br\/wp-content\/uploads\/2021\/01\/30.01-15h-e1611844745118.jpg\",\"articleSection\":[\"Not\u00edcias\"],\"inLanguage\":\"es\",\"potentialAction\":[{\"@type\":\"CommentAction\",\"name\":\"Comment\",\"target\":[\"https:\/\/www.padreeustaquio.com.br\/celebre-conosco-todo-dia-30-e-dia-de-padre-eustaquio\/#respond\"]}]},{\"@type\":\"WebPage\",\"@id\":\"https:\/\/www.padreeustaquio.com.br\/celebre-conosco-todo-dia-30-e-dia-de-padre-eustaquio\/\",\"url\":\"https:\/\/www.padreeustaquio.com.br\/celebre-conosco-todo-dia-30-e-dia-de-padre-eustaquio\/\",\"name\":\"CELEBRE CONOSCO: Todo dia 30 \u00e9 dia de Padre Eust\u00e1quio - Padre Eust\u00e1quio\",\"isPartOf\":{\"@id\":\"https:\/\/www.padreeustaquio.com.br\/#website\"},\"primaryImageOfPage\":{\"@id\":\"https:\/\/www.padreeustaquio.com.br\/celebre-conosco-todo-dia-30-e-dia-de-padre-eustaquio\/#primaryimage\"},\"image\":{\"@id\":\"https:\/\/www.padreeustaquio.com.br\/celebre-conosco-todo-dia-30-e-dia-de-padre-eustaquio\/#primaryimage\"},\"thumbnailUrl\":\"https:\/\/www.padreeustaquio.com.br\/wp-content\/uploads\/2021\/01\/30.01-15h-e1611844745118.jpg\",\"datePublished\":\"2021-01-28T14:37:14+00:00\",\"dateModified\":\"2021-01-28T14:39:37+00:00\",\"breadcrumb\":{\"@id\":\"https:\/\/www.padreeustaquio.com.br\/celebre-conosco-todo-dia-30-e-dia-de-padre-eustaquio\/#breadcrumb\"},\"inLanguage\":\"es\",\"potentialAction\":[{\"@type\":\"ReadAction\",\"target\":[\"https:\/\/www.padreeustaquio.com.br\/celebre-conosco-todo-dia-30-e-dia-de-padre-eustaquio\/\"]}]},{\"@type\":\"ImageObject\",\"inLanguage\":\"es\",\"@id\":\"https:\/\/www.padreeustaquio.com.br\/celebre-conosco-todo-dia-30-e-dia-de-padre-eustaquio\/#primaryimage\",\"url\":\"https:\/\/www.padreeustaquio.com.br\/wp-content\/uploads\/2021\/01\/30.01-15h-e1611844745118.jpg\",\"contentUrl\":\"https:\/\/www.padreeustaquio.com.br\/wp-content\/uploads\/2021\/01\/30.01-15h-e1611844745118.jpg\",\"width\":1280,\"height\":662},{\"@type\":\"BreadcrumbList\",\"@id\":\"https:\/\/www.padreeustaquio.com.br\/celebre-conosco-todo-dia-30-e-dia-de-padre-eustaquio\/#breadcrumb\",\"itemListElement\":[{\"@type\":\"ListItem\",\"position\":1,\"name\":\"In\u00edcio\",\"item\":\"https:\/\/www.padreeustaquio.com.br\/\"},{\"@type\":\"ListItem\",\"position\":2,\"name\":\"CELEBRE CONOSCO: Todo dia 30 \u00e9 dia de Padre Eust\u00e1quio\"}]},{\"@type\":\"WebSite\",\"@id\":\"https:\/\/www.padreeustaquio.com.br\/#website\",\"url\":\"https:\/\/www.padreeustaquio.com.br\/\",\"name\":\"Padre Eust\u00e1quio\",\"description\":\"Sa\u00fade e Paz\",\"publisher\":{\"@id\":\"https:\/\/www.padreeustaquio.com.br\/#organization\"},\"potentialAction\":[{\"@type\":\"SearchAction\",\"target\":{\"@type\":\"EntryPoint\",\"urlTemplate\":\"https:\/\/www.padreeustaquio.com.br\/?s={search_term_string}\"},\"query-input\":{\"@type\":\"PropertyValueSpecification\",\"valueRequired\":true,\"valueName\":\"search_term_string\"}}],\"inLanguage\":\"es\"},{\"@type\":\"Organization\",\"@id\":\"https:\/\/www.padreeustaquio.com.br\/#organization\",\"name\":\"Padre Eust\u00e1quio\",\"url\":\"https:\/\/www.padreeustaquio.com.br\/\",\"logo\":{\"@type\":\"ImageObject\",\"inLanguage\":\"es\",\"@id\":\"https:\/\/www.padreeustaquio.com.br\/#\/schema\/logo\/image\/\",\"url\":\"https:\/\/www.padreeustaquio.com.br\/wp-content\/uploads\/2019\/08\/marca.png\",\"contentUrl\":\"https:\/\/www.padreeustaquio.com.br\/wp-content\/uploads\/2019\/08\/marca.png\",\"width\":350,\"height\":400,\"caption\":\"Padre Eust\u00e1quio\"},\"image\":{\"@id\":\"https:\/\/www.padreeustaquio.com.br\/#\/schema\/logo\/image\/\"},\"sameAs\":[\"https:\/\/www.facebook.com\/beatopadreeustaquio\/\",\"https:\/\/x.com\/beatopeustaquio\",\"https:\/\/www.instagram.com\/beatopadreeustaquio\/\",\"https:\/\/www.youtube.com\/channel\/UCRhw7vfabnajwLxb1ZXMeIw\"]},{\"@type\":\"Person\",\"@id\":\"https:\/\/www.padreeustaquio.com.br\/#\/schema\/person\/a2a51db1d00f1a7af0204a0f1ddb1566\",\"name\":\"@sscc\",\"image\":{\"@type\":\"ImageObject\",\"inLanguage\":\"es\",\"@id\":\"https:\/\/secure.gravatar.com\/avatar\/68cfafa5f44617fea54071e215026e0ff06be366c3d54a8425f04fdcb86f8c5f?s=96&d=mm&r=g\",\"url\":\"https:\/\/secure.gravatar.com\/avatar\/68cfafa5f44617fea54071e215026e0ff06be366c3d54a8425f04fdcb86f8c5f?s=96&d=mm&r=g\",\"contentUrl\":\"https:\/\/secure.gravatar.com\/avatar\/68cfafa5f44617fea54071e215026e0ff06be366c3d54a8425f04fdcb86f8c5f?s=96&d=mm&r=g\",\"caption\":\"@sscc\"},\"url\":\"https:\/\/www.padreeustaquio.com.br\/es\/author\/sscc\/\"}]}<\/script>\n<!-- \/ Yoast SEO plugin. -->","yoast_head_json":{"title":"CELEBRA CON NOSOTROS: Cada 30 es el D\u00eda del Padre Eust\u00e1quio - Padre Eust\u00e1quio","robots":{"index":"index","follow":"follow","max-snippet":"max-snippet:-1","max-image-preview":"max-image-preview:large","max-video-preview":"max-video-preview:-1"},"canonical":"https:\/\/www.padreeustaquio.com.br\/es\/celebre-con-nosotros-cada-30-de-mes-el-dia-del-padre-eustaquio\/","og_locale":"es_ES","og_type":"article","og_title":"CELEBRE CONOSCO: Todo dia 30 \u00e9 dia de Padre Eust\u00e1quio - Padre Eust\u00e1quio","og_description":"Como todo Dia 30 \u00e9 dia de Padre Eust\u00e1quio, no pr\u00f3ximo s\u00e1bado (30 de janeiro de 2021), o Santu\u00e1rio \u201cSa\u00fade e Paz\u201d celebra a missa votiva do Bem-Aventurado. A Santa Missa, ser\u00e1 celebrada \u00e0s 15h de forma presencial. Para participar da celebra\u00e7\u00e3o \u00e9 necess\u00e1rio se inscrever com anteced\u00eancia. Quem quiser, pode passar na secretaria da par\u00f3quia, aberta de segunda a sexta-feira das 8h \u00e0s 12h e de 13h \u00e0s 17h30 e aos s\u00e1bados, das 7h30 \u00e0s 12h, para retirar sua senha. Se preferir, pode fazer a inscri\u00e7\u00e3o virtualmente\u00a0clicando aqui. Se n\u00e3o puder vir \u00e0 igreja, acompanhe pelo\u00a0Canal Padre Eust\u00e1quio, no [&hellip;]","og_url":"https:\/\/www.padreeustaquio.com.br\/es\/celebre-con-nosotros-cada-30-de-mes-el-dia-del-padre-eustaquio\/","og_site_name":"Padre Eust\u00e1quio","article_publisher":"https:\/\/www.facebook.com\/beatopadreeustaquio\/","article_published_time":"2021-01-28T14:37:14+00:00","article_modified_time":"2021-01-28T14:39:37+00:00","og_image":[{"width":1280,"height":662,"url":"https:\/\/www.padreeustaquio.com.br\/wp-content\/uploads\/2021\/01\/30.01-15h-e1611844745118.jpg","type":"image\/jpeg"}],"author":"@sscc","twitter_card":"summary_large_image","twitter_creator":"@beatopeustaquio","twitter_site":"@beatopeustaquio","twitter_misc":{"Escrito por":"@sscc","Tiempo de lectura":"1 minuto"},"schema":{"@context":"https:\/\/schema.org","@graph":[{"@type":"Article","@id":"https:\/\/www.padreeustaquio.com.br\/celebre-conosco-todo-dia-30-e-dia-de-padre-eustaquio\/#article","isPartOf":{"@id":"https:\/\/www.padreeustaquio.com.br\/celebre-conosco-todo-dia-30-e-dia-de-padre-eustaquio\/"},"author":{"name":"@sscc","@id":"https:\/\/www.padreeustaquio.com.br\/#\/schema\/person\/a2a51db1d00f1a7af0204a0f1ddb1566"},"headline":"CELEBRE CONOSCO: Todo dia 30 \u00e9 dia de Padre Eust\u00e1quio","datePublished":"2021-01-28T14:37:14+00:00","dateModified":"2021-01-28T14:39:37+00:00","mainEntityOfPage":{"@id":"https:\/\/www.padreeustaquio.com.br\/celebre-conosco-todo-dia-30-e-dia-de-padre-eustaquio\/"},"wordCount":157,"commentCount":0,"publisher":{"@id":"https:\/\/www.padreeustaquio.com.br\/#organization"},"image":{"@id":"https:\/\/www.padreeustaquio.com.br\/celebre-conosco-todo-dia-30-e-dia-de-padre-eustaquio\/#primaryimage"},"thumbnailUrl":"https:\/\/www.padreeustaquio.com.br\/wp-content\/uploads\/2021\/01\/30.01-15h-e1611844745118.jpg","articleSection":["Not\u00edcias"],"inLanguage":"es","potentialAction":[{"@type":"CommentAction","name":"Comment","target":["https:\/\/www.padreeustaquio.com.br\/celebre-conosco-todo-dia-30-e-dia-de-padre-eustaquio\/#respond"]}]},{"@type":"WebPage","@id":"https:\/\/www.padreeustaquio.com.br\/celebre-conosco-todo-dia-30-e-dia-de-padre-eustaquio\/","url":"https:\/\/www.padreeustaquio.com.br\/celebre-conosco-todo-dia-30-e-dia-de-padre-eustaquio\/","name":"CELEBRA CON NOSOTROS: Cada 30 es el D\u00eda del Padre Eust\u00e1quio - Padre Eust\u00e1quio","isPartOf":{"@id":"https:\/\/www.padreeustaquio.com.br\/#website"},"primaryImageOfPage":{"@id":"https:\/\/www.padreeustaquio.com.br\/celebre-conosco-todo-dia-30-e-dia-de-padre-eustaquio\/#primaryimage"},"image":{"@id":"https:\/\/www.padreeustaquio.com.br\/celebre-conosco-todo-dia-30-e-dia-de-padre-eustaquio\/#primaryimage"},"thumbnailUrl":"https:\/\/www.padreeustaquio.com.br\/wp-content\/uploads\/2021\/01\/30.01-15h-e1611844745118.jpg","datePublished":"2021-01-28T14:37:14+00:00","dateModified":"2021-01-28T14:39:37+00:00","breadcrumb":{"@id":"https:\/\/www.padreeustaquio.com.br\/celebre-conosco-todo-dia-30-e-dia-de-padre-eustaquio\/#breadcrumb"},"inLanguage":"es","potentialAction":[{"@type":"ReadAction","target":["https:\/\/www.padreeustaquio.com.br\/celebre-conosco-todo-dia-30-e-dia-de-padre-eustaquio\/"]}]},{"@type":"ImageObject","inLanguage":"es","@id":"https:\/\/www.padreeustaquio.com.br\/celebre-conosco-todo-dia-30-e-dia-de-padre-eustaquio\/#primaryimage","url":"https:\/\/www.padreeustaquio.com.br\/wp-content\/uploads\/2021\/01\/30.01-15h-e1611844745118.jpg","contentUrl":"https:\/\/www.padreeustaquio.com.br\/wp-content\/uploads\/2021\/01\/30.01-15h-e1611844745118.jpg","width":1280,"height":662},{"@type":"BreadcrumbList","@id":"https:\/\/www.padreeustaquio.com.br\/celebre-conosco-todo-dia-30-e-dia-de-padre-eustaquio\/#breadcrumb","itemListElement":[{"@type":"ListItem","position":1,"name":"In\u00edcio","item":"https:\/\/www.padreeustaquio.com.br\/"},{"@type":"ListItem","position":2,"name":"CELEBRE CONOSCO: Todo dia 30 \u00e9 dia de Padre Eust\u00e1quio"}]},{"@type":"WebSite","@id":"https:\/\/www.padreeustaquio.com.br\/#website","url":"https:\/\/www.padreeustaquio.com.br\/","name":"Padre Eustace","description":"Salud y Paz","publisher":{"@id":"https:\/\/www.padreeustaquio.com.br\/#organization"},"potentialAction":[{"@type":"SearchAction","target":{"@type":"EntryPoint","urlTemplate":"https:\/\/www.padreeustaquio.com.br\/?s={search_term_string}"},"query-input":{"@type":"PropertyValueSpecification","valueRequired":true,"valueName":"search_term_string"}}],"inLanguage":"es"},{"@type":"Organization","@id":"https:\/\/www.padreeustaquio.com.br\/#organization","name":"Padre Eustace","url":"https:\/\/www.padreeustaquio.com.br\/","logo":{"@type":"ImageObject","inLanguage":"es","@id":"https:\/\/www.padreeustaquio.com.br\/#\/schema\/logo\/image\/","url":"https:\/\/www.padreeustaquio.com.br\/wp-content\/uploads\/2019\/08\/marca.png","contentUrl":"https:\/\/www.padreeustaquio.com.br\/wp-content\/uploads\/2019\/08\/marca.png","width":350,"height":400,"caption":"Padre Eust\u00e1quio"},"image":{"@id":"https:\/\/www.padreeustaquio.com.br\/#\/schema\/logo\/image\/"},"sameAs":["https:\/\/www.facebook.com\/beatopadreeustaquio\/","https:\/\/x.com\/beatopeustaquio","https:\/\/www.instagram.com\/beatopadreeustaquio\/","https:\/\/www.youtube.com\/channel\/UCRhw7vfabnajwLxb1ZXMeIw"]},{"@type":"Person","@id":"https:\/\/www.padreeustaquio.com.br\/#\/schema\/person\/a2a51db1d00f1a7af0204a0f1ddb1566","name":"@sscc","image":{"@type":"ImageObject","inLanguage":"es","@id":"https:\/\/secure.gravatar.com\/avatar\/68cfafa5f44617fea54071e215026e0ff06be366c3d54a8425f04fdcb86f8c5f?s=96&d=mm&r=g","url":"https:\/\/secure.gravatar.com\/avatar\/68cfafa5f44617fea54071e215026e0ff06be366c3d54a8425f04fdcb86f8c5f?s=96&d=mm&r=g","contentUrl":"https:\/\/secure.gravatar.com\/avatar\/68cfafa5f44617fea54071e215026e0ff06be366c3d54a8425f04fdcb86f8c5f?s=96&d=mm&r=g","caption":"@sscc"},"url":"https:\/\/www.padreeustaquio.com.br\/es\/author\/sscc\/"}]}},"_links":{"self":[{"href":"https:\/\/www.padreeustaquio.com.br\/es\/wp-json\/wp\/v2\/posts\/4927","targetHints":{"allow":["GET"]}}],"collection":[{"href":"https:\/\/www.padreeustaquio.com.br\/es\/wp-json\/wp\/v2\/posts"}],"about":[{"href":"https:\/\/www.padreeustaquio.com.br\/es\/wp-json\/wp\/v2\/types\/post"}],"author":[{"embeddable":true,"href":"https:\/\/www.padreeustaquio.com.br\/es\/wp-json\/wp\/v2\/users\/2"}],"replies":[{"embeddable":true,"href":"https:\/\/www.padreeustaquio.com.br\/es\/wp-json\/wp\/v2\/comments?post=4927"}],"version-history":[{"count":0,"href":"https:\/\/www.padreeustaquio.com.br\/es\/wp-json\/wp\/v2\/posts\/4927\/revisions"}],"wp:featuredmedia":[{"embeddable":true,"href":"https:\/\/www.padreeustaquio.com.br\/es\/wp-json\/wp\/v2\/media\/4928"}],"wp:attachment":[{"href":"https:\/\/www.padreeustaquio.com.br\/es\/wp-json\/wp\/v2\/media?parent=4927"}],"wp:term":[{"taxonomy":"category","embeddable":true,"href":"https:\/\/www.padreeustaquio.com.br\/es\/wp-json\/wp\/v2\/categories?post=4927"},{"taxonomy":"post_tag","embeddable":true,"href":"https:\/\/www.padreeustaquio.com.br\/es\/wp-json\/wp\/v2\/tags?post=4927"}],"curies":[{"name":"wp","href":"https:\/\/api.w.org\/{rel}","templated":true}]}}