{"id":4918,"date":"2021-01-27T12:49:56","date_gmt":"2021-01-27T15:49:56","guid":{"rendered":"https:\/\/www.padreeustaquio.com.br\/?p=4918"},"modified":"2021-01-27T12:49:56","modified_gmt":"2021-01-27T15:49:56","slug":"hace-106-anos-el-padre-eustace-profeso-sus-primeros-votos","status":"publish","type":"post","link":"https:\/\/www.padreeustaquio.com.br\/es\/hace-106-anos-el-padre-eustace-profeso-sus-primeros-votos\/","title":{"rendered":"Hace 106 a\u00f1os, el Padre Eustaquio profes\u00f3 sus primeros votos."},"content":{"rendered":"<p>Fue el 27 de enero de 1915, en los Pa\u00edses Bajos, cuando el joven Humberto van Lieshout, o Frater Eust\u00e1quio como ya se le llamaba, profes\u00f3 sus votos temporales en la Congregaci\u00f3n de los Sagrados Corazones.<\/p>\n<p>Eust\u00e1quio ten\u00eda 24 a\u00f1os cuando profes\u00f3 temporalmente los votos de Pobreza, Castidad y Obediencia. Un a\u00f1o y medio antes, en julio de 1913, el joven hab\u00eda ingresado al noviciado y se hab\u00eda identificado con la Congregaci\u00f3n. En el libro &quot;El Vicario de Po\u00e1&quot;, el P. Ven\u00e2ncio Hulselmans, ss.cc., escribe:<\/p>\n<blockquote><p><em>\u201c&quot;Humberto van Lieshout, ya siendo estudiante, am\u00f3 a esta Congregaci\u00f3n y durante toda su vida busc\u00f3 realizar plenamente sus sublimes prop\u00f3sitos.&quot;\u201d<\/em><\/p><\/blockquote>\n<p>Al a\u00f1o siguiente, m\u00e1s precisamente el 9 de febrero de 1916, Eust\u00e1quio se licenci\u00f3 en Teolog\u00eda y posteriormente (en 1918) profes\u00f3 sus votos perpetuos.<\/p>\n<p><strong>VOTOS RELIGIOSOS<\/strong><\/p>\n<p>Los votos emitidos durante la consagraci\u00f3n religiosa expresan un camino hacia la experiencia radical de la entrega de la persona religiosa a Dios; su vida entera estar\u00e1 plenamente disponible para seguir a Cristo. El prop\u00f3sito de estos votos es permitir a la persona consagrada liberarse de todo condicionamiento humano, ya sea personal, cultural o ideol\u00f3gico, y as\u00ed ser aut\u00e9ntica en su anuncio del Evangelio. A su vez, son cruciales para la vida misionera de la persona consagrada, ya que, a trav\u00e9s de ellos, se rompen las ataduras que nos impiden servir a nuestros hermanos con amor. Expresan un gesto de total libertad y disponibilidad.<\/p>\n<p><strong>POBREZA, OBEDIENCIA Y CASTIDAD<\/strong><\/p>\n<p>A\u00a0<strong>pobreza<\/strong> La vida evang\u00e9lica significa madurez para adaptar los bienes materiales al servicio de la misi\u00f3n evangelizadora, de modo que la persona consagrada est\u00e9 capacitada para la solidaridad con el pr\u00f3jimo.\u00a0<strong>obediencia<\/strong>\u00a0Tiene como objetivo la plena madurez de la persona religiosa, haci\u00e9ndola d\u00f3cil a la inspiraci\u00f3n del Esp\u00edritu y capaz de renunciar a sus deseos m\u00e1s personales.\u00a0<strong>castidad<\/strong>,El arrepentimiento, entendido por algunos como simplemente renunciar al matrimonio, significa ofrecer a Dios el sacrificio de nuestros deseos corporales. Su prop\u00f3sito es brindar a la persona religiosa libertad afectiva, permiti\u00e9ndole establecer relaciones maduras y centradas que trasciendan el deseo puramente sexual.<\/p>\n<p>&nbsp;<\/p>\n<p><em>Fuente: Vicepostulaci\u00f3n de la Causa de Canonizaci\u00f3n del Padre Eust\u00e1quio con informaci\u00f3n del libro \u201cO Vig\u00e1rio de Po\u00e1\u201d, del Padre Ven\u00e2ncio Hulselmans (1944) e informaci\u00f3n de a12.com (https:\/\/www.a12.com\/redentoristas\/noticias\/o-que-sao-votos-de-pobreza-castidade-obediencia)<\/em><\/p>","protected":false},"excerpt":{"rendered":"<p>Foi no dia 27 de janeiro de 1915, na Holanda, que o jovem Humberto van Lieshout ou Frater Eust\u00e1quio como j\u00e1 era chamado, professou seus votos tempor\u00e1rios na Congrega\u00e7\u00e3o dos Sagrados Cora\u00e7\u00f5es. Eust\u00e1quio tinha 24 anos de idade quando professou os votos de Pobreza, Castidade e Obedi\u00eancia de forma tempor\u00e1ria. Um ano e meio antes, em julho de 1913, o jovem havia entrado para o noviciado e se identificado com a Congrega\u00e7\u00e3o. No livro &#8220;O Vig\u00e1rio de Po\u00e1&#8221;, Pe. Ven\u00e2ncio Hulselmans, ss.cc. escreve: &#8220;Humberto van Lieshout, j\u00e1 como estudante amou esta Congrega\u00e7\u00e3o e durante toda sua vida procurou realizar, integralmente, [&hellip;]<\/p>\n","protected":false},"author":2,"featured_media":4926,"comment_status":"open","ping_status":"open","sticky":false,"template":"","format":"standard","meta":{"_acf_changed":false,"footnotes":""},"categories":[611],"tags":[],"class_list":["post-4918","post","type-post","status-publish","format-standard","has-post-thumbnail","hentry","category-noticias"],"acf":[],"yoast_head":"<!-- This site is optimized with the Yoast SEO plugin v27.2 - https:\/\/yoast.com\/product\/yoast-seo-wordpress\/ -->\n<title>H\u00e1 106 anos Padre Eust\u00e1quio professava seus primeiros votos - Padre Eust\u00e1quio<\/title>\n<meta name=\"robots\" content=\"index, follow, max-snippet:-1, max-image-preview:large, max-video-preview:-1\" \/>\n<link rel=\"canonical\" href=\"https:\/\/www.padreeustaquio.com.br\/es\/hace-106-anos-el-padre-eustace-profeso-sus-primeros-votos\/\" \/>\n<meta property=\"og:locale\" content=\"es_ES\" \/>\n<meta property=\"og:type\" content=\"article\" \/>\n<meta property=\"og:title\" content=\"H\u00e1 106 anos Padre Eust\u00e1quio professava seus primeiros votos - Padre Eust\u00e1quio\" \/>\n<meta property=\"og:description\" content=\"Foi no dia 27 de janeiro de 1915, na Holanda, que o jovem Humberto van Lieshout ou Frater Eust\u00e1quio como j\u00e1 era chamado, professou seus votos tempor\u00e1rios na Congrega\u00e7\u00e3o dos Sagrados Cora\u00e7\u00f5es. Eust\u00e1quio tinha 24 anos de idade quando professou os votos de Pobreza, Castidade e Obedi\u00eancia de forma tempor\u00e1ria. Um ano e meio antes, em julho de 1913, o jovem havia entrado para o noviciado e se identificado com a Congrega\u00e7\u00e3o. No livro &#8220;O Vig\u00e1rio de Po\u00e1&#8221;, Pe. Ven\u00e2ncio Hulselmans, ss.cc. escreve: &#8220;Humberto van Lieshout, j\u00e1 como estudante amou esta Congrega\u00e7\u00e3o e durante toda sua vida procurou realizar, integralmente, [&hellip;]\" \/>\n<meta property=\"og:url\" content=\"https:\/\/www.padreeustaquio.com.br\/es\/hace-106-anos-el-padre-eustace-profeso-sus-primeros-votos\/\" \/>\n<meta property=\"og:site_name\" content=\"Padre Eust\u00e1quio\" \/>\n<meta property=\"article:publisher\" content=\"https:\/\/www.facebook.com\/beatopadreeustaquio\/\" \/>\n<meta property=\"article:published_time\" content=\"2021-01-27T15:49:56+00:00\" \/>\n<meta property=\"og:image\" content=\"https:\/\/www.padreeustaquio.com.br\/wp-content\/uploads\/2021\/01\/PE-EUSTAQUIO.jpg\" \/>\n\t<meta property=\"og:image:width\" content=\"748\" \/>\n\t<meta property=\"og:image:height\" content=\"394\" \/>\n\t<meta property=\"og:image:type\" content=\"image\/jpeg\" \/>\n<meta name=\"author\" content=\"@sscc\" \/>\n<meta name=\"twitter:card\" content=\"summary_large_image\" \/>\n<meta name=\"twitter:creator\" content=\"@beatopeustaquio\" \/>\n<meta name=\"twitter:site\" content=\"@beatopeustaquio\" \/>\n<meta name=\"twitter:label1\" content=\"Escrito por\" \/>\n\t<meta name=\"twitter:data1\" content=\"@sscc\" \/>\n\t<meta name=\"twitter:label2\" content=\"Tiempo de lectura\" \/>\n\t<meta name=\"twitter:data2\" content=\"2 minutos\" \/>\n<script type=\"application\/ld+json\" class=\"yoast-schema-graph\">{\"@context\":\"https:\/\/schema.org\",\"@graph\":[{\"@type\":\"Article\",\"@id\":\"https:\/\/www.padreeustaquio.com.br\/ha-106-anos-padre-eustaquio-professava-seus-primeiros-votos\/#article\",\"isPartOf\":{\"@id\":\"https:\/\/www.padreeustaquio.com.br\/ha-106-anos-padre-eustaquio-professava-seus-primeiros-votos\/\"},\"author\":{\"name\":\"@sscc\",\"@id\":\"https:\/\/www.padreeustaquio.com.br\/#\/schema\/person\/a2a51db1d00f1a7af0204a0f1ddb1566\"},\"headline\":\"H\u00e1 106 anos Padre Eust\u00e1quio professava seus primeiros votos\",\"datePublished\":\"2021-01-27T15:49:56+00:00\",\"mainEntityOfPage\":{\"@id\":\"https:\/\/www.padreeustaquio.com.br\/ha-106-anos-padre-eustaquio-professava-seus-primeiros-votos\/\"},\"wordCount\":414,\"commentCount\":0,\"publisher\":{\"@id\":\"https:\/\/www.padreeustaquio.com.br\/#organization\"},\"image\":{\"@id\":\"https:\/\/www.padreeustaquio.com.br\/ha-106-anos-padre-eustaquio-professava-seus-primeiros-votos\/#primaryimage\"},\"thumbnailUrl\":\"https:\/\/www.padreeustaquio.com.br\/wp-content\/uploads\/2021\/01\/PE-EUSTAQUIO.jpg\",\"articleSection\":[\"Not\u00edcias\"],\"inLanguage\":\"es\",\"potentialAction\":[{\"@type\":\"CommentAction\",\"name\":\"Comment\",\"target\":[\"https:\/\/www.padreeustaquio.com.br\/ha-106-anos-padre-eustaquio-professava-seus-primeiros-votos\/#respond\"]}]},{\"@type\":\"WebPage\",\"@id\":\"https:\/\/www.padreeustaquio.com.br\/ha-106-anos-padre-eustaquio-professava-seus-primeiros-votos\/\",\"url\":\"https:\/\/www.padreeustaquio.com.br\/ha-106-anos-padre-eustaquio-professava-seus-primeiros-votos\/\",\"name\":\"H\u00e1 106 anos Padre Eust\u00e1quio professava seus primeiros votos - Padre Eust\u00e1quio\",\"isPartOf\":{\"@id\":\"https:\/\/www.padreeustaquio.com.br\/#website\"},\"primaryImageOfPage\":{\"@id\":\"https:\/\/www.padreeustaquio.com.br\/ha-106-anos-padre-eustaquio-professava-seus-primeiros-votos\/#primaryimage\"},\"image\":{\"@id\":\"https:\/\/www.padreeustaquio.com.br\/ha-106-anos-padre-eustaquio-professava-seus-primeiros-votos\/#primaryimage\"},\"thumbnailUrl\":\"https:\/\/www.padreeustaquio.com.br\/wp-content\/uploads\/2021\/01\/PE-EUSTAQUIO.jpg\",\"datePublished\":\"2021-01-27T15:49:56+00:00\",\"breadcrumb\":{\"@id\":\"https:\/\/www.padreeustaquio.com.br\/ha-106-anos-padre-eustaquio-professava-seus-primeiros-votos\/#breadcrumb\"},\"inLanguage\":\"es\",\"potentialAction\":[{\"@type\":\"ReadAction\",\"target\":[\"https:\/\/www.padreeustaquio.com.br\/ha-106-anos-padre-eustaquio-professava-seus-primeiros-votos\/\"]}]},{\"@type\":\"ImageObject\",\"inLanguage\":\"es\",\"@id\":\"https:\/\/www.padreeustaquio.com.br\/ha-106-anos-padre-eustaquio-professava-seus-primeiros-votos\/#primaryimage\",\"url\":\"https:\/\/www.padreeustaquio.com.br\/wp-content\/uploads\/2021\/01\/PE-EUSTAQUIO.jpg\",\"contentUrl\":\"https:\/\/www.padreeustaquio.com.br\/wp-content\/uploads\/2021\/01\/PE-EUSTAQUIO.jpg\",\"width\":748,\"height\":394},{\"@type\":\"BreadcrumbList\",\"@id\":\"https:\/\/www.padreeustaquio.com.br\/ha-106-anos-padre-eustaquio-professava-seus-primeiros-votos\/#breadcrumb\",\"itemListElement\":[{\"@type\":\"ListItem\",\"position\":1,\"name\":\"In\u00edcio\",\"item\":\"https:\/\/www.padreeustaquio.com.br\/\"},{\"@type\":\"ListItem\",\"position\":2,\"name\":\"H\u00e1 106 anos Padre Eust\u00e1quio professava seus primeiros votos\"}]},{\"@type\":\"WebSite\",\"@id\":\"https:\/\/www.padreeustaquio.com.br\/#website\",\"url\":\"https:\/\/www.padreeustaquio.com.br\/\",\"name\":\"Padre Eust\u00e1quio\",\"description\":\"Sa\u00fade e Paz\",\"publisher\":{\"@id\":\"https:\/\/www.padreeustaquio.com.br\/#organization\"},\"potentialAction\":[{\"@type\":\"SearchAction\",\"target\":{\"@type\":\"EntryPoint\",\"urlTemplate\":\"https:\/\/www.padreeustaquio.com.br\/?s={search_term_string}\"},\"query-input\":{\"@type\":\"PropertyValueSpecification\",\"valueRequired\":true,\"valueName\":\"search_term_string\"}}],\"inLanguage\":\"es\"},{\"@type\":\"Organization\",\"@id\":\"https:\/\/www.padreeustaquio.com.br\/#organization\",\"name\":\"Padre Eust\u00e1quio\",\"url\":\"https:\/\/www.padreeustaquio.com.br\/\",\"logo\":{\"@type\":\"ImageObject\",\"inLanguage\":\"es\",\"@id\":\"https:\/\/www.padreeustaquio.com.br\/#\/schema\/logo\/image\/\",\"url\":\"https:\/\/www.padreeustaquio.com.br\/wp-content\/uploads\/2019\/08\/marca.png\",\"contentUrl\":\"https:\/\/www.padreeustaquio.com.br\/wp-content\/uploads\/2019\/08\/marca.png\",\"width\":350,\"height\":400,\"caption\":\"Padre Eust\u00e1quio\"},\"image\":{\"@id\":\"https:\/\/www.padreeustaquio.com.br\/#\/schema\/logo\/image\/\"},\"sameAs\":[\"https:\/\/www.facebook.com\/beatopadreeustaquio\/\",\"https:\/\/x.com\/beatopeustaquio\",\"https:\/\/www.instagram.com\/beatopadreeustaquio\/\",\"https:\/\/www.youtube.com\/channel\/UCRhw7vfabnajwLxb1ZXMeIw\"]},{\"@type\":\"Person\",\"@id\":\"https:\/\/www.padreeustaquio.com.br\/#\/schema\/person\/a2a51db1d00f1a7af0204a0f1ddb1566\",\"name\":\"@sscc\",\"image\":{\"@type\":\"ImageObject\",\"inLanguage\":\"es\",\"@id\":\"https:\/\/secure.gravatar.com\/avatar\/68cfafa5f44617fea54071e215026e0ff06be366c3d54a8425f04fdcb86f8c5f?s=96&d=mm&r=g\",\"url\":\"https:\/\/secure.gravatar.com\/avatar\/68cfafa5f44617fea54071e215026e0ff06be366c3d54a8425f04fdcb86f8c5f?s=96&d=mm&r=g\",\"contentUrl\":\"https:\/\/secure.gravatar.com\/avatar\/68cfafa5f44617fea54071e215026e0ff06be366c3d54a8425f04fdcb86f8c5f?s=96&d=mm&r=g\",\"caption\":\"@sscc\"},\"url\":\"https:\/\/www.padreeustaquio.com.br\/es\/author\/sscc\/\"}]}<\/script>\n<!-- \/ Yoast SEO plugin. -->","yoast_head_json":{"title":"Hace 106 a\u00f1os el Padre Eust\u00e1quio profes\u00f3 sus primeros votos - Padre Eust\u00e1quio","robots":{"index":"index","follow":"follow","max-snippet":"max-snippet:-1","max-image-preview":"max-image-preview:large","max-video-preview":"max-video-preview:-1"},"canonical":"https:\/\/www.padreeustaquio.com.br\/es\/hace-106-anos-el-padre-eustace-profeso-sus-primeros-votos\/","og_locale":"es_ES","og_type":"article","og_title":"H\u00e1 106 anos Padre Eust\u00e1quio professava seus primeiros votos - Padre Eust\u00e1quio","og_description":"Foi no dia 27 de janeiro de 1915, na Holanda, que o jovem Humberto van Lieshout ou Frater Eust\u00e1quio como j\u00e1 era chamado, professou seus votos tempor\u00e1rios na Congrega\u00e7\u00e3o dos Sagrados Cora\u00e7\u00f5es. Eust\u00e1quio tinha 24 anos de idade quando professou os votos de Pobreza, Castidade e Obedi\u00eancia de forma tempor\u00e1ria. Um ano e meio antes, em julho de 1913, o jovem havia entrado para o noviciado e se identificado com a Congrega\u00e7\u00e3o. No livro &#8220;O Vig\u00e1rio de Po\u00e1&#8221;, Pe. Ven\u00e2ncio Hulselmans, ss.cc. escreve: &#8220;Humberto van Lieshout, j\u00e1 como estudante amou esta Congrega\u00e7\u00e3o e durante toda sua vida procurou realizar, integralmente, [&hellip;]","og_url":"https:\/\/www.padreeustaquio.com.br\/es\/hace-106-anos-el-padre-eustace-profeso-sus-primeros-votos\/","og_site_name":"Padre Eust\u00e1quio","article_publisher":"https:\/\/www.facebook.com\/beatopadreeustaquio\/","article_published_time":"2021-01-27T15:49:56+00:00","og_image":[{"width":748,"height":394,"url":"https:\/\/www.padreeustaquio.com.br\/wp-content\/uploads\/2021\/01\/PE-EUSTAQUIO.jpg","type":"image\/jpeg"}],"author":"@sscc","twitter_card":"summary_large_image","twitter_creator":"@beatopeustaquio","twitter_site":"@beatopeustaquio","twitter_misc":{"Escrito por":"@sscc","Tiempo de lectura":"2 minutos"},"schema":{"@context":"https:\/\/schema.org","@graph":[{"@type":"Article","@id":"https:\/\/www.padreeustaquio.com.br\/ha-106-anos-padre-eustaquio-professava-seus-primeiros-votos\/#article","isPartOf":{"@id":"https:\/\/www.padreeustaquio.com.br\/ha-106-anos-padre-eustaquio-professava-seus-primeiros-votos\/"},"author":{"name":"@sscc","@id":"https:\/\/www.padreeustaquio.com.br\/#\/schema\/person\/a2a51db1d00f1a7af0204a0f1ddb1566"},"headline":"H\u00e1 106 anos Padre Eust\u00e1quio professava seus primeiros votos","datePublished":"2021-01-27T15:49:56+00:00","mainEntityOfPage":{"@id":"https:\/\/www.padreeustaquio.com.br\/ha-106-anos-padre-eustaquio-professava-seus-primeiros-votos\/"},"wordCount":414,"commentCount":0,"publisher":{"@id":"https:\/\/www.padreeustaquio.com.br\/#organization"},"image":{"@id":"https:\/\/www.padreeustaquio.com.br\/ha-106-anos-padre-eustaquio-professava-seus-primeiros-votos\/#primaryimage"},"thumbnailUrl":"https:\/\/www.padreeustaquio.com.br\/wp-content\/uploads\/2021\/01\/PE-EUSTAQUIO.jpg","articleSection":["Not\u00edcias"],"inLanguage":"es","potentialAction":[{"@type":"CommentAction","name":"Comment","target":["https:\/\/www.padreeustaquio.com.br\/ha-106-anos-padre-eustaquio-professava-seus-primeiros-votos\/#respond"]}]},{"@type":"WebPage","@id":"https:\/\/www.padreeustaquio.com.br\/ha-106-anos-padre-eustaquio-professava-seus-primeiros-votos\/","url":"https:\/\/www.padreeustaquio.com.br\/ha-106-anos-padre-eustaquio-professava-seus-primeiros-votos\/","name":"Hace 106 a\u00f1os el Padre Eust\u00e1quio profes\u00f3 sus primeros votos - Padre Eust\u00e1quio","isPartOf":{"@id":"https:\/\/www.padreeustaquio.com.br\/#website"},"primaryImageOfPage":{"@id":"https:\/\/www.padreeustaquio.com.br\/ha-106-anos-padre-eustaquio-professava-seus-primeiros-votos\/#primaryimage"},"image":{"@id":"https:\/\/www.padreeustaquio.com.br\/ha-106-anos-padre-eustaquio-professava-seus-primeiros-votos\/#primaryimage"},"thumbnailUrl":"https:\/\/www.padreeustaquio.com.br\/wp-content\/uploads\/2021\/01\/PE-EUSTAQUIO.jpg","datePublished":"2021-01-27T15:49:56+00:00","breadcrumb":{"@id":"https:\/\/www.padreeustaquio.com.br\/ha-106-anos-padre-eustaquio-professava-seus-primeiros-votos\/#breadcrumb"},"inLanguage":"es","potentialAction":[{"@type":"ReadAction","target":["https:\/\/www.padreeustaquio.com.br\/ha-106-anos-padre-eustaquio-professava-seus-primeiros-votos\/"]}]},{"@type":"ImageObject","inLanguage":"es","@id":"https:\/\/www.padreeustaquio.com.br\/ha-106-anos-padre-eustaquio-professava-seus-primeiros-votos\/#primaryimage","url":"https:\/\/www.padreeustaquio.com.br\/wp-content\/uploads\/2021\/01\/PE-EUSTAQUIO.jpg","contentUrl":"https:\/\/www.padreeustaquio.com.br\/wp-content\/uploads\/2021\/01\/PE-EUSTAQUIO.jpg","width":748,"height":394},{"@type":"BreadcrumbList","@id":"https:\/\/www.padreeustaquio.com.br\/ha-106-anos-padre-eustaquio-professava-seus-primeiros-votos\/#breadcrumb","itemListElement":[{"@type":"ListItem","position":1,"name":"In\u00edcio","item":"https:\/\/www.padreeustaquio.com.br\/"},{"@type":"ListItem","position":2,"name":"H\u00e1 106 anos Padre Eust\u00e1quio professava seus primeiros votos"}]},{"@type":"WebSite","@id":"https:\/\/www.padreeustaquio.com.br\/#website","url":"https:\/\/www.padreeustaquio.com.br\/","name":"Padre Eustace","description":"Salud y Paz","publisher":{"@id":"https:\/\/www.padreeustaquio.com.br\/#organization"},"potentialAction":[{"@type":"SearchAction","target":{"@type":"EntryPoint","urlTemplate":"https:\/\/www.padreeustaquio.com.br\/?s={search_term_string}"},"query-input":{"@type":"PropertyValueSpecification","valueRequired":true,"valueName":"search_term_string"}}],"inLanguage":"es"},{"@type":"Organization","@id":"https:\/\/www.padreeustaquio.com.br\/#organization","name":"Padre Eustace","url":"https:\/\/www.padreeustaquio.com.br\/","logo":{"@type":"ImageObject","inLanguage":"es","@id":"https:\/\/www.padreeustaquio.com.br\/#\/schema\/logo\/image\/","url":"https:\/\/www.padreeustaquio.com.br\/wp-content\/uploads\/2019\/08\/marca.png","contentUrl":"https:\/\/www.padreeustaquio.com.br\/wp-content\/uploads\/2019\/08\/marca.png","width":350,"height":400,"caption":"Padre Eust\u00e1quio"},"image":{"@id":"https:\/\/www.padreeustaquio.com.br\/#\/schema\/logo\/image\/"},"sameAs":["https:\/\/www.facebook.com\/beatopadreeustaquio\/","https:\/\/x.com\/beatopeustaquio","https:\/\/www.instagram.com\/beatopadreeustaquio\/","https:\/\/www.youtube.com\/channel\/UCRhw7vfabnajwLxb1ZXMeIw"]},{"@type":"Person","@id":"https:\/\/www.padreeustaquio.com.br\/#\/schema\/person\/a2a51db1d00f1a7af0204a0f1ddb1566","name":"@sscc","image":{"@type":"ImageObject","inLanguage":"es","@id":"https:\/\/secure.gravatar.com\/avatar\/68cfafa5f44617fea54071e215026e0ff06be366c3d54a8425f04fdcb86f8c5f?s=96&d=mm&r=g","url":"https:\/\/secure.gravatar.com\/avatar\/68cfafa5f44617fea54071e215026e0ff06be366c3d54a8425f04fdcb86f8c5f?s=96&d=mm&r=g","contentUrl":"https:\/\/secure.gravatar.com\/avatar\/68cfafa5f44617fea54071e215026e0ff06be366c3d54a8425f04fdcb86f8c5f?s=96&d=mm&r=g","caption":"@sscc"},"url":"https:\/\/www.padreeustaquio.com.br\/es\/author\/sscc\/"}]}},"_links":{"self":[{"href":"https:\/\/www.padreeustaquio.com.br\/es\/wp-json\/wp\/v2\/posts\/4918","targetHints":{"allow":["GET"]}}],"collection":[{"href":"https:\/\/www.padreeustaquio.com.br\/es\/wp-json\/wp\/v2\/posts"}],"about":[{"href":"https:\/\/www.padreeustaquio.com.br\/es\/wp-json\/wp\/v2\/types\/post"}],"author":[{"embeddable":true,"href":"https:\/\/www.padreeustaquio.com.br\/es\/wp-json\/wp\/v2\/users\/2"}],"replies":[{"embeddable":true,"href":"https:\/\/www.padreeustaquio.com.br\/es\/wp-json\/wp\/v2\/comments?post=4918"}],"version-history":[{"count":0,"href":"https:\/\/www.padreeustaquio.com.br\/es\/wp-json\/wp\/v2\/posts\/4918\/revisions"}],"wp:featuredmedia":[{"embeddable":true,"href":"https:\/\/www.padreeustaquio.com.br\/es\/wp-json\/wp\/v2\/media\/4926"}],"wp:attachment":[{"href":"https:\/\/www.padreeustaquio.com.br\/es\/wp-json\/wp\/v2\/media?parent=4918"}],"wp:term":[{"taxonomy":"category","embeddable":true,"href":"https:\/\/www.padreeustaquio.com.br\/es\/wp-json\/wp\/v2\/categories?post=4918"},{"taxonomy":"post_tag","embeddable":true,"href":"https:\/\/www.padreeustaquio.com.br\/es\/wp-json\/wp\/v2\/tags?post=4918"}],"curies":[{"name":"wp","href":"https:\/\/api.w.org\/{rel}","templated":true}]}}