{"id":4915,"date":"2021-01-26T09:36:53","date_gmt":"2021-01-26T12:36:53","guid":{"rendered":"https:\/\/www.padreeustaquio.com.br\/?p=4915"},"modified":"2021-01-26T09:36:53","modified_gmt":"2021-01-26T12:36:53","slug":"oraciones-en-la-iglesia-del-padre-eustaquio-conmemoran-los-dos-anos-de-la-tragedia-en-brumadinho","status":"publish","type":"post","link":"https:\/\/www.padreeustaquio.com.br\/es\/oraciones-en-la-iglesia-del-padre-eustaquio-conmemoran-los-dos-anos-de-la-tragedia-en-brumadinho\/","title":{"rendered":"Oraciones en la Iglesia Padre Eust\u00e1quio marcan dos a\u00f1os de la tragedia en Brumadinho."},"content":{"rendered":"<p>Este lunes 25 de enero de 2021 se cumplieron dos a\u00f1os del colapso de la presa de Vale en la comunidad de C\u00f3rrego do Feij\u00e3o, en Brumadinho, regi\u00f3n metropolitana de Belo Horizonte. Durante la Santa Misa, celebrada en la capilla de la Casa Provincial de los Sagrados Corazones, transmitida por el Canal Padre Eust\u00e1quio, se record\u00f3 a las v\u00edctimas y se las incluy\u00f3 en las intenciones de la celebraci\u00f3n.<\/p>\n<p>El a\u00f1o pasado, un equipo de la parroquia Sagrados Corazones instal\u00f3 un monumento conmemorativo en el Centro Comunitario del Santuario.\u00a0<span style=\"font-size: 1.21429rem;\">Con una foto de las 272 v\u00edctimas del desastre (270 muertes confirmadas y dos beb\u00e9s no nacidos) y un altar que marca la hora exacta del colapso de la presa, el espacio rinde homenaje a todos los afectados y, especialmente, a aquellos que perdieron la vida el 25 de enero de 2019.<\/span><\/p>\n<p>El espacio estuvo abierto a los visitantes durante los meses de enero y febrero.<\/p>","protected":false},"excerpt":{"rendered":"<p>Essa segunda-feira, dia 25 de janeiro de 2021, marcou os dois anos do rompimento da barragem da Vale na comunidade de C\u00f3rrego do Feij\u00e3o, em Brumadinho, regi\u00e3o metropolitana de Belo Horizonte. Durante a Santa Missa, celebrada na capela da Casa Provincial dos Sagrados Cora\u00e7\u00f5es, transmitida pelo Canal Padre Eust\u00e1quio, as v\u00edtimas foram lembradas e colocadas nas inten\u00e7\u00f5es da celebra\u00e7\u00e3o. No ano passado um memorial foi montado no Centro Comunit\u00e1rio do Santu\u00e1rio, por uma equipe da par\u00f3quia dos Sagrados Cora\u00e7\u00f5es.\u00a0Com a foto das 272 v\u00edtimas do desastre (270 confirmadas e dois beb\u00eas que ainda gestavam) e um altar com a hora [&hellip;]<\/p>\n","protected":false},"author":2,"featured_media":4916,"comment_status":"open","ping_status":"open","sticky":false,"template":"","format":"standard","meta":{"_acf_changed":false,"footnotes":""},"categories":[611],"tags":[],"class_list":["post-4915","post","type-post","status-publish","format-standard","has-post-thumbnail","hentry","category-noticias"],"acf":[],"yoast_head":"<!-- This site is optimized with the Yoast SEO plugin v27.2 - https:\/\/yoast.com\/product\/yoast-seo-wordpress\/ -->\n<title>Ora\u00e7\u00f5es na igreja Pe. Eust\u00e1quio marcam dois anos da trag\u00e9dia em Brumadinho - Padre Eust\u00e1quio<\/title>\n<meta name=\"robots\" content=\"index, follow, max-snippet:-1, max-image-preview:large, max-video-preview:-1\" \/>\n<link rel=\"canonical\" href=\"https:\/\/www.padreeustaquio.com.br\/es\/oraciones-en-la-iglesia-del-padre-eustaquio-conmemoran-los-dos-anos-de-la-tragedia-en-brumadinho\/\" \/>\n<meta property=\"og:locale\" content=\"es_ES\" \/>\n<meta property=\"og:type\" content=\"article\" \/>\n<meta property=\"og:title\" content=\"Ora\u00e7\u00f5es na igreja Pe. Eust\u00e1quio marcam dois anos da trag\u00e9dia em Brumadinho - Padre Eust\u00e1quio\" \/>\n<meta property=\"og:description\" content=\"Essa segunda-feira, dia 25 de janeiro de 2021, marcou os dois anos do rompimento da barragem da Vale na comunidade de C\u00f3rrego do Feij\u00e3o, em Brumadinho, regi\u00e3o metropolitana de Belo Horizonte. Durante a Santa Missa, celebrada na capela da Casa Provincial dos Sagrados Cora\u00e7\u00f5es, transmitida pelo Canal Padre Eust\u00e1quio, as v\u00edtimas foram lembradas e colocadas nas inten\u00e7\u00f5es da celebra\u00e7\u00e3o. No ano passado um memorial foi montado no Centro Comunit\u00e1rio do Santu\u00e1rio, por uma equipe da par\u00f3quia dos Sagrados Cora\u00e7\u00f5es.\u00a0Com a foto das 272 v\u00edtimas do desastre (270 confirmadas e dois beb\u00eas que ainda gestavam) e um altar com a hora [&hellip;]\" \/>\n<meta property=\"og:url\" content=\"https:\/\/www.padreeustaquio.com.br\/es\/oraciones-en-la-iglesia-del-padre-eustaquio-conmemoran-los-dos-anos-de-la-tragedia-en-brumadinho\/\" \/>\n<meta property=\"og:site_name\" content=\"Padre Eust\u00e1quio\" \/>\n<meta property=\"article:publisher\" content=\"https:\/\/www.facebook.com\/beatopadreeustaquio\/\" \/>\n<meta property=\"article:published_time\" content=\"2021-01-26T12:36:53+00:00\" \/>\n<meta property=\"og:image\" content=\"https:\/\/www.padreeustaquio.com.br\/wp-content\/uploads\/2021\/01\/20200127_082804.jpg\" \/>\n\t<meta property=\"og:image:width\" content=\"715\" \/>\n\t<meta property=\"og:image:height\" content=\"510\" \/>\n\t<meta property=\"og:image:type\" content=\"image\/jpeg\" \/>\n<meta name=\"author\" content=\"@sscc\" \/>\n<meta name=\"twitter:card\" content=\"summary_large_image\" \/>\n<meta name=\"twitter:creator\" content=\"@beatopeustaquio\" \/>\n<meta name=\"twitter:site\" content=\"@beatopeustaquio\" \/>\n<meta name=\"twitter:label1\" content=\"Escrito por\" \/>\n\t<meta name=\"twitter:data1\" content=\"@sscc\" \/>\n\t<meta name=\"twitter:label2\" content=\"Tiempo de lectura\" \/>\n\t<meta name=\"twitter:data2\" content=\"1 minuto\" \/>\n<script type=\"application\/ld+json\" class=\"yoast-schema-graph\">{\"@context\":\"https:\/\/schema.org\",\"@graph\":[{\"@type\":\"Article\",\"@id\":\"https:\/\/www.padreeustaquio.com.br\/oracoes-na-igreja-pe-eustaquio-marcam-dois-anos-da-tragedia-em-brumadinho\/#article\",\"isPartOf\":{\"@id\":\"https:\/\/www.padreeustaquio.com.br\/oracoes-na-igreja-pe-eustaquio-marcam-dois-anos-da-tragedia-em-brumadinho\/\"},\"author\":{\"name\":\"@sscc\",\"@id\":\"https:\/\/www.padreeustaquio.com.br\/#\/schema\/person\/a2a51db1d00f1a7af0204a0f1ddb1566\"},\"headline\":\"Ora\u00e7\u00f5es na igreja Pe. Eust\u00e1quio marcam dois anos da trag\u00e9dia em Brumadinho\",\"datePublished\":\"2021-01-26T12:36:53+00:00\",\"mainEntityOfPage\":{\"@id\":\"https:\/\/www.padreeustaquio.com.br\/oracoes-na-igreja-pe-eustaquio-marcam-dois-anos-da-tragedia-em-brumadinho\/\"},\"wordCount\":167,\"commentCount\":0,\"publisher\":{\"@id\":\"https:\/\/www.padreeustaquio.com.br\/#organization\"},\"image\":{\"@id\":\"https:\/\/www.padreeustaquio.com.br\/oracoes-na-igreja-pe-eustaquio-marcam-dois-anos-da-tragedia-em-brumadinho\/#primaryimage\"},\"thumbnailUrl\":\"https:\/\/www.padreeustaquio.com.br\/wp-content\/uploads\/2021\/01\/20200127_082804.jpg\",\"articleSection\":[\"Not\u00edcias\"],\"inLanguage\":\"es\",\"potentialAction\":[{\"@type\":\"CommentAction\",\"name\":\"Comment\",\"target\":[\"https:\/\/www.padreeustaquio.com.br\/oracoes-na-igreja-pe-eustaquio-marcam-dois-anos-da-tragedia-em-brumadinho\/#respond\"]}]},{\"@type\":\"WebPage\",\"@id\":\"https:\/\/www.padreeustaquio.com.br\/oracoes-na-igreja-pe-eustaquio-marcam-dois-anos-da-tragedia-em-brumadinho\/\",\"url\":\"https:\/\/www.padreeustaquio.com.br\/oracoes-na-igreja-pe-eustaquio-marcam-dois-anos-da-tragedia-em-brumadinho\/\",\"name\":\"Ora\u00e7\u00f5es na igreja Pe. Eust\u00e1quio marcam dois anos da trag\u00e9dia em Brumadinho - Padre Eust\u00e1quio\",\"isPartOf\":{\"@id\":\"https:\/\/www.padreeustaquio.com.br\/#website\"},\"primaryImageOfPage\":{\"@id\":\"https:\/\/www.padreeustaquio.com.br\/oracoes-na-igreja-pe-eustaquio-marcam-dois-anos-da-tragedia-em-brumadinho\/#primaryimage\"},\"image\":{\"@id\":\"https:\/\/www.padreeustaquio.com.br\/oracoes-na-igreja-pe-eustaquio-marcam-dois-anos-da-tragedia-em-brumadinho\/#primaryimage\"},\"thumbnailUrl\":\"https:\/\/www.padreeustaquio.com.br\/wp-content\/uploads\/2021\/01\/20200127_082804.jpg\",\"datePublished\":\"2021-01-26T12:36:53+00:00\",\"breadcrumb\":{\"@id\":\"https:\/\/www.padreeustaquio.com.br\/oracoes-na-igreja-pe-eustaquio-marcam-dois-anos-da-tragedia-em-brumadinho\/#breadcrumb\"},\"inLanguage\":\"es\",\"potentialAction\":[{\"@type\":\"ReadAction\",\"target\":[\"https:\/\/www.padreeustaquio.com.br\/oracoes-na-igreja-pe-eustaquio-marcam-dois-anos-da-tragedia-em-brumadinho\/\"]}]},{\"@type\":\"ImageObject\",\"inLanguage\":\"es\",\"@id\":\"https:\/\/www.padreeustaquio.com.br\/oracoes-na-igreja-pe-eustaquio-marcam-dois-anos-da-tragedia-em-brumadinho\/#primaryimage\",\"url\":\"https:\/\/www.padreeustaquio.com.br\/wp-content\/uploads\/2021\/01\/20200127_082804.jpg\",\"contentUrl\":\"https:\/\/www.padreeustaquio.com.br\/wp-content\/uploads\/2021\/01\/20200127_082804.jpg\",\"width\":715,\"height\":510},{\"@type\":\"BreadcrumbList\",\"@id\":\"https:\/\/www.padreeustaquio.com.br\/oracoes-na-igreja-pe-eustaquio-marcam-dois-anos-da-tragedia-em-brumadinho\/#breadcrumb\",\"itemListElement\":[{\"@type\":\"ListItem\",\"position\":1,\"name\":\"In\u00edcio\",\"item\":\"https:\/\/www.padreeustaquio.com.br\/\"},{\"@type\":\"ListItem\",\"position\":2,\"name\":\"Ora\u00e7\u00f5es na igreja Pe. Eust\u00e1quio marcam dois anos da trag\u00e9dia em Brumadinho\"}]},{\"@type\":\"WebSite\",\"@id\":\"https:\/\/www.padreeustaquio.com.br\/#website\",\"url\":\"https:\/\/www.padreeustaquio.com.br\/\",\"name\":\"Padre Eust\u00e1quio\",\"description\":\"Sa\u00fade e Paz\",\"publisher\":{\"@id\":\"https:\/\/www.padreeustaquio.com.br\/#organization\"},\"potentialAction\":[{\"@type\":\"SearchAction\",\"target\":{\"@type\":\"EntryPoint\",\"urlTemplate\":\"https:\/\/www.padreeustaquio.com.br\/?s={search_term_string}\"},\"query-input\":{\"@type\":\"PropertyValueSpecification\",\"valueRequired\":true,\"valueName\":\"search_term_string\"}}],\"inLanguage\":\"es\"},{\"@type\":\"Organization\",\"@id\":\"https:\/\/www.padreeustaquio.com.br\/#organization\",\"name\":\"Padre Eust\u00e1quio\",\"url\":\"https:\/\/www.padreeustaquio.com.br\/\",\"logo\":{\"@type\":\"ImageObject\",\"inLanguage\":\"es\",\"@id\":\"https:\/\/www.padreeustaquio.com.br\/#\/schema\/logo\/image\/\",\"url\":\"https:\/\/www.padreeustaquio.com.br\/wp-content\/uploads\/2019\/08\/marca.png\",\"contentUrl\":\"https:\/\/www.padreeustaquio.com.br\/wp-content\/uploads\/2019\/08\/marca.png\",\"width\":350,\"height\":400,\"caption\":\"Padre Eust\u00e1quio\"},\"image\":{\"@id\":\"https:\/\/www.padreeustaquio.com.br\/#\/schema\/logo\/image\/\"},\"sameAs\":[\"https:\/\/www.facebook.com\/beatopadreeustaquio\/\",\"https:\/\/x.com\/beatopeustaquio\",\"https:\/\/www.instagram.com\/beatopadreeustaquio\/\",\"https:\/\/www.youtube.com\/channel\/UCRhw7vfabnajwLxb1ZXMeIw\"]},{\"@type\":\"Person\",\"@id\":\"https:\/\/www.padreeustaquio.com.br\/#\/schema\/person\/a2a51db1d00f1a7af0204a0f1ddb1566\",\"name\":\"@sscc\",\"image\":{\"@type\":\"ImageObject\",\"inLanguage\":\"es\",\"@id\":\"https:\/\/secure.gravatar.com\/avatar\/68cfafa5f44617fea54071e215026e0ff06be366c3d54a8425f04fdcb86f8c5f?s=96&d=mm&r=g\",\"url\":\"https:\/\/secure.gravatar.com\/avatar\/68cfafa5f44617fea54071e215026e0ff06be366c3d54a8425f04fdcb86f8c5f?s=96&d=mm&r=g\",\"contentUrl\":\"https:\/\/secure.gravatar.com\/avatar\/68cfafa5f44617fea54071e215026e0ff06be366c3d54a8425f04fdcb86f8c5f?s=96&d=mm&r=g\",\"caption\":\"@sscc\"},\"url\":\"https:\/\/www.padreeustaquio.com.br\/es\/author\/sscc\/\"}]}<\/script>\n<!-- \/ Yoast SEO plugin. -->","yoast_head_json":{"title":"Oraciones en la iglesia del Padre Eust\u00e1quio marcan dos a\u00f1os de la tragedia de Brumadinho - Padre Eust\u00e1quio","robots":{"index":"index","follow":"follow","max-snippet":"max-snippet:-1","max-image-preview":"max-image-preview:large","max-video-preview":"max-video-preview:-1"},"canonical":"https:\/\/www.padreeustaquio.com.br\/es\/oraciones-en-la-iglesia-del-padre-eustaquio-conmemoran-los-dos-anos-de-la-tragedia-en-brumadinho\/","og_locale":"es_ES","og_type":"article","og_title":"Ora\u00e7\u00f5es na igreja Pe. Eust\u00e1quio marcam dois anos da trag\u00e9dia em Brumadinho - Padre Eust\u00e1quio","og_description":"Essa segunda-feira, dia 25 de janeiro de 2021, marcou os dois anos do rompimento da barragem da Vale na comunidade de C\u00f3rrego do Feij\u00e3o, em Brumadinho, regi\u00e3o metropolitana de Belo Horizonte. Durante a Santa Missa, celebrada na capela da Casa Provincial dos Sagrados Cora\u00e7\u00f5es, transmitida pelo Canal Padre Eust\u00e1quio, as v\u00edtimas foram lembradas e colocadas nas inten\u00e7\u00f5es da celebra\u00e7\u00e3o. No ano passado um memorial foi montado no Centro Comunit\u00e1rio do Santu\u00e1rio, por uma equipe da par\u00f3quia dos Sagrados Cora\u00e7\u00f5es.\u00a0Com a foto das 272 v\u00edtimas do desastre (270 confirmadas e dois beb\u00eas que ainda gestavam) e um altar com a hora [&hellip;]","og_url":"https:\/\/www.padreeustaquio.com.br\/es\/oraciones-en-la-iglesia-del-padre-eustaquio-conmemoran-los-dos-anos-de-la-tragedia-en-brumadinho\/","og_site_name":"Padre Eust\u00e1quio","article_publisher":"https:\/\/www.facebook.com\/beatopadreeustaquio\/","article_published_time":"2021-01-26T12:36:53+00:00","og_image":[{"width":715,"height":510,"url":"https:\/\/www.padreeustaquio.com.br\/wp-content\/uploads\/2021\/01\/20200127_082804.jpg","type":"image\/jpeg"}],"author":"@sscc","twitter_card":"summary_large_image","twitter_creator":"@beatopeustaquio","twitter_site":"@beatopeustaquio","twitter_misc":{"Escrito por":"@sscc","Tiempo de lectura":"1 minuto"},"schema":{"@context":"https:\/\/schema.org","@graph":[{"@type":"Article","@id":"https:\/\/www.padreeustaquio.com.br\/oracoes-na-igreja-pe-eustaquio-marcam-dois-anos-da-tragedia-em-brumadinho\/#article","isPartOf":{"@id":"https:\/\/www.padreeustaquio.com.br\/oracoes-na-igreja-pe-eustaquio-marcam-dois-anos-da-tragedia-em-brumadinho\/"},"author":{"name":"@sscc","@id":"https:\/\/www.padreeustaquio.com.br\/#\/schema\/person\/a2a51db1d00f1a7af0204a0f1ddb1566"},"headline":"Ora\u00e7\u00f5es na igreja Pe. Eust\u00e1quio marcam dois anos da trag\u00e9dia em Brumadinho","datePublished":"2021-01-26T12:36:53+00:00","mainEntityOfPage":{"@id":"https:\/\/www.padreeustaquio.com.br\/oracoes-na-igreja-pe-eustaquio-marcam-dois-anos-da-tragedia-em-brumadinho\/"},"wordCount":167,"commentCount":0,"publisher":{"@id":"https:\/\/www.padreeustaquio.com.br\/#organization"},"image":{"@id":"https:\/\/www.padreeustaquio.com.br\/oracoes-na-igreja-pe-eustaquio-marcam-dois-anos-da-tragedia-em-brumadinho\/#primaryimage"},"thumbnailUrl":"https:\/\/www.padreeustaquio.com.br\/wp-content\/uploads\/2021\/01\/20200127_082804.jpg","articleSection":["Not\u00edcias"],"inLanguage":"es","potentialAction":[{"@type":"CommentAction","name":"Comment","target":["https:\/\/www.padreeustaquio.com.br\/oracoes-na-igreja-pe-eustaquio-marcam-dois-anos-da-tragedia-em-brumadinho\/#respond"]}]},{"@type":"WebPage","@id":"https:\/\/www.padreeustaquio.com.br\/oracoes-na-igreja-pe-eustaquio-marcam-dois-anos-da-tragedia-em-brumadinho\/","url":"https:\/\/www.padreeustaquio.com.br\/oracoes-na-igreja-pe-eustaquio-marcam-dois-anos-da-tragedia-em-brumadinho\/","name":"Oraciones en la iglesia del Padre Eust\u00e1quio marcan dos a\u00f1os de la tragedia de Brumadinho - Padre Eust\u00e1quio","isPartOf":{"@id":"https:\/\/www.padreeustaquio.com.br\/#website"},"primaryImageOfPage":{"@id":"https:\/\/www.padreeustaquio.com.br\/oracoes-na-igreja-pe-eustaquio-marcam-dois-anos-da-tragedia-em-brumadinho\/#primaryimage"},"image":{"@id":"https:\/\/www.padreeustaquio.com.br\/oracoes-na-igreja-pe-eustaquio-marcam-dois-anos-da-tragedia-em-brumadinho\/#primaryimage"},"thumbnailUrl":"https:\/\/www.padreeustaquio.com.br\/wp-content\/uploads\/2021\/01\/20200127_082804.jpg","datePublished":"2021-01-26T12:36:53+00:00","breadcrumb":{"@id":"https:\/\/www.padreeustaquio.com.br\/oracoes-na-igreja-pe-eustaquio-marcam-dois-anos-da-tragedia-em-brumadinho\/#breadcrumb"},"inLanguage":"es","potentialAction":[{"@type":"ReadAction","target":["https:\/\/www.padreeustaquio.com.br\/oracoes-na-igreja-pe-eustaquio-marcam-dois-anos-da-tragedia-em-brumadinho\/"]}]},{"@type":"ImageObject","inLanguage":"es","@id":"https:\/\/www.padreeustaquio.com.br\/oracoes-na-igreja-pe-eustaquio-marcam-dois-anos-da-tragedia-em-brumadinho\/#primaryimage","url":"https:\/\/www.padreeustaquio.com.br\/wp-content\/uploads\/2021\/01\/20200127_082804.jpg","contentUrl":"https:\/\/www.padreeustaquio.com.br\/wp-content\/uploads\/2021\/01\/20200127_082804.jpg","width":715,"height":510},{"@type":"BreadcrumbList","@id":"https:\/\/www.padreeustaquio.com.br\/oracoes-na-igreja-pe-eustaquio-marcam-dois-anos-da-tragedia-em-brumadinho\/#breadcrumb","itemListElement":[{"@type":"ListItem","position":1,"name":"In\u00edcio","item":"https:\/\/www.padreeustaquio.com.br\/"},{"@type":"ListItem","position":2,"name":"Ora\u00e7\u00f5es na igreja Pe. Eust\u00e1quio marcam dois anos da trag\u00e9dia em Brumadinho"}]},{"@type":"WebSite","@id":"https:\/\/www.padreeustaquio.com.br\/#website","url":"https:\/\/www.padreeustaquio.com.br\/","name":"Padre Eustace","description":"Salud y Paz","publisher":{"@id":"https:\/\/www.padreeustaquio.com.br\/#organization"},"potentialAction":[{"@type":"SearchAction","target":{"@type":"EntryPoint","urlTemplate":"https:\/\/www.padreeustaquio.com.br\/?s={search_term_string}"},"query-input":{"@type":"PropertyValueSpecification","valueRequired":true,"valueName":"search_term_string"}}],"inLanguage":"es"},{"@type":"Organization","@id":"https:\/\/www.padreeustaquio.com.br\/#organization","name":"Padre Eustace","url":"https:\/\/www.padreeustaquio.com.br\/","logo":{"@type":"ImageObject","inLanguage":"es","@id":"https:\/\/www.padreeustaquio.com.br\/#\/schema\/logo\/image\/","url":"https:\/\/www.padreeustaquio.com.br\/wp-content\/uploads\/2019\/08\/marca.png","contentUrl":"https:\/\/www.padreeustaquio.com.br\/wp-content\/uploads\/2019\/08\/marca.png","width":350,"height":400,"caption":"Padre Eust\u00e1quio"},"image":{"@id":"https:\/\/www.padreeustaquio.com.br\/#\/schema\/logo\/image\/"},"sameAs":["https:\/\/www.facebook.com\/beatopadreeustaquio\/","https:\/\/x.com\/beatopeustaquio","https:\/\/www.instagram.com\/beatopadreeustaquio\/","https:\/\/www.youtube.com\/channel\/UCRhw7vfabnajwLxb1ZXMeIw"]},{"@type":"Person","@id":"https:\/\/www.padreeustaquio.com.br\/#\/schema\/person\/a2a51db1d00f1a7af0204a0f1ddb1566","name":"@sscc","image":{"@type":"ImageObject","inLanguage":"es","@id":"https:\/\/secure.gravatar.com\/avatar\/68cfafa5f44617fea54071e215026e0ff06be366c3d54a8425f04fdcb86f8c5f?s=96&d=mm&r=g","url":"https:\/\/secure.gravatar.com\/avatar\/68cfafa5f44617fea54071e215026e0ff06be366c3d54a8425f04fdcb86f8c5f?s=96&d=mm&r=g","contentUrl":"https:\/\/secure.gravatar.com\/avatar\/68cfafa5f44617fea54071e215026e0ff06be366c3d54a8425f04fdcb86f8c5f?s=96&d=mm&r=g","caption":"@sscc"},"url":"https:\/\/www.padreeustaquio.com.br\/es\/author\/sscc\/"}]}},"_links":{"self":[{"href":"https:\/\/www.padreeustaquio.com.br\/es\/wp-json\/wp\/v2\/posts\/4915","targetHints":{"allow":["GET"]}}],"collection":[{"href":"https:\/\/www.padreeustaquio.com.br\/es\/wp-json\/wp\/v2\/posts"}],"about":[{"href":"https:\/\/www.padreeustaquio.com.br\/es\/wp-json\/wp\/v2\/types\/post"}],"author":[{"embeddable":true,"href":"https:\/\/www.padreeustaquio.com.br\/es\/wp-json\/wp\/v2\/users\/2"}],"replies":[{"embeddable":true,"href":"https:\/\/www.padreeustaquio.com.br\/es\/wp-json\/wp\/v2\/comments?post=4915"}],"version-history":[{"count":0,"href":"https:\/\/www.padreeustaquio.com.br\/es\/wp-json\/wp\/v2\/posts\/4915\/revisions"}],"wp:featuredmedia":[{"embeddable":true,"href":"https:\/\/www.padreeustaquio.com.br\/es\/wp-json\/wp\/v2\/media\/4916"}],"wp:attachment":[{"href":"https:\/\/www.padreeustaquio.com.br\/es\/wp-json\/wp\/v2\/media?parent=4915"}],"wp:term":[{"taxonomy":"category","embeddable":true,"href":"https:\/\/www.padreeustaquio.com.br\/es\/wp-json\/wp\/v2\/categories?post=4915"},{"taxonomy":"post_tag","embeddable":true,"href":"https:\/\/www.padreeustaquio.com.br\/es\/wp-json\/wp\/v2\/tags?post=4915"}],"curies":[{"name":"wp","href":"https:\/\/api.w.org\/{rel}","templated":true}]}}