{"id":4900,"date":"2021-01-20T17:58:37","date_gmt":"2021-01-20T20:58:37","guid":{"rendered":"https:\/\/www.padreeustaquio.com.br\/?p=4900"},"modified":"2021-01-20T18:13:01","modified_gmt":"2021-01-20T21:13:01","slug":"padre-osvanio-es-elegido-nuevo-superior-provincial-de-la-region-brasil-y-paraguay","status":"publish","type":"post","link":"https:\/\/www.padreeustaquio.com.br\/es\/padre-osvanio-es-elegido-nuevo-superior-provincial-de-la-region-brasil-y-paraguay\/","title":{"rendered":"Padre Osv\u00e2nio es elegido nuevo Superior Provincial de la Regi\u00f3n Brasil y Paraguay."},"content":{"rendered":"<p>El Padre Osv\u00e2nio Humberto Mariano, ss.cc., fue elegido esta tarde, 20 de enero de 2021, Superior Provincial de la Regi\u00f3n de Brasil y Paraguay. La elecci\u00f3n tuvo lugar durante el XI Cap\u00edtulo Provincial en Pindamonhangaba, S\u00e3o Paulo.<\/p>\n<p>Osv\u00e2nio, de 56 a\u00f1os, es hijo de la Sra. Terezinha y del difunto Sr. Jos\u00e9 Mariano. El sacerdote naci\u00f3 en Guimar\u00e2nia, MG, y actualmente se desempe\u00f1aba como p\u00e1rroco de la Parroquia de S\u00e3o Dami\u00e3o de Molokai, en Patroc\u00ednio, MG, adem\u00e1s de ser Vicario Episcopal para la Vida Consagrada en la Di\u00f3cesis de Patos de Minas, MG.<\/p>\n<p>La asamblea que eligi\u00f3 al Padre Osv\u00e2nio comenz\u00f3 el pasado lunes 18 y continuar\u00e1 hasta el pr\u00f3ximo s\u00e1bado. El mi\u00e9rcoles por la tarde, los sacerdotes con derecho a voto se reunieron para la elecci\u00f3n y eligieron al p\u00e1rroco de Patroc\u00ednio, quien ahora dejar\u00e1 la ciudad y se trasladar\u00e1 a Belo Horizonte, a la sede de la Congregaci\u00f3n, para cumplir un mandato de tres a\u00f1os.<\/p>\n<p><strong>\u00bfQui\u00e9n es el padre Osv\u00e2nio?<\/strong><\/p>\n<p>Hijo de Jos\u00e9 Mariano y Teresinha Maria de Jesus, Osv\u00e2nio naci\u00f3 en la ciudad de Guimar\u00e2nia, Minas Gerais, y es el mayor de seis hermanos. Hasta los siete a\u00f1os, la familia vivi\u00f3 en el campo, momento en el que se mudaron a la ciudad para que \u00e9l pudiera estudiar. Osv\u00e2nio proven\u00eda de una familia muy pobre; su padre era agricultor y tambi\u00e9n carpintero, y su madre era ama de casa.<\/p>\n<blockquote><p><em> \u201cNunca nos ha faltado la fe en Dios y el cultivo de una espiritualidad m\u00e1s bien sencilla: rezando el rosario, las novenas y, sobre todo, participando en la Eucarist\u00eda\u201d.\u201d<\/em><\/p><\/blockquote>\n<div id=\"attachment_4903\" style=\"width: 211px\" class=\"wp-caption alignleft\"><img fetchpriority=\"high\" decoding=\"async\" aria-describedby=\"caption-attachment-4903\" class=\"wp-image-4903\" src=\"https:\/\/www.padreeustaquio.com.br\/wp-content\/uploads\/2021\/01\/Pe.-Osvanio-Humberto.jpeg\" alt=\"\" width=\"201\" height=\"256\" \/><p id=\"caption-attachment-4903\" class=\"wp-caption-text\">Padre Osv\u00e2nio Humberto Mariano, ss.cc<\/p><\/div>\n<p>En cuanto a su vocaci\u00f3n, desde muy joven, siempre que alguien le preguntaba qu\u00e9 quer\u00eda ser de mayor, respond\u00eda: &quot;\u00a1Quiero ser sacerdote!&quot;. Pero durante su infancia y adolescencia, todo transcurri\u00f3 con mucha naturalidad. Siempre que pensaba en ir al seminario, pensaba de inmediato en la situaci\u00f3n econ\u00f3mica de la familia, ya que no pod\u00eda contribuir; al ser el mayor, necesitaba ayudar a la familia, y as\u00ed lo hizo.<\/p>\n<p>Empez\u00f3 a trabajar a los diez a\u00f1os: vendiendo paletas, trabajando en un puesto de frutas y verduras y en un bar. Una de las cosas importantes que destaca de esa \u00e9poca, y que sin duda le ayud\u00f3 a discernir su vocaci\u00f3n, fue su contacto con los m\u00e1s pobres. Como su padre era miembro de la Sociedad de San Vicente de Pa\u00fal, siempre lo acompa\u00f1aba a las reuniones y visitaba a los necesitados.<\/p>\n<p>El padre Osv\u00e2nio relata que algo muy significativo en su proceso de decisi\u00f3n fue cuando, en 1980, el Papa Juan Pablo II vino por primera vez a Brasil y decenas de sacerdotes fueron ordenados en R\u00edo de Janeiro. <em>\u201cMe pareci\u00f3 muy bonito y desde entonces empec\u00e9 a decirle a mi familia y amigos que me gustar\u00eda ir al seminario\u201d.,\u00a0<\/em>Se lo recuerda.<\/p>\n<p>El joven relata haber conocido a un chico que ya estaba en el seminario, quien le regal\u00f3 un libro sobre la vida de San Dami\u00e1n de Molokai, lo cual despert\u00f3 su fervor misionero. Fue entonces cuando Osv\u00e2nio termin\u00f3 uni\u00e9ndose a la misma congregaci\u00f3n que San Dami\u00e1n. Desde ni\u00f1o, el sacerdote ha mantenido una gran devoci\u00f3n a Nuestra Se\u00f1ora de F\u00e1tima. Su madre siempre dec\u00eda que el d\u00eda de su bautismo (21 de junio de 1964) se consagr\u00f3 a ella.<\/p>\n<p>En su vida religiosa sacerdotal, el Padre Osv\u00e2nio siempre cultiv\u00f3 el ideal misionero. El contacto con los pobres fue siempre una experiencia fundamental para \u00e9l en la renovaci\u00f3n de su consagraci\u00f3n.<\/p>","protected":false},"excerpt":{"rendered":"<p>O Padre Osv\u00e2nio Humberto Mariano, ss.cc. foi eleito na tarde de hoje, 20 de janeiro de 2021, o Superior Provincial do Brasil e Regi\u00e3o do Paraguai. A escolha foi feita durante o XI Cap\u00edtulo Provincial, em Pindamonhangaba-SP. Osv\u00e2nio, de 56 anos, \u00e9 filho de D. Terezinha e do saudoso Sr. Jos\u00e9 Mariano. O padre nasceu em Guimar\u00e2nia-MG e trabalhava atualmente como p\u00e1roco da Par\u00f3quia S\u00e3o Dami\u00e3o de Molokai, em Patroc\u00ednio-MG, al\u00e9m de exercer a fun\u00e7\u00e3o de Vig\u00e1rio Episcopal para a Vida Consagrada na Diocese de Patos de Minas-MG. A assembleia que elegeu Pe. Osv\u00e2nio, come\u00e7ou na \u00faltima segunda-feira, dia 18 [&hellip;]<\/p>\n","protected":false},"author":2,"featured_media":4902,"comment_status":"open","ping_status":"open","sticky":false,"template":"","format":"standard","meta":{"_acf_changed":false,"footnotes":""},"categories":[611],"tags":[],"class_list":["post-4900","post","type-post","status-publish","format-standard","has-post-thumbnail","hentry","category-noticias"],"acf":[],"yoast_head":"<!-- This site is optimized with the Yoast SEO plugin v27.2 - https:\/\/yoast.com\/product\/yoast-seo-wordpress\/ -->\n<title>Padre Osv\u00e2nio \u00e9 eleito novo Superior Provincial do Brasil e Regi\u00e3o do Paraguai - Padre Eust\u00e1quio<\/title>\n<meta name=\"robots\" content=\"index, follow, max-snippet:-1, max-image-preview:large, max-video-preview:-1\" \/>\n<link rel=\"canonical\" href=\"https:\/\/www.padreeustaquio.com.br\/es\/padre-osvanio-es-elegido-nuevo-superior-provincial-de-la-region-brasil-y-paraguay\/\" \/>\n<meta property=\"og:locale\" content=\"es_ES\" \/>\n<meta property=\"og:type\" content=\"article\" \/>\n<meta property=\"og:title\" content=\"Padre Osv\u00e2nio \u00e9 eleito novo Superior Provincial do Brasil e Regi\u00e3o do Paraguai - Padre Eust\u00e1quio\" \/>\n<meta property=\"og:description\" content=\"O Padre Osv\u00e2nio Humberto Mariano, ss.cc. foi eleito na tarde de hoje, 20 de janeiro de 2021, o Superior Provincial do Brasil e Regi\u00e3o do Paraguai. A escolha foi feita durante o XI Cap\u00edtulo Provincial, em Pindamonhangaba-SP. Osv\u00e2nio, de 56 anos, \u00e9 filho de D. Terezinha e do saudoso Sr. Jos\u00e9 Mariano. O padre nasceu em Guimar\u00e2nia-MG e trabalhava atualmente como p\u00e1roco da Par\u00f3quia S\u00e3o Dami\u00e3o de Molokai, em Patroc\u00ednio-MG, al\u00e9m de exercer a fun\u00e7\u00e3o de Vig\u00e1rio Episcopal para a Vida Consagrada na Diocese de Patos de Minas-MG. A assembleia que elegeu Pe. Osv\u00e2nio, come\u00e7ou na \u00faltima segunda-feira, dia 18 [&hellip;]\" \/>\n<meta property=\"og:url\" content=\"https:\/\/www.padreeustaquio.com.br\/es\/padre-osvanio-es-elegido-nuevo-superior-provincial-de-la-region-brasil-y-paraguay\/\" \/>\n<meta property=\"og:site_name\" content=\"Padre Eust\u00e1quio\" \/>\n<meta property=\"article:publisher\" content=\"https:\/\/www.facebook.com\/beatopadreeustaquio\/\" \/>\n<meta property=\"article:published_time\" content=\"2021-01-20T20:58:37+00:00\" \/>\n<meta property=\"article:modified_time\" content=\"2021-01-20T21:13:01+00:00\" \/>\n<meta property=\"og:image\" content=\"https:\/\/www.padreeustaquio.com.br\/wp-content\/uploads\/2021\/01\/Pe.-Osvanio-e-Pe.-Alberto-e1611176466885.jpeg\" \/>\n\t<meta property=\"og:image:width\" content=\"1024\" \/>\n\t<meta property=\"og:image:height\" content=\"688\" \/>\n\t<meta property=\"og:image:type\" content=\"image\/jpeg\" \/>\n<meta name=\"author\" content=\"@sscc\" \/>\n<meta name=\"twitter:card\" content=\"summary_large_image\" \/>\n<meta name=\"twitter:creator\" content=\"@beatopeustaquio\" \/>\n<meta name=\"twitter:site\" content=\"@beatopeustaquio\" \/>\n<meta name=\"twitter:label1\" content=\"Escrito por\" \/>\n\t<meta name=\"twitter:data1\" content=\"@sscc\" \/>\n\t<meta name=\"twitter:label2\" content=\"Tiempo de lectura\" \/>\n\t<meta name=\"twitter:data2\" content=\"3 minutos\" \/>\n<script type=\"application\/ld+json\" class=\"yoast-schema-graph\">{\"@context\":\"https:\/\/schema.org\",\"@graph\":[{\"@type\":\"Article\",\"@id\":\"https:\/\/www.padreeustaquio.com.br\/padre-osvanio-e-eleito-novo-superior-provincial-do-brasil-e-regiao-do-paraguai\/#article\",\"isPartOf\":{\"@id\":\"https:\/\/www.padreeustaquio.com.br\/padre-osvanio-e-eleito-novo-superior-provincial-do-brasil-e-regiao-do-paraguai\/\"},\"author\":{\"name\":\"@sscc\",\"@id\":\"https:\/\/www.padreeustaquio.com.br\/#\/schema\/person\/a2a51db1d00f1a7af0204a0f1ddb1566\"},\"headline\":\"Padre Osv\u00e2nio \u00e9 eleito novo Superior Provincial do Brasil e Regi\u00e3o do Paraguai\",\"datePublished\":\"2021-01-20T20:58:37+00:00\",\"dateModified\":\"2021-01-20T21:13:01+00:00\",\"mainEntityOfPage\":{\"@id\":\"https:\/\/www.padreeustaquio.com.br\/padre-osvanio-e-eleito-novo-superior-provincial-do-brasil-e-regiao-do-paraguai\/\"},\"wordCount\":647,\"commentCount\":0,\"publisher\":{\"@id\":\"https:\/\/www.padreeustaquio.com.br\/#organization\"},\"image\":{\"@id\":\"https:\/\/www.padreeustaquio.com.br\/padre-osvanio-e-eleito-novo-superior-provincial-do-brasil-e-regiao-do-paraguai\/#primaryimage\"},\"thumbnailUrl\":\"https:\/\/www.padreeustaquio.com.br\/wp-content\/uploads\/2021\/01\/Pe.-Osvanio-e-Pe.-Alberto-e1611176466885.jpeg\",\"articleSection\":[\"Not\u00edcias\"],\"inLanguage\":\"es\",\"potentialAction\":[{\"@type\":\"CommentAction\",\"name\":\"Comment\",\"target\":[\"https:\/\/www.padreeustaquio.com.br\/padre-osvanio-e-eleito-novo-superior-provincial-do-brasil-e-regiao-do-paraguai\/#respond\"]}]},{\"@type\":\"WebPage\",\"@id\":\"https:\/\/www.padreeustaquio.com.br\/padre-osvanio-e-eleito-novo-superior-provincial-do-brasil-e-regiao-do-paraguai\/\",\"url\":\"https:\/\/www.padreeustaquio.com.br\/padre-osvanio-e-eleito-novo-superior-provincial-do-brasil-e-regiao-do-paraguai\/\",\"name\":\"Padre Osv\u00e2nio \u00e9 eleito novo Superior Provincial do Brasil e Regi\u00e3o do Paraguai - Padre Eust\u00e1quio\",\"isPartOf\":{\"@id\":\"https:\/\/www.padreeustaquio.com.br\/#website\"},\"primaryImageOfPage\":{\"@id\":\"https:\/\/www.padreeustaquio.com.br\/padre-osvanio-e-eleito-novo-superior-provincial-do-brasil-e-regiao-do-paraguai\/#primaryimage\"},\"image\":{\"@id\":\"https:\/\/www.padreeustaquio.com.br\/padre-osvanio-e-eleito-novo-superior-provincial-do-brasil-e-regiao-do-paraguai\/#primaryimage\"},\"thumbnailUrl\":\"https:\/\/www.padreeustaquio.com.br\/wp-content\/uploads\/2021\/01\/Pe.-Osvanio-e-Pe.-Alberto-e1611176466885.jpeg\",\"datePublished\":\"2021-01-20T20:58:37+00:00\",\"dateModified\":\"2021-01-20T21:13:01+00:00\",\"breadcrumb\":{\"@id\":\"https:\/\/www.padreeustaquio.com.br\/padre-osvanio-e-eleito-novo-superior-provincial-do-brasil-e-regiao-do-paraguai\/#breadcrumb\"},\"inLanguage\":\"es\",\"potentialAction\":[{\"@type\":\"ReadAction\",\"target\":[\"https:\/\/www.padreeustaquio.com.br\/padre-osvanio-e-eleito-novo-superior-provincial-do-brasil-e-regiao-do-paraguai\/\"]}]},{\"@type\":\"ImageObject\",\"inLanguage\":\"es\",\"@id\":\"https:\/\/www.padreeustaquio.com.br\/padre-osvanio-e-eleito-novo-superior-provincial-do-brasil-e-regiao-do-paraguai\/#primaryimage\",\"url\":\"https:\/\/www.padreeustaquio.com.br\/wp-content\/uploads\/2021\/01\/Pe.-Osvanio-e-Pe.-Alberto-e1611176466885.jpeg\",\"contentUrl\":\"https:\/\/www.padreeustaquio.com.br\/wp-content\/uploads\/2021\/01\/Pe.-Osvanio-e-Pe.-Alberto-e1611176466885.jpeg\",\"width\":1024,\"height\":688,\"caption\":\"Padre Osv\u00e2nio Humberto, ss.cc. no momento da elei\u00e7\u00e3o, recebendo os cumprimentos do Superior Geral, Pe. Alberto Toutin, ss.cc.\"},{\"@type\":\"BreadcrumbList\",\"@id\":\"https:\/\/www.padreeustaquio.com.br\/padre-osvanio-e-eleito-novo-superior-provincial-do-brasil-e-regiao-do-paraguai\/#breadcrumb\",\"itemListElement\":[{\"@type\":\"ListItem\",\"position\":1,\"name\":\"In\u00edcio\",\"item\":\"https:\/\/www.padreeustaquio.com.br\/\"},{\"@type\":\"ListItem\",\"position\":2,\"name\":\"Padre Osv\u00e2nio \u00e9 eleito novo Superior Provincial do Brasil e Regi\u00e3o do Paraguai\"}]},{\"@type\":\"WebSite\",\"@id\":\"https:\/\/www.padreeustaquio.com.br\/#website\",\"url\":\"https:\/\/www.padreeustaquio.com.br\/\",\"name\":\"Padre Eust\u00e1quio\",\"description\":\"Sa\u00fade e Paz\",\"publisher\":{\"@id\":\"https:\/\/www.padreeustaquio.com.br\/#organization\"},\"potentialAction\":[{\"@type\":\"SearchAction\",\"target\":{\"@type\":\"EntryPoint\",\"urlTemplate\":\"https:\/\/www.padreeustaquio.com.br\/?s={search_term_string}\"},\"query-input\":{\"@type\":\"PropertyValueSpecification\",\"valueRequired\":true,\"valueName\":\"search_term_string\"}}],\"inLanguage\":\"es\"},{\"@type\":\"Organization\",\"@id\":\"https:\/\/www.padreeustaquio.com.br\/#organization\",\"name\":\"Padre Eust\u00e1quio\",\"url\":\"https:\/\/www.padreeustaquio.com.br\/\",\"logo\":{\"@type\":\"ImageObject\",\"inLanguage\":\"es\",\"@id\":\"https:\/\/www.padreeustaquio.com.br\/#\/schema\/logo\/image\/\",\"url\":\"https:\/\/www.padreeustaquio.com.br\/wp-content\/uploads\/2019\/08\/marca.png\",\"contentUrl\":\"https:\/\/www.padreeustaquio.com.br\/wp-content\/uploads\/2019\/08\/marca.png\",\"width\":350,\"height\":400,\"caption\":\"Padre Eust\u00e1quio\"},\"image\":{\"@id\":\"https:\/\/www.padreeustaquio.com.br\/#\/schema\/logo\/image\/\"},\"sameAs\":[\"https:\/\/www.facebook.com\/beatopadreeustaquio\/\",\"https:\/\/x.com\/beatopeustaquio\",\"https:\/\/www.instagram.com\/beatopadreeustaquio\/\",\"https:\/\/www.youtube.com\/channel\/UCRhw7vfabnajwLxb1ZXMeIw\"]},{\"@type\":\"Person\",\"@id\":\"https:\/\/www.padreeustaquio.com.br\/#\/schema\/person\/a2a51db1d00f1a7af0204a0f1ddb1566\",\"name\":\"@sscc\",\"image\":{\"@type\":\"ImageObject\",\"inLanguage\":\"es\",\"@id\":\"https:\/\/secure.gravatar.com\/avatar\/68cfafa5f44617fea54071e215026e0ff06be366c3d54a8425f04fdcb86f8c5f?s=96&d=mm&r=g\",\"url\":\"https:\/\/secure.gravatar.com\/avatar\/68cfafa5f44617fea54071e215026e0ff06be366c3d54a8425f04fdcb86f8c5f?s=96&d=mm&r=g\",\"contentUrl\":\"https:\/\/secure.gravatar.com\/avatar\/68cfafa5f44617fea54071e215026e0ff06be366c3d54a8425f04fdcb86f8c5f?s=96&d=mm&r=g\",\"caption\":\"@sscc\"},\"url\":\"https:\/\/www.padreeustaquio.com.br\/es\/author\/sscc\/\"}]}<\/script>\n<!-- \/ Yoast SEO plugin. -->","yoast_head_json":{"title":"Padre Osv\u00e2nio es elegido nuevo Superior Provincial de la Regi\u00f3n Brasil y Paraguay - Padre Eust\u00e1quio","robots":{"index":"index","follow":"follow","max-snippet":"max-snippet:-1","max-image-preview":"max-image-preview:large","max-video-preview":"max-video-preview:-1"},"canonical":"https:\/\/www.padreeustaquio.com.br\/es\/padre-osvanio-es-elegido-nuevo-superior-provincial-de-la-region-brasil-y-paraguay\/","og_locale":"es_ES","og_type":"article","og_title":"Padre Osv\u00e2nio \u00e9 eleito novo Superior Provincial do Brasil e Regi\u00e3o do Paraguai - Padre Eust\u00e1quio","og_description":"O Padre Osv\u00e2nio Humberto Mariano, ss.cc. foi eleito na tarde de hoje, 20 de janeiro de 2021, o Superior Provincial do Brasil e Regi\u00e3o do Paraguai. A escolha foi feita durante o XI Cap\u00edtulo Provincial, em Pindamonhangaba-SP. Osv\u00e2nio, de 56 anos, \u00e9 filho de D. Terezinha e do saudoso Sr. Jos\u00e9 Mariano. O padre nasceu em Guimar\u00e2nia-MG e trabalhava atualmente como p\u00e1roco da Par\u00f3quia S\u00e3o Dami\u00e3o de Molokai, em Patroc\u00ednio-MG, al\u00e9m de exercer a fun\u00e7\u00e3o de Vig\u00e1rio Episcopal para a Vida Consagrada na Diocese de Patos de Minas-MG. A assembleia que elegeu Pe. Osv\u00e2nio, come\u00e7ou na \u00faltima segunda-feira, dia 18 [&hellip;]","og_url":"https:\/\/www.padreeustaquio.com.br\/es\/padre-osvanio-es-elegido-nuevo-superior-provincial-de-la-region-brasil-y-paraguay\/","og_site_name":"Padre Eust\u00e1quio","article_publisher":"https:\/\/www.facebook.com\/beatopadreeustaquio\/","article_published_time":"2021-01-20T20:58:37+00:00","article_modified_time":"2021-01-20T21:13:01+00:00","og_image":[{"width":1024,"height":688,"url":"https:\/\/www.padreeustaquio.com.br\/wp-content\/uploads\/2021\/01\/Pe.-Osvanio-e-Pe.-Alberto-e1611176466885.jpeg","type":"image\/jpeg"}],"author":"@sscc","twitter_card":"summary_large_image","twitter_creator":"@beatopeustaquio","twitter_site":"@beatopeustaquio","twitter_misc":{"Escrito por":"@sscc","Tiempo de lectura":"3 minutos"},"schema":{"@context":"https:\/\/schema.org","@graph":[{"@type":"Article","@id":"https:\/\/www.padreeustaquio.com.br\/padre-osvanio-e-eleito-novo-superior-provincial-do-brasil-e-regiao-do-paraguai\/#article","isPartOf":{"@id":"https:\/\/www.padreeustaquio.com.br\/padre-osvanio-e-eleito-novo-superior-provincial-do-brasil-e-regiao-do-paraguai\/"},"author":{"name":"@sscc","@id":"https:\/\/www.padreeustaquio.com.br\/#\/schema\/person\/a2a51db1d00f1a7af0204a0f1ddb1566"},"headline":"Padre Osv\u00e2nio \u00e9 eleito novo Superior Provincial do Brasil e Regi\u00e3o do Paraguai","datePublished":"2021-01-20T20:58:37+00:00","dateModified":"2021-01-20T21:13:01+00:00","mainEntityOfPage":{"@id":"https:\/\/www.padreeustaquio.com.br\/padre-osvanio-e-eleito-novo-superior-provincial-do-brasil-e-regiao-do-paraguai\/"},"wordCount":647,"commentCount":0,"publisher":{"@id":"https:\/\/www.padreeustaquio.com.br\/#organization"},"image":{"@id":"https:\/\/www.padreeustaquio.com.br\/padre-osvanio-e-eleito-novo-superior-provincial-do-brasil-e-regiao-do-paraguai\/#primaryimage"},"thumbnailUrl":"https:\/\/www.padreeustaquio.com.br\/wp-content\/uploads\/2021\/01\/Pe.-Osvanio-e-Pe.-Alberto-e1611176466885.jpeg","articleSection":["Not\u00edcias"],"inLanguage":"es","potentialAction":[{"@type":"CommentAction","name":"Comment","target":["https:\/\/www.padreeustaquio.com.br\/padre-osvanio-e-eleito-novo-superior-provincial-do-brasil-e-regiao-do-paraguai\/#respond"]}]},{"@type":"WebPage","@id":"https:\/\/www.padreeustaquio.com.br\/padre-osvanio-e-eleito-novo-superior-provincial-do-brasil-e-regiao-do-paraguai\/","url":"https:\/\/www.padreeustaquio.com.br\/padre-osvanio-e-eleito-novo-superior-provincial-do-brasil-e-regiao-do-paraguai\/","name":"Padre Osv\u00e2nio es elegido nuevo Superior Provincial de la Regi\u00f3n Brasil y Paraguay - Padre Eust\u00e1quio","isPartOf":{"@id":"https:\/\/www.padreeustaquio.com.br\/#website"},"primaryImageOfPage":{"@id":"https:\/\/www.padreeustaquio.com.br\/padre-osvanio-e-eleito-novo-superior-provincial-do-brasil-e-regiao-do-paraguai\/#primaryimage"},"image":{"@id":"https:\/\/www.padreeustaquio.com.br\/padre-osvanio-e-eleito-novo-superior-provincial-do-brasil-e-regiao-do-paraguai\/#primaryimage"},"thumbnailUrl":"https:\/\/www.padreeustaquio.com.br\/wp-content\/uploads\/2021\/01\/Pe.-Osvanio-e-Pe.-Alberto-e1611176466885.jpeg","datePublished":"2021-01-20T20:58:37+00:00","dateModified":"2021-01-20T21:13:01+00:00","breadcrumb":{"@id":"https:\/\/www.padreeustaquio.com.br\/padre-osvanio-e-eleito-novo-superior-provincial-do-brasil-e-regiao-do-paraguai\/#breadcrumb"},"inLanguage":"es","potentialAction":[{"@type":"ReadAction","target":["https:\/\/www.padreeustaquio.com.br\/padre-osvanio-e-eleito-novo-superior-provincial-do-brasil-e-regiao-do-paraguai\/"]}]},{"@type":"ImageObject","inLanguage":"es","@id":"https:\/\/www.padreeustaquio.com.br\/padre-osvanio-e-eleito-novo-superior-provincial-do-brasil-e-regiao-do-paraguai\/#primaryimage","url":"https:\/\/www.padreeustaquio.com.br\/wp-content\/uploads\/2021\/01\/Pe.-Osvanio-e-Pe.-Alberto-e1611176466885.jpeg","contentUrl":"https:\/\/www.padreeustaquio.com.br\/wp-content\/uploads\/2021\/01\/Pe.-Osvanio-e-Pe.-Alberto-e1611176466885.jpeg","width":1024,"height":688,"caption":"Padre Osv\u00e2nio Humberto, ss.cc. no momento da elei\u00e7\u00e3o, recebendo os cumprimentos do Superior Geral, Pe. Alberto Toutin, ss.cc."},{"@type":"BreadcrumbList","@id":"https:\/\/www.padreeustaquio.com.br\/padre-osvanio-e-eleito-novo-superior-provincial-do-brasil-e-regiao-do-paraguai\/#breadcrumb","itemListElement":[{"@type":"ListItem","position":1,"name":"In\u00edcio","item":"https:\/\/www.padreeustaquio.com.br\/"},{"@type":"ListItem","position":2,"name":"Padre Osv\u00e2nio \u00e9 eleito novo Superior Provincial do Brasil e Regi\u00e3o do Paraguai"}]},{"@type":"WebSite","@id":"https:\/\/www.padreeustaquio.com.br\/#website","url":"https:\/\/www.padreeustaquio.com.br\/","name":"Padre Eustace","description":"Salud y Paz","publisher":{"@id":"https:\/\/www.padreeustaquio.com.br\/#organization"},"potentialAction":[{"@type":"SearchAction","target":{"@type":"EntryPoint","urlTemplate":"https:\/\/www.padreeustaquio.com.br\/?s={search_term_string}"},"query-input":{"@type":"PropertyValueSpecification","valueRequired":true,"valueName":"search_term_string"}}],"inLanguage":"es"},{"@type":"Organization","@id":"https:\/\/www.padreeustaquio.com.br\/#organization","name":"Padre Eustace","url":"https:\/\/www.padreeustaquio.com.br\/","logo":{"@type":"ImageObject","inLanguage":"es","@id":"https:\/\/www.padreeustaquio.com.br\/#\/schema\/logo\/image\/","url":"https:\/\/www.padreeustaquio.com.br\/wp-content\/uploads\/2019\/08\/marca.png","contentUrl":"https:\/\/www.padreeustaquio.com.br\/wp-content\/uploads\/2019\/08\/marca.png","width":350,"height":400,"caption":"Padre Eust\u00e1quio"},"image":{"@id":"https:\/\/www.padreeustaquio.com.br\/#\/schema\/logo\/image\/"},"sameAs":["https:\/\/www.facebook.com\/beatopadreeustaquio\/","https:\/\/x.com\/beatopeustaquio","https:\/\/www.instagram.com\/beatopadreeustaquio\/","https:\/\/www.youtube.com\/channel\/UCRhw7vfabnajwLxb1ZXMeIw"]},{"@type":"Person","@id":"https:\/\/www.padreeustaquio.com.br\/#\/schema\/person\/a2a51db1d00f1a7af0204a0f1ddb1566","name":"@sscc","image":{"@type":"ImageObject","inLanguage":"es","@id":"https:\/\/secure.gravatar.com\/avatar\/68cfafa5f44617fea54071e215026e0ff06be366c3d54a8425f04fdcb86f8c5f?s=96&d=mm&r=g","url":"https:\/\/secure.gravatar.com\/avatar\/68cfafa5f44617fea54071e215026e0ff06be366c3d54a8425f04fdcb86f8c5f?s=96&d=mm&r=g","contentUrl":"https:\/\/secure.gravatar.com\/avatar\/68cfafa5f44617fea54071e215026e0ff06be366c3d54a8425f04fdcb86f8c5f?s=96&d=mm&r=g","caption":"@sscc"},"url":"https:\/\/www.padreeustaquio.com.br\/es\/author\/sscc\/"}]}},"_links":{"self":[{"href":"https:\/\/www.padreeustaquio.com.br\/es\/wp-json\/wp\/v2\/posts\/4900","targetHints":{"allow":["GET"]}}],"collection":[{"href":"https:\/\/www.padreeustaquio.com.br\/es\/wp-json\/wp\/v2\/posts"}],"about":[{"href":"https:\/\/www.padreeustaquio.com.br\/es\/wp-json\/wp\/v2\/types\/post"}],"author":[{"embeddable":true,"href":"https:\/\/www.padreeustaquio.com.br\/es\/wp-json\/wp\/v2\/users\/2"}],"replies":[{"embeddable":true,"href":"https:\/\/www.padreeustaquio.com.br\/es\/wp-json\/wp\/v2\/comments?post=4900"}],"version-history":[{"count":0,"href":"https:\/\/www.padreeustaquio.com.br\/es\/wp-json\/wp\/v2\/posts\/4900\/revisions"}],"wp:featuredmedia":[{"embeddable":true,"href":"https:\/\/www.padreeustaquio.com.br\/es\/wp-json\/wp\/v2\/media\/4902"}],"wp:attachment":[{"href":"https:\/\/www.padreeustaquio.com.br\/es\/wp-json\/wp\/v2\/media?parent=4900"}],"wp:term":[{"taxonomy":"category","embeddable":true,"href":"https:\/\/www.padreeustaquio.com.br\/es\/wp-json\/wp\/v2\/categories?post=4900"},{"taxonomy":"post_tag","embeddable":true,"href":"https:\/\/www.padreeustaquio.com.br\/es\/wp-json\/wp\/v2\/tags?post=4900"}],"curies":[{"name":"wp","href":"https:\/\/api.w.org\/{rel}","templated":true}]}}