{"id":4879,"date":"2021-01-19T10:52:22","date_gmt":"2021-01-19T13:52:22","guid":{"rendered":"https:\/\/www.padreeustaquio.com.br\/?p=4879"},"modified":"2021-01-19T13:42:47","modified_gmt":"2021-01-19T16:42:47","slug":"provincia-de-brasil-y-region-de-paraguay-inician-eleccion-de-nuevo-superior","status":"publish","type":"post","link":"https:\/\/www.padreeustaquio.com.br\/es\/provincia-de-brasil-y-region-de-paraguay-inician-eleccion-de-nuevo-superior\/","title":{"rendered":"Provincia de Brasil y Regi\u00f3n de Paraguay inician elecci\u00f3n de nuevo superior."},"content":{"rendered":"<p>El XI Cap\u00edtulo de la Provincia de Brasil y la Regi\u00f3n de Paraguay comenz\u00f3 este lunes 18 de enero con la Santa Misa presidida por el Superior General de la Congregaci\u00f3n de los Sagrados Corazones, P. Alberto Toutin, ss.cc. La asamblea, celebrada en Pindamonhangaba, en el interior de S\u00e3o Paulo, definir\u00e1 al hermano que ser\u00e1 el nuevo provincial de Brasil y la Regi\u00f3n de Paraguay.<\/p>\n<div id=\"attachment_4881\" style=\"width: 473px\" class=\"wp-caption alignleft\"><img fetchpriority=\"high\" decoding=\"async\" aria-describedby=\"caption-attachment-4881\" class=\"wp-image-4881\" src=\"https:\/\/www.padreeustaquio.com.br\/wp-content\/uploads\/2021\/01\/XI-Capitulo-e1611064054901-300x151.jpeg\" alt=\"\" width=\"463\" height=\"233\" srcset=\"https:\/\/www.padreeustaquio.com.br\/wp-content\/uploads\/2021\/01\/XI-Capitulo-e1611064054901-300x151.jpeg 300w, https:\/\/www.padreeustaquio.com.br\/wp-content\/uploads\/2021\/01\/XI-Capitulo-e1611064054901-768x386.jpeg 768w, https:\/\/www.padreeustaquio.com.br\/wp-content\/uploads\/2021\/01\/XI-Capitulo-e1611064054901-1024x514.jpeg 1024w, https:\/\/www.padreeustaquio.com.br\/wp-content\/uploads\/2021\/01\/XI-Capitulo-e1611064054901-400x200.jpeg 400w, https:\/\/www.padreeustaquio.com.br\/wp-content\/uploads\/2021\/01\/XI-Capitulo-e1611064054901-600x300.jpeg 600w, https:\/\/www.padreeustaquio.com.br\/wp-content\/uploads\/2021\/01\/XI-Capitulo-e1611064054901-800x400.jpeg 800w, https:\/\/www.padreeustaquio.com.br\/wp-content\/uploads\/2021\/01\/XI-Capitulo-e1611064054901-1200x600.jpeg 1200w, https:\/\/www.padreeustaquio.com.br\/wp-content\/uploads\/2021\/01\/XI-Capitulo-e1611064054901.jpeg 1248w\" sizes=\"(max-width: 463px) 100vw, 463px\" \/><p id=\"caption-attachment-4881\" class=\"wp-caption-text\">Miembros de la Provincia de Brasil y Regi\u00f3n de Paraguay de los Sagrados Corazones se reunieron para la primera sesi\u00f3n del XI Cap\u00edtulo Provincial.<\/p><\/div>\n<p>En la primera reuni\u00f3n, el actual provincial, P. S\u00e9rgio Stein, ss.cc., dio la bienvenida a todos, destacando el valor de la presencia del Gobierno General, especialmente ante los desaf\u00edos del momento actual y el riesgo real de cierre de fronteras, como de hecho sucedi\u00f3 tras la llegada del P. Alberto a Brasil.<\/p>\n<p>Se espera la llegada del Superior Regional de Paraguay, \u00c1ngel Armoa, ss.cc, y de un delegado paraguayo, el Padre Armin P\u00e9rez, ss.cc, este martes. Ambos enfrentaron problemas migratorios debido a la pandemia y a\u00fan no hab\u00edan llegado a S\u00e3o Paulo.<\/p>\n<p>Adem\u00e1s de los hermanos que componen el actual Consejo, tambi\u00e9n est\u00e1 presente el P. Evaldo Xavier Gomes, OCarm., reconocido canonista y asesor de la Conferencia Episcopal, quien aconseja y gu\u00eda el retiro espiritual.<\/p>\n<p>El Cap\u00edtulo est\u00e1 programado para continuar hasta el pr\u00f3ximo s\u00e1bado 23. Permanezcamos en oraci\u00f3n para que Dios, a trav\u00e9s del Esp\u00edritu Santo, inspire a nuestros hermanos y hermanas en este importante momento para la presencia de la Congregaci\u00f3n de los Sagrados Corazones en Brasil y Paraguay, para los religiosos, los laicos y toda la Iglesia.<\/p>","protected":false},"excerpt":{"rendered":"<p>O XI\u00a0Cap\u00edtulo da Prov\u00edncia do Brasil e Regi\u00e3o do Paraguai foi iniciado nessa segunda-feira, dia 18 de janeiro, com a Santa Missa presidida pelo Superior Geral da Congrega\u00e7\u00e3o dos Sagrados Cora\u00e7\u00f5es, Pe. Alberto Toutin, ss.cc. A assembleia, que est\u00e1 sendo realizada em Pindamonhangaba, interior de S\u00e3o Paulo, vai definir o irm\u00e3o que se tornar\u00e1 o novo provincial do Brasil e Regi\u00e3o do Paraguai. Na primeira reuni\u00e3o, o atual provincial, Pe. S\u00e9rgio Stein, ss.cc. acolheu a todos, destacando o valor da presen\u00e7a do Governo Geral, especialmente com os desafios dos tempos atuais e o risco real de fechamento de fronteiras como [&hellip;]<\/p>\n","protected":false},"author":2,"featured_media":4880,"comment_status":"open","ping_status":"open","sticky":false,"template":"","format":"standard","meta":{"_acf_changed":false,"footnotes":""},"categories":[611],"tags":[],"class_list":["post-4879","post","type-post","status-publish","format-standard","has-post-thumbnail","hentry","category-noticias"],"acf":[],"yoast_head":"<!-- This site is optimized with the Yoast SEO plugin v27.2 - https:\/\/yoast.com\/product\/yoast-seo-wordpress\/ -->\n<title>Prov\u00edncia do Brasil e Regi\u00e3o do Paraguai iniciam elei\u00e7\u00e3o de novo superior - Padre Eust\u00e1quio<\/title>\n<meta name=\"robots\" content=\"index, follow, max-snippet:-1, max-image-preview:large, max-video-preview:-1\" \/>\n<link rel=\"canonical\" href=\"https:\/\/www.padreeustaquio.com.br\/es\/provincia-de-brasil-y-region-de-paraguay-inician-eleccion-de-nuevo-superior\/\" \/>\n<meta property=\"og:locale\" content=\"es_ES\" \/>\n<meta property=\"og:type\" content=\"article\" \/>\n<meta property=\"og:title\" content=\"Prov\u00edncia do Brasil e Regi\u00e3o do Paraguai iniciam elei\u00e7\u00e3o de novo superior - Padre Eust\u00e1quio\" \/>\n<meta property=\"og:description\" content=\"O XI\u00a0Cap\u00edtulo da Prov\u00edncia do Brasil e Regi\u00e3o do Paraguai foi iniciado nessa segunda-feira, dia 18 de janeiro, com a Santa Missa presidida pelo Superior Geral da Congrega\u00e7\u00e3o dos Sagrados Cora\u00e7\u00f5es, Pe. Alberto Toutin, ss.cc. A assembleia, que est\u00e1 sendo realizada em Pindamonhangaba, interior de S\u00e3o Paulo, vai definir o irm\u00e3o que se tornar\u00e1 o novo provincial do Brasil e Regi\u00e3o do Paraguai. Na primeira reuni\u00e3o, o atual provincial, Pe. S\u00e9rgio Stein, ss.cc. acolheu a todos, destacando o valor da presen\u00e7a do Governo Geral, especialmente com os desafios dos tempos atuais e o risco real de fechamento de fronteiras como [&hellip;]\" \/>\n<meta property=\"og:url\" content=\"https:\/\/www.padreeustaquio.com.br\/es\/provincia-de-brasil-y-region-de-paraguay-inician-eleccion-de-nuevo-superior\/\" \/>\n<meta property=\"og:site_name\" content=\"Padre Eust\u00e1quio\" \/>\n<meta property=\"article:publisher\" content=\"https:\/\/www.facebook.com\/beatopadreeustaquio\/\" \/>\n<meta property=\"article:published_time\" content=\"2021-01-19T13:52:22+00:00\" \/>\n<meta property=\"article:modified_time\" content=\"2021-01-19T16:42:47+00:00\" \/>\n<meta property=\"og:image\" content=\"https:\/\/www.padreeustaquio.com.br\/wp-content\/uploads\/2021\/01\/WhatsApp-Image-2021-01-19-at-08.18.29.jpeg\" \/>\n\t<meta property=\"og:image:width\" content=\"1280\" \/>\n\t<meta property=\"og:image:height\" content=\"718\" \/>\n\t<meta property=\"og:image:type\" content=\"image\/jpeg\" \/>\n<meta name=\"author\" content=\"@sscc\" \/>\n<meta name=\"twitter:card\" content=\"summary_large_image\" \/>\n<meta name=\"twitter:creator\" content=\"@beatopeustaquio\" \/>\n<meta name=\"twitter:site\" content=\"@beatopeustaquio\" \/>\n<meta name=\"twitter:label1\" content=\"Escrito por\" \/>\n\t<meta name=\"twitter:data1\" content=\"@sscc\" \/>\n\t<meta name=\"twitter:label2\" content=\"Tiempo de lectura\" \/>\n\t<meta name=\"twitter:data2\" content=\"1 minuto\" \/>\n<script type=\"application\/ld+json\" class=\"yoast-schema-graph\">{\"@context\":\"https:\/\/schema.org\",\"@graph\":[{\"@type\":\"Article\",\"@id\":\"https:\/\/www.padreeustaquio.com.br\/provincia-do-brasil-e-regiao-do-paraguai-iniciam-eleicao-de-novo-superior\/#article\",\"isPartOf\":{\"@id\":\"https:\/\/www.padreeustaquio.com.br\/provincia-do-brasil-e-regiao-do-paraguai-iniciam-eleicao-de-novo-superior\/\"},\"author\":{\"name\":\"@sscc\",\"@id\":\"https:\/\/www.padreeustaquio.com.br\/#\/schema\/person\/a2a51db1d00f1a7af0204a0f1ddb1566\"},\"headline\":\"Prov\u00edncia do Brasil e Regi\u00e3o do Paraguai iniciam elei\u00e7\u00e3o de novo superior\",\"datePublished\":\"2021-01-19T13:52:22+00:00\",\"dateModified\":\"2021-01-19T16:42:47+00:00\",\"mainEntityOfPage\":{\"@id\":\"https:\/\/www.padreeustaquio.com.br\/provincia-do-brasil-e-regiao-do-paraguai-iniciam-eleicao-de-novo-superior\/\"},\"wordCount\":312,\"commentCount\":0,\"publisher\":{\"@id\":\"https:\/\/www.padreeustaquio.com.br\/#organization\"},\"image\":{\"@id\":\"https:\/\/www.padreeustaquio.com.br\/provincia-do-brasil-e-regiao-do-paraguai-iniciam-eleicao-de-novo-superior\/#primaryimage\"},\"thumbnailUrl\":\"https:\/\/www.padreeustaquio.com.br\/wp-content\/uploads\/2021\/01\/WhatsApp-Image-2021-01-19-at-08.18.29.jpeg\",\"articleSection\":[\"Not\u00edcias\"],\"inLanguage\":\"es\",\"potentialAction\":[{\"@type\":\"CommentAction\",\"name\":\"Comment\",\"target\":[\"https:\/\/www.padreeustaquio.com.br\/provincia-do-brasil-e-regiao-do-paraguai-iniciam-eleicao-de-novo-superior\/#respond\"]}]},{\"@type\":\"WebPage\",\"@id\":\"https:\/\/www.padreeustaquio.com.br\/provincia-do-brasil-e-regiao-do-paraguai-iniciam-eleicao-de-novo-superior\/\",\"url\":\"https:\/\/www.padreeustaquio.com.br\/provincia-do-brasil-e-regiao-do-paraguai-iniciam-eleicao-de-novo-superior\/\",\"name\":\"Prov\u00edncia do Brasil e Regi\u00e3o do Paraguai iniciam elei\u00e7\u00e3o de novo superior - Padre Eust\u00e1quio\",\"isPartOf\":{\"@id\":\"https:\/\/www.padreeustaquio.com.br\/#website\"},\"primaryImageOfPage\":{\"@id\":\"https:\/\/www.padreeustaquio.com.br\/provincia-do-brasil-e-regiao-do-paraguai-iniciam-eleicao-de-novo-superior\/#primaryimage\"},\"image\":{\"@id\":\"https:\/\/www.padreeustaquio.com.br\/provincia-do-brasil-e-regiao-do-paraguai-iniciam-eleicao-de-novo-superior\/#primaryimage\"},\"thumbnailUrl\":\"https:\/\/www.padreeustaquio.com.br\/wp-content\/uploads\/2021\/01\/WhatsApp-Image-2021-01-19-at-08.18.29.jpeg\",\"datePublished\":\"2021-01-19T13:52:22+00:00\",\"dateModified\":\"2021-01-19T16:42:47+00:00\",\"breadcrumb\":{\"@id\":\"https:\/\/www.padreeustaquio.com.br\/provincia-do-brasil-e-regiao-do-paraguai-iniciam-eleicao-de-novo-superior\/#breadcrumb\"},\"inLanguage\":\"es\",\"potentialAction\":[{\"@type\":\"ReadAction\",\"target\":[\"https:\/\/www.padreeustaquio.com.br\/provincia-do-brasil-e-regiao-do-paraguai-iniciam-eleicao-de-novo-superior\/\"]}]},{\"@type\":\"ImageObject\",\"inLanguage\":\"es\",\"@id\":\"https:\/\/www.padreeustaquio.com.br\/provincia-do-brasil-e-regiao-do-paraguai-iniciam-eleicao-de-novo-superior\/#primaryimage\",\"url\":\"https:\/\/www.padreeustaquio.com.br\/wp-content\/uploads\/2021\/01\/WhatsApp-Image-2021-01-19-at-08.18.29.jpeg\",\"contentUrl\":\"https:\/\/www.padreeustaquio.com.br\/wp-content\/uploads\/2021\/01\/WhatsApp-Image-2021-01-19-at-08.18.29.jpeg\",\"width\":1280,\"height\":718},{\"@type\":\"BreadcrumbList\",\"@id\":\"https:\/\/www.padreeustaquio.com.br\/provincia-do-brasil-e-regiao-do-paraguai-iniciam-eleicao-de-novo-superior\/#breadcrumb\",\"itemListElement\":[{\"@type\":\"ListItem\",\"position\":1,\"name\":\"In\u00edcio\",\"item\":\"https:\/\/www.padreeustaquio.com.br\/\"},{\"@type\":\"ListItem\",\"position\":2,\"name\":\"Prov\u00edncia do Brasil e Regi\u00e3o do Paraguai iniciam elei\u00e7\u00e3o de novo superior\"}]},{\"@type\":\"WebSite\",\"@id\":\"https:\/\/www.padreeustaquio.com.br\/#website\",\"url\":\"https:\/\/www.padreeustaquio.com.br\/\",\"name\":\"Padre Eust\u00e1quio\",\"description\":\"Sa\u00fade e Paz\",\"publisher\":{\"@id\":\"https:\/\/www.padreeustaquio.com.br\/#organization\"},\"potentialAction\":[{\"@type\":\"SearchAction\",\"target\":{\"@type\":\"EntryPoint\",\"urlTemplate\":\"https:\/\/www.padreeustaquio.com.br\/?s={search_term_string}\"},\"query-input\":{\"@type\":\"PropertyValueSpecification\",\"valueRequired\":true,\"valueName\":\"search_term_string\"}}],\"inLanguage\":\"es\"},{\"@type\":\"Organization\",\"@id\":\"https:\/\/www.padreeustaquio.com.br\/#organization\",\"name\":\"Padre Eust\u00e1quio\",\"url\":\"https:\/\/www.padreeustaquio.com.br\/\",\"logo\":{\"@type\":\"ImageObject\",\"inLanguage\":\"es\",\"@id\":\"https:\/\/www.padreeustaquio.com.br\/#\/schema\/logo\/image\/\",\"url\":\"https:\/\/www.padreeustaquio.com.br\/wp-content\/uploads\/2019\/08\/marca.png\",\"contentUrl\":\"https:\/\/www.padreeustaquio.com.br\/wp-content\/uploads\/2019\/08\/marca.png\",\"width\":350,\"height\":400,\"caption\":\"Padre Eust\u00e1quio\"},\"image\":{\"@id\":\"https:\/\/www.padreeustaquio.com.br\/#\/schema\/logo\/image\/\"},\"sameAs\":[\"https:\/\/www.facebook.com\/beatopadreeustaquio\/\",\"https:\/\/x.com\/beatopeustaquio\",\"https:\/\/www.instagram.com\/beatopadreeustaquio\/\",\"https:\/\/www.youtube.com\/channel\/UCRhw7vfabnajwLxb1ZXMeIw\"]},{\"@type\":\"Person\",\"@id\":\"https:\/\/www.padreeustaquio.com.br\/#\/schema\/person\/a2a51db1d00f1a7af0204a0f1ddb1566\",\"name\":\"@sscc\",\"image\":{\"@type\":\"ImageObject\",\"inLanguage\":\"es\",\"@id\":\"https:\/\/secure.gravatar.com\/avatar\/68cfafa5f44617fea54071e215026e0ff06be366c3d54a8425f04fdcb86f8c5f?s=96&d=mm&r=g\",\"url\":\"https:\/\/secure.gravatar.com\/avatar\/68cfafa5f44617fea54071e215026e0ff06be366c3d54a8425f04fdcb86f8c5f?s=96&d=mm&r=g\",\"contentUrl\":\"https:\/\/secure.gravatar.com\/avatar\/68cfafa5f44617fea54071e215026e0ff06be366c3d54a8425f04fdcb86f8c5f?s=96&d=mm&r=g\",\"caption\":\"@sscc\"},\"url\":\"https:\/\/www.padreeustaquio.com.br\/es\/author\/sscc\/\"}]}<\/script>\n<!-- \/ Yoast SEO plugin. -->","yoast_head_json":{"title":"Provincia de Brasil y Regi\u00f3n de Paraguay inician elecci\u00f3n de nuevo superior - Padre Eust\u00e1quio","robots":{"index":"index","follow":"follow","max-snippet":"max-snippet:-1","max-image-preview":"max-image-preview:large","max-video-preview":"max-video-preview:-1"},"canonical":"https:\/\/www.padreeustaquio.com.br\/es\/provincia-de-brasil-y-region-de-paraguay-inician-eleccion-de-nuevo-superior\/","og_locale":"es_ES","og_type":"article","og_title":"Prov\u00edncia do Brasil e Regi\u00e3o do Paraguai iniciam elei\u00e7\u00e3o de novo superior - Padre Eust\u00e1quio","og_description":"O XI\u00a0Cap\u00edtulo da Prov\u00edncia do Brasil e Regi\u00e3o do Paraguai foi iniciado nessa segunda-feira, dia 18 de janeiro, com a Santa Missa presidida pelo Superior Geral da Congrega\u00e7\u00e3o dos Sagrados Cora\u00e7\u00f5es, Pe. Alberto Toutin, ss.cc. A assembleia, que est\u00e1 sendo realizada em Pindamonhangaba, interior de S\u00e3o Paulo, vai definir o irm\u00e3o que se tornar\u00e1 o novo provincial do Brasil e Regi\u00e3o do Paraguai. Na primeira reuni\u00e3o, o atual provincial, Pe. S\u00e9rgio Stein, ss.cc. acolheu a todos, destacando o valor da presen\u00e7a do Governo Geral, especialmente com os desafios dos tempos atuais e o risco real de fechamento de fronteiras como [&hellip;]","og_url":"https:\/\/www.padreeustaquio.com.br\/es\/provincia-de-brasil-y-region-de-paraguay-inician-eleccion-de-nuevo-superior\/","og_site_name":"Padre Eust\u00e1quio","article_publisher":"https:\/\/www.facebook.com\/beatopadreeustaquio\/","article_published_time":"2021-01-19T13:52:22+00:00","article_modified_time":"2021-01-19T16:42:47+00:00","og_image":[{"width":1280,"height":718,"url":"https:\/\/www.padreeustaquio.com.br\/wp-content\/uploads\/2021\/01\/WhatsApp-Image-2021-01-19-at-08.18.29.jpeg","type":"image\/jpeg"}],"author":"@sscc","twitter_card":"summary_large_image","twitter_creator":"@beatopeustaquio","twitter_site":"@beatopeustaquio","twitter_misc":{"Escrito por":"@sscc","Tiempo de lectura":"1 minuto"},"schema":{"@context":"https:\/\/schema.org","@graph":[{"@type":"Article","@id":"https:\/\/www.padreeustaquio.com.br\/provincia-do-brasil-e-regiao-do-paraguai-iniciam-eleicao-de-novo-superior\/#article","isPartOf":{"@id":"https:\/\/www.padreeustaquio.com.br\/provincia-do-brasil-e-regiao-do-paraguai-iniciam-eleicao-de-novo-superior\/"},"author":{"name":"@sscc","@id":"https:\/\/www.padreeustaquio.com.br\/#\/schema\/person\/a2a51db1d00f1a7af0204a0f1ddb1566"},"headline":"Prov\u00edncia do Brasil e Regi\u00e3o do Paraguai iniciam elei\u00e7\u00e3o de novo superior","datePublished":"2021-01-19T13:52:22+00:00","dateModified":"2021-01-19T16:42:47+00:00","mainEntityOfPage":{"@id":"https:\/\/www.padreeustaquio.com.br\/provincia-do-brasil-e-regiao-do-paraguai-iniciam-eleicao-de-novo-superior\/"},"wordCount":312,"commentCount":0,"publisher":{"@id":"https:\/\/www.padreeustaquio.com.br\/#organization"},"image":{"@id":"https:\/\/www.padreeustaquio.com.br\/provincia-do-brasil-e-regiao-do-paraguai-iniciam-eleicao-de-novo-superior\/#primaryimage"},"thumbnailUrl":"https:\/\/www.padreeustaquio.com.br\/wp-content\/uploads\/2021\/01\/WhatsApp-Image-2021-01-19-at-08.18.29.jpeg","articleSection":["Not\u00edcias"],"inLanguage":"es","potentialAction":[{"@type":"CommentAction","name":"Comment","target":["https:\/\/www.padreeustaquio.com.br\/provincia-do-brasil-e-regiao-do-paraguai-iniciam-eleicao-de-novo-superior\/#respond"]}]},{"@type":"WebPage","@id":"https:\/\/www.padreeustaquio.com.br\/provincia-do-brasil-e-regiao-do-paraguai-iniciam-eleicao-de-novo-superior\/","url":"https:\/\/www.padreeustaquio.com.br\/provincia-do-brasil-e-regiao-do-paraguai-iniciam-eleicao-de-novo-superior\/","name":"Provincia de Brasil y Regi\u00f3n de Paraguay inician elecci\u00f3n de nuevo superior - Padre Eust\u00e1quio","isPartOf":{"@id":"https:\/\/www.padreeustaquio.com.br\/#website"},"primaryImageOfPage":{"@id":"https:\/\/www.padreeustaquio.com.br\/provincia-do-brasil-e-regiao-do-paraguai-iniciam-eleicao-de-novo-superior\/#primaryimage"},"image":{"@id":"https:\/\/www.padreeustaquio.com.br\/provincia-do-brasil-e-regiao-do-paraguai-iniciam-eleicao-de-novo-superior\/#primaryimage"},"thumbnailUrl":"https:\/\/www.padreeustaquio.com.br\/wp-content\/uploads\/2021\/01\/WhatsApp-Image-2021-01-19-at-08.18.29.jpeg","datePublished":"2021-01-19T13:52:22+00:00","dateModified":"2021-01-19T16:42:47+00:00","breadcrumb":{"@id":"https:\/\/www.padreeustaquio.com.br\/provincia-do-brasil-e-regiao-do-paraguai-iniciam-eleicao-de-novo-superior\/#breadcrumb"},"inLanguage":"es","potentialAction":[{"@type":"ReadAction","target":["https:\/\/www.padreeustaquio.com.br\/provincia-do-brasil-e-regiao-do-paraguai-iniciam-eleicao-de-novo-superior\/"]}]},{"@type":"ImageObject","inLanguage":"es","@id":"https:\/\/www.padreeustaquio.com.br\/provincia-do-brasil-e-regiao-do-paraguai-iniciam-eleicao-de-novo-superior\/#primaryimage","url":"https:\/\/www.padreeustaquio.com.br\/wp-content\/uploads\/2021\/01\/WhatsApp-Image-2021-01-19-at-08.18.29.jpeg","contentUrl":"https:\/\/www.padreeustaquio.com.br\/wp-content\/uploads\/2021\/01\/WhatsApp-Image-2021-01-19-at-08.18.29.jpeg","width":1280,"height":718},{"@type":"BreadcrumbList","@id":"https:\/\/www.padreeustaquio.com.br\/provincia-do-brasil-e-regiao-do-paraguai-iniciam-eleicao-de-novo-superior\/#breadcrumb","itemListElement":[{"@type":"ListItem","position":1,"name":"In\u00edcio","item":"https:\/\/www.padreeustaquio.com.br\/"},{"@type":"ListItem","position":2,"name":"Prov\u00edncia do Brasil e Regi\u00e3o do Paraguai iniciam elei\u00e7\u00e3o de novo superior"}]},{"@type":"WebSite","@id":"https:\/\/www.padreeustaquio.com.br\/#website","url":"https:\/\/www.padreeustaquio.com.br\/","name":"Padre Eustace","description":"Salud y Paz","publisher":{"@id":"https:\/\/www.padreeustaquio.com.br\/#organization"},"potentialAction":[{"@type":"SearchAction","target":{"@type":"EntryPoint","urlTemplate":"https:\/\/www.padreeustaquio.com.br\/?s={search_term_string}"},"query-input":{"@type":"PropertyValueSpecification","valueRequired":true,"valueName":"search_term_string"}}],"inLanguage":"es"},{"@type":"Organization","@id":"https:\/\/www.padreeustaquio.com.br\/#organization","name":"Padre Eustace","url":"https:\/\/www.padreeustaquio.com.br\/","logo":{"@type":"ImageObject","inLanguage":"es","@id":"https:\/\/www.padreeustaquio.com.br\/#\/schema\/logo\/image\/","url":"https:\/\/www.padreeustaquio.com.br\/wp-content\/uploads\/2019\/08\/marca.png","contentUrl":"https:\/\/www.padreeustaquio.com.br\/wp-content\/uploads\/2019\/08\/marca.png","width":350,"height":400,"caption":"Padre Eust\u00e1quio"},"image":{"@id":"https:\/\/www.padreeustaquio.com.br\/#\/schema\/logo\/image\/"},"sameAs":["https:\/\/www.facebook.com\/beatopadreeustaquio\/","https:\/\/x.com\/beatopeustaquio","https:\/\/www.instagram.com\/beatopadreeustaquio\/","https:\/\/www.youtube.com\/channel\/UCRhw7vfabnajwLxb1ZXMeIw"]},{"@type":"Person","@id":"https:\/\/www.padreeustaquio.com.br\/#\/schema\/person\/a2a51db1d00f1a7af0204a0f1ddb1566","name":"@sscc","image":{"@type":"ImageObject","inLanguage":"es","@id":"https:\/\/secure.gravatar.com\/avatar\/68cfafa5f44617fea54071e215026e0ff06be366c3d54a8425f04fdcb86f8c5f?s=96&d=mm&r=g","url":"https:\/\/secure.gravatar.com\/avatar\/68cfafa5f44617fea54071e215026e0ff06be366c3d54a8425f04fdcb86f8c5f?s=96&d=mm&r=g","contentUrl":"https:\/\/secure.gravatar.com\/avatar\/68cfafa5f44617fea54071e215026e0ff06be366c3d54a8425f04fdcb86f8c5f?s=96&d=mm&r=g","caption":"@sscc"},"url":"https:\/\/www.padreeustaquio.com.br\/es\/author\/sscc\/"}]}},"_links":{"self":[{"href":"https:\/\/www.padreeustaquio.com.br\/es\/wp-json\/wp\/v2\/posts\/4879","targetHints":{"allow":["GET"]}}],"collection":[{"href":"https:\/\/www.padreeustaquio.com.br\/es\/wp-json\/wp\/v2\/posts"}],"about":[{"href":"https:\/\/www.padreeustaquio.com.br\/es\/wp-json\/wp\/v2\/types\/post"}],"author":[{"embeddable":true,"href":"https:\/\/www.padreeustaquio.com.br\/es\/wp-json\/wp\/v2\/users\/2"}],"replies":[{"embeddable":true,"href":"https:\/\/www.padreeustaquio.com.br\/es\/wp-json\/wp\/v2\/comments?post=4879"}],"version-history":[{"count":0,"href":"https:\/\/www.padreeustaquio.com.br\/es\/wp-json\/wp\/v2\/posts\/4879\/revisions"}],"wp:featuredmedia":[{"embeddable":true,"href":"https:\/\/www.padreeustaquio.com.br\/es\/wp-json\/wp\/v2\/media\/4880"}],"wp:attachment":[{"href":"https:\/\/www.padreeustaquio.com.br\/es\/wp-json\/wp\/v2\/media?parent=4879"}],"wp:term":[{"taxonomy":"category","embeddable":true,"href":"https:\/\/www.padreeustaquio.com.br\/es\/wp-json\/wp\/v2\/categories?post=4879"},{"taxonomy":"post_tag","embeddable":true,"href":"https:\/\/www.padreeustaquio.com.br\/es\/wp-json\/wp\/v2\/tags?post=4879"}],"curies":[{"name":"wp","href":"https:\/\/api.w.org\/{rel}","templated":true}]}}