{"id":4865,"date":"2021-01-16T13:22:50","date_gmt":"2021-01-16T16:22:50","guid":{"rendered":"https:\/\/www.padreeustaquio.com.br\/?p=4865"},"modified":"2021-01-19T11:05:35","modified_gmt":"2021-01-19T14:05:35","slug":"los-hermanos-de-los-sagrados-corazones-profesan-votos-perpetuos","status":"publish","type":"post","link":"https:\/\/www.padreeustaquio.com.br\/es\/los-hermanos-de-los-sagrados-corazones-profesan-votos-perpetuos\/","title":{"rendered":"Los Hermanos de los Sagrados Corazones profesan votos perpetuos."},"content":{"rendered":"<p>Los hermanos Edvaldo Carneiro, ss.cc; Francisco Gleison Oliveira, ss.cc; y Wanderson de Souza Alves, ss.cc, emitieron sus votos perpetuos en la Congregaci\u00f3n de los Sagrados Corazones este s\u00e1bado 16 de enero. La ceremonia se celebr\u00f3 en el Santuario de la Salud y la Paz de Belo Horizonte y se transmiti\u00f3 por el Canal Padre Eust\u00e1quio en YouTube.<a href=\"https:\/\/www.youtube.com\/watch?v=4L52RHXsTzY\">rese\u00f1a aqu\u00ed<\/a>La Santa Misa y todo el ritual fueron presididos por el Superior General de la Congregaci\u00f3n, Padre Alberto Toutin, ss.cc.<\/p>\n<p>La vida religiosa se caracteriza por la profesi\u00f3n de los votos de pobreza, castidad y obediencia, tras un a\u00f1o de preparaci\u00f3n llamado noviciado. El novicio profesa estos votos durante tres a\u00f1os.<\/p>\n<p>La Profesi\u00f3n Perpetua representa la adhesi\u00f3n definitiva de una persona a una Orden o Congregaci\u00f3n religiosa; en nuestro caso, la Congregaci\u00f3n de los Sagrados Corazones de Jes\u00fas y Mar\u00eda. Si bien la primera profesi\u00f3n marca la vida del religioso para siempre, la profesi\u00f3n perpetua renueva decisivamente su compromiso con Dios y la Iglesia.<\/p>\n<p><strong>LOS HERMANOS<\/strong><\/p>\n<p><strong>Hermano Edvaldo Carneiro<\/strong>, naci\u00f3 en Suzano (S\u00e3o Paulo), el 15 de<br \/>\nSeptiembre de 1987. Hijo de Ant\u00f4nio Alves Carneiro (fallecido) y<br \/>\nLaura da Silva Carneiro. Se uni\u00f3 a la Congregaci\u00f3n en 2013.<br \/>\nIngres\u00f3 al noviciado en 2016 en Chaclacayo, Per\u00fa, y profes\u00f3 sus primeros votos.<br \/>\nVotos emitidos el 29 de enero de 2017, en la Parroquia Santo Em\u00eddio de S\u00e3o Paulo. Desde<br \/>\n2020 vive en la comunidad religiosa del Santuario de la Salud y la Paz, donde<br \/>\nAct\u00faa en car\u00e1cter pastoral.<\/p>\n<p><strong>Hermano Francisco Gleison Oliveira<\/strong>, naci\u00f3 en Bela Cruz (Cear\u00e1), el d\u00eda<br \/>\n22 de mayo de 1988. Hijo de Francisco Cleiton Oliveira y Mar\u00eda de F\u00e1tima.<br \/>\nMorais. Se uni\u00f3 a la Congregaci\u00f3n en 2014. Complet\u00f3 su noviciado en 2017, en<br \/>\nChaclacayo \u2013 Per\u00fa, y profes\u00f3 sus primeros votos el 27 de enero.<br \/>\nDesde 2018 en la capilla de Casa Anchieta en Borac\u00e9ia-SP. Desde 2019 reside en<br \/>\nComunidad de Catuji, trabajando pastoralmente en la Parroquia de San Miguel<br \/>\nArc\u00e1ngel.<\/p>\n<p><strong>Hermano Wanderson de Souza Alves<\/strong>, naci\u00f3 en R\u00edo de Janeiro, el 14 de<br \/>\nAbril de 1993. Hijo de Francisco Carlos Alves y Sheila Gama de Souza.<br \/>\nAlves (en memoria). Se uni\u00f3 a la Congregaci\u00f3n en 2012. Complet\u00f3 su noviciado.<br \/>\nen 2015 en Cerrillos de Curacav\u00ed \u2013 Chile, y profes\u00f3 sus primeros votos.<br \/>\nel 17 de enero de 2016, en la Parroquia de Nuestra Se\u00f1ora del Destierro en<br \/>\nCampo Grande, RJ. Vive en la comunidad religiosa desde 2019.<br \/>\nSantuario de Salud y Paz, donde trabaja pastoralmente. Este a\u00f1o estudiar\u00e1...<br \/>\n\u00faltimo a\u00f1o de teolog\u00eda en la Facultad de la Compa\u00f1\u00eda de Jes\u00fas<\/p>\n<p>\u00a1Que estos tres j\u00f3venes perseveren siempre en este camino, siendo ayuda y apoyo a las comunidades por donde pasan, conduciendo a las personas hacia el Dios vivo y verdadero!<\/p>\n<p>Vea algunas fotos:<\/p>\n\n\t\t<style type=\"text\/css\">\n\t\t\t#gallery-1 {\n\t\t\t\tmargin: auto;\n\t\t\t}\n\t\t\t#gallery-1 .gallery-item {\n\t\t\t\tfloat: left;\n\t\t\t\tmargin-top: 10px;\n\t\t\t\ttext-align: center;\n\t\t\t\twidth: 33%;\n\t\t\t}\n\t\t\t#gallery-1 img {\n\t\t\t\tborder: 2px solid #cfcfcf;\n\t\t\t}\n\t\t\t#gallery-1 .gallery-caption {\n\t\t\t\tmargin-left: 0;\n\t\t\t}\n\t\t\t\/* see gallery_shortcode() in wp-includes\/media.php *\/\n\t\t<\/style>\n\t\t<div id='gallery-1' class='gallery galleryid-4865 gallery-columns-3 gallery-size-thumbnail'><dl class='gallery-item'>\n\t\t\t<dt class='gallery-icon landscape'>\n\t\t\t\t<a href='https:\/\/www.padreeustaquio.com.br\/es\/los-hermanos-de-los-sagrados-corazones-profesan-votos-perpetuos\/whatsapp-image-2021-01-18-at-19-34-35-1\/'><img decoding=\"async\" width=\"150\" height=\"150\" src=\"https:\/\/www.padreeustaquio.com.br\/wp-content\/uploads\/2021\/01\/WhatsApp-Image-2021-01-18-at-19.34.35-1-150x150.jpeg\" class=\"attachment-thumbnail size-thumbnail\" alt=\"\" srcset=\"https:\/\/www.padreeustaquio.com.br\/wp-content\/uploads\/2021\/01\/WhatsApp-Image-2021-01-18-at-19.34.35-1-150x150.jpeg 150w, https:\/\/www.padreeustaquio.com.br\/wp-content\/uploads\/2021\/01\/WhatsApp-Image-2021-01-18-at-19.34.35-1-180x180.jpeg 180w, https:\/\/www.padreeustaquio.com.br\/wp-content\/uploads\/2021\/01\/WhatsApp-Image-2021-01-18-at-19.34.35-1-400x400.jpeg 400w, https:\/\/www.padreeustaquio.com.br\/wp-content\/uploads\/2021\/01\/WhatsApp-Image-2021-01-18-at-19.34.35-1-600x600.jpeg 600w\" sizes=\"(max-width: 150px) 100vw, 150px\" \/><\/a>\n\t\t\t<\/dt><\/dl><dl class='gallery-item'>\n\t\t\t<dt class='gallery-icon landscape'>\n\t\t\t\t<a href='https:\/\/www.padreeustaquio.com.br\/es\/los-hermanos-de-los-sagrados-corazones-profesan-votos-perpetuos\/whatsapp-image-2021-01-18-at-19-34-34-1\/'><img decoding=\"async\" width=\"150\" height=\"150\" src=\"https:\/\/www.padreeustaquio.com.br\/wp-content\/uploads\/2021\/01\/WhatsApp-Image-2021-01-18-at-19.34.34-1-150x150.jpeg\" class=\"attachment-thumbnail size-thumbnail\" alt=\"\" srcset=\"https:\/\/www.padreeustaquio.com.br\/wp-content\/uploads\/2021\/01\/WhatsApp-Image-2021-01-18-at-19.34.34-1-150x150.jpeg 150w, https:\/\/www.padreeustaquio.com.br\/wp-content\/uploads\/2021\/01\/WhatsApp-Image-2021-01-18-at-19.34.34-1-180x180.jpeg 180w, https:\/\/www.padreeustaquio.com.br\/wp-content\/uploads\/2021\/01\/WhatsApp-Image-2021-01-18-at-19.34.34-1-400x400.jpeg 400w, https:\/\/www.padreeustaquio.com.br\/wp-content\/uploads\/2021\/01\/WhatsApp-Image-2021-01-18-at-19.34.34-1-600x600.jpeg 600w\" sizes=\"(max-width: 150px) 100vw, 150px\" \/><\/a>\n\t\t\t<\/dt><\/dl><dl class='gallery-item'>\n\t\t\t<dt class='gallery-icon landscape'>\n\t\t\t\t<a href='https:\/\/www.padreeustaquio.com.br\/es\/los-hermanos-de-los-sagrados-corazones-profesan-votos-perpetuos\/whatsapp-image-2021-01-18-at-19-34-34\/'><img decoding=\"async\" width=\"150\" height=\"150\" src=\"https:\/\/www.padreeustaquio.com.br\/wp-content\/uploads\/2021\/01\/WhatsApp-Image-2021-01-18-at-19.34.34-150x150.jpeg\" class=\"attachment-thumbnail size-thumbnail\" alt=\"\" srcset=\"https:\/\/www.padreeustaquio.com.br\/wp-content\/uploads\/2021\/01\/WhatsApp-Image-2021-01-18-at-19.34.34-150x150.jpeg 150w, https:\/\/www.padreeustaquio.com.br\/wp-content\/uploads\/2021\/01\/WhatsApp-Image-2021-01-18-at-19.34.34-180x180.jpeg 180w, https:\/\/www.padreeustaquio.com.br\/wp-content\/uploads\/2021\/01\/WhatsApp-Image-2021-01-18-at-19.34.34-400x400.jpeg 400w, https:\/\/www.padreeustaquio.com.br\/wp-content\/uploads\/2021\/01\/WhatsApp-Image-2021-01-18-at-19.34.34-600x600.jpeg 600w\" sizes=\"(max-width: 150px) 100vw, 150px\" \/><\/a>\n\t\t\t<\/dt><\/dl><br style=\"clear: both\" \/><dl class='gallery-item'>\n\t\t\t<dt class='gallery-icon landscape'>\n\t\t\t\t<a href='https:\/\/www.padreeustaquio.com.br\/es\/los-hermanos-de-los-sagrados-corazones-profesan-votos-perpetuos\/whatsapp-image-2021-01-18-at-19-34-37-1\/'><img loading=\"lazy\" decoding=\"async\" width=\"150\" height=\"150\" src=\"https:\/\/www.padreeustaquio.com.br\/wp-content\/uploads\/2021\/01\/WhatsApp-Image-2021-01-18-at-19.34.37-1-150x150.jpeg\" class=\"attachment-thumbnail size-thumbnail\" alt=\"\" srcset=\"https:\/\/www.padreeustaquio.com.br\/wp-content\/uploads\/2021\/01\/WhatsApp-Image-2021-01-18-at-19.34.37-1-150x150.jpeg 150w, https:\/\/www.padreeustaquio.com.br\/wp-content\/uploads\/2021\/01\/WhatsApp-Image-2021-01-18-at-19.34.37-1-180x180.jpeg 180w, https:\/\/www.padreeustaquio.com.br\/wp-content\/uploads\/2021\/01\/WhatsApp-Image-2021-01-18-at-19.34.37-1-400x400.jpeg 400w, https:\/\/www.padreeustaquio.com.br\/wp-content\/uploads\/2021\/01\/WhatsApp-Image-2021-01-18-at-19.34.37-1-600x600.jpeg 600w\" sizes=\"(max-width: 150px) 100vw, 150px\" \/><\/a>\n\t\t\t<\/dt><\/dl><dl class='gallery-item'>\n\t\t\t<dt class='gallery-icon landscape'>\n\t\t\t\t<a href='https:\/\/www.padreeustaquio.com.br\/es\/los-hermanos-de-los-sagrados-corazones-profesan-votos-perpetuos\/whatsapp-image-2021-01-18-at-19-34-37\/'><img loading=\"lazy\" decoding=\"async\" width=\"150\" height=\"150\" src=\"https:\/\/www.padreeustaquio.com.br\/wp-content\/uploads\/2021\/01\/WhatsApp-Image-2021-01-18-at-19.34.37-150x150.jpeg\" class=\"attachment-thumbnail size-thumbnail\" alt=\"\" srcset=\"https:\/\/www.padreeustaquio.com.br\/wp-content\/uploads\/2021\/01\/WhatsApp-Image-2021-01-18-at-19.34.37-150x150.jpeg 150w, https:\/\/www.padreeustaquio.com.br\/wp-content\/uploads\/2021\/01\/WhatsApp-Image-2021-01-18-at-19.34.37-180x180.jpeg 180w, https:\/\/www.padreeustaquio.com.br\/wp-content\/uploads\/2021\/01\/WhatsApp-Image-2021-01-18-at-19.34.37-400x400.jpeg 400w, https:\/\/www.padreeustaquio.com.br\/wp-content\/uploads\/2021\/01\/WhatsApp-Image-2021-01-18-at-19.34.37-600x600.jpeg 600w\" sizes=\"(max-width: 150px) 100vw, 150px\" \/><\/a>\n\t\t\t<\/dt><\/dl><dl class='gallery-item'>\n\t\t\t<dt class='gallery-icon landscape'>\n\t\t\t\t<a href='https:\/\/www.padreeustaquio.com.br\/es\/los-hermanos-de-los-sagrados-corazones-profesan-votos-perpetuos\/whatsapp-image-2021-01-18-at-19-34-36-1\/'><img loading=\"lazy\" decoding=\"async\" width=\"150\" height=\"150\" src=\"https:\/\/www.padreeustaquio.com.br\/wp-content\/uploads\/2021\/01\/WhatsApp-Image-2021-01-18-at-19.34.36-1-150x150.jpeg\" class=\"attachment-thumbnail size-thumbnail\" alt=\"\" srcset=\"https:\/\/www.padreeustaquio.com.br\/wp-content\/uploads\/2021\/01\/WhatsApp-Image-2021-01-18-at-19.34.36-1-150x150.jpeg 150w, https:\/\/www.padreeustaquio.com.br\/wp-content\/uploads\/2021\/01\/WhatsApp-Image-2021-01-18-at-19.34.36-1-180x180.jpeg 180w, https:\/\/www.padreeustaquio.com.br\/wp-content\/uploads\/2021\/01\/WhatsApp-Image-2021-01-18-at-19.34.36-1-400x400.jpeg 400w, https:\/\/www.padreeustaquio.com.br\/wp-content\/uploads\/2021\/01\/WhatsApp-Image-2021-01-18-at-19.34.36-1-600x600.jpeg 600w\" sizes=\"(max-width: 150px) 100vw, 150px\" \/><\/a>\n\t\t\t<\/dt><\/dl><br style=\"clear: both\" \/><dl class='gallery-item'>\n\t\t\t<dt class='gallery-icon landscape'>\n\t\t\t\t<a href='https:\/\/www.padreeustaquio.com.br\/es\/los-hermanos-de-los-sagrados-corazones-profesan-votos-perpetuos\/whatsapp-image-2021-01-18-at-19-34-36\/'><img loading=\"lazy\" decoding=\"async\" width=\"150\" height=\"150\" src=\"https:\/\/www.padreeustaquio.com.br\/wp-content\/uploads\/2021\/01\/WhatsApp-Image-2021-01-18-at-19.34.36-150x150.jpeg\" class=\"attachment-thumbnail size-thumbnail\" alt=\"\" srcset=\"https:\/\/www.padreeustaquio.com.br\/wp-content\/uploads\/2021\/01\/WhatsApp-Image-2021-01-18-at-19.34.36-150x150.jpeg 150w, https:\/\/www.padreeustaquio.com.br\/wp-content\/uploads\/2021\/01\/WhatsApp-Image-2021-01-18-at-19.34.36-180x180.jpeg 180w, https:\/\/www.padreeustaquio.com.br\/wp-content\/uploads\/2021\/01\/WhatsApp-Image-2021-01-18-at-19.34.36-400x400.jpeg 400w, https:\/\/www.padreeustaquio.com.br\/wp-content\/uploads\/2021\/01\/WhatsApp-Image-2021-01-18-at-19.34.36-600x600.jpeg 600w\" sizes=\"(max-width: 150px) 100vw, 150px\" \/><\/a>\n\t\t\t<\/dt><\/dl><dl class='gallery-item'>\n\t\t\t<dt class='gallery-icon landscape'>\n\t\t\t\t<a href='https:\/\/www.padreeustaquio.com.br\/es\/los-hermanos-de-los-sagrados-corazones-profesan-votos-perpetuos\/whatsapp-image-2021-01-18-at-19-34-35\/'><img loading=\"lazy\" decoding=\"async\" width=\"150\" height=\"150\" src=\"https:\/\/www.padreeustaquio.com.br\/wp-content\/uploads\/2021\/01\/WhatsApp-Image-2021-01-18-at-19.34.35-150x150.jpeg\" class=\"attachment-thumbnail size-thumbnail\" alt=\"\" srcset=\"https:\/\/www.padreeustaquio.com.br\/wp-content\/uploads\/2021\/01\/WhatsApp-Image-2021-01-18-at-19.34.35-150x150.jpeg 150w, https:\/\/www.padreeustaquio.com.br\/wp-content\/uploads\/2021\/01\/WhatsApp-Image-2021-01-18-at-19.34.35-180x180.jpeg 180w, https:\/\/www.padreeustaquio.com.br\/wp-content\/uploads\/2021\/01\/WhatsApp-Image-2021-01-18-at-19.34.35-400x400.jpeg 400w, https:\/\/www.padreeustaquio.com.br\/wp-content\/uploads\/2021\/01\/WhatsApp-Image-2021-01-18-at-19.34.35-600x600.jpeg 600w\" sizes=\"(max-width: 150px) 100vw, 150px\" \/><\/a>\n\t\t\t<\/dt><\/dl><dl class='gallery-item'>\n\t\t\t<dt class='gallery-icon landscape'>\n\t\t\t\t<a href='https:\/\/www.padreeustaquio.com.br\/es\/los-hermanos-de-los-sagrados-corazones-profesan-votos-perpetuos\/whatsapp-image-2021-01-18-at-19-34-33-1\/'><img loading=\"lazy\" decoding=\"async\" width=\"150\" height=\"150\" src=\"https:\/\/www.padreeustaquio.com.br\/wp-content\/uploads\/2021\/01\/WhatsApp-Image-2021-01-18-at-19.34.33-1-150x150.jpeg\" class=\"attachment-thumbnail size-thumbnail\" alt=\"\" srcset=\"https:\/\/www.padreeustaquio.com.br\/wp-content\/uploads\/2021\/01\/WhatsApp-Image-2021-01-18-at-19.34.33-1-150x150.jpeg 150w, https:\/\/www.padreeustaquio.com.br\/wp-content\/uploads\/2021\/01\/WhatsApp-Image-2021-01-18-at-19.34.33-1-180x180.jpeg 180w, https:\/\/www.padreeustaquio.com.br\/wp-content\/uploads\/2021\/01\/WhatsApp-Image-2021-01-18-at-19.34.33-1-400x400.jpeg 400w, https:\/\/www.padreeustaquio.com.br\/wp-content\/uploads\/2021\/01\/WhatsApp-Image-2021-01-18-at-19.34.33-1-600x600.jpeg 600w\" sizes=\"(max-width: 150px) 100vw, 150px\" \/><\/a>\n\t\t\t<\/dt><\/dl><br style=\"clear: both\" \/><dl class='gallery-item'>\n\t\t\t<dt class='gallery-icon landscape'>\n\t\t\t\t<a href='https:\/\/www.padreeustaquio.com.br\/es\/los-hermanos-de-los-sagrados-corazones-profesan-votos-perpetuos\/whatsapp-image-2021-01-18-at-19-34-33\/'><img loading=\"lazy\" decoding=\"async\" width=\"150\" height=\"150\" src=\"https:\/\/www.padreeustaquio.com.br\/wp-content\/uploads\/2021\/01\/WhatsApp-Image-2021-01-18-at-19.34.33-150x150.jpeg\" class=\"attachment-thumbnail size-thumbnail\" alt=\"\" srcset=\"https:\/\/www.padreeustaquio.com.br\/wp-content\/uploads\/2021\/01\/WhatsApp-Image-2021-01-18-at-19.34.33-150x150.jpeg 150w, https:\/\/www.padreeustaquio.com.br\/wp-content\/uploads\/2021\/01\/WhatsApp-Image-2021-01-18-at-19.34.33-180x180.jpeg 180w, https:\/\/www.padreeustaquio.com.br\/wp-content\/uploads\/2021\/01\/WhatsApp-Image-2021-01-18-at-19.34.33-400x400.jpeg 400w, https:\/\/www.padreeustaquio.com.br\/wp-content\/uploads\/2021\/01\/WhatsApp-Image-2021-01-18-at-19.34.33-600x600.jpeg 600w\" sizes=\"(max-width: 150px) 100vw, 150px\" \/><\/a>\n\t\t\t<\/dt><\/dl><dl class='gallery-item'>\n\t\t\t<dt class='gallery-icon landscape'>\n\t\t\t\t<a href='https:\/\/www.padreeustaquio.com.br\/es\/los-hermanos-de-los-sagrados-corazones-profesan-votos-perpetuos\/whatsapp-image-2021-01-18-at-19-34-32-1\/'><img loading=\"lazy\" decoding=\"async\" width=\"150\" height=\"150\" src=\"https:\/\/www.padreeustaquio.com.br\/wp-content\/uploads\/2021\/01\/WhatsApp-Image-2021-01-18-at-19.34.32-1-150x150.jpeg\" class=\"attachment-thumbnail size-thumbnail\" alt=\"\" srcset=\"https:\/\/www.padreeustaquio.com.br\/wp-content\/uploads\/2021\/01\/WhatsApp-Image-2021-01-18-at-19.34.32-1-150x150.jpeg 150w, https:\/\/www.padreeustaquio.com.br\/wp-content\/uploads\/2021\/01\/WhatsApp-Image-2021-01-18-at-19.34.32-1-180x180.jpeg 180w, https:\/\/www.padreeustaquio.com.br\/wp-content\/uploads\/2021\/01\/WhatsApp-Image-2021-01-18-at-19.34.32-1-400x400.jpeg 400w, https:\/\/www.padreeustaquio.com.br\/wp-content\/uploads\/2021\/01\/WhatsApp-Image-2021-01-18-at-19.34.32-1-600x600.jpeg 600w\" sizes=\"(max-width: 150px) 100vw, 150px\" \/><\/a>\n\t\t\t<\/dt><\/dl><dl class='gallery-item'>\n\t\t\t<dt class='gallery-icon landscape'>\n\t\t\t\t<a href='https:\/\/www.padreeustaquio.com.br\/es\/los-hermanos-de-los-sagrados-corazones-profesan-votos-perpetuos\/whatsapp-image-2021-01-18-at-19-34-32\/'><img loading=\"lazy\" decoding=\"async\" width=\"150\" height=\"150\" src=\"https:\/\/www.padreeustaquio.com.br\/wp-content\/uploads\/2021\/01\/WhatsApp-Image-2021-01-18-at-19.34.32-150x150.jpeg\" class=\"attachment-thumbnail size-thumbnail\" alt=\"\" srcset=\"https:\/\/www.padreeustaquio.com.br\/wp-content\/uploads\/2021\/01\/WhatsApp-Image-2021-01-18-at-19.34.32-150x150.jpeg 150w, https:\/\/www.padreeustaquio.com.br\/wp-content\/uploads\/2021\/01\/WhatsApp-Image-2021-01-18-at-19.34.32-180x180.jpeg 180w, https:\/\/www.padreeustaquio.com.br\/wp-content\/uploads\/2021\/01\/WhatsApp-Image-2021-01-18-at-19.34.32-400x400.jpeg 400w, https:\/\/www.padreeustaquio.com.br\/wp-content\/uploads\/2021\/01\/WhatsApp-Image-2021-01-18-at-19.34.32-600x600.jpeg 600w\" sizes=\"(max-width: 150px) 100vw, 150px\" \/><\/a>\n\t\t\t<\/dt><\/dl><br style=\"clear: both\" \/>\n\t\t<\/div>","protected":false},"excerpt":{"rendered":"<p>Os irm\u00e3os: Edvaldo Carneiro, ss.cc; Francisco Gleison Oliveira, ss.cc. e Wanderson de Souza Alves, ss.cc. professaram nesse s\u00e1bado, dia 16 de janeiro, os seus votos perp\u00e9tuos na Congrega\u00e7\u00e3o dos Sagrados Cora\u00e7\u00f5es. A cerim\u00f4nia foi realizada no Santu\u00e1rio da Sa\u00fade e Paz, em Belo Horizonte e transmitida pelo Canal Padre Eust\u00e1quio, no YouTube (reveja aqui). A Santa Missa e todo o ritual foram presididos pelo Superior Geral da Congrega\u00e7\u00e3o, Padre Alberto Toutin, ss.cc. A vida religiosa \u00e9 marcada pela profiss\u00e3o dos votos de pobreza, castidade e obedi\u00eancia, realizados depois de um ano de prepara\u00e7\u00e3o, chamado noviciado. O novi\u00e7o professa os votos [&hellip;]<\/p>\n","protected":false},"author":2,"featured_media":4895,"comment_status":"open","ping_status":"open","sticky":false,"template":"","format":"standard","meta":{"_acf_changed":false,"footnotes":""},"categories":[611],"tags":[],"class_list":["post-4865","post","type-post","status-publish","format-standard","has-post-thumbnail","hentry","category-noticias"],"acf":[],"yoast_head":"<!-- This site is optimized with the Yoast SEO plugin v27.2 - https:\/\/yoast.com\/product\/yoast-seo-wordpress\/ -->\n<title>Irm\u00e3os dos Sagrados Cora\u00e7\u00f5es professam votos perp\u00e9tuos - Padre Eust\u00e1quio<\/title>\n<meta name=\"robots\" content=\"index, follow, max-snippet:-1, max-image-preview:large, max-video-preview:-1\" \/>\n<link rel=\"canonical\" href=\"https:\/\/www.padreeustaquio.com.br\/es\/los-hermanos-de-los-sagrados-corazones-profesan-votos-perpetuos\/\" \/>\n<meta property=\"og:locale\" content=\"es_ES\" \/>\n<meta property=\"og:type\" content=\"article\" \/>\n<meta property=\"og:title\" content=\"Irm\u00e3os dos Sagrados Cora\u00e7\u00f5es professam votos perp\u00e9tuos - Padre Eust\u00e1quio\" \/>\n<meta property=\"og:description\" content=\"Os irm\u00e3os: Edvaldo Carneiro, ss.cc; Francisco Gleison Oliveira, ss.cc. e Wanderson de Souza Alves, ss.cc. professaram nesse s\u00e1bado, dia 16 de janeiro, os seus votos perp\u00e9tuos na Congrega\u00e7\u00e3o dos Sagrados Cora\u00e7\u00f5es. A cerim\u00f4nia foi realizada no Santu\u00e1rio da Sa\u00fade e Paz, em Belo Horizonte e transmitida pelo Canal Padre Eust\u00e1quio, no YouTube (reveja aqui). A Santa Missa e todo o ritual foram presididos pelo Superior Geral da Congrega\u00e7\u00e3o, Padre Alberto Toutin, ss.cc. A vida religiosa \u00e9 marcada pela profiss\u00e3o dos votos de pobreza, castidade e obedi\u00eancia, realizados depois de um ano de prepara\u00e7\u00e3o, chamado noviciado. O novi\u00e7o professa os votos [&hellip;]\" \/>\n<meta property=\"og:url\" content=\"https:\/\/www.padreeustaquio.com.br\/es\/los-hermanos-de-los-sagrados-corazones-profesan-votos-perpetuos\/\" \/>\n<meta property=\"og:site_name\" content=\"Padre Eust\u00e1quio\" \/>\n<meta property=\"article:publisher\" content=\"https:\/\/www.facebook.com\/beatopadreeustaquio\/\" \/>\n<meta property=\"article:published_time\" content=\"2021-01-16T16:22:50+00:00\" \/>\n<meta property=\"article:modified_time\" content=\"2021-01-19T14:05:35+00:00\" \/>\n<meta property=\"og:image\" content=\"https:\/\/www.padreeustaquio.com.br\/wp-content\/uploads\/2021\/01\/WhatsApp-Image-2021-01-18-at-19.34.32.jpeg\" \/>\n\t<meta property=\"og:image:width\" content=\"1280\" \/>\n\t<meta property=\"og:image:height\" content=\"848\" \/>\n\t<meta property=\"og:image:type\" content=\"image\/jpeg\" \/>\n<meta name=\"author\" content=\"@sscc\" \/>\n<meta name=\"twitter:card\" content=\"summary_large_image\" \/>\n<meta name=\"twitter:creator\" content=\"@beatopeustaquio\" \/>\n<meta name=\"twitter:site\" content=\"@beatopeustaquio\" \/>\n<meta name=\"twitter:label1\" content=\"Escrito por\" \/>\n\t<meta name=\"twitter:data1\" content=\"@sscc\" \/>\n\t<meta name=\"twitter:label2\" content=\"Tiempo de lectura\" \/>\n\t<meta name=\"twitter:data2\" content=\"2 minutos\" \/>\n<script type=\"application\/ld+json\" class=\"yoast-schema-graph\">{\"@context\":\"https:\/\/schema.org\",\"@graph\":[{\"@type\":\"Article\",\"@id\":\"https:\/\/www.padreeustaquio.com.br\/irmaos-dos-sagrados-coracoes-professam-votos-perpetuos\/#article\",\"isPartOf\":{\"@id\":\"https:\/\/www.padreeustaquio.com.br\/irmaos-dos-sagrados-coracoes-professam-votos-perpetuos\/\"},\"author\":{\"name\":\"@sscc\",\"@id\":\"https:\/\/www.padreeustaquio.com.br\/#\/schema\/person\/a2a51db1d00f1a7af0204a0f1ddb1566\"},\"headline\":\"Irm\u00e3os dos Sagrados Cora\u00e7\u00f5es professam votos perp\u00e9tuos\",\"datePublished\":\"2021-01-16T16:22:50+00:00\",\"dateModified\":\"2021-01-19T14:05:35+00:00\",\"mainEntityOfPage\":{\"@id\":\"https:\/\/www.padreeustaquio.com.br\/irmaos-dos-sagrados-coracoes-professam-votos-perpetuos\/\"},\"wordCount\":459,\"commentCount\":0,\"publisher\":{\"@id\":\"https:\/\/www.padreeustaquio.com.br\/#organization\"},\"image\":{\"@id\":\"https:\/\/www.padreeustaquio.com.br\/irmaos-dos-sagrados-coracoes-professam-votos-perpetuos\/#primaryimage\"},\"thumbnailUrl\":\"https:\/\/www.padreeustaquio.com.br\/wp-content\/uploads\/2021\/01\/WhatsApp-Image-2021-01-18-at-19.34.32.jpeg\",\"articleSection\":[\"Not\u00edcias\"],\"inLanguage\":\"es\",\"potentialAction\":[{\"@type\":\"CommentAction\",\"name\":\"Comment\",\"target\":[\"https:\/\/www.padreeustaquio.com.br\/irmaos-dos-sagrados-coracoes-professam-votos-perpetuos\/#respond\"]}]},{\"@type\":\"WebPage\",\"@id\":\"https:\/\/www.padreeustaquio.com.br\/irmaos-dos-sagrados-coracoes-professam-votos-perpetuos\/\",\"url\":\"https:\/\/www.padreeustaquio.com.br\/irmaos-dos-sagrados-coracoes-professam-votos-perpetuos\/\",\"name\":\"Irm\u00e3os dos Sagrados Cora\u00e7\u00f5es professam votos perp\u00e9tuos - Padre Eust\u00e1quio\",\"isPartOf\":{\"@id\":\"https:\/\/www.padreeustaquio.com.br\/#website\"},\"primaryImageOfPage\":{\"@id\":\"https:\/\/www.padreeustaquio.com.br\/irmaos-dos-sagrados-coracoes-professam-votos-perpetuos\/#primaryimage\"},\"image\":{\"@id\":\"https:\/\/www.padreeustaquio.com.br\/irmaos-dos-sagrados-coracoes-professam-votos-perpetuos\/#primaryimage\"},\"thumbnailUrl\":\"https:\/\/www.padreeustaquio.com.br\/wp-content\/uploads\/2021\/01\/WhatsApp-Image-2021-01-18-at-19.34.32.jpeg\",\"datePublished\":\"2021-01-16T16:22:50+00:00\",\"dateModified\":\"2021-01-19T14:05:35+00:00\",\"breadcrumb\":{\"@id\":\"https:\/\/www.padreeustaquio.com.br\/irmaos-dos-sagrados-coracoes-professam-votos-perpetuos\/#breadcrumb\"},\"inLanguage\":\"es\",\"potentialAction\":[{\"@type\":\"ReadAction\",\"target\":[\"https:\/\/www.padreeustaquio.com.br\/irmaos-dos-sagrados-coracoes-professam-votos-perpetuos\/\"]}]},{\"@type\":\"ImageObject\",\"inLanguage\":\"es\",\"@id\":\"https:\/\/www.padreeustaquio.com.br\/irmaos-dos-sagrados-coracoes-professam-votos-perpetuos\/#primaryimage\",\"url\":\"https:\/\/www.padreeustaquio.com.br\/wp-content\/uploads\/2021\/01\/WhatsApp-Image-2021-01-18-at-19.34.32.jpeg\",\"contentUrl\":\"https:\/\/www.padreeustaquio.com.br\/wp-content\/uploads\/2021\/01\/WhatsApp-Image-2021-01-18-at-19.34.32.jpeg\",\"width\":1280,\"height\":848},{\"@type\":\"BreadcrumbList\",\"@id\":\"https:\/\/www.padreeustaquio.com.br\/irmaos-dos-sagrados-coracoes-professam-votos-perpetuos\/#breadcrumb\",\"itemListElement\":[{\"@type\":\"ListItem\",\"position\":1,\"name\":\"In\u00edcio\",\"item\":\"https:\/\/www.padreeustaquio.com.br\/\"},{\"@type\":\"ListItem\",\"position\":2,\"name\":\"Irm\u00e3os dos Sagrados Cora\u00e7\u00f5es professam votos perp\u00e9tuos\"}]},{\"@type\":\"WebSite\",\"@id\":\"https:\/\/www.padreeustaquio.com.br\/#website\",\"url\":\"https:\/\/www.padreeustaquio.com.br\/\",\"name\":\"Padre Eust\u00e1quio\",\"description\":\"Sa\u00fade e Paz\",\"publisher\":{\"@id\":\"https:\/\/www.padreeustaquio.com.br\/#organization\"},\"potentialAction\":[{\"@type\":\"SearchAction\",\"target\":{\"@type\":\"EntryPoint\",\"urlTemplate\":\"https:\/\/www.padreeustaquio.com.br\/?s={search_term_string}\"},\"query-input\":{\"@type\":\"PropertyValueSpecification\",\"valueRequired\":true,\"valueName\":\"search_term_string\"}}],\"inLanguage\":\"es\"},{\"@type\":\"Organization\",\"@id\":\"https:\/\/www.padreeustaquio.com.br\/#organization\",\"name\":\"Padre Eust\u00e1quio\",\"url\":\"https:\/\/www.padreeustaquio.com.br\/\",\"logo\":{\"@type\":\"ImageObject\",\"inLanguage\":\"es\",\"@id\":\"https:\/\/www.padreeustaquio.com.br\/#\/schema\/logo\/image\/\",\"url\":\"https:\/\/www.padreeustaquio.com.br\/wp-content\/uploads\/2019\/08\/marca.png\",\"contentUrl\":\"https:\/\/www.padreeustaquio.com.br\/wp-content\/uploads\/2019\/08\/marca.png\",\"width\":350,\"height\":400,\"caption\":\"Padre Eust\u00e1quio\"},\"image\":{\"@id\":\"https:\/\/www.padreeustaquio.com.br\/#\/schema\/logo\/image\/\"},\"sameAs\":[\"https:\/\/www.facebook.com\/beatopadreeustaquio\/\",\"https:\/\/x.com\/beatopeustaquio\",\"https:\/\/www.instagram.com\/beatopadreeustaquio\/\",\"https:\/\/www.youtube.com\/channel\/UCRhw7vfabnajwLxb1ZXMeIw\"]},{\"@type\":\"Person\",\"@id\":\"https:\/\/www.padreeustaquio.com.br\/#\/schema\/person\/a2a51db1d00f1a7af0204a0f1ddb1566\",\"name\":\"@sscc\",\"image\":{\"@type\":\"ImageObject\",\"inLanguage\":\"es\",\"@id\":\"https:\/\/secure.gravatar.com\/avatar\/68cfafa5f44617fea54071e215026e0ff06be366c3d54a8425f04fdcb86f8c5f?s=96&d=mm&r=g\",\"url\":\"https:\/\/secure.gravatar.com\/avatar\/68cfafa5f44617fea54071e215026e0ff06be366c3d54a8425f04fdcb86f8c5f?s=96&d=mm&r=g\",\"contentUrl\":\"https:\/\/secure.gravatar.com\/avatar\/68cfafa5f44617fea54071e215026e0ff06be366c3d54a8425f04fdcb86f8c5f?s=96&d=mm&r=g\",\"caption\":\"@sscc\"},\"url\":\"https:\/\/www.padreeustaquio.com.br\/es\/author\/sscc\/\"}]}<\/script>\n<!-- \/ Yoast SEO plugin. -->","yoast_head_json":{"title":"Hermanos de los Sagrados Corazones profesan votos perpetuos - Padre Eust\u00e1quio","robots":{"index":"index","follow":"follow","max-snippet":"max-snippet:-1","max-image-preview":"max-image-preview:large","max-video-preview":"max-video-preview:-1"},"canonical":"https:\/\/www.padreeustaquio.com.br\/es\/los-hermanos-de-los-sagrados-corazones-profesan-votos-perpetuos\/","og_locale":"es_ES","og_type":"article","og_title":"Irm\u00e3os dos Sagrados Cora\u00e7\u00f5es professam votos perp\u00e9tuos - Padre Eust\u00e1quio","og_description":"Os irm\u00e3os: Edvaldo Carneiro, ss.cc; Francisco Gleison Oliveira, ss.cc. e Wanderson de Souza Alves, ss.cc. professaram nesse s\u00e1bado, dia 16 de janeiro, os seus votos perp\u00e9tuos na Congrega\u00e7\u00e3o dos Sagrados Cora\u00e7\u00f5es. A cerim\u00f4nia foi realizada no Santu\u00e1rio da Sa\u00fade e Paz, em Belo Horizonte e transmitida pelo Canal Padre Eust\u00e1quio, no YouTube (reveja aqui). A Santa Missa e todo o ritual foram presididos pelo Superior Geral da Congrega\u00e7\u00e3o, Padre Alberto Toutin, ss.cc. A vida religiosa \u00e9 marcada pela profiss\u00e3o dos votos de pobreza, castidade e obedi\u00eancia, realizados depois de um ano de prepara\u00e7\u00e3o, chamado noviciado. O novi\u00e7o professa os votos [&hellip;]","og_url":"https:\/\/www.padreeustaquio.com.br\/es\/los-hermanos-de-los-sagrados-corazones-profesan-votos-perpetuos\/","og_site_name":"Padre Eust\u00e1quio","article_publisher":"https:\/\/www.facebook.com\/beatopadreeustaquio\/","article_published_time":"2021-01-16T16:22:50+00:00","article_modified_time":"2021-01-19T14:05:35+00:00","og_image":[{"width":1280,"height":848,"url":"https:\/\/www.padreeustaquio.com.br\/wp-content\/uploads\/2021\/01\/WhatsApp-Image-2021-01-18-at-19.34.32.jpeg","type":"image\/jpeg"}],"author":"@sscc","twitter_card":"summary_large_image","twitter_creator":"@beatopeustaquio","twitter_site":"@beatopeustaquio","twitter_misc":{"Escrito por":"@sscc","Tiempo de lectura":"2 minutos"},"schema":{"@context":"https:\/\/schema.org","@graph":[{"@type":"Article","@id":"https:\/\/www.padreeustaquio.com.br\/irmaos-dos-sagrados-coracoes-professam-votos-perpetuos\/#article","isPartOf":{"@id":"https:\/\/www.padreeustaquio.com.br\/irmaos-dos-sagrados-coracoes-professam-votos-perpetuos\/"},"author":{"name":"@sscc","@id":"https:\/\/www.padreeustaquio.com.br\/#\/schema\/person\/a2a51db1d00f1a7af0204a0f1ddb1566"},"headline":"Irm\u00e3os dos Sagrados Cora\u00e7\u00f5es professam votos perp\u00e9tuos","datePublished":"2021-01-16T16:22:50+00:00","dateModified":"2021-01-19T14:05:35+00:00","mainEntityOfPage":{"@id":"https:\/\/www.padreeustaquio.com.br\/irmaos-dos-sagrados-coracoes-professam-votos-perpetuos\/"},"wordCount":459,"commentCount":0,"publisher":{"@id":"https:\/\/www.padreeustaquio.com.br\/#organization"},"image":{"@id":"https:\/\/www.padreeustaquio.com.br\/irmaos-dos-sagrados-coracoes-professam-votos-perpetuos\/#primaryimage"},"thumbnailUrl":"https:\/\/www.padreeustaquio.com.br\/wp-content\/uploads\/2021\/01\/WhatsApp-Image-2021-01-18-at-19.34.32.jpeg","articleSection":["Not\u00edcias"],"inLanguage":"es","potentialAction":[{"@type":"CommentAction","name":"Comment","target":["https:\/\/www.padreeustaquio.com.br\/irmaos-dos-sagrados-coracoes-professam-votos-perpetuos\/#respond"]}]},{"@type":"WebPage","@id":"https:\/\/www.padreeustaquio.com.br\/irmaos-dos-sagrados-coracoes-professam-votos-perpetuos\/","url":"https:\/\/www.padreeustaquio.com.br\/irmaos-dos-sagrados-coracoes-professam-votos-perpetuos\/","name":"Hermanos de los Sagrados Corazones profesan votos perpetuos - Padre Eust\u00e1quio","isPartOf":{"@id":"https:\/\/www.padreeustaquio.com.br\/#website"},"primaryImageOfPage":{"@id":"https:\/\/www.padreeustaquio.com.br\/irmaos-dos-sagrados-coracoes-professam-votos-perpetuos\/#primaryimage"},"image":{"@id":"https:\/\/www.padreeustaquio.com.br\/irmaos-dos-sagrados-coracoes-professam-votos-perpetuos\/#primaryimage"},"thumbnailUrl":"https:\/\/www.padreeustaquio.com.br\/wp-content\/uploads\/2021\/01\/WhatsApp-Image-2021-01-18-at-19.34.32.jpeg","datePublished":"2021-01-16T16:22:50+00:00","dateModified":"2021-01-19T14:05:35+00:00","breadcrumb":{"@id":"https:\/\/www.padreeustaquio.com.br\/irmaos-dos-sagrados-coracoes-professam-votos-perpetuos\/#breadcrumb"},"inLanguage":"es","potentialAction":[{"@type":"ReadAction","target":["https:\/\/www.padreeustaquio.com.br\/irmaos-dos-sagrados-coracoes-professam-votos-perpetuos\/"]}]},{"@type":"ImageObject","inLanguage":"es","@id":"https:\/\/www.padreeustaquio.com.br\/irmaos-dos-sagrados-coracoes-professam-votos-perpetuos\/#primaryimage","url":"https:\/\/www.padreeustaquio.com.br\/wp-content\/uploads\/2021\/01\/WhatsApp-Image-2021-01-18-at-19.34.32.jpeg","contentUrl":"https:\/\/www.padreeustaquio.com.br\/wp-content\/uploads\/2021\/01\/WhatsApp-Image-2021-01-18-at-19.34.32.jpeg","width":1280,"height":848},{"@type":"BreadcrumbList","@id":"https:\/\/www.padreeustaquio.com.br\/irmaos-dos-sagrados-coracoes-professam-votos-perpetuos\/#breadcrumb","itemListElement":[{"@type":"ListItem","position":1,"name":"In\u00edcio","item":"https:\/\/www.padreeustaquio.com.br\/"},{"@type":"ListItem","position":2,"name":"Irm\u00e3os dos Sagrados Cora\u00e7\u00f5es professam votos perp\u00e9tuos"}]},{"@type":"WebSite","@id":"https:\/\/www.padreeustaquio.com.br\/#website","url":"https:\/\/www.padreeustaquio.com.br\/","name":"Padre Eustace","description":"Salud y Paz","publisher":{"@id":"https:\/\/www.padreeustaquio.com.br\/#organization"},"potentialAction":[{"@type":"SearchAction","target":{"@type":"EntryPoint","urlTemplate":"https:\/\/www.padreeustaquio.com.br\/?s={search_term_string}"},"query-input":{"@type":"PropertyValueSpecification","valueRequired":true,"valueName":"search_term_string"}}],"inLanguage":"es"},{"@type":"Organization","@id":"https:\/\/www.padreeustaquio.com.br\/#organization","name":"Padre Eustace","url":"https:\/\/www.padreeustaquio.com.br\/","logo":{"@type":"ImageObject","inLanguage":"es","@id":"https:\/\/www.padreeustaquio.com.br\/#\/schema\/logo\/image\/","url":"https:\/\/www.padreeustaquio.com.br\/wp-content\/uploads\/2019\/08\/marca.png","contentUrl":"https:\/\/www.padreeustaquio.com.br\/wp-content\/uploads\/2019\/08\/marca.png","width":350,"height":400,"caption":"Padre Eust\u00e1quio"},"image":{"@id":"https:\/\/www.padreeustaquio.com.br\/#\/schema\/logo\/image\/"},"sameAs":["https:\/\/www.facebook.com\/beatopadreeustaquio\/","https:\/\/x.com\/beatopeustaquio","https:\/\/www.instagram.com\/beatopadreeustaquio\/","https:\/\/www.youtube.com\/channel\/UCRhw7vfabnajwLxb1ZXMeIw"]},{"@type":"Person","@id":"https:\/\/www.padreeustaquio.com.br\/#\/schema\/person\/a2a51db1d00f1a7af0204a0f1ddb1566","name":"@sscc","image":{"@type":"ImageObject","inLanguage":"es","@id":"https:\/\/secure.gravatar.com\/avatar\/68cfafa5f44617fea54071e215026e0ff06be366c3d54a8425f04fdcb86f8c5f?s=96&d=mm&r=g","url":"https:\/\/secure.gravatar.com\/avatar\/68cfafa5f44617fea54071e215026e0ff06be366c3d54a8425f04fdcb86f8c5f?s=96&d=mm&r=g","contentUrl":"https:\/\/secure.gravatar.com\/avatar\/68cfafa5f44617fea54071e215026e0ff06be366c3d54a8425f04fdcb86f8c5f?s=96&d=mm&r=g","caption":"@sscc"},"url":"https:\/\/www.padreeustaquio.com.br\/es\/author\/sscc\/"}]}},"_links":{"self":[{"href":"https:\/\/www.padreeustaquio.com.br\/es\/wp-json\/wp\/v2\/posts\/4865","targetHints":{"allow":["GET"]}}],"collection":[{"href":"https:\/\/www.padreeustaquio.com.br\/es\/wp-json\/wp\/v2\/posts"}],"about":[{"href":"https:\/\/www.padreeustaquio.com.br\/es\/wp-json\/wp\/v2\/types\/post"}],"author":[{"embeddable":true,"href":"https:\/\/www.padreeustaquio.com.br\/es\/wp-json\/wp\/v2\/users\/2"}],"replies":[{"embeddable":true,"href":"https:\/\/www.padreeustaquio.com.br\/es\/wp-json\/wp\/v2\/comments?post=4865"}],"version-history":[{"count":0,"href":"https:\/\/www.padreeustaquio.com.br\/es\/wp-json\/wp\/v2\/posts\/4865\/revisions"}],"wp:featuredmedia":[{"embeddable":true,"href":"https:\/\/www.padreeustaquio.com.br\/es\/wp-json\/wp\/v2\/media\/4895"}],"wp:attachment":[{"href":"https:\/\/www.padreeustaquio.com.br\/es\/wp-json\/wp\/v2\/media?parent=4865"}],"wp:term":[{"taxonomy":"category","embeddable":true,"href":"https:\/\/www.padreeustaquio.com.br\/es\/wp-json\/wp\/v2\/categories?post=4865"},{"taxonomy":"post_tag","embeddable":true,"href":"https:\/\/www.padreeustaquio.com.br\/es\/wp-json\/wp\/v2\/tags?post=4865"}],"curies":[{"name":"wp","href":"https:\/\/api.w.org\/{rel}","templated":true}]}}