{"id":4823,"date":"2020-12-18T08:00:37","date_gmt":"2020-12-18T11:00:37","guid":{"rendered":"https:\/\/www.padreeustaquio.com.br\/?p=4823"},"modified":"2020-12-18T10:31:21","modified_gmt":"2020-12-18T13:31:21","slug":"consulta-los-horarios-de-misas-de-navidad-y-ano-nuevo-planifica-con-anticipacion-y-reza-con-nosotros","status":"publish","type":"post","link":"https:\/\/www.padreeustaquio.com.br\/es\/consulta-los-horarios-de-misas-de-navidad-y-ano-nuevo-planifica-con-anticipacion-y-reza-con-nosotros\/","title":{"rendered":"Consulte los horarios de misas de Navidad y A\u00f1o Nuevo, planifique con anticipaci\u00f3n y ore con nosotros."},"content":{"rendered":"<p>Este a\u00f1o, debido a la pandemia, la celebraci\u00f3n de la Navidad ser\u00e1 diferente, pero es necesario realizarla con la misma fe y devoci\u00f3n para que el ni\u00f1o Jes\u00fas realmente renazca en nuestros corazones.<\/p>\n<p>En Belo Horizonte, el Santuario de la Salud y la Paz ya program\u00f3 las misas que se celebrar\u00e1n por Navidad y A\u00f1o Nuevo:<\/p>\n<p><strong>Navidad<\/strong><br \/>\n<em>\u2013 24 de diciembre, jueves, Nochebuena a las 19 horas<\/em><br \/>\n<em>\u2013 Viernes 25 de diciembre, Misas de Navidad a las 10:00 y 18:00 horas.<\/em><\/p>\n<p>Los fines de semana, las celebraciones se mantienen igual: s\u00e1bado a las 18:00 h y domingo a las 7:30 h, 10:00 h y 18:00 h. El martes 29 habr\u00e1 misa como de costumbre a las 19:00 h y el mi\u00e9rcoles (D\u00eda del Padre Eustaquio) en dos horarios: 15:00 h y 19:00 h. Todo ello con transmisi\u00f3n en directo en [nombre del sitio web\/plataforma]. <a href=\"https:\/\/www.youtube.com\/channel\/UCRhw7vfabnajwLxb1ZXMeIw\">Canal Padre Eust\u00e1quio<\/a><\/p>\n<p><strong>A\u00f1o Nuevo<\/strong><br \/>\n<em>\u2013 31 de diciembre, jueves, servicio de v\u00edspera de A\u00f1o Nuevo a las 7 p.m.<\/em><br \/>\n<em>\u2013 1 de enero, viernes, Misas de A\u00f1o Nuevo a las 10:00 y 18:00 horas.<\/em><\/p>\n<p>Las entradas para las misas de Navidad se empezar\u00e1n a distribuir a partir del lunes 21, y las de A\u00f1o Nuevo, el lunes 28. Pueden obtenerse aqu\u00ed en nuestro sitio web (haciendo clic en el banner de la p\u00e1gina principal) o en persona en la Oficina Parroquial.<\/p>\n<p>Planifique con anticipaci\u00f3n, ya que seguimos teniendo restricciones en el n\u00famero de personas que participan en las celebraciones presenciales. Las personas mayores o en grupos de riesgo pueden seguirlas en l\u00ednea. <a href=\"https:\/\/www.youtube.com\/channel\/UCRhw7vfabnajwLxb1ZXMeIw\">Canal Padre Eust\u00e1quio<\/a>, en YouTube o Facebook <a href=\"https:\/\/pt-br.facebook.com\/beatopadreeustaquio\">@beatopadreeustaquio<\/a>.<\/p>","protected":false},"excerpt":{"rendered":"<p>Este ano, por causa da pandemia, a celebra\u00e7\u00e3o do Natal ser\u00e1 diferente, mas, \u00e9 preciso faz\u00ea-la com a mesma f\u00e9 e devo\u00e7\u00e3o para que o menino Deus renas\u00e7a, verdadeiramente, nos nossos cora\u00e7\u00f5es. Em Belo Horizonte, o Santu\u00e1rio da Sa\u00fade e Paz, j\u00e1 programou as missas que ser\u00e3o celebradas pela ocasi\u00e3o do Natal e do Ano Novo: Natal &#8211; Dia 24 de dezembro, quinta-feira, Vig\u00edlia de Natal \u00e0s 19h &#8211; Dia 25 de dezembro, sexta-feira, Missas de Natal, \u00e0s 10h e \u00e0s 18h. No final de semana, as celebra\u00e7\u00f5es continuam as mesmas: S\u00e1bado, \u00e0s 18h e no Domingo \u00e0s 7h30, 10h [&hellip;]<\/p>\n","protected":false},"author":2,"featured_media":4824,"comment_status":"open","ping_status":"open","sticky":false,"template":"","format":"standard","meta":{"_acf_changed":false,"footnotes":""},"categories":[611],"tags":[],"class_list":["post-4823","post","type-post","status-publish","format-standard","has-post-thumbnail","hentry","category-noticias"],"acf":[],"yoast_head":"<!-- This site is optimized with the Yoast SEO plugin v27.2 - https:\/\/yoast.com\/product\/yoast-seo-wordpress\/ -->\n<title>Confira os hor\u00e1rios das Missas de Natal e Ano Novo, programe-se e reze conosco - Padre Eust\u00e1quio<\/title>\n<meta name=\"robots\" content=\"index, follow, max-snippet:-1, max-image-preview:large, max-video-preview:-1\" \/>\n<link rel=\"canonical\" href=\"https:\/\/www.padreeustaquio.com.br\/es\/consulta-los-horarios-de-misas-de-navidad-y-ano-nuevo-planifica-con-anticipacion-y-reza-con-nosotros\/\" \/>\n<meta property=\"og:locale\" content=\"es_ES\" \/>\n<meta property=\"og:type\" content=\"article\" \/>\n<meta property=\"og:title\" content=\"Confira os hor\u00e1rios das Missas de Natal e Ano Novo, programe-se e reze conosco - Padre Eust\u00e1quio\" \/>\n<meta property=\"og:description\" content=\"Este ano, por causa da pandemia, a celebra\u00e7\u00e3o do Natal ser\u00e1 diferente, mas, \u00e9 preciso faz\u00ea-la com a mesma f\u00e9 e devo\u00e7\u00e3o para que o menino Deus renas\u00e7a, verdadeiramente, nos nossos cora\u00e7\u00f5es. Em Belo Horizonte, o Santu\u00e1rio da Sa\u00fade e Paz, j\u00e1 programou as missas que ser\u00e3o celebradas pela ocasi\u00e3o do Natal e do Ano Novo: Natal &#8211; Dia 24 de dezembro, quinta-feira, Vig\u00edlia de Natal \u00e0s 19h &#8211; Dia 25 de dezembro, sexta-feira, Missas de Natal, \u00e0s 10h e \u00e0s 18h. No final de semana, as celebra\u00e7\u00f5es continuam as mesmas: S\u00e1bado, \u00e0s 18h e no Domingo \u00e0s 7h30, 10h [&hellip;]\" \/>\n<meta property=\"og:url\" content=\"https:\/\/www.padreeustaquio.com.br\/es\/consulta-los-horarios-de-misas-de-navidad-y-ano-nuevo-planifica-con-anticipacion-y-reza-con-nosotros\/\" \/>\n<meta property=\"og:site_name\" content=\"Padre Eust\u00e1quio\" \/>\n<meta property=\"article:publisher\" content=\"https:\/\/www.facebook.com\/beatopadreeustaquio\/\" \/>\n<meta property=\"article:published_time\" content=\"2020-12-18T11:00:37+00:00\" \/>\n<meta property=\"article:modified_time\" content=\"2020-12-18T13:31:21+00:00\" \/>\n<meta property=\"og:image\" content=\"https:\/\/www.padreeustaquio.com.br\/wp-content\/uploads\/2020\/12\/presepio.jpg\" \/>\n\t<meta property=\"og:image:width\" content=\"665\" \/>\n\t<meta property=\"og:image:height\" content=\"392\" \/>\n\t<meta property=\"og:image:type\" content=\"image\/jpeg\" \/>\n<meta name=\"author\" content=\"@sscc\" \/>\n<meta name=\"twitter:card\" content=\"summary_large_image\" \/>\n<meta name=\"twitter:creator\" content=\"@beatopeustaquio\" \/>\n<meta name=\"twitter:site\" content=\"@beatopeustaquio\" \/>\n<meta name=\"twitter:label1\" content=\"Escrito por\" \/>\n\t<meta name=\"twitter:data1\" content=\"@sscc\" \/>\n\t<meta name=\"twitter:label2\" content=\"Tiempo de lectura\" \/>\n\t<meta name=\"twitter:data2\" content=\"1 minuto\" \/>\n<script type=\"application\/ld+json\" class=\"yoast-schema-graph\">{\"@context\":\"https:\/\/schema.org\",\"@graph\":[{\"@type\":\"Article\",\"@id\":\"https:\/\/www.padreeustaquio.com.br\/confira-os-horarios-das-missas-de-natal-e-ano-novo-programe-se-e-reze-conosco\/#article\",\"isPartOf\":{\"@id\":\"https:\/\/www.padreeustaquio.com.br\/confira-os-horarios-das-missas-de-natal-e-ano-novo-programe-se-e-reze-conosco\/\"},\"author\":{\"name\":\"@sscc\",\"@id\":\"https:\/\/www.padreeustaquio.com.br\/#\/schema\/person\/a2a51db1d00f1a7af0204a0f1ddb1566\"},\"headline\":\"Confira os hor\u00e1rios das Missas de Natal e Ano Novo, programe-se e reze conosco\",\"datePublished\":\"2020-12-18T11:00:37+00:00\",\"dateModified\":\"2020-12-18T13:31:21+00:00\",\"mainEntityOfPage\":{\"@id\":\"https:\/\/www.padreeustaquio.com.br\/confira-os-horarios-das-missas-de-natal-e-ano-novo-programe-se-e-reze-conosco\/\"},\"wordCount\":277,\"commentCount\":0,\"publisher\":{\"@id\":\"https:\/\/www.padreeustaquio.com.br\/#organization\"},\"image\":{\"@id\":\"https:\/\/www.padreeustaquio.com.br\/confira-os-horarios-das-missas-de-natal-e-ano-novo-programe-se-e-reze-conosco\/#primaryimage\"},\"thumbnailUrl\":\"https:\/\/www.padreeustaquio.com.br\/wp-content\/uploads\/2020\/12\/presepio.jpg\",\"articleSection\":[\"Not\u00edcias\"],\"inLanguage\":\"es\",\"potentialAction\":[{\"@type\":\"CommentAction\",\"name\":\"Comment\",\"target\":[\"https:\/\/www.padreeustaquio.com.br\/confira-os-horarios-das-missas-de-natal-e-ano-novo-programe-se-e-reze-conosco\/#respond\"]}]},{\"@type\":\"WebPage\",\"@id\":\"https:\/\/www.padreeustaquio.com.br\/confira-os-horarios-das-missas-de-natal-e-ano-novo-programe-se-e-reze-conosco\/\",\"url\":\"https:\/\/www.padreeustaquio.com.br\/confira-os-horarios-das-missas-de-natal-e-ano-novo-programe-se-e-reze-conosco\/\",\"name\":\"Confira os hor\u00e1rios das Missas de Natal e Ano Novo, programe-se e reze conosco - Padre Eust\u00e1quio\",\"isPartOf\":{\"@id\":\"https:\/\/www.padreeustaquio.com.br\/#website\"},\"primaryImageOfPage\":{\"@id\":\"https:\/\/www.padreeustaquio.com.br\/confira-os-horarios-das-missas-de-natal-e-ano-novo-programe-se-e-reze-conosco\/#primaryimage\"},\"image\":{\"@id\":\"https:\/\/www.padreeustaquio.com.br\/confira-os-horarios-das-missas-de-natal-e-ano-novo-programe-se-e-reze-conosco\/#primaryimage\"},\"thumbnailUrl\":\"https:\/\/www.padreeustaquio.com.br\/wp-content\/uploads\/2020\/12\/presepio.jpg\",\"datePublished\":\"2020-12-18T11:00:37+00:00\",\"dateModified\":\"2020-12-18T13:31:21+00:00\",\"breadcrumb\":{\"@id\":\"https:\/\/www.padreeustaquio.com.br\/confira-os-horarios-das-missas-de-natal-e-ano-novo-programe-se-e-reze-conosco\/#breadcrumb\"},\"inLanguage\":\"es\",\"potentialAction\":[{\"@type\":\"ReadAction\",\"target\":[\"https:\/\/www.padreeustaquio.com.br\/confira-os-horarios-das-missas-de-natal-e-ano-novo-programe-se-e-reze-conosco\/\"]}]},{\"@type\":\"ImageObject\",\"inLanguage\":\"es\",\"@id\":\"https:\/\/www.padreeustaquio.com.br\/confira-os-horarios-das-missas-de-natal-e-ano-novo-programe-se-e-reze-conosco\/#primaryimage\",\"url\":\"https:\/\/www.padreeustaquio.com.br\/wp-content\/uploads\/2020\/12\/presepio.jpg\",\"contentUrl\":\"https:\/\/www.padreeustaquio.com.br\/wp-content\/uploads\/2020\/12\/presepio.jpg\",\"width\":665,\"height\":392},{\"@type\":\"BreadcrumbList\",\"@id\":\"https:\/\/www.padreeustaquio.com.br\/confira-os-horarios-das-missas-de-natal-e-ano-novo-programe-se-e-reze-conosco\/#breadcrumb\",\"itemListElement\":[{\"@type\":\"ListItem\",\"position\":1,\"name\":\"In\u00edcio\",\"item\":\"https:\/\/www.padreeustaquio.com.br\/\"},{\"@type\":\"ListItem\",\"position\":2,\"name\":\"Confira os hor\u00e1rios das Missas de Natal e Ano Novo, programe-se e reze conosco\"}]},{\"@type\":\"WebSite\",\"@id\":\"https:\/\/www.padreeustaquio.com.br\/#website\",\"url\":\"https:\/\/www.padreeustaquio.com.br\/\",\"name\":\"Padre Eust\u00e1quio\",\"description\":\"Sa\u00fade e Paz\",\"publisher\":{\"@id\":\"https:\/\/www.padreeustaquio.com.br\/#organization\"},\"potentialAction\":[{\"@type\":\"SearchAction\",\"target\":{\"@type\":\"EntryPoint\",\"urlTemplate\":\"https:\/\/www.padreeustaquio.com.br\/?s={search_term_string}\"},\"query-input\":{\"@type\":\"PropertyValueSpecification\",\"valueRequired\":true,\"valueName\":\"search_term_string\"}}],\"inLanguage\":\"es\"},{\"@type\":\"Organization\",\"@id\":\"https:\/\/www.padreeustaquio.com.br\/#organization\",\"name\":\"Padre Eust\u00e1quio\",\"url\":\"https:\/\/www.padreeustaquio.com.br\/\",\"logo\":{\"@type\":\"ImageObject\",\"inLanguage\":\"es\",\"@id\":\"https:\/\/www.padreeustaquio.com.br\/#\/schema\/logo\/image\/\",\"url\":\"https:\/\/www.padreeustaquio.com.br\/wp-content\/uploads\/2019\/08\/marca.png\",\"contentUrl\":\"https:\/\/www.padreeustaquio.com.br\/wp-content\/uploads\/2019\/08\/marca.png\",\"width\":350,\"height\":400,\"caption\":\"Padre Eust\u00e1quio\"},\"image\":{\"@id\":\"https:\/\/www.padreeustaquio.com.br\/#\/schema\/logo\/image\/\"},\"sameAs\":[\"https:\/\/www.facebook.com\/beatopadreeustaquio\/\",\"https:\/\/x.com\/beatopeustaquio\",\"https:\/\/www.instagram.com\/beatopadreeustaquio\/\",\"https:\/\/www.youtube.com\/channel\/UCRhw7vfabnajwLxb1ZXMeIw\"]},{\"@type\":\"Person\",\"@id\":\"https:\/\/www.padreeustaquio.com.br\/#\/schema\/person\/a2a51db1d00f1a7af0204a0f1ddb1566\",\"name\":\"@sscc\",\"image\":{\"@type\":\"ImageObject\",\"inLanguage\":\"es\",\"@id\":\"https:\/\/secure.gravatar.com\/avatar\/68cfafa5f44617fea54071e215026e0ff06be366c3d54a8425f04fdcb86f8c5f?s=96&d=mm&r=g\",\"url\":\"https:\/\/secure.gravatar.com\/avatar\/68cfafa5f44617fea54071e215026e0ff06be366c3d54a8425f04fdcb86f8c5f?s=96&d=mm&r=g\",\"contentUrl\":\"https:\/\/secure.gravatar.com\/avatar\/68cfafa5f44617fea54071e215026e0ff06be366c3d54a8425f04fdcb86f8c5f?s=96&d=mm&r=g\",\"caption\":\"@sscc\"},\"url\":\"https:\/\/www.padreeustaquio.com.br\/es\/author\/sscc\/\"}]}<\/script>\n<!-- \/ Yoast SEO plugin. -->","yoast_head_json":{"title":"Consulta los horarios de misas de Navidad y A\u00f1o Nuevo, planifica con anticipaci\u00f3n y reza con nosotros - Padre Eust\u00e1quio","robots":{"index":"index","follow":"follow","max-snippet":"max-snippet:-1","max-image-preview":"max-image-preview:large","max-video-preview":"max-video-preview:-1"},"canonical":"https:\/\/www.padreeustaquio.com.br\/es\/consulta-los-horarios-de-misas-de-navidad-y-ano-nuevo-planifica-con-anticipacion-y-reza-con-nosotros\/","og_locale":"es_ES","og_type":"article","og_title":"Confira os hor\u00e1rios das Missas de Natal e Ano Novo, programe-se e reze conosco - Padre Eust\u00e1quio","og_description":"Este ano, por causa da pandemia, a celebra\u00e7\u00e3o do Natal ser\u00e1 diferente, mas, \u00e9 preciso faz\u00ea-la com a mesma f\u00e9 e devo\u00e7\u00e3o para que o menino Deus renas\u00e7a, verdadeiramente, nos nossos cora\u00e7\u00f5es. Em Belo Horizonte, o Santu\u00e1rio da Sa\u00fade e Paz, j\u00e1 programou as missas que ser\u00e3o celebradas pela ocasi\u00e3o do Natal e do Ano Novo: Natal &#8211; Dia 24 de dezembro, quinta-feira, Vig\u00edlia de Natal \u00e0s 19h &#8211; Dia 25 de dezembro, sexta-feira, Missas de Natal, \u00e0s 10h e \u00e0s 18h. No final de semana, as celebra\u00e7\u00f5es continuam as mesmas: S\u00e1bado, \u00e0s 18h e no Domingo \u00e0s 7h30, 10h [&hellip;]","og_url":"https:\/\/www.padreeustaquio.com.br\/es\/consulta-los-horarios-de-misas-de-navidad-y-ano-nuevo-planifica-con-anticipacion-y-reza-con-nosotros\/","og_site_name":"Padre Eust\u00e1quio","article_publisher":"https:\/\/www.facebook.com\/beatopadreeustaquio\/","article_published_time":"2020-12-18T11:00:37+00:00","article_modified_time":"2020-12-18T13:31:21+00:00","og_image":[{"width":665,"height":392,"url":"https:\/\/www.padreeustaquio.com.br\/wp-content\/uploads\/2020\/12\/presepio.jpg","type":"image\/jpeg"}],"author":"@sscc","twitter_card":"summary_large_image","twitter_creator":"@beatopeustaquio","twitter_site":"@beatopeustaquio","twitter_misc":{"Escrito por":"@sscc","Tiempo de lectura":"1 minuto"},"schema":{"@context":"https:\/\/schema.org","@graph":[{"@type":"Article","@id":"https:\/\/www.padreeustaquio.com.br\/confira-os-horarios-das-missas-de-natal-e-ano-novo-programe-se-e-reze-conosco\/#article","isPartOf":{"@id":"https:\/\/www.padreeustaquio.com.br\/confira-os-horarios-das-missas-de-natal-e-ano-novo-programe-se-e-reze-conosco\/"},"author":{"name":"@sscc","@id":"https:\/\/www.padreeustaquio.com.br\/#\/schema\/person\/a2a51db1d00f1a7af0204a0f1ddb1566"},"headline":"Confira os hor\u00e1rios das Missas de Natal e Ano Novo, programe-se e reze conosco","datePublished":"2020-12-18T11:00:37+00:00","dateModified":"2020-12-18T13:31:21+00:00","mainEntityOfPage":{"@id":"https:\/\/www.padreeustaquio.com.br\/confira-os-horarios-das-missas-de-natal-e-ano-novo-programe-se-e-reze-conosco\/"},"wordCount":277,"commentCount":0,"publisher":{"@id":"https:\/\/www.padreeustaquio.com.br\/#organization"},"image":{"@id":"https:\/\/www.padreeustaquio.com.br\/confira-os-horarios-das-missas-de-natal-e-ano-novo-programe-se-e-reze-conosco\/#primaryimage"},"thumbnailUrl":"https:\/\/www.padreeustaquio.com.br\/wp-content\/uploads\/2020\/12\/presepio.jpg","articleSection":["Not\u00edcias"],"inLanguage":"es","potentialAction":[{"@type":"CommentAction","name":"Comment","target":["https:\/\/www.padreeustaquio.com.br\/confira-os-horarios-das-missas-de-natal-e-ano-novo-programe-se-e-reze-conosco\/#respond"]}]},{"@type":"WebPage","@id":"https:\/\/www.padreeustaquio.com.br\/confira-os-horarios-das-missas-de-natal-e-ano-novo-programe-se-e-reze-conosco\/","url":"https:\/\/www.padreeustaquio.com.br\/confira-os-horarios-das-missas-de-natal-e-ano-novo-programe-se-e-reze-conosco\/","name":"Consulta los horarios de misas de Navidad y A\u00f1o Nuevo, planifica con anticipaci\u00f3n y reza con nosotros - Padre Eust\u00e1quio","isPartOf":{"@id":"https:\/\/www.padreeustaquio.com.br\/#website"},"primaryImageOfPage":{"@id":"https:\/\/www.padreeustaquio.com.br\/confira-os-horarios-das-missas-de-natal-e-ano-novo-programe-se-e-reze-conosco\/#primaryimage"},"image":{"@id":"https:\/\/www.padreeustaquio.com.br\/confira-os-horarios-das-missas-de-natal-e-ano-novo-programe-se-e-reze-conosco\/#primaryimage"},"thumbnailUrl":"https:\/\/www.padreeustaquio.com.br\/wp-content\/uploads\/2020\/12\/presepio.jpg","datePublished":"2020-12-18T11:00:37+00:00","dateModified":"2020-12-18T13:31:21+00:00","breadcrumb":{"@id":"https:\/\/www.padreeustaquio.com.br\/confira-os-horarios-das-missas-de-natal-e-ano-novo-programe-se-e-reze-conosco\/#breadcrumb"},"inLanguage":"es","potentialAction":[{"@type":"ReadAction","target":["https:\/\/www.padreeustaquio.com.br\/confira-os-horarios-das-missas-de-natal-e-ano-novo-programe-se-e-reze-conosco\/"]}]},{"@type":"ImageObject","inLanguage":"es","@id":"https:\/\/www.padreeustaquio.com.br\/confira-os-horarios-das-missas-de-natal-e-ano-novo-programe-se-e-reze-conosco\/#primaryimage","url":"https:\/\/www.padreeustaquio.com.br\/wp-content\/uploads\/2020\/12\/presepio.jpg","contentUrl":"https:\/\/www.padreeustaquio.com.br\/wp-content\/uploads\/2020\/12\/presepio.jpg","width":665,"height":392},{"@type":"BreadcrumbList","@id":"https:\/\/www.padreeustaquio.com.br\/confira-os-horarios-das-missas-de-natal-e-ano-novo-programe-se-e-reze-conosco\/#breadcrumb","itemListElement":[{"@type":"ListItem","position":1,"name":"In\u00edcio","item":"https:\/\/www.padreeustaquio.com.br\/"},{"@type":"ListItem","position":2,"name":"Confira os hor\u00e1rios das Missas de Natal e Ano Novo, programe-se e reze conosco"}]},{"@type":"WebSite","@id":"https:\/\/www.padreeustaquio.com.br\/#website","url":"https:\/\/www.padreeustaquio.com.br\/","name":"Padre Eustace","description":"Salud y Paz","publisher":{"@id":"https:\/\/www.padreeustaquio.com.br\/#organization"},"potentialAction":[{"@type":"SearchAction","target":{"@type":"EntryPoint","urlTemplate":"https:\/\/www.padreeustaquio.com.br\/?s={search_term_string}"},"query-input":{"@type":"PropertyValueSpecification","valueRequired":true,"valueName":"search_term_string"}}],"inLanguage":"es"},{"@type":"Organization","@id":"https:\/\/www.padreeustaquio.com.br\/#organization","name":"Padre Eustace","url":"https:\/\/www.padreeustaquio.com.br\/","logo":{"@type":"ImageObject","inLanguage":"es","@id":"https:\/\/www.padreeustaquio.com.br\/#\/schema\/logo\/image\/","url":"https:\/\/www.padreeustaquio.com.br\/wp-content\/uploads\/2019\/08\/marca.png","contentUrl":"https:\/\/www.padreeustaquio.com.br\/wp-content\/uploads\/2019\/08\/marca.png","width":350,"height":400,"caption":"Padre Eust\u00e1quio"},"image":{"@id":"https:\/\/www.padreeustaquio.com.br\/#\/schema\/logo\/image\/"},"sameAs":["https:\/\/www.facebook.com\/beatopadreeustaquio\/","https:\/\/x.com\/beatopeustaquio","https:\/\/www.instagram.com\/beatopadreeustaquio\/","https:\/\/www.youtube.com\/channel\/UCRhw7vfabnajwLxb1ZXMeIw"]},{"@type":"Person","@id":"https:\/\/www.padreeustaquio.com.br\/#\/schema\/person\/a2a51db1d00f1a7af0204a0f1ddb1566","name":"@sscc","image":{"@type":"ImageObject","inLanguage":"es","@id":"https:\/\/secure.gravatar.com\/avatar\/68cfafa5f44617fea54071e215026e0ff06be366c3d54a8425f04fdcb86f8c5f?s=96&d=mm&r=g","url":"https:\/\/secure.gravatar.com\/avatar\/68cfafa5f44617fea54071e215026e0ff06be366c3d54a8425f04fdcb86f8c5f?s=96&d=mm&r=g","contentUrl":"https:\/\/secure.gravatar.com\/avatar\/68cfafa5f44617fea54071e215026e0ff06be366c3d54a8425f04fdcb86f8c5f?s=96&d=mm&r=g","caption":"@sscc"},"url":"https:\/\/www.padreeustaquio.com.br\/es\/author\/sscc\/"}]}},"_links":{"self":[{"href":"https:\/\/www.padreeustaquio.com.br\/es\/wp-json\/wp\/v2\/posts\/4823","targetHints":{"allow":["GET"]}}],"collection":[{"href":"https:\/\/www.padreeustaquio.com.br\/es\/wp-json\/wp\/v2\/posts"}],"about":[{"href":"https:\/\/www.padreeustaquio.com.br\/es\/wp-json\/wp\/v2\/types\/post"}],"author":[{"embeddable":true,"href":"https:\/\/www.padreeustaquio.com.br\/es\/wp-json\/wp\/v2\/users\/2"}],"replies":[{"embeddable":true,"href":"https:\/\/www.padreeustaquio.com.br\/es\/wp-json\/wp\/v2\/comments?post=4823"}],"version-history":[{"count":0,"href":"https:\/\/www.padreeustaquio.com.br\/es\/wp-json\/wp\/v2\/posts\/4823\/revisions"}],"wp:featuredmedia":[{"embeddable":true,"href":"https:\/\/www.padreeustaquio.com.br\/es\/wp-json\/wp\/v2\/media\/4824"}],"wp:attachment":[{"href":"https:\/\/www.padreeustaquio.com.br\/es\/wp-json\/wp\/v2\/media?parent=4823"}],"wp:term":[{"taxonomy":"category","embeddable":true,"href":"https:\/\/www.padreeustaquio.com.br\/es\/wp-json\/wp\/v2\/categories?post=4823"},{"taxonomy":"post_tag","embeddable":true,"href":"https:\/\/www.padreeustaquio.com.br\/es\/wp-json\/wp\/v2\/tags?post=4823"}],"curies":[{"name":"wp","href":"https:\/\/api.w.org\/{rel}","templated":true}]}}