{"id":4815,"date":"2020-12-14T08:54:38","date_gmt":"2020-12-14T11:54:38","guid":{"rendered":"https:\/\/www.padreeustaquio.com.br\/?p=4815"},"modified":"2020-12-14T08:56:29","modified_gmt":"2020-12-14T11:56:29","slug":"la-arquidiocesis-de-belo-horizonte-refuerza-directrices-durante-la-pandemia","status":"publish","type":"post","link":"https:\/\/www.padreeustaquio.com.br\/es\/la-arquidiocesis-de-belo-horizonte-refuerza-directrices-durante-la-pandemia\/","title":{"rendered":"La Arquidi\u00f3cesis de Belo Horizonte refuerza directrices durante la pandemia."},"content":{"rendered":"<p>Con el objetivo de reforzar las medidas de seguridad sanitaria contra el Coronavirus, en un momento en que aumentan los casos de transmisi\u00f3n del virus en la capital de Minas Gerais y su regi\u00f3n metropolitana, el Comit\u00e9 T\u00e9cnico Log\u00edstico para el Uso del Espacio F\u00edsico, formado por la Arquidi\u00f3cesis de Belo Horizonte, difundi\u00f3 esta semana un nuevo comunicado a las parroquias.<\/p>\n<p>La carta cita el reciente aumento en el n\u00famero de personas infectadas y reitera las recomendaciones enumeradas en el documento \u201cEvangelizaci\u00f3n Misionera: Un Nuevo Tiempo\u201d, publicado por la Arquidi\u00f3cesis al comienzo de la pandemia.<\/p>\n<p>El Santuario de Salud y Paz reafirma su compromiso con la salud y la vida de las personas e intensifica sus acciones para prevenir el contagio de Covid-19 en nuestra comunidad:<\/p>\n<p>Las misas siguen teniendo un n\u00famero limitado de participantes. Quienes deseen asistir pueden inscribirse en la Oficina Parroquial o aqu\u00ed en el sitio web.<a href=\"https:\/\/www.sympla.com.br\/missas-presenciais---igreja-padre-eustaquio---de-15-a-20-de-dezembro__1082697\">haciendo clic aqu\u00ed<\/a>En la entrada de la iglesia, se ofrece servicio de verificaci\u00f3n de contrase\u00f1a, desinfecci\u00f3n de zapatos, control de temperatura y gel desinfectante de manos. El uso obligatorio de mascarillas sigue vigente, as\u00ed como el distanciamiento social al sentarse en las bancas.<\/p>\n<p>Para quienes forman parte del grupo de riesgo, las misas contin\u00faan transmiti\u00e9ndose en <a href=\"https:\/\/www.youtube.com\/channel\/UCRhw7vfabnajwLxb1ZXMeIw\">Canal Padre Eust\u00e1quio<\/a>, en YouTube.<\/p>\n<p><strong>Lea la carta dirigida a las parroquias de Belo Horizonte en su totalidad.<\/strong><\/p>\n<p>Queridos amigos,<\/p>\n<p>Lamentablemente hemos estado siguiendo las noticias sobre el creciente n\u00famero de<br \/>\npersonas infectadas con COVID-19, con un aumento significativo en la tasa de<br \/>\nOcupaci\u00f3n de camas hospitalarias por complicaciones de salud<br \/>\ncausada por este virus.<\/p>\n<p>En este sentido, reforzamos la necesidad de mantener el compromiso de todos con...<br \/>\nCumplimiento total de las directrices y recomendaciones enumeradas en el documento.<br \/>\nPublicado por nuestra Arquidi\u00f3cesis, EVANGELIZACI\u00d3N MISIONERA: UN NUEVO TIEMPO, destacando la importancia del distanciamiento social, la protecci\u00f3n personal, la higiene de todos y la desinfecci\u00f3n de ambientes, enfatizando:<\/p>\n<p>\u2013 Se deber\u00e1 respetar una distancia de 2 metros entre personas; adem\u00e1s,<br \/>\nDeber\u00eda haber per\u00edodos alternados de asientos ocupados y asientos vac\u00edos.<br \/>\n\u2013 Donde haya sillas se deber\u00e1 respetar una distancia de 2m entre ellas.<br \/>\npersonas. La secuencia de filas debe aislarse de forma alternada.<br \/>\nSillas: una fila ocupada por gente y otra vac\u00eda.<br \/>\n\u2013 Las ventanas y puertas deben mantenerse abiertas para la circulaci\u00f3n del aire. El uso de aire<br \/>\nEl acondicionamiento no est\u00e1 prohibido siempre que se realice en condiciones controladas y<br \/>\nmantenimiento estricto y adecuado que consiste en la exigencia obligatoria de<br \/>\nRenovaci\u00f3n del aire, mediante extractores y filtros seguros, que son<br \/>\nBajo constante vigilancia microbiol\u00f3gica. Se proh\u00edbe el uso de ventiladores.<br \/>\n\u2013 Se debe controlar el ingreso de personas, permitiendo \u00fanicamente aquellas<br \/>\ncantidad m\u00e1xima predefinida, adhiri\u00e9ndose estrictamente a los criterios de<br \/>\nSe requiere preinscripci\u00f3n.<br \/>\n\u2013 En la iglesia y dem\u00e1s recintos parroquiales es obligatorio el uso de [mascarillas\/ropa].<br \/>\nMascarillas por todas partes.<br \/>\nEl espacio lit\u00fargico y dem\u00e1s \u00e1reas deber\u00e1n ser desinfectadas antes y despu\u00e9s.<br \/>\nde cada celebraci\u00f3n y otras actividades. Despu\u00e9s de la limpieza habitual, el<br \/>\nSe deber\u00e1n desinfectar los ambientes y bancos.<br \/>\n\u2013 En todos los espacios parroquiales, en las entradas y salidas de las distintas \u00e1reas deber\u00e1 estar disponible alcohol INPM al 70%, adem\u00e1s de jab\u00f3n l\u00edquido y toallas de papel desechables en los ba\u00f1os.<br \/>\n\u2013 Se recomienda la medici\u00f3n de temperatura mediante dispositivos espec\u00edficos.<br \/>\n(term\u00f3metros) infrarrojos (sin contacto f\u00edsico), manteniendo la orientaci\u00f3n de<br \/>\nMedir la temperatura de las personas toc\u00e1ndoles la frente. Personas con FIEBRE<br \/>\nAquellos con temperatura superior a 37,7\u00b0C no podr\u00e1n participar en las celebraciones.<br \/>\nLos micr\u00f3fonos y otros objetos deben protegerse con espuma lavable o<br \/>\nPel\u00edcula desechable, que no debe ser utilizada por m\u00e1s de una persona durante el d\u00eda.<br \/>\nla celebraci\u00f3n, a menos que el equipo se desinfecte inmediatamente.<br \/>\ndespu\u00e9s de cada uso, incluso durante la celebraci\u00f3n.<br \/>\nSe deben utilizar tapetes sanitizantes en las entradas de iglesias y otros espacios.<br \/>\nDestinado a celebraciones.<br \/>\n\u2013 Los ministros que son lectores, animadores, salmistas, ministros extraordinarios de<br \/>\nLa Comuni\u00f3n Eucar\u00edstica, los ac\u00f3litos y los monaguillos deber\u00e1n ocupar lugares apropiados.<br \/>\nen el \u00e1rea del presbiterio siguiendo las normas de distanciamiento y protecci\u00f3n.<br \/>\nPor m\u00e1scaras.<br \/>\nLos ministros que son lectores y salmistas deben desinfectarse las manos antes y despu\u00e9s...<br \/>\ntocando el Amb\u00f3n (Mesa de la Palabra) o los libros.<br \/>\nLos celebrantes deber\u00e1n mantener la mascarilla puesta en todo momento, incluso durante la homil\u00eda.<br \/>\n\u2013 Los miembros del coro y los m\u00fasicos deben respetar las reglas de<br \/>\nSe han implementado medidas de distanciamiento social y protecci\u00f3n, siendo obligatorio el uso de mascarillas, incluyendo<br \/>\nDurante las esquinas.<br \/>\nLa comuni\u00f3n debe administrarse en la mano (nunca directamente en la boca).<\/p>\n<p>En un momento en que toda la sociedad est\u00e1 movilizada por la preocupaci\u00f3n<br \/>\nCon el aumento del n\u00famero de casos confirmados de infecci\u00f3n por COVID-19, es necesario que todos hagan un esfuerzo y presten atenci\u00f3n al pleno cumplimiento de las<br \/>\nRecomendaciones y directrices del documento EVANGELIZACI\u00d3N MISIONERA: UN NUEVO TIEMPO.<\/p>\n<p>El COMIT\u00c9 T\u00c9CNICO DE LOG\u00cdSTICA Y SALUD para el uso del espacio f\u00edsico queda disponible para atenderles, con la expectativa de que podamos superar este momento preservando y cuidando la salud de todos.<\/p>\n<p>Tuyo sinceramente,<br \/>\nLeonardo de Ara\u00fajo Pereira<br \/>\nCoordinador del Comit\u00e9 T\u00e9cnico de Log\u00edstica Sanitaria<\/p>","protected":false},"excerpt":{"rendered":"<p>Pensando em refor\u00e7ar as medidas de seguran\u00e7a sanit\u00e1ria contra o Coronav\u00edrus, em um tempo em que os casos de transmiss\u00e3o do v\u00edrus vem aumentando na capital mineira e regi\u00e3o metropolitana, o Comit\u00ea T\u00e9cnico Log\u00edstico Sanit\u00e1rio para Uso do Espa\u00e7o F\u00edsico, formado pela Arquidiocese de Belo Horizonte, divulgou essa semana um novo comunicado \u00e0s par\u00f3quias. A carta cita o crescimento no n\u00famero de pessoas infectadas recentemente e relembra as recomenda\u00e7\u00f5es listadas no documento &#8220;Evangeliza\u00e7\u00e3o Mission\u00e1ria: um novo tempo&#8221;, divulgado pela Arquidiocese no in\u00edcio da pandemia. O Santu\u00e1rio da Sa\u00fade e Paz reafirma o compromisso com a sa\u00fade e a vida das [&hellip;]<\/p>\n","protected":false},"author":2,"featured_media":4816,"comment_status":"open","ping_status":"open","sticky":false,"template":"","format":"standard","meta":{"_acf_changed":false,"footnotes":""},"categories":[611],"tags":[],"class_list":["post-4815","post","type-post","status-publish","format-standard","has-post-thumbnail","hentry","category-noticias"],"acf":[],"yoast_head":"<!-- This site is optimized with the Yoast SEO plugin v27.2 - https:\/\/yoast.com\/product\/yoast-seo-wordpress\/ -->\n<title>Arquidiocese de Belo Horizonte refor\u00e7a orienta\u00e7\u00f5es durante a pandemia - Padre Eust\u00e1quio<\/title>\n<meta name=\"robots\" content=\"index, follow, max-snippet:-1, max-image-preview:large, max-video-preview:-1\" \/>\n<link rel=\"canonical\" href=\"https:\/\/www.padreeustaquio.com.br\/es\/la-arquidiocesis-de-belo-horizonte-refuerza-directrices-durante-la-pandemia\/\" \/>\n<meta property=\"og:locale\" content=\"es_ES\" \/>\n<meta property=\"og:type\" content=\"article\" \/>\n<meta property=\"og:title\" content=\"Arquidiocese de Belo Horizonte refor\u00e7a orienta\u00e7\u00f5es durante a pandemia - Padre Eust\u00e1quio\" \/>\n<meta property=\"og:description\" content=\"Pensando em refor\u00e7ar as medidas de seguran\u00e7a sanit\u00e1ria contra o Coronav\u00edrus, em um tempo em que os casos de transmiss\u00e3o do v\u00edrus vem aumentando na capital mineira e regi\u00e3o metropolitana, o Comit\u00ea T\u00e9cnico Log\u00edstico Sanit\u00e1rio para Uso do Espa\u00e7o F\u00edsico, formado pela Arquidiocese de Belo Horizonte, divulgou essa semana um novo comunicado \u00e0s par\u00f3quias. A carta cita o crescimento no n\u00famero de pessoas infectadas recentemente e relembra as recomenda\u00e7\u00f5es listadas no documento &#8220;Evangeliza\u00e7\u00e3o Mission\u00e1ria: um novo tempo&#8221;, divulgado pela Arquidiocese no in\u00edcio da pandemia. O Santu\u00e1rio da Sa\u00fade e Paz reafirma o compromisso com a sa\u00fade e a vida das [&hellip;]\" \/>\n<meta property=\"og:url\" content=\"https:\/\/www.padreeustaquio.com.br\/es\/la-arquidiocesis-de-belo-horizonte-refuerza-directrices-durante-la-pandemia\/\" \/>\n<meta property=\"og:site_name\" content=\"Padre Eust\u00e1quio\" \/>\n<meta property=\"article:publisher\" content=\"https:\/\/www.facebook.com\/beatopadreeustaquio\/\" \/>\n<meta property=\"article:published_time\" content=\"2020-12-14T11:54:38+00:00\" \/>\n<meta property=\"article:modified_time\" content=\"2020-12-14T11:56:29+00:00\" \/>\n<meta property=\"og:image\" content=\"https:\/\/www.padreeustaquio.com.br\/wp-content\/uploads\/2020\/12\/119000254_3176568989127568_7171192331607043419_o-e1607946976809.jpg\" \/>\n\t<meta property=\"og:image:width\" content=\"1439\" \/>\n\t<meta property=\"og:image:height\" content=\"856\" \/>\n\t<meta property=\"og:image:type\" content=\"image\/jpeg\" \/>\n<meta name=\"author\" content=\"@sscc\" \/>\n<meta name=\"twitter:card\" content=\"summary_large_image\" \/>\n<meta name=\"twitter:creator\" content=\"@beatopeustaquio\" \/>\n<meta name=\"twitter:site\" content=\"@beatopeustaquio\" \/>\n<meta name=\"twitter:label1\" content=\"Escrito por\" \/>\n\t<meta name=\"twitter:data1\" content=\"@sscc\" \/>\n\t<meta name=\"twitter:label2\" content=\"Tiempo de lectura\" \/>\n\t<meta name=\"twitter:data2\" content=\"5 minutos\" \/>\n<script type=\"application\/ld+json\" class=\"yoast-schema-graph\">{\"@context\":\"https:\/\/schema.org\",\"@graph\":[{\"@type\":\"Article\",\"@id\":\"https:\/\/www.padreeustaquio.com.br\/arquidiocese-de-belo-horizonte-reforca-orientacoes-durante-a-pandemia\/#article\",\"isPartOf\":{\"@id\":\"https:\/\/www.padreeustaquio.com.br\/arquidiocese-de-belo-horizonte-reforca-orientacoes-durante-a-pandemia\/\"},\"author\":{\"name\":\"@sscc\",\"@id\":\"https:\/\/www.padreeustaquio.com.br\/#\/schema\/person\/a2a51db1d00f1a7af0204a0f1ddb1566\"},\"headline\":\"Arquidiocese de Belo Horizonte refor\u00e7a orienta\u00e7\u00f5es durante a pandemia\",\"datePublished\":\"2020-12-14T11:54:38+00:00\",\"dateModified\":\"2020-12-14T11:56:29+00:00\",\"mainEntityOfPage\":{\"@id\":\"https:\/\/www.padreeustaquio.com.br\/arquidiocese-de-belo-horizonte-reforca-orientacoes-durante-a-pandemia\/\"},\"wordCount\":932,\"commentCount\":0,\"publisher\":{\"@id\":\"https:\/\/www.padreeustaquio.com.br\/#organization\"},\"image\":{\"@id\":\"https:\/\/www.padreeustaquio.com.br\/arquidiocese-de-belo-horizonte-reforca-orientacoes-durante-a-pandemia\/#primaryimage\"},\"thumbnailUrl\":\"https:\/\/www.padreeustaquio.com.br\/wp-content\/uploads\/2020\/12\/119000254_3176568989127568_7171192331607043419_o-e1607946976809.jpg\",\"articleSection\":[\"Not\u00edcias\"],\"inLanguage\":\"es\",\"potentialAction\":[{\"@type\":\"CommentAction\",\"name\":\"Comment\",\"target\":[\"https:\/\/www.padreeustaquio.com.br\/arquidiocese-de-belo-horizonte-reforca-orientacoes-durante-a-pandemia\/#respond\"]}]},{\"@type\":\"WebPage\",\"@id\":\"https:\/\/www.padreeustaquio.com.br\/arquidiocese-de-belo-horizonte-reforca-orientacoes-durante-a-pandemia\/\",\"url\":\"https:\/\/www.padreeustaquio.com.br\/arquidiocese-de-belo-horizonte-reforca-orientacoes-durante-a-pandemia\/\",\"name\":\"Arquidiocese de Belo Horizonte refor\u00e7a orienta\u00e7\u00f5es durante a pandemia - Padre Eust\u00e1quio\",\"isPartOf\":{\"@id\":\"https:\/\/www.padreeustaquio.com.br\/#website\"},\"primaryImageOfPage\":{\"@id\":\"https:\/\/www.padreeustaquio.com.br\/arquidiocese-de-belo-horizonte-reforca-orientacoes-durante-a-pandemia\/#primaryimage\"},\"image\":{\"@id\":\"https:\/\/www.padreeustaquio.com.br\/arquidiocese-de-belo-horizonte-reforca-orientacoes-durante-a-pandemia\/#primaryimage\"},\"thumbnailUrl\":\"https:\/\/www.padreeustaquio.com.br\/wp-content\/uploads\/2020\/12\/119000254_3176568989127568_7171192331607043419_o-e1607946976809.jpg\",\"datePublished\":\"2020-12-14T11:54:38+00:00\",\"dateModified\":\"2020-12-14T11:56:29+00:00\",\"breadcrumb\":{\"@id\":\"https:\/\/www.padreeustaquio.com.br\/arquidiocese-de-belo-horizonte-reforca-orientacoes-durante-a-pandemia\/#breadcrumb\"},\"inLanguage\":\"es\",\"potentialAction\":[{\"@type\":\"ReadAction\",\"target\":[\"https:\/\/www.padreeustaquio.com.br\/arquidiocese-de-belo-horizonte-reforca-orientacoes-durante-a-pandemia\/\"]}]},{\"@type\":\"ImageObject\",\"inLanguage\":\"es\",\"@id\":\"https:\/\/www.padreeustaquio.com.br\/arquidiocese-de-belo-horizonte-reforca-orientacoes-durante-a-pandemia\/#primaryimage\",\"url\":\"https:\/\/www.padreeustaquio.com.br\/wp-content\/uploads\/2020\/12\/119000254_3176568989127568_7171192331607043419_o-e1607946976809.jpg\",\"contentUrl\":\"https:\/\/www.padreeustaquio.com.br\/wp-content\/uploads\/2020\/12\/119000254_3176568989127568_7171192331607043419_o-e1607946976809.jpg\",\"width\":1439,\"height\":856},{\"@type\":\"BreadcrumbList\",\"@id\":\"https:\/\/www.padreeustaquio.com.br\/arquidiocese-de-belo-horizonte-reforca-orientacoes-durante-a-pandemia\/#breadcrumb\",\"itemListElement\":[{\"@type\":\"ListItem\",\"position\":1,\"name\":\"In\u00edcio\",\"item\":\"https:\/\/www.padreeustaquio.com.br\/\"},{\"@type\":\"ListItem\",\"position\":2,\"name\":\"Arquidiocese de Belo Horizonte refor\u00e7a orienta\u00e7\u00f5es durante a pandemia\"}]},{\"@type\":\"WebSite\",\"@id\":\"https:\/\/www.padreeustaquio.com.br\/#website\",\"url\":\"https:\/\/www.padreeustaquio.com.br\/\",\"name\":\"Padre Eust\u00e1quio\",\"description\":\"Sa\u00fade e Paz\",\"publisher\":{\"@id\":\"https:\/\/www.padreeustaquio.com.br\/#organization\"},\"potentialAction\":[{\"@type\":\"SearchAction\",\"target\":{\"@type\":\"EntryPoint\",\"urlTemplate\":\"https:\/\/www.padreeustaquio.com.br\/?s={search_term_string}\"},\"query-input\":{\"@type\":\"PropertyValueSpecification\",\"valueRequired\":true,\"valueName\":\"search_term_string\"}}],\"inLanguage\":\"es\"},{\"@type\":\"Organization\",\"@id\":\"https:\/\/www.padreeustaquio.com.br\/#organization\",\"name\":\"Padre Eust\u00e1quio\",\"url\":\"https:\/\/www.padreeustaquio.com.br\/\",\"logo\":{\"@type\":\"ImageObject\",\"inLanguage\":\"es\",\"@id\":\"https:\/\/www.padreeustaquio.com.br\/#\/schema\/logo\/image\/\",\"url\":\"https:\/\/www.padreeustaquio.com.br\/wp-content\/uploads\/2019\/08\/marca.png\",\"contentUrl\":\"https:\/\/www.padreeustaquio.com.br\/wp-content\/uploads\/2019\/08\/marca.png\",\"width\":350,\"height\":400,\"caption\":\"Padre Eust\u00e1quio\"},\"image\":{\"@id\":\"https:\/\/www.padreeustaquio.com.br\/#\/schema\/logo\/image\/\"},\"sameAs\":[\"https:\/\/www.facebook.com\/beatopadreeustaquio\/\",\"https:\/\/x.com\/beatopeustaquio\",\"https:\/\/www.instagram.com\/beatopadreeustaquio\/\",\"https:\/\/www.youtube.com\/channel\/UCRhw7vfabnajwLxb1ZXMeIw\"]},{\"@type\":\"Person\",\"@id\":\"https:\/\/www.padreeustaquio.com.br\/#\/schema\/person\/a2a51db1d00f1a7af0204a0f1ddb1566\",\"name\":\"@sscc\",\"image\":{\"@type\":\"ImageObject\",\"inLanguage\":\"es\",\"@id\":\"https:\/\/secure.gravatar.com\/avatar\/68cfafa5f44617fea54071e215026e0ff06be366c3d54a8425f04fdcb86f8c5f?s=96&d=mm&r=g\",\"url\":\"https:\/\/secure.gravatar.com\/avatar\/68cfafa5f44617fea54071e215026e0ff06be366c3d54a8425f04fdcb86f8c5f?s=96&d=mm&r=g\",\"contentUrl\":\"https:\/\/secure.gravatar.com\/avatar\/68cfafa5f44617fea54071e215026e0ff06be366c3d54a8425f04fdcb86f8c5f?s=96&d=mm&r=g\",\"caption\":\"@sscc\"},\"url\":\"https:\/\/www.padreeustaquio.com.br\/es\/author\/sscc\/\"}]}<\/script>\n<!-- \/ Yoast SEO plugin. -->","yoast_head_json":{"title":"Arquidi\u00f3cesis de Belo Horizonte refuerza directrices durante la pandemia - Padre Eust\u00e1quio","robots":{"index":"index","follow":"follow","max-snippet":"max-snippet:-1","max-image-preview":"max-image-preview:large","max-video-preview":"max-video-preview:-1"},"canonical":"https:\/\/www.padreeustaquio.com.br\/es\/la-arquidiocesis-de-belo-horizonte-refuerza-directrices-durante-la-pandemia\/","og_locale":"es_ES","og_type":"article","og_title":"Arquidiocese de Belo Horizonte refor\u00e7a orienta\u00e7\u00f5es durante a pandemia - Padre Eust\u00e1quio","og_description":"Pensando em refor\u00e7ar as medidas de seguran\u00e7a sanit\u00e1ria contra o Coronav\u00edrus, em um tempo em que os casos de transmiss\u00e3o do v\u00edrus vem aumentando na capital mineira e regi\u00e3o metropolitana, o Comit\u00ea T\u00e9cnico Log\u00edstico Sanit\u00e1rio para Uso do Espa\u00e7o F\u00edsico, formado pela Arquidiocese de Belo Horizonte, divulgou essa semana um novo comunicado \u00e0s par\u00f3quias. A carta cita o crescimento no n\u00famero de pessoas infectadas recentemente e relembra as recomenda\u00e7\u00f5es listadas no documento &#8220;Evangeliza\u00e7\u00e3o Mission\u00e1ria: um novo tempo&#8221;, divulgado pela Arquidiocese no in\u00edcio da pandemia. O Santu\u00e1rio da Sa\u00fade e Paz reafirma o compromisso com a sa\u00fade e a vida das [&hellip;]","og_url":"https:\/\/www.padreeustaquio.com.br\/es\/la-arquidiocesis-de-belo-horizonte-refuerza-directrices-durante-la-pandemia\/","og_site_name":"Padre Eust\u00e1quio","article_publisher":"https:\/\/www.facebook.com\/beatopadreeustaquio\/","article_published_time":"2020-12-14T11:54:38+00:00","article_modified_time":"2020-12-14T11:56:29+00:00","og_image":[{"width":1439,"height":856,"url":"https:\/\/www.padreeustaquio.com.br\/wp-content\/uploads\/2020\/12\/119000254_3176568989127568_7171192331607043419_o-e1607946976809.jpg","type":"image\/jpeg"}],"author":"@sscc","twitter_card":"summary_large_image","twitter_creator":"@beatopeustaquio","twitter_site":"@beatopeustaquio","twitter_misc":{"Escrito por":"@sscc","Tiempo de lectura":"5 minutos"},"schema":{"@context":"https:\/\/schema.org","@graph":[{"@type":"Article","@id":"https:\/\/www.padreeustaquio.com.br\/arquidiocese-de-belo-horizonte-reforca-orientacoes-durante-a-pandemia\/#article","isPartOf":{"@id":"https:\/\/www.padreeustaquio.com.br\/arquidiocese-de-belo-horizonte-reforca-orientacoes-durante-a-pandemia\/"},"author":{"name":"@sscc","@id":"https:\/\/www.padreeustaquio.com.br\/#\/schema\/person\/a2a51db1d00f1a7af0204a0f1ddb1566"},"headline":"Arquidiocese de Belo Horizonte refor\u00e7a orienta\u00e7\u00f5es durante a pandemia","datePublished":"2020-12-14T11:54:38+00:00","dateModified":"2020-12-14T11:56:29+00:00","mainEntityOfPage":{"@id":"https:\/\/www.padreeustaquio.com.br\/arquidiocese-de-belo-horizonte-reforca-orientacoes-durante-a-pandemia\/"},"wordCount":932,"commentCount":0,"publisher":{"@id":"https:\/\/www.padreeustaquio.com.br\/#organization"},"image":{"@id":"https:\/\/www.padreeustaquio.com.br\/arquidiocese-de-belo-horizonte-reforca-orientacoes-durante-a-pandemia\/#primaryimage"},"thumbnailUrl":"https:\/\/www.padreeustaquio.com.br\/wp-content\/uploads\/2020\/12\/119000254_3176568989127568_7171192331607043419_o-e1607946976809.jpg","articleSection":["Not\u00edcias"],"inLanguage":"es","potentialAction":[{"@type":"CommentAction","name":"Comment","target":["https:\/\/www.padreeustaquio.com.br\/arquidiocese-de-belo-horizonte-reforca-orientacoes-durante-a-pandemia\/#respond"]}]},{"@type":"WebPage","@id":"https:\/\/www.padreeustaquio.com.br\/arquidiocese-de-belo-horizonte-reforca-orientacoes-durante-a-pandemia\/","url":"https:\/\/www.padreeustaquio.com.br\/arquidiocese-de-belo-horizonte-reforca-orientacoes-durante-a-pandemia\/","name":"Arquidi\u00f3cesis de Belo Horizonte refuerza directrices durante la pandemia - Padre Eust\u00e1quio","isPartOf":{"@id":"https:\/\/www.padreeustaquio.com.br\/#website"},"primaryImageOfPage":{"@id":"https:\/\/www.padreeustaquio.com.br\/arquidiocese-de-belo-horizonte-reforca-orientacoes-durante-a-pandemia\/#primaryimage"},"image":{"@id":"https:\/\/www.padreeustaquio.com.br\/arquidiocese-de-belo-horizonte-reforca-orientacoes-durante-a-pandemia\/#primaryimage"},"thumbnailUrl":"https:\/\/www.padreeustaquio.com.br\/wp-content\/uploads\/2020\/12\/119000254_3176568989127568_7171192331607043419_o-e1607946976809.jpg","datePublished":"2020-12-14T11:54:38+00:00","dateModified":"2020-12-14T11:56:29+00:00","breadcrumb":{"@id":"https:\/\/www.padreeustaquio.com.br\/arquidiocese-de-belo-horizonte-reforca-orientacoes-durante-a-pandemia\/#breadcrumb"},"inLanguage":"es","potentialAction":[{"@type":"ReadAction","target":["https:\/\/www.padreeustaquio.com.br\/arquidiocese-de-belo-horizonte-reforca-orientacoes-durante-a-pandemia\/"]}]},{"@type":"ImageObject","inLanguage":"es","@id":"https:\/\/www.padreeustaquio.com.br\/arquidiocese-de-belo-horizonte-reforca-orientacoes-durante-a-pandemia\/#primaryimage","url":"https:\/\/www.padreeustaquio.com.br\/wp-content\/uploads\/2020\/12\/119000254_3176568989127568_7171192331607043419_o-e1607946976809.jpg","contentUrl":"https:\/\/www.padreeustaquio.com.br\/wp-content\/uploads\/2020\/12\/119000254_3176568989127568_7171192331607043419_o-e1607946976809.jpg","width":1439,"height":856},{"@type":"BreadcrumbList","@id":"https:\/\/www.padreeustaquio.com.br\/arquidiocese-de-belo-horizonte-reforca-orientacoes-durante-a-pandemia\/#breadcrumb","itemListElement":[{"@type":"ListItem","position":1,"name":"In\u00edcio","item":"https:\/\/www.padreeustaquio.com.br\/"},{"@type":"ListItem","position":2,"name":"Arquidiocese de Belo Horizonte refor\u00e7a orienta\u00e7\u00f5es durante a pandemia"}]},{"@type":"WebSite","@id":"https:\/\/www.padreeustaquio.com.br\/#website","url":"https:\/\/www.padreeustaquio.com.br\/","name":"Padre Eustace","description":"Salud y Paz","publisher":{"@id":"https:\/\/www.padreeustaquio.com.br\/#organization"},"potentialAction":[{"@type":"SearchAction","target":{"@type":"EntryPoint","urlTemplate":"https:\/\/www.padreeustaquio.com.br\/?s={search_term_string}"},"query-input":{"@type":"PropertyValueSpecification","valueRequired":true,"valueName":"search_term_string"}}],"inLanguage":"es"},{"@type":"Organization","@id":"https:\/\/www.padreeustaquio.com.br\/#organization","name":"Padre Eustace","url":"https:\/\/www.padreeustaquio.com.br\/","logo":{"@type":"ImageObject","inLanguage":"es","@id":"https:\/\/www.padreeustaquio.com.br\/#\/schema\/logo\/image\/","url":"https:\/\/www.padreeustaquio.com.br\/wp-content\/uploads\/2019\/08\/marca.png","contentUrl":"https:\/\/www.padreeustaquio.com.br\/wp-content\/uploads\/2019\/08\/marca.png","width":350,"height":400,"caption":"Padre Eust\u00e1quio"},"image":{"@id":"https:\/\/www.padreeustaquio.com.br\/#\/schema\/logo\/image\/"},"sameAs":["https:\/\/www.facebook.com\/beatopadreeustaquio\/","https:\/\/x.com\/beatopeustaquio","https:\/\/www.instagram.com\/beatopadreeustaquio\/","https:\/\/www.youtube.com\/channel\/UCRhw7vfabnajwLxb1ZXMeIw"]},{"@type":"Person","@id":"https:\/\/www.padreeustaquio.com.br\/#\/schema\/person\/a2a51db1d00f1a7af0204a0f1ddb1566","name":"@sscc","image":{"@type":"ImageObject","inLanguage":"es","@id":"https:\/\/secure.gravatar.com\/avatar\/68cfafa5f44617fea54071e215026e0ff06be366c3d54a8425f04fdcb86f8c5f?s=96&d=mm&r=g","url":"https:\/\/secure.gravatar.com\/avatar\/68cfafa5f44617fea54071e215026e0ff06be366c3d54a8425f04fdcb86f8c5f?s=96&d=mm&r=g","contentUrl":"https:\/\/secure.gravatar.com\/avatar\/68cfafa5f44617fea54071e215026e0ff06be366c3d54a8425f04fdcb86f8c5f?s=96&d=mm&r=g","caption":"@sscc"},"url":"https:\/\/www.padreeustaquio.com.br\/es\/author\/sscc\/"}]}},"_links":{"self":[{"href":"https:\/\/www.padreeustaquio.com.br\/es\/wp-json\/wp\/v2\/posts\/4815","targetHints":{"allow":["GET"]}}],"collection":[{"href":"https:\/\/www.padreeustaquio.com.br\/es\/wp-json\/wp\/v2\/posts"}],"about":[{"href":"https:\/\/www.padreeustaquio.com.br\/es\/wp-json\/wp\/v2\/types\/post"}],"author":[{"embeddable":true,"href":"https:\/\/www.padreeustaquio.com.br\/es\/wp-json\/wp\/v2\/users\/2"}],"replies":[{"embeddable":true,"href":"https:\/\/www.padreeustaquio.com.br\/es\/wp-json\/wp\/v2\/comments?post=4815"}],"version-history":[{"count":0,"href":"https:\/\/www.padreeustaquio.com.br\/es\/wp-json\/wp\/v2\/posts\/4815\/revisions"}],"wp:featuredmedia":[{"embeddable":true,"href":"https:\/\/www.padreeustaquio.com.br\/es\/wp-json\/wp\/v2\/media\/4816"}],"wp:attachment":[{"href":"https:\/\/www.padreeustaquio.com.br\/es\/wp-json\/wp\/v2\/media?parent=4815"}],"wp:term":[{"taxonomy":"category","embeddable":true,"href":"https:\/\/www.padreeustaquio.com.br\/es\/wp-json\/wp\/v2\/categories?post=4815"},{"taxonomy":"post_tag","embeddable":true,"href":"https:\/\/www.padreeustaquio.com.br\/es\/wp-json\/wp\/v2\/tags?post=4815"}],"curies":[{"name":"wp","href":"https:\/\/api.w.org\/{rel}","templated":true}]}}