{"id":4810,"date":"2020-12-13T15:03:47","date_gmt":"2020-12-13T18:03:47","guid":{"rendered":"https:\/\/www.padreeustaquio.com.br\/?p=4810"},"modified":"2020-12-13T15:03:47","modified_gmt":"2020-12-13T18:03:47","slug":"haz-la-novena-navidena-virtual-y-prepara-tu-corazon-para-recibir-a-jesus","status":"publish","type":"post","link":"https:\/\/www.padreeustaquio.com.br\/es\/haz-la-novena-navidena-virtual-y-prepara-tu-corazon-para-recibir-a-jesus\/","title":{"rendered":"Participa en la Novena de Navidad virtual y prepara tu coraz\u00f3n para recibir a Jes\u00fas."},"content":{"rendered":"<p>Ocho de los nueve v\u00eddeos de la Novena de Navidad meditada por el Santuario de la Salud y la Paz ya est\u00e1n disponibles para su visualizaci\u00f3n.\u00a0<a href=\"https:\/\/www.youtube.com\/playlist?list=PL7SBzddW7UznUwDtq1urACy9JYt5dGH8X\">HAGA CLIC AQU\u00cd<\/a>.<\/p>\n<p>Los textos, reflexiones, lecturas e himnos se tomaron del folleto preparado por la Arquidi\u00f3cesis de Belo Horizonte para vivir intensamente este momento. Los ocho d\u00edas de la novena fueron preparados y llevados a cabo con sumo cuidado por el equipo de la Iglesia Padre Eust\u00e1quio, coordinado por el Padre Edmar Oliveira, ss.cc.<\/p>\n<p>La idea es que cada persona o familia acceda al video preparado para cada d\u00eda de la novena y celebre durante ocho d\u00edas. El noveno y \u00faltimo d\u00eda de la novena se transmitir\u00e1 en vivo el 21 de diciembre a las 20:00 h, directamente desde el Santuario, para que juntos podamos prepararnos para la Navidad del Se\u00f1or Jes\u00fas.<\/p>\n<p>A<a href=\"https:\/\/www.padreeustaquio.com.br\/es\/novena-de-navidad-preparacion-para-recibir-al-senor\/\"> novena<\/a> Surgi\u00f3 con el objetivo de evangelizar y concientizar a la comunidad sobre la importancia de la celebraci\u00f3n de la Navidad, a trav\u00e9s de la oraci\u00f3n, la lectura y la meditaci\u00f3n de la Palabra de Dios, con esp\u00edritu de compartir y solidaridad.<\/p>\n<p>Sigue con nosotros en <a href=\"https:\/\/www.youtube.com\/channel\/UCRhw7vfabnajwLxb1ZXMeIw\">Canal Padre Eust\u00e1quio<\/a>, En YouTube. Oren y compartan para que la gracia y las bendiciones de Dios lleguen a m\u00e1s personas.<\/p>","protected":false},"excerpt":{"rendered":"<p>Os oito, dos nove v\u00eddeos com a Novena de Natal meditada pelo Santu\u00e1rio da Sa\u00fade e Paz j\u00e1 podem ser vistos\u00a0CLICANDO AQUI. Os textos, reflex\u00f5es, leituras e c\u00e2nticos foram extra\u00eddos do livreto formulado pela Arquidiocese de Belo Horizonte para viver intensamente este momento. Os oito dias da novena foram preparados e feitos com muito carinho pela equipe da Igreja do Padre Eust\u00e1quio, coordenados pelo Padre Edmar Oliveira, ss.cc. A ideia \u00e9 que cada pessoa ou fam\u00edlia acesse o v\u00eddeo elaborado para cada dia da novena e celebre durante oito dias. O nono e \u00faltimo dia da Novena ser\u00e1 feito ao [&hellip;]<\/p>\n","protected":false},"author":2,"featured_media":4811,"comment_status":"open","ping_status":"open","sticky":false,"template":"","format":"standard","meta":{"_acf_changed":false,"footnotes":""},"categories":[611],"tags":[],"class_list":["post-4810","post","type-post","status-publish","format-standard","has-post-thumbnail","hentry","category-noticias"],"acf":[],"yoast_head":"<!-- This site is optimized with the Yoast SEO plugin v27.2 - https:\/\/yoast.com\/product\/yoast-seo-wordpress\/ -->\n<title>Fa\u00e7a a Novena de Natal virtual e prepare seu cora\u00e7\u00e3o para receber Jesus - Padre Eust\u00e1quio<\/title>\n<meta name=\"robots\" content=\"index, follow, max-snippet:-1, max-image-preview:large, max-video-preview:-1\" \/>\n<link rel=\"canonical\" href=\"https:\/\/www.padreeustaquio.com.br\/es\/haz-la-novena-navidena-virtual-y-prepara-tu-corazon-para-recibir-a-jesus\/\" \/>\n<meta property=\"og:locale\" content=\"es_ES\" \/>\n<meta property=\"og:type\" content=\"article\" \/>\n<meta property=\"og:title\" content=\"Fa\u00e7a a Novena de Natal virtual e prepare seu cora\u00e7\u00e3o para receber Jesus - Padre Eust\u00e1quio\" \/>\n<meta property=\"og:description\" content=\"Os oito, dos nove v\u00eddeos com a Novena de Natal meditada pelo Santu\u00e1rio da Sa\u00fade e Paz j\u00e1 podem ser vistos\u00a0CLICANDO AQUI. Os textos, reflex\u00f5es, leituras e c\u00e2nticos foram extra\u00eddos do livreto formulado pela Arquidiocese de Belo Horizonte para viver intensamente este momento. Os oito dias da novena foram preparados e feitos com muito carinho pela equipe da Igreja do Padre Eust\u00e1quio, coordenados pelo Padre Edmar Oliveira, ss.cc. A ideia \u00e9 que cada pessoa ou fam\u00edlia acesse o v\u00eddeo elaborado para cada dia da novena e celebre durante oito dias. O nono e \u00faltimo dia da Novena ser\u00e1 feito ao [&hellip;]\" \/>\n<meta property=\"og:url\" content=\"https:\/\/www.padreeustaquio.com.br\/es\/haz-la-novena-navidena-virtual-y-prepara-tu-corazon-para-recibir-a-jesus\/\" \/>\n<meta property=\"og:site_name\" content=\"Padre Eust\u00e1quio\" \/>\n<meta property=\"article:publisher\" content=\"https:\/\/www.facebook.com\/beatopadreeustaquio\/\" \/>\n<meta property=\"article:published_time\" content=\"2020-12-13T18:03:47+00:00\" \/>\n<meta property=\"og:image\" content=\"https:\/\/www.padreeustaquio.com.br\/wp-content\/uploads\/2020\/12\/novena-de-natal-e1607882448864.png\" \/>\n\t<meta property=\"og:image:width\" content=\"922\" \/>\n\t<meta property=\"og:image:height\" content=\"484\" \/>\n\t<meta property=\"og:image:type\" content=\"image\/png\" \/>\n<meta name=\"author\" content=\"@sscc\" \/>\n<meta name=\"twitter:card\" content=\"summary_large_image\" \/>\n<meta name=\"twitter:creator\" content=\"@beatopeustaquio\" \/>\n<meta name=\"twitter:site\" content=\"@beatopeustaquio\" \/>\n<meta name=\"twitter:label1\" content=\"Escrito por\" \/>\n\t<meta name=\"twitter:data1\" content=\"@sscc\" \/>\n\t<meta name=\"twitter:label2\" content=\"Tiempo de lectura\" \/>\n\t<meta name=\"twitter:data2\" content=\"1 minuto\" \/>\n<script type=\"application\/ld+json\" class=\"yoast-schema-graph\">{\"@context\":\"https:\/\/schema.org\",\"@graph\":[{\"@type\":\"Article\",\"@id\":\"https:\/\/www.padreeustaquio.com.br\/faca-a-novena-de-natal-virtual-e-prepare-seu-coracao-para-receber-jesus\/#article\",\"isPartOf\":{\"@id\":\"https:\/\/www.padreeustaquio.com.br\/faca-a-novena-de-natal-virtual-e-prepare-seu-coracao-para-receber-jesus\/\"},\"author\":{\"name\":\"@sscc\",\"@id\":\"https:\/\/www.padreeustaquio.com.br\/#\/schema\/person\/a2a51db1d00f1a7af0204a0f1ddb1566\"},\"headline\":\"Fa\u00e7a a Novena de Natal virtual e prepare seu cora\u00e7\u00e3o para receber Jesus\",\"datePublished\":\"2020-12-13T18:03:47+00:00\",\"mainEntityOfPage\":{\"@id\":\"https:\/\/www.padreeustaquio.com.br\/faca-a-novena-de-natal-virtual-e-prepare-seu-coracao-para-receber-jesus\/\"},\"wordCount\":214,\"commentCount\":0,\"publisher\":{\"@id\":\"https:\/\/www.padreeustaquio.com.br\/#organization\"},\"image\":{\"@id\":\"https:\/\/www.padreeustaquio.com.br\/faca-a-novena-de-natal-virtual-e-prepare-seu-coracao-para-receber-jesus\/#primaryimage\"},\"thumbnailUrl\":\"https:\/\/www.padreeustaquio.com.br\/wp-content\/uploads\/2020\/12\/novena-de-natal-e1607882448864.png\",\"articleSection\":[\"Not\u00edcias\"],\"inLanguage\":\"es\",\"potentialAction\":[{\"@type\":\"CommentAction\",\"name\":\"Comment\",\"target\":[\"https:\/\/www.padreeustaquio.com.br\/faca-a-novena-de-natal-virtual-e-prepare-seu-coracao-para-receber-jesus\/#respond\"]}]},{\"@type\":\"WebPage\",\"@id\":\"https:\/\/www.padreeustaquio.com.br\/faca-a-novena-de-natal-virtual-e-prepare-seu-coracao-para-receber-jesus\/\",\"url\":\"https:\/\/www.padreeustaquio.com.br\/faca-a-novena-de-natal-virtual-e-prepare-seu-coracao-para-receber-jesus\/\",\"name\":\"Fa\u00e7a a Novena de Natal virtual e prepare seu cora\u00e7\u00e3o para receber Jesus - Padre Eust\u00e1quio\",\"isPartOf\":{\"@id\":\"https:\/\/www.padreeustaquio.com.br\/#website\"},\"primaryImageOfPage\":{\"@id\":\"https:\/\/www.padreeustaquio.com.br\/faca-a-novena-de-natal-virtual-e-prepare-seu-coracao-para-receber-jesus\/#primaryimage\"},\"image\":{\"@id\":\"https:\/\/www.padreeustaquio.com.br\/faca-a-novena-de-natal-virtual-e-prepare-seu-coracao-para-receber-jesus\/#primaryimage\"},\"thumbnailUrl\":\"https:\/\/www.padreeustaquio.com.br\/wp-content\/uploads\/2020\/12\/novena-de-natal-e1607882448864.png\",\"datePublished\":\"2020-12-13T18:03:47+00:00\",\"breadcrumb\":{\"@id\":\"https:\/\/www.padreeustaquio.com.br\/faca-a-novena-de-natal-virtual-e-prepare-seu-coracao-para-receber-jesus\/#breadcrumb\"},\"inLanguage\":\"es\",\"potentialAction\":[{\"@type\":\"ReadAction\",\"target\":[\"https:\/\/www.padreeustaquio.com.br\/faca-a-novena-de-natal-virtual-e-prepare-seu-coracao-para-receber-jesus\/\"]}]},{\"@type\":\"ImageObject\",\"inLanguage\":\"es\",\"@id\":\"https:\/\/www.padreeustaquio.com.br\/faca-a-novena-de-natal-virtual-e-prepare-seu-coracao-para-receber-jesus\/#primaryimage\",\"url\":\"https:\/\/www.padreeustaquio.com.br\/wp-content\/uploads\/2020\/12\/novena-de-natal-e1607882448864.png\",\"contentUrl\":\"https:\/\/www.padreeustaquio.com.br\/wp-content\/uploads\/2020\/12\/novena-de-natal-e1607882448864.png\",\"width\":922,\"height\":484},{\"@type\":\"BreadcrumbList\",\"@id\":\"https:\/\/www.padreeustaquio.com.br\/faca-a-novena-de-natal-virtual-e-prepare-seu-coracao-para-receber-jesus\/#breadcrumb\",\"itemListElement\":[{\"@type\":\"ListItem\",\"position\":1,\"name\":\"In\u00edcio\",\"item\":\"https:\/\/www.padreeustaquio.com.br\/\"},{\"@type\":\"ListItem\",\"position\":2,\"name\":\"Fa\u00e7a a Novena de Natal virtual e prepare seu cora\u00e7\u00e3o para receber Jesus\"}]},{\"@type\":\"WebSite\",\"@id\":\"https:\/\/www.padreeustaquio.com.br\/#website\",\"url\":\"https:\/\/www.padreeustaquio.com.br\/\",\"name\":\"Padre Eust\u00e1quio\",\"description\":\"Sa\u00fade e Paz\",\"publisher\":{\"@id\":\"https:\/\/www.padreeustaquio.com.br\/#organization\"},\"potentialAction\":[{\"@type\":\"SearchAction\",\"target\":{\"@type\":\"EntryPoint\",\"urlTemplate\":\"https:\/\/www.padreeustaquio.com.br\/?s={search_term_string}\"},\"query-input\":{\"@type\":\"PropertyValueSpecification\",\"valueRequired\":true,\"valueName\":\"search_term_string\"}}],\"inLanguage\":\"es\"},{\"@type\":\"Organization\",\"@id\":\"https:\/\/www.padreeustaquio.com.br\/#organization\",\"name\":\"Padre Eust\u00e1quio\",\"url\":\"https:\/\/www.padreeustaquio.com.br\/\",\"logo\":{\"@type\":\"ImageObject\",\"inLanguage\":\"es\",\"@id\":\"https:\/\/www.padreeustaquio.com.br\/#\/schema\/logo\/image\/\",\"url\":\"https:\/\/www.padreeustaquio.com.br\/wp-content\/uploads\/2019\/08\/marca.png\",\"contentUrl\":\"https:\/\/www.padreeustaquio.com.br\/wp-content\/uploads\/2019\/08\/marca.png\",\"width\":350,\"height\":400,\"caption\":\"Padre Eust\u00e1quio\"},\"image\":{\"@id\":\"https:\/\/www.padreeustaquio.com.br\/#\/schema\/logo\/image\/\"},\"sameAs\":[\"https:\/\/www.facebook.com\/beatopadreeustaquio\/\",\"https:\/\/x.com\/beatopeustaquio\",\"https:\/\/www.instagram.com\/beatopadreeustaquio\/\",\"https:\/\/www.youtube.com\/channel\/UCRhw7vfabnajwLxb1ZXMeIw\"]},{\"@type\":\"Person\",\"@id\":\"https:\/\/www.padreeustaquio.com.br\/#\/schema\/person\/a2a51db1d00f1a7af0204a0f1ddb1566\",\"name\":\"@sscc\",\"image\":{\"@type\":\"ImageObject\",\"inLanguage\":\"es\",\"@id\":\"https:\/\/secure.gravatar.com\/avatar\/68cfafa5f44617fea54071e215026e0ff06be366c3d54a8425f04fdcb86f8c5f?s=96&d=mm&r=g\",\"url\":\"https:\/\/secure.gravatar.com\/avatar\/68cfafa5f44617fea54071e215026e0ff06be366c3d54a8425f04fdcb86f8c5f?s=96&d=mm&r=g\",\"contentUrl\":\"https:\/\/secure.gravatar.com\/avatar\/68cfafa5f44617fea54071e215026e0ff06be366c3d54a8425f04fdcb86f8c5f?s=96&d=mm&r=g\",\"caption\":\"@sscc\"},\"url\":\"https:\/\/www.padreeustaquio.com.br\/es\/author\/sscc\/\"}]}<\/script>\n<!-- \/ Yoast SEO plugin. -->","yoast_head_json":{"title":"Participa en la Novena de Navidad virtual y prepara tu coraz\u00f3n para recibir a Jes\u00fas - Padre Eust\u00e1quio","robots":{"index":"index","follow":"follow","max-snippet":"max-snippet:-1","max-image-preview":"max-image-preview:large","max-video-preview":"max-video-preview:-1"},"canonical":"https:\/\/www.padreeustaquio.com.br\/es\/haz-la-novena-navidena-virtual-y-prepara-tu-corazon-para-recibir-a-jesus\/","og_locale":"es_ES","og_type":"article","og_title":"Fa\u00e7a a Novena de Natal virtual e prepare seu cora\u00e7\u00e3o para receber Jesus - Padre Eust\u00e1quio","og_description":"Os oito, dos nove v\u00eddeos com a Novena de Natal meditada pelo Santu\u00e1rio da Sa\u00fade e Paz j\u00e1 podem ser vistos\u00a0CLICANDO AQUI. Os textos, reflex\u00f5es, leituras e c\u00e2nticos foram extra\u00eddos do livreto formulado pela Arquidiocese de Belo Horizonte para viver intensamente este momento. Os oito dias da novena foram preparados e feitos com muito carinho pela equipe da Igreja do Padre Eust\u00e1quio, coordenados pelo Padre Edmar Oliveira, ss.cc. A ideia \u00e9 que cada pessoa ou fam\u00edlia acesse o v\u00eddeo elaborado para cada dia da novena e celebre durante oito dias. O nono e \u00faltimo dia da Novena ser\u00e1 feito ao [&hellip;]","og_url":"https:\/\/www.padreeustaquio.com.br\/es\/haz-la-novena-navidena-virtual-y-prepara-tu-corazon-para-recibir-a-jesus\/","og_site_name":"Padre Eust\u00e1quio","article_publisher":"https:\/\/www.facebook.com\/beatopadreeustaquio\/","article_published_time":"2020-12-13T18:03:47+00:00","og_image":[{"width":922,"height":484,"url":"https:\/\/www.padreeustaquio.com.br\/wp-content\/uploads\/2020\/12\/novena-de-natal-e1607882448864.png","type":"image\/png"}],"author":"@sscc","twitter_card":"summary_large_image","twitter_creator":"@beatopeustaquio","twitter_site":"@beatopeustaquio","twitter_misc":{"Escrito por":"@sscc","Tiempo de lectura":"1 minuto"},"schema":{"@context":"https:\/\/schema.org","@graph":[{"@type":"Article","@id":"https:\/\/www.padreeustaquio.com.br\/faca-a-novena-de-natal-virtual-e-prepare-seu-coracao-para-receber-jesus\/#article","isPartOf":{"@id":"https:\/\/www.padreeustaquio.com.br\/faca-a-novena-de-natal-virtual-e-prepare-seu-coracao-para-receber-jesus\/"},"author":{"name":"@sscc","@id":"https:\/\/www.padreeustaquio.com.br\/#\/schema\/person\/a2a51db1d00f1a7af0204a0f1ddb1566"},"headline":"Fa\u00e7a a Novena de Natal virtual e prepare seu cora\u00e7\u00e3o para receber Jesus","datePublished":"2020-12-13T18:03:47+00:00","mainEntityOfPage":{"@id":"https:\/\/www.padreeustaquio.com.br\/faca-a-novena-de-natal-virtual-e-prepare-seu-coracao-para-receber-jesus\/"},"wordCount":214,"commentCount":0,"publisher":{"@id":"https:\/\/www.padreeustaquio.com.br\/#organization"},"image":{"@id":"https:\/\/www.padreeustaquio.com.br\/faca-a-novena-de-natal-virtual-e-prepare-seu-coracao-para-receber-jesus\/#primaryimage"},"thumbnailUrl":"https:\/\/www.padreeustaquio.com.br\/wp-content\/uploads\/2020\/12\/novena-de-natal-e1607882448864.png","articleSection":["Not\u00edcias"],"inLanguage":"es","potentialAction":[{"@type":"CommentAction","name":"Comment","target":["https:\/\/www.padreeustaquio.com.br\/faca-a-novena-de-natal-virtual-e-prepare-seu-coracao-para-receber-jesus\/#respond"]}]},{"@type":"WebPage","@id":"https:\/\/www.padreeustaquio.com.br\/faca-a-novena-de-natal-virtual-e-prepare-seu-coracao-para-receber-jesus\/","url":"https:\/\/www.padreeustaquio.com.br\/faca-a-novena-de-natal-virtual-e-prepare-seu-coracao-para-receber-jesus\/","name":"Participa en la Novena de Navidad virtual y prepara tu coraz\u00f3n para recibir a Jes\u00fas - Padre Eust\u00e1quio","isPartOf":{"@id":"https:\/\/www.padreeustaquio.com.br\/#website"},"primaryImageOfPage":{"@id":"https:\/\/www.padreeustaquio.com.br\/faca-a-novena-de-natal-virtual-e-prepare-seu-coracao-para-receber-jesus\/#primaryimage"},"image":{"@id":"https:\/\/www.padreeustaquio.com.br\/faca-a-novena-de-natal-virtual-e-prepare-seu-coracao-para-receber-jesus\/#primaryimage"},"thumbnailUrl":"https:\/\/www.padreeustaquio.com.br\/wp-content\/uploads\/2020\/12\/novena-de-natal-e1607882448864.png","datePublished":"2020-12-13T18:03:47+00:00","breadcrumb":{"@id":"https:\/\/www.padreeustaquio.com.br\/faca-a-novena-de-natal-virtual-e-prepare-seu-coracao-para-receber-jesus\/#breadcrumb"},"inLanguage":"es","potentialAction":[{"@type":"ReadAction","target":["https:\/\/www.padreeustaquio.com.br\/faca-a-novena-de-natal-virtual-e-prepare-seu-coracao-para-receber-jesus\/"]}]},{"@type":"ImageObject","inLanguage":"es","@id":"https:\/\/www.padreeustaquio.com.br\/faca-a-novena-de-natal-virtual-e-prepare-seu-coracao-para-receber-jesus\/#primaryimage","url":"https:\/\/www.padreeustaquio.com.br\/wp-content\/uploads\/2020\/12\/novena-de-natal-e1607882448864.png","contentUrl":"https:\/\/www.padreeustaquio.com.br\/wp-content\/uploads\/2020\/12\/novena-de-natal-e1607882448864.png","width":922,"height":484},{"@type":"BreadcrumbList","@id":"https:\/\/www.padreeustaquio.com.br\/faca-a-novena-de-natal-virtual-e-prepare-seu-coracao-para-receber-jesus\/#breadcrumb","itemListElement":[{"@type":"ListItem","position":1,"name":"In\u00edcio","item":"https:\/\/www.padreeustaquio.com.br\/"},{"@type":"ListItem","position":2,"name":"Fa\u00e7a a Novena de Natal virtual e prepare seu cora\u00e7\u00e3o para receber Jesus"}]},{"@type":"WebSite","@id":"https:\/\/www.padreeustaquio.com.br\/#website","url":"https:\/\/www.padreeustaquio.com.br\/","name":"Padre Eustace","description":"Salud y Paz","publisher":{"@id":"https:\/\/www.padreeustaquio.com.br\/#organization"},"potentialAction":[{"@type":"SearchAction","target":{"@type":"EntryPoint","urlTemplate":"https:\/\/www.padreeustaquio.com.br\/?s={search_term_string}"},"query-input":{"@type":"PropertyValueSpecification","valueRequired":true,"valueName":"search_term_string"}}],"inLanguage":"es"},{"@type":"Organization","@id":"https:\/\/www.padreeustaquio.com.br\/#organization","name":"Padre Eustace","url":"https:\/\/www.padreeustaquio.com.br\/","logo":{"@type":"ImageObject","inLanguage":"es","@id":"https:\/\/www.padreeustaquio.com.br\/#\/schema\/logo\/image\/","url":"https:\/\/www.padreeustaquio.com.br\/wp-content\/uploads\/2019\/08\/marca.png","contentUrl":"https:\/\/www.padreeustaquio.com.br\/wp-content\/uploads\/2019\/08\/marca.png","width":350,"height":400,"caption":"Padre Eust\u00e1quio"},"image":{"@id":"https:\/\/www.padreeustaquio.com.br\/#\/schema\/logo\/image\/"},"sameAs":["https:\/\/www.facebook.com\/beatopadreeustaquio\/","https:\/\/x.com\/beatopeustaquio","https:\/\/www.instagram.com\/beatopadreeustaquio\/","https:\/\/www.youtube.com\/channel\/UCRhw7vfabnajwLxb1ZXMeIw"]},{"@type":"Person","@id":"https:\/\/www.padreeustaquio.com.br\/#\/schema\/person\/a2a51db1d00f1a7af0204a0f1ddb1566","name":"@sscc","image":{"@type":"ImageObject","inLanguage":"es","@id":"https:\/\/secure.gravatar.com\/avatar\/68cfafa5f44617fea54071e215026e0ff06be366c3d54a8425f04fdcb86f8c5f?s=96&d=mm&r=g","url":"https:\/\/secure.gravatar.com\/avatar\/68cfafa5f44617fea54071e215026e0ff06be366c3d54a8425f04fdcb86f8c5f?s=96&d=mm&r=g","contentUrl":"https:\/\/secure.gravatar.com\/avatar\/68cfafa5f44617fea54071e215026e0ff06be366c3d54a8425f04fdcb86f8c5f?s=96&d=mm&r=g","caption":"@sscc"},"url":"https:\/\/www.padreeustaquio.com.br\/es\/author\/sscc\/"}]}},"_links":{"self":[{"href":"https:\/\/www.padreeustaquio.com.br\/es\/wp-json\/wp\/v2\/posts\/4810","targetHints":{"allow":["GET"]}}],"collection":[{"href":"https:\/\/www.padreeustaquio.com.br\/es\/wp-json\/wp\/v2\/posts"}],"about":[{"href":"https:\/\/www.padreeustaquio.com.br\/es\/wp-json\/wp\/v2\/types\/post"}],"author":[{"embeddable":true,"href":"https:\/\/www.padreeustaquio.com.br\/es\/wp-json\/wp\/v2\/users\/2"}],"replies":[{"embeddable":true,"href":"https:\/\/www.padreeustaquio.com.br\/es\/wp-json\/wp\/v2\/comments?post=4810"}],"version-history":[{"count":0,"href":"https:\/\/www.padreeustaquio.com.br\/es\/wp-json\/wp\/v2\/posts\/4810\/revisions"}],"wp:featuredmedia":[{"embeddable":true,"href":"https:\/\/www.padreeustaquio.com.br\/es\/wp-json\/wp\/v2\/media\/4811"}],"wp:attachment":[{"href":"https:\/\/www.padreeustaquio.com.br\/es\/wp-json\/wp\/v2\/media?parent=4810"}],"wp:term":[{"taxonomy":"category","embeddable":true,"href":"https:\/\/www.padreeustaquio.com.br\/es\/wp-json\/wp\/v2\/categories?post=4810"},{"taxonomy":"post_tag","embeddable":true,"href":"https:\/\/www.padreeustaquio.com.br\/es\/wp-json\/wp\/v2\/tags?post=4810"}],"curies":[{"name":"wp","href":"https:\/\/api.w.org\/{rel}","templated":true}]}}