{"id":4795,"date":"2020-12-04T17:38:22","date_gmt":"2020-12-04T20:38:22","guid":{"rendered":"https:\/\/www.padreeustaquio.com.br\/?p=4795"},"modified":"2020-12-04T17:38:22","modified_gmt":"2020-12-04T20:38:22","slug":"34-jovenes-reciben-el-sacramento-de-la-confirmacion-en-el-santuario-de-la-salud-y-la-paz","status":"publish","type":"post","link":"https:\/\/www.padreeustaquio.com.br\/es\/34-jovenes-reciben-el-sacramento-de-la-confirmacion-en-el-santuario-de-la-salud-y-la-paz\/","title":{"rendered":"34 j\u00f3venes reciben el Sacramento de la Confirmaci\u00f3n en el Santuario de la Salud y la Paz."},"content":{"rendered":"<p>No \u00faltimo domingo, dia 29 de novembro, 34 jovens da Par\u00f3quia dos Sagrados Cora\u00e7\u00f5es, em Belo Horizonte, receberam o Sacramento da Crisma. A celebra\u00e7\u00e3o foi presidida por Dom Joaquim Mol, bispo auxiliar da capital mineira.<\/p>\n<p>Seguindo todas as regras de higieniza\u00e7\u00e3o e distanciamento, a celebra\u00e7\u00e3o que se iniciou \u00e0s 8h, ocorreu normalmente e contou com a presen\u00e7a dos pais dos crismandos, al\u00e9m do padrinho ou madrinha de cada um. A Santa Missa foi transmitida pelo Canal Padre Eust\u00e1quio, no YouTube (<a href=\"https:\/\/www.youtube.com\/watch?v=HbGxecG_3FU\">assista aqui<\/a>).<\/p>\n<p>No pr\u00f3ximo s\u00e1bado, dia 05 de dezembro, outra turma de crismando tamb\u00e9m deve receber o Sacramento. \u00c0 todos que Deus, pela intercess\u00e3o de Padre Eust\u00e1quio, d\u00ea perseveran\u00e7a e muitas gra\u00e7as para que sigam sempre este caminho!<\/p>\n<p>O Sacramento da Crisma<\/p>\n<p>O Catecismo da Igreja Cat\u00f3lica ensina que a Crisma, pertence, juntamente com o batismo e a Eucaristia, aos tr\u00eas sacramentos da inicia\u00e7\u00e3o crist\u00e3 da Igreja Cat\u00f3lica. Nesse sacramento, tal como ocorreu no Pentecostes, o Par\u00e1clito desceu sobre a comunidade dos disc\u00edpulos, ent\u00e3o reunida. Assim como neles, o Esp\u00edrito Santo tamb\u00e9m desce em cada batizado que pede \u00e0 Igreja esse dom [Esp\u00edrito Santo]. Dessa forma, o sacramento encoraja o fiel e o fortalece para uma vida de testemunho de amor a Cristo.<\/p>\n<p>A Confirma\u00e7\u00e3o \u00e9 o sacramento que completa o batismo e pelo qual recebemos o dom do Esp\u00edrito Santo. Quem se decide livremente por uma vida como filho de Deus e pede o Par\u00e1clito, sob o sinal da imposi\u00e7\u00e3o das m\u00e3os e da un\u00e7\u00e3o do \u00f3leo do Crisma, obt\u00e9m a for\u00e7a para testemunhar o amor e o poder do Senhor com palavras e atos. Essa pessoa agora \u00e9 membro leg\u00edtimo e respons\u00e1vel da Igreja Cat\u00f3lica.<\/p>\n<p><strong>Fonte: Vice-postula\u00e7\u00e3o da Causa de Canoniza\u00e7\u00e3o com informa\u00e7\u00f5es de formacao.cancaonova.com<\/strong><\/p>\n","protected":false},"excerpt":{"rendered":"<p>No \u00faltimo domingo, dia 29 de novembro, 34 jovens da Par\u00f3quia dos Sagrados Cora\u00e7\u00f5es, em Belo Horizonte, receberam o Sacramento da Crisma. A celebra\u00e7\u00e3o foi presidida por Dom Joaquim Mol, bispo auxiliar da capital mineira. Seguindo todas as regras de higieniza\u00e7\u00e3o e distanciamento, a celebra\u00e7\u00e3o que se iniciou \u00e0s 8h, ocorreu normalmente e contou com a presen\u00e7a dos pais dos crismandos, al\u00e9m do padrinho ou madrinha de cada um. A Santa Missa foi transmitida pelo Canal Padre Eust\u00e1quio, no YouTube (assista aqui). No pr\u00f3ximo s\u00e1bado, dia 05 de dezembro, outra turma de crismando tamb\u00e9m deve receber o Sacramento. \u00c0 todos [&hellip;]<\/p>\n","protected":false},"author":2,"featured_media":4796,"comment_status":"open","ping_status":"open","sticky":false,"template":"","format":"standard","meta":{"_acf_changed":false,"footnotes":""},"categories":[611],"tags":[],"class_list":["post-4795","post","type-post","status-publish","format-standard","has-post-thumbnail","hentry","category-noticias"],"acf":[],"yoast_head":"<!-- This site is optimized with the Yoast SEO plugin v27.2 - https:\/\/yoast.com\/product\/yoast-seo-wordpress\/ -->\n<title>34 jovens recebem o Sacramento da Crisma no Santu\u00e1rio da Sa\u00fade e Paz - Padre Eust\u00e1quio<\/title>\n<meta name=\"robots\" content=\"index, follow, max-snippet:-1, max-image-preview:large, max-video-preview:-1\" \/>\n<link rel=\"canonical\" href=\"https:\/\/www.padreeustaquio.com.br\/es\/34-jovenes-reciben-el-sacramento-de-la-confirmacion-en-el-santuario-de-la-salud-y-la-paz\/\" \/>\n<meta property=\"og:locale\" content=\"es_ES\" \/>\n<meta property=\"og:type\" content=\"article\" \/>\n<meta property=\"og:title\" content=\"34 jovens recebem o Sacramento da Crisma no Santu\u00e1rio da Sa\u00fade e Paz - Padre Eust\u00e1quio\" \/>\n<meta property=\"og:description\" content=\"No \u00faltimo domingo, dia 29 de novembro, 34 jovens da Par\u00f3quia dos Sagrados Cora\u00e7\u00f5es, em Belo Horizonte, receberam o Sacramento da Crisma. A celebra\u00e7\u00e3o foi presidida por Dom Joaquim Mol, bispo auxiliar da capital mineira. Seguindo todas as regras de higieniza\u00e7\u00e3o e distanciamento, a celebra\u00e7\u00e3o que se iniciou \u00e0s 8h, ocorreu normalmente e contou com a presen\u00e7a dos pais dos crismandos, al\u00e9m do padrinho ou madrinha de cada um. A Santa Missa foi transmitida pelo Canal Padre Eust\u00e1quio, no YouTube (assista aqui). No pr\u00f3ximo s\u00e1bado, dia 05 de dezembro, outra turma de crismando tamb\u00e9m deve receber o Sacramento. \u00c0 todos [&hellip;]\" \/>\n<meta property=\"og:url\" content=\"https:\/\/www.padreeustaquio.com.br\/es\/34-jovenes-reciben-el-sacramento-de-la-confirmacion-en-el-santuario-de-la-salud-y-la-paz\/\" \/>\n<meta property=\"og:site_name\" content=\"Padre Eust\u00e1quio\" \/>\n<meta property=\"article:publisher\" content=\"https:\/\/www.facebook.com\/beatopadreeustaquio\/\" \/>\n<meta property=\"article:published_time\" content=\"2020-12-04T20:38:22+00:00\" \/>\n<meta property=\"og:image\" content=\"https:\/\/www.padreeustaquio.com.br\/wp-content\/uploads\/2020\/12\/WhatsApp-Image-2020-11-30-at-09.52.26.jpeg\" \/>\n\t<meta property=\"og:image:width\" content=\"1024\" \/>\n\t<meta property=\"og:image:height\" content=\"733\" \/>\n\t<meta property=\"og:image:type\" content=\"image\/jpeg\" \/>\n<meta name=\"author\" content=\"@sscc\" \/>\n<meta name=\"twitter:card\" content=\"summary_large_image\" \/>\n<meta name=\"twitter:creator\" content=\"@beatopeustaquio\" \/>\n<meta name=\"twitter:site\" content=\"@beatopeustaquio\" \/>\n<meta name=\"twitter:label1\" content=\"Escrito por\" \/>\n\t<meta name=\"twitter:data1\" content=\"@sscc\" \/>\n\t<meta name=\"twitter:label2\" content=\"Tiempo de lectura\" \/>\n\t<meta name=\"twitter:data2\" content=\"2 minutos\" \/>\n<script type=\"application\/ld+json\" class=\"yoast-schema-graph\">{\"@context\":\"https:\/\/schema.org\",\"@graph\":[{\"@type\":\"Article\",\"@id\":\"https:\/\/www.padreeustaquio.com.br\/34-jovens-recebem-o-sacramento-da-crisma-no-santuario-da-saude-e-paz\/#article\",\"isPartOf\":{\"@id\":\"https:\/\/www.padreeustaquio.com.br\/34-jovens-recebem-o-sacramento-da-crisma-no-santuario-da-saude-e-paz\/\"},\"author\":{\"name\":\"@sscc\",\"@id\":\"https:\/\/www.padreeustaquio.com.br\/#\/schema\/person\/a2a51db1d00f1a7af0204a0f1ddb1566\"},\"headline\":\"34 jovens recebem o Sacramento da Crisma no Santu\u00e1rio da Sa\u00fade e Paz\",\"datePublished\":\"2020-12-04T20:38:22+00:00\",\"mainEntityOfPage\":{\"@id\":\"https:\/\/www.padreeustaquio.com.br\/34-jovens-recebem-o-sacramento-da-crisma-no-santuario-da-saude-e-paz\/\"},\"wordCount\":335,\"commentCount\":0,\"publisher\":{\"@id\":\"https:\/\/www.padreeustaquio.com.br\/#organization\"},\"image\":{\"@id\":\"https:\/\/www.padreeustaquio.com.br\/34-jovens-recebem-o-sacramento-da-crisma-no-santuario-da-saude-e-paz\/#primaryimage\"},\"thumbnailUrl\":\"https:\/\/www.padreeustaquio.com.br\/wp-content\/uploads\/2020\/12\/WhatsApp-Image-2020-11-30-at-09.52.26.jpeg\",\"articleSection\":[\"Not\u00edcias\"],\"inLanguage\":\"es\",\"potentialAction\":[{\"@type\":\"CommentAction\",\"name\":\"Comment\",\"target\":[\"https:\/\/www.padreeustaquio.com.br\/34-jovens-recebem-o-sacramento-da-crisma-no-santuario-da-saude-e-paz\/#respond\"]}]},{\"@type\":\"WebPage\",\"@id\":\"https:\/\/www.padreeustaquio.com.br\/34-jovens-recebem-o-sacramento-da-crisma-no-santuario-da-saude-e-paz\/\",\"url\":\"https:\/\/www.padreeustaquio.com.br\/34-jovens-recebem-o-sacramento-da-crisma-no-santuario-da-saude-e-paz\/\",\"name\":\"34 jovens recebem o Sacramento da Crisma no Santu\u00e1rio da Sa\u00fade e Paz - Padre Eust\u00e1quio\",\"isPartOf\":{\"@id\":\"https:\/\/www.padreeustaquio.com.br\/#website\"},\"primaryImageOfPage\":{\"@id\":\"https:\/\/www.padreeustaquio.com.br\/34-jovens-recebem-o-sacramento-da-crisma-no-santuario-da-saude-e-paz\/#primaryimage\"},\"image\":{\"@id\":\"https:\/\/www.padreeustaquio.com.br\/34-jovens-recebem-o-sacramento-da-crisma-no-santuario-da-saude-e-paz\/#primaryimage\"},\"thumbnailUrl\":\"https:\/\/www.padreeustaquio.com.br\/wp-content\/uploads\/2020\/12\/WhatsApp-Image-2020-11-30-at-09.52.26.jpeg\",\"datePublished\":\"2020-12-04T20:38:22+00:00\",\"breadcrumb\":{\"@id\":\"https:\/\/www.padreeustaquio.com.br\/34-jovens-recebem-o-sacramento-da-crisma-no-santuario-da-saude-e-paz\/#breadcrumb\"},\"inLanguage\":\"es\",\"potentialAction\":[{\"@type\":\"ReadAction\",\"target\":[\"https:\/\/www.padreeustaquio.com.br\/34-jovens-recebem-o-sacramento-da-crisma-no-santuario-da-saude-e-paz\/\"]}]},{\"@type\":\"ImageObject\",\"inLanguage\":\"es\",\"@id\":\"https:\/\/www.padreeustaquio.com.br\/34-jovens-recebem-o-sacramento-da-crisma-no-santuario-da-saude-e-paz\/#primaryimage\",\"url\":\"https:\/\/www.padreeustaquio.com.br\/wp-content\/uploads\/2020\/12\/WhatsApp-Image-2020-11-30-at-09.52.26.jpeg\",\"contentUrl\":\"https:\/\/www.padreeustaquio.com.br\/wp-content\/uploads\/2020\/12\/WhatsApp-Image-2020-11-30-at-09.52.26.jpeg\",\"width\":1024,\"height\":733},{\"@type\":\"BreadcrumbList\",\"@id\":\"https:\/\/www.padreeustaquio.com.br\/34-jovens-recebem-o-sacramento-da-crisma-no-santuario-da-saude-e-paz\/#breadcrumb\",\"itemListElement\":[{\"@type\":\"ListItem\",\"position\":1,\"name\":\"In\u00edcio\",\"item\":\"https:\/\/www.padreeustaquio.com.br\/\"},{\"@type\":\"ListItem\",\"position\":2,\"name\":\"34 jovens recebem o Sacramento da Crisma no Santu\u00e1rio da Sa\u00fade e Paz\"}]},{\"@type\":\"WebSite\",\"@id\":\"https:\/\/www.padreeustaquio.com.br\/#website\",\"url\":\"https:\/\/www.padreeustaquio.com.br\/\",\"name\":\"Padre Eust\u00e1quio\",\"description\":\"Sa\u00fade e Paz\",\"publisher\":{\"@id\":\"https:\/\/www.padreeustaquio.com.br\/#organization\"},\"potentialAction\":[{\"@type\":\"SearchAction\",\"target\":{\"@type\":\"EntryPoint\",\"urlTemplate\":\"https:\/\/www.padreeustaquio.com.br\/?s={search_term_string}\"},\"query-input\":{\"@type\":\"PropertyValueSpecification\",\"valueRequired\":true,\"valueName\":\"search_term_string\"}}],\"inLanguage\":\"es\"},{\"@type\":\"Organization\",\"@id\":\"https:\/\/www.padreeustaquio.com.br\/#organization\",\"name\":\"Padre Eust\u00e1quio\",\"url\":\"https:\/\/www.padreeustaquio.com.br\/\",\"logo\":{\"@type\":\"ImageObject\",\"inLanguage\":\"es\",\"@id\":\"https:\/\/www.padreeustaquio.com.br\/#\/schema\/logo\/image\/\",\"url\":\"https:\/\/www.padreeustaquio.com.br\/wp-content\/uploads\/2019\/08\/marca.png\",\"contentUrl\":\"https:\/\/www.padreeustaquio.com.br\/wp-content\/uploads\/2019\/08\/marca.png\",\"width\":350,\"height\":400,\"caption\":\"Padre Eust\u00e1quio\"},\"image\":{\"@id\":\"https:\/\/www.padreeustaquio.com.br\/#\/schema\/logo\/image\/\"},\"sameAs\":[\"https:\/\/www.facebook.com\/beatopadreeustaquio\/\",\"https:\/\/x.com\/beatopeustaquio\",\"https:\/\/www.instagram.com\/beatopadreeustaquio\/\",\"https:\/\/www.youtube.com\/channel\/UCRhw7vfabnajwLxb1ZXMeIw\"]},{\"@type\":\"Person\",\"@id\":\"https:\/\/www.padreeustaquio.com.br\/#\/schema\/person\/a2a51db1d00f1a7af0204a0f1ddb1566\",\"name\":\"@sscc\",\"image\":{\"@type\":\"ImageObject\",\"inLanguage\":\"es\",\"@id\":\"https:\/\/secure.gravatar.com\/avatar\/68cfafa5f44617fea54071e215026e0ff06be366c3d54a8425f04fdcb86f8c5f?s=96&d=mm&r=g\",\"url\":\"https:\/\/secure.gravatar.com\/avatar\/68cfafa5f44617fea54071e215026e0ff06be366c3d54a8425f04fdcb86f8c5f?s=96&d=mm&r=g\",\"contentUrl\":\"https:\/\/secure.gravatar.com\/avatar\/68cfafa5f44617fea54071e215026e0ff06be366c3d54a8425f04fdcb86f8c5f?s=96&d=mm&r=g\",\"caption\":\"@sscc\"},\"url\":\"https:\/\/www.padreeustaquio.com.br\/es\/author\/sscc\/\"}]}<\/script>\n<!-- \/ Yoast SEO plugin. -->","yoast_head_json":{"title":"34 j\u00f3venes reciben el Sacramento de la Confirmaci\u00f3n en el Santuario de la Salud y la Paz - Padre Eust\u00e1quio","robots":{"index":"index","follow":"follow","max-snippet":"max-snippet:-1","max-image-preview":"max-image-preview:large","max-video-preview":"max-video-preview:-1"},"canonical":"https:\/\/www.padreeustaquio.com.br\/es\/34-jovenes-reciben-el-sacramento-de-la-confirmacion-en-el-santuario-de-la-salud-y-la-paz\/","og_locale":"es_ES","og_type":"article","og_title":"34 jovens recebem o Sacramento da Crisma no Santu\u00e1rio da Sa\u00fade e Paz - Padre Eust\u00e1quio","og_description":"No \u00faltimo domingo, dia 29 de novembro, 34 jovens da Par\u00f3quia dos Sagrados Cora\u00e7\u00f5es, em Belo Horizonte, receberam o Sacramento da Crisma. A celebra\u00e7\u00e3o foi presidida por Dom Joaquim Mol, bispo auxiliar da capital mineira. Seguindo todas as regras de higieniza\u00e7\u00e3o e distanciamento, a celebra\u00e7\u00e3o que se iniciou \u00e0s 8h, ocorreu normalmente e contou com a presen\u00e7a dos pais dos crismandos, al\u00e9m do padrinho ou madrinha de cada um. A Santa Missa foi transmitida pelo Canal Padre Eust\u00e1quio, no YouTube (assista aqui). No pr\u00f3ximo s\u00e1bado, dia 05 de dezembro, outra turma de crismando tamb\u00e9m deve receber o Sacramento. \u00c0 todos [&hellip;]","og_url":"https:\/\/www.padreeustaquio.com.br\/es\/34-jovenes-reciben-el-sacramento-de-la-confirmacion-en-el-santuario-de-la-salud-y-la-paz\/","og_site_name":"Padre Eust\u00e1quio","article_publisher":"https:\/\/www.facebook.com\/beatopadreeustaquio\/","article_published_time":"2020-12-04T20:38:22+00:00","og_image":[{"width":1024,"height":733,"url":"https:\/\/www.padreeustaquio.com.br\/wp-content\/uploads\/2020\/12\/WhatsApp-Image-2020-11-30-at-09.52.26.jpeg","type":"image\/jpeg"}],"author":"@sscc","twitter_card":"summary_large_image","twitter_creator":"@beatopeustaquio","twitter_site":"@beatopeustaquio","twitter_misc":{"Escrito por":"@sscc","Tiempo de lectura":"2 minutos"},"schema":{"@context":"https:\/\/schema.org","@graph":[{"@type":"Article","@id":"https:\/\/www.padreeustaquio.com.br\/34-jovens-recebem-o-sacramento-da-crisma-no-santuario-da-saude-e-paz\/#article","isPartOf":{"@id":"https:\/\/www.padreeustaquio.com.br\/34-jovens-recebem-o-sacramento-da-crisma-no-santuario-da-saude-e-paz\/"},"author":{"name":"@sscc","@id":"https:\/\/www.padreeustaquio.com.br\/#\/schema\/person\/a2a51db1d00f1a7af0204a0f1ddb1566"},"headline":"34 jovens recebem o Sacramento da Crisma no Santu\u00e1rio da Sa\u00fade e Paz","datePublished":"2020-12-04T20:38:22+00:00","mainEntityOfPage":{"@id":"https:\/\/www.padreeustaquio.com.br\/34-jovens-recebem-o-sacramento-da-crisma-no-santuario-da-saude-e-paz\/"},"wordCount":335,"commentCount":0,"publisher":{"@id":"https:\/\/www.padreeustaquio.com.br\/#organization"},"image":{"@id":"https:\/\/www.padreeustaquio.com.br\/34-jovens-recebem-o-sacramento-da-crisma-no-santuario-da-saude-e-paz\/#primaryimage"},"thumbnailUrl":"https:\/\/www.padreeustaquio.com.br\/wp-content\/uploads\/2020\/12\/WhatsApp-Image-2020-11-30-at-09.52.26.jpeg","articleSection":["Not\u00edcias"],"inLanguage":"es","potentialAction":[{"@type":"CommentAction","name":"Comment","target":["https:\/\/www.padreeustaquio.com.br\/34-jovens-recebem-o-sacramento-da-crisma-no-santuario-da-saude-e-paz\/#respond"]}]},{"@type":"WebPage","@id":"https:\/\/www.padreeustaquio.com.br\/34-jovens-recebem-o-sacramento-da-crisma-no-santuario-da-saude-e-paz\/","url":"https:\/\/www.padreeustaquio.com.br\/34-jovens-recebem-o-sacramento-da-crisma-no-santuario-da-saude-e-paz\/","name":"34 j\u00f3venes reciben el Sacramento de la Confirmaci\u00f3n en el Santuario de la Salud y la Paz - Padre Eust\u00e1quio","isPartOf":{"@id":"https:\/\/www.padreeustaquio.com.br\/#website"},"primaryImageOfPage":{"@id":"https:\/\/www.padreeustaquio.com.br\/34-jovens-recebem-o-sacramento-da-crisma-no-santuario-da-saude-e-paz\/#primaryimage"},"image":{"@id":"https:\/\/www.padreeustaquio.com.br\/34-jovens-recebem-o-sacramento-da-crisma-no-santuario-da-saude-e-paz\/#primaryimage"},"thumbnailUrl":"https:\/\/www.padreeustaquio.com.br\/wp-content\/uploads\/2020\/12\/WhatsApp-Image-2020-11-30-at-09.52.26.jpeg","datePublished":"2020-12-04T20:38:22+00:00","breadcrumb":{"@id":"https:\/\/www.padreeustaquio.com.br\/34-jovens-recebem-o-sacramento-da-crisma-no-santuario-da-saude-e-paz\/#breadcrumb"},"inLanguage":"es","potentialAction":[{"@type":"ReadAction","target":["https:\/\/www.padreeustaquio.com.br\/34-jovens-recebem-o-sacramento-da-crisma-no-santuario-da-saude-e-paz\/"]}]},{"@type":"ImageObject","inLanguage":"es","@id":"https:\/\/www.padreeustaquio.com.br\/34-jovens-recebem-o-sacramento-da-crisma-no-santuario-da-saude-e-paz\/#primaryimage","url":"https:\/\/www.padreeustaquio.com.br\/wp-content\/uploads\/2020\/12\/WhatsApp-Image-2020-11-30-at-09.52.26.jpeg","contentUrl":"https:\/\/www.padreeustaquio.com.br\/wp-content\/uploads\/2020\/12\/WhatsApp-Image-2020-11-30-at-09.52.26.jpeg","width":1024,"height":733},{"@type":"BreadcrumbList","@id":"https:\/\/www.padreeustaquio.com.br\/34-jovens-recebem-o-sacramento-da-crisma-no-santuario-da-saude-e-paz\/#breadcrumb","itemListElement":[{"@type":"ListItem","position":1,"name":"In\u00edcio","item":"https:\/\/www.padreeustaquio.com.br\/"},{"@type":"ListItem","position":2,"name":"34 jovens recebem o Sacramento da Crisma no Santu\u00e1rio da Sa\u00fade e Paz"}]},{"@type":"WebSite","@id":"https:\/\/www.padreeustaquio.com.br\/#website","url":"https:\/\/www.padreeustaquio.com.br\/","name":"Padre Eustace","description":"Salud y Paz","publisher":{"@id":"https:\/\/www.padreeustaquio.com.br\/#organization"},"potentialAction":[{"@type":"SearchAction","target":{"@type":"EntryPoint","urlTemplate":"https:\/\/www.padreeustaquio.com.br\/?s={search_term_string}"},"query-input":{"@type":"PropertyValueSpecification","valueRequired":true,"valueName":"search_term_string"}}],"inLanguage":"es"},{"@type":"Organization","@id":"https:\/\/www.padreeustaquio.com.br\/#organization","name":"Padre Eustace","url":"https:\/\/www.padreeustaquio.com.br\/","logo":{"@type":"ImageObject","inLanguage":"es","@id":"https:\/\/www.padreeustaquio.com.br\/#\/schema\/logo\/image\/","url":"https:\/\/www.padreeustaquio.com.br\/wp-content\/uploads\/2019\/08\/marca.png","contentUrl":"https:\/\/www.padreeustaquio.com.br\/wp-content\/uploads\/2019\/08\/marca.png","width":350,"height":400,"caption":"Padre Eust\u00e1quio"},"image":{"@id":"https:\/\/www.padreeustaquio.com.br\/#\/schema\/logo\/image\/"},"sameAs":["https:\/\/www.facebook.com\/beatopadreeustaquio\/","https:\/\/x.com\/beatopeustaquio","https:\/\/www.instagram.com\/beatopadreeustaquio\/","https:\/\/www.youtube.com\/channel\/UCRhw7vfabnajwLxb1ZXMeIw"]},{"@type":"Person","@id":"https:\/\/www.padreeustaquio.com.br\/#\/schema\/person\/a2a51db1d00f1a7af0204a0f1ddb1566","name":"@sscc","image":{"@type":"ImageObject","inLanguage":"es","@id":"https:\/\/secure.gravatar.com\/avatar\/68cfafa5f44617fea54071e215026e0ff06be366c3d54a8425f04fdcb86f8c5f?s=96&d=mm&r=g","url":"https:\/\/secure.gravatar.com\/avatar\/68cfafa5f44617fea54071e215026e0ff06be366c3d54a8425f04fdcb86f8c5f?s=96&d=mm&r=g","contentUrl":"https:\/\/secure.gravatar.com\/avatar\/68cfafa5f44617fea54071e215026e0ff06be366c3d54a8425f04fdcb86f8c5f?s=96&d=mm&r=g","caption":"@sscc"},"url":"https:\/\/www.padreeustaquio.com.br\/es\/author\/sscc\/"}]}},"_links":{"self":[{"href":"https:\/\/www.padreeustaquio.com.br\/es\/wp-json\/wp\/v2\/posts\/4795","targetHints":{"allow":["GET"]}}],"collection":[{"href":"https:\/\/www.padreeustaquio.com.br\/es\/wp-json\/wp\/v2\/posts"}],"about":[{"href":"https:\/\/www.padreeustaquio.com.br\/es\/wp-json\/wp\/v2\/types\/post"}],"author":[{"embeddable":true,"href":"https:\/\/www.padreeustaquio.com.br\/es\/wp-json\/wp\/v2\/users\/2"}],"replies":[{"embeddable":true,"href":"https:\/\/www.padreeustaquio.com.br\/es\/wp-json\/wp\/v2\/comments?post=4795"}],"version-history":[{"count":0,"href":"https:\/\/www.padreeustaquio.com.br\/es\/wp-json\/wp\/v2\/posts\/4795\/revisions"}],"wp:featuredmedia":[{"embeddable":true,"href":"https:\/\/www.padreeustaquio.com.br\/es\/wp-json\/wp\/v2\/media\/4796"}],"wp:attachment":[{"href":"https:\/\/www.padreeustaquio.com.br\/es\/wp-json\/wp\/v2\/media?parent=4795"}],"wp:term":[{"taxonomy":"category","embeddable":true,"href":"https:\/\/www.padreeustaquio.com.br\/es\/wp-json\/wp\/v2\/categories?post=4795"},{"taxonomy":"post_tag","embeddable":true,"href":"https:\/\/www.padreeustaquio.com.br\/es\/wp-json\/wp\/v2\/tags?post=4795"}],"curies":[{"name":"wp","href":"https:\/\/api.w.org\/{rel}","templated":true}]}}