{"id":4785,"date":"2020-11-30T09:49:38","date_gmt":"2020-11-30T12:49:38","guid":{"rendered":"https:\/\/www.padreeustaquio.com.br\/?p=4785"},"modified":"2020-11-30T09:49:38","modified_gmt":"2020-11-30T12:49:38","slug":"el-padre-marlon-devoto-del-padre-eustaquio-ya-celebra-en-casa","status":"publish","type":"post","link":"https:\/\/www.padreeustaquio.com.br\/es\/el-padre-marlon-devoto-del-padre-eustaquio-ya-celebra-en-casa\/","title":{"rendered":"El padre Marlon, devoto del padre Eustaquio, ya est\u00e1 celebrando la misa en su casa."},"content":{"rendered":"<div class=\"kvgmc6g5 cxmmr5t8 oygrvhab hcukyx3x c1et5uql ii04i59q\">\n<div dir=\"auto\">Tras negarse a ser intubado para seguir celebrando la Misa, el padre Marlon Mucio, mss, fue dado de alta de la UCI y est\u00e1 celebrando el primer domingo de Adviento en casa.<\/p>\n<\/div>\n<\/div>\n<div class=\"o9v6fnle cxmmr5t8 oygrvhab hcukyx3x c1et5uql ii04i59q\">\n<div dir=\"auto\">El padre Marlon sufre de RTD, trastorno por deficiencia de riboflavina (aprenda m\u00e1s sobre la enfermedad en la p\u00e1gina). <a href=\"https:\/\/www.facebook.com\/curertdbrasil\/\">Curar RTD<\/a>Ingres\u00f3 en la UCI. Debido a la enfermedad, necesita ventilaci\u00f3n mec\u00e1nica constante para respirar.<\/p>\n<\/div>\n<\/div>\n<div class=\"o9v6fnle cxmmr5t8 oygrvhab hcukyx3x c1et5uql ii04i59q\">\n<div dir=\"auto\">En 2018, tras atravesar una crisis de enfermedad y orar intensamente por su sanaci\u00f3n, recibi\u00f3 repentinamente la gracia. El sacerdote relat\u00f3 que, tras una oraci\u00f3n nocturna, se despert\u00f3 con una energ\u00eda extraordinaria. Fue entonces cuando comprendi\u00f3 que hab\u00eda recibido la bendici\u00f3n que tanto anhelaba. Durante la noche, pudo contemplar a los santos a los que era devoto, uno de los cuales era el Padre Eustaquio.<\/p>\n<\/div>\n<\/div>\n<div class=\"o9v6fnle cxmmr5t8 oygrvhab hcukyx3x c1et5uql ii04i59q\">\n<div dir=\"auto\">El Padre Marlon es devoto del Padre Eust\u00e1quio y el 30 de agosto de 2019 estuvo en el Santuario de la Salud y la Paz celebrando el d\u00eda de nuestro Beato. Durante su visita, tambi\u00e9n grab\u00f3 un video donde habla de su devoci\u00f3n al Beato. <a href=\"https:\/\/www.youtube.com\/watch?v=S1PiF6vUCPY&amp;lc=UgxJBeaxuLXcLYs215R4AaABAg\">Mira aqu\u00ed<\/a> Y compartirlo.<\/div>\n<\/div>","protected":false},"excerpt":{"rendered":"<p>Depois de se recusar a ser entubado para continuar celebrando missas, Padre Marlon Mucio, mss, teve alta da UTI e celebra primeiro domingo do Advento em Casa. Padre Marlon sofre de RTD, Defici\u00eancia do Transtorno de Riboflavina (saiba mais sobre a doen\u00e7a na p\u00e1gina Cure RTD), e precisou ser internado na UTI. Por causa da doen\u00e7a, ele precisa da ajuda de ventila\u00e7\u00e3o mec\u00e2nica constantemente para respirar. Em 2018, depois de passar por uma crise da doen\u00e7a e rezar muito pela cura, obteve a gra\u00e7a repentinamente. O sacerdote contou que, ap\u00f3s uma ora\u00e7\u00e3o noturna, ele amanheceu com extraordin\u00e1ria disposi\u00e7\u00e3o. Foi, ent\u00e3o, [&hellip;]<\/p>\n","protected":false},"author":2,"featured_media":4786,"comment_status":"open","ping_status":"open","sticky":false,"template":"","format":"standard","meta":{"_acf_changed":false,"footnotes":""},"categories":[611],"tags":[],"class_list":["post-4785","post","type-post","status-publish","format-standard","has-post-thumbnail","hentry","category-noticias"],"acf":[],"yoast_head":"<!-- This site is optimized with the Yoast SEO plugin v27.2 - https:\/\/yoast.com\/product\/yoast-seo-wordpress\/ -->\n<title>Padre Marlon, devoto de Padre Eust\u00e1quio, j\u00e1 celebra em casa - Padre Eust\u00e1quio<\/title>\n<meta name=\"robots\" content=\"index, follow, max-snippet:-1, max-image-preview:large, max-video-preview:-1\" \/>\n<link rel=\"canonical\" href=\"https:\/\/www.padreeustaquio.com.br\/es\/el-padre-marlon-devoto-del-padre-eustaquio-ya-celebra-en-casa\/\" \/>\n<meta property=\"og:locale\" content=\"es_ES\" \/>\n<meta property=\"og:type\" content=\"article\" \/>\n<meta property=\"og:title\" content=\"Padre Marlon, devoto de Padre Eust\u00e1quio, j\u00e1 celebra em casa - Padre Eust\u00e1quio\" \/>\n<meta property=\"og:description\" content=\"Depois de se recusar a ser entubado para continuar celebrando missas, Padre Marlon Mucio, mss, teve alta da UTI e celebra primeiro domingo do Advento em Casa. Padre Marlon sofre de RTD, Defici\u00eancia do Transtorno de Riboflavina (saiba mais sobre a doen\u00e7a na p\u00e1gina Cure RTD), e precisou ser internado na UTI. Por causa da doen\u00e7a, ele precisa da ajuda de ventila\u00e7\u00e3o mec\u00e2nica constantemente para respirar. Em 2018, depois de passar por uma crise da doen\u00e7a e rezar muito pela cura, obteve a gra\u00e7a repentinamente. O sacerdote contou que, ap\u00f3s uma ora\u00e7\u00e3o noturna, ele amanheceu com extraordin\u00e1ria disposi\u00e7\u00e3o. Foi, ent\u00e3o, [&hellip;]\" \/>\n<meta property=\"og:url\" content=\"https:\/\/www.padreeustaquio.com.br\/es\/el-padre-marlon-devoto-del-padre-eustaquio-ya-celebra-en-casa\/\" \/>\n<meta property=\"og:site_name\" content=\"Padre Eust\u00e1quio\" \/>\n<meta property=\"article:publisher\" content=\"https:\/\/www.facebook.com\/beatopadreeustaquio\/\" \/>\n<meta property=\"article:published_time\" content=\"2020-11-30T12:49:38+00:00\" \/>\n<meta property=\"og:image\" content=\"https:\/\/www.padreeustaquio.com.br\/wp-content\/uploads\/2020\/11\/PADRE-MARLON.jpg\" \/>\n\t<meta property=\"og:image:width\" content=\"748\" \/>\n\t<meta property=\"og:image:height\" content=\"394\" \/>\n\t<meta property=\"og:image:type\" content=\"image\/jpeg\" \/>\n<meta name=\"author\" content=\"@sscc\" \/>\n<meta name=\"twitter:card\" content=\"summary_large_image\" \/>\n<meta name=\"twitter:creator\" content=\"@beatopeustaquio\" \/>\n<meta name=\"twitter:site\" content=\"@beatopeustaquio\" \/>\n<meta name=\"twitter:label1\" content=\"Escrito por\" \/>\n\t<meta name=\"twitter:data1\" content=\"@sscc\" \/>\n\t<meta name=\"twitter:label2\" content=\"Tiempo de lectura\" \/>\n\t<meta name=\"twitter:data2\" content=\"1 minuto\" \/>\n<script type=\"application\/ld+json\" class=\"yoast-schema-graph\">{\"@context\":\"https:\/\/schema.org\",\"@graph\":[{\"@type\":\"Article\",\"@id\":\"https:\/\/www.padreeustaquio.com.br\/padre-marlon-devoto-de-padre-eustaquio-ja-celebra-em-casa\/#article\",\"isPartOf\":{\"@id\":\"https:\/\/www.padreeustaquio.com.br\/padre-marlon-devoto-de-padre-eustaquio-ja-celebra-em-casa\/\"},\"author\":{\"name\":\"@sscc\",\"@id\":\"https:\/\/www.padreeustaquio.com.br\/#\/schema\/person\/a2a51db1d00f1a7af0204a0f1ddb1566\"},\"headline\":\"Padre Marlon, devoto de Padre Eust\u00e1quio, j\u00e1 celebra em casa\",\"datePublished\":\"2020-11-30T12:49:38+00:00\",\"mainEntityOfPage\":{\"@id\":\"https:\/\/www.padreeustaquio.com.br\/padre-marlon-devoto-de-padre-eustaquio-ja-celebra-em-casa\/\"},\"wordCount\":204,\"commentCount\":0,\"publisher\":{\"@id\":\"https:\/\/www.padreeustaquio.com.br\/#organization\"},\"image\":{\"@id\":\"https:\/\/www.padreeustaquio.com.br\/padre-marlon-devoto-de-padre-eustaquio-ja-celebra-em-casa\/#primaryimage\"},\"thumbnailUrl\":\"https:\/\/www.padreeustaquio.com.br\/wp-content\/uploads\/2020\/11\/PADRE-MARLON.jpg\",\"articleSection\":[\"Not\u00edcias\"],\"inLanguage\":\"es\",\"potentialAction\":[{\"@type\":\"CommentAction\",\"name\":\"Comment\",\"target\":[\"https:\/\/www.padreeustaquio.com.br\/padre-marlon-devoto-de-padre-eustaquio-ja-celebra-em-casa\/#respond\"]}]},{\"@type\":\"WebPage\",\"@id\":\"https:\/\/www.padreeustaquio.com.br\/padre-marlon-devoto-de-padre-eustaquio-ja-celebra-em-casa\/\",\"url\":\"https:\/\/www.padreeustaquio.com.br\/padre-marlon-devoto-de-padre-eustaquio-ja-celebra-em-casa\/\",\"name\":\"Padre Marlon, devoto de Padre Eust\u00e1quio, j\u00e1 celebra em casa - Padre Eust\u00e1quio\",\"isPartOf\":{\"@id\":\"https:\/\/www.padreeustaquio.com.br\/#website\"},\"primaryImageOfPage\":{\"@id\":\"https:\/\/www.padreeustaquio.com.br\/padre-marlon-devoto-de-padre-eustaquio-ja-celebra-em-casa\/#primaryimage\"},\"image\":{\"@id\":\"https:\/\/www.padreeustaquio.com.br\/padre-marlon-devoto-de-padre-eustaquio-ja-celebra-em-casa\/#primaryimage\"},\"thumbnailUrl\":\"https:\/\/www.padreeustaquio.com.br\/wp-content\/uploads\/2020\/11\/PADRE-MARLON.jpg\",\"datePublished\":\"2020-11-30T12:49:38+00:00\",\"breadcrumb\":{\"@id\":\"https:\/\/www.padreeustaquio.com.br\/padre-marlon-devoto-de-padre-eustaquio-ja-celebra-em-casa\/#breadcrumb\"},\"inLanguage\":\"es\",\"potentialAction\":[{\"@type\":\"ReadAction\",\"target\":[\"https:\/\/www.padreeustaquio.com.br\/padre-marlon-devoto-de-padre-eustaquio-ja-celebra-em-casa\/\"]}]},{\"@type\":\"ImageObject\",\"inLanguage\":\"es\",\"@id\":\"https:\/\/www.padreeustaquio.com.br\/padre-marlon-devoto-de-padre-eustaquio-ja-celebra-em-casa\/#primaryimage\",\"url\":\"https:\/\/www.padreeustaquio.com.br\/wp-content\/uploads\/2020\/11\/PADRE-MARLON.jpg\",\"contentUrl\":\"https:\/\/www.padreeustaquio.com.br\/wp-content\/uploads\/2020\/11\/PADRE-MARLON.jpg\",\"width\":748,\"height\":394},{\"@type\":\"BreadcrumbList\",\"@id\":\"https:\/\/www.padreeustaquio.com.br\/padre-marlon-devoto-de-padre-eustaquio-ja-celebra-em-casa\/#breadcrumb\",\"itemListElement\":[{\"@type\":\"ListItem\",\"position\":1,\"name\":\"In\u00edcio\",\"item\":\"https:\/\/www.padreeustaquio.com.br\/\"},{\"@type\":\"ListItem\",\"position\":2,\"name\":\"Padre Marlon, devoto de Padre Eust\u00e1quio, j\u00e1 celebra em casa\"}]},{\"@type\":\"WebSite\",\"@id\":\"https:\/\/www.padreeustaquio.com.br\/#website\",\"url\":\"https:\/\/www.padreeustaquio.com.br\/\",\"name\":\"Padre Eust\u00e1quio\",\"description\":\"Sa\u00fade e Paz\",\"publisher\":{\"@id\":\"https:\/\/www.padreeustaquio.com.br\/#organization\"},\"potentialAction\":[{\"@type\":\"SearchAction\",\"target\":{\"@type\":\"EntryPoint\",\"urlTemplate\":\"https:\/\/www.padreeustaquio.com.br\/?s={search_term_string}\"},\"query-input\":{\"@type\":\"PropertyValueSpecification\",\"valueRequired\":true,\"valueName\":\"search_term_string\"}}],\"inLanguage\":\"es\"},{\"@type\":\"Organization\",\"@id\":\"https:\/\/www.padreeustaquio.com.br\/#organization\",\"name\":\"Padre Eust\u00e1quio\",\"url\":\"https:\/\/www.padreeustaquio.com.br\/\",\"logo\":{\"@type\":\"ImageObject\",\"inLanguage\":\"es\",\"@id\":\"https:\/\/www.padreeustaquio.com.br\/#\/schema\/logo\/image\/\",\"url\":\"https:\/\/www.padreeustaquio.com.br\/wp-content\/uploads\/2019\/08\/marca.png\",\"contentUrl\":\"https:\/\/www.padreeustaquio.com.br\/wp-content\/uploads\/2019\/08\/marca.png\",\"width\":350,\"height\":400,\"caption\":\"Padre Eust\u00e1quio\"},\"image\":{\"@id\":\"https:\/\/www.padreeustaquio.com.br\/#\/schema\/logo\/image\/\"},\"sameAs\":[\"https:\/\/www.facebook.com\/beatopadreeustaquio\/\",\"https:\/\/x.com\/beatopeustaquio\",\"https:\/\/www.instagram.com\/beatopadreeustaquio\/\",\"https:\/\/www.youtube.com\/channel\/UCRhw7vfabnajwLxb1ZXMeIw\"]},{\"@type\":\"Person\",\"@id\":\"https:\/\/www.padreeustaquio.com.br\/#\/schema\/person\/a2a51db1d00f1a7af0204a0f1ddb1566\",\"name\":\"@sscc\",\"image\":{\"@type\":\"ImageObject\",\"inLanguage\":\"es\",\"@id\":\"https:\/\/secure.gravatar.com\/avatar\/68cfafa5f44617fea54071e215026e0ff06be366c3d54a8425f04fdcb86f8c5f?s=96&d=mm&r=g\",\"url\":\"https:\/\/secure.gravatar.com\/avatar\/68cfafa5f44617fea54071e215026e0ff06be366c3d54a8425f04fdcb86f8c5f?s=96&d=mm&r=g\",\"contentUrl\":\"https:\/\/secure.gravatar.com\/avatar\/68cfafa5f44617fea54071e215026e0ff06be366c3d54a8425f04fdcb86f8c5f?s=96&d=mm&r=g\",\"caption\":\"@sscc\"},\"url\":\"https:\/\/www.padreeustaquio.com.br\/es\/author\/sscc\/\"}]}<\/script>\n<!-- \/ Yoast SEO plugin. -->","yoast_head_json":{"title":"El padre Marlon, devoto del padre Eust\u00e1quio, ya celebra la misa en su casa - Padre Eust\u00e1quio","robots":{"index":"index","follow":"follow","max-snippet":"max-snippet:-1","max-image-preview":"max-image-preview:large","max-video-preview":"max-video-preview:-1"},"canonical":"https:\/\/www.padreeustaquio.com.br\/es\/el-padre-marlon-devoto-del-padre-eustaquio-ya-celebra-en-casa\/","og_locale":"es_ES","og_type":"article","og_title":"Padre Marlon, devoto de Padre Eust\u00e1quio, j\u00e1 celebra em casa - Padre Eust\u00e1quio","og_description":"Depois de se recusar a ser entubado para continuar celebrando missas, Padre Marlon Mucio, mss, teve alta da UTI e celebra primeiro domingo do Advento em Casa. Padre Marlon sofre de RTD, Defici\u00eancia do Transtorno de Riboflavina (saiba mais sobre a doen\u00e7a na p\u00e1gina Cure RTD), e precisou ser internado na UTI. Por causa da doen\u00e7a, ele precisa da ajuda de ventila\u00e7\u00e3o mec\u00e2nica constantemente para respirar. Em 2018, depois de passar por uma crise da doen\u00e7a e rezar muito pela cura, obteve a gra\u00e7a repentinamente. O sacerdote contou que, ap\u00f3s uma ora\u00e7\u00e3o noturna, ele amanheceu com extraordin\u00e1ria disposi\u00e7\u00e3o. Foi, ent\u00e3o, [&hellip;]","og_url":"https:\/\/www.padreeustaquio.com.br\/es\/el-padre-marlon-devoto-del-padre-eustaquio-ya-celebra-en-casa\/","og_site_name":"Padre Eust\u00e1quio","article_publisher":"https:\/\/www.facebook.com\/beatopadreeustaquio\/","article_published_time":"2020-11-30T12:49:38+00:00","og_image":[{"width":748,"height":394,"url":"https:\/\/www.padreeustaquio.com.br\/wp-content\/uploads\/2020\/11\/PADRE-MARLON.jpg","type":"image\/jpeg"}],"author":"@sscc","twitter_card":"summary_large_image","twitter_creator":"@beatopeustaquio","twitter_site":"@beatopeustaquio","twitter_misc":{"Escrito por":"@sscc","Tiempo de lectura":"1 minuto"},"schema":{"@context":"https:\/\/schema.org","@graph":[{"@type":"Article","@id":"https:\/\/www.padreeustaquio.com.br\/padre-marlon-devoto-de-padre-eustaquio-ja-celebra-em-casa\/#article","isPartOf":{"@id":"https:\/\/www.padreeustaquio.com.br\/padre-marlon-devoto-de-padre-eustaquio-ja-celebra-em-casa\/"},"author":{"name":"@sscc","@id":"https:\/\/www.padreeustaquio.com.br\/#\/schema\/person\/a2a51db1d00f1a7af0204a0f1ddb1566"},"headline":"Padre Marlon, devoto de Padre Eust\u00e1quio, j\u00e1 celebra em casa","datePublished":"2020-11-30T12:49:38+00:00","mainEntityOfPage":{"@id":"https:\/\/www.padreeustaquio.com.br\/padre-marlon-devoto-de-padre-eustaquio-ja-celebra-em-casa\/"},"wordCount":204,"commentCount":0,"publisher":{"@id":"https:\/\/www.padreeustaquio.com.br\/#organization"},"image":{"@id":"https:\/\/www.padreeustaquio.com.br\/padre-marlon-devoto-de-padre-eustaquio-ja-celebra-em-casa\/#primaryimage"},"thumbnailUrl":"https:\/\/www.padreeustaquio.com.br\/wp-content\/uploads\/2020\/11\/PADRE-MARLON.jpg","articleSection":["Not\u00edcias"],"inLanguage":"es","potentialAction":[{"@type":"CommentAction","name":"Comment","target":["https:\/\/www.padreeustaquio.com.br\/padre-marlon-devoto-de-padre-eustaquio-ja-celebra-em-casa\/#respond"]}]},{"@type":"WebPage","@id":"https:\/\/www.padreeustaquio.com.br\/padre-marlon-devoto-de-padre-eustaquio-ja-celebra-em-casa\/","url":"https:\/\/www.padreeustaquio.com.br\/padre-marlon-devoto-de-padre-eustaquio-ja-celebra-em-casa\/","name":"El padre Marlon, devoto del padre Eust\u00e1quio, ya celebra la misa en su casa - Padre Eust\u00e1quio","isPartOf":{"@id":"https:\/\/www.padreeustaquio.com.br\/#website"},"primaryImageOfPage":{"@id":"https:\/\/www.padreeustaquio.com.br\/padre-marlon-devoto-de-padre-eustaquio-ja-celebra-em-casa\/#primaryimage"},"image":{"@id":"https:\/\/www.padreeustaquio.com.br\/padre-marlon-devoto-de-padre-eustaquio-ja-celebra-em-casa\/#primaryimage"},"thumbnailUrl":"https:\/\/www.padreeustaquio.com.br\/wp-content\/uploads\/2020\/11\/PADRE-MARLON.jpg","datePublished":"2020-11-30T12:49:38+00:00","breadcrumb":{"@id":"https:\/\/www.padreeustaquio.com.br\/padre-marlon-devoto-de-padre-eustaquio-ja-celebra-em-casa\/#breadcrumb"},"inLanguage":"es","potentialAction":[{"@type":"ReadAction","target":["https:\/\/www.padreeustaquio.com.br\/padre-marlon-devoto-de-padre-eustaquio-ja-celebra-em-casa\/"]}]},{"@type":"ImageObject","inLanguage":"es","@id":"https:\/\/www.padreeustaquio.com.br\/padre-marlon-devoto-de-padre-eustaquio-ja-celebra-em-casa\/#primaryimage","url":"https:\/\/www.padreeustaquio.com.br\/wp-content\/uploads\/2020\/11\/PADRE-MARLON.jpg","contentUrl":"https:\/\/www.padreeustaquio.com.br\/wp-content\/uploads\/2020\/11\/PADRE-MARLON.jpg","width":748,"height":394},{"@type":"BreadcrumbList","@id":"https:\/\/www.padreeustaquio.com.br\/padre-marlon-devoto-de-padre-eustaquio-ja-celebra-em-casa\/#breadcrumb","itemListElement":[{"@type":"ListItem","position":1,"name":"In\u00edcio","item":"https:\/\/www.padreeustaquio.com.br\/"},{"@type":"ListItem","position":2,"name":"Padre Marlon, devoto de Padre Eust\u00e1quio, j\u00e1 celebra em casa"}]},{"@type":"WebSite","@id":"https:\/\/www.padreeustaquio.com.br\/#website","url":"https:\/\/www.padreeustaquio.com.br\/","name":"Padre Eustace","description":"Salud y Paz","publisher":{"@id":"https:\/\/www.padreeustaquio.com.br\/#organization"},"potentialAction":[{"@type":"SearchAction","target":{"@type":"EntryPoint","urlTemplate":"https:\/\/www.padreeustaquio.com.br\/?s={search_term_string}"},"query-input":{"@type":"PropertyValueSpecification","valueRequired":true,"valueName":"search_term_string"}}],"inLanguage":"es"},{"@type":"Organization","@id":"https:\/\/www.padreeustaquio.com.br\/#organization","name":"Padre Eustace","url":"https:\/\/www.padreeustaquio.com.br\/","logo":{"@type":"ImageObject","inLanguage":"es","@id":"https:\/\/www.padreeustaquio.com.br\/#\/schema\/logo\/image\/","url":"https:\/\/www.padreeustaquio.com.br\/wp-content\/uploads\/2019\/08\/marca.png","contentUrl":"https:\/\/www.padreeustaquio.com.br\/wp-content\/uploads\/2019\/08\/marca.png","width":350,"height":400,"caption":"Padre Eust\u00e1quio"},"image":{"@id":"https:\/\/www.padreeustaquio.com.br\/#\/schema\/logo\/image\/"},"sameAs":["https:\/\/www.facebook.com\/beatopadreeustaquio\/","https:\/\/x.com\/beatopeustaquio","https:\/\/www.instagram.com\/beatopadreeustaquio\/","https:\/\/www.youtube.com\/channel\/UCRhw7vfabnajwLxb1ZXMeIw"]},{"@type":"Person","@id":"https:\/\/www.padreeustaquio.com.br\/#\/schema\/person\/a2a51db1d00f1a7af0204a0f1ddb1566","name":"@sscc","image":{"@type":"ImageObject","inLanguage":"es","@id":"https:\/\/secure.gravatar.com\/avatar\/68cfafa5f44617fea54071e215026e0ff06be366c3d54a8425f04fdcb86f8c5f?s=96&d=mm&r=g","url":"https:\/\/secure.gravatar.com\/avatar\/68cfafa5f44617fea54071e215026e0ff06be366c3d54a8425f04fdcb86f8c5f?s=96&d=mm&r=g","contentUrl":"https:\/\/secure.gravatar.com\/avatar\/68cfafa5f44617fea54071e215026e0ff06be366c3d54a8425f04fdcb86f8c5f?s=96&d=mm&r=g","caption":"@sscc"},"url":"https:\/\/www.padreeustaquio.com.br\/es\/author\/sscc\/"}]}},"_links":{"self":[{"href":"https:\/\/www.padreeustaquio.com.br\/es\/wp-json\/wp\/v2\/posts\/4785","targetHints":{"allow":["GET"]}}],"collection":[{"href":"https:\/\/www.padreeustaquio.com.br\/es\/wp-json\/wp\/v2\/posts"}],"about":[{"href":"https:\/\/www.padreeustaquio.com.br\/es\/wp-json\/wp\/v2\/types\/post"}],"author":[{"embeddable":true,"href":"https:\/\/www.padreeustaquio.com.br\/es\/wp-json\/wp\/v2\/users\/2"}],"replies":[{"embeddable":true,"href":"https:\/\/www.padreeustaquio.com.br\/es\/wp-json\/wp\/v2\/comments?post=4785"}],"version-history":[{"count":0,"href":"https:\/\/www.padreeustaquio.com.br\/es\/wp-json\/wp\/v2\/posts\/4785\/revisions"}],"wp:featuredmedia":[{"embeddable":true,"href":"https:\/\/www.padreeustaquio.com.br\/es\/wp-json\/wp\/v2\/media\/4786"}],"wp:attachment":[{"href":"https:\/\/www.padreeustaquio.com.br\/es\/wp-json\/wp\/v2\/media?parent=4785"}],"wp:term":[{"taxonomy":"category","embeddable":true,"href":"https:\/\/www.padreeustaquio.com.br\/es\/wp-json\/wp\/v2\/categories?post=4785"},{"taxonomy":"post_tag","embeddable":true,"href":"https:\/\/www.padreeustaquio.com.br\/es\/wp-json\/wp\/v2\/tags?post=4785"}],"curies":[{"name":"wp","href":"https:\/\/api.w.org\/{rel}","templated":true}]}}