{"id":4730,"date":"2020-11-16T10:53:49","date_gmt":"2020-11-16T13:53:49","guid":{"rendered":"https:\/\/www.padreeustaquio.com.br\/?p=4730"},"modified":"2020-11-12T11:05:36","modified_gmt":"2020-11-12T14:05:36","slug":"la-corona-de-adviento-simboliza-la-espera-de-jesucristo","status":"publish","type":"post","link":"https:\/\/www.padreeustaquio.com.br\/es\/la-corona-de-adviento-simboliza-la-espera-de-jesucristo\/","title":{"rendered":"La corona de Adviento simboliza la espera de Jesucristo."},"content":{"rendered":"<p>Nos acercamos al Adviento, palabra que proviene del lat\u00edn y significa llegada. Y eso es lo que este tiempo significa para nosotros los cristianos: la llegada de Jesucristo.<\/p>\n<p>El Adviento abarca las cuatro semanas previas a la Navidad. Para revivir este tiempo, una antigua costumbre se est\u00e1 volviendo cada vez m\u00e1s com\u00fan en los hogares cat\u00f3licos: el uso de la corona de Adviento. Simboliza el primer anuncio de la Navidad.<\/p>\n<p>La corona est\u00e1 formada por un c\u00edrculo, generalmente de follaje verde. La forma simboliza la eternidad, y el color, la esperanza y la vida. Puede terminarse con un list\u00f3n o lazo rojo, que simboliza el amor de Dios por nosotros y nuestro amor por \u00c9l. En el centro del c\u00edrculo se encienden cuatro velas cada domingo. La luz de estas velas simboliza nuestra fe. Las velas tambi\u00e9n simbolizan las manifestaciones de Cristo: la Encarnaci\u00f3n, Jes\u00fas en los pobres y necesitados, Jes\u00fas en los sacramentos y la segunda venida de Jes\u00fas.<\/p>\n<p>La corona de Adviento tambi\u00e9n se puede utilizar en Navidad, cuando se enciende una quinta vela blanca hasta el final de la temporada navide\u00f1a.<\/p>\n<p><strong>OPCIONAL<\/strong><\/p>\n<p>Si quieres llenar tu hogar de esp\u00edritu navide\u00f1o, la Tienda Padre Eust\u00e1quio ya tiene coronas de Adviento disponibles. Si est\u00e1s en Belo Horizonte, p\u00e1sate por aqu\u00ed (junto al Santuario de la Salud y la Paz); si no, llama al (31) 3567-0314 para consultar la disponibilidad de entrega a tu regi\u00f3n.<\/p>","protected":false},"excerpt":{"rendered":"<p>Estamos pr\u00f3ximos do Tempo do Advento, palavra que vem do Latim e significa chegada. E \u00e9 isso que esse tempo significa para n\u00f3s crist\u00e3os, a chegada de Jesus Cristo. O Advento abrange as quatro semanas antes do Natal. Para reviver esse tempo, um costume antigo est\u00e1 cada vez mais presente nos lares cat\u00f3licos, o uso da Coroa do Advento. Ela simboliza o primeiro an\u00fancio do Natal. A coroa \u00e9 formada por um c\u00edrculo, geralmente de folhagens verdes. O formato simboliza a eternidade e a cor, a esperan\u00e7a e a vida. Ela pode ser finalizada com uma fita ou um la\u00e7o [&hellip;]<\/p>\n","protected":false},"author":2,"featured_media":4731,"comment_status":"open","ping_status":"open","sticky":false,"template":"","format":"standard","meta":{"_acf_changed":false,"footnotes":""},"categories":[611],"tags":[],"class_list":["post-4730","post","type-post","status-publish","format-standard","has-post-thumbnail","hentry","category-noticias"],"acf":[],"yoast_head":"<!-- This site is optimized with the Yoast SEO plugin v27.2 - https:\/\/yoast.com\/product\/yoast-seo-wordpress\/ -->\n<title>A Coroa do Advento simboliza a espera por Jesus Cristo - Padre Eust\u00e1quio<\/title>\n<meta name=\"robots\" content=\"index, follow, max-snippet:-1, max-image-preview:large, max-video-preview:-1\" \/>\n<link rel=\"canonical\" href=\"https:\/\/www.padreeustaquio.com.br\/es\/la-corona-de-adviento-simboliza-la-espera-de-jesucristo\/\" \/>\n<meta property=\"og:locale\" content=\"es_ES\" \/>\n<meta property=\"og:type\" content=\"article\" \/>\n<meta property=\"og:title\" content=\"A Coroa do Advento simboliza a espera por Jesus Cristo - Padre Eust\u00e1quio\" \/>\n<meta property=\"og:description\" content=\"Estamos pr\u00f3ximos do Tempo do Advento, palavra que vem do Latim e significa chegada. E \u00e9 isso que esse tempo significa para n\u00f3s crist\u00e3os, a chegada de Jesus Cristo. O Advento abrange as quatro semanas antes do Natal. Para reviver esse tempo, um costume antigo est\u00e1 cada vez mais presente nos lares cat\u00f3licos, o uso da Coroa do Advento. Ela simboliza o primeiro an\u00fancio do Natal. A coroa \u00e9 formada por um c\u00edrculo, geralmente de folhagens verdes. O formato simboliza a eternidade e a cor, a esperan\u00e7a e a vida. Ela pode ser finalizada com uma fita ou um la\u00e7o [&hellip;]\" \/>\n<meta property=\"og:url\" content=\"https:\/\/www.padreeustaquio.com.br\/es\/la-corona-de-adviento-simboliza-la-espera-de-jesucristo\/\" \/>\n<meta property=\"og:site_name\" content=\"Padre Eust\u00e1quio\" \/>\n<meta property=\"article:publisher\" content=\"https:\/\/www.facebook.com\/beatopadreeustaquio\/\" \/>\n<meta property=\"article:published_time\" content=\"2020-11-16T13:53:49+00:00\" \/>\n<meta property=\"og:image\" content=\"https:\/\/www.padreeustaquio.com.br\/wp-content\/uploads\/2020\/11\/A-COROA-DO-ADVENTO.jpg\" \/>\n\t<meta property=\"og:image:width\" content=\"748\" \/>\n\t<meta property=\"og:image:height\" content=\"394\" \/>\n\t<meta property=\"og:image:type\" content=\"image\/jpeg\" \/>\n<meta name=\"author\" content=\"@sscc\" \/>\n<meta name=\"twitter:card\" content=\"summary_large_image\" \/>\n<meta name=\"twitter:creator\" content=\"@beatopeustaquio\" \/>\n<meta name=\"twitter:site\" content=\"@beatopeustaquio\" \/>\n<meta name=\"twitter:label1\" content=\"Escrito por\" \/>\n\t<meta name=\"twitter:data1\" content=\"@sscc\" \/>\n\t<meta name=\"twitter:label2\" content=\"Tiempo de lectura\" \/>\n\t<meta name=\"twitter:data2\" content=\"1 minuto\" \/>\n<script type=\"application\/ld+json\" class=\"yoast-schema-graph\">{\"@context\":\"https:\/\/schema.org\",\"@graph\":[{\"@type\":\"Article\",\"@id\":\"https:\/\/www.padreeustaquio.com.br\/a-coroa-do-advento-simboliza-a-espera-por-jesus-cristo\/#article\",\"isPartOf\":{\"@id\":\"https:\/\/www.padreeustaquio.com.br\/a-coroa-do-advento-simboliza-a-espera-por-jesus-cristo\/\"},\"author\":{\"name\":\"@sscc\",\"@id\":\"https:\/\/www.padreeustaquio.com.br\/#\/schema\/person\/a2a51db1d00f1a7af0204a0f1ddb1566\"},\"headline\":\"A Coroa do Advento simboliza a espera por Jesus Cristo\",\"datePublished\":\"2020-11-16T13:53:49+00:00\",\"mainEntityOfPage\":{\"@id\":\"https:\/\/www.padreeustaquio.com.br\/a-coroa-do-advento-simboliza-a-espera-por-jesus-cristo\/\"},\"wordCount\":257,\"commentCount\":0,\"publisher\":{\"@id\":\"https:\/\/www.padreeustaquio.com.br\/#organization\"},\"image\":{\"@id\":\"https:\/\/www.padreeustaquio.com.br\/a-coroa-do-advento-simboliza-a-espera-por-jesus-cristo\/#primaryimage\"},\"thumbnailUrl\":\"https:\/\/www.padreeustaquio.com.br\/wp-content\/uploads\/2020\/11\/A-COROA-DO-ADVENTO.jpg\",\"articleSection\":[\"Not\u00edcias\"],\"inLanguage\":\"es\",\"potentialAction\":[{\"@type\":\"CommentAction\",\"name\":\"Comment\",\"target\":[\"https:\/\/www.padreeustaquio.com.br\/a-coroa-do-advento-simboliza-a-espera-por-jesus-cristo\/#respond\"]}]},{\"@type\":\"WebPage\",\"@id\":\"https:\/\/www.padreeustaquio.com.br\/a-coroa-do-advento-simboliza-a-espera-por-jesus-cristo\/\",\"url\":\"https:\/\/www.padreeustaquio.com.br\/a-coroa-do-advento-simboliza-a-espera-por-jesus-cristo\/\",\"name\":\"A Coroa do Advento simboliza a espera por Jesus Cristo - Padre Eust\u00e1quio\",\"isPartOf\":{\"@id\":\"https:\/\/www.padreeustaquio.com.br\/#website\"},\"primaryImageOfPage\":{\"@id\":\"https:\/\/www.padreeustaquio.com.br\/a-coroa-do-advento-simboliza-a-espera-por-jesus-cristo\/#primaryimage\"},\"image\":{\"@id\":\"https:\/\/www.padreeustaquio.com.br\/a-coroa-do-advento-simboliza-a-espera-por-jesus-cristo\/#primaryimage\"},\"thumbnailUrl\":\"https:\/\/www.padreeustaquio.com.br\/wp-content\/uploads\/2020\/11\/A-COROA-DO-ADVENTO.jpg\",\"datePublished\":\"2020-11-16T13:53:49+00:00\",\"breadcrumb\":{\"@id\":\"https:\/\/www.padreeustaquio.com.br\/a-coroa-do-advento-simboliza-a-espera-por-jesus-cristo\/#breadcrumb\"},\"inLanguage\":\"es\",\"potentialAction\":[{\"@type\":\"ReadAction\",\"target\":[\"https:\/\/www.padreeustaquio.com.br\/a-coroa-do-advento-simboliza-a-espera-por-jesus-cristo\/\"]}]},{\"@type\":\"ImageObject\",\"inLanguage\":\"es\",\"@id\":\"https:\/\/www.padreeustaquio.com.br\/a-coroa-do-advento-simboliza-a-espera-por-jesus-cristo\/#primaryimage\",\"url\":\"https:\/\/www.padreeustaquio.com.br\/wp-content\/uploads\/2020\/11\/A-COROA-DO-ADVENTO.jpg\",\"contentUrl\":\"https:\/\/www.padreeustaquio.com.br\/wp-content\/uploads\/2020\/11\/A-COROA-DO-ADVENTO.jpg\",\"width\":748,\"height\":394,\"caption\":\"A COROA DO ADVENTO da loja padre eustaquio\"},{\"@type\":\"BreadcrumbList\",\"@id\":\"https:\/\/www.padreeustaquio.com.br\/a-coroa-do-advento-simboliza-a-espera-por-jesus-cristo\/#breadcrumb\",\"itemListElement\":[{\"@type\":\"ListItem\",\"position\":1,\"name\":\"In\u00edcio\",\"item\":\"https:\/\/www.padreeustaquio.com.br\/\"},{\"@type\":\"ListItem\",\"position\":2,\"name\":\"A Coroa do Advento simboliza a espera por Jesus Cristo\"}]},{\"@type\":\"WebSite\",\"@id\":\"https:\/\/www.padreeustaquio.com.br\/#website\",\"url\":\"https:\/\/www.padreeustaquio.com.br\/\",\"name\":\"Padre Eust\u00e1quio\",\"description\":\"Sa\u00fade e Paz\",\"publisher\":{\"@id\":\"https:\/\/www.padreeustaquio.com.br\/#organization\"},\"potentialAction\":[{\"@type\":\"SearchAction\",\"target\":{\"@type\":\"EntryPoint\",\"urlTemplate\":\"https:\/\/www.padreeustaquio.com.br\/?s={search_term_string}\"},\"query-input\":{\"@type\":\"PropertyValueSpecification\",\"valueRequired\":true,\"valueName\":\"search_term_string\"}}],\"inLanguage\":\"es\"},{\"@type\":\"Organization\",\"@id\":\"https:\/\/www.padreeustaquio.com.br\/#organization\",\"name\":\"Padre Eust\u00e1quio\",\"url\":\"https:\/\/www.padreeustaquio.com.br\/\",\"logo\":{\"@type\":\"ImageObject\",\"inLanguage\":\"es\",\"@id\":\"https:\/\/www.padreeustaquio.com.br\/#\/schema\/logo\/image\/\",\"url\":\"https:\/\/www.padreeustaquio.com.br\/wp-content\/uploads\/2019\/08\/marca.png\",\"contentUrl\":\"https:\/\/www.padreeustaquio.com.br\/wp-content\/uploads\/2019\/08\/marca.png\",\"width\":350,\"height\":400,\"caption\":\"Padre Eust\u00e1quio\"},\"image\":{\"@id\":\"https:\/\/www.padreeustaquio.com.br\/#\/schema\/logo\/image\/\"},\"sameAs\":[\"https:\/\/www.facebook.com\/beatopadreeustaquio\/\",\"https:\/\/x.com\/beatopeustaquio\",\"https:\/\/www.instagram.com\/beatopadreeustaquio\/\",\"https:\/\/www.youtube.com\/channel\/UCRhw7vfabnajwLxb1ZXMeIw\"]},{\"@type\":\"Person\",\"@id\":\"https:\/\/www.padreeustaquio.com.br\/#\/schema\/person\/a2a51db1d00f1a7af0204a0f1ddb1566\",\"name\":\"@sscc\",\"image\":{\"@type\":\"ImageObject\",\"inLanguage\":\"es\",\"@id\":\"https:\/\/secure.gravatar.com\/avatar\/68cfafa5f44617fea54071e215026e0ff06be366c3d54a8425f04fdcb86f8c5f?s=96&d=mm&r=g\",\"url\":\"https:\/\/secure.gravatar.com\/avatar\/68cfafa5f44617fea54071e215026e0ff06be366c3d54a8425f04fdcb86f8c5f?s=96&d=mm&r=g\",\"contentUrl\":\"https:\/\/secure.gravatar.com\/avatar\/68cfafa5f44617fea54071e215026e0ff06be366c3d54a8425f04fdcb86f8c5f?s=96&d=mm&r=g\",\"caption\":\"@sscc\"},\"url\":\"https:\/\/www.padreeustaquio.com.br\/es\/author\/sscc\/\"}]}<\/script>\n<!-- \/ Yoast SEO plugin. -->","yoast_head_json":{"title":"La corona de Adviento simboliza la espera de Jesucristo - Padre Eust\u00e1quio","robots":{"index":"index","follow":"follow","max-snippet":"max-snippet:-1","max-image-preview":"max-image-preview:large","max-video-preview":"max-video-preview:-1"},"canonical":"https:\/\/www.padreeustaquio.com.br\/es\/la-corona-de-adviento-simboliza-la-espera-de-jesucristo\/","og_locale":"es_ES","og_type":"article","og_title":"A Coroa do Advento simboliza a espera por Jesus Cristo - Padre Eust\u00e1quio","og_description":"Estamos pr\u00f3ximos do Tempo do Advento, palavra que vem do Latim e significa chegada. E \u00e9 isso que esse tempo significa para n\u00f3s crist\u00e3os, a chegada de Jesus Cristo. O Advento abrange as quatro semanas antes do Natal. Para reviver esse tempo, um costume antigo est\u00e1 cada vez mais presente nos lares cat\u00f3licos, o uso da Coroa do Advento. Ela simboliza o primeiro an\u00fancio do Natal. A coroa \u00e9 formada por um c\u00edrculo, geralmente de folhagens verdes. O formato simboliza a eternidade e a cor, a esperan\u00e7a e a vida. Ela pode ser finalizada com uma fita ou um la\u00e7o [&hellip;]","og_url":"https:\/\/www.padreeustaquio.com.br\/es\/la-corona-de-adviento-simboliza-la-espera-de-jesucristo\/","og_site_name":"Padre Eust\u00e1quio","article_publisher":"https:\/\/www.facebook.com\/beatopadreeustaquio\/","article_published_time":"2020-11-16T13:53:49+00:00","og_image":[{"width":748,"height":394,"url":"https:\/\/www.padreeustaquio.com.br\/wp-content\/uploads\/2020\/11\/A-COROA-DO-ADVENTO.jpg","type":"image\/jpeg"}],"author":"@sscc","twitter_card":"summary_large_image","twitter_creator":"@beatopeustaquio","twitter_site":"@beatopeustaquio","twitter_misc":{"Escrito por":"@sscc","Tiempo de lectura":"1 minuto"},"schema":{"@context":"https:\/\/schema.org","@graph":[{"@type":"Article","@id":"https:\/\/www.padreeustaquio.com.br\/a-coroa-do-advento-simboliza-a-espera-por-jesus-cristo\/#article","isPartOf":{"@id":"https:\/\/www.padreeustaquio.com.br\/a-coroa-do-advento-simboliza-a-espera-por-jesus-cristo\/"},"author":{"name":"@sscc","@id":"https:\/\/www.padreeustaquio.com.br\/#\/schema\/person\/a2a51db1d00f1a7af0204a0f1ddb1566"},"headline":"A Coroa do Advento simboliza a espera por Jesus Cristo","datePublished":"2020-11-16T13:53:49+00:00","mainEntityOfPage":{"@id":"https:\/\/www.padreeustaquio.com.br\/a-coroa-do-advento-simboliza-a-espera-por-jesus-cristo\/"},"wordCount":257,"commentCount":0,"publisher":{"@id":"https:\/\/www.padreeustaquio.com.br\/#organization"},"image":{"@id":"https:\/\/www.padreeustaquio.com.br\/a-coroa-do-advento-simboliza-a-espera-por-jesus-cristo\/#primaryimage"},"thumbnailUrl":"https:\/\/www.padreeustaquio.com.br\/wp-content\/uploads\/2020\/11\/A-COROA-DO-ADVENTO.jpg","articleSection":["Not\u00edcias"],"inLanguage":"es","potentialAction":[{"@type":"CommentAction","name":"Comment","target":["https:\/\/www.padreeustaquio.com.br\/a-coroa-do-advento-simboliza-a-espera-por-jesus-cristo\/#respond"]}]},{"@type":"WebPage","@id":"https:\/\/www.padreeustaquio.com.br\/a-coroa-do-advento-simboliza-a-espera-por-jesus-cristo\/","url":"https:\/\/www.padreeustaquio.com.br\/a-coroa-do-advento-simboliza-a-espera-por-jesus-cristo\/","name":"La corona de Adviento simboliza la espera de Jesucristo - Padre Eust\u00e1quio","isPartOf":{"@id":"https:\/\/www.padreeustaquio.com.br\/#website"},"primaryImageOfPage":{"@id":"https:\/\/www.padreeustaquio.com.br\/a-coroa-do-advento-simboliza-a-espera-por-jesus-cristo\/#primaryimage"},"image":{"@id":"https:\/\/www.padreeustaquio.com.br\/a-coroa-do-advento-simboliza-a-espera-por-jesus-cristo\/#primaryimage"},"thumbnailUrl":"https:\/\/www.padreeustaquio.com.br\/wp-content\/uploads\/2020\/11\/A-COROA-DO-ADVENTO.jpg","datePublished":"2020-11-16T13:53:49+00:00","breadcrumb":{"@id":"https:\/\/www.padreeustaquio.com.br\/a-coroa-do-advento-simboliza-a-espera-por-jesus-cristo\/#breadcrumb"},"inLanguage":"es","potentialAction":[{"@type":"ReadAction","target":["https:\/\/www.padreeustaquio.com.br\/a-coroa-do-advento-simboliza-a-espera-por-jesus-cristo\/"]}]},{"@type":"ImageObject","inLanguage":"es","@id":"https:\/\/www.padreeustaquio.com.br\/a-coroa-do-advento-simboliza-a-espera-por-jesus-cristo\/#primaryimage","url":"https:\/\/www.padreeustaquio.com.br\/wp-content\/uploads\/2020\/11\/A-COROA-DO-ADVENTO.jpg","contentUrl":"https:\/\/www.padreeustaquio.com.br\/wp-content\/uploads\/2020\/11\/A-COROA-DO-ADVENTO.jpg","width":748,"height":394,"caption":"A COROA DO ADVENTO da loja padre eustaquio"},{"@type":"BreadcrumbList","@id":"https:\/\/www.padreeustaquio.com.br\/a-coroa-do-advento-simboliza-a-espera-por-jesus-cristo\/#breadcrumb","itemListElement":[{"@type":"ListItem","position":1,"name":"In\u00edcio","item":"https:\/\/www.padreeustaquio.com.br\/"},{"@type":"ListItem","position":2,"name":"A Coroa do Advento simboliza a espera por Jesus Cristo"}]},{"@type":"WebSite","@id":"https:\/\/www.padreeustaquio.com.br\/#website","url":"https:\/\/www.padreeustaquio.com.br\/","name":"Padre Eustace","description":"Salud y Paz","publisher":{"@id":"https:\/\/www.padreeustaquio.com.br\/#organization"},"potentialAction":[{"@type":"SearchAction","target":{"@type":"EntryPoint","urlTemplate":"https:\/\/www.padreeustaquio.com.br\/?s={search_term_string}"},"query-input":{"@type":"PropertyValueSpecification","valueRequired":true,"valueName":"search_term_string"}}],"inLanguage":"es"},{"@type":"Organization","@id":"https:\/\/www.padreeustaquio.com.br\/#organization","name":"Padre Eustace","url":"https:\/\/www.padreeustaquio.com.br\/","logo":{"@type":"ImageObject","inLanguage":"es","@id":"https:\/\/www.padreeustaquio.com.br\/#\/schema\/logo\/image\/","url":"https:\/\/www.padreeustaquio.com.br\/wp-content\/uploads\/2019\/08\/marca.png","contentUrl":"https:\/\/www.padreeustaquio.com.br\/wp-content\/uploads\/2019\/08\/marca.png","width":350,"height":400,"caption":"Padre Eust\u00e1quio"},"image":{"@id":"https:\/\/www.padreeustaquio.com.br\/#\/schema\/logo\/image\/"},"sameAs":["https:\/\/www.facebook.com\/beatopadreeustaquio\/","https:\/\/x.com\/beatopeustaquio","https:\/\/www.instagram.com\/beatopadreeustaquio\/","https:\/\/www.youtube.com\/channel\/UCRhw7vfabnajwLxb1ZXMeIw"]},{"@type":"Person","@id":"https:\/\/www.padreeustaquio.com.br\/#\/schema\/person\/a2a51db1d00f1a7af0204a0f1ddb1566","name":"@sscc","image":{"@type":"ImageObject","inLanguage":"es","@id":"https:\/\/secure.gravatar.com\/avatar\/68cfafa5f44617fea54071e215026e0ff06be366c3d54a8425f04fdcb86f8c5f?s=96&d=mm&r=g","url":"https:\/\/secure.gravatar.com\/avatar\/68cfafa5f44617fea54071e215026e0ff06be366c3d54a8425f04fdcb86f8c5f?s=96&d=mm&r=g","contentUrl":"https:\/\/secure.gravatar.com\/avatar\/68cfafa5f44617fea54071e215026e0ff06be366c3d54a8425f04fdcb86f8c5f?s=96&d=mm&r=g","caption":"@sscc"},"url":"https:\/\/www.padreeustaquio.com.br\/es\/author\/sscc\/"}]}},"_links":{"self":[{"href":"https:\/\/www.padreeustaquio.com.br\/es\/wp-json\/wp\/v2\/posts\/4730","targetHints":{"allow":["GET"]}}],"collection":[{"href":"https:\/\/www.padreeustaquio.com.br\/es\/wp-json\/wp\/v2\/posts"}],"about":[{"href":"https:\/\/www.padreeustaquio.com.br\/es\/wp-json\/wp\/v2\/types\/post"}],"author":[{"embeddable":true,"href":"https:\/\/www.padreeustaquio.com.br\/es\/wp-json\/wp\/v2\/users\/2"}],"replies":[{"embeddable":true,"href":"https:\/\/www.padreeustaquio.com.br\/es\/wp-json\/wp\/v2\/comments?post=4730"}],"version-history":[{"count":0,"href":"https:\/\/www.padreeustaquio.com.br\/es\/wp-json\/wp\/v2\/posts\/4730\/revisions"}],"wp:featuredmedia":[{"embeddable":true,"href":"https:\/\/www.padreeustaquio.com.br\/es\/wp-json\/wp\/v2\/media\/4731"}],"wp:attachment":[{"href":"https:\/\/www.padreeustaquio.com.br\/es\/wp-json\/wp\/v2\/media?parent=4730"}],"wp:term":[{"taxonomy":"category","embeddable":true,"href":"https:\/\/www.padreeustaquio.com.br\/es\/wp-json\/wp\/v2\/categories?post=4730"},{"taxonomy":"post_tag","embeddable":true,"href":"https:\/\/www.padreeustaquio.com.br\/es\/wp-json\/wp\/v2\/tags?post=4730"}],"curies":[{"name":"wp","href":"https:\/\/api.w.org\/{rel}","templated":true}]}}