{"id":4727,"date":"2020-11-12T10:17:30","date_gmt":"2020-11-12T13:17:30","guid":{"rendered":"https:\/\/www.padreeustaquio.com.br\/?p=4727"},"modified":"2020-11-12T10:17:30","modified_gmt":"2020-11-12T13:17:30","slug":"las-misas-en-linea-te-acercan-al-padre-eustace","status":"publish","type":"post","link":"https:\/\/www.padreeustaquio.com.br\/es\/las-misas-en-linea-te-acercan-al-padre-eustace\/","title":{"rendered":"MISAS ONLINE \u2013 Acerc\u00e1ndote al Padre Eust\u00e1quio"},"content":{"rendered":"<p>La pandemia del coronavirus y el consiguiente aislamiento social provocaron el cierre de iglesias en Brasil y en todo el mundo para intentar prevenir la propagaci\u00f3n de la enfermedad. Como resultado, los servicios religiosos comenzaron a celebrarse virtualmente.<\/p>\n<p>En el Santuario de Salud y Paz, las transmisiones comenzaron en abril. En ese entonces, el equipo de vicepostulaci\u00f3n, que trabaja en la causa de canonizaci\u00f3n del Padre Eust\u00e1quio, tuvo que improvisar con el equipo ya existente en la parroquia. Pero, con el tiempo, se hizo evidente la necesidad de invertir en equipos espec\u00edficos para la transmisi\u00f3n.<\/p>\n<p>La compra de este equipo es posible gracias a la colaboraci\u00f3n de toda la poblaci\u00f3n, que se une a la iglesia en este prop\u00f3sito.<\/p>\n<p>Y puedes seguir ayud\u00e1ndonos a mantener la transmisi\u00f3n en l\u00ednea de nuestras celebraciones. Haz tu donaci\u00f3n mediante dep\u00f3sito o transferencia bancaria:<\/p>\n<p>Padre Eust\u00e1quio Acci\u00f3n Social<br \/>\nCNPJ: 17.193.756\/0001-05<br \/>\nBanco: Caixa Econ\u00f3mica Federal<br \/>\nAgencia: 0089<br \/>\nOperaci\u00f3n: 013<br \/>\nCuenta de ahorros: 48.086-7<\/p>\n<p>Y si a\u00fan no te has suscrito a nuestro canal... <a href=\"https:\/\/www.youtube.com\/channel\/UCRhw7vfabnajwLxb1ZXMeIw\">Entra aqu\u00ed<\/a> \u00a1Y reg\u00edstrate para recibir notificaciones cuando comience una celebraci\u00f3n en el Santuario!<\/p>\n<p>Que Dios te bendiga con mucha &quot;Salud y Paz&quot;\u201c<\/p>","protected":false},"excerpt":{"rendered":"<p>A pandemia provocada pelo Coronav\u00edrus e o consequente isolamento social fizeram com que as igrejas do Brasil e do mundo se fechassem para tentar evitar a dissemina\u00e7\u00e3o da doen\u00e7a. Com isso, as celebra\u00e7\u00f5es passaram a acontecer virtualmente. No Santu\u00e1rio &#8220;Sa\u00fade e Paz&#8221; as transmiss\u00f5es come\u00e7aram em abril. Na \u00e9poca, a equipe da vice-postula\u00e7\u00e3o, que trabalha com a causa de Canoniza\u00e7\u00e3o de Padre Eust\u00e1quio, precisou improvisar com equipamentos j\u00e1 existentes na par\u00f3quia. Mas, com o tempo foi observada a necessidade de investir em equipamentos pr\u00f3prios para a transmiss\u00e3o. A compra desses equipamentos est\u00e1 sendo poss\u00edvel gra\u00e7as a colabora\u00e7\u00e3o de toda a [&hellip;]<\/p>\n","protected":false},"author":2,"featured_media":4728,"comment_status":"open","ping_status":"open","sticky":false,"template":"","format":"standard","meta":{"_acf_changed":false,"footnotes":""},"categories":[611],"tags":[],"class_list":["post-4727","post","type-post","status-publish","format-standard","has-post-thumbnail","hentry","category-noticias"],"acf":[],"yoast_head":"<!-- This site is optimized with the Yoast SEO plugin v27.2 - https:\/\/yoast.com\/product\/yoast-seo-wordpress\/ -->\n<title>MISSAS ONLINE - Voc\u00ea mais pr\u00f3ximo do Padre Eust\u00e1quio - Padre Eust\u00e1quio<\/title>\n<meta name=\"robots\" content=\"index, follow, max-snippet:-1, max-image-preview:large, max-video-preview:-1\" \/>\n<link rel=\"canonical\" href=\"https:\/\/www.padreeustaquio.com.br\/es\/las-misas-en-linea-te-acercan-al-padre-eustace\/\" \/>\n<meta property=\"og:locale\" content=\"es_ES\" \/>\n<meta property=\"og:type\" content=\"article\" \/>\n<meta property=\"og:title\" content=\"MISSAS ONLINE - Voc\u00ea mais pr\u00f3ximo do Padre Eust\u00e1quio - Padre Eust\u00e1quio\" \/>\n<meta property=\"og:description\" content=\"A pandemia provocada pelo Coronav\u00edrus e o consequente isolamento social fizeram com que as igrejas do Brasil e do mundo se fechassem para tentar evitar a dissemina\u00e7\u00e3o da doen\u00e7a. Com isso, as celebra\u00e7\u00f5es passaram a acontecer virtualmente. No Santu\u00e1rio &#8220;Sa\u00fade e Paz&#8221; as transmiss\u00f5es come\u00e7aram em abril. Na \u00e9poca, a equipe da vice-postula\u00e7\u00e3o, que trabalha com a causa de Canoniza\u00e7\u00e3o de Padre Eust\u00e1quio, precisou improvisar com equipamentos j\u00e1 existentes na par\u00f3quia. Mas, com o tempo foi observada a necessidade de investir em equipamentos pr\u00f3prios para a transmiss\u00e3o. A compra desses equipamentos est\u00e1 sendo poss\u00edvel gra\u00e7as a colabora\u00e7\u00e3o de toda a [&hellip;]\" \/>\n<meta property=\"og:url\" content=\"https:\/\/www.padreeustaquio.com.br\/es\/las-misas-en-linea-te-acercan-al-padre-eustace\/\" \/>\n<meta property=\"og:site_name\" content=\"Padre Eust\u00e1quio\" \/>\n<meta property=\"article:publisher\" content=\"https:\/\/www.facebook.com\/beatopadreeustaquio\/\" \/>\n<meta property=\"article:published_time\" content=\"2020-11-12T13:17:30+00:00\" \/>\n<meta property=\"og:image\" content=\"https:\/\/www.padreeustaquio.com.br\/wp-content\/uploads\/2020\/11\/AJUDA-NAS-TRANSMISS\u00d5ES.jpg\" \/>\n\t<meta property=\"og:image:width\" content=\"748\" \/>\n\t<meta property=\"og:image:height\" content=\"394\" \/>\n\t<meta property=\"og:image:type\" content=\"image\/jpeg\" \/>\n<meta name=\"author\" content=\"@sscc\" \/>\n<meta name=\"twitter:card\" content=\"summary_large_image\" \/>\n<meta name=\"twitter:creator\" content=\"@beatopeustaquio\" \/>\n<meta name=\"twitter:site\" content=\"@beatopeustaquio\" \/>\n<meta name=\"twitter:label1\" content=\"Escrito por\" \/>\n\t<meta name=\"twitter:data1\" content=\"@sscc\" \/>\n\t<meta name=\"twitter:label2\" content=\"Tiempo de lectura\" \/>\n\t<meta name=\"twitter:data2\" content=\"1 minuto\" \/>\n<script type=\"application\/ld+json\" class=\"yoast-schema-graph\">{\"@context\":\"https:\/\/schema.org\",\"@graph\":[{\"@type\":\"Article\",\"@id\":\"https:\/\/www.padreeustaquio.com.br\/missas-online-voce-mais-proximo-do-padre-eustaquio\/#article\",\"isPartOf\":{\"@id\":\"https:\/\/www.padreeustaquio.com.br\/missas-online-voce-mais-proximo-do-padre-eustaquio\/\"},\"author\":{\"name\":\"@sscc\",\"@id\":\"https:\/\/www.padreeustaquio.com.br\/#\/schema\/person\/a2a51db1d00f1a7af0204a0f1ddb1566\"},\"headline\":\"MISSAS ONLINE &#8211; Voc\u00ea mais pr\u00f3ximo do Padre Eust\u00e1quio\",\"datePublished\":\"2020-11-12T13:17:30+00:00\",\"mainEntityOfPage\":{\"@id\":\"https:\/\/www.padreeustaquio.com.br\/missas-online-voce-mais-proximo-do-padre-eustaquio\/\"},\"wordCount\":229,\"commentCount\":0,\"publisher\":{\"@id\":\"https:\/\/www.padreeustaquio.com.br\/#organization\"},\"image\":{\"@id\":\"https:\/\/www.padreeustaquio.com.br\/missas-online-voce-mais-proximo-do-padre-eustaquio\/#primaryimage\"},\"thumbnailUrl\":\"https:\/\/www.padreeustaquio.com.br\/wp-content\/uploads\/2020\/11\/AJUDA-NAS-TRANSMISS\u00d5ES.jpg\",\"articleSection\":[\"Not\u00edcias\"],\"inLanguage\":\"es\",\"potentialAction\":[{\"@type\":\"CommentAction\",\"name\":\"Comment\",\"target\":[\"https:\/\/www.padreeustaquio.com.br\/missas-online-voce-mais-proximo-do-padre-eustaquio\/#respond\"]}]},{\"@type\":\"WebPage\",\"@id\":\"https:\/\/www.padreeustaquio.com.br\/missas-online-voce-mais-proximo-do-padre-eustaquio\/\",\"url\":\"https:\/\/www.padreeustaquio.com.br\/missas-online-voce-mais-proximo-do-padre-eustaquio\/\",\"name\":\"MISSAS ONLINE - Voc\u00ea mais pr\u00f3ximo do Padre Eust\u00e1quio - Padre Eust\u00e1quio\",\"isPartOf\":{\"@id\":\"https:\/\/www.padreeustaquio.com.br\/#website\"},\"primaryImageOfPage\":{\"@id\":\"https:\/\/www.padreeustaquio.com.br\/missas-online-voce-mais-proximo-do-padre-eustaquio\/#primaryimage\"},\"image\":{\"@id\":\"https:\/\/www.padreeustaquio.com.br\/missas-online-voce-mais-proximo-do-padre-eustaquio\/#primaryimage\"},\"thumbnailUrl\":\"https:\/\/www.padreeustaquio.com.br\/wp-content\/uploads\/2020\/11\/AJUDA-NAS-TRANSMISS\u00d5ES.jpg\",\"datePublished\":\"2020-11-12T13:17:30+00:00\",\"breadcrumb\":{\"@id\":\"https:\/\/www.padreeustaquio.com.br\/missas-online-voce-mais-proximo-do-padre-eustaquio\/#breadcrumb\"},\"inLanguage\":\"es\",\"potentialAction\":[{\"@type\":\"ReadAction\",\"target\":[\"https:\/\/www.padreeustaquio.com.br\/missas-online-voce-mais-proximo-do-padre-eustaquio\/\"]}]},{\"@type\":\"ImageObject\",\"inLanguage\":\"es\",\"@id\":\"https:\/\/www.padreeustaquio.com.br\/missas-online-voce-mais-proximo-do-padre-eustaquio\/#primaryimage\",\"url\":\"https:\/\/www.padreeustaquio.com.br\/wp-content\/uploads\/2020\/11\/AJUDA-NAS-TRANSMISS\u00d5ES.jpg\",\"contentUrl\":\"https:\/\/www.padreeustaquio.com.br\/wp-content\/uploads\/2020\/11\/AJUDA-NAS-TRANSMISS\u00d5ES.jpg\",\"width\":748,\"height\":394,\"caption\":\"Funcion\u00e1rio da Causa de Canoniza\u00e7\u00e3o trabalhando na sala de transmiss\u00e3o durante a Santa Missa\"},{\"@type\":\"BreadcrumbList\",\"@id\":\"https:\/\/www.padreeustaquio.com.br\/missas-online-voce-mais-proximo-do-padre-eustaquio\/#breadcrumb\",\"itemListElement\":[{\"@type\":\"ListItem\",\"position\":1,\"name\":\"In\u00edcio\",\"item\":\"https:\/\/www.padreeustaquio.com.br\/\"},{\"@type\":\"ListItem\",\"position\":2,\"name\":\"MISSAS ONLINE &#8211; Voc\u00ea mais pr\u00f3ximo do Padre Eust\u00e1quio\"}]},{\"@type\":\"WebSite\",\"@id\":\"https:\/\/www.padreeustaquio.com.br\/#website\",\"url\":\"https:\/\/www.padreeustaquio.com.br\/\",\"name\":\"Padre Eust\u00e1quio\",\"description\":\"Sa\u00fade e Paz\",\"publisher\":{\"@id\":\"https:\/\/www.padreeustaquio.com.br\/#organization\"},\"potentialAction\":[{\"@type\":\"SearchAction\",\"target\":{\"@type\":\"EntryPoint\",\"urlTemplate\":\"https:\/\/www.padreeustaquio.com.br\/?s={search_term_string}\"},\"query-input\":{\"@type\":\"PropertyValueSpecification\",\"valueRequired\":true,\"valueName\":\"search_term_string\"}}],\"inLanguage\":\"es\"},{\"@type\":\"Organization\",\"@id\":\"https:\/\/www.padreeustaquio.com.br\/#organization\",\"name\":\"Padre Eust\u00e1quio\",\"url\":\"https:\/\/www.padreeustaquio.com.br\/\",\"logo\":{\"@type\":\"ImageObject\",\"inLanguage\":\"es\",\"@id\":\"https:\/\/www.padreeustaquio.com.br\/#\/schema\/logo\/image\/\",\"url\":\"https:\/\/www.padreeustaquio.com.br\/wp-content\/uploads\/2019\/08\/marca.png\",\"contentUrl\":\"https:\/\/www.padreeustaquio.com.br\/wp-content\/uploads\/2019\/08\/marca.png\",\"width\":350,\"height\":400,\"caption\":\"Padre Eust\u00e1quio\"},\"image\":{\"@id\":\"https:\/\/www.padreeustaquio.com.br\/#\/schema\/logo\/image\/\"},\"sameAs\":[\"https:\/\/www.facebook.com\/beatopadreeustaquio\/\",\"https:\/\/x.com\/beatopeustaquio\",\"https:\/\/www.instagram.com\/beatopadreeustaquio\/\",\"https:\/\/www.youtube.com\/channel\/UCRhw7vfabnajwLxb1ZXMeIw\"]},{\"@type\":\"Person\",\"@id\":\"https:\/\/www.padreeustaquio.com.br\/#\/schema\/person\/a2a51db1d00f1a7af0204a0f1ddb1566\",\"name\":\"@sscc\",\"image\":{\"@type\":\"ImageObject\",\"inLanguage\":\"es\",\"@id\":\"https:\/\/secure.gravatar.com\/avatar\/68cfafa5f44617fea54071e215026e0ff06be366c3d54a8425f04fdcb86f8c5f?s=96&d=mm&r=g\",\"url\":\"https:\/\/secure.gravatar.com\/avatar\/68cfafa5f44617fea54071e215026e0ff06be366c3d54a8425f04fdcb86f8c5f?s=96&d=mm&r=g\",\"contentUrl\":\"https:\/\/secure.gravatar.com\/avatar\/68cfafa5f44617fea54071e215026e0ff06be366c3d54a8425f04fdcb86f8c5f?s=96&d=mm&r=g\",\"caption\":\"@sscc\"},\"url\":\"https:\/\/www.padreeustaquio.com.br\/es\/author\/sscc\/\"}]}<\/script>\n<!-- \/ Yoast SEO plugin. -->","yoast_head_json":{"title":"MISAS ONLINE - Acerc\u00e1ndote al Padre Eust\u00e1quio - Padre Eust\u00e1quio","robots":{"index":"index","follow":"follow","max-snippet":"max-snippet:-1","max-image-preview":"max-image-preview:large","max-video-preview":"max-video-preview:-1"},"canonical":"https:\/\/www.padreeustaquio.com.br\/es\/las-misas-en-linea-te-acercan-al-padre-eustace\/","og_locale":"es_ES","og_type":"article","og_title":"MISSAS ONLINE - Voc\u00ea mais pr\u00f3ximo do Padre Eust\u00e1quio - Padre Eust\u00e1quio","og_description":"A pandemia provocada pelo Coronav\u00edrus e o consequente isolamento social fizeram com que as igrejas do Brasil e do mundo se fechassem para tentar evitar a dissemina\u00e7\u00e3o da doen\u00e7a. Com isso, as celebra\u00e7\u00f5es passaram a acontecer virtualmente. No Santu\u00e1rio &#8220;Sa\u00fade e Paz&#8221; as transmiss\u00f5es come\u00e7aram em abril. Na \u00e9poca, a equipe da vice-postula\u00e7\u00e3o, que trabalha com a causa de Canoniza\u00e7\u00e3o de Padre Eust\u00e1quio, precisou improvisar com equipamentos j\u00e1 existentes na par\u00f3quia. Mas, com o tempo foi observada a necessidade de investir em equipamentos pr\u00f3prios para a transmiss\u00e3o. A compra desses equipamentos est\u00e1 sendo poss\u00edvel gra\u00e7as a colabora\u00e7\u00e3o de toda a [&hellip;]","og_url":"https:\/\/www.padreeustaquio.com.br\/es\/las-misas-en-linea-te-acercan-al-padre-eustace\/","og_site_name":"Padre Eust\u00e1quio","article_publisher":"https:\/\/www.facebook.com\/beatopadreeustaquio\/","article_published_time":"2020-11-12T13:17:30+00:00","og_image":[{"width":748,"height":394,"url":"https:\/\/www.padreeustaquio.com.br\/wp-content\/uploads\/2020\/11\/AJUDA-NAS-TRANSMISS\u00d5ES.jpg","type":"image\/jpeg"}],"author":"@sscc","twitter_card":"summary_large_image","twitter_creator":"@beatopeustaquio","twitter_site":"@beatopeustaquio","twitter_misc":{"Escrito por":"@sscc","Tiempo de lectura":"1 minuto"},"schema":{"@context":"https:\/\/schema.org","@graph":[{"@type":"Article","@id":"https:\/\/www.padreeustaquio.com.br\/missas-online-voce-mais-proximo-do-padre-eustaquio\/#article","isPartOf":{"@id":"https:\/\/www.padreeustaquio.com.br\/missas-online-voce-mais-proximo-do-padre-eustaquio\/"},"author":{"name":"@sscc","@id":"https:\/\/www.padreeustaquio.com.br\/#\/schema\/person\/a2a51db1d00f1a7af0204a0f1ddb1566"},"headline":"MISSAS ONLINE &#8211; Voc\u00ea mais pr\u00f3ximo do Padre Eust\u00e1quio","datePublished":"2020-11-12T13:17:30+00:00","mainEntityOfPage":{"@id":"https:\/\/www.padreeustaquio.com.br\/missas-online-voce-mais-proximo-do-padre-eustaquio\/"},"wordCount":229,"commentCount":0,"publisher":{"@id":"https:\/\/www.padreeustaquio.com.br\/#organization"},"image":{"@id":"https:\/\/www.padreeustaquio.com.br\/missas-online-voce-mais-proximo-do-padre-eustaquio\/#primaryimage"},"thumbnailUrl":"https:\/\/www.padreeustaquio.com.br\/wp-content\/uploads\/2020\/11\/AJUDA-NAS-TRANSMISS\u00d5ES.jpg","articleSection":["Not\u00edcias"],"inLanguage":"es","potentialAction":[{"@type":"CommentAction","name":"Comment","target":["https:\/\/www.padreeustaquio.com.br\/missas-online-voce-mais-proximo-do-padre-eustaquio\/#respond"]}]},{"@type":"WebPage","@id":"https:\/\/www.padreeustaquio.com.br\/missas-online-voce-mais-proximo-do-padre-eustaquio\/","url":"https:\/\/www.padreeustaquio.com.br\/missas-online-voce-mais-proximo-do-padre-eustaquio\/","name":"MISAS ONLINE - Acerc\u00e1ndote al Padre Eust\u00e1quio - Padre Eust\u00e1quio","isPartOf":{"@id":"https:\/\/www.padreeustaquio.com.br\/#website"},"primaryImageOfPage":{"@id":"https:\/\/www.padreeustaquio.com.br\/missas-online-voce-mais-proximo-do-padre-eustaquio\/#primaryimage"},"image":{"@id":"https:\/\/www.padreeustaquio.com.br\/missas-online-voce-mais-proximo-do-padre-eustaquio\/#primaryimage"},"thumbnailUrl":"https:\/\/www.padreeustaquio.com.br\/wp-content\/uploads\/2020\/11\/AJUDA-NAS-TRANSMISS\u00d5ES.jpg","datePublished":"2020-11-12T13:17:30+00:00","breadcrumb":{"@id":"https:\/\/www.padreeustaquio.com.br\/missas-online-voce-mais-proximo-do-padre-eustaquio\/#breadcrumb"},"inLanguage":"es","potentialAction":[{"@type":"ReadAction","target":["https:\/\/www.padreeustaquio.com.br\/missas-online-voce-mais-proximo-do-padre-eustaquio\/"]}]},{"@type":"ImageObject","inLanguage":"es","@id":"https:\/\/www.padreeustaquio.com.br\/missas-online-voce-mais-proximo-do-padre-eustaquio\/#primaryimage","url":"https:\/\/www.padreeustaquio.com.br\/wp-content\/uploads\/2020\/11\/AJUDA-NAS-TRANSMISS\u00d5ES.jpg","contentUrl":"https:\/\/www.padreeustaquio.com.br\/wp-content\/uploads\/2020\/11\/AJUDA-NAS-TRANSMISS\u00d5ES.jpg","width":748,"height":394,"caption":"Funcion\u00e1rio da Causa de Canoniza\u00e7\u00e3o trabalhando na sala de transmiss\u00e3o durante a Santa Missa"},{"@type":"BreadcrumbList","@id":"https:\/\/www.padreeustaquio.com.br\/missas-online-voce-mais-proximo-do-padre-eustaquio\/#breadcrumb","itemListElement":[{"@type":"ListItem","position":1,"name":"In\u00edcio","item":"https:\/\/www.padreeustaquio.com.br\/"},{"@type":"ListItem","position":2,"name":"MISSAS ONLINE &#8211; Voc\u00ea mais pr\u00f3ximo do Padre Eust\u00e1quio"}]},{"@type":"WebSite","@id":"https:\/\/www.padreeustaquio.com.br\/#website","url":"https:\/\/www.padreeustaquio.com.br\/","name":"Padre Eustace","description":"Salud y Paz","publisher":{"@id":"https:\/\/www.padreeustaquio.com.br\/#organization"},"potentialAction":[{"@type":"SearchAction","target":{"@type":"EntryPoint","urlTemplate":"https:\/\/www.padreeustaquio.com.br\/?s={search_term_string}"},"query-input":{"@type":"PropertyValueSpecification","valueRequired":true,"valueName":"search_term_string"}}],"inLanguage":"es"},{"@type":"Organization","@id":"https:\/\/www.padreeustaquio.com.br\/#organization","name":"Padre Eustace","url":"https:\/\/www.padreeustaquio.com.br\/","logo":{"@type":"ImageObject","inLanguage":"es","@id":"https:\/\/www.padreeustaquio.com.br\/#\/schema\/logo\/image\/","url":"https:\/\/www.padreeustaquio.com.br\/wp-content\/uploads\/2019\/08\/marca.png","contentUrl":"https:\/\/www.padreeustaquio.com.br\/wp-content\/uploads\/2019\/08\/marca.png","width":350,"height":400,"caption":"Padre Eust\u00e1quio"},"image":{"@id":"https:\/\/www.padreeustaquio.com.br\/#\/schema\/logo\/image\/"},"sameAs":["https:\/\/www.facebook.com\/beatopadreeustaquio\/","https:\/\/x.com\/beatopeustaquio","https:\/\/www.instagram.com\/beatopadreeustaquio\/","https:\/\/www.youtube.com\/channel\/UCRhw7vfabnajwLxb1ZXMeIw"]},{"@type":"Person","@id":"https:\/\/www.padreeustaquio.com.br\/#\/schema\/person\/a2a51db1d00f1a7af0204a0f1ddb1566","name":"@sscc","image":{"@type":"ImageObject","inLanguage":"es","@id":"https:\/\/secure.gravatar.com\/avatar\/68cfafa5f44617fea54071e215026e0ff06be366c3d54a8425f04fdcb86f8c5f?s=96&d=mm&r=g","url":"https:\/\/secure.gravatar.com\/avatar\/68cfafa5f44617fea54071e215026e0ff06be366c3d54a8425f04fdcb86f8c5f?s=96&d=mm&r=g","contentUrl":"https:\/\/secure.gravatar.com\/avatar\/68cfafa5f44617fea54071e215026e0ff06be366c3d54a8425f04fdcb86f8c5f?s=96&d=mm&r=g","caption":"@sscc"},"url":"https:\/\/www.padreeustaquio.com.br\/es\/author\/sscc\/"}]}},"_links":{"self":[{"href":"https:\/\/www.padreeustaquio.com.br\/es\/wp-json\/wp\/v2\/posts\/4727","targetHints":{"allow":["GET"]}}],"collection":[{"href":"https:\/\/www.padreeustaquio.com.br\/es\/wp-json\/wp\/v2\/posts"}],"about":[{"href":"https:\/\/www.padreeustaquio.com.br\/es\/wp-json\/wp\/v2\/types\/post"}],"author":[{"embeddable":true,"href":"https:\/\/www.padreeustaquio.com.br\/es\/wp-json\/wp\/v2\/users\/2"}],"replies":[{"embeddable":true,"href":"https:\/\/www.padreeustaquio.com.br\/es\/wp-json\/wp\/v2\/comments?post=4727"}],"version-history":[{"count":0,"href":"https:\/\/www.padreeustaquio.com.br\/es\/wp-json\/wp\/v2\/posts\/4727\/revisions"}],"wp:featuredmedia":[{"embeddable":true,"href":"https:\/\/www.padreeustaquio.com.br\/es\/wp-json\/wp\/v2\/media\/4728"}],"wp:attachment":[{"href":"https:\/\/www.padreeustaquio.com.br\/es\/wp-json\/wp\/v2\/media?parent=4727"}],"wp:term":[{"taxonomy":"category","embeddable":true,"href":"https:\/\/www.padreeustaquio.com.br\/es\/wp-json\/wp\/v2\/categories?post=4727"},{"taxonomy":"post_tag","embeddable":true,"href":"https:\/\/www.padreeustaquio.com.br\/es\/wp-json\/wp\/v2\/tags?post=4727"}],"curies":[{"name":"wp","href":"https:\/\/api.w.org\/{rel}","templated":true}]}}