{"id":4711,"date":"2020-10-30T06:30:42","date_gmt":"2020-10-30T09:30:42","guid":{"rendered":"https:\/\/www.padreeustaquio.com.br\/?p=4711"},"modified":"2020-10-29T07:49:49","modified_gmt":"2020-10-29T10:49:49","slug":"dia-de-los-fieles-difuntos-consulte-los-horarios-de-misas-en-el-santuario-de-salud-y-paz","status":"publish","type":"post","link":"https:\/\/www.padreeustaquio.com.br\/es\/dia-de-los-fieles-difuntos-consulte-los-horarios-de-misas-en-el-santuario-de-salud-y-paz\/","title":{"rendered":"D\u00eda de los Fieles Difuntos \u2013 Consulte los horarios de misas en el Santuario de Salud y Paz."},"content":{"rendered":"<p>El pr\u00f3ximo lunes 2 de noviembre, la Iglesia en todo el mundo celebra la memoria de aquellos que ya no est\u00e1n entre nosotros, llamados lit\u00fargicamente &quot;Fieles Difuntos&quot;.<\/p>\n<p>En el Santuario de Salud y Paz, la iglesia del Padre Eust\u00e1quio, se celebran misas en dos horarios: 7:30 a. m. y 6:00 p. m. Para participar en persona en las celebraciones, es necesario obtener una entrada en la secretar\u00eda parroquial o registrarse en l\u00ednea a trav\u00e9s del sitio web., <a href=\"https:\/\/www.sympla.com.br\/missas-presenciais---igreja-padre-eustaquio---de-31out-a-02nov__1030878\">haciendo clic aqu\u00ed<\/a>.<\/p>\n<p>Aquellos que no puedan asistir a la iglesia podr\u00e1n seguir el servicio en l\u00ednea.\u00a0<a href=\"https:\/\/www.youtube.com\/channel\/UCRhw7vfabnajwLxb1ZXMeIw\">Canal Padre Eust\u00e1quio<\/a>, en YouTube. O tambi\u00e9n a trav\u00e9s de <a href=\"https:\/\/pt-br.facebook.com\/beatopadreeustaquio\">P\u00e1gina oficial de Facebook del candidato a vicepresidente.<\/a><\/p>\n<p>Para programar una misa para un familiar, por favor, contacte siempre con la Oficina Parroquial. El horario de atenci\u00f3n es de lunes a viernes de 8:00 a. m. a 12:00 p. m. y de 1:00 p. m. a 5:30 p. m., y los s\u00e1bados de 7:30 a. m. a 12:00 p. m. El n\u00famero de tel\u00e9fono es (31) 3462-6557.<\/p>\n<p><strong>D\u00eda de los Fieles Difuntos<\/strong><\/p>\n<p>Para la Iglesia Cat\u00f3lica, esta no es una festividad cualquiera, sino una oportunidad para orar por los seres queridos que buscan la plenitud de la vida en la presencia de Dios. Desde los primeros siglos, los cristianos han visitado las tumbas de los m\u00e1rtires para orar por ellos y por todos aquellos que formaron parte de la comunidad cristiana primitiva. En el siglo XIII, el D\u00eda de los Fieles Difuntos comenz\u00f3 a celebrarse el 2 de noviembre, ya que la Solemnidad de Todos los Santos se celebraba el 1 de noviembre.<\/p>\n<p>La Iglesia siempre celebra lo que proviene de la tradici\u00f3n, lo que es fruto de una experiencia de fe en la comunidad cristiana. El profesor de teolog\u00eda de la vida consagrada.<span class=\"noticia_texto\">\u00a0en el Instituto Regional de Formaci\u00f3n Sacerdotal de la Regi\u00f3n Norte 2<\/span>, Fray Ribamar Gomes de Souza explic\u00f3 que San Isidoro de Sevilla se\u00f1al\u00f3 que la pr\u00e1ctica de ofrecer oraciones y sufragios por los difuntos es una costumbre tan antigua en la Iglesia que posiblemente fue ense\u00f1ada por los ap\u00f3stoles. El fraile tambi\u00e9n destac\u00f3 la importancia del D\u00eda de los Fieles Difuntos, una fecha tan importante para el catolicismo.<\/p>\n<p>\u201cLa conmemoraci\u00f3n de todos los fieles difuntos pone de relieve la \u00fanica Iglesia de Cristo: peregrina, purgativa y triunfante, que celebra el Misterio Pascual\u201d, afirm\u00f3.<\/p>\n<p>El fraile explica tambi\u00e9n la esperanza que debe brotar en el coraz\u00f3n de los cristianos, invitados a no detenerse en la muerte, sino a verla desde la perspectiva de la resurrecci\u00f3n de Cristo.<\/p>\n<p>\u201dA veces miramos nuestra vida desde la perspectiva de un sepulcro que ser\u00e1 sellado con tierra y una piedra encima, pero para nosotros, los cristianos, Cristo est\u00e1 ante esa piedra: \u00c9l, que es la Resurrecci\u00f3n y la Vida. \u00c9l mira a trav\u00e9s de la piedra y nos ve a cada uno de nosotros \u2014enfatiz\u00f3\u2014.<\/p>\n<p>&nbsp;<\/p>\n<p><strong>Fuente: vicepostulaci\u00f3n con informaci\u00f3n de noticias.cancaonova.com<\/strong><\/p>","protected":false},"excerpt":{"rendered":"<p>Na pr\u00f3xima segunda-feira, dia 2 de novembro, a igreja em todo o mundo celebra a mem\u00f3ria daqueles que j\u00e1 n\u00e3o est\u00e3o mais conosco, os chamados liturgicamente de &#8220;Fi\u00e9is Defuntos&#8221;. No Santu\u00e1rio &#8220;Sa\u00fade e Paz&#8221;, a igreja do Padre Eust\u00e1quio, as Santas Missas acontecem em dois hor\u00e1rios: \u00e0s 7h30 e \u00e0s 18h. Para participar presencialmente das celebra\u00e7\u00f5es \u00e9 necess\u00e1rio retirar a senha na secretaria paroquial ou fazer a inscri\u00e7\u00e3o online pelo site, clicando aqui. Quem n\u00e3o puder ir \u00e0 igreja, poder\u00e1 acompanhar a celebra\u00e7\u00e3o pelo\u00a0Canal Padre Eust\u00e1quio, no YouTube. Ou ainda pelo facebook oficial da vice-postula\u00e7\u00e3o. Para marcar missa na inten\u00e7\u00e3o [&hellip;]<\/p>\n","protected":false},"author":2,"featured_media":4712,"comment_status":"open","ping_status":"open","sticky":false,"template":"","format":"standard","meta":{"_acf_changed":false,"footnotes":""},"categories":[611],"tags":[],"class_list":["post-4711","post","type-post","status-publish","format-standard","has-post-thumbnail","hentry","category-noticias"],"acf":[],"yoast_head":"<!-- This site is optimized with the Yoast SEO plugin v27.2 - https:\/\/yoast.com\/product\/yoast-seo-wordpress\/ -->\n<title>FINADOS - Veja os hor\u00e1rios de missas no Santu\u00e1rio Sa\u00fade e Paz - Padre Eust\u00e1quio<\/title>\n<meta name=\"robots\" content=\"index, follow, max-snippet:-1, max-image-preview:large, max-video-preview:-1\" \/>\n<link rel=\"canonical\" href=\"https:\/\/www.padreeustaquio.com.br\/es\/dia-de-los-fieles-difuntos-consulte-los-horarios-de-misas-en-el-santuario-de-salud-y-paz\/\" \/>\n<meta property=\"og:locale\" content=\"es_ES\" \/>\n<meta property=\"og:type\" content=\"article\" \/>\n<meta property=\"og:title\" content=\"FINADOS - Veja os hor\u00e1rios de missas no Santu\u00e1rio Sa\u00fade e Paz - Padre Eust\u00e1quio\" \/>\n<meta property=\"og:description\" content=\"Na pr\u00f3xima segunda-feira, dia 2 de novembro, a igreja em todo o mundo celebra a mem\u00f3ria daqueles que j\u00e1 n\u00e3o est\u00e3o mais conosco, os chamados liturgicamente de &#8220;Fi\u00e9is Defuntos&#8221;. No Santu\u00e1rio &#8220;Sa\u00fade e Paz&#8221;, a igreja do Padre Eust\u00e1quio, as Santas Missas acontecem em dois hor\u00e1rios: \u00e0s 7h30 e \u00e0s 18h. Para participar presencialmente das celebra\u00e7\u00f5es \u00e9 necess\u00e1rio retirar a senha na secretaria paroquial ou fazer a inscri\u00e7\u00e3o online pelo site, clicando aqui. Quem n\u00e3o puder ir \u00e0 igreja, poder\u00e1 acompanhar a celebra\u00e7\u00e3o pelo\u00a0Canal Padre Eust\u00e1quio, no YouTube. Ou ainda pelo facebook oficial da vice-postula\u00e7\u00e3o. Para marcar missa na inten\u00e7\u00e3o [&hellip;]\" \/>\n<meta property=\"og:url\" content=\"https:\/\/www.padreeustaquio.com.br\/es\/dia-de-los-fieles-difuntos-consulte-los-horarios-de-misas-en-el-santuario-de-salud-y-paz\/\" \/>\n<meta property=\"og:site_name\" content=\"Padre Eust\u00e1quio\" \/>\n<meta property=\"article:publisher\" content=\"https:\/\/www.facebook.com\/beatopadreeustaquio\/\" \/>\n<meta property=\"article:published_time\" content=\"2020-10-30T09:30:42+00:00\" \/>\n<meta property=\"og:image\" content=\"https:\/\/www.padreeustaquio.com.br\/wp-content\/uploads\/2020\/10\/missa-finados.jpg\" \/>\n\t<meta property=\"og:image:width\" content=\"748\" \/>\n\t<meta property=\"og:image:height\" content=\"394\" \/>\n\t<meta property=\"og:image:type\" content=\"image\/jpeg\" \/>\n<meta name=\"author\" content=\"@sscc\" \/>\n<meta name=\"twitter:card\" content=\"summary_large_image\" \/>\n<meta name=\"twitter:creator\" content=\"@beatopeustaquio\" \/>\n<meta name=\"twitter:site\" content=\"@beatopeustaquio\" \/>\n<meta name=\"twitter:label1\" content=\"Escrito por\" \/>\n\t<meta name=\"twitter:data1\" content=\"@sscc\" \/>\n\t<meta name=\"twitter:label2\" content=\"Tiempo de lectura\" \/>\n\t<meta name=\"twitter:data2\" content=\"2 minutos\" \/>\n<script type=\"application\/ld+json\" class=\"yoast-schema-graph\">{\"@context\":\"https:\/\/schema.org\",\"@graph\":[{\"@type\":\"Article\",\"@id\":\"https:\/\/www.padreeustaquio.com.br\/finados-veja-os-horarios-de-missas-no-santuario-saude-e-paz\/#article\",\"isPartOf\":{\"@id\":\"https:\/\/www.padreeustaquio.com.br\/finados-veja-os-horarios-de-missas-no-santuario-saude-e-paz\/\"},\"author\":{\"name\":\"@sscc\",\"@id\":\"https:\/\/www.padreeustaquio.com.br\/#\/schema\/person\/a2a51db1d00f1a7af0204a0f1ddb1566\"},\"headline\":\"FINADOS &#8211; Veja os hor\u00e1rios de missas no Santu\u00e1rio Sa\u00fade e Paz\",\"datePublished\":\"2020-10-30T09:30:42+00:00\",\"mainEntityOfPage\":{\"@id\":\"https:\/\/www.padreeustaquio.com.br\/finados-veja-os-horarios-de-missas-no-santuario-saude-e-paz\/\"},\"wordCount\":508,\"commentCount\":0,\"publisher\":{\"@id\":\"https:\/\/www.padreeustaquio.com.br\/#organization\"},\"image\":{\"@id\":\"https:\/\/www.padreeustaquio.com.br\/finados-veja-os-horarios-de-missas-no-santuario-saude-e-paz\/#primaryimage\"},\"thumbnailUrl\":\"https:\/\/www.padreeustaquio.com.br\/wp-content\/uploads\/2020\/10\/missa-finados.jpg\",\"articleSection\":[\"Not\u00edcias\"],\"inLanguage\":\"es\",\"potentialAction\":[{\"@type\":\"CommentAction\",\"name\":\"Comment\",\"target\":[\"https:\/\/www.padreeustaquio.com.br\/finados-veja-os-horarios-de-missas-no-santuario-saude-e-paz\/#respond\"]}]},{\"@type\":\"WebPage\",\"@id\":\"https:\/\/www.padreeustaquio.com.br\/finados-veja-os-horarios-de-missas-no-santuario-saude-e-paz\/\",\"url\":\"https:\/\/www.padreeustaquio.com.br\/finados-veja-os-horarios-de-missas-no-santuario-saude-e-paz\/\",\"name\":\"FINADOS - Veja os hor\u00e1rios de missas no Santu\u00e1rio Sa\u00fade e Paz - Padre Eust\u00e1quio\",\"isPartOf\":{\"@id\":\"https:\/\/www.padreeustaquio.com.br\/#website\"},\"primaryImageOfPage\":{\"@id\":\"https:\/\/www.padreeustaquio.com.br\/finados-veja-os-horarios-de-missas-no-santuario-saude-e-paz\/#primaryimage\"},\"image\":{\"@id\":\"https:\/\/www.padreeustaquio.com.br\/finados-veja-os-horarios-de-missas-no-santuario-saude-e-paz\/#primaryimage\"},\"thumbnailUrl\":\"https:\/\/www.padreeustaquio.com.br\/wp-content\/uploads\/2020\/10\/missa-finados.jpg\",\"datePublished\":\"2020-10-30T09:30:42+00:00\",\"breadcrumb\":{\"@id\":\"https:\/\/www.padreeustaquio.com.br\/finados-veja-os-horarios-de-missas-no-santuario-saude-e-paz\/#breadcrumb\"},\"inLanguage\":\"es\",\"potentialAction\":[{\"@type\":\"ReadAction\",\"target\":[\"https:\/\/www.padreeustaquio.com.br\/finados-veja-os-horarios-de-missas-no-santuario-saude-e-paz\/\"]}]},{\"@type\":\"ImageObject\",\"inLanguage\":\"es\",\"@id\":\"https:\/\/www.padreeustaquio.com.br\/finados-veja-os-horarios-de-missas-no-santuario-saude-e-paz\/#primaryimage\",\"url\":\"https:\/\/www.padreeustaquio.com.br\/wp-content\/uploads\/2020\/10\/missa-finados.jpg\",\"contentUrl\":\"https:\/\/www.padreeustaquio.com.br\/wp-content\/uploads\/2020\/10\/missa-finados.jpg\",\"width\":748,\"height\":394},{\"@type\":\"BreadcrumbList\",\"@id\":\"https:\/\/www.padreeustaquio.com.br\/finados-veja-os-horarios-de-missas-no-santuario-saude-e-paz\/#breadcrumb\",\"itemListElement\":[{\"@type\":\"ListItem\",\"position\":1,\"name\":\"In\u00edcio\",\"item\":\"https:\/\/www.padreeustaquio.com.br\/\"},{\"@type\":\"ListItem\",\"position\":2,\"name\":\"FINADOS &#8211; Veja os hor\u00e1rios de missas no Santu\u00e1rio Sa\u00fade e Paz\"}]},{\"@type\":\"WebSite\",\"@id\":\"https:\/\/www.padreeustaquio.com.br\/#website\",\"url\":\"https:\/\/www.padreeustaquio.com.br\/\",\"name\":\"Padre Eust\u00e1quio\",\"description\":\"Sa\u00fade e Paz\",\"publisher\":{\"@id\":\"https:\/\/www.padreeustaquio.com.br\/#organization\"},\"potentialAction\":[{\"@type\":\"SearchAction\",\"target\":{\"@type\":\"EntryPoint\",\"urlTemplate\":\"https:\/\/www.padreeustaquio.com.br\/?s={search_term_string}\"},\"query-input\":{\"@type\":\"PropertyValueSpecification\",\"valueRequired\":true,\"valueName\":\"search_term_string\"}}],\"inLanguage\":\"es\"},{\"@type\":\"Organization\",\"@id\":\"https:\/\/www.padreeustaquio.com.br\/#organization\",\"name\":\"Padre Eust\u00e1quio\",\"url\":\"https:\/\/www.padreeustaquio.com.br\/\",\"logo\":{\"@type\":\"ImageObject\",\"inLanguage\":\"es\",\"@id\":\"https:\/\/www.padreeustaquio.com.br\/#\/schema\/logo\/image\/\",\"url\":\"https:\/\/www.padreeustaquio.com.br\/wp-content\/uploads\/2019\/08\/marca.png\",\"contentUrl\":\"https:\/\/www.padreeustaquio.com.br\/wp-content\/uploads\/2019\/08\/marca.png\",\"width\":350,\"height\":400,\"caption\":\"Padre Eust\u00e1quio\"},\"image\":{\"@id\":\"https:\/\/www.padreeustaquio.com.br\/#\/schema\/logo\/image\/\"},\"sameAs\":[\"https:\/\/www.facebook.com\/beatopadreeustaquio\/\",\"https:\/\/x.com\/beatopeustaquio\",\"https:\/\/www.instagram.com\/beatopadreeustaquio\/\",\"https:\/\/www.youtube.com\/channel\/UCRhw7vfabnajwLxb1ZXMeIw\"]},{\"@type\":\"Person\",\"@id\":\"https:\/\/www.padreeustaquio.com.br\/#\/schema\/person\/a2a51db1d00f1a7af0204a0f1ddb1566\",\"name\":\"@sscc\",\"image\":{\"@type\":\"ImageObject\",\"inLanguage\":\"es\",\"@id\":\"https:\/\/secure.gravatar.com\/avatar\/68cfafa5f44617fea54071e215026e0ff06be366c3d54a8425f04fdcb86f8c5f?s=96&d=mm&r=g\",\"url\":\"https:\/\/secure.gravatar.com\/avatar\/68cfafa5f44617fea54071e215026e0ff06be366c3d54a8425f04fdcb86f8c5f?s=96&d=mm&r=g\",\"contentUrl\":\"https:\/\/secure.gravatar.com\/avatar\/68cfafa5f44617fea54071e215026e0ff06be366c3d54a8425f04fdcb86f8c5f?s=96&d=mm&r=g\",\"caption\":\"@sscc\"},\"url\":\"https:\/\/www.padreeustaquio.com.br\/es\/author\/sscc\/\"}]}<\/script>\n<!-- \/ Yoast SEO plugin. -->","yoast_head_json":{"title":"D\u00eda de los Fieles Difuntos - Ver los horarios de misas en el Santuario de Salud y Paz - Padre Eust\u00e1quio","robots":{"index":"index","follow":"follow","max-snippet":"max-snippet:-1","max-image-preview":"max-image-preview:large","max-video-preview":"max-video-preview:-1"},"canonical":"https:\/\/www.padreeustaquio.com.br\/es\/dia-de-los-fieles-difuntos-consulte-los-horarios-de-misas-en-el-santuario-de-salud-y-paz\/","og_locale":"es_ES","og_type":"article","og_title":"FINADOS - Veja os hor\u00e1rios de missas no Santu\u00e1rio Sa\u00fade e Paz - Padre Eust\u00e1quio","og_description":"Na pr\u00f3xima segunda-feira, dia 2 de novembro, a igreja em todo o mundo celebra a mem\u00f3ria daqueles que j\u00e1 n\u00e3o est\u00e3o mais conosco, os chamados liturgicamente de &#8220;Fi\u00e9is Defuntos&#8221;. No Santu\u00e1rio &#8220;Sa\u00fade e Paz&#8221;, a igreja do Padre Eust\u00e1quio, as Santas Missas acontecem em dois hor\u00e1rios: \u00e0s 7h30 e \u00e0s 18h. Para participar presencialmente das celebra\u00e7\u00f5es \u00e9 necess\u00e1rio retirar a senha na secretaria paroquial ou fazer a inscri\u00e7\u00e3o online pelo site, clicando aqui. Quem n\u00e3o puder ir \u00e0 igreja, poder\u00e1 acompanhar a celebra\u00e7\u00e3o pelo\u00a0Canal Padre Eust\u00e1quio, no YouTube. Ou ainda pelo facebook oficial da vice-postula\u00e7\u00e3o. Para marcar missa na inten\u00e7\u00e3o [&hellip;]","og_url":"https:\/\/www.padreeustaquio.com.br\/es\/dia-de-los-fieles-difuntos-consulte-los-horarios-de-misas-en-el-santuario-de-salud-y-paz\/","og_site_name":"Padre Eust\u00e1quio","article_publisher":"https:\/\/www.facebook.com\/beatopadreeustaquio\/","article_published_time":"2020-10-30T09:30:42+00:00","og_image":[{"width":748,"height":394,"url":"https:\/\/www.padreeustaquio.com.br\/wp-content\/uploads\/2020\/10\/missa-finados.jpg","type":"image\/jpeg"}],"author":"@sscc","twitter_card":"summary_large_image","twitter_creator":"@beatopeustaquio","twitter_site":"@beatopeustaquio","twitter_misc":{"Escrito por":"@sscc","Tiempo de lectura":"2 minutos"},"schema":{"@context":"https:\/\/schema.org","@graph":[{"@type":"Article","@id":"https:\/\/www.padreeustaquio.com.br\/finados-veja-os-horarios-de-missas-no-santuario-saude-e-paz\/#article","isPartOf":{"@id":"https:\/\/www.padreeustaquio.com.br\/finados-veja-os-horarios-de-missas-no-santuario-saude-e-paz\/"},"author":{"name":"@sscc","@id":"https:\/\/www.padreeustaquio.com.br\/#\/schema\/person\/a2a51db1d00f1a7af0204a0f1ddb1566"},"headline":"FINADOS &#8211; Veja os hor\u00e1rios de missas no Santu\u00e1rio Sa\u00fade e Paz","datePublished":"2020-10-30T09:30:42+00:00","mainEntityOfPage":{"@id":"https:\/\/www.padreeustaquio.com.br\/finados-veja-os-horarios-de-missas-no-santuario-saude-e-paz\/"},"wordCount":508,"commentCount":0,"publisher":{"@id":"https:\/\/www.padreeustaquio.com.br\/#organization"},"image":{"@id":"https:\/\/www.padreeustaquio.com.br\/finados-veja-os-horarios-de-missas-no-santuario-saude-e-paz\/#primaryimage"},"thumbnailUrl":"https:\/\/www.padreeustaquio.com.br\/wp-content\/uploads\/2020\/10\/missa-finados.jpg","articleSection":["Not\u00edcias"],"inLanguage":"es","potentialAction":[{"@type":"CommentAction","name":"Comment","target":["https:\/\/www.padreeustaquio.com.br\/finados-veja-os-horarios-de-missas-no-santuario-saude-e-paz\/#respond"]}]},{"@type":"WebPage","@id":"https:\/\/www.padreeustaquio.com.br\/finados-veja-os-horarios-de-missas-no-santuario-saude-e-paz\/","url":"https:\/\/www.padreeustaquio.com.br\/finados-veja-os-horarios-de-missas-no-santuario-saude-e-paz\/","name":"D\u00eda de los Fieles Difuntos - Ver los horarios de misas en el Santuario de Salud y Paz - Padre Eust\u00e1quio","isPartOf":{"@id":"https:\/\/www.padreeustaquio.com.br\/#website"},"primaryImageOfPage":{"@id":"https:\/\/www.padreeustaquio.com.br\/finados-veja-os-horarios-de-missas-no-santuario-saude-e-paz\/#primaryimage"},"image":{"@id":"https:\/\/www.padreeustaquio.com.br\/finados-veja-os-horarios-de-missas-no-santuario-saude-e-paz\/#primaryimage"},"thumbnailUrl":"https:\/\/www.padreeustaquio.com.br\/wp-content\/uploads\/2020\/10\/missa-finados.jpg","datePublished":"2020-10-30T09:30:42+00:00","breadcrumb":{"@id":"https:\/\/www.padreeustaquio.com.br\/finados-veja-os-horarios-de-missas-no-santuario-saude-e-paz\/#breadcrumb"},"inLanguage":"es","potentialAction":[{"@type":"ReadAction","target":["https:\/\/www.padreeustaquio.com.br\/finados-veja-os-horarios-de-missas-no-santuario-saude-e-paz\/"]}]},{"@type":"ImageObject","inLanguage":"es","@id":"https:\/\/www.padreeustaquio.com.br\/finados-veja-os-horarios-de-missas-no-santuario-saude-e-paz\/#primaryimage","url":"https:\/\/www.padreeustaquio.com.br\/wp-content\/uploads\/2020\/10\/missa-finados.jpg","contentUrl":"https:\/\/www.padreeustaquio.com.br\/wp-content\/uploads\/2020\/10\/missa-finados.jpg","width":748,"height":394},{"@type":"BreadcrumbList","@id":"https:\/\/www.padreeustaquio.com.br\/finados-veja-os-horarios-de-missas-no-santuario-saude-e-paz\/#breadcrumb","itemListElement":[{"@type":"ListItem","position":1,"name":"In\u00edcio","item":"https:\/\/www.padreeustaquio.com.br\/"},{"@type":"ListItem","position":2,"name":"FINADOS &#8211; Veja os hor\u00e1rios de missas no Santu\u00e1rio Sa\u00fade e Paz"}]},{"@type":"WebSite","@id":"https:\/\/www.padreeustaquio.com.br\/#website","url":"https:\/\/www.padreeustaquio.com.br\/","name":"Padre Eustace","description":"Salud y Paz","publisher":{"@id":"https:\/\/www.padreeustaquio.com.br\/#organization"},"potentialAction":[{"@type":"SearchAction","target":{"@type":"EntryPoint","urlTemplate":"https:\/\/www.padreeustaquio.com.br\/?s={search_term_string}"},"query-input":{"@type":"PropertyValueSpecification","valueRequired":true,"valueName":"search_term_string"}}],"inLanguage":"es"},{"@type":"Organization","@id":"https:\/\/www.padreeustaquio.com.br\/#organization","name":"Padre Eustace","url":"https:\/\/www.padreeustaquio.com.br\/","logo":{"@type":"ImageObject","inLanguage":"es","@id":"https:\/\/www.padreeustaquio.com.br\/#\/schema\/logo\/image\/","url":"https:\/\/www.padreeustaquio.com.br\/wp-content\/uploads\/2019\/08\/marca.png","contentUrl":"https:\/\/www.padreeustaquio.com.br\/wp-content\/uploads\/2019\/08\/marca.png","width":350,"height":400,"caption":"Padre Eust\u00e1quio"},"image":{"@id":"https:\/\/www.padreeustaquio.com.br\/#\/schema\/logo\/image\/"},"sameAs":["https:\/\/www.facebook.com\/beatopadreeustaquio\/","https:\/\/x.com\/beatopeustaquio","https:\/\/www.instagram.com\/beatopadreeustaquio\/","https:\/\/www.youtube.com\/channel\/UCRhw7vfabnajwLxb1ZXMeIw"]},{"@type":"Person","@id":"https:\/\/www.padreeustaquio.com.br\/#\/schema\/person\/a2a51db1d00f1a7af0204a0f1ddb1566","name":"@sscc","image":{"@type":"ImageObject","inLanguage":"es","@id":"https:\/\/secure.gravatar.com\/avatar\/68cfafa5f44617fea54071e215026e0ff06be366c3d54a8425f04fdcb86f8c5f?s=96&d=mm&r=g","url":"https:\/\/secure.gravatar.com\/avatar\/68cfafa5f44617fea54071e215026e0ff06be366c3d54a8425f04fdcb86f8c5f?s=96&d=mm&r=g","contentUrl":"https:\/\/secure.gravatar.com\/avatar\/68cfafa5f44617fea54071e215026e0ff06be366c3d54a8425f04fdcb86f8c5f?s=96&d=mm&r=g","caption":"@sscc"},"url":"https:\/\/www.padreeustaquio.com.br\/es\/author\/sscc\/"}]}},"_links":{"self":[{"href":"https:\/\/www.padreeustaquio.com.br\/es\/wp-json\/wp\/v2\/posts\/4711","targetHints":{"allow":["GET"]}}],"collection":[{"href":"https:\/\/www.padreeustaquio.com.br\/es\/wp-json\/wp\/v2\/posts"}],"about":[{"href":"https:\/\/www.padreeustaquio.com.br\/es\/wp-json\/wp\/v2\/types\/post"}],"author":[{"embeddable":true,"href":"https:\/\/www.padreeustaquio.com.br\/es\/wp-json\/wp\/v2\/users\/2"}],"replies":[{"embeddable":true,"href":"https:\/\/www.padreeustaquio.com.br\/es\/wp-json\/wp\/v2\/comments?post=4711"}],"version-history":[{"count":0,"href":"https:\/\/www.padreeustaquio.com.br\/es\/wp-json\/wp\/v2\/posts\/4711\/revisions"}],"wp:featuredmedia":[{"embeddable":true,"href":"https:\/\/www.padreeustaquio.com.br\/es\/wp-json\/wp\/v2\/media\/4712"}],"wp:attachment":[{"href":"https:\/\/www.padreeustaquio.com.br\/es\/wp-json\/wp\/v2\/media?parent=4711"}],"wp:term":[{"taxonomy":"category","embeddable":true,"href":"https:\/\/www.padreeustaquio.com.br\/es\/wp-json\/wp\/v2\/categories?post=4711"},{"taxonomy":"post_tag","embeddable":true,"href":"https:\/\/www.padreeustaquio.com.br\/es\/wp-json\/wp\/v2\/tags?post=4711"}],"curies":[{"name":"wp","href":"https:\/\/api.w.org\/{rel}","templated":true}]}}