{"id":4687,"date":"2020-10-20T08:58:03","date_gmt":"2020-10-20T11:58:03","guid":{"rendered":"https:\/\/www.padreeustaquio.com.br\/?p=4687"},"modified":"2020-10-20T08:58:03","modified_gmt":"2020-10-20T11:58:03","slug":"el-fin-de-semana-estuvo-lleno-de-bienvenidas-y-celebraciones-en-paraguay","status":"publish","type":"post","link":"https:\/\/www.padreeustaquio.com.br\/es\/el-fin-de-semana-estuvo-lleno-de-bienvenidas-y-celebraciones-en-paraguay\/","title":{"rendered":"El fin de semana estuvo lleno de bienvenidas y celebraciones en Paraguay."},"content":{"rendered":"<p>El nuevo sacerdote de los Sagrados Corazones, el Padre Arm\u00edn P\u00e9rez, y su hermano Gustavo llegaron el fin de semana pasado a la ciudad de Presidente Franco, Paraguay. Recibidos por la Parroquia de Nuestra Se\u00f1ora de F\u00e1tima, ambos participaron en las celebraciones eucar\u00edsticas de la comunidad.<\/p>\n<p>La semana pasada, los dos religiosos se despidieron de sus hermanos en Belo Horizonte, Brasil. De camino al aeropuerto, el Provincial, Padre S\u00e9rgio Stein, ss.cc., realiz\u00f3 el tradicional gesto de despedida de los miembros de la orden de los Sagrados Corazones, colocando sobre sus cabezas una imagen de Nuestra Se\u00f1ora Reina de la Paz.<\/p>\n<p>El Hermano Gustavo y el Padre Arm\u00edn se encuentran en la llamada zona de la triple frontera (Brasil, Paraguay y Argentina) donde continuar\u00e1n su misi\u00f3n de llevar el amor de los Sagrados Corazones de Jes\u00fas y Mar\u00eda a todo el pueblo de Dios.<\/p>","protected":false},"excerpt":{"rendered":"<p>O novo presb\u00edtero dos Sagrados Cora\u00e7\u00f5es, Padre Arm\u00edn P\u00e9rez e o irm\u00e3o Gustavo, chegaram no \u00faltimo fim de semana \u00e0 cidade de Presidente Franco no Paraguai. Acolhidos pela Par\u00f3quia Nossa Senhora de F\u00e1tima, os dois participaram das Celebra\u00e7\u00f5es Eucar\u00edsticas realizadas na comunidade. Na semana passada os dois religiosos se despediram dos irm\u00e3os de Belo Horizonte, no Brasil.\u00a0 Na sa\u00edda para o aeroporto, o Provincial, Padre S\u00e9rgio Stein, ss.cc, realizou o tradicional gesto de envio dos religiosos dos Sagrados Cora\u00e7\u00f5es, colocando a imagem de Nossa Senhora Rainha da Paz sobre a cabe\u00e7a dos dois. Ir. Gustavo e Pe. Arm\u00edn est\u00e3o na [&hellip;]<\/p>\n","protected":false},"author":2,"featured_media":4689,"comment_status":"open","ping_status":"open","sticky":false,"template":"","format":"standard","meta":{"_acf_changed":false,"footnotes":""},"categories":[611],"tags":[],"class_list":["post-4687","post","type-post","status-publish","format-standard","has-post-thumbnail","hentry","category-noticias"],"acf":[],"yoast_head":"<!-- This site is optimized with the Yoast SEO plugin v27.2 - https:\/\/yoast.com\/product\/yoast-seo-wordpress\/ -->\n<title>Fim de semana foi de boas-vindas e celebra\u00e7\u00f5es no Paraguai - Padre Eust\u00e1quio<\/title>\n<meta name=\"robots\" content=\"index, follow, max-snippet:-1, max-image-preview:large, max-video-preview:-1\" \/>\n<link rel=\"canonical\" href=\"https:\/\/www.padreeustaquio.com.br\/es\/el-fin-de-semana-estuvo-lleno-de-bienvenidas-y-celebraciones-en-paraguay\/\" \/>\n<meta property=\"og:locale\" content=\"es_ES\" \/>\n<meta property=\"og:type\" content=\"article\" \/>\n<meta property=\"og:title\" content=\"Fim de semana foi de boas-vindas e celebra\u00e7\u00f5es no Paraguai - Padre Eust\u00e1quio\" \/>\n<meta property=\"og:description\" content=\"O novo presb\u00edtero dos Sagrados Cora\u00e7\u00f5es, Padre Arm\u00edn P\u00e9rez e o irm\u00e3o Gustavo, chegaram no \u00faltimo fim de semana \u00e0 cidade de Presidente Franco no Paraguai. Acolhidos pela Par\u00f3quia Nossa Senhora de F\u00e1tima, os dois participaram das Celebra\u00e7\u00f5es Eucar\u00edsticas realizadas na comunidade. Na semana passada os dois religiosos se despediram dos irm\u00e3os de Belo Horizonte, no Brasil.\u00a0 Na sa\u00edda para o aeroporto, o Provincial, Padre S\u00e9rgio Stein, ss.cc, realizou o tradicional gesto de envio dos religiosos dos Sagrados Cora\u00e7\u00f5es, colocando a imagem de Nossa Senhora Rainha da Paz sobre a cabe\u00e7a dos dois. Ir. Gustavo e Pe. Arm\u00edn est\u00e3o na [&hellip;]\" \/>\n<meta property=\"og:url\" content=\"https:\/\/www.padreeustaquio.com.br\/es\/el-fin-de-semana-estuvo-lleno-de-bienvenidas-y-celebraciones-en-paraguay\/\" \/>\n<meta property=\"og:site_name\" content=\"Padre Eust\u00e1quio\" \/>\n<meta property=\"article:publisher\" content=\"https:\/\/www.facebook.com\/beatopadreeustaquio\/\" \/>\n<meta property=\"article:published_time\" content=\"2020-10-20T11:58:03+00:00\" \/>\n<meta property=\"og:image\" content=\"https:\/\/www.padreeustaquio.com.br\/wp-content\/uploads\/2020\/10\/ARMIN-E-GUSTAVO-NO-PARAGUAI.jpg\" \/>\n\t<meta property=\"og:image:width\" content=\"748\" \/>\n\t<meta property=\"og:image:height\" content=\"394\" \/>\n\t<meta property=\"og:image:type\" content=\"image\/jpeg\" \/>\n<meta name=\"author\" content=\"@sscc\" \/>\n<meta name=\"twitter:card\" content=\"summary_large_image\" \/>\n<meta name=\"twitter:creator\" content=\"@beatopeustaquio\" \/>\n<meta name=\"twitter:site\" content=\"@beatopeustaquio\" \/>\n<meta name=\"twitter:label1\" content=\"Escrito por\" \/>\n\t<meta name=\"twitter:data1\" content=\"@sscc\" \/>\n\t<meta name=\"twitter:label2\" content=\"Tiempo de lectura\" \/>\n\t<meta name=\"twitter:data2\" content=\"1 minuto\" \/>\n<script type=\"application\/ld+json\" class=\"yoast-schema-graph\">{\"@context\":\"https:\/\/schema.org\",\"@graph\":[{\"@type\":\"Article\",\"@id\":\"https:\/\/www.padreeustaquio.com.br\/fim-de-semana-foi-de-boas-vindas-e-celebracoes-no-paraguai\/#article\",\"isPartOf\":{\"@id\":\"https:\/\/www.padreeustaquio.com.br\/fim-de-semana-foi-de-boas-vindas-e-celebracoes-no-paraguai\/\"},\"author\":{\"name\":\"@sscc\",\"@id\":\"https:\/\/www.padreeustaquio.com.br\/#\/schema\/person\/a2a51db1d00f1a7af0204a0f1ddb1566\"},\"headline\":\"Fim de semana foi de boas-vindas e celebra\u00e7\u00f5es no Paraguai\",\"datePublished\":\"2020-10-20T11:58:03+00:00\",\"mainEntityOfPage\":{\"@id\":\"https:\/\/www.padreeustaquio.com.br\/fim-de-semana-foi-de-boas-vindas-e-celebracoes-no-paraguai\/\"},\"wordCount\":161,\"commentCount\":0,\"publisher\":{\"@id\":\"https:\/\/www.padreeustaquio.com.br\/#organization\"},\"image\":{\"@id\":\"https:\/\/www.padreeustaquio.com.br\/fim-de-semana-foi-de-boas-vindas-e-celebracoes-no-paraguai\/#primaryimage\"},\"thumbnailUrl\":\"https:\/\/www.padreeustaquio.com.br\/wp-content\/uploads\/2020\/10\/ARMIN-E-GUSTAVO-NO-PARAGUAI.jpg\",\"articleSection\":[\"Not\u00edcias\"],\"inLanguage\":\"es\",\"potentialAction\":[{\"@type\":\"CommentAction\",\"name\":\"Comment\",\"target\":[\"https:\/\/www.padreeustaquio.com.br\/fim-de-semana-foi-de-boas-vindas-e-celebracoes-no-paraguai\/#respond\"]}]},{\"@type\":\"WebPage\",\"@id\":\"https:\/\/www.padreeustaquio.com.br\/fim-de-semana-foi-de-boas-vindas-e-celebracoes-no-paraguai\/\",\"url\":\"https:\/\/www.padreeustaquio.com.br\/fim-de-semana-foi-de-boas-vindas-e-celebracoes-no-paraguai\/\",\"name\":\"Fim de semana foi de boas-vindas e celebra\u00e7\u00f5es no Paraguai - Padre Eust\u00e1quio\",\"isPartOf\":{\"@id\":\"https:\/\/www.padreeustaquio.com.br\/#website\"},\"primaryImageOfPage\":{\"@id\":\"https:\/\/www.padreeustaquio.com.br\/fim-de-semana-foi-de-boas-vindas-e-celebracoes-no-paraguai\/#primaryimage\"},\"image\":{\"@id\":\"https:\/\/www.padreeustaquio.com.br\/fim-de-semana-foi-de-boas-vindas-e-celebracoes-no-paraguai\/#primaryimage\"},\"thumbnailUrl\":\"https:\/\/www.padreeustaquio.com.br\/wp-content\/uploads\/2020\/10\/ARMIN-E-GUSTAVO-NO-PARAGUAI.jpg\",\"datePublished\":\"2020-10-20T11:58:03+00:00\",\"breadcrumb\":{\"@id\":\"https:\/\/www.padreeustaquio.com.br\/fim-de-semana-foi-de-boas-vindas-e-celebracoes-no-paraguai\/#breadcrumb\"},\"inLanguage\":\"es\",\"potentialAction\":[{\"@type\":\"ReadAction\",\"target\":[\"https:\/\/www.padreeustaquio.com.br\/fim-de-semana-foi-de-boas-vindas-e-celebracoes-no-paraguai\/\"]}]},{\"@type\":\"ImageObject\",\"inLanguage\":\"es\",\"@id\":\"https:\/\/www.padreeustaquio.com.br\/fim-de-semana-foi-de-boas-vindas-e-celebracoes-no-paraguai\/#primaryimage\",\"url\":\"https:\/\/www.padreeustaquio.com.br\/wp-content\/uploads\/2020\/10\/ARMIN-E-GUSTAVO-NO-PARAGUAI.jpg\",\"contentUrl\":\"https:\/\/www.padreeustaquio.com.br\/wp-content\/uploads\/2020\/10\/ARMIN-E-GUSTAVO-NO-PARAGUAI.jpg\",\"width\":748,\"height\":394},{\"@type\":\"BreadcrumbList\",\"@id\":\"https:\/\/www.padreeustaquio.com.br\/fim-de-semana-foi-de-boas-vindas-e-celebracoes-no-paraguai\/#breadcrumb\",\"itemListElement\":[{\"@type\":\"ListItem\",\"position\":1,\"name\":\"In\u00edcio\",\"item\":\"https:\/\/www.padreeustaquio.com.br\/\"},{\"@type\":\"ListItem\",\"position\":2,\"name\":\"Fim de semana foi de boas-vindas e celebra\u00e7\u00f5es no Paraguai\"}]},{\"@type\":\"WebSite\",\"@id\":\"https:\/\/www.padreeustaquio.com.br\/#website\",\"url\":\"https:\/\/www.padreeustaquio.com.br\/\",\"name\":\"Padre Eust\u00e1quio\",\"description\":\"Sa\u00fade e Paz\",\"publisher\":{\"@id\":\"https:\/\/www.padreeustaquio.com.br\/#organization\"},\"potentialAction\":[{\"@type\":\"SearchAction\",\"target\":{\"@type\":\"EntryPoint\",\"urlTemplate\":\"https:\/\/www.padreeustaquio.com.br\/?s={search_term_string}\"},\"query-input\":{\"@type\":\"PropertyValueSpecification\",\"valueRequired\":true,\"valueName\":\"search_term_string\"}}],\"inLanguage\":\"es\"},{\"@type\":\"Organization\",\"@id\":\"https:\/\/www.padreeustaquio.com.br\/#organization\",\"name\":\"Padre Eust\u00e1quio\",\"url\":\"https:\/\/www.padreeustaquio.com.br\/\",\"logo\":{\"@type\":\"ImageObject\",\"inLanguage\":\"es\",\"@id\":\"https:\/\/www.padreeustaquio.com.br\/#\/schema\/logo\/image\/\",\"url\":\"https:\/\/www.padreeustaquio.com.br\/wp-content\/uploads\/2019\/08\/marca.png\",\"contentUrl\":\"https:\/\/www.padreeustaquio.com.br\/wp-content\/uploads\/2019\/08\/marca.png\",\"width\":350,\"height\":400,\"caption\":\"Padre Eust\u00e1quio\"},\"image\":{\"@id\":\"https:\/\/www.padreeustaquio.com.br\/#\/schema\/logo\/image\/\"},\"sameAs\":[\"https:\/\/www.facebook.com\/beatopadreeustaquio\/\",\"https:\/\/x.com\/beatopeustaquio\",\"https:\/\/www.instagram.com\/beatopadreeustaquio\/\",\"https:\/\/www.youtube.com\/channel\/UCRhw7vfabnajwLxb1ZXMeIw\"]},{\"@type\":\"Person\",\"@id\":\"https:\/\/www.padreeustaquio.com.br\/#\/schema\/person\/a2a51db1d00f1a7af0204a0f1ddb1566\",\"name\":\"@sscc\",\"image\":{\"@type\":\"ImageObject\",\"inLanguage\":\"es\",\"@id\":\"https:\/\/secure.gravatar.com\/avatar\/68cfafa5f44617fea54071e215026e0ff06be366c3d54a8425f04fdcb86f8c5f?s=96&d=mm&r=g\",\"url\":\"https:\/\/secure.gravatar.com\/avatar\/68cfafa5f44617fea54071e215026e0ff06be366c3d54a8425f04fdcb86f8c5f?s=96&d=mm&r=g\",\"contentUrl\":\"https:\/\/secure.gravatar.com\/avatar\/68cfafa5f44617fea54071e215026e0ff06be366c3d54a8425f04fdcb86f8c5f?s=96&d=mm&r=g\",\"caption\":\"@sscc\"},\"url\":\"https:\/\/www.padreeustaquio.com.br\/es\/author\/sscc\/\"}]}<\/script>\n<!-- \/ Yoast SEO plugin. -->","yoast_head_json":{"title":"El fin de semana estuvo lleno de bienvenidas y celebraciones en Paraguay - Padre Eust\u00e1quio","robots":{"index":"index","follow":"follow","max-snippet":"max-snippet:-1","max-image-preview":"max-image-preview:large","max-video-preview":"max-video-preview:-1"},"canonical":"https:\/\/www.padreeustaquio.com.br\/es\/el-fin-de-semana-estuvo-lleno-de-bienvenidas-y-celebraciones-en-paraguay\/","og_locale":"es_ES","og_type":"article","og_title":"Fim de semana foi de boas-vindas e celebra\u00e7\u00f5es no Paraguai - Padre Eust\u00e1quio","og_description":"O novo presb\u00edtero dos Sagrados Cora\u00e7\u00f5es, Padre Arm\u00edn P\u00e9rez e o irm\u00e3o Gustavo, chegaram no \u00faltimo fim de semana \u00e0 cidade de Presidente Franco no Paraguai. Acolhidos pela Par\u00f3quia Nossa Senhora de F\u00e1tima, os dois participaram das Celebra\u00e7\u00f5es Eucar\u00edsticas realizadas na comunidade. Na semana passada os dois religiosos se despediram dos irm\u00e3os de Belo Horizonte, no Brasil.\u00a0 Na sa\u00edda para o aeroporto, o Provincial, Padre S\u00e9rgio Stein, ss.cc, realizou o tradicional gesto de envio dos religiosos dos Sagrados Cora\u00e7\u00f5es, colocando a imagem de Nossa Senhora Rainha da Paz sobre a cabe\u00e7a dos dois. Ir. Gustavo e Pe. Arm\u00edn est\u00e3o na [&hellip;]","og_url":"https:\/\/www.padreeustaquio.com.br\/es\/el-fin-de-semana-estuvo-lleno-de-bienvenidas-y-celebraciones-en-paraguay\/","og_site_name":"Padre Eust\u00e1quio","article_publisher":"https:\/\/www.facebook.com\/beatopadreeustaquio\/","article_published_time":"2020-10-20T11:58:03+00:00","og_image":[{"width":748,"height":394,"url":"https:\/\/www.padreeustaquio.com.br\/wp-content\/uploads\/2020\/10\/ARMIN-E-GUSTAVO-NO-PARAGUAI.jpg","type":"image\/jpeg"}],"author":"@sscc","twitter_card":"summary_large_image","twitter_creator":"@beatopeustaquio","twitter_site":"@beatopeustaquio","twitter_misc":{"Escrito por":"@sscc","Tiempo de lectura":"1 minuto"},"schema":{"@context":"https:\/\/schema.org","@graph":[{"@type":"Article","@id":"https:\/\/www.padreeustaquio.com.br\/fim-de-semana-foi-de-boas-vindas-e-celebracoes-no-paraguai\/#article","isPartOf":{"@id":"https:\/\/www.padreeustaquio.com.br\/fim-de-semana-foi-de-boas-vindas-e-celebracoes-no-paraguai\/"},"author":{"name":"@sscc","@id":"https:\/\/www.padreeustaquio.com.br\/#\/schema\/person\/a2a51db1d00f1a7af0204a0f1ddb1566"},"headline":"Fim de semana foi de boas-vindas e celebra\u00e7\u00f5es no Paraguai","datePublished":"2020-10-20T11:58:03+00:00","mainEntityOfPage":{"@id":"https:\/\/www.padreeustaquio.com.br\/fim-de-semana-foi-de-boas-vindas-e-celebracoes-no-paraguai\/"},"wordCount":161,"commentCount":0,"publisher":{"@id":"https:\/\/www.padreeustaquio.com.br\/#organization"},"image":{"@id":"https:\/\/www.padreeustaquio.com.br\/fim-de-semana-foi-de-boas-vindas-e-celebracoes-no-paraguai\/#primaryimage"},"thumbnailUrl":"https:\/\/www.padreeustaquio.com.br\/wp-content\/uploads\/2020\/10\/ARMIN-E-GUSTAVO-NO-PARAGUAI.jpg","articleSection":["Not\u00edcias"],"inLanguage":"es","potentialAction":[{"@type":"CommentAction","name":"Comment","target":["https:\/\/www.padreeustaquio.com.br\/fim-de-semana-foi-de-boas-vindas-e-celebracoes-no-paraguai\/#respond"]}]},{"@type":"WebPage","@id":"https:\/\/www.padreeustaquio.com.br\/fim-de-semana-foi-de-boas-vindas-e-celebracoes-no-paraguai\/","url":"https:\/\/www.padreeustaquio.com.br\/fim-de-semana-foi-de-boas-vindas-e-celebracoes-no-paraguai\/","name":"El fin de semana estuvo lleno de bienvenidas y celebraciones en Paraguay - Padre Eust\u00e1quio","isPartOf":{"@id":"https:\/\/www.padreeustaquio.com.br\/#website"},"primaryImageOfPage":{"@id":"https:\/\/www.padreeustaquio.com.br\/fim-de-semana-foi-de-boas-vindas-e-celebracoes-no-paraguai\/#primaryimage"},"image":{"@id":"https:\/\/www.padreeustaquio.com.br\/fim-de-semana-foi-de-boas-vindas-e-celebracoes-no-paraguai\/#primaryimage"},"thumbnailUrl":"https:\/\/www.padreeustaquio.com.br\/wp-content\/uploads\/2020\/10\/ARMIN-E-GUSTAVO-NO-PARAGUAI.jpg","datePublished":"2020-10-20T11:58:03+00:00","breadcrumb":{"@id":"https:\/\/www.padreeustaquio.com.br\/fim-de-semana-foi-de-boas-vindas-e-celebracoes-no-paraguai\/#breadcrumb"},"inLanguage":"es","potentialAction":[{"@type":"ReadAction","target":["https:\/\/www.padreeustaquio.com.br\/fim-de-semana-foi-de-boas-vindas-e-celebracoes-no-paraguai\/"]}]},{"@type":"ImageObject","inLanguage":"es","@id":"https:\/\/www.padreeustaquio.com.br\/fim-de-semana-foi-de-boas-vindas-e-celebracoes-no-paraguai\/#primaryimage","url":"https:\/\/www.padreeustaquio.com.br\/wp-content\/uploads\/2020\/10\/ARMIN-E-GUSTAVO-NO-PARAGUAI.jpg","contentUrl":"https:\/\/www.padreeustaquio.com.br\/wp-content\/uploads\/2020\/10\/ARMIN-E-GUSTAVO-NO-PARAGUAI.jpg","width":748,"height":394},{"@type":"BreadcrumbList","@id":"https:\/\/www.padreeustaquio.com.br\/fim-de-semana-foi-de-boas-vindas-e-celebracoes-no-paraguai\/#breadcrumb","itemListElement":[{"@type":"ListItem","position":1,"name":"In\u00edcio","item":"https:\/\/www.padreeustaquio.com.br\/"},{"@type":"ListItem","position":2,"name":"Fim de semana foi de boas-vindas e celebra\u00e7\u00f5es no Paraguai"}]},{"@type":"WebSite","@id":"https:\/\/www.padreeustaquio.com.br\/#website","url":"https:\/\/www.padreeustaquio.com.br\/","name":"Padre Eustace","description":"Salud y Paz","publisher":{"@id":"https:\/\/www.padreeustaquio.com.br\/#organization"},"potentialAction":[{"@type":"SearchAction","target":{"@type":"EntryPoint","urlTemplate":"https:\/\/www.padreeustaquio.com.br\/?s={search_term_string}"},"query-input":{"@type":"PropertyValueSpecification","valueRequired":true,"valueName":"search_term_string"}}],"inLanguage":"es"},{"@type":"Organization","@id":"https:\/\/www.padreeustaquio.com.br\/#organization","name":"Padre Eustace","url":"https:\/\/www.padreeustaquio.com.br\/","logo":{"@type":"ImageObject","inLanguage":"es","@id":"https:\/\/www.padreeustaquio.com.br\/#\/schema\/logo\/image\/","url":"https:\/\/www.padreeustaquio.com.br\/wp-content\/uploads\/2019\/08\/marca.png","contentUrl":"https:\/\/www.padreeustaquio.com.br\/wp-content\/uploads\/2019\/08\/marca.png","width":350,"height":400,"caption":"Padre Eust\u00e1quio"},"image":{"@id":"https:\/\/www.padreeustaquio.com.br\/#\/schema\/logo\/image\/"},"sameAs":["https:\/\/www.facebook.com\/beatopadreeustaquio\/","https:\/\/x.com\/beatopeustaquio","https:\/\/www.instagram.com\/beatopadreeustaquio\/","https:\/\/www.youtube.com\/channel\/UCRhw7vfabnajwLxb1ZXMeIw"]},{"@type":"Person","@id":"https:\/\/www.padreeustaquio.com.br\/#\/schema\/person\/a2a51db1d00f1a7af0204a0f1ddb1566","name":"@sscc","image":{"@type":"ImageObject","inLanguage":"es","@id":"https:\/\/secure.gravatar.com\/avatar\/68cfafa5f44617fea54071e215026e0ff06be366c3d54a8425f04fdcb86f8c5f?s=96&d=mm&r=g","url":"https:\/\/secure.gravatar.com\/avatar\/68cfafa5f44617fea54071e215026e0ff06be366c3d54a8425f04fdcb86f8c5f?s=96&d=mm&r=g","contentUrl":"https:\/\/secure.gravatar.com\/avatar\/68cfafa5f44617fea54071e215026e0ff06be366c3d54a8425f04fdcb86f8c5f?s=96&d=mm&r=g","caption":"@sscc"},"url":"https:\/\/www.padreeustaquio.com.br\/es\/author\/sscc\/"}]}},"_links":{"self":[{"href":"https:\/\/www.padreeustaquio.com.br\/es\/wp-json\/wp\/v2\/posts\/4687","targetHints":{"allow":["GET"]}}],"collection":[{"href":"https:\/\/www.padreeustaquio.com.br\/es\/wp-json\/wp\/v2\/posts"}],"about":[{"href":"https:\/\/www.padreeustaquio.com.br\/es\/wp-json\/wp\/v2\/types\/post"}],"author":[{"embeddable":true,"href":"https:\/\/www.padreeustaquio.com.br\/es\/wp-json\/wp\/v2\/users\/2"}],"replies":[{"embeddable":true,"href":"https:\/\/www.padreeustaquio.com.br\/es\/wp-json\/wp\/v2\/comments?post=4687"}],"version-history":[{"count":0,"href":"https:\/\/www.padreeustaquio.com.br\/es\/wp-json\/wp\/v2\/posts\/4687\/revisions"}],"wp:featuredmedia":[{"embeddable":true,"href":"https:\/\/www.padreeustaquio.com.br\/es\/wp-json\/wp\/v2\/media\/4689"}],"wp:attachment":[{"href":"https:\/\/www.padreeustaquio.com.br\/es\/wp-json\/wp\/v2\/media?parent=4687"}],"wp:term":[{"taxonomy":"category","embeddable":true,"href":"https:\/\/www.padreeustaquio.com.br\/es\/wp-json\/wp\/v2\/categories?post=4687"},{"taxonomy":"post_tag","embeddable":true,"href":"https:\/\/www.padreeustaquio.com.br\/es\/wp-json\/wp\/v2\/tags?post=4687"}],"curies":[{"name":"wp","href":"https:\/\/api.w.org\/{rel}","templated":true}]}}