{"id":4682,"date":"2020-10-17T11:07:42","date_gmt":"2020-10-17T14:07:42","guid":{"rendered":"https:\/\/www.padreeustaquio.com.br\/?p=4682"},"modified":"2020-10-17T11:07:42","modified_gmt":"2020-10-17T14:07:42","slug":"el-hermano-gustavo-y-el-padre-armin-son-enviados-en-mision-a-paraguay","status":"publish","type":"post","link":"https:\/\/www.padreeustaquio.com.br\/es\/el-hermano-gustavo-y-el-padre-armin-son-enviados-en-mision-a-paraguay\/","title":{"rendered":"El hermano Gustavo y el padre Arm\u00edn son enviados en misi\u00f3n a Paraguay."},"content":{"rendered":"<p>Este viernes 16, el Hermano Gustavo, ss.cc., y el Padre Arm\u00edn, ss.cc., se despidieron de la comunidad de Belo Horizonte. De camino al aeropuerto, el Provincial, Padre S\u00e9rgio Stein, ss.cc., realiz\u00f3 el tradicional gesto de despedida de los religiosos de los Sagrados Corazones.<\/p>\n<p>Durante el breve momento de oraci\u00f3n, el Padre S\u00e9rgio imparti\u00f3 una bendici\u00f3n con la imagen de Nuestra Se\u00f1ora Reina de la Paz colocada sobre las cabezas de los enviados. \u201cEs la Patrona de las Misiones de la Congregaci\u00f3n de los Sagrados Corazones\u201d, enfatiz\u00f3 el Provincial en ese momento.<\/p>\n<p>El hermano Gustavo y el padre Arm\u00edn ya est\u00e1n en la ciudad de Presidente Franco, en la triple frontera (Brasil, Paraguay y Argentina), donde continuar\u00e1n su misi\u00f3n de llevar el amor de los Sagrados Corazones de Jes\u00fas y Mar\u00eda a todo el pueblo de Dios.<\/p>\n<p>&nbsp;<\/p>","protected":false},"excerpt":{"rendered":"<p>Nessa sexta-feira, dia 16, o Irm\u00e3o Gustavo, ss.cc. e o Padre Arm\u00edn, ss.cc, se despediram da comunidade belorizontina.\u00a0 Na sa\u00edda para o aeroporto, o Provincial, Padre S\u00e9rgio Stein, ss.cc, realizou o tradicional gesto de envio dos religiosos dos Sagrados Cora\u00e7\u00f5es. Durante o pequeno momento de ora\u00e7\u00e3o, Pe. S\u00e9rgio deu uma b\u00ean\u00e7\u00e3o com a imagem de Nossa Senhora Rainha da Paz sobre a cabe\u00e7a dos enviados. &#8220;Ela \u00e9 a Padroeira das Miss\u00f5es da Congrega\u00e7\u00e3o dos Sagrados Cora\u00e7\u00f5es&#8221;, ressaltou o Provincial naquele momento. Ir. Gustavo e Pe. Arm\u00edn j\u00e1 est\u00e3o na cidade de Presidente Franco, na tr\u00edplice fronteira (Brasil, Paraguai e Argentina), [&hellip;]<\/p>\n","protected":false},"author":2,"featured_media":4683,"comment_status":"open","ping_status":"open","sticky":false,"template":"","format":"standard","meta":{"_acf_changed":false,"footnotes":""},"categories":[611],"tags":[],"class_list":["post-4682","post","type-post","status-publish","format-standard","has-post-thumbnail","hentry","category-noticias"],"acf":[],"yoast_head":"<!-- This site is optimized with the Yoast SEO plugin v27.2 - https:\/\/yoast.com\/product\/yoast-seo-wordpress\/ -->\n<title>Ir. Gustavo e Pe. Arm\u00edn s\u00e3o enviados em miss\u00e3o ao Paraguai - Padre Eust\u00e1quio<\/title>\n<meta name=\"robots\" content=\"index, follow, max-snippet:-1, max-image-preview:large, max-video-preview:-1\" \/>\n<link rel=\"canonical\" href=\"https:\/\/www.padreeustaquio.com.br\/es\/el-hermano-gustavo-y-el-padre-armin-son-enviados-en-mision-a-paraguay\/\" \/>\n<meta property=\"og:locale\" content=\"es_ES\" \/>\n<meta property=\"og:type\" content=\"article\" \/>\n<meta property=\"og:title\" content=\"Ir. Gustavo e Pe. Arm\u00edn s\u00e3o enviados em miss\u00e3o ao Paraguai - Padre Eust\u00e1quio\" \/>\n<meta property=\"og:description\" content=\"Nessa sexta-feira, dia 16, o Irm\u00e3o Gustavo, ss.cc. e o Padre Arm\u00edn, ss.cc, se despediram da comunidade belorizontina.\u00a0 Na sa\u00edda para o aeroporto, o Provincial, Padre S\u00e9rgio Stein, ss.cc, realizou o tradicional gesto de envio dos religiosos dos Sagrados Cora\u00e7\u00f5es. Durante o pequeno momento de ora\u00e7\u00e3o, Pe. S\u00e9rgio deu uma b\u00ean\u00e7\u00e3o com a imagem de Nossa Senhora Rainha da Paz sobre a cabe\u00e7a dos enviados. &#8220;Ela \u00e9 a Padroeira das Miss\u00f5es da Congrega\u00e7\u00e3o dos Sagrados Cora\u00e7\u00f5es&#8221;, ressaltou o Provincial naquele momento. Ir. Gustavo e Pe. Arm\u00edn j\u00e1 est\u00e3o na cidade de Presidente Franco, na tr\u00edplice fronteira (Brasil, Paraguai e Argentina), [&hellip;]\" \/>\n<meta property=\"og:url\" content=\"https:\/\/www.padreeustaquio.com.br\/es\/el-hermano-gustavo-y-el-padre-armin-son-enviados-en-mision-a-paraguay\/\" \/>\n<meta property=\"og:site_name\" content=\"Padre Eust\u00e1quio\" \/>\n<meta property=\"article:publisher\" content=\"https:\/\/www.facebook.com\/beatopadreeustaquio\/\" \/>\n<meta property=\"article:published_time\" content=\"2020-10-17T14:07:42+00:00\" \/>\n<meta property=\"og:image\" content=\"https:\/\/www.padreeustaquio.com.br\/wp-content\/uploads\/2020\/10\/gustavo-e-armin.jpg\" \/>\n\t<meta property=\"og:image:width\" content=\"1280\" \/>\n\t<meta property=\"og:image:height\" content=\"720\" \/>\n\t<meta property=\"og:image:type\" content=\"image\/jpeg\" \/>\n<meta name=\"author\" content=\"@sscc\" \/>\n<meta name=\"twitter:card\" content=\"summary_large_image\" \/>\n<meta name=\"twitter:creator\" content=\"@beatopeustaquio\" \/>\n<meta name=\"twitter:site\" content=\"@beatopeustaquio\" \/>\n<meta name=\"twitter:label1\" content=\"Escrito por\" \/>\n\t<meta name=\"twitter:data1\" content=\"@sscc\" \/>\n\t<meta name=\"twitter:label2\" content=\"Tiempo de lectura\" \/>\n\t<meta name=\"twitter:data2\" content=\"1 minuto\" \/>\n<script type=\"application\/ld+json\" class=\"yoast-schema-graph\">{\"@context\":\"https:\/\/schema.org\",\"@graph\":[{\"@type\":\"Article\",\"@id\":\"https:\/\/www.padreeustaquio.com.br\/ir-gustavo-e-pe-armin-sao-enviados-em-missao-ao-paraguai\/#article\",\"isPartOf\":{\"@id\":\"https:\/\/www.padreeustaquio.com.br\/ir-gustavo-e-pe-armin-sao-enviados-em-missao-ao-paraguai\/\"},\"author\":{\"name\":\"@sscc\",\"@id\":\"https:\/\/www.padreeustaquio.com.br\/#\/schema\/person\/a2a51db1d00f1a7af0204a0f1ddb1566\"},\"headline\":\"Ir. Gustavo e Pe. Arm\u00edn s\u00e3o enviados em miss\u00e3o ao Paraguai\",\"datePublished\":\"2020-10-17T14:07:42+00:00\",\"mainEntityOfPage\":{\"@id\":\"https:\/\/www.padreeustaquio.com.br\/ir-gustavo-e-pe-armin-sao-enviados-em-missao-ao-paraguai\/\"},\"wordCount\":158,\"commentCount\":0,\"publisher\":{\"@id\":\"https:\/\/www.padreeustaquio.com.br\/#organization\"},\"image\":{\"@id\":\"https:\/\/www.padreeustaquio.com.br\/ir-gustavo-e-pe-armin-sao-enviados-em-missao-ao-paraguai\/#primaryimage\"},\"thumbnailUrl\":\"https:\/\/www.padreeustaquio.com.br\/wp-content\/uploads\/2020\/10\/gustavo-e-armin.jpg\",\"articleSection\":[\"Not\u00edcias\"],\"inLanguage\":\"es\",\"potentialAction\":[{\"@type\":\"CommentAction\",\"name\":\"Comment\",\"target\":[\"https:\/\/www.padreeustaquio.com.br\/ir-gustavo-e-pe-armin-sao-enviados-em-missao-ao-paraguai\/#respond\"]}]},{\"@type\":\"WebPage\",\"@id\":\"https:\/\/www.padreeustaquio.com.br\/ir-gustavo-e-pe-armin-sao-enviados-em-missao-ao-paraguai\/\",\"url\":\"https:\/\/www.padreeustaquio.com.br\/ir-gustavo-e-pe-armin-sao-enviados-em-missao-ao-paraguai\/\",\"name\":\"Ir. Gustavo e Pe. Arm\u00edn s\u00e3o enviados em miss\u00e3o ao Paraguai - Padre Eust\u00e1quio\",\"isPartOf\":{\"@id\":\"https:\/\/www.padreeustaquio.com.br\/#website\"},\"primaryImageOfPage\":{\"@id\":\"https:\/\/www.padreeustaquio.com.br\/ir-gustavo-e-pe-armin-sao-enviados-em-missao-ao-paraguai\/#primaryimage\"},\"image\":{\"@id\":\"https:\/\/www.padreeustaquio.com.br\/ir-gustavo-e-pe-armin-sao-enviados-em-missao-ao-paraguai\/#primaryimage\"},\"thumbnailUrl\":\"https:\/\/www.padreeustaquio.com.br\/wp-content\/uploads\/2020\/10\/gustavo-e-armin.jpg\",\"datePublished\":\"2020-10-17T14:07:42+00:00\",\"breadcrumb\":{\"@id\":\"https:\/\/www.padreeustaquio.com.br\/ir-gustavo-e-pe-armin-sao-enviados-em-missao-ao-paraguai\/#breadcrumb\"},\"inLanguage\":\"es\",\"potentialAction\":[{\"@type\":\"ReadAction\",\"target\":[\"https:\/\/www.padreeustaquio.com.br\/ir-gustavo-e-pe-armin-sao-enviados-em-missao-ao-paraguai\/\"]}]},{\"@type\":\"ImageObject\",\"inLanguage\":\"es\",\"@id\":\"https:\/\/www.padreeustaquio.com.br\/ir-gustavo-e-pe-armin-sao-enviados-em-missao-ao-paraguai\/#primaryimage\",\"url\":\"https:\/\/www.padreeustaquio.com.br\/wp-content\/uploads\/2020\/10\/gustavo-e-armin.jpg\",\"contentUrl\":\"https:\/\/www.padreeustaquio.com.br\/wp-content\/uploads\/2020\/10\/gustavo-e-armin.jpg\",\"width\":1280,\"height\":720},{\"@type\":\"BreadcrumbList\",\"@id\":\"https:\/\/www.padreeustaquio.com.br\/ir-gustavo-e-pe-armin-sao-enviados-em-missao-ao-paraguai\/#breadcrumb\",\"itemListElement\":[{\"@type\":\"ListItem\",\"position\":1,\"name\":\"In\u00edcio\",\"item\":\"https:\/\/www.padreeustaquio.com.br\/\"},{\"@type\":\"ListItem\",\"position\":2,\"name\":\"Ir. Gustavo e Pe. Arm\u00edn s\u00e3o enviados em miss\u00e3o ao Paraguai\"}]},{\"@type\":\"WebSite\",\"@id\":\"https:\/\/www.padreeustaquio.com.br\/#website\",\"url\":\"https:\/\/www.padreeustaquio.com.br\/\",\"name\":\"Padre Eust\u00e1quio\",\"description\":\"Sa\u00fade e Paz\",\"publisher\":{\"@id\":\"https:\/\/www.padreeustaquio.com.br\/#organization\"},\"potentialAction\":[{\"@type\":\"SearchAction\",\"target\":{\"@type\":\"EntryPoint\",\"urlTemplate\":\"https:\/\/www.padreeustaquio.com.br\/?s={search_term_string}\"},\"query-input\":{\"@type\":\"PropertyValueSpecification\",\"valueRequired\":true,\"valueName\":\"search_term_string\"}}],\"inLanguage\":\"es\"},{\"@type\":\"Organization\",\"@id\":\"https:\/\/www.padreeustaquio.com.br\/#organization\",\"name\":\"Padre Eust\u00e1quio\",\"url\":\"https:\/\/www.padreeustaquio.com.br\/\",\"logo\":{\"@type\":\"ImageObject\",\"inLanguage\":\"es\",\"@id\":\"https:\/\/www.padreeustaquio.com.br\/#\/schema\/logo\/image\/\",\"url\":\"https:\/\/www.padreeustaquio.com.br\/wp-content\/uploads\/2019\/08\/marca.png\",\"contentUrl\":\"https:\/\/www.padreeustaquio.com.br\/wp-content\/uploads\/2019\/08\/marca.png\",\"width\":350,\"height\":400,\"caption\":\"Padre Eust\u00e1quio\"},\"image\":{\"@id\":\"https:\/\/www.padreeustaquio.com.br\/#\/schema\/logo\/image\/\"},\"sameAs\":[\"https:\/\/www.facebook.com\/beatopadreeustaquio\/\",\"https:\/\/x.com\/beatopeustaquio\",\"https:\/\/www.instagram.com\/beatopadreeustaquio\/\",\"https:\/\/www.youtube.com\/channel\/UCRhw7vfabnajwLxb1ZXMeIw\"]},{\"@type\":\"Person\",\"@id\":\"https:\/\/www.padreeustaquio.com.br\/#\/schema\/person\/a2a51db1d00f1a7af0204a0f1ddb1566\",\"name\":\"@sscc\",\"image\":{\"@type\":\"ImageObject\",\"inLanguage\":\"es\",\"@id\":\"https:\/\/secure.gravatar.com\/avatar\/68cfafa5f44617fea54071e215026e0ff06be366c3d54a8425f04fdcb86f8c5f?s=96&d=mm&r=g\",\"url\":\"https:\/\/secure.gravatar.com\/avatar\/68cfafa5f44617fea54071e215026e0ff06be366c3d54a8425f04fdcb86f8c5f?s=96&d=mm&r=g\",\"contentUrl\":\"https:\/\/secure.gravatar.com\/avatar\/68cfafa5f44617fea54071e215026e0ff06be366c3d54a8425f04fdcb86f8c5f?s=96&d=mm&r=g\",\"caption\":\"@sscc\"},\"url\":\"https:\/\/www.padreeustaquio.com.br\/es\/author\/sscc\/\"}]}<\/script>\n<!-- \/ Yoast SEO plugin. -->","yoast_head_json":{"title":"El hermano Gustavo y el padre Arm\u00edn son enviados en misi\u00f3n a Paraguay - Padre Eust\u00e1quio","robots":{"index":"index","follow":"follow","max-snippet":"max-snippet:-1","max-image-preview":"max-image-preview:large","max-video-preview":"max-video-preview:-1"},"canonical":"https:\/\/www.padreeustaquio.com.br\/es\/el-hermano-gustavo-y-el-padre-armin-son-enviados-en-mision-a-paraguay\/","og_locale":"es_ES","og_type":"article","og_title":"Ir. Gustavo e Pe. Arm\u00edn s\u00e3o enviados em miss\u00e3o ao Paraguai - Padre Eust\u00e1quio","og_description":"Nessa sexta-feira, dia 16, o Irm\u00e3o Gustavo, ss.cc. e o Padre Arm\u00edn, ss.cc, se despediram da comunidade belorizontina.\u00a0 Na sa\u00edda para o aeroporto, o Provincial, Padre S\u00e9rgio Stein, ss.cc, realizou o tradicional gesto de envio dos religiosos dos Sagrados Cora\u00e7\u00f5es. Durante o pequeno momento de ora\u00e7\u00e3o, Pe. S\u00e9rgio deu uma b\u00ean\u00e7\u00e3o com a imagem de Nossa Senhora Rainha da Paz sobre a cabe\u00e7a dos enviados. &#8220;Ela \u00e9 a Padroeira das Miss\u00f5es da Congrega\u00e7\u00e3o dos Sagrados Cora\u00e7\u00f5es&#8221;, ressaltou o Provincial naquele momento. Ir. Gustavo e Pe. Arm\u00edn j\u00e1 est\u00e3o na cidade de Presidente Franco, na tr\u00edplice fronteira (Brasil, Paraguai e Argentina), [&hellip;]","og_url":"https:\/\/www.padreeustaquio.com.br\/es\/el-hermano-gustavo-y-el-padre-armin-son-enviados-en-mision-a-paraguay\/","og_site_name":"Padre Eust\u00e1quio","article_publisher":"https:\/\/www.facebook.com\/beatopadreeustaquio\/","article_published_time":"2020-10-17T14:07:42+00:00","og_image":[{"width":1280,"height":720,"url":"https:\/\/www.padreeustaquio.com.br\/wp-content\/uploads\/2020\/10\/gustavo-e-armin.jpg","type":"image\/jpeg"}],"author":"@sscc","twitter_card":"summary_large_image","twitter_creator":"@beatopeustaquio","twitter_site":"@beatopeustaquio","twitter_misc":{"Escrito por":"@sscc","Tiempo de lectura":"1 minuto"},"schema":{"@context":"https:\/\/schema.org","@graph":[{"@type":"Article","@id":"https:\/\/www.padreeustaquio.com.br\/ir-gustavo-e-pe-armin-sao-enviados-em-missao-ao-paraguai\/#article","isPartOf":{"@id":"https:\/\/www.padreeustaquio.com.br\/ir-gustavo-e-pe-armin-sao-enviados-em-missao-ao-paraguai\/"},"author":{"name":"@sscc","@id":"https:\/\/www.padreeustaquio.com.br\/#\/schema\/person\/a2a51db1d00f1a7af0204a0f1ddb1566"},"headline":"Ir. Gustavo e Pe. Arm\u00edn s\u00e3o enviados em miss\u00e3o ao Paraguai","datePublished":"2020-10-17T14:07:42+00:00","mainEntityOfPage":{"@id":"https:\/\/www.padreeustaquio.com.br\/ir-gustavo-e-pe-armin-sao-enviados-em-missao-ao-paraguai\/"},"wordCount":158,"commentCount":0,"publisher":{"@id":"https:\/\/www.padreeustaquio.com.br\/#organization"},"image":{"@id":"https:\/\/www.padreeustaquio.com.br\/ir-gustavo-e-pe-armin-sao-enviados-em-missao-ao-paraguai\/#primaryimage"},"thumbnailUrl":"https:\/\/www.padreeustaquio.com.br\/wp-content\/uploads\/2020\/10\/gustavo-e-armin.jpg","articleSection":["Not\u00edcias"],"inLanguage":"es","potentialAction":[{"@type":"CommentAction","name":"Comment","target":["https:\/\/www.padreeustaquio.com.br\/ir-gustavo-e-pe-armin-sao-enviados-em-missao-ao-paraguai\/#respond"]}]},{"@type":"WebPage","@id":"https:\/\/www.padreeustaquio.com.br\/ir-gustavo-e-pe-armin-sao-enviados-em-missao-ao-paraguai\/","url":"https:\/\/www.padreeustaquio.com.br\/ir-gustavo-e-pe-armin-sao-enviados-em-missao-ao-paraguai\/","name":"El hermano Gustavo y el padre Arm\u00edn son enviados en misi\u00f3n a Paraguay - Padre Eust\u00e1quio","isPartOf":{"@id":"https:\/\/www.padreeustaquio.com.br\/#website"},"primaryImageOfPage":{"@id":"https:\/\/www.padreeustaquio.com.br\/ir-gustavo-e-pe-armin-sao-enviados-em-missao-ao-paraguai\/#primaryimage"},"image":{"@id":"https:\/\/www.padreeustaquio.com.br\/ir-gustavo-e-pe-armin-sao-enviados-em-missao-ao-paraguai\/#primaryimage"},"thumbnailUrl":"https:\/\/www.padreeustaquio.com.br\/wp-content\/uploads\/2020\/10\/gustavo-e-armin.jpg","datePublished":"2020-10-17T14:07:42+00:00","breadcrumb":{"@id":"https:\/\/www.padreeustaquio.com.br\/ir-gustavo-e-pe-armin-sao-enviados-em-missao-ao-paraguai\/#breadcrumb"},"inLanguage":"es","potentialAction":[{"@type":"ReadAction","target":["https:\/\/www.padreeustaquio.com.br\/ir-gustavo-e-pe-armin-sao-enviados-em-missao-ao-paraguai\/"]}]},{"@type":"ImageObject","inLanguage":"es","@id":"https:\/\/www.padreeustaquio.com.br\/ir-gustavo-e-pe-armin-sao-enviados-em-missao-ao-paraguai\/#primaryimage","url":"https:\/\/www.padreeustaquio.com.br\/wp-content\/uploads\/2020\/10\/gustavo-e-armin.jpg","contentUrl":"https:\/\/www.padreeustaquio.com.br\/wp-content\/uploads\/2020\/10\/gustavo-e-armin.jpg","width":1280,"height":720},{"@type":"BreadcrumbList","@id":"https:\/\/www.padreeustaquio.com.br\/ir-gustavo-e-pe-armin-sao-enviados-em-missao-ao-paraguai\/#breadcrumb","itemListElement":[{"@type":"ListItem","position":1,"name":"In\u00edcio","item":"https:\/\/www.padreeustaquio.com.br\/"},{"@type":"ListItem","position":2,"name":"Ir. Gustavo e Pe. Arm\u00edn s\u00e3o enviados em miss\u00e3o ao Paraguai"}]},{"@type":"WebSite","@id":"https:\/\/www.padreeustaquio.com.br\/#website","url":"https:\/\/www.padreeustaquio.com.br\/","name":"Padre Eustace","description":"Salud y Paz","publisher":{"@id":"https:\/\/www.padreeustaquio.com.br\/#organization"},"potentialAction":[{"@type":"SearchAction","target":{"@type":"EntryPoint","urlTemplate":"https:\/\/www.padreeustaquio.com.br\/?s={search_term_string}"},"query-input":{"@type":"PropertyValueSpecification","valueRequired":true,"valueName":"search_term_string"}}],"inLanguage":"es"},{"@type":"Organization","@id":"https:\/\/www.padreeustaquio.com.br\/#organization","name":"Padre Eustace","url":"https:\/\/www.padreeustaquio.com.br\/","logo":{"@type":"ImageObject","inLanguage":"es","@id":"https:\/\/www.padreeustaquio.com.br\/#\/schema\/logo\/image\/","url":"https:\/\/www.padreeustaquio.com.br\/wp-content\/uploads\/2019\/08\/marca.png","contentUrl":"https:\/\/www.padreeustaquio.com.br\/wp-content\/uploads\/2019\/08\/marca.png","width":350,"height":400,"caption":"Padre Eust\u00e1quio"},"image":{"@id":"https:\/\/www.padreeustaquio.com.br\/#\/schema\/logo\/image\/"},"sameAs":["https:\/\/www.facebook.com\/beatopadreeustaquio\/","https:\/\/x.com\/beatopeustaquio","https:\/\/www.instagram.com\/beatopadreeustaquio\/","https:\/\/www.youtube.com\/channel\/UCRhw7vfabnajwLxb1ZXMeIw"]},{"@type":"Person","@id":"https:\/\/www.padreeustaquio.com.br\/#\/schema\/person\/a2a51db1d00f1a7af0204a0f1ddb1566","name":"@sscc","image":{"@type":"ImageObject","inLanguage":"es","@id":"https:\/\/secure.gravatar.com\/avatar\/68cfafa5f44617fea54071e215026e0ff06be366c3d54a8425f04fdcb86f8c5f?s=96&d=mm&r=g","url":"https:\/\/secure.gravatar.com\/avatar\/68cfafa5f44617fea54071e215026e0ff06be366c3d54a8425f04fdcb86f8c5f?s=96&d=mm&r=g","contentUrl":"https:\/\/secure.gravatar.com\/avatar\/68cfafa5f44617fea54071e215026e0ff06be366c3d54a8425f04fdcb86f8c5f?s=96&d=mm&r=g","caption":"@sscc"},"url":"https:\/\/www.padreeustaquio.com.br\/es\/author\/sscc\/"}]}},"_links":{"self":[{"href":"https:\/\/www.padreeustaquio.com.br\/es\/wp-json\/wp\/v2\/posts\/4682","targetHints":{"allow":["GET"]}}],"collection":[{"href":"https:\/\/www.padreeustaquio.com.br\/es\/wp-json\/wp\/v2\/posts"}],"about":[{"href":"https:\/\/www.padreeustaquio.com.br\/es\/wp-json\/wp\/v2\/types\/post"}],"author":[{"embeddable":true,"href":"https:\/\/www.padreeustaquio.com.br\/es\/wp-json\/wp\/v2\/users\/2"}],"replies":[{"embeddable":true,"href":"https:\/\/www.padreeustaquio.com.br\/es\/wp-json\/wp\/v2\/comments?post=4682"}],"version-history":[{"count":0,"href":"https:\/\/www.padreeustaquio.com.br\/es\/wp-json\/wp\/v2\/posts\/4682\/revisions"}],"wp:featuredmedia":[{"embeddable":true,"href":"https:\/\/www.padreeustaquio.com.br\/es\/wp-json\/wp\/v2\/media\/4683"}],"wp:attachment":[{"href":"https:\/\/www.padreeustaquio.com.br\/es\/wp-json\/wp\/v2\/media?parent=4682"}],"wp:term":[{"taxonomy":"category","embeddable":true,"href":"https:\/\/www.padreeustaquio.com.br\/es\/wp-json\/wp\/v2\/categories?post=4682"},{"taxonomy":"post_tag","embeddable":true,"href":"https:\/\/www.padreeustaquio.com.br\/es\/wp-json\/wp\/v2\/tags?post=4682"}],"curies":[{"name":"wp","href":"https:\/\/api.w.org\/{rel}","templated":true}]}}