{"id":4673,"date":"2020-10-17T08:09:15","date_gmt":"2020-10-17T11:09:15","guid":{"rendered":"https:\/\/www.padreeustaquio.com.br\/?p=4673"},"modified":"2020-10-16T11:27:47","modified_gmt":"2020-10-16T14:27:47","slug":"miembros-de-la-rama-secular-del-sscc-en-paraguay-renuevan-su-compromiso","status":"publish","type":"post","link":"https:\/\/www.padreeustaquio.com.br\/es\/miembros-de-la-rama-secular-del-sscc-en-paraguay-renuevan-su-compromiso\/","title":{"rendered":"Miembros de la Rama Secular SSCC en Paraguay renuevan su compromiso."},"content":{"rendered":"<p>Esta semana, miembros de las tres comunidades de la Rama Secular SSCC en Paraguay renovaron su compromiso de seguir viviendo la Espiritualidad de la Congregaci\u00f3n de acuerdo con los Estatutos y Reglamentos aprobados por la Santa Sede. La celebraci\u00f3n tuvo lugar en la Casa de las Hermanas en Villa Victoria (Asunci\u00f3n, Paraguay).<\/p>\n<p>Mar\u00eda Lourdes Mart\u00ednez, coordinadora nacional de la Rama Secular de Paraguay, present\u00f3 a los miembros de cada comunidad:<\/p>\n<p style=\"font-size: 19.4286px;\"><img fetchpriority=\"high\" decoding=\"async\" class=\"wp-image-4675 alignnone\" style=\"font-size: 19.4286px;\" src=\"https:\/\/www.padreeustaquio.com.br\/wp-content\/uploads\/2020\/10\/paraguai-1-300x163.jpg\" alt=\"\" width=\"577\" height=\"313\" srcset=\"https:\/\/www.padreeustaquio.com.br\/wp-content\/uploads\/2020\/10\/paraguai-1-300x163.jpg 300w, https:\/\/www.padreeustaquio.com.br\/wp-content\/uploads\/2020\/10\/paraguai-1.jpg 660w\" sizes=\"(max-width: 577px) 100vw, 577px\" \/><\/p>\n<p><strong>Comunidad &quot;Ignacio de Barros Barreto&quot;: <\/strong>Luis Gonz\u00e1lez, Myriam Comas, Julia Ayala, Mar<span style=\"font-size: 1.21429rem;\">fueron Regina Barbosa, Mar\u00eda Lourdes Mart\u00ednez y Hermes Da Silva.<\/span><\/p>\n<p style=\"font-size: 19.4286px;\"><img decoding=\"async\" class=\"wp-image-4676 alignnone\" src=\"https:\/\/www.padreeustaquio.com.br\/wp-content\/uploads\/2020\/10\/paraguai-2-300x145.jpg\" alt=\"\" width=\"579\" height=\"280\" srcset=\"https:\/\/www.padreeustaquio.com.br\/wp-content\/uploads\/2020\/10\/paraguai-2-300x145.jpg 300w, https:\/\/www.padreeustaquio.com.br\/wp-content\/uploads\/2020\/10\/paraguai-2.jpg 660w\" sizes=\"(max-width: 579px) 100vw, 579px\" \/><\/p>\n<p><strong style=\"font-size: 1.21429rem;\"><span style=\"font-size: 1.21429rem;\">Comunidad \u201cPadre Javier Jim\u00e9nez\u201d:<\/span><\/strong><span style=\"font-size: 1.21429rem;\">\u00a0<\/span><span style=\"font-size: 1.21429rem;\">Daniel Medina, Gloria Ruiz D\u00edaz, Myriam C\u00e1rdenas, Nilda Torres, Evelio Mart\u00ednez y Alberto Mareco.<\/span><\/p>\n<p><img decoding=\"async\" class=\"wp-image-4677 alignnone\" src=\"https:\/\/www.padreeustaquio.com.br\/wp-content\/uploads\/2020\/10\/paraguai-3-300x167.jpg\" alt=\"\" width=\"575\" height=\"320\" srcset=\"https:\/\/www.padreeustaquio.com.br\/wp-content\/uploads\/2020\/10\/paraguai-3-300x167.jpg 300w, https:\/\/www.padreeustaquio.com.br\/wp-content\/uploads\/2020\/10\/paraguai-3.jpg 660w\" sizes=\"(max-width: 575px) 100vw, 575px\" \/><\/p>\n<p><span style=\"font-size: 1.21429rem;\"><strong>Comunidad de San Dami\u00e1n:<\/strong> Ver\u00f3nica Ayala, Sandra Mendieta, Victoria Amarilla, Lilian Mart\u00ednez, Juan Jos\u00e9 Gonz\u00e1lez y Juan V\u00e1zquez.<\/span><\/p>\n<p>La renovaci\u00f3n del compromiso fue recibida por Sor Inmaculada Loma, representante de la Coordinaci\u00f3n Territorial Chile-Paraguay (Sr. Irene Arias), p. \u00c1ngel Armoa, Superior Regional, y Sra. Mar\u00eda Lourdes Mart\u00ednez, Coordinadora Nacional de la Rama Secular del Paraguay, y toda la Asamblea.<\/p>","protected":false},"excerpt":{"rendered":"<p>Essa semana, membros das tr\u00eas comunidades do Ramo Secular SSCC no Paraguai renovaram seu compromisso de continuar vivendo a Espiritualidade da Congrega\u00e7\u00e3o de acordo com os Estatutos e Regulamentos aprovados pela Santa S\u00e9. A celebra\u00e7\u00e3o aconteceu na Casa das Irm\u00e3s em Villa Victoria (Assun\u00e7\u00e3o, Paraguai). Maria Lourdes Martinez, coordenadora nacional do Ramo Secular do Paraguai, apresentou os membros de cada comunidade: Comunidade &#8220;Ignacio de Barros Barreto&#8221;: Luis Gonz\u00e1lez, Myriam Comas, Julia Ayala, Maria Regina Barbosa, Maria Lourdes Mart\u00ednez e Hermes Da Silva. Comunidade \u201cPadre Javier Jim\u00e9nez&#8221;:\u00a0Daniel Medina, Gloria Ruiz D\u00edaz, Myriam C\u00e1rdenas, Nilda Torres, Evelio Mart\u00ednez e Alberto Mareco. Comunidade [&hellip;]<\/p>\n","protected":false},"author":2,"featured_media":4674,"comment_status":"open","ping_status":"open","sticky":false,"template":"","format":"standard","meta":{"_acf_changed":false,"footnotes":""},"categories":[611],"tags":[],"class_list":["post-4673","post","type-post","status-publish","format-standard","has-post-thumbnail","hentry","category-noticias"],"acf":[],"yoast_head":"<!-- This site is optimized with the Yoast SEO plugin v27.2 - https:\/\/yoast.com\/product\/yoast-seo-wordpress\/ -->\n<title>Membros do Ramo Secular SSCC, no Paraguai, renovam compromisso - Padre Eust\u00e1quio<\/title>\n<meta name=\"robots\" content=\"index, follow, max-snippet:-1, max-image-preview:large, max-video-preview:-1\" \/>\n<link rel=\"canonical\" href=\"https:\/\/www.padreeustaquio.com.br\/es\/miembros-de-la-rama-secular-del-sscc-en-paraguay-renuevan-su-compromiso\/\" \/>\n<meta property=\"og:locale\" content=\"es_ES\" \/>\n<meta property=\"og:type\" content=\"article\" \/>\n<meta property=\"og:title\" content=\"Membros do Ramo Secular SSCC, no Paraguai, renovam compromisso - Padre Eust\u00e1quio\" \/>\n<meta property=\"og:description\" content=\"Essa semana, membros das tr\u00eas comunidades do Ramo Secular SSCC no Paraguai renovaram seu compromisso de continuar vivendo a Espiritualidade da Congrega\u00e7\u00e3o de acordo com os Estatutos e Regulamentos aprovados pela Santa S\u00e9. A celebra\u00e7\u00e3o aconteceu na Casa das Irm\u00e3s em Villa Victoria (Assun\u00e7\u00e3o, Paraguai). Maria Lourdes Martinez, coordenadora nacional do Ramo Secular do Paraguai, apresentou os membros de cada comunidade: Comunidade &#8220;Ignacio de Barros Barreto&#8221;: Luis Gonz\u00e1lez, Myriam Comas, Julia Ayala, Maria Regina Barbosa, Maria Lourdes Mart\u00ednez e Hermes Da Silva. Comunidade \u201cPadre Javier Jim\u00e9nez&#8221;:\u00a0Daniel Medina, Gloria Ruiz D\u00edaz, Myriam C\u00e1rdenas, Nilda Torres, Evelio Mart\u00ednez e Alberto Mareco. Comunidade [&hellip;]\" \/>\n<meta property=\"og:url\" content=\"https:\/\/www.padreeustaquio.com.br\/es\/miembros-de-la-rama-secular-del-sscc-en-paraguay-renuevan-su-compromiso\/\" \/>\n<meta property=\"og:site_name\" content=\"Padre Eust\u00e1quio\" \/>\n<meta property=\"article:publisher\" content=\"https:\/\/www.facebook.com\/beatopadreeustaquio\/\" \/>\n<meta property=\"article:published_time\" content=\"2020-10-17T11:09:15+00:00\" \/>\n<meta property=\"og:image\" content=\"https:\/\/www.padreeustaquio.com.br\/wp-content\/uploads\/2020\/10\/paraguai.jpg\" \/>\n\t<meta property=\"og:image:width\" content=\"400\" \/>\n\t<meta property=\"og:image:height\" content=\"194\" \/>\n\t<meta property=\"og:image:type\" content=\"image\/jpeg\" \/>\n<meta name=\"author\" content=\"@sscc\" \/>\n<meta name=\"twitter:card\" content=\"summary_large_image\" \/>\n<meta name=\"twitter:creator\" content=\"@beatopeustaquio\" \/>\n<meta name=\"twitter:site\" content=\"@beatopeustaquio\" \/>\n<meta name=\"twitter:label1\" content=\"Escrito por\" \/>\n\t<meta name=\"twitter:data1\" content=\"@sscc\" \/>\n\t<meta name=\"twitter:label2\" content=\"Tiempo de lectura\" \/>\n\t<meta name=\"twitter:data2\" content=\"1 minuto\" \/>\n<script type=\"application\/ld+json\" class=\"yoast-schema-graph\">{\"@context\":\"https:\/\/schema.org\",\"@graph\":[{\"@type\":\"Article\",\"@id\":\"https:\/\/www.padreeustaquio.com.br\/membros-do-ramo-secular-sscc-no-paraguai-renovam-compromisso\/#article\",\"isPartOf\":{\"@id\":\"https:\/\/www.padreeustaquio.com.br\/membros-do-ramo-secular-sscc-no-paraguai-renovam-compromisso\/\"},\"author\":{\"name\":\"@sscc\",\"@id\":\"https:\/\/www.padreeustaquio.com.br\/#\/schema\/person\/a2a51db1d00f1a7af0204a0f1ddb1566\"},\"headline\":\"Membros do Ramo Secular SSCC, no Paraguai, renovam compromisso\",\"datePublished\":\"2020-10-17T11:09:15+00:00\",\"mainEntityOfPage\":{\"@id\":\"https:\/\/www.padreeustaquio.com.br\/membros-do-ramo-secular-sscc-no-paraguai-renovam-compromisso\/\"},\"wordCount\":186,\"commentCount\":0,\"publisher\":{\"@id\":\"https:\/\/www.padreeustaquio.com.br\/#organization\"},\"image\":{\"@id\":\"https:\/\/www.padreeustaquio.com.br\/membros-do-ramo-secular-sscc-no-paraguai-renovam-compromisso\/#primaryimage\"},\"thumbnailUrl\":\"https:\/\/www.padreeustaquio.com.br\/wp-content\/uploads\/2020\/10\/paraguai.jpg\",\"articleSection\":[\"Not\u00edcias\"],\"inLanguage\":\"es\",\"potentialAction\":[{\"@type\":\"CommentAction\",\"name\":\"Comment\",\"target\":[\"https:\/\/www.padreeustaquio.com.br\/membros-do-ramo-secular-sscc-no-paraguai-renovam-compromisso\/#respond\"]}]},{\"@type\":\"WebPage\",\"@id\":\"https:\/\/www.padreeustaquio.com.br\/membros-do-ramo-secular-sscc-no-paraguai-renovam-compromisso\/\",\"url\":\"https:\/\/www.padreeustaquio.com.br\/membros-do-ramo-secular-sscc-no-paraguai-renovam-compromisso\/\",\"name\":\"Membros do Ramo Secular SSCC, no Paraguai, renovam compromisso - Padre Eust\u00e1quio\",\"isPartOf\":{\"@id\":\"https:\/\/www.padreeustaquio.com.br\/#website\"},\"primaryImageOfPage\":{\"@id\":\"https:\/\/www.padreeustaquio.com.br\/membros-do-ramo-secular-sscc-no-paraguai-renovam-compromisso\/#primaryimage\"},\"image\":{\"@id\":\"https:\/\/www.padreeustaquio.com.br\/membros-do-ramo-secular-sscc-no-paraguai-renovam-compromisso\/#primaryimage\"},\"thumbnailUrl\":\"https:\/\/www.padreeustaquio.com.br\/wp-content\/uploads\/2020\/10\/paraguai.jpg\",\"datePublished\":\"2020-10-17T11:09:15+00:00\",\"breadcrumb\":{\"@id\":\"https:\/\/www.padreeustaquio.com.br\/membros-do-ramo-secular-sscc-no-paraguai-renovam-compromisso\/#breadcrumb\"},\"inLanguage\":\"es\",\"potentialAction\":[{\"@type\":\"ReadAction\",\"target\":[\"https:\/\/www.padreeustaquio.com.br\/membros-do-ramo-secular-sscc-no-paraguai-renovam-compromisso\/\"]}]},{\"@type\":\"ImageObject\",\"inLanguage\":\"es\",\"@id\":\"https:\/\/www.padreeustaquio.com.br\/membros-do-ramo-secular-sscc-no-paraguai-renovam-compromisso\/#primaryimage\",\"url\":\"https:\/\/www.padreeustaquio.com.br\/wp-content\/uploads\/2020\/10\/paraguai.jpg\",\"contentUrl\":\"https:\/\/www.padreeustaquio.com.br\/wp-content\/uploads\/2020\/10\/paraguai.jpg\",\"width\":400,\"height\":194},{\"@type\":\"BreadcrumbList\",\"@id\":\"https:\/\/www.padreeustaquio.com.br\/membros-do-ramo-secular-sscc-no-paraguai-renovam-compromisso\/#breadcrumb\",\"itemListElement\":[{\"@type\":\"ListItem\",\"position\":1,\"name\":\"In\u00edcio\",\"item\":\"https:\/\/www.padreeustaquio.com.br\/\"},{\"@type\":\"ListItem\",\"position\":2,\"name\":\"Membros do Ramo Secular SSCC, no Paraguai, renovam compromisso\"}]},{\"@type\":\"WebSite\",\"@id\":\"https:\/\/www.padreeustaquio.com.br\/#website\",\"url\":\"https:\/\/www.padreeustaquio.com.br\/\",\"name\":\"Padre Eust\u00e1quio\",\"description\":\"Sa\u00fade e Paz\",\"publisher\":{\"@id\":\"https:\/\/www.padreeustaquio.com.br\/#organization\"},\"potentialAction\":[{\"@type\":\"SearchAction\",\"target\":{\"@type\":\"EntryPoint\",\"urlTemplate\":\"https:\/\/www.padreeustaquio.com.br\/?s={search_term_string}\"},\"query-input\":{\"@type\":\"PropertyValueSpecification\",\"valueRequired\":true,\"valueName\":\"search_term_string\"}}],\"inLanguage\":\"es\"},{\"@type\":\"Organization\",\"@id\":\"https:\/\/www.padreeustaquio.com.br\/#organization\",\"name\":\"Padre Eust\u00e1quio\",\"url\":\"https:\/\/www.padreeustaquio.com.br\/\",\"logo\":{\"@type\":\"ImageObject\",\"inLanguage\":\"es\",\"@id\":\"https:\/\/www.padreeustaquio.com.br\/#\/schema\/logo\/image\/\",\"url\":\"https:\/\/www.padreeustaquio.com.br\/wp-content\/uploads\/2019\/08\/marca.png\",\"contentUrl\":\"https:\/\/www.padreeustaquio.com.br\/wp-content\/uploads\/2019\/08\/marca.png\",\"width\":350,\"height\":400,\"caption\":\"Padre Eust\u00e1quio\"},\"image\":{\"@id\":\"https:\/\/www.padreeustaquio.com.br\/#\/schema\/logo\/image\/\"},\"sameAs\":[\"https:\/\/www.facebook.com\/beatopadreeustaquio\/\",\"https:\/\/x.com\/beatopeustaquio\",\"https:\/\/www.instagram.com\/beatopadreeustaquio\/\",\"https:\/\/www.youtube.com\/channel\/UCRhw7vfabnajwLxb1ZXMeIw\"]},{\"@type\":\"Person\",\"@id\":\"https:\/\/www.padreeustaquio.com.br\/#\/schema\/person\/a2a51db1d00f1a7af0204a0f1ddb1566\",\"name\":\"@sscc\",\"image\":{\"@type\":\"ImageObject\",\"inLanguage\":\"es\",\"@id\":\"https:\/\/secure.gravatar.com\/avatar\/68cfafa5f44617fea54071e215026e0ff06be366c3d54a8425f04fdcb86f8c5f?s=96&d=mm&r=g\",\"url\":\"https:\/\/secure.gravatar.com\/avatar\/68cfafa5f44617fea54071e215026e0ff06be366c3d54a8425f04fdcb86f8c5f?s=96&d=mm&r=g\",\"contentUrl\":\"https:\/\/secure.gravatar.com\/avatar\/68cfafa5f44617fea54071e215026e0ff06be366c3d54a8425f04fdcb86f8c5f?s=96&d=mm&r=g\",\"caption\":\"@sscc\"},\"url\":\"https:\/\/www.padreeustaquio.com.br\/es\/author\/sscc\/\"}]}<\/script>\n<!-- \/ Yoast SEO plugin. -->","yoast_head_json":{"title":"Miembros de la Rama Secular SSCC en Paraguay renuevan su compromiso - Padre Eust\u00e1quio","robots":{"index":"index","follow":"follow","max-snippet":"max-snippet:-1","max-image-preview":"max-image-preview:large","max-video-preview":"max-video-preview:-1"},"canonical":"https:\/\/www.padreeustaquio.com.br\/es\/miembros-de-la-rama-secular-del-sscc-en-paraguay-renuevan-su-compromiso\/","og_locale":"es_ES","og_type":"article","og_title":"Membros do Ramo Secular SSCC, no Paraguai, renovam compromisso - Padre Eust\u00e1quio","og_description":"Essa semana, membros das tr\u00eas comunidades do Ramo Secular SSCC no Paraguai renovaram seu compromisso de continuar vivendo a Espiritualidade da Congrega\u00e7\u00e3o de acordo com os Estatutos e Regulamentos aprovados pela Santa S\u00e9. A celebra\u00e7\u00e3o aconteceu na Casa das Irm\u00e3s em Villa Victoria (Assun\u00e7\u00e3o, Paraguai). Maria Lourdes Martinez, coordenadora nacional do Ramo Secular do Paraguai, apresentou os membros de cada comunidade: Comunidade &#8220;Ignacio de Barros Barreto&#8221;: Luis Gonz\u00e1lez, Myriam Comas, Julia Ayala, Maria Regina Barbosa, Maria Lourdes Mart\u00ednez e Hermes Da Silva. Comunidade \u201cPadre Javier Jim\u00e9nez&#8221;:\u00a0Daniel Medina, Gloria Ruiz D\u00edaz, Myriam C\u00e1rdenas, Nilda Torres, Evelio Mart\u00ednez e Alberto Mareco. Comunidade [&hellip;]","og_url":"https:\/\/www.padreeustaquio.com.br\/es\/miembros-de-la-rama-secular-del-sscc-en-paraguay-renuevan-su-compromiso\/","og_site_name":"Padre Eust\u00e1quio","article_publisher":"https:\/\/www.facebook.com\/beatopadreeustaquio\/","article_published_time":"2020-10-17T11:09:15+00:00","og_image":[{"width":400,"height":194,"url":"https:\/\/www.padreeustaquio.com.br\/wp-content\/uploads\/2020\/10\/paraguai.jpg","type":"image\/jpeg"}],"author":"@sscc","twitter_card":"summary_large_image","twitter_creator":"@beatopeustaquio","twitter_site":"@beatopeustaquio","twitter_misc":{"Escrito por":"@sscc","Tiempo de lectura":"1 minuto"},"schema":{"@context":"https:\/\/schema.org","@graph":[{"@type":"Article","@id":"https:\/\/www.padreeustaquio.com.br\/membros-do-ramo-secular-sscc-no-paraguai-renovam-compromisso\/#article","isPartOf":{"@id":"https:\/\/www.padreeustaquio.com.br\/membros-do-ramo-secular-sscc-no-paraguai-renovam-compromisso\/"},"author":{"name":"@sscc","@id":"https:\/\/www.padreeustaquio.com.br\/#\/schema\/person\/a2a51db1d00f1a7af0204a0f1ddb1566"},"headline":"Membros do Ramo Secular SSCC, no Paraguai, renovam compromisso","datePublished":"2020-10-17T11:09:15+00:00","mainEntityOfPage":{"@id":"https:\/\/www.padreeustaquio.com.br\/membros-do-ramo-secular-sscc-no-paraguai-renovam-compromisso\/"},"wordCount":186,"commentCount":0,"publisher":{"@id":"https:\/\/www.padreeustaquio.com.br\/#organization"},"image":{"@id":"https:\/\/www.padreeustaquio.com.br\/membros-do-ramo-secular-sscc-no-paraguai-renovam-compromisso\/#primaryimage"},"thumbnailUrl":"https:\/\/www.padreeustaquio.com.br\/wp-content\/uploads\/2020\/10\/paraguai.jpg","articleSection":["Not\u00edcias"],"inLanguage":"es","potentialAction":[{"@type":"CommentAction","name":"Comment","target":["https:\/\/www.padreeustaquio.com.br\/membros-do-ramo-secular-sscc-no-paraguai-renovam-compromisso\/#respond"]}]},{"@type":"WebPage","@id":"https:\/\/www.padreeustaquio.com.br\/membros-do-ramo-secular-sscc-no-paraguai-renovam-compromisso\/","url":"https:\/\/www.padreeustaquio.com.br\/membros-do-ramo-secular-sscc-no-paraguai-renovam-compromisso\/","name":"Miembros de la Rama Secular SSCC en Paraguay renuevan su compromiso - Padre Eust\u00e1quio","isPartOf":{"@id":"https:\/\/www.padreeustaquio.com.br\/#website"},"primaryImageOfPage":{"@id":"https:\/\/www.padreeustaquio.com.br\/membros-do-ramo-secular-sscc-no-paraguai-renovam-compromisso\/#primaryimage"},"image":{"@id":"https:\/\/www.padreeustaquio.com.br\/membros-do-ramo-secular-sscc-no-paraguai-renovam-compromisso\/#primaryimage"},"thumbnailUrl":"https:\/\/www.padreeustaquio.com.br\/wp-content\/uploads\/2020\/10\/paraguai.jpg","datePublished":"2020-10-17T11:09:15+00:00","breadcrumb":{"@id":"https:\/\/www.padreeustaquio.com.br\/membros-do-ramo-secular-sscc-no-paraguai-renovam-compromisso\/#breadcrumb"},"inLanguage":"es","potentialAction":[{"@type":"ReadAction","target":["https:\/\/www.padreeustaquio.com.br\/membros-do-ramo-secular-sscc-no-paraguai-renovam-compromisso\/"]}]},{"@type":"ImageObject","inLanguage":"es","@id":"https:\/\/www.padreeustaquio.com.br\/membros-do-ramo-secular-sscc-no-paraguai-renovam-compromisso\/#primaryimage","url":"https:\/\/www.padreeustaquio.com.br\/wp-content\/uploads\/2020\/10\/paraguai.jpg","contentUrl":"https:\/\/www.padreeustaquio.com.br\/wp-content\/uploads\/2020\/10\/paraguai.jpg","width":400,"height":194},{"@type":"BreadcrumbList","@id":"https:\/\/www.padreeustaquio.com.br\/membros-do-ramo-secular-sscc-no-paraguai-renovam-compromisso\/#breadcrumb","itemListElement":[{"@type":"ListItem","position":1,"name":"In\u00edcio","item":"https:\/\/www.padreeustaquio.com.br\/"},{"@type":"ListItem","position":2,"name":"Membros do Ramo Secular SSCC, no Paraguai, renovam compromisso"}]},{"@type":"WebSite","@id":"https:\/\/www.padreeustaquio.com.br\/#website","url":"https:\/\/www.padreeustaquio.com.br\/","name":"Padre Eustace","description":"Salud y Paz","publisher":{"@id":"https:\/\/www.padreeustaquio.com.br\/#organization"},"potentialAction":[{"@type":"SearchAction","target":{"@type":"EntryPoint","urlTemplate":"https:\/\/www.padreeustaquio.com.br\/?s={search_term_string}"},"query-input":{"@type":"PropertyValueSpecification","valueRequired":true,"valueName":"search_term_string"}}],"inLanguage":"es"},{"@type":"Organization","@id":"https:\/\/www.padreeustaquio.com.br\/#organization","name":"Padre Eustace","url":"https:\/\/www.padreeustaquio.com.br\/","logo":{"@type":"ImageObject","inLanguage":"es","@id":"https:\/\/www.padreeustaquio.com.br\/#\/schema\/logo\/image\/","url":"https:\/\/www.padreeustaquio.com.br\/wp-content\/uploads\/2019\/08\/marca.png","contentUrl":"https:\/\/www.padreeustaquio.com.br\/wp-content\/uploads\/2019\/08\/marca.png","width":350,"height":400,"caption":"Padre Eust\u00e1quio"},"image":{"@id":"https:\/\/www.padreeustaquio.com.br\/#\/schema\/logo\/image\/"},"sameAs":["https:\/\/www.facebook.com\/beatopadreeustaquio\/","https:\/\/x.com\/beatopeustaquio","https:\/\/www.instagram.com\/beatopadreeustaquio\/","https:\/\/www.youtube.com\/channel\/UCRhw7vfabnajwLxb1ZXMeIw"]},{"@type":"Person","@id":"https:\/\/www.padreeustaquio.com.br\/#\/schema\/person\/a2a51db1d00f1a7af0204a0f1ddb1566","name":"@sscc","image":{"@type":"ImageObject","inLanguage":"es","@id":"https:\/\/secure.gravatar.com\/avatar\/68cfafa5f44617fea54071e215026e0ff06be366c3d54a8425f04fdcb86f8c5f?s=96&d=mm&r=g","url":"https:\/\/secure.gravatar.com\/avatar\/68cfafa5f44617fea54071e215026e0ff06be366c3d54a8425f04fdcb86f8c5f?s=96&d=mm&r=g","contentUrl":"https:\/\/secure.gravatar.com\/avatar\/68cfafa5f44617fea54071e215026e0ff06be366c3d54a8425f04fdcb86f8c5f?s=96&d=mm&r=g","caption":"@sscc"},"url":"https:\/\/www.padreeustaquio.com.br\/es\/author\/sscc\/"}]}},"_links":{"self":[{"href":"https:\/\/www.padreeustaquio.com.br\/es\/wp-json\/wp\/v2\/posts\/4673","targetHints":{"allow":["GET"]}}],"collection":[{"href":"https:\/\/www.padreeustaquio.com.br\/es\/wp-json\/wp\/v2\/posts"}],"about":[{"href":"https:\/\/www.padreeustaquio.com.br\/es\/wp-json\/wp\/v2\/types\/post"}],"author":[{"embeddable":true,"href":"https:\/\/www.padreeustaquio.com.br\/es\/wp-json\/wp\/v2\/users\/2"}],"replies":[{"embeddable":true,"href":"https:\/\/www.padreeustaquio.com.br\/es\/wp-json\/wp\/v2\/comments?post=4673"}],"version-history":[{"count":0,"href":"https:\/\/www.padreeustaquio.com.br\/es\/wp-json\/wp\/v2\/posts\/4673\/revisions"}],"wp:featuredmedia":[{"embeddable":true,"href":"https:\/\/www.padreeustaquio.com.br\/es\/wp-json\/wp\/v2\/media\/4674"}],"wp:attachment":[{"href":"https:\/\/www.padreeustaquio.com.br\/es\/wp-json\/wp\/v2\/media?parent=4673"}],"wp:term":[{"taxonomy":"category","embeddable":true,"href":"https:\/\/www.padreeustaquio.com.br\/es\/wp-json\/wp\/v2\/categories?post=4673"},{"taxonomy":"post_tag","embeddable":true,"href":"https:\/\/www.padreeustaquio.com.br\/es\/wp-json\/wp\/v2\/tags?post=4673"}],"curies":[{"name":"wp","href":"https:\/\/api.w.org\/{rel}","templated":true}]}}