{"id":4670,"date":"2020-10-16T11:07:37","date_gmt":"2020-10-16T14:07:37","guid":{"rendered":"https:\/\/www.padreeustaquio.com.br\/?p=4670"},"modified":"2020-10-16T11:07:37","modified_gmt":"2020-10-16T14:07:37","slug":"el-padre-armin-celebra-su-primera-misa-y-se-despide-de-belo-horizonte","status":"publish","type":"post","link":"https:\/\/www.padreeustaquio.com.br\/es\/el-padre-armin-celebra-su-primera-misa-y-se-despide-de-belo-horizonte\/","title":{"rendered":"El padre Arm\u00edn celebra su primera misa y se despide de Belo Horizonte."},"content":{"rendered":"<p>El nuevo sacerdote de la Congregaci\u00f3n de los Sagrados Corazones, el Padre Arm\u00edn P\u00e9rez, ss.cc., presidi\u00f3 su primera misa este jueves (15 de octubre). Celebrada en el Santuario &quot;Salud y Paz&quot;, la iglesia del Padre Eust\u00e1quio, la celebraci\u00f3n tambi\u00e9n marc\u00f3 su despedida de la capital de Minas Gerais, junto con la de su hermano Gustavo.<\/p>\n<p>Antes de comenzar la celebraci\u00f3n, los hermanos de la Congregaci\u00f3n rindieron un breve homenaje al nuevo sacerdote, con fotos y m\u00fasica, todo ello transmitido por el Canal Padre Eust\u00e1quio en YouTube. En el Santuario, los feligreses y visitantes que adquirieron entradas pudieron participar en la celebraci\u00f3n en persona.<\/p>\n<p>Este viernes 16, el Padre Arm\u00edn y el Hermano Gustavo parten hacia una nueva misi\u00f3n en Paraguay. Ambos ir\u00e1n a una parroquia de la Congregaci\u00f3n ubicada en la frontera entre tres pa\u00edses latinoamericanos: Brasil, Paraguay y Argentina.<\/p>\n<p><a href=\"https:\/\/www.youtube.com\/watch?v=ybRXu_ppD9k&amp;t=2758s\">Ver aqu\u00ed<\/a> As\u00ed se celebr\u00f3 la Primera Misa del Padre Arm\u00edn. Fue ordenado sacerdote el pasado domingo 11 en una emotiva celebraci\u00f3n presidida por D. Luiz Mancilha Vilela, ss.cc, arzobispo em\u00e9rito de Vit\u00f3ria-ES. Vea la ordenaci\u00f3n de nuevo. <a href=\"https:\/\/www.youtube.com\/watch?v=z95u9m9Uv8A&amp;t=6180s\">haciendo clic aqu\u00ed<\/a>. Tambi\u00e9n fue transmitido por el Canal Padre Eust\u00e1quio.<\/p>\n<p>&nbsp;<\/p>","protected":false},"excerpt":{"rendered":"<p>O mais novo presb\u00edtero da Congrega\u00e7\u00e3o dos Sagrados Cora\u00e7\u00f5es, Padre Arm\u00edn P\u00e9rez, ss.cc., presidiu, nessa quinta-feira (15 de outubro) a sua primeira missa. Realizada no Santu\u00e1rio &#8220;Sa\u00fade e Paz&#8221;, a igreja do Padre Eust\u00e1quio, a celebra\u00e7\u00e3o tamb\u00e9m marcou a despedida dele e do irm\u00e3o Gustavo, da capital mineira. Antes de iniciar a celebra\u00e7\u00e3o, os irm\u00e3os da Congrega\u00e7\u00e3o prestaram uma breve homenagem ao novo presb\u00edtero, com fotos e m\u00fasica, j\u00e1 que tudo foi transmitido pelo Canal Padre Eust\u00e1quio, no YouTube. No Santu\u00e1rio, paroquianos e visitantes que retiraram senhas, puderam participar presencialmente da celebra\u00e7\u00e3o. Nesta sexta-feira (dia 16), Padre Arm\u00edn e Ir. [&hellip;]<\/p>\n","protected":false},"author":2,"featured_media":4671,"comment_status":"open","ping_status":"open","sticky":false,"template":"","format":"standard","meta":{"_acf_changed":false,"footnotes":""},"categories":[611],"tags":[],"class_list":["post-4670","post","type-post","status-publish","format-standard","has-post-thumbnail","hentry","category-noticias"],"acf":[],"yoast_head":"<!-- This site is optimized with the Yoast SEO plugin v27.2 - https:\/\/yoast.com\/product\/yoast-seo-wordpress\/ -->\n<title>Padre Arm\u00edn celebra primeira missa e se despede de Belo Horizonte - Padre Eust\u00e1quio<\/title>\n<meta name=\"robots\" content=\"index, follow, max-snippet:-1, max-image-preview:large, max-video-preview:-1\" \/>\n<link rel=\"canonical\" href=\"https:\/\/www.padreeustaquio.com.br\/es\/el-padre-armin-celebra-su-primera-misa-y-se-despide-de-belo-horizonte\/\" \/>\n<meta property=\"og:locale\" content=\"es_ES\" \/>\n<meta property=\"og:type\" content=\"article\" \/>\n<meta property=\"og:title\" content=\"Padre Arm\u00edn celebra primeira missa e se despede de Belo Horizonte - Padre Eust\u00e1quio\" \/>\n<meta property=\"og:description\" content=\"O mais novo presb\u00edtero da Congrega\u00e7\u00e3o dos Sagrados Cora\u00e7\u00f5es, Padre Arm\u00edn P\u00e9rez, ss.cc., presidiu, nessa quinta-feira (15 de outubro) a sua primeira missa. Realizada no Santu\u00e1rio &#8220;Sa\u00fade e Paz&#8221;, a igreja do Padre Eust\u00e1quio, a celebra\u00e7\u00e3o tamb\u00e9m marcou a despedida dele e do irm\u00e3o Gustavo, da capital mineira. Antes de iniciar a celebra\u00e7\u00e3o, os irm\u00e3os da Congrega\u00e7\u00e3o prestaram uma breve homenagem ao novo presb\u00edtero, com fotos e m\u00fasica, j\u00e1 que tudo foi transmitido pelo Canal Padre Eust\u00e1quio, no YouTube. No Santu\u00e1rio, paroquianos e visitantes que retiraram senhas, puderam participar presencialmente da celebra\u00e7\u00e3o. Nesta sexta-feira (dia 16), Padre Arm\u00edn e Ir. [&hellip;]\" \/>\n<meta property=\"og:url\" content=\"https:\/\/www.padreeustaquio.com.br\/es\/el-padre-armin-celebra-su-primera-misa-y-se-despide-de-belo-horizonte\/\" \/>\n<meta property=\"og:site_name\" content=\"Padre Eust\u00e1quio\" \/>\n<meta property=\"article:publisher\" content=\"https:\/\/www.facebook.com\/beatopadreeustaquio\/\" \/>\n<meta property=\"article:published_time\" content=\"2020-10-16T14:07:37+00:00\" \/>\n<meta property=\"og:image\" content=\"https:\/\/www.padreeustaquio.com.br\/wp-content\/uploads\/2020\/10\/padre-armin.jpg\" \/>\n\t<meta property=\"og:image:width\" content=\"1280\" \/>\n\t<meta property=\"og:image:height\" content=\"720\" \/>\n\t<meta property=\"og:image:type\" content=\"image\/jpeg\" \/>\n<meta name=\"author\" content=\"@sscc\" \/>\n<meta name=\"twitter:card\" content=\"summary_large_image\" \/>\n<meta name=\"twitter:creator\" content=\"@beatopeustaquio\" \/>\n<meta name=\"twitter:site\" content=\"@beatopeustaquio\" \/>\n<meta name=\"twitter:label1\" content=\"Escrito por\" \/>\n\t<meta name=\"twitter:data1\" content=\"@sscc\" \/>\n\t<meta name=\"twitter:label2\" content=\"Tiempo de lectura\" \/>\n\t<meta name=\"twitter:data2\" content=\"1 minuto\" \/>\n<script type=\"application\/ld+json\" class=\"yoast-schema-graph\">{\"@context\":\"https:\/\/schema.org\",\"@graph\":[{\"@type\":\"Article\",\"@id\":\"https:\/\/www.padreeustaquio.com.br\/padre-armin-celebra-primeira-missa-e-se-despede-de-belo-horizonte\/#article\",\"isPartOf\":{\"@id\":\"https:\/\/www.padreeustaquio.com.br\/padre-armin-celebra-primeira-missa-e-se-despede-de-belo-horizonte\/\"},\"author\":{\"name\":\"@sscc\",\"@id\":\"https:\/\/www.padreeustaquio.com.br\/#\/schema\/person\/a2a51db1d00f1a7af0204a0f1ddb1566\"},\"headline\":\"Padre Arm\u00edn celebra primeira missa e se despede de Belo Horizonte\",\"datePublished\":\"2020-10-16T14:07:37+00:00\",\"mainEntityOfPage\":{\"@id\":\"https:\/\/www.padreeustaquio.com.br\/padre-armin-celebra-primeira-missa-e-se-despede-de-belo-horizonte\/\"},\"wordCount\":223,\"commentCount\":0,\"publisher\":{\"@id\":\"https:\/\/www.padreeustaquio.com.br\/#organization\"},\"image\":{\"@id\":\"https:\/\/www.padreeustaquio.com.br\/padre-armin-celebra-primeira-missa-e-se-despede-de-belo-horizonte\/#primaryimage\"},\"thumbnailUrl\":\"https:\/\/www.padreeustaquio.com.br\/wp-content\/uploads\/2020\/10\/padre-armin.jpg\",\"articleSection\":[\"Not\u00edcias\"],\"inLanguage\":\"es\",\"potentialAction\":[{\"@type\":\"CommentAction\",\"name\":\"Comment\",\"target\":[\"https:\/\/www.padreeustaquio.com.br\/padre-armin-celebra-primeira-missa-e-se-despede-de-belo-horizonte\/#respond\"]}]},{\"@type\":\"WebPage\",\"@id\":\"https:\/\/www.padreeustaquio.com.br\/padre-armin-celebra-primeira-missa-e-se-despede-de-belo-horizonte\/\",\"url\":\"https:\/\/www.padreeustaquio.com.br\/padre-armin-celebra-primeira-missa-e-se-despede-de-belo-horizonte\/\",\"name\":\"Padre Arm\u00edn celebra primeira missa e se despede de Belo Horizonte - Padre Eust\u00e1quio\",\"isPartOf\":{\"@id\":\"https:\/\/www.padreeustaquio.com.br\/#website\"},\"primaryImageOfPage\":{\"@id\":\"https:\/\/www.padreeustaquio.com.br\/padre-armin-celebra-primeira-missa-e-se-despede-de-belo-horizonte\/#primaryimage\"},\"image\":{\"@id\":\"https:\/\/www.padreeustaquio.com.br\/padre-armin-celebra-primeira-missa-e-se-despede-de-belo-horizonte\/#primaryimage\"},\"thumbnailUrl\":\"https:\/\/www.padreeustaquio.com.br\/wp-content\/uploads\/2020\/10\/padre-armin.jpg\",\"datePublished\":\"2020-10-16T14:07:37+00:00\",\"breadcrumb\":{\"@id\":\"https:\/\/www.padreeustaquio.com.br\/padre-armin-celebra-primeira-missa-e-se-despede-de-belo-horizonte\/#breadcrumb\"},\"inLanguage\":\"es\",\"potentialAction\":[{\"@type\":\"ReadAction\",\"target\":[\"https:\/\/www.padreeustaquio.com.br\/padre-armin-celebra-primeira-missa-e-se-despede-de-belo-horizonte\/\"]}]},{\"@type\":\"ImageObject\",\"inLanguage\":\"es\",\"@id\":\"https:\/\/www.padreeustaquio.com.br\/padre-armin-celebra-primeira-missa-e-se-despede-de-belo-horizonte\/#primaryimage\",\"url\":\"https:\/\/www.padreeustaquio.com.br\/wp-content\/uploads\/2020\/10\/padre-armin.jpg\",\"contentUrl\":\"https:\/\/www.padreeustaquio.com.br\/wp-content\/uploads\/2020\/10\/padre-armin.jpg\",\"width\":1280,\"height\":720},{\"@type\":\"BreadcrumbList\",\"@id\":\"https:\/\/www.padreeustaquio.com.br\/padre-armin-celebra-primeira-missa-e-se-despede-de-belo-horizonte\/#breadcrumb\",\"itemListElement\":[{\"@type\":\"ListItem\",\"position\":1,\"name\":\"In\u00edcio\",\"item\":\"https:\/\/www.padreeustaquio.com.br\/\"},{\"@type\":\"ListItem\",\"position\":2,\"name\":\"Padre Arm\u00edn celebra primeira missa e se despede de Belo Horizonte\"}]},{\"@type\":\"WebSite\",\"@id\":\"https:\/\/www.padreeustaquio.com.br\/#website\",\"url\":\"https:\/\/www.padreeustaquio.com.br\/\",\"name\":\"Padre Eust\u00e1quio\",\"description\":\"Sa\u00fade e Paz\",\"publisher\":{\"@id\":\"https:\/\/www.padreeustaquio.com.br\/#organization\"},\"potentialAction\":[{\"@type\":\"SearchAction\",\"target\":{\"@type\":\"EntryPoint\",\"urlTemplate\":\"https:\/\/www.padreeustaquio.com.br\/?s={search_term_string}\"},\"query-input\":{\"@type\":\"PropertyValueSpecification\",\"valueRequired\":true,\"valueName\":\"search_term_string\"}}],\"inLanguage\":\"es\"},{\"@type\":\"Organization\",\"@id\":\"https:\/\/www.padreeustaquio.com.br\/#organization\",\"name\":\"Padre Eust\u00e1quio\",\"url\":\"https:\/\/www.padreeustaquio.com.br\/\",\"logo\":{\"@type\":\"ImageObject\",\"inLanguage\":\"es\",\"@id\":\"https:\/\/www.padreeustaquio.com.br\/#\/schema\/logo\/image\/\",\"url\":\"https:\/\/www.padreeustaquio.com.br\/wp-content\/uploads\/2019\/08\/marca.png\",\"contentUrl\":\"https:\/\/www.padreeustaquio.com.br\/wp-content\/uploads\/2019\/08\/marca.png\",\"width\":350,\"height\":400,\"caption\":\"Padre Eust\u00e1quio\"},\"image\":{\"@id\":\"https:\/\/www.padreeustaquio.com.br\/#\/schema\/logo\/image\/\"},\"sameAs\":[\"https:\/\/www.facebook.com\/beatopadreeustaquio\/\",\"https:\/\/x.com\/beatopeustaquio\",\"https:\/\/www.instagram.com\/beatopadreeustaquio\/\",\"https:\/\/www.youtube.com\/channel\/UCRhw7vfabnajwLxb1ZXMeIw\"]},{\"@type\":\"Person\",\"@id\":\"https:\/\/www.padreeustaquio.com.br\/#\/schema\/person\/a2a51db1d00f1a7af0204a0f1ddb1566\",\"name\":\"@sscc\",\"image\":{\"@type\":\"ImageObject\",\"inLanguage\":\"es\",\"@id\":\"https:\/\/secure.gravatar.com\/avatar\/68cfafa5f44617fea54071e215026e0ff06be366c3d54a8425f04fdcb86f8c5f?s=96&d=mm&r=g\",\"url\":\"https:\/\/secure.gravatar.com\/avatar\/68cfafa5f44617fea54071e215026e0ff06be366c3d54a8425f04fdcb86f8c5f?s=96&d=mm&r=g\",\"contentUrl\":\"https:\/\/secure.gravatar.com\/avatar\/68cfafa5f44617fea54071e215026e0ff06be366c3d54a8425f04fdcb86f8c5f?s=96&d=mm&r=g\",\"caption\":\"@sscc\"},\"url\":\"https:\/\/www.padreeustaquio.com.br\/es\/author\/sscc\/\"}]}<\/script>\n<!-- \/ Yoast SEO plugin. -->","yoast_head_json":{"title":"El padre Arm\u00edn celebra su primera misa y se despide de Belo Horizonte - Padre Eust\u00e1quio","robots":{"index":"index","follow":"follow","max-snippet":"max-snippet:-1","max-image-preview":"max-image-preview:large","max-video-preview":"max-video-preview:-1"},"canonical":"https:\/\/www.padreeustaquio.com.br\/es\/el-padre-armin-celebra-su-primera-misa-y-se-despide-de-belo-horizonte\/","og_locale":"es_ES","og_type":"article","og_title":"Padre Arm\u00edn celebra primeira missa e se despede de Belo Horizonte - Padre Eust\u00e1quio","og_description":"O mais novo presb\u00edtero da Congrega\u00e7\u00e3o dos Sagrados Cora\u00e7\u00f5es, Padre Arm\u00edn P\u00e9rez, ss.cc., presidiu, nessa quinta-feira (15 de outubro) a sua primeira missa. Realizada no Santu\u00e1rio &#8220;Sa\u00fade e Paz&#8221;, a igreja do Padre Eust\u00e1quio, a celebra\u00e7\u00e3o tamb\u00e9m marcou a despedida dele e do irm\u00e3o Gustavo, da capital mineira. Antes de iniciar a celebra\u00e7\u00e3o, os irm\u00e3os da Congrega\u00e7\u00e3o prestaram uma breve homenagem ao novo presb\u00edtero, com fotos e m\u00fasica, j\u00e1 que tudo foi transmitido pelo Canal Padre Eust\u00e1quio, no YouTube. No Santu\u00e1rio, paroquianos e visitantes que retiraram senhas, puderam participar presencialmente da celebra\u00e7\u00e3o. Nesta sexta-feira (dia 16), Padre Arm\u00edn e Ir. [&hellip;]","og_url":"https:\/\/www.padreeustaquio.com.br\/es\/el-padre-armin-celebra-su-primera-misa-y-se-despide-de-belo-horizonte\/","og_site_name":"Padre Eust\u00e1quio","article_publisher":"https:\/\/www.facebook.com\/beatopadreeustaquio\/","article_published_time":"2020-10-16T14:07:37+00:00","og_image":[{"width":1280,"height":720,"url":"https:\/\/www.padreeustaquio.com.br\/wp-content\/uploads\/2020\/10\/padre-armin.jpg","type":"image\/jpeg"}],"author":"@sscc","twitter_card":"summary_large_image","twitter_creator":"@beatopeustaquio","twitter_site":"@beatopeustaquio","twitter_misc":{"Escrito por":"@sscc","Tiempo de lectura":"1 minuto"},"schema":{"@context":"https:\/\/schema.org","@graph":[{"@type":"Article","@id":"https:\/\/www.padreeustaquio.com.br\/padre-armin-celebra-primeira-missa-e-se-despede-de-belo-horizonte\/#article","isPartOf":{"@id":"https:\/\/www.padreeustaquio.com.br\/padre-armin-celebra-primeira-missa-e-se-despede-de-belo-horizonte\/"},"author":{"name":"@sscc","@id":"https:\/\/www.padreeustaquio.com.br\/#\/schema\/person\/a2a51db1d00f1a7af0204a0f1ddb1566"},"headline":"Padre Arm\u00edn celebra primeira missa e se despede de Belo Horizonte","datePublished":"2020-10-16T14:07:37+00:00","mainEntityOfPage":{"@id":"https:\/\/www.padreeustaquio.com.br\/padre-armin-celebra-primeira-missa-e-se-despede-de-belo-horizonte\/"},"wordCount":223,"commentCount":0,"publisher":{"@id":"https:\/\/www.padreeustaquio.com.br\/#organization"},"image":{"@id":"https:\/\/www.padreeustaquio.com.br\/padre-armin-celebra-primeira-missa-e-se-despede-de-belo-horizonte\/#primaryimage"},"thumbnailUrl":"https:\/\/www.padreeustaquio.com.br\/wp-content\/uploads\/2020\/10\/padre-armin.jpg","articleSection":["Not\u00edcias"],"inLanguage":"es","potentialAction":[{"@type":"CommentAction","name":"Comment","target":["https:\/\/www.padreeustaquio.com.br\/padre-armin-celebra-primeira-missa-e-se-despede-de-belo-horizonte\/#respond"]}]},{"@type":"WebPage","@id":"https:\/\/www.padreeustaquio.com.br\/padre-armin-celebra-primeira-missa-e-se-despede-de-belo-horizonte\/","url":"https:\/\/www.padreeustaquio.com.br\/padre-armin-celebra-primeira-missa-e-se-despede-de-belo-horizonte\/","name":"El padre Arm\u00edn celebra su primera misa y se despide de Belo Horizonte - Padre Eust\u00e1quio","isPartOf":{"@id":"https:\/\/www.padreeustaquio.com.br\/#website"},"primaryImageOfPage":{"@id":"https:\/\/www.padreeustaquio.com.br\/padre-armin-celebra-primeira-missa-e-se-despede-de-belo-horizonte\/#primaryimage"},"image":{"@id":"https:\/\/www.padreeustaquio.com.br\/padre-armin-celebra-primeira-missa-e-se-despede-de-belo-horizonte\/#primaryimage"},"thumbnailUrl":"https:\/\/www.padreeustaquio.com.br\/wp-content\/uploads\/2020\/10\/padre-armin.jpg","datePublished":"2020-10-16T14:07:37+00:00","breadcrumb":{"@id":"https:\/\/www.padreeustaquio.com.br\/padre-armin-celebra-primeira-missa-e-se-despede-de-belo-horizonte\/#breadcrumb"},"inLanguage":"es","potentialAction":[{"@type":"ReadAction","target":["https:\/\/www.padreeustaquio.com.br\/padre-armin-celebra-primeira-missa-e-se-despede-de-belo-horizonte\/"]}]},{"@type":"ImageObject","inLanguage":"es","@id":"https:\/\/www.padreeustaquio.com.br\/padre-armin-celebra-primeira-missa-e-se-despede-de-belo-horizonte\/#primaryimage","url":"https:\/\/www.padreeustaquio.com.br\/wp-content\/uploads\/2020\/10\/padre-armin.jpg","contentUrl":"https:\/\/www.padreeustaquio.com.br\/wp-content\/uploads\/2020\/10\/padre-armin.jpg","width":1280,"height":720},{"@type":"BreadcrumbList","@id":"https:\/\/www.padreeustaquio.com.br\/padre-armin-celebra-primeira-missa-e-se-despede-de-belo-horizonte\/#breadcrumb","itemListElement":[{"@type":"ListItem","position":1,"name":"In\u00edcio","item":"https:\/\/www.padreeustaquio.com.br\/"},{"@type":"ListItem","position":2,"name":"Padre Arm\u00edn celebra primeira missa e se despede de Belo Horizonte"}]},{"@type":"WebSite","@id":"https:\/\/www.padreeustaquio.com.br\/#website","url":"https:\/\/www.padreeustaquio.com.br\/","name":"Padre Eustace","description":"Salud y Paz","publisher":{"@id":"https:\/\/www.padreeustaquio.com.br\/#organization"},"potentialAction":[{"@type":"SearchAction","target":{"@type":"EntryPoint","urlTemplate":"https:\/\/www.padreeustaquio.com.br\/?s={search_term_string}"},"query-input":{"@type":"PropertyValueSpecification","valueRequired":true,"valueName":"search_term_string"}}],"inLanguage":"es"},{"@type":"Organization","@id":"https:\/\/www.padreeustaquio.com.br\/#organization","name":"Padre Eustace","url":"https:\/\/www.padreeustaquio.com.br\/","logo":{"@type":"ImageObject","inLanguage":"es","@id":"https:\/\/www.padreeustaquio.com.br\/#\/schema\/logo\/image\/","url":"https:\/\/www.padreeustaquio.com.br\/wp-content\/uploads\/2019\/08\/marca.png","contentUrl":"https:\/\/www.padreeustaquio.com.br\/wp-content\/uploads\/2019\/08\/marca.png","width":350,"height":400,"caption":"Padre Eust\u00e1quio"},"image":{"@id":"https:\/\/www.padreeustaquio.com.br\/#\/schema\/logo\/image\/"},"sameAs":["https:\/\/www.facebook.com\/beatopadreeustaquio\/","https:\/\/x.com\/beatopeustaquio","https:\/\/www.instagram.com\/beatopadreeustaquio\/","https:\/\/www.youtube.com\/channel\/UCRhw7vfabnajwLxb1ZXMeIw"]},{"@type":"Person","@id":"https:\/\/www.padreeustaquio.com.br\/#\/schema\/person\/a2a51db1d00f1a7af0204a0f1ddb1566","name":"@sscc","image":{"@type":"ImageObject","inLanguage":"es","@id":"https:\/\/secure.gravatar.com\/avatar\/68cfafa5f44617fea54071e215026e0ff06be366c3d54a8425f04fdcb86f8c5f?s=96&d=mm&r=g","url":"https:\/\/secure.gravatar.com\/avatar\/68cfafa5f44617fea54071e215026e0ff06be366c3d54a8425f04fdcb86f8c5f?s=96&d=mm&r=g","contentUrl":"https:\/\/secure.gravatar.com\/avatar\/68cfafa5f44617fea54071e215026e0ff06be366c3d54a8425f04fdcb86f8c5f?s=96&d=mm&r=g","caption":"@sscc"},"url":"https:\/\/www.padreeustaquio.com.br\/es\/author\/sscc\/"}]}},"_links":{"self":[{"href":"https:\/\/www.padreeustaquio.com.br\/es\/wp-json\/wp\/v2\/posts\/4670","targetHints":{"allow":["GET"]}}],"collection":[{"href":"https:\/\/www.padreeustaquio.com.br\/es\/wp-json\/wp\/v2\/posts"}],"about":[{"href":"https:\/\/www.padreeustaquio.com.br\/es\/wp-json\/wp\/v2\/types\/post"}],"author":[{"embeddable":true,"href":"https:\/\/www.padreeustaquio.com.br\/es\/wp-json\/wp\/v2\/users\/2"}],"replies":[{"embeddable":true,"href":"https:\/\/www.padreeustaquio.com.br\/es\/wp-json\/wp\/v2\/comments?post=4670"}],"version-history":[{"count":0,"href":"https:\/\/www.padreeustaquio.com.br\/es\/wp-json\/wp\/v2\/posts\/4670\/revisions"}],"wp:featuredmedia":[{"embeddable":true,"href":"https:\/\/www.padreeustaquio.com.br\/es\/wp-json\/wp\/v2\/media\/4671"}],"wp:attachment":[{"href":"https:\/\/www.padreeustaquio.com.br\/es\/wp-json\/wp\/v2\/media?parent=4670"}],"wp:term":[{"taxonomy":"category","embeddable":true,"href":"https:\/\/www.padreeustaquio.com.br\/es\/wp-json\/wp\/v2\/categories?post=4670"},{"taxonomy":"post_tag","embeddable":true,"href":"https:\/\/www.padreeustaquio.com.br\/es\/wp-json\/wp\/v2\/tags?post=4670"}],"curies":[{"name":"wp","href":"https:\/\/api.w.org\/{rel}","templated":true}]}}