{"id":4667,"date":"2020-10-15T10:48:06","date_gmt":"2020-10-15T13:48:06","guid":{"rendered":"https:\/\/www.padreeustaquio.com.br\/?p=4667"},"modified":"2020-10-15T10:48:06","modified_gmt":"2020-10-15T13:48:06","slug":"el-museo-de-porto-alegre-sao-paulo-llega-al-episodio-27-de-la-serie-conociendo-al-padre-eustaquio","status":"publish","type":"post","link":"https:\/\/www.padreeustaquio.com.br\/es\/el-museo-de-porto-alegre-sao-paulo-llega-al-episodio-27-de-la-serie-conociendo-al-padre-eustaquio\/","title":{"rendered":"El Museo Po\u00e1-SP llega al episodio 27 de la serie &quot;Conociendo al Padre Eust\u00e1quio&quot;.\u201c"},"content":{"rendered":"<p>Desde que se inici\u00f3 el per\u00edodo de aislamiento social debido a la pandemia del Coronavirus, el Museo Padre Eust\u00e1quio, ubicado en Po\u00e1, Gran S\u00e3o Paulo, viene produciendo podcasts (una especie de programa corto de radio) contando la historia de la vida del Bendito.<\/p>\n<p>Producido por el equipo del museo y coordinado por Delcimar Ferreira, el podcast &quot;Conociendo al Padre Eust\u00e1quio&quot; llega a su episodio n\u00famero 27 y ya va por su segunda temporada. Esta semana, podr\u00e1n escuchar otro caso de una persona que informa haberse curado tras recibir la bendici\u00f3n del Padre Eust\u00e1quio. <em>\u201cHelena Lobosque, residente de Br\u00e1s, en la capital, ten\u00eda una enfermedad de la piel que parec\u00eda incurable\u201d.\u201d<\/em><\/p>\n<p>Este cap\u00edtulo cuenta con la colaboraci\u00f3n de Luciene Freire y el cari\u00f1o siempre especial del equipo del museo. Si a\u00fan no lo conoces, <a href=\"https:\/\/museupadreeustaquio.wordpress.com\/\">haga clic aqu\u00ed<\/a> Visita el blog del Museo Padre Eustaquio. All\u00ed tendr\u00e1s acceso a las plataformas que ofrecen las grabaciones de audio. Elige la que prefieras, esc\u00fachala y comp\u00e1rtela con tus amigos. Aprovecha tambi\u00e9n para escuchar programas anteriores y aprender un poco m\u00e1s sobre la historia de este verdadero Siervo de Dios.<\/p>\n<p><strong>El Museo Padre Eust\u00e1quio<\/strong><\/p>\n<p data-adtags-visited=\"true\">El lugar dedicado a preservar documentos y objetos pertenecientes al Padre Eust\u00e1quio fue inaugurado el 5 de mayo de 2006, en una sala ubicada en el antiguo Centro Pastoral Parroquial, edificio que fue demolido para la futura ampliaci\u00f3n de la Iglesia Matriz.<\/p>\n<p data-adtags-visited=\"true\">Con la demolici\u00f3n, la Alcald\u00eda de Po\u00e1 devolvi\u00f3 a la Curia Diocesana la propiedad del antiguo Convento de S\u00e3o Jos\u00e9 (que albergaba la Escuela Estatal Periodista Paulo Eduardo Olintho Rehder). Actualmente, en este espacio funciona el Centro de Evangelizaci\u00f3n Padre Eust\u00e1quio, y el museo reabri\u00f3 sus puertas el 30 de agosto de 2011.<\/p>\n<p data-adtags-visited=\"true\">El museo recibe un promedio de 300 visitantes al a\u00f1o. Aproximadamente el 90% de estos visitantes provienen de Po\u00e1-SP, pero tambi\u00e9n recibimos visitantes de ciudades vecinas como Ferraz de Vasconcelos, Suzano, Itaquaquecetuba y Mogi das Cruzes, por ejemplo. El museo tambi\u00e9n ha recibido visitantes de otros pa\u00edses como los Pa\u00edses Bajos, Cuba, Paraguay y Angola.<\/p>\n<p data-adtags-visited=\"true\">\n<p data-adtags-visited=\"true\"><em><strong>(con informaci\u00f3n del blog del Museo Padre Eust\u00e1quio)<\/strong><\/em><\/p>","protected":false},"excerpt":{"rendered":"<p>Desde que o per\u00edodo de isolamento social come\u00e7ou, por causa da pandemia do Coronav\u00edrus, o Museu Padre Eust\u00e1quio, localizado em Po\u00e1, na grande S\u00e3o Paulo, tem produzido podcasts (uma esp\u00e9cie de pequenos programas de r\u00e1dio) contando a vida do Bem-Aventurado. Produzido pela equipe do museu e coordenado por Delcimar Ferreira, o podcast &#8220;Conhecendo Padre Eust\u00e1quio&#8221; chega ao seu 27\u00ba epis\u00f3dio e j\u00e1 est\u00e1 na sua segunda temporada. Esta semana,\u00a0\u00e9 poss\u00edvel ouvir mais um caso de uma pessoa que relata ter sido curada ap\u00f3s a b\u00ean\u00e7\u00e3o dada por Padre Eust\u00e1quio. &#8220;Helena Lobosque, moradora do Br\u00e1s, na capital tinha uma doen\u00e7a de [&hellip;]<\/p>\n","protected":false},"author":2,"featured_media":4668,"comment_status":"open","ping_status":"open","sticky":false,"template":"","format":"standard","meta":{"_acf_changed":false,"footnotes":""},"categories":[611],"tags":[],"class_list":["post-4667","post","type-post","status-publish","format-standard","has-post-thumbnail","hentry","category-noticias"],"acf":[],"yoast_head":"<!-- This site is optimized with the Yoast SEO plugin v27.2 - https:\/\/yoast.com\/product\/yoast-seo-wordpress\/ -->\n<title>Museu de Po\u00e1-SP chega ao 27\u00ba epis\u00f3dio da s\u00e9rie &quot;Conhecendo Padre Eust\u00e1quio&quot; - Padre Eust\u00e1quio<\/title>\n<meta name=\"robots\" content=\"index, follow, max-snippet:-1, max-image-preview:large, max-video-preview:-1\" \/>\n<link rel=\"canonical\" href=\"https:\/\/www.padreeustaquio.com.br\/es\/el-museo-de-porto-alegre-sao-paulo-llega-al-episodio-27-de-la-serie-conociendo-al-padre-eustaquio\/\" \/>\n<meta property=\"og:locale\" content=\"es_ES\" \/>\n<meta property=\"og:type\" content=\"article\" \/>\n<meta property=\"og:title\" content=\"Museu de Po\u00e1-SP chega ao 27\u00ba epis\u00f3dio da s\u00e9rie &quot;Conhecendo Padre Eust\u00e1quio&quot; - Padre Eust\u00e1quio\" \/>\n<meta property=\"og:description\" content=\"Desde que o per\u00edodo de isolamento social come\u00e7ou, por causa da pandemia do Coronav\u00edrus, o Museu Padre Eust\u00e1quio, localizado em Po\u00e1, na grande S\u00e3o Paulo, tem produzido podcasts (uma esp\u00e9cie de pequenos programas de r\u00e1dio) contando a vida do Bem-Aventurado. Produzido pela equipe do museu e coordenado por Delcimar Ferreira, o podcast &#8220;Conhecendo Padre Eust\u00e1quio&#8221; chega ao seu 27\u00ba epis\u00f3dio e j\u00e1 est\u00e1 na sua segunda temporada. Esta semana,\u00a0\u00e9 poss\u00edvel ouvir mais um caso de uma pessoa que relata ter sido curada ap\u00f3s a b\u00ean\u00e7\u00e3o dada por Padre Eust\u00e1quio. &#8220;Helena Lobosque, moradora do Br\u00e1s, na capital tinha uma doen\u00e7a de [&hellip;]\" \/>\n<meta property=\"og:url\" content=\"https:\/\/www.padreeustaquio.com.br\/es\/el-museo-de-porto-alegre-sao-paulo-llega-al-episodio-27-de-la-serie-conociendo-al-padre-eustaquio\/\" \/>\n<meta property=\"og:site_name\" content=\"Padre Eust\u00e1quio\" \/>\n<meta property=\"article:publisher\" content=\"https:\/\/www.facebook.com\/beatopadreeustaquio\/\" \/>\n<meta property=\"article:published_time\" content=\"2020-10-15T13:48:06+00:00\" \/>\n<meta property=\"og:image\" content=\"https:\/\/www.padreeustaquio.com.br\/wp-content\/uploads\/2020\/10\/podcast-02.jpg\" \/>\n\t<meta property=\"og:image:width\" content=\"800\" \/>\n\t<meta property=\"og:image:height\" content=\"530\" \/>\n\t<meta property=\"og:image:type\" content=\"image\/jpeg\" \/>\n<meta name=\"author\" content=\"@sscc\" \/>\n<meta name=\"twitter:card\" content=\"summary_large_image\" \/>\n<meta name=\"twitter:creator\" content=\"@beatopeustaquio\" \/>\n<meta name=\"twitter:site\" content=\"@beatopeustaquio\" \/>\n<meta name=\"twitter:label1\" content=\"Escrito por\" \/>\n\t<meta name=\"twitter:data1\" content=\"@sscc\" \/>\n\t<meta name=\"twitter:label2\" content=\"Tiempo de lectura\" \/>\n\t<meta name=\"twitter:data2\" content=\"2 minutos\" \/>\n<script type=\"application\/ld+json\" class=\"yoast-schema-graph\">{\"@context\":\"https:\/\/schema.org\",\"@graph\":[{\"@type\":\"Article\",\"@id\":\"https:\/\/www.padreeustaquio.com.br\/museu-de-poa-sp-chega-ao-27o-episodio-da-serie-conhecendo-padre-eustaquio\/#article\",\"isPartOf\":{\"@id\":\"https:\/\/www.padreeustaquio.com.br\/museu-de-poa-sp-chega-ao-27o-episodio-da-serie-conhecendo-padre-eustaquio\/\"},\"author\":{\"name\":\"@sscc\",\"@id\":\"https:\/\/www.padreeustaquio.com.br\/#\/schema\/person\/a2a51db1d00f1a7af0204a0f1ddb1566\"},\"headline\":\"Museu de Po\u00e1-SP chega ao 27\u00ba epis\u00f3dio da s\u00e9rie &#8220;Conhecendo Padre Eust\u00e1quio&#8221;\",\"datePublished\":\"2020-10-15T13:48:06+00:00\",\"mainEntityOfPage\":{\"@id\":\"https:\/\/www.padreeustaquio.com.br\/museu-de-poa-sp-chega-ao-27o-episodio-da-serie-conhecendo-padre-eustaquio\/\"},\"wordCount\":386,\"commentCount\":0,\"publisher\":{\"@id\":\"https:\/\/www.padreeustaquio.com.br\/#organization\"},\"image\":{\"@id\":\"https:\/\/www.padreeustaquio.com.br\/museu-de-poa-sp-chega-ao-27o-episodio-da-serie-conhecendo-padre-eustaquio\/#primaryimage\"},\"thumbnailUrl\":\"https:\/\/www.padreeustaquio.com.br\/wp-content\/uploads\/2020\/10\/podcast-02.jpg\",\"articleSection\":[\"Not\u00edcias\"],\"inLanguage\":\"es\",\"potentialAction\":[{\"@type\":\"CommentAction\",\"name\":\"Comment\",\"target\":[\"https:\/\/www.padreeustaquio.com.br\/museu-de-poa-sp-chega-ao-27o-episodio-da-serie-conhecendo-padre-eustaquio\/#respond\"]}]},{\"@type\":\"WebPage\",\"@id\":\"https:\/\/www.padreeustaquio.com.br\/museu-de-poa-sp-chega-ao-27o-episodio-da-serie-conhecendo-padre-eustaquio\/\",\"url\":\"https:\/\/www.padreeustaquio.com.br\/museu-de-poa-sp-chega-ao-27o-episodio-da-serie-conhecendo-padre-eustaquio\/\",\"name\":\"Museu de Po\u00e1-SP chega ao 27\u00ba epis\u00f3dio da s\u00e9rie \\\"Conhecendo Padre Eust\u00e1quio\\\" - Padre Eust\u00e1quio\",\"isPartOf\":{\"@id\":\"https:\/\/www.padreeustaquio.com.br\/#website\"},\"primaryImageOfPage\":{\"@id\":\"https:\/\/www.padreeustaquio.com.br\/museu-de-poa-sp-chega-ao-27o-episodio-da-serie-conhecendo-padre-eustaquio\/#primaryimage\"},\"image\":{\"@id\":\"https:\/\/www.padreeustaquio.com.br\/museu-de-poa-sp-chega-ao-27o-episodio-da-serie-conhecendo-padre-eustaquio\/#primaryimage\"},\"thumbnailUrl\":\"https:\/\/www.padreeustaquio.com.br\/wp-content\/uploads\/2020\/10\/podcast-02.jpg\",\"datePublished\":\"2020-10-15T13:48:06+00:00\",\"breadcrumb\":{\"@id\":\"https:\/\/www.padreeustaquio.com.br\/museu-de-poa-sp-chega-ao-27o-episodio-da-serie-conhecendo-padre-eustaquio\/#breadcrumb\"},\"inLanguage\":\"es\",\"potentialAction\":[{\"@type\":\"ReadAction\",\"target\":[\"https:\/\/www.padreeustaquio.com.br\/museu-de-poa-sp-chega-ao-27o-episodio-da-serie-conhecendo-padre-eustaquio\/\"]}]},{\"@type\":\"ImageObject\",\"inLanguage\":\"es\",\"@id\":\"https:\/\/www.padreeustaquio.com.br\/museu-de-poa-sp-chega-ao-27o-episodio-da-serie-conhecendo-padre-eustaquio\/#primaryimage\",\"url\":\"https:\/\/www.padreeustaquio.com.br\/wp-content\/uploads\/2020\/10\/podcast-02.jpg\",\"contentUrl\":\"https:\/\/www.padreeustaquio.com.br\/wp-content\/uploads\/2020\/10\/podcast-02.jpg\",\"width\":800,\"height\":530},{\"@type\":\"BreadcrumbList\",\"@id\":\"https:\/\/www.padreeustaquio.com.br\/museu-de-poa-sp-chega-ao-27o-episodio-da-serie-conhecendo-padre-eustaquio\/#breadcrumb\",\"itemListElement\":[{\"@type\":\"ListItem\",\"position\":1,\"name\":\"In\u00edcio\",\"item\":\"https:\/\/www.padreeustaquio.com.br\/\"},{\"@type\":\"ListItem\",\"position\":2,\"name\":\"Museu de Po\u00e1-SP chega ao 27\u00ba epis\u00f3dio da s\u00e9rie &#8220;Conhecendo Padre Eust\u00e1quio&#8221;\"}]},{\"@type\":\"WebSite\",\"@id\":\"https:\/\/www.padreeustaquio.com.br\/#website\",\"url\":\"https:\/\/www.padreeustaquio.com.br\/\",\"name\":\"Padre Eust\u00e1quio\",\"description\":\"Sa\u00fade e Paz\",\"publisher\":{\"@id\":\"https:\/\/www.padreeustaquio.com.br\/#organization\"},\"potentialAction\":[{\"@type\":\"SearchAction\",\"target\":{\"@type\":\"EntryPoint\",\"urlTemplate\":\"https:\/\/www.padreeustaquio.com.br\/?s={search_term_string}\"},\"query-input\":{\"@type\":\"PropertyValueSpecification\",\"valueRequired\":true,\"valueName\":\"search_term_string\"}}],\"inLanguage\":\"es\"},{\"@type\":\"Organization\",\"@id\":\"https:\/\/www.padreeustaquio.com.br\/#organization\",\"name\":\"Padre Eust\u00e1quio\",\"url\":\"https:\/\/www.padreeustaquio.com.br\/\",\"logo\":{\"@type\":\"ImageObject\",\"inLanguage\":\"es\",\"@id\":\"https:\/\/www.padreeustaquio.com.br\/#\/schema\/logo\/image\/\",\"url\":\"https:\/\/www.padreeustaquio.com.br\/wp-content\/uploads\/2019\/08\/marca.png\",\"contentUrl\":\"https:\/\/www.padreeustaquio.com.br\/wp-content\/uploads\/2019\/08\/marca.png\",\"width\":350,\"height\":400,\"caption\":\"Padre Eust\u00e1quio\"},\"image\":{\"@id\":\"https:\/\/www.padreeustaquio.com.br\/#\/schema\/logo\/image\/\"},\"sameAs\":[\"https:\/\/www.facebook.com\/beatopadreeustaquio\/\",\"https:\/\/x.com\/beatopeustaquio\",\"https:\/\/www.instagram.com\/beatopadreeustaquio\/\",\"https:\/\/www.youtube.com\/channel\/UCRhw7vfabnajwLxb1ZXMeIw\"]},{\"@type\":\"Person\",\"@id\":\"https:\/\/www.padreeustaquio.com.br\/#\/schema\/person\/a2a51db1d00f1a7af0204a0f1ddb1566\",\"name\":\"@sscc\",\"image\":{\"@type\":\"ImageObject\",\"inLanguage\":\"es\",\"@id\":\"https:\/\/secure.gravatar.com\/avatar\/68cfafa5f44617fea54071e215026e0ff06be366c3d54a8425f04fdcb86f8c5f?s=96&d=mm&r=g\",\"url\":\"https:\/\/secure.gravatar.com\/avatar\/68cfafa5f44617fea54071e215026e0ff06be366c3d54a8425f04fdcb86f8c5f?s=96&d=mm&r=g\",\"contentUrl\":\"https:\/\/secure.gravatar.com\/avatar\/68cfafa5f44617fea54071e215026e0ff06be366c3d54a8425f04fdcb86f8c5f?s=96&d=mm&r=g\",\"caption\":\"@sscc\"},\"url\":\"https:\/\/www.padreeustaquio.com.br\/es\/author\/sscc\/\"}]}<\/script>\n<!-- \/ Yoast SEO plugin. -->","yoast_head_json":{"title":"El Museo Po\u00e1-SP llega al episodio 27 de la serie &quot;Conociendo al Padre Eust\u00e1quio&quot; - Padre Eust\u00e1quio","robots":{"index":"index","follow":"follow","max-snippet":"max-snippet:-1","max-image-preview":"max-image-preview:large","max-video-preview":"max-video-preview:-1"},"canonical":"https:\/\/www.padreeustaquio.com.br\/es\/el-museo-de-porto-alegre-sao-paulo-llega-al-episodio-27-de-la-serie-conociendo-al-padre-eustaquio\/","og_locale":"es_ES","og_type":"article","og_title":"Museu de Po\u00e1-SP chega ao 27\u00ba epis\u00f3dio da s\u00e9rie \"Conhecendo Padre Eust\u00e1quio\" - Padre Eust\u00e1quio","og_description":"Desde que o per\u00edodo de isolamento social come\u00e7ou, por causa da pandemia do Coronav\u00edrus, o Museu Padre Eust\u00e1quio, localizado em Po\u00e1, na grande S\u00e3o Paulo, tem produzido podcasts (uma esp\u00e9cie de pequenos programas de r\u00e1dio) contando a vida do Bem-Aventurado. Produzido pela equipe do museu e coordenado por Delcimar Ferreira, o podcast &#8220;Conhecendo Padre Eust\u00e1quio&#8221; chega ao seu 27\u00ba epis\u00f3dio e j\u00e1 est\u00e1 na sua segunda temporada. Esta semana,\u00a0\u00e9 poss\u00edvel ouvir mais um caso de uma pessoa que relata ter sido curada ap\u00f3s a b\u00ean\u00e7\u00e3o dada por Padre Eust\u00e1quio. &#8220;Helena Lobosque, moradora do Br\u00e1s, na capital tinha uma doen\u00e7a de [&hellip;]","og_url":"https:\/\/www.padreeustaquio.com.br\/es\/el-museo-de-porto-alegre-sao-paulo-llega-al-episodio-27-de-la-serie-conociendo-al-padre-eustaquio\/","og_site_name":"Padre Eust\u00e1quio","article_publisher":"https:\/\/www.facebook.com\/beatopadreeustaquio\/","article_published_time":"2020-10-15T13:48:06+00:00","og_image":[{"width":800,"height":530,"url":"https:\/\/www.padreeustaquio.com.br\/wp-content\/uploads\/2020\/10\/podcast-02.jpg","type":"image\/jpeg"}],"author":"@sscc","twitter_card":"summary_large_image","twitter_creator":"@beatopeustaquio","twitter_site":"@beatopeustaquio","twitter_misc":{"Escrito por":"@sscc","Tiempo de lectura":"2 minutos"},"schema":{"@context":"https:\/\/schema.org","@graph":[{"@type":"Article","@id":"https:\/\/www.padreeustaquio.com.br\/museu-de-poa-sp-chega-ao-27o-episodio-da-serie-conhecendo-padre-eustaquio\/#article","isPartOf":{"@id":"https:\/\/www.padreeustaquio.com.br\/museu-de-poa-sp-chega-ao-27o-episodio-da-serie-conhecendo-padre-eustaquio\/"},"author":{"name":"@sscc","@id":"https:\/\/www.padreeustaquio.com.br\/#\/schema\/person\/a2a51db1d00f1a7af0204a0f1ddb1566"},"headline":"Museu de Po\u00e1-SP chega ao 27\u00ba epis\u00f3dio da s\u00e9rie &#8220;Conhecendo Padre Eust\u00e1quio&#8221;","datePublished":"2020-10-15T13:48:06+00:00","mainEntityOfPage":{"@id":"https:\/\/www.padreeustaquio.com.br\/museu-de-poa-sp-chega-ao-27o-episodio-da-serie-conhecendo-padre-eustaquio\/"},"wordCount":386,"commentCount":0,"publisher":{"@id":"https:\/\/www.padreeustaquio.com.br\/#organization"},"image":{"@id":"https:\/\/www.padreeustaquio.com.br\/museu-de-poa-sp-chega-ao-27o-episodio-da-serie-conhecendo-padre-eustaquio\/#primaryimage"},"thumbnailUrl":"https:\/\/www.padreeustaquio.com.br\/wp-content\/uploads\/2020\/10\/podcast-02.jpg","articleSection":["Not\u00edcias"],"inLanguage":"es","potentialAction":[{"@type":"CommentAction","name":"Comment","target":["https:\/\/www.padreeustaquio.com.br\/museu-de-poa-sp-chega-ao-27o-episodio-da-serie-conhecendo-padre-eustaquio\/#respond"]}]},{"@type":"WebPage","@id":"https:\/\/www.padreeustaquio.com.br\/museu-de-poa-sp-chega-ao-27o-episodio-da-serie-conhecendo-padre-eustaquio\/","url":"https:\/\/www.padreeustaquio.com.br\/museu-de-poa-sp-chega-ao-27o-episodio-da-serie-conhecendo-padre-eustaquio\/","name":"El Museo Po\u00e1-SP llega al episodio 27 de la serie &quot;Conociendo al Padre Eust\u00e1quio&quot; - Padre Eust\u00e1quio","isPartOf":{"@id":"https:\/\/www.padreeustaquio.com.br\/#website"},"primaryImageOfPage":{"@id":"https:\/\/www.padreeustaquio.com.br\/museu-de-poa-sp-chega-ao-27o-episodio-da-serie-conhecendo-padre-eustaquio\/#primaryimage"},"image":{"@id":"https:\/\/www.padreeustaquio.com.br\/museu-de-poa-sp-chega-ao-27o-episodio-da-serie-conhecendo-padre-eustaquio\/#primaryimage"},"thumbnailUrl":"https:\/\/www.padreeustaquio.com.br\/wp-content\/uploads\/2020\/10\/podcast-02.jpg","datePublished":"2020-10-15T13:48:06+00:00","breadcrumb":{"@id":"https:\/\/www.padreeustaquio.com.br\/museu-de-poa-sp-chega-ao-27o-episodio-da-serie-conhecendo-padre-eustaquio\/#breadcrumb"},"inLanguage":"es","potentialAction":[{"@type":"ReadAction","target":["https:\/\/www.padreeustaquio.com.br\/museu-de-poa-sp-chega-ao-27o-episodio-da-serie-conhecendo-padre-eustaquio\/"]}]},{"@type":"ImageObject","inLanguage":"es","@id":"https:\/\/www.padreeustaquio.com.br\/museu-de-poa-sp-chega-ao-27o-episodio-da-serie-conhecendo-padre-eustaquio\/#primaryimage","url":"https:\/\/www.padreeustaquio.com.br\/wp-content\/uploads\/2020\/10\/podcast-02.jpg","contentUrl":"https:\/\/www.padreeustaquio.com.br\/wp-content\/uploads\/2020\/10\/podcast-02.jpg","width":800,"height":530},{"@type":"BreadcrumbList","@id":"https:\/\/www.padreeustaquio.com.br\/museu-de-poa-sp-chega-ao-27o-episodio-da-serie-conhecendo-padre-eustaquio\/#breadcrumb","itemListElement":[{"@type":"ListItem","position":1,"name":"In\u00edcio","item":"https:\/\/www.padreeustaquio.com.br\/"},{"@type":"ListItem","position":2,"name":"Museu de Po\u00e1-SP chega ao 27\u00ba epis\u00f3dio da s\u00e9rie &#8220;Conhecendo Padre Eust\u00e1quio&#8221;"}]},{"@type":"WebSite","@id":"https:\/\/www.padreeustaquio.com.br\/#website","url":"https:\/\/www.padreeustaquio.com.br\/","name":"Padre Eustace","description":"Salud y Paz","publisher":{"@id":"https:\/\/www.padreeustaquio.com.br\/#organization"},"potentialAction":[{"@type":"SearchAction","target":{"@type":"EntryPoint","urlTemplate":"https:\/\/www.padreeustaquio.com.br\/?s={search_term_string}"},"query-input":{"@type":"PropertyValueSpecification","valueRequired":true,"valueName":"search_term_string"}}],"inLanguage":"es"},{"@type":"Organization","@id":"https:\/\/www.padreeustaquio.com.br\/#organization","name":"Padre Eustace","url":"https:\/\/www.padreeustaquio.com.br\/","logo":{"@type":"ImageObject","inLanguage":"es","@id":"https:\/\/www.padreeustaquio.com.br\/#\/schema\/logo\/image\/","url":"https:\/\/www.padreeustaquio.com.br\/wp-content\/uploads\/2019\/08\/marca.png","contentUrl":"https:\/\/www.padreeustaquio.com.br\/wp-content\/uploads\/2019\/08\/marca.png","width":350,"height":400,"caption":"Padre Eust\u00e1quio"},"image":{"@id":"https:\/\/www.padreeustaquio.com.br\/#\/schema\/logo\/image\/"},"sameAs":["https:\/\/www.facebook.com\/beatopadreeustaquio\/","https:\/\/x.com\/beatopeustaquio","https:\/\/www.instagram.com\/beatopadreeustaquio\/","https:\/\/www.youtube.com\/channel\/UCRhw7vfabnajwLxb1ZXMeIw"]},{"@type":"Person","@id":"https:\/\/www.padreeustaquio.com.br\/#\/schema\/person\/a2a51db1d00f1a7af0204a0f1ddb1566","name":"@sscc","image":{"@type":"ImageObject","inLanguage":"es","@id":"https:\/\/secure.gravatar.com\/avatar\/68cfafa5f44617fea54071e215026e0ff06be366c3d54a8425f04fdcb86f8c5f?s=96&d=mm&r=g","url":"https:\/\/secure.gravatar.com\/avatar\/68cfafa5f44617fea54071e215026e0ff06be366c3d54a8425f04fdcb86f8c5f?s=96&d=mm&r=g","contentUrl":"https:\/\/secure.gravatar.com\/avatar\/68cfafa5f44617fea54071e215026e0ff06be366c3d54a8425f04fdcb86f8c5f?s=96&d=mm&r=g","caption":"@sscc"},"url":"https:\/\/www.padreeustaquio.com.br\/es\/author\/sscc\/"}]}},"_links":{"self":[{"href":"https:\/\/www.padreeustaquio.com.br\/es\/wp-json\/wp\/v2\/posts\/4667","targetHints":{"allow":["GET"]}}],"collection":[{"href":"https:\/\/www.padreeustaquio.com.br\/es\/wp-json\/wp\/v2\/posts"}],"about":[{"href":"https:\/\/www.padreeustaquio.com.br\/es\/wp-json\/wp\/v2\/types\/post"}],"author":[{"embeddable":true,"href":"https:\/\/www.padreeustaquio.com.br\/es\/wp-json\/wp\/v2\/users\/2"}],"replies":[{"embeddable":true,"href":"https:\/\/www.padreeustaquio.com.br\/es\/wp-json\/wp\/v2\/comments?post=4667"}],"version-history":[{"count":0,"href":"https:\/\/www.padreeustaquio.com.br\/es\/wp-json\/wp\/v2\/posts\/4667\/revisions"}],"wp:featuredmedia":[{"embeddable":true,"href":"https:\/\/www.padreeustaquio.com.br\/es\/wp-json\/wp\/v2\/media\/4668"}],"wp:attachment":[{"href":"https:\/\/www.padreeustaquio.com.br\/es\/wp-json\/wp\/v2\/media?parent=4667"}],"wp:term":[{"taxonomy":"category","embeddable":true,"href":"https:\/\/www.padreeustaquio.com.br\/es\/wp-json\/wp\/v2\/categories?post=4667"},{"taxonomy":"post_tag","embeddable":true,"href":"https:\/\/www.padreeustaquio.com.br\/es\/wp-json\/wp\/v2\/tags?post=4667"}],"curies":[{"name":"wp","href":"https:\/\/api.w.org\/{rel}","templated":true}]}}