{"id":4656,"date":"2020-10-10T18:27:17","date_gmt":"2020-10-10T21:27:17","guid":{"rendered":"https:\/\/www.padreeustaquio.com.br\/?p=4656"},"modified":"2020-10-10T18:27:17","modified_gmt":"2020-10-10T21:27:17","slug":"el-diacono-armin-sera-ordenado-sacerdote-este-domingo","status":"publish","type":"post","link":"https:\/\/www.padreeustaquio.com.br\/es\/el-diacono-armin-sera-ordenado-sacerdote-este-domingo\/","title":{"rendered":"El di\u00e1cono Armin ser\u00e1 ordenado sacerdote este domingo."},"content":{"rendered":"<p>El di\u00e1cono Hugo Arm\u00edn P\u00e9rez D\u00edaz, hermano de la Congregaci\u00f3n de los Sagrados Corazones, ser\u00e1 ordenado sacerdote este domingo 11 de octubre. La celebraci\u00f3n estar\u00e1 presidida por Dom Luiz Mancilha Vilela, Arzobispo Em\u00e9rito de Vit\u00f3ria, Esp\u00edrito Santo.<\/p>\n<p>La ceremonia, prevista para las 10:00 horas, ser\u00e1 transmitida en vivo por el Canal de YouTube del Padre Eust\u00e1quio y contar\u00e1 con la presencia de varios hermanos y hermanas de la Congregaci\u00f3n.<\/p>\n<p>HERMANO ARMIN P\u00c9REZ<\/p>\n<p>El Hermano Hugo Arm\u00edn P\u00e9rez D\u00edaz naci\u00f3 en Paraguay en 1987 en la ciudad de San Juan Bautista de \u00d1eembuc\u00fa. Es el sexto de siete hijos de Margarita D\u00edaz y Mirope P\u00e9rez. Ingres\u00f3 a la Congregaci\u00f3n en enero de 2010. Complet\u00f3 su Noviciado en Chile en 2013 y profes\u00f3 sus primeros votos el 10 de enero de 2014. Continu\u00f3 su formaci\u00f3n en la Comunidad Internacional de Hermanos Profesos en Santiago de Chile. En 2016, complet\u00f3 un a\u00f1o pastoral en Presidente Franco, Paraguay, donde el 10 de mayo de 2019, profes\u00f3 sus votos perpetuos en la Congregaci\u00f3n de los Sagrados Corazones. El 18 de diciembre de 2019, fue ordenado di\u00e1cono en la comunidad de Santa Catalina de Sena en Paraguay. En los \u00faltimos meses, ha estado experimentando la cuarta etapa de su formaci\u00f3n en la Comunidad Padre Eustaquio en Belo Horizonte.<\/p>","protected":false},"excerpt":{"rendered":"<p>O di\u00e1cono Hugo Arm\u00edn P\u00e9rez D\u00edaz, irm\u00e3o da Congrega\u00e7\u00e3o dos Sagrados Cora\u00e7\u00f5es ser\u00e1 ordenado presb\u00edtero neste domingo, dia 11 de outubro. A celebra\u00e7\u00e3o ser\u00e1 presidida por Dom Luiz Mancilha Vilela, arcebispo em\u00e9rito de Vit\u00f3ria, Esp\u00edrito Santo. A cerim\u00f4nia, marcada para as 10h da manh\u00e3, ser\u00e1 transmitida ao vivo pelo Canal Padre Eust\u00e1quio do YouTube e contar\u00e1 com a presen\u00e7a de v\u00e1rios irm\u00e3os e irm\u00e3s da Congrega\u00e7\u00e3o. IRM\u00c3O ARMIN P\u00c9REZ O Irm\u00e3o Hugo Arm\u00edn P\u00e9rez D\u00edaz nasceu no Paraguai em 1987 na cidade de San Juan Bautista de \u00d1eembuc\u00fa. Sexto irm\u00e3o entre os sete filhos de Margarita D\u00edaz e Mirope P\u00e9rez. [&hellip;]<\/p>\n","protected":false},"author":2,"featured_media":4657,"comment_status":"open","ping_status":"open","sticky":false,"template":"","format":"standard","meta":{"_acf_changed":false,"footnotes":""},"categories":[611],"tags":[],"class_list":["post-4656","post","type-post","status-publish","format-standard","has-post-thumbnail","hentry","category-noticias"],"acf":[],"yoast_head":"<!-- This site is optimized with the Yoast SEO plugin v27.2 - https:\/\/yoast.com\/product\/yoast-seo-wordpress\/ -->\n<title>Di\u00e1cono Armin ser\u00e1 ordenado presb\u00edtero neste Domingo - Padre Eust\u00e1quio<\/title>\n<meta name=\"robots\" content=\"index, follow, max-snippet:-1, max-image-preview:large, max-video-preview:-1\" \/>\n<link rel=\"canonical\" href=\"https:\/\/www.padreeustaquio.com.br\/es\/el-diacono-armin-sera-ordenado-sacerdote-este-domingo\/\" \/>\n<meta property=\"og:locale\" content=\"es_ES\" \/>\n<meta property=\"og:type\" content=\"article\" \/>\n<meta property=\"og:title\" content=\"Di\u00e1cono Armin ser\u00e1 ordenado presb\u00edtero neste Domingo - Padre Eust\u00e1quio\" \/>\n<meta property=\"og:description\" content=\"O di\u00e1cono Hugo Arm\u00edn P\u00e9rez D\u00edaz, irm\u00e3o da Congrega\u00e7\u00e3o dos Sagrados Cora\u00e7\u00f5es ser\u00e1 ordenado presb\u00edtero neste domingo, dia 11 de outubro. A celebra\u00e7\u00e3o ser\u00e1 presidida por Dom Luiz Mancilha Vilela, arcebispo em\u00e9rito de Vit\u00f3ria, Esp\u00edrito Santo. A cerim\u00f4nia, marcada para as 10h da manh\u00e3, ser\u00e1 transmitida ao vivo pelo Canal Padre Eust\u00e1quio do YouTube e contar\u00e1 com a presen\u00e7a de v\u00e1rios irm\u00e3os e irm\u00e3s da Congrega\u00e7\u00e3o. IRM\u00c3O ARMIN P\u00c9REZ O Irm\u00e3o Hugo Arm\u00edn P\u00e9rez D\u00edaz nasceu no Paraguai em 1987 na cidade de San Juan Bautista de \u00d1eembuc\u00fa. Sexto irm\u00e3o entre os sete filhos de Margarita D\u00edaz e Mirope P\u00e9rez. [&hellip;]\" \/>\n<meta property=\"og:url\" content=\"https:\/\/www.padreeustaquio.com.br\/es\/el-diacono-armin-sera-ordenado-sacerdote-este-domingo\/\" \/>\n<meta property=\"og:site_name\" content=\"Padre Eust\u00e1quio\" \/>\n<meta property=\"article:publisher\" content=\"https:\/\/www.facebook.com\/beatopadreeustaquio\/\" \/>\n<meta property=\"article:published_time\" content=\"2020-10-10T21:27:17+00:00\" \/>\n<meta property=\"og:image\" content=\"https:\/\/www.padreeustaquio.com.br\/wp-content\/uploads\/2020\/10\/53A9EF78-7358-4C11-9449-CC3076FD79C6.jpeg\" \/>\n\t<meta property=\"og:image:width\" content=\"1280\" \/>\n\t<meta property=\"og:image:height\" content=\"853\" \/>\n\t<meta property=\"og:image:type\" content=\"image\/jpeg\" \/>\n<meta name=\"author\" content=\"@sscc\" \/>\n<meta name=\"twitter:card\" content=\"summary_large_image\" \/>\n<meta name=\"twitter:creator\" content=\"@beatopeustaquio\" \/>\n<meta name=\"twitter:site\" content=\"@beatopeustaquio\" \/>\n<meta name=\"twitter:label1\" content=\"Escrito por\" \/>\n\t<meta name=\"twitter:data1\" content=\"@sscc\" \/>\n\t<meta name=\"twitter:label2\" content=\"Tiempo de lectura\" \/>\n\t<meta name=\"twitter:data2\" content=\"1 minuto\" \/>\n<script type=\"application\/ld+json\" class=\"yoast-schema-graph\">{\"@context\":\"https:\/\/schema.org\",\"@graph\":[{\"@type\":\"Article\",\"@id\":\"https:\/\/www.padreeustaquio.com.br\/diacono-armin-sera-ordenado-presbitero-neste-domingo\/#article\",\"isPartOf\":{\"@id\":\"https:\/\/www.padreeustaquio.com.br\/diacono-armin-sera-ordenado-presbitero-neste-domingo\/\"},\"author\":{\"name\":\"@sscc\",\"@id\":\"https:\/\/www.padreeustaquio.com.br\/#\/schema\/person\/a2a51db1d00f1a7af0204a0f1ddb1566\"},\"headline\":\"Di\u00e1cono Armin ser\u00e1 ordenado presb\u00edtero neste Domingo\",\"datePublished\":\"2020-10-10T21:27:17+00:00\",\"mainEntityOfPage\":{\"@id\":\"https:\/\/www.padreeustaquio.com.br\/diacono-armin-sera-ordenado-presbitero-neste-domingo\/\"},\"wordCount\":234,\"commentCount\":0,\"publisher\":{\"@id\":\"https:\/\/www.padreeustaquio.com.br\/#organization\"},\"image\":{\"@id\":\"https:\/\/www.padreeustaquio.com.br\/diacono-armin-sera-ordenado-presbitero-neste-domingo\/#primaryimage\"},\"thumbnailUrl\":\"https:\/\/www.padreeustaquio.com.br\/wp-content\/uploads\/2020\/10\/53A9EF78-7358-4C11-9449-CC3076FD79C6.jpeg\",\"articleSection\":[\"Not\u00edcias\"],\"inLanguage\":\"es\",\"potentialAction\":[{\"@type\":\"CommentAction\",\"name\":\"Comment\",\"target\":[\"https:\/\/www.padreeustaquio.com.br\/diacono-armin-sera-ordenado-presbitero-neste-domingo\/#respond\"]}]},{\"@type\":\"WebPage\",\"@id\":\"https:\/\/www.padreeustaquio.com.br\/diacono-armin-sera-ordenado-presbitero-neste-domingo\/\",\"url\":\"https:\/\/www.padreeustaquio.com.br\/diacono-armin-sera-ordenado-presbitero-neste-domingo\/\",\"name\":\"Di\u00e1cono Armin ser\u00e1 ordenado presb\u00edtero neste Domingo - Padre Eust\u00e1quio\",\"isPartOf\":{\"@id\":\"https:\/\/www.padreeustaquio.com.br\/#website\"},\"primaryImageOfPage\":{\"@id\":\"https:\/\/www.padreeustaquio.com.br\/diacono-armin-sera-ordenado-presbitero-neste-domingo\/#primaryimage\"},\"image\":{\"@id\":\"https:\/\/www.padreeustaquio.com.br\/diacono-armin-sera-ordenado-presbitero-neste-domingo\/#primaryimage\"},\"thumbnailUrl\":\"https:\/\/www.padreeustaquio.com.br\/wp-content\/uploads\/2020\/10\/53A9EF78-7358-4C11-9449-CC3076FD79C6.jpeg\",\"datePublished\":\"2020-10-10T21:27:17+00:00\",\"breadcrumb\":{\"@id\":\"https:\/\/www.padreeustaquio.com.br\/diacono-armin-sera-ordenado-presbitero-neste-domingo\/#breadcrumb\"},\"inLanguage\":\"es\",\"potentialAction\":[{\"@type\":\"ReadAction\",\"target\":[\"https:\/\/www.padreeustaquio.com.br\/diacono-armin-sera-ordenado-presbitero-neste-domingo\/\"]}]},{\"@type\":\"ImageObject\",\"inLanguage\":\"es\",\"@id\":\"https:\/\/www.padreeustaquio.com.br\/diacono-armin-sera-ordenado-presbitero-neste-domingo\/#primaryimage\",\"url\":\"https:\/\/www.padreeustaquio.com.br\/wp-content\/uploads\/2020\/10\/53A9EF78-7358-4C11-9449-CC3076FD79C6.jpeg\",\"contentUrl\":\"https:\/\/www.padreeustaquio.com.br\/wp-content\/uploads\/2020\/10\/53A9EF78-7358-4C11-9449-CC3076FD79C6.jpeg\",\"width\":1280,\"height\":853},{\"@type\":\"BreadcrumbList\",\"@id\":\"https:\/\/www.padreeustaquio.com.br\/diacono-armin-sera-ordenado-presbitero-neste-domingo\/#breadcrumb\",\"itemListElement\":[{\"@type\":\"ListItem\",\"position\":1,\"name\":\"In\u00edcio\",\"item\":\"https:\/\/www.padreeustaquio.com.br\/\"},{\"@type\":\"ListItem\",\"position\":2,\"name\":\"Di\u00e1cono Armin ser\u00e1 ordenado presb\u00edtero neste Domingo\"}]},{\"@type\":\"WebSite\",\"@id\":\"https:\/\/www.padreeustaquio.com.br\/#website\",\"url\":\"https:\/\/www.padreeustaquio.com.br\/\",\"name\":\"Padre Eust\u00e1quio\",\"description\":\"Sa\u00fade e Paz\",\"publisher\":{\"@id\":\"https:\/\/www.padreeustaquio.com.br\/#organization\"},\"potentialAction\":[{\"@type\":\"SearchAction\",\"target\":{\"@type\":\"EntryPoint\",\"urlTemplate\":\"https:\/\/www.padreeustaquio.com.br\/?s={search_term_string}\"},\"query-input\":{\"@type\":\"PropertyValueSpecification\",\"valueRequired\":true,\"valueName\":\"search_term_string\"}}],\"inLanguage\":\"es\"},{\"@type\":\"Organization\",\"@id\":\"https:\/\/www.padreeustaquio.com.br\/#organization\",\"name\":\"Padre Eust\u00e1quio\",\"url\":\"https:\/\/www.padreeustaquio.com.br\/\",\"logo\":{\"@type\":\"ImageObject\",\"inLanguage\":\"es\",\"@id\":\"https:\/\/www.padreeustaquio.com.br\/#\/schema\/logo\/image\/\",\"url\":\"https:\/\/www.padreeustaquio.com.br\/wp-content\/uploads\/2019\/08\/marca.png\",\"contentUrl\":\"https:\/\/www.padreeustaquio.com.br\/wp-content\/uploads\/2019\/08\/marca.png\",\"width\":350,\"height\":400,\"caption\":\"Padre Eust\u00e1quio\"},\"image\":{\"@id\":\"https:\/\/www.padreeustaquio.com.br\/#\/schema\/logo\/image\/\"},\"sameAs\":[\"https:\/\/www.facebook.com\/beatopadreeustaquio\/\",\"https:\/\/x.com\/beatopeustaquio\",\"https:\/\/www.instagram.com\/beatopadreeustaquio\/\",\"https:\/\/www.youtube.com\/channel\/UCRhw7vfabnajwLxb1ZXMeIw\"]},{\"@type\":\"Person\",\"@id\":\"https:\/\/www.padreeustaquio.com.br\/#\/schema\/person\/a2a51db1d00f1a7af0204a0f1ddb1566\",\"name\":\"@sscc\",\"image\":{\"@type\":\"ImageObject\",\"inLanguage\":\"es\",\"@id\":\"https:\/\/secure.gravatar.com\/avatar\/68cfafa5f44617fea54071e215026e0ff06be366c3d54a8425f04fdcb86f8c5f?s=96&d=mm&r=g\",\"url\":\"https:\/\/secure.gravatar.com\/avatar\/68cfafa5f44617fea54071e215026e0ff06be366c3d54a8425f04fdcb86f8c5f?s=96&d=mm&r=g\",\"contentUrl\":\"https:\/\/secure.gravatar.com\/avatar\/68cfafa5f44617fea54071e215026e0ff06be366c3d54a8425f04fdcb86f8c5f?s=96&d=mm&r=g\",\"caption\":\"@sscc\"},\"url\":\"https:\/\/www.padreeustaquio.com.br\/es\/author\/sscc\/\"}]}<\/script>\n<!-- \/ Yoast SEO plugin. -->","yoast_head_json":{"title":"El di\u00e1cono Armin ser\u00e1 ordenado sacerdote este domingo - Padre Eust\u00e1quio","robots":{"index":"index","follow":"follow","max-snippet":"max-snippet:-1","max-image-preview":"max-image-preview:large","max-video-preview":"max-video-preview:-1"},"canonical":"https:\/\/www.padreeustaquio.com.br\/es\/el-diacono-armin-sera-ordenado-sacerdote-este-domingo\/","og_locale":"es_ES","og_type":"article","og_title":"Di\u00e1cono Armin ser\u00e1 ordenado presb\u00edtero neste Domingo - Padre Eust\u00e1quio","og_description":"O di\u00e1cono Hugo Arm\u00edn P\u00e9rez D\u00edaz, irm\u00e3o da Congrega\u00e7\u00e3o dos Sagrados Cora\u00e7\u00f5es ser\u00e1 ordenado presb\u00edtero neste domingo, dia 11 de outubro. A celebra\u00e7\u00e3o ser\u00e1 presidida por Dom Luiz Mancilha Vilela, arcebispo em\u00e9rito de Vit\u00f3ria, Esp\u00edrito Santo. A cerim\u00f4nia, marcada para as 10h da manh\u00e3, ser\u00e1 transmitida ao vivo pelo Canal Padre Eust\u00e1quio do YouTube e contar\u00e1 com a presen\u00e7a de v\u00e1rios irm\u00e3os e irm\u00e3s da Congrega\u00e7\u00e3o. IRM\u00c3O ARMIN P\u00c9REZ O Irm\u00e3o Hugo Arm\u00edn P\u00e9rez D\u00edaz nasceu no Paraguai em 1987 na cidade de San Juan Bautista de \u00d1eembuc\u00fa. Sexto irm\u00e3o entre os sete filhos de Margarita D\u00edaz e Mirope P\u00e9rez. [&hellip;]","og_url":"https:\/\/www.padreeustaquio.com.br\/es\/el-diacono-armin-sera-ordenado-sacerdote-este-domingo\/","og_site_name":"Padre Eust\u00e1quio","article_publisher":"https:\/\/www.facebook.com\/beatopadreeustaquio\/","article_published_time":"2020-10-10T21:27:17+00:00","og_image":[{"width":1280,"height":853,"url":"https:\/\/www.padreeustaquio.com.br\/wp-content\/uploads\/2020\/10\/53A9EF78-7358-4C11-9449-CC3076FD79C6.jpeg","type":"image\/jpeg"}],"author":"@sscc","twitter_card":"summary_large_image","twitter_creator":"@beatopeustaquio","twitter_site":"@beatopeustaquio","twitter_misc":{"Escrito por":"@sscc","Tiempo de lectura":"1 minuto"},"schema":{"@context":"https:\/\/schema.org","@graph":[{"@type":"Article","@id":"https:\/\/www.padreeustaquio.com.br\/diacono-armin-sera-ordenado-presbitero-neste-domingo\/#article","isPartOf":{"@id":"https:\/\/www.padreeustaquio.com.br\/diacono-armin-sera-ordenado-presbitero-neste-domingo\/"},"author":{"name":"@sscc","@id":"https:\/\/www.padreeustaquio.com.br\/#\/schema\/person\/a2a51db1d00f1a7af0204a0f1ddb1566"},"headline":"Di\u00e1cono Armin ser\u00e1 ordenado presb\u00edtero neste Domingo","datePublished":"2020-10-10T21:27:17+00:00","mainEntityOfPage":{"@id":"https:\/\/www.padreeustaquio.com.br\/diacono-armin-sera-ordenado-presbitero-neste-domingo\/"},"wordCount":234,"commentCount":0,"publisher":{"@id":"https:\/\/www.padreeustaquio.com.br\/#organization"},"image":{"@id":"https:\/\/www.padreeustaquio.com.br\/diacono-armin-sera-ordenado-presbitero-neste-domingo\/#primaryimage"},"thumbnailUrl":"https:\/\/www.padreeustaquio.com.br\/wp-content\/uploads\/2020\/10\/53A9EF78-7358-4C11-9449-CC3076FD79C6.jpeg","articleSection":["Not\u00edcias"],"inLanguage":"es","potentialAction":[{"@type":"CommentAction","name":"Comment","target":["https:\/\/www.padreeustaquio.com.br\/diacono-armin-sera-ordenado-presbitero-neste-domingo\/#respond"]}]},{"@type":"WebPage","@id":"https:\/\/www.padreeustaquio.com.br\/diacono-armin-sera-ordenado-presbitero-neste-domingo\/","url":"https:\/\/www.padreeustaquio.com.br\/diacono-armin-sera-ordenado-presbitero-neste-domingo\/","name":"El di\u00e1cono Armin ser\u00e1 ordenado sacerdote este domingo - Padre Eust\u00e1quio","isPartOf":{"@id":"https:\/\/www.padreeustaquio.com.br\/#website"},"primaryImageOfPage":{"@id":"https:\/\/www.padreeustaquio.com.br\/diacono-armin-sera-ordenado-presbitero-neste-domingo\/#primaryimage"},"image":{"@id":"https:\/\/www.padreeustaquio.com.br\/diacono-armin-sera-ordenado-presbitero-neste-domingo\/#primaryimage"},"thumbnailUrl":"https:\/\/www.padreeustaquio.com.br\/wp-content\/uploads\/2020\/10\/53A9EF78-7358-4C11-9449-CC3076FD79C6.jpeg","datePublished":"2020-10-10T21:27:17+00:00","breadcrumb":{"@id":"https:\/\/www.padreeustaquio.com.br\/diacono-armin-sera-ordenado-presbitero-neste-domingo\/#breadcrumb"},"inLanguage":"es","potentialAction":[{"@type":"ReadAction","target":["https:\/\/www.padreeustaquio.com.br\/diacono-armin-sera-ordenado-presbitero-neste-domingo\/"]}]},{"@type":"ImageObject","inLanguage":"es","@id":"https:\/\/www.padreeustaquio.com.br\/diacono-armin-sera-ordenado-presbitero-neste-domingo\/#primaryimage","url":"https:\/\/www.padreeustaquio.com.br\/wp-content\/uploads\/2020\/10\/53A9EF78-7358-4C11-9449-CC3076FD79C6.jpeg","contentUrl":"https:\/\/www.padreeustaquio.com.br\/wp-content\/uploads\/2020\/10\/53A9EF78-7358-4C11-9449-CC3076FD79C6.jpeg","width":1280,"height":853},{"@type":"BreadcrumbList","@id":"https:\/\/www.padreeustaquio.com.br\/diacono-armin-sera-ordenado-presbitero-neste-domingo\/#breadcrumb","itemListElement":[{"@type":"ListItem","position":1,"name":"In\u00edcio","item":"https:\/\/www.padreeustaquio.com.br\/"},{"@type":"ListItem","position":2,"name":"Di\u00e1cono Armin ser\u00e1 ordenado presb\u00edtero neste Domingo"}]},{"@type":"WebSite","@id":"https:\/\/www.padreeustaquio.com.br\/#website","url":"https:\/\/www.padreeustaquio.com.br\/","name":"Padre Eustace","description":"Salud y Paz","publisher":{"@id":"https:\/\/www.padreeustaquio.com.br\/#organization"},"potentialAction":[{"@type":"SearchAction","target":{"@type":"EntryPoint","urlTemplate":"https:\/\/www.padreeustaquio.com.br\/?s={search_term_string}"},"query-input":{"@type":"PropertyValueSpecification","valueRequired":true,"valueName":"search_term_string"}}],"inLanguage":"es"},{"@type":"Organization","@id":"https:\/\/www.padreeustaquio.com.br\/#organization","name":"Padre Eustace","url":"https:\/\/www.padreeustaquio.com.br\/","logo":{"@type":"ImageObject","inLanguage":"es","@id":"https:\/\/www.padreeustaquio.com.br\/#\/schema\/logo\/image\/","url":"https:\/\/www.padreeustaquio.com.br\/wp-content\/uploads\/2019\/08\/marca.png","contentUrl":"https:\/\/www.padreeustaquio.com.br\/wp-content\/uploads\/2019\/08\/marca.png","width":350,"height":400,"caption":"Padre Eust\u00e1quio"},"image":{"@id":"https:\/\/www.padreeustaquio.com.br\/#\/schema\/logo\/image\/"},"sameAs":["https:\/\/www.facebook.com\/beatopadreeustaquio\/","https:\/\/x.com\/beatopeustaquio","https:\/\/www.instagram.com\/beatopadreeustaquio\/","https:\/\/www.youtube.com\/channel\/UCRhw7vfabnajwLxb1ZXMeIw"]},{"@type":"Person","@id":"https:\/\/www.padreeustaquio.com.br\/#\/schema\/person\/a2a51db1d00f1a7af0204a0f1ddb1566","name":"@sscc","image":{"@type":"ImageObject","inLanguage":"es","@id":"https:\/\/secure.gravatar.com\/avatar\/68cfafa5f44617fea54071e215026e0ff06be366c3d54a8425f04fdcb86f8c5f?s=96&d=mm&r=g","url":"https:\/\/secure.gravatar.com\/avatar\/68cfafa5f44617fea54071e215026e0ff06be366c3d54a8425f04fdcb86f8c5f?s=96&d=mm&r=g","contentUrl":"https:\/\/secure.gravatar.com\/avatar\/68cfafa5f44617fea54071e215026e0ff06be366c3d54a8425f04fdcb86f8c5f?s=96&d=mm&r=g","caption":"@sscc"},"url":"https:\/\/www.padreeustaquio.com.br\/es\/author\/sscc\/"}]}},"_links":{"self":[{"href":"https:\/\/www.padreeustaquio.com.br\/es\/wp-json\/wp\/v2\/posts\/4656","targetHints":{"allow":["GET"]}}],"collection":[{"href":"https:\/\/www.padreeustaquio.com.br\/es\/wp-json\/wp\/v2\/posts"}],"about":[{"href":"https:\/\/www.padreeustaquio.com.br\/es\/wp-json\/wp\/v2\/types\/post"}],"author":[{"embeddable":true,"href":"https:\/\/www.padreeustaquio.com.br\/es\/wp-json\/wp\/v2\/users\/2"}],"replies":[{"embeddable":true,"href":"https:\/\/www.padreeustaquio.com.br\/es\/wp-json\/wp\/v2\/comments?post=4656"}],"version-history":[{"count":0,"href":"https:\/\/www.padreeustaquio.com.br\/es\/wp-json\/wp\/v2\/posts\/4656\/revisions"}],"wp:featuredmedia":[{"embeddable":true,"href":"https:\/\/www.padreeustaquio.com.br\/es\/wp-json\/wp\/v2\/media\/4657"}],"wp:attachment":[{"href":"https:\/\/www.padreeustaquio.com.br\/es\/wp-json\/wp\/v2\/media?parent=4656"}],"wp:term":[{"taxonomy":"category","embeddable":true,"href":"https:\/\/www.padreeustaquio.com.br\/es\/wp-json\/wp\/v2\/categories?post=4656"},{"taxonomy":"post_tag","embeddable":true,"href":"https:\/\/www.padreeustaquio.com.br\/es\/wp-json\/wp\/v2\/tags?post=4656"}],"curies":[{"name":"wp","href":"https:\/\/api.w.org\/{rel}","templated":true}]}}