{"id":4642,"date":"2020-10-02T10:11:12","date_gmt":"2020-10-02T13:11:12","guid":{"rendered":"https:\/\/www.padreeustaquio.com.br\/?p=4642"},"modified":"2020-10-02T11:32:07","modified_gmt":"2020-10-02T14:32:07","slug":"los-bautismos-se-estan-celebrando-nuevamente-en-la-iglesia-del-padre-eustaquio","status":"publish","type":"post","link":"https:\/\/www.padreeustaquio.com.br\/es\/los-bautismos-se-estan-celebrando-nuevamente-en-la-iglesia-del-padre-eustaquio\/","title":{"rendered":"En la iglesia del Padre Eust\u00e1quio se realizan nuevamente los bautismos."},"content":{"rendered":"<p>Despu\u00e9s de seis meses sin realizar los ritos bautismales debido a la pandemia, el Santuario \u201cSalud y Paz\u201d, conocido como la iglesia del Padre Eust\u00e1quio, en Belo Horizonte, incluy\u00f3 la celebraci\u00f3n del sacramento en la rutina semanal del templo.<\/p>\n<p>El domingo pasado, se bautizaron tres ni\u00f1os. Con un n\u00famero limitado de personas presentes, se les tom\u00f3 la temperatura a los participantes y se les desinfectaron los zapatos y las manos. En una banca se sentaron los padres y el ni\u00f1o, y junto a ellos, en otra, los padrinos. Los invitados de cada ni\u00f1o que se bautizaba se sentaron en las otras bancas, marcadas para mantener el distanciamiento social.<\/p>\n<p>La se\u00f1al de la cruz, que normalmente hacen los padres, padrinos y el sacerdote, fue realizada \u00fanicamente por el padre y la madre de cada ni\u00f1o. Se evitaron algunas partes, complementarias al rito del bautismo, en las que las personas se acercaban. Solo cuando el sacerdote vert\u00eda el agua sobre la cabeza del ni\u00f1o, se permit\u00eda a los padres y padrinos acercarse.<\/p>\n<p>Miguel, con tan solo nueve meses, ten\u00eda programado su bautizo para abril, pero la pandemia azot\u00f3 la zona y tuvieron que posponer la ceremonia hasta julio. Debido a las medidas de aislamiento adicionales, la fecha se reprogram\u00f3 para finales de septiembre. Isabel Pacheco, la madre de Miguel, dijo estar ansiosa por bautizarlo: &quot;Entiendo perfectamente las restricciones que enfrentamos durante el bautizo, y para nuestra familia, lo que realmente importa es la fe&quot;, dijo la profesional del turismo.<\/p>\n<p>Para el padre Edmar Oliveira, quien celebr\u00f3 los ritos este domingo, el momento a\u00fan exige cautela, pero hay muchos bautismos por realizar: &quot;Poco a poco estamos retomando todos los sacramentos y organiz\u00e1ndonos para ello. Antes, ten\u00edamos bautismos algunos domingos al mes, \u00a1ahora son todas las semanas!&quot;\u201c<\/p>\n<p>Para m\u00e1s informaci\u00f3n sobre cursos, fechas y restricciones sanitarias, llamar a la Oficina Parroquial: (31) 3462-6557.<\/p>","protected":false},"excerpt":{"rendered":"<p>Depois de seis meses sem realizar os ritos do batismo, por causa da pandemia, o Santu\u00e1rio \u201cSa\u00fade e Paz\u201d, conhecido como igreja do Padre Eust\u00e1quio, em Belo Horizonte, teve a celebra\u00e7\u00e3o do sacramento inclu\u00edda na rotina semanal do templo. No \u00faltimo domingo, tr\u00eas crian\u00e7as foram batizadas. Com n\u00famero restrito de pessoas, os participantes tiveram a temperatura aferida, os cal\u00e7ados e m\u00e3os higienizados. Num dos bancos, os pais e a crian\u00e7a, ao lado, em outro banco os padrinhos. Os convidados de cada batizando se sentaram nos outros bancos marcados com distanciamento. O sinal da Cruz, que normalmente \u00e9 feito pelos pais, [&hellip;]<\/p>\n","protected":false},"author":2,"featured_media":4643,"comment_status":"open","ping_status":"open","sticky":false,"template":"","format":"standard","meta":{"_acf_changed":false,"footnotes":""},"categories":[611],"tags":[],"class_list":["post-4642","post","type-post","status-publish","format-standard","has-post-thumbnail","hentry","category-noticias"],"acf":[],"yoast_head":"<!-- This site is optimized with the Yoast SEO plugin v27.2 - https:\/\/yoast.com\/product\/yoast-seo-wordpress\/ -->\n<title>Batizados voltam a acontecer na igreja do Padre Eust\u00e1quio - Padre Eust\u00e1quio<\/title>\n<meta name=\"robots\" content=\"index, follow, max-snippet:-1, max-image-preview:large, max-video-preview:-1\" \/>\n<link rel=\"canonical\" href=\"https:\/\/www.padreeustaquio.com.br\/es\/los-bautismos-se-estan-celebrando-nuevamente-en-la-iglesia-del-padre-eustaquio\/\" \/>\n<meta property=\"og:locale\" content=\"es_ES\" \/>\n<meta property=\"og:type\" content=\"article\" \/>\n<meta property=\"og:title\" content=\"Batizados voltam a acontecer na igreja do Padre Eust\u00e1quio - Padre Eust\u00e1quio\" \/>\n<meta property=\"og:description\" content=\"Depois de seis meses sem realizar os ritos do batismo, por causa da pandemia, o Santu\u00e1rio \u201cSa\u00fade e Paz\u201d, conhecido como igreja do Padre Eust\u00e1quio, em Belo Horizonte, teve a celebra\u00e7\u00e3o do sacramento inclu\u00edda na rotina semanal do templo. No \u00faltimo domingo, tr\u00eas crian\u00e7as foram batizadas. Com n\u00famero restrito de pessoas, os participantes tiveram a temperatura aferida, os cal\u00e7ados e m\u00e3os higienizados. Num dos bancos, os pais e a crian\u00e7a, ao lado, em outro banco os padrinhos. Os convidados de cada batizando se sentaram nos outros bancos marcados com distanciamento. O sinal da Cruz, que normalmente \u00e9 feito pelos pais, [&hellip;]\" \/>\n<meta property=\"og:url\" content=\"https:\/\/www.padreeustaquio.com.br\/es\/los-bautismos-se-estan-celebrando-nuevamente-en-la-iglesia-del-padre-eustaquio\/\" \/>\n<meta property=\"og:site_name\" content=\"Padre Eust\u00e1quio\" \/>\n<meta property=\"article:publisher\" content=\"https:\/\/www.facebook.com\/beatopadreeustaquio\/\" \/>\n<meta property=\"article:published_time\" content=\"2020-10-02T13:11:12+00:00\" \/>\n<meta property=\"article:modified_time\" content=\"2020-10-02T14:32:07+00:00\" \/>\n<meta property=\"og:image\" content=\"https:\/\/www.padreeustaquio.com.br\/wp-content\/uploads\/2020\/10\/WhatsApp-Image-2020-09-30-at-09.50.23.jpeg\" \/>\n\t<meta property=\"og:image:width\" content=\"667\" \/>\n\t<meta property=\"og:image:height\" content=\"375\" \/>\n\t<meta property=\"og:image:type\" content=\"image\/jpeg\" \/>\n<meta name=\"author\" content=\"@sscc\" \/>\n<meta name=\"twitter:card\" content=\"summary_large_image\" \/>\n<meta name=\"twitter:creator\" content=\"@beatopeustaquio\" \/>\n<meta name=\"twitter:site\" content=\"@beatopeustaquio\" \/>\n<meta name=\"twitter:label1\" content=\"Escrito por\" \/>\n\t<meta name=\"twitter:data1\" content=\"@sscc\" \/>\n\t<meta name=\"twitter:label2\" content=\"Tiempo de lectura\" \/>\n\t<meta name=\"twitter:data2\" content=\"2 minutos\" \/>\n<script type=\"application\/ld+json\" class=\"yoast-schema-graph\">{\"@context\":\"https:\/\/schema.org\",\"@graph\":[{\"@type\":\"Article\",\"@id\":\"https:\/\/www.padreeustaquio.com.br\/batizados-voltam-a-acontecer-na-igreja-do-padre-eustaquio\/#article\",\"isPartOf\":{\"@id\":\"https:\/\/www.padreeustaquio.com.br\/batizados-voltam-a-acontecer-na-igreja-do-padre-eustaquio\/\"},\"author\":{\"name\":\"@sscc\",\"@id\":\"https:\/\/www.padreeustaquio.com.br\/#\/schema\/person\/a2a51db1d00f1a7af0204a0f1ddb1566\"},\"headline\":\"Batizados voltam a acontecer na igreja do Padre Eust\u00e1quio\",\"datePublished\":\"2020-10-02T13:11:12+00:00\",\"dateModified\":\"2020-10-02T14:32:07+00:00\",\"mainEntityOfPage\":{\"@id\":\"https:\/\/www.padreeustaquio.com.br\/batizados-voltam-a-acontecer-na-igreja-do-padre-eustaquio\/\"},\"wordCount\":328,\"commentCount\":0,\"publisher\":{\"@id\":\"https:\/\/www.padreeustaquio.com.br\/#organization\"},\"image\":{\"@id\":\"https:\/\/www.padreeustaquio.com.br\/batizados-voltam-a-acontecer-na-igreja-do-padre-eustaquio\/#primaryimage\"},\"thumbnailUrl\":\"https:\/\/www.padreeustaquio.com.br\/wp-content\/uploads\/2020\/10\/WhatsApp-Image-2020-09-30-at-09.50.23.jpeg\",\"articleSection\":[\"Not\u00edcias\"],\"inLanguage\":\"es\",\"potentialAction\":[{\"@type\":\"CommentAction\",\"name\":\"Comment\",\"target\":[\"https:\/\/www.padreeustaquio.com.br\/batizados-voltam-a-acontecer-na-igreja-do-padre-eustaquio\/#respond\"]}]},{\"@type\":\"WebPage\",\"@id\":\"https:\/\/www.padreeustaquio.com.br\/batizados-voltam-a-acontecer-na-igreja-do-padre-eustaquio\/\",\"url\":\"https:\/\/www.padreeustaquio.com.br\/batizados-voltam-a-acontecer-na-igreja-do-padre-eustaquio\/\",\"name\":\"Batizados voltam a acontecer na igreja do Padre Eust\u00e1quio - Padre Eust\u00e1quio\",\"isPartOf\":{\"@id\":\"https:\/\/www.padreeustaquio.com.br\/#website\"},\"primaryImageOfPage\":{\"@id\":\"https:\/\/www.padreeustaquio.com.br\/batizados-voltam-a-acontecer-na-igreja-do-padre-eustaquio\/#primaryimage\"},\"image\":{\"@id\":\"https:\/\/www.padreeustaquio.com.br\/batizados-voltam-a-acontecer-na-igreja-do-padre-eustaquio\/#primaryimage\"},\"thumbnailUrl\":\"https:\/\/www.padreeustaquio.com.br\/wp-content\/uploads\/2020\/10\/WhatsApp-Image-2020-09-30-at-09.50.23.jpeg\",\"datePublished\":\"2020-10-02T13:11:12+00:00\",\"dateModified\":\"2020-10-02T14:32:07+00:00\",\"breadcrumb\":{\"@id\":\"https:\/\/www.padreeustaquio.com.br\/batizados-voltam-a-acontecer-na-igreja-do-padre-eustaquio\/#breadcrumb\"},\"inLanguage\":\"es\",\"potentialAction\":[{\"@type\":\"ReadAction\",\"target\":[\"https:\/\/www.padreeustaquio.com.br\/batizados-voltam-a-acontecer-na-igreja-do-padre-eustaquio\/\"]}]},{\"@type\":\"ImageObject\",\"inLanguage\":\"es\",\"@id\":\"https:\/\/www.padreeustaquio.com.br\/batizados-voltam-a-acontecer-na-igreja-do-padre-eustaquio\/#primaryimage\",\"url\":\"https:\/\/www.padreeustaquio.com.br\/wp-content\/uploads\/2020\/10\/WhatsApp-Image-2020-09-30-at-09.50.23.jpeg\",\"contentUrl\":\"https:\/\/www.padreeustaquio.com.br\/wp-content\/uploads\/2020\/10\/WhatsApp-Image-2020-09-30-at-09.50.23.jpeg\",\"width\":667,\"height\":375,\"caption\":\"Padre Edmar batiza um beb\u00ea. A foto foi tirada no momento em que ele derrama \u00e1gua na cabe\u00e7a do batizando. Ao redor da bacia est\u00e3o os pais, os padrinhos e os av\u00f3s.\"},{\"@type\":\"BreadcrumbList\",\"@id\":\"https:\/\/www.padreeustaquio.com.br\/batizados-voltam-a-acontecer-na-igreja-do-padre-eustaquio\/#breadcrumb\",\"itemListElement\":[{\"@type\":\"ListItem\",\"position\":1,\"name\":\"In\u00edcio\",\"item\":\"https:\/\/www.padreeustaquio.com.br\/\"},{\"@type\":\"ListItem\",\"position\":2,\"name\":\"Batizados voltam a acontecer na igreja do Padre Eust\u00e1quio\"}]},{\"@type\":\"WebSite\",\"@id\":\"https:\/\/www.padreeustaquio.com.br\/#website\",\"url\":\"https:\/\/www.padreeustaquio.com.br\/\",\"name\":\"Padre Eust\u00e1quio\",\"description\":\"Sa\u00fade e Paz\",\"publisher\":{\"@id\":\"https:\/\/www.padreeustaquio.com.br\/#organization\"},\"potentialAction\":[{\"@type\":\"SearchAction\",\"target\":{\"@type\":\"EntryPoint\",\"urlTemplate\":\"https:\/\/www.padreeustaquio.com.br\/?s={search_term_string}\"},\"query-input\":{\"@type\":\"PropertyValueSpecification\",\"valueRequired\":true,\"valueName\":\"search_term_string\"}}],\"inLanguage\":\"es\"},{\"@type\":\"Organization\",\"@id\":\"https:\/\/www.padreeustaquio.com.br\/#organization\",\"name\":\"Padre Eust\u00e1quio\",\"url\":\"https:\/\/www.padreeustaquio.com.br\/\",\"logo\":{\"@type\":\"ImageObject\",\"inLanguage\":\"es\",\"@id\":\"https:\/\/www.padreeustaquio.com.br\/#\/schema\/logo\/image\/\",\"url\":\"https:\/\/www.padreeustaquio.com.br\/wp-content\/uploads\/2019\/08\/marca.png\",\"contentUrl\":\"https:\/\/www.padreeustaquio.com.br\/wp-content\/uploads\/2019\/08\/marca.png\",\"width\":350,\"height\":400,\"caption\":\"Padre Eust\u00e1quio\"},\"image\":{\"@id\":\"https:\/\/www.padreeustaquio.com.br\/#\/schema\/logo\/image\/\"},\"sameAs\":[\"https:\/\/www.facebook.com\/beatopadreeustaquio\/\",\"https:\/\/x.com\/beatopeustaquio\",\"https:\/\/www.instagram.com\/beatopadreeustaquio\/\",\"https:\/\/www.youtube.com\/channel\/UCRhw7vfabnajwLxb1ZXMeIw\"]},{\"@type\":\"Person\",\"@id\":\"https:\/\/www.padreeustaquio.com.br\/#\/schema\/person\/a2a51db1d00f1a7af0204a0f1ddb1566\",\"name\":\"@sscc\",\"image\":{\"@type\":\"ImageObject\",\"inLanguage\":\"es\",\"@id\":\"https:\/\/secure.gravatar.com\/avatar\/68cfafa5f44617fea54071e215026e0ff06be366c3d54a8425f04fdcb86f8c5f?s=96&d=mm&r=g\",\"url\":\"https:\/\/secure.gravatar.com\/avatar\/68cfafa5f44617fea54071e215026e0ff06be366c3d54a8425f04fdcb86f8c5f?s=96&d=mm&r=g\",\"contentUrl\":\"https:\/\/secure.gravatar.com\/avatar\/68cfafa5f44617fea54071e215026e0ff06be366c3d54a8425f04fdcb86f8c5f?s=96&d=mm&r=g\",\"caption\":\"@sscc\"},\"url\":\"https:\/\/www.padreeustaquio.com.br\/es\/author\/sscc\/\"}]}<\/script>\n<!-- \/ Yoast SEO plugin. -->","yoast_head_json":{"title":"Los bautismos se realizan nuevamente en la iglesia del Padre Eust\u00e1quio - Padre Eust\u00e1quio","robots":{"index":"index","follow":"follow","max-snippet":"max-snippet:-1","max-image-preview":"max-image-preview:large","max-video-preview":"max-video-preview:-1"},"canonical":"https:\/\/www.padreeustaquio.com.br\/es\/los-bautismos-se-estan-celebrando-nuevamente-en-la-iglesia-del-padre-eustaquio\/","og_locale":"es_ES","og_type":"article","og_title":"Batizados voltam a acontecer na igreja do Padre Eust\u00e1quio - Padre Eust\u00e1quio","og_description":"Depois de seis meses sem realizar os ritos do batismo, por causa da pandemia, o Santu\u00e1rio \u201cSa\u00fade e Paz\u201d, conhecido como igreja do Padre Eust\u00e1quio, em Belo Horizonte, teve a celebra\u00e7\u00e3o do sacramento inclu\u00edda na rotina semanal do templo. No \u00faltimo domingo, tr\u00eas crian\u00e7as foram batizadas. Com n\u00famero restrito de pessoas, os participantes tiveram a temperatura aferida, os cal\u00e7ados e m\u00e3os higienizados. Num dos bancos, os pais e a crian\u00e7a, ao lado, em outro banco os padrinhos. Os convidados de cada batizando se sentaram nos outros bancos marcados com distanciamento. O sinal da Cruz, que normalmente \u00e9 feito pelos pais, [&hellip;]","og_url":"https:\/\/www.padreeustaquio.com.br\/es\/los-bautismos-se-estan-celebrando-nuevamente-en-la-iglesia-del-padre-eustaquio\/","og_site_name":"Padre Eust\u00e1quio","article_publisher":"https:\/\/www.facebook.com\/beatopadreeustaquio\/","article_published_time":"2020-10-02T13:11:12+00:00","article_modified_time":"2020-10-02T14:32:07+00:00","og_image":[{"width":667,"height":375,"url":"https:\/\/www.padreeustaquio.com.br\/wp-content\/uploads\/2020\/10\/WhatsApp-Image-2020-09-30-at-09.50.23.jpeg","type":"image\/jpeg"}],"author":"@sscc","twitter_card":"summary_large_image","twitter_creator":"@beatopeustaquio","twitter_site":"@beatopeustaquio","twitter_misc":{"Escrito por":"@sscc","Tiempo de lectura":"2 minutos"},"schema":{"@context":"https:\/\/schema.org","@graph":[{"@type":"Article","@id":"https:\/\/www.padreeustaquio.com.br\/batizados-voltam-a-acontecer-na-igreja-do-padre-eustaquio\/#article","isPartOf":{"@id":"https:\/\/www.padreeustaquio.com.br\/batizados-voltam-a-acontecer-na-igreja-do-padre-eustaquio\/"},"author":{"name":"@sscc","@id":"https:\/\/www.padreeustaquio.com.br\/#\/schema\/person\/a2a51db1d00f1a7af0204a0f1ddb1566"},"headline":"Batizados voltam a acontecer na igreja do Padre Eust\u00e1quio","datePublished":"2020-10-02T13:11:12+00:00","dateModified":"2020-10-02T14:32:07+00:00","mainEntityOfPage":{"@id":"https:\/\/www.padreeustaquio.com.br\/batizados-voltam-a-acontecer-na-igreja-do-padre-eustaquio\/"},"wordCount":328,"commentCount":0,"publisher":{"@id":"https:\/\/www.padreeustaquio.com.br\/#organization"},"image":{"@id":"https:\/\/www.padreeustaquio.com.br\/batizados-voltam-a-acontecer-na-igreja-do-padre-eustaquio\/#primaryimage"},"thumbnailUrl":"https:\/\/www.padreeustaquio.com.br\/wp-content\/uploads\/2020\/10\/WhatsApp-Image-2020-09-30-at-09.50.23.jpeg","articleSection":["Not\u00edcias"],"inLanguage":"es","potentialAction":[{"@type":"CommentAction","name":"Comment","target":["https:\/\/www.padreeustaquio.com.br\/batizados-voltam-a-acontecer-na-igreja-do-padre-eustaquio\/#respond"]}]},{"@type":"WebPage","@id":"https:\/\/www.padreeustaquio.com.br\/batizados-voltam-a-acontecer-na-igreja-do-padre-eustaquio\/","url":"https:\/\/www.padreeustaquio.com.br\/batizados-voltam-a-acontecer-na-igreja-do-padre-eustaquio\/","name":"Los bautismos se realizan nuevamente en la iglesia del Padre Eust\u00e1quio - Padre Eust\u00e1quio","isPartOf":{"@id":"https:\/\/www.padreeustaquio.com.br\/#website"},"primaryImageOfPage":{"@id":"https:\/\/www.padreeustaquio.com.br\/batizados-voltam-a-acontecer-na-igreja-do-padre-eustaquio\/#primaryimage"},"image":{"@id":"https:\/\/www.padreeustaquio.com.br\/batizados-voltam-a-acontecer-na-igreja-do-padre-eustaquio\/#primaryimage"},"thumbnailUrl":"https:\/\/www.padreeustaquio.com.br\/wp-content\/uploads\/2020\/10\/WhatsApp-Image-2020-09-30-at-09.50.23.jpeg","datePublished":"2020-10-02T13:11:12+00:00","dateModified":"2020-10-02T14:32:07+00:00","breadcrumb":{"@id":"https:\/\/www.padreeustaquio.com.br\/batizados-voltam-a-acontecer-na-igreja-do-padre-eustaquio\/#breadcrumb"},"inLanguage":"es","potentialAction":[{"@type":"ReadAction","target":["https:\/\/www.padreeustaquio.com.br\/batizados-voltam-a-acontecer-na-igreja-do-padre-eustaquio\/"]}]},{"@type":"ImageObject","inLanguage":"es","@id":"https:\/\/www.padreeustaquio.com.br\/batizados-voltam-a-acontecer-na-igreja-do-padre-eustaquio\/#primaryimage","url":"https:\/\/www.padreeustaquio.com.br\/wp-content\/uploads\/2020\/10\/WhatsApp-Image-2020-09-30-at-09.50.23.jpeg","contentUrl":"https:\/\/www.padreeustaquio.com.br\/wp-content\/uploads\/2020\/10\/WhatsApp-Image-2020-09-30-at-09.50.23.jpeg","width":667,"height":375,"caption":"Padre Edmar batiza um beb\u00ea. A foto foi tirada no momento em que ele derrama \u00e1gua na cabe\u00e7a do batizando. Ao redor da bacia est\u00e3o os pais, os padrinhos e os av\u00f3s."},{"@type":"BreadcrumbList","@id":"https:\/\/www.padreeustaquio.com.br\/batizados-voltam-a-acontecer-na-igreja-do-padre-eustaquio\/#breadcrumb","itemListElement":[{"@type":"ListItem","position":1,"name":"In\u00edcio","item":"https:\/\/www.padreeustaquio.com.br\/"},{"@type":"ListItem","position":2,"name":"Batizados voltam a acontecer na igreja do Padre Eust\u00e1quio"}]},{"@type":"WebSite","@id":"https:\/\/www.padreeustaquio.com.br\/#website","url":"https:\/\/www.padreeustaquio.com.br\/","name":"Padre Eustace","description":"Salud y Paz","publisher":{"@id":"https:\/\/www.padreeustaquio.com.br\/#organization"},"potentialAction":[{"@type":"SearchAction","target":{"@type":"EntryPoint","urlTemplate":"https:\/\/www.padreeustaquio.com.br\/?s={search_term_string}"},"query-input":{"@type":"PropertyValueSpecification","valueRequired":true,"valueName":"search_term_string"}}],"inLanguage":"es"},{"@type":"Organization","@id":"https:\/\/www.padreeustaquio.com.br\/#organization","name":"Padre Eustace","url":"https:\/\/www.padreeustaquio.com.br\/","logo":{"@type":"ImageObject","inLanguage":"es","@id":"https:\/\/www.padreeustaquio.com.br\/#\/schema\/logo\/image\/","url":"https:\/\/www.padreeustaquio.com.br\/wp-content\/uploads\/2019\/08\/marca.png","contentUrl":"https:\/\/www.padreeustaquio.com.br\/wp-content\/uploads\/2019\/08\/marca.png","width":350,"height":400,"caption":"Padre Eust\u00e1quio"},"image":{"@id":"https:\/\/www.padreeustaquio.com.br\/#\/schema\/logo\/image\/"},"sameAs":["https:\/\/www.facebook.com\/beatopadreeustaquio\/","https:\/\/x.com\/beatopeustaquio","https:\/\/www.instagram.com\/beatopadreeustaquio\/","https:\/\/www.youtube.com\/channel\/UCRhw7vfabnajwLxb1ZXMeIw"]},{"@type":"Person","@id":"https:\/\/www.padreeustaquio.com.br\/#\/schema\/person\/a2a51db1d00f1a7af0204a0f1ddb1566","name":"@sscc","image":{"@type":"ImageObject","inLanguage":"es","@id":"https:\/\/secure.gravatar.com\/avatar\/68cfafa5f44617fea54071e215026e0ff06be366c3d54a8425f04fdcb86f8c5f?s=96&d=mm&r=g","url":"https:\/\/secure.gravatar.com\/avatar\/68cfafa5f44617fea54071e215026e0ff06be366c3d54a8425f04fdcb86f8c5f?s=96&d=mm&r=g","contentUrl":"https:\/\/secure.gravatar.com\/avatar\/68cfafa5f44617fea54071e215026e0ff06be366c3d54a8425f04fdcb86f8c5f?s=96&d=mm&r=g","caption":"@sscc"},"url":"https:\/\/www.padreeustaquio.com.br\/es\/author\/sscc\/"}]}},"_links":{"self":[{"href":"https:\/\/www.padreeustaquio.com.br\/es\/wp-json\/wp\/v2\/posts\/4642","targetHints":{"allow":["GET"]}}],"collection":[{"href":"https:\/\/www.padreeustaquio.com.br\/es\/wp-json\/wp\/v2\/posts"}],"about":[{"href":"https:\/\/www.padreeustaquio.com.br\/es\/wp-json\/wp\/v2\/types\/post"}],"author":[{"embeddable":true,"href":"https:\/\/www.padreeustaquio.com.br\/es\/wp-json\/wp\/v2\/users\/2"}],"replies":[{"embeddable":true,"href":"https:\/\/www.padreeustaquio.com.br\/es\/wp-json\/wp\/v2\/comments?post=4642"}],"version-history":[{"count":0,"href":"https:\/\/www.padreeustaquio.com.br\/es\/wp-json\/wp\/v2\/posts\/4642\/revisions"}],"wp:featuredmedia":[{"embeddable":true,"href":"https:\/\/www.padreeustaquio.com.br\/es\/wp-json\/wp\/v2\/media\/4643"}],"wp:attachment":[{"href":"https:\/\/www.padreeustaquio.com.br\/es\/wp-json\/wp\/v2\/media?parent=4642"}],"wp:term":[{"taxonomy":"category","embeddable":true,"href":"https:\/\/www.padreeustaquio.com.br\/es\/wp-json\/wp\/v2\/categories?post=4642"},{"taxonomy":"post_tag","embeddable":true,"href":"https:\/\/www.padreeustaquio.com.br\/es\/wp-json\/wp\/v2\/tags?post=4642"}],"curies":[{"name":"wp","href":"https:\/\/api.w.org\/{rel}","templated":true}]}}