{"id":4635,"date":"2020-09-29T09:55:00","date_gmt":"2020-09-29T12:55:00","guid":{"rendered":"https:\/\/www.padreeustaquio.com.br\/?p=4635"},"modified":"2020-09-29T09:55:00","modified_gmt":"2020-09-29T12:55:00","slug":"el-30-es-el-dia-del-padre-eustace-haga-clic-aqui-para-participar-en-la-santa-misa","status":"publish","type":"post","link":"https:\/\/www.padreeustaquio.com.br\/es\/el-30-es-el-dia-del-padre-eustace-haga-clic-aqui-para-participar-en-la-santa-misa\/","title":{"rendered":"D\u00cdA 30 ES EL D\u00cdA DEL PADRE EUST\u00c1QUIO \u2013 Haz clic aqu\u00ed y participa en la Santa Misa"},"content":{"rendered":"<p>Cada 30 de cada mes, el Santuario \u201cSalud y Paz\u201d, la iglesia del Padre Eust\u00e1quio, en Belo Horizonte, celebra la memoria de este gran amigo e intercesor nuestro.<\/p>\n<p>Este septiembre, la Santa Misa se celebrar\u00e1 los mi\u00e9rcoles a las 15:00 h. Si desea asistir a la celebraci\u00f3n en persona... <a href=\"https:\/\/www.sympla.com.br\/missa-presencial---igreja-padre-eustaquio---dia-30-de-setembro__987418\">HAGA CLIC AQU\u00cd<\/a> y recoja su invitaci\u00f3n. Si lo prefiere, acuda a la Oficina Parroquial y recoja su boleto en persona. El horario de atenci\u00f3n es de lunes a viernes, de 8:00 a 17:00, y los s\u00e1bados hasta las 12:00.<\/p>\n<p>Acomp\u00e1\u00f1enos en esta celebraci\u00f3n y reciba, con la aspersi\u00f3n de agua bendita, la bendici\u00f3n de &quot;Salud y Paz&quot;, por intercesi\u00f3n del Beato Padre Eustaquio. Si no puede asistir a la iglesia, s\u00edgala en l\u00ednea. <a href=\"https:\/\/www.youtube.com\/channel\/UCRhw7vfabnajwLxb1ZXMeIw\">Canal Padre Eust\u00e1quio<\/a>, En YouTube. Si conoces a alguien que no pueda salir de casa o que pertenezca al grupo de alto riesgo de coronavirus, comparte nuestras redes sociales para que tambi\u00e9n pueda seguirnos.<\/p>\n<p>Salud y Paz<\/p>","protected":false},"excerpt":{"rendered":"<p>Todo dia 30 de cada m\u00eas o Santu\u00e1rio &#8220;Sa\u00fade e Paz&#8221;, a igreja do Padre Eust\u00e1quio, em Belo Horizonte, celebra a mem\u00f3ria deste nosso grande amigo e intercessor. Neste m\u00eas de setembro, a Santa Missa acontece na quarta-feira, \u00e0s 15h. Se voc\u00ea quiser participar da celebra\u00e7\u00e3o presencialmente CLIQUE AQUI e retire seu convite. Se preferir, v\u00e1 at\u00e9 a Secretaria da Par\u00f3quia e retire pessoalmente sua senha. O funcionamento \u00e9 de segunda a sexta, das 8h \u00e0s 17h e aos s\u00e1bados at\u00e9 \u00e0s 12h. Participe conosco desta celebra\u00e7\u00e3o e receba, com aspers\u00e3o de \u00e1gua benta, a b\u00ean\u00e7\u00e3o da &#8220;Sa\u00fade e da [&hellip;]<\/p>\n","protected":false},"author":2,"featured_media":4637,"comment_status":"open","ping_status":"open","sticky":false,"template":"","format":"standard","meta":{"_acf_changed":false,"footnotes":""},"categories":[611],"tags":[],"class_list":["post-4635","post","type-post","status-publish","format-standard","has-post-thumbnail","hentry","category-noticias"],"acf":[],"yoast_head":"<!-- This site is optimized with the Yoast SEO plugin v27.2 - https:\/\/yoast.com\/product\/yoast-seo-wordpress\/ -->\n<title>DIA 30 \u00c9 DIA DE PADRE EUST\u00c1QUIO - Clique aqui e participe da Santa Missa - Padre Eust\u00e1quio<\/title>\n<meta name=\"robots\" content=\"index, follow, max-snippet:-1, max-image-preview:large, max-video-preview:-1\" \/>\n<link rel=\"canonical\" href=\"https:\/\/www.padreeustaquio.com.br\/es\/el-30-es-el-dia-del-padre-eustace-haga-clic-aqui-para-participar-en-la-santa-misa\/\" \/>\n<meta property=\"og:locale\" content=\"es_ES\" \/>\n<meta property=\"og:type\" content=\"article\" \/>\n<meta property=\"og:title\" content=\"DIA 30 \u00c9 DIA DE PADRE EUST\u00c1QUIO - Clique aqui e participe da Santa Missa - Padre Eust\u00e1quio\" \/>\n<meta property=\"og:description\" content=\"Todo dia 30 de cada m\u00eas o Santu\u00e1rio &#8220;Sa\u00fade e Paz&#8221;, a igreja do Padre Eust\u00e1quio, em Belo Horizonte, celebra a mem\u00f3ria deste nosso grande amigo e intercessor. Neste m\u00eas de setembro, a Santa Missa acontece na quarta-feira, \u00e0s 15h. Se voc\u00ea quiser participar da celebra\u00e7\u00e3o presencialmente CLIQUE AQUI e retire seu convite. Se preferir, v\u00e1 at\u00e9 a Secretaria da Par\u00f3quia e retire pessoalmente sua senha. O funcionamento \u00e9 de segunda a sexta, das 8h \u00e0s 17h e aos s\u00e1bados at\u00e9 \u00e0s 12h. Participe conosco desta celebra\u00e7\u00e3o e receba, com aspers\u00e3o de \u00e1gua benta, a b\u00ean\u00e7\u00e3o da &#8220;Sa\u00fade e da [&hellip;]\" \/>\n<meta property=\"og:url\" content=\"https:\/\/www.padreeustaquio.com.br\/es\/el-30-es-el-dia-del-padre-eustace-haga-clic-aqui-para-participar-en-la-santa-misa\/\" \/>\n<meta property=\"og:site_name\" content=\"Padre Eust\u00e1quio\" \/>\n<meta property=\"article:publisher\" content=\"https:\/\/www.facebook.com\/beatopadreeustaquio\/\" \/>\n<meta property=\"article:published_time\" content=\"2020-09-29T12:55:00+00:00\" \/>\n<meta property=\"og:image\" content=\"https:\/\/www.padreeustaquio.com.br\/wp-content\/uploads\/2020\/09\/DIA-30-Missa-Padre-Eust\u00e1quio.jpg\" \/>\n\t<meta property=\"og:image:width\" content=\"748\" \/>\n\t<meta property=\"og:image:height\" content=\"394\" \/>\n\t<meta property=\"og:image:type\" content=\"image\/jpeg\" \/>\n<meta name=\"author\" content=\"@sscc\" \/>\n<meta name=\"twitter:card\" content=\"summary_large_image\" \/>\n<meta name=\"twitter:creator\" content=\"@beatopeustaquio\" \/>\n<meta name=\"twitter:site\" content=\"@beatopeustaquio\" \/>\n<meta name=\"twitter:label1\" content=\"Escrito por\" \/>\n\t<meta name=\"twitter:data1\" content=\"@sscc\" \/>\n\t<meta name=\"twitter:label2\" content=\"Tiempo de lectura\" \/>\n\t<meta name=\"twitter:data2\" content=\"1 minuto\" \/>\n<script type=\"application\/ld+json\" class=\"yoast-schema-graph\">{\"@context\":\"https:\/\/schema.org\",\"@graph\":[{\"@type\":\"Article\",\"@id\":\"https:\/\/www.padreeustaquio.com.br\/dia-30-e-dia-de-padre-eustaquio-clique-aqui-e-participe-da-santa-missa\/#article\",\"isPartOf\":{\"@id\":\"https:\/\/www.padreeustaquio.com.br\/dia-30-e-dia-de-padre-eustaquio-clique-aqui-e-participe-da-santa-missa\/\"},\"author\":{\"name\":\"@sscc\",\"@id\":\"https:\/\/www.padreeustaquio.com.br\/#\/schema\/person\/a2a51db1d00f1a7af0204a0f1ddb1566\"},\"headline\":\"DIA 30 \u00c9 DIA DE PADRE EUST\u00c1QUIO &#8211; Clique aqui e participe da Santa Missa\",\"datePublished\":\"2020-09-29T12:55:00+00:00\",\"mainEntityOfPage\":{\"@id\":\"https:\/\/www.padreeustaquio.com.br\/dia-30-e-dia-de-padre-eustaquio-clique-aqui-e-participe-da-santa-missa\/\"},\"wordCount\":189,\"commentCount\":0,\"publisher\":{\"@id\":\"https:\/\/www.padreeustaquio.com.br\/#organization\"},\"image\":{\"@id\":\"https:\/\/www.padreeustaquio.com.br\/dia-30-e-dia-de-padre-eustaquio-clique-aqui-e-participe-da-santa-missa\/#primaryimage\"},\"thumbnailUrl\":\"https:\/\/www.padreeustaquio.com.br\/wp-content\/uploads\/2020\/09\/DIA-30-Missa-Padre-Eust\u00e1quio.jpg\",\"articleSection\":[\"Not\u00edcias\"],\"inLanguage\":\"es\",\"potentialAction\":[{\"@type\":\"CommentAction\",\"name\":\"Comment\",\"target\":[\"https:\/\/www.padreeustaquio.com.br\/dia-30-e-dia-de-padre-eustaquio-clique-aqui-e-participe-da-santa-missa\/#respond\"]}]},{\"@type\":\"WebPage\",\"@id\":\"https:\/\/www.padreeustaquio.com.br\/dia-30-e-dia-de-padre-eustaquio-clique-aqui-e-participe-da-santa-missa\/\",\"url\":\"https:\/\/www.padreeustaquio.com.br\/dia-30-e-dia-de-padre-eustaquio-clique-aqui-e-participe-da-santa-missa\/\",\"name\":\"DIA 30 \u00c9 DIA DE PADRE EUST\u00c1QUIO - Clique aqui e participe da Santa Missa - Padre Eust\u00e1quio\",\"isPartOf\":{\"@id\":\"https:\/\/www.padreeustaquio.com.br\/#website\"},\"primaryImageOfPage\":{\"@id\":\"https:\/\/www.padreeustaquio.com.br\/dia-30-e-dia-de-padre-eustaquio-clique-aqui-e-participe-da-santa-missa\/#primaryimage\"},\"image\":{\"@id\":\"https:\/\/www.padreeustaquio.com.br\/dia-30-e-dia-de-padre-eustaquio-clique-aqui-e-participe-da-santa-missa\/#primaryimage\"},\"thumbnailUrl\":\"https:\/\/www.padreeustaquio.com.br\/wp-content\/uploads\/2020\/09\/DIA-30-Missa-Padre-Eust\u00e1quio.jpg\",\"datePublished\":\"2020-09-29T12:55:00+00:00\",\"breadcrumb\":{\"@id\":\"https:\/\/www.padreeustaquio.com.br\/dia-30-e-dia-de-padre-eustaquio-clique-aqui-e-participe-da-santa-missa\/#breadcrumb\"},\"inLanguage\":\"es\",\"potentialAction\":[{\"@type\":\"ReadAction\",\"target\":[\"https:\/\/www.padreeustaquio.com.br\/dia-30-e-dia-de-padre-eustaquio-clique-aqui-e-participe-da-santa-missa\/\"]}]},{\"@type\":\"ImageObject\",\"inLanguage\":\"es\",\"@id\":\"https:\/\/www.padreeustaquio.com.br\/dia-30-e-dia-de-padre-eustaquio-clique-aqui-e-participe-da-santa-missa\/#primaryimage\",\"url\":\"https:\/\/www.padreeustaquio.com.br\/wp-content\/uploads\/2020\/09\/DIA-30-Missa-Padre-Eust\u00e1quio.jpg\",\"contentUrl\":\"https:\/\/www.padreeustaquio.com.br\/wp-content\/uploads\/2020\/09\/DIA-30-Missa-Padre-Eust\u00e1quio.jpg\",\"width\":748,\"height\":394},{\"@type\":\"BreadcrumbList\",\"@id\":\"https:\/\/www.padreeustaquio.com.br\/dia-30-e-dia-de-padre-eustaquio-clique-aqui-e-participe-da-santa-missa\/#breadcrumb\",\"itemListElement\":[{\"@type\":\"ListItem\",\"position\":1,\"name\":\"In\u00edcio\",\"item\":\"https:\/\/www.padreeustaquio.com.br\/\"},{\"@type\":\"ListItem\",\"position\":2,\"name\":\"DIA 30 \u00c9 DIA DE PADRE EUST\u00c1QUIO &#8211; Clique aqui e participe da Santa Missa\"}]},{\"@type\":\"WebSite\",\"@id\":\"https:\/\/www.padreeustaquio.com.br\/#website\",\"url\":\"https:\/\/www.padreeustaquio.com.br\/\",\"name\":\"Padre Eust\u00e1quio\",\"description\":\"Sa\u00fade e Paz\",\"publisher\":{\"@id\":\"https:\/\/www.padreeustaquio.com.br\/#organization\"},\"potentialAction\":[{\"@type\":\"SearchAction\",\"target\":{\"@type\":\"EntryPoint\",\"urlTemplate\":\"https:\/\/www.padreeustaquio.com.br\/?s={search_term_string}\"},\"query-input\":{\"@type\":\"PropertyValueSpecification\",\"valueRequired\":true,\"valueName\":\"search_term_string\"}}],\"inLanguage\":\"es\"},{\"@type\":\"Organization\",\"@id\":\"https:\/\/www.padreeustaquio.com.br\/#organization\",\"name\":\"Padre Eust\u00e1quio\",\"url\":\"https:\/\/www.padreeustaquio.com.br\/\",\"logo\":{\"@type\":\"ImageObject\",\"inLanguage\":\"es\",\"@id\":\"https:\/\/www.padreeustaquio.com.br\/#\/schema\/logo\/image\/\",\"url\":\"https:\/\/www.padreeustaquio.com.br\/wp-content\/uploads\/2019\/08\/marca.png\",\"contentUrl\":\"https:\/\/www.padreeustaquio.com.br\/wp-content\/uploads\/2019\/08\/marca.png\",\"width\":350,\"height\":400,\"caption\":\"Padre Eust\u00e1quio\"},\"image\":{\"@id\":\"https:\/\/www.padreeustaquio.com.br\/#\/schema\/logo\/image\/\"},\"sameAs\":[\"https:\/\/www.facebook.com\/beatopadreeustaquio\/\",\"https:\/\/x.com\/beatopeustaquio\",\"https:\/\/www.instagram.com\/beatopadreeustaquio\/\",\"https:\/\/www.youtube.com\/channel\/UCRhw7vfabnajwLxb1ZXMeIw\"]},{\"@type\":\"Person\",\"@id\":\"https:\/\/www.padreeustaquio.com.br\/#\/schema\/person\/a2a51db1d00f1a7af0204a0f1ddb1566\",\"name\":\"@sscc\",\"image\":{\"@type\":\"ImageObject\",\"inLanguage\":\"es\",\"@id\":\"https:\/\/secure.gravatar.com\/avatar\/68cfafa5f44617fea54071e215026e0ff06be366c3d54a8425f04fdcb86f8c5f?s=96&d=mm&r=g\",\"url\":\"https:\/\/secure.gravatar.com\/avatar\/68cfafa5f44617fea54071e215026e0ff06be366c3d54a8425f04fdcb86f8c5f?s=96&d=mm&r=g\",\"contentUrl\":\"https:\/\/secure.gravatar.com\/avatar\/68cfafa5f44617fea54071e215026e0ff06be366c3d54a8425f04fdcb86f8c5f?s=96&d=mm&r=g\",\"caption\":\"@sscc\"},\"url\":\"https:\/\/www.padreeustaquio.com.br\/es\/author\/sscc\/\"}]}<\/script>\n<!-- \/ Yoast SEO plugin. -->","yoast_head_json":{"title":"D\u00cdA 30 ES EL D\u00cdA DEL PADRE EUST\u00c1QUIO - Haz clic aqu\u00ed y participa de la Santa Misa - Padre Eust\u00e1quio","robots":{"index":"index","follow":"follow","max-snippet":"max-snippet:-1","max-image-preview":"max-image-preview:large","max-video-preview":"max-video-preview:-1"},"canonical":"https:\/\/www.padreeustaquio.com.br\/es\/el-30-es-el-dia-del-padre-eustace-haga-clic-aqui-para-participar-en-la-santa-misa\/","og_locale":"es_ES","og_type":"article","og_title":"DIA 30 \u00c9 DIA DE PADRE EUST\u00c1QUIO - Clique aqui e participe da Santa Missa - Padre Eust\u00e1quio","og_description":"Todo dia 30 de cada m\u00eas o Santu\u00e1rio &#8220;Sa\u00fade e Paz&#8221;, a igreja do Padre Eust\u00e1quio, em Belo Horizonte, celebra a mem\u00f3ria deste nosso grande amigo e intercessor. Neste m\u00eas de setembro, a Santa Missa acontece na quarta-feira, \u00e0s 15h. Se voc\u00ea quiser participar da celebra\u00e7\u00e3o presencialmente CLIQUE AQUI e retire seu convite. Se preferir, v\u00e1 at\u00e9 a Secretaria da Par\u00f3quia e retire pessoalmente sua senha. O funcionamento \u00e9 de segunda a sexta, das 8h \u00e0s 17h e aos s\u00e1bados at\u00e9 \u00e0s 12h. Participe conosco desta celebra\u00e7\u00e3o e receba, com aspers\u00e3o de \u00e1gua benta, a b\u00ean\u00e7\u00e3o da &#8220;Sa\u00fade e da [&hellip;]","og_url":"https:\/\/www.padreeustaquio.com.br\/es\/el-30-es-el-dia-del-padre-eustace-haga-clic-aqui-para-participar-en-la-santa-misa\/","og_site_name":"Padre Eust\u00e1quio","article_publisher":"https:\/\/www.facebook.com\/beatopadreeustaquio\/","article_published_time":"2020-09-29T12:55:00+00:00","og_image":[{"width":748,"height":394,"url":"https:\/\/www.padreeustaquio.com.br\/wp-content\/uploads\/2020\/09\/DIA-30-Missa-Padre-Eust\u00e1quio.jpg","type":"image\/jpeg"}],"author":"@sscc","twitter_card":"summary_large_image","twitter_creator":"@beatopeustaquio","twitter_site":"@beatopeustaquio","twitter_misc":{"Escrito por":"@sscc","Tiempo de lectura":"1 minuto"},"schema":{"@context":"https:\/\/schema.org","@graph":[{"@type":"Article","@id":"https:\/\/www.padreeustaquio.com.br\/dia-30-e-dia-de-padre-eustaquio-clique-aqui-e-participe-da-santa-missa\/#article","isPartOf":{"@id":"https:\/\/www.padreeustaquio.com.br\/dia-30-e-dia-de-padre-eustaquio-clique-aqui-e-participe-da-santa-missa\/"},"author":{"name":"@sscc","@id":"https:\/\/www.padreeustaquio.com.br\/#\/schema\/person\/a2a51db1d00f1a7af0204a0f1ddb1566"},"headline":"DIA 30 \u00c9 DIA DE PADRE EUST\u00c1QUIO &#8211; Clique aqui e participe da Santa Missa","datePublished":"2020-09-29T12:55:00+00:00","mainEntityOfPage":{"@id":"https:\/\/www.padreeustaquio.com.br\/dia-30-e-dia-de-padre-eustaquio-clique-aqui-e-participe-da-santa-missa\/"},"wordCount":189,"commentCount":0,"publisher":{"@id":"https:\/\/www.padreeustaquio.com.br\/#organization"},"image":{"@id":"https:\/\/www.padreeustaquio.com.br\/dia-30-e-dia-de-padre-eustaquio-clique-aqui-e-participe-da-santa-missa\/#primaryimage"},"thumbnailUrl":"https:\/\/www.padreeustaquio.com.br\/wp-content\/uploads\/2020\/09\/DIA-30-Missa-Padre-Eust\u00e1quio.jpg","articleSection":["Not\u00edcias"],"inLanguage":"es","potentialAction":[{"@type":"CommentAction","name":"Comment","target":["https:\/\/www.padreeustaquio.com.br\/dia-30-e-dia-de-padre-eustaquio-clique-aqui-e-participe-da-santa-missa\/#respond"]}]},{"@type":"WebPage","@id":"https:\/\/www.padreeustaquio.com.br\/dia-30-e-dia-de-padre-eustaquio-clique-aqui-e-participe-da-santa-missa\/","url":"https:\/\/www.padreeustaquio.com.br\/dia-30-e-dia-de-padre-eustaquio-clique-aqui-e-participe-da-santa-missa\/","name":"D\u00cdA 30 ES EL D\u00cdA DEL PADRE EUST\u00c1QUIO - Haz clic aqu\u00ed y participa de la Santa Misa - Padre Eust\u00e1quio","isPartOf":{"@id":"https:\/\/www.padreeustaquio.com.br\/#website"},"primaryImageOfPage":{"@id":"https:\/\/www.padreeustaquio.com.br\/dia-30-e-dia-de-padre-eustaquio-clique-aqui-e-participe-da-santa-missa\/#primaryimage"},"image":{"@id":"https:\/\/www.padreeustaquio.com.br\/dia-30-e-dia-de-padre-eustaquio-clique-aqui-e-participe-da-santa-missa\/#primaryimage"},"thumbnailUrl":"https:\/\/www.padreeustaquio.com.br\/wp-content\/uploads\/2020\/09\/DIA-30-Missa-Padre-Eust\u00e1quio.jpg","datePublished":"2020-09-29T12:55:00+00:00","breadcrumb":{"@id":"https:\/\/www.padreeustaquio.com.br\/dia-30-e-dia-de-padre-eustaquio-clique-aqui-e-participe-da-santa-missa\/#breadcrumb"},"inLanguage":"es","potentialAction":[{"@type":"ReadAction","target":["https:\/\/www.padreeustaquio.com.br\/dia-30-e-dia-de-padre-eustaquio-clique-aqui-e-participe-da-santa-missa\/"]}]},{"@type":"ImageObject","inLanguage":"es","@id":"https:\/\/www.padreeustaquio.com.br\/dia-30-e-dia-de-padre-eustaquio-clique-aqui-e-participe-da-santa-missa\/#primaryimage","url":"https:\/\/www.padreeustaquio.com.br\/wp-content\/uploads\/2020\/09\/DIA-30-Missa-Padre-Eust\u00e1quio.jpg","contentUrl":"https:\/\/www.padreeustaquio.com.br\/wp-content\/uploads\/2020\/09\/DIA-30-Missa-Padre-Eust\u00e1quio.jpg","width":748,"height":394},{"@type":"BreadcrumbList","@id":"https:\/\/www.padreeustaquio.com.br\/dia-30-e-dia-de-padre-eustaquio-clique-aqui-e-participe-da-santa-missa\/#breadcrumb","itemListElement":[{"@type":"ListItem","position":1,"name":"In\u00edcio","item":"https:\/\/www.padreeustaquio.com.br\/"},{"@type":"ListItem","position":2,"name":"DIA 30 \u00c9 DIA DE PADRE EUST\u00c1QUIO &#8211; Clique aqui e participe da Santa Missa"}]},{"@type":"WebSite","@id":"https:\/\/www.padreeustaquio.com.br\/#website","url":"https:\/\/www.padreeustaquio.com.br\/","name":"Padre Eustace","description":"Salud y Paz","publisher":{"@id":"https:\/\/www.padreeustaquio.com.br\/#organization"},"potentialAction":[{"@type":"SearchAction","target":{"@type":"EntryPoint","urlTemplate":"https:\/\/www.padreeustaquio.com.br\/?s={search_term_string}"},"query-input":{"@type":"PropertyValueSpecification","valueRequired":true,"valueName":"search_term_string"}}],"inLanguage":"es"},{"@type":"Organization","@id":"https:\/\/www.padreeustaquio.com.br\/#organization","name":"Padre Eustace","url":"https:\/\/www.padreeustaquio.com.br\/","logo":{"@type":"ImageObject","inLanguage":"es","@id":"https:\/\/www.padreeustaquio.com.br\/#\/schema\/logo\/image\/","url":"https:\/\/www.padreeustaquio.com.br\/wp-content\/uploads\/2019\/08\/marca.png","contentUrl":"https:\/\/www.padreeustaquio.com.br\/wp-content\/uploads\/2019\/08\/marca.png","width":350,"height":400,"caption":"Padre Eust\u00e1quio"},"image":{"@id":"https:\/\/www.padreeustaquio.com.br\/#\/schema\/logo\/image\/"},"sameAs":["https:\/\/www.facebook.com\/beatopadreeustaquio\/","https:\/\/x.com\/beatopeustaquio","https:\/\/www.instagram.com\/beatopadreeustaquio\/","https:\/\/www.youtube.com\/channel\/UCRhw7vfabnajwLxb1ZXMeIw"]},{"@type":"Person","@id":"https:\/\/www.padreeustaquio.com.br\/#\/schema\/person\/a2a51db1d00f1a7af0204a0f1ddb1566","name":"@sscc","image":{"@type":"ImageObject","inLanguage":"es","@id":"https:\/\/secure.gravatar.com\/avatar\/68cfafa5f44617fea54071e215026e0ff06be366c3d54a8425f04fdcb86f8c5f?s=96&d=mm&r=g","url":"https:\/\/secure.gravatar.com\/avatar\/68cfafa5f44617fea54071e215026e0ff06be366c3d54a8425f04fdcb86f8c5f?s=96&d=mm&r=g","contentUrl":"https:\/\/secure.gravatar.com\/avatar\/68cfafa5f44617fea54071e215026e0ff06be366c3d54a8425f04fdcb86f8c5f?s=96&d=mm&r=g","caption":"@sscc"},"url":"https:\/\/www.padreeustaquio.com.br\/es\/author\/sscc\/"}]}},"_links":{"self":[{"href":"https:\/\/www.padreeustaquio.com.br\/es\/wp-json\/wp\/v2\/posts\/4635","targetHints":{"allow":["GET"]}}],"collection":[{"href":"https:\/\/www.padreeustaquio.com.br\/es\/wp-json\/wp\/v2\/posts"}],"about":[{"href":"https:\/\/www.padreeustaquio.com.br\/es\/wp-json\/wp\/v2\/types\/post"}],"author":[{"embeddable":true,"href":"https:\/\/www.padreeustaquio.com.br\/es\/wp-json\/wp\/v2\/users\/2"}],"replies":[{"embeddable":true,"href":"https:\/\/www.padreeustaquio.com.br\/es\/wp-json\/wp\/v2\/comments?post=4635"}],"version-history":[{"count":0,"href":"https:\/\/www.padreeustaquio.com.br\/es\/wp-json\/wp\/v2\/posts\/4635\/revisions"}],"wp:featuredmedia":[{"embeddable":true,"href":"https:\/\/www.padreeustaquio.com.br\/es\/wp-json\/wp\/v2\/media\/4637"}],"wp:attachment":[{"href":"https:\/\/www.padreeustaquio.com.br\/es\/wp-json\/wp\/v2\/media?parent=4635"}],"wp:term":[{"taxonomy":"category","embeddable":true,"href":"https:\/\/www.padreeustaquio.com.br\/es\/wp-json\/wp\/v2\/categories?post=4635"},{"taxonomy":"post_tag","embeddable":true,"href":"https:\/\/www.padreeustaquio.com.br\/es\/wp-json\/wp\/v2\/tags?post=4635"}],"curies":[{"name":"wp","href":"https:\/\/api.w.org\/{rel}","templated":true}]}}