{"id":4628,"date":"2020-09-26T14:02:36","date_gmt":"2020-09-26T17:02:36","guid":{"rendered":"https:\/\/www.padreeustaquio.com.br\/?p=4628"},"modified":"2020-09-26T14:10:37","modified_gmt":"2020-09-26T17:10:37","slug":"se-reune-en-roma-la-comision-para-el-patrimonio-espiritual-e-historico-de-los-sscc","status":"publish","type":"post","link":"https:\/\/www.padreeustaquio.com.br\/es\/se-reune-en-roma-la-comision-para-el-patrimonio-espiritual-e-historico-de-los-sscc\/","title":{"rendered":"La Comisi\u00f3n SSCC para el Patrimonio Espiritual e Hist\u00f3rico se re\u00fane en Roma"},"content":{"rendered":"<p>La Comisi\u00f3n para el Patrimonio Espiritual e Hist\u00f3rico de la Congregaci\u00f3n de los Sagrados Corazones se reuni\u00f3 el 24 de septiembre en la Casa General de V\u00eda Aur\u00e9lia (donde residen las hermanas). Evaluaron el trabajo realizado en los archivos de los hermanos. <a href=\"https:\/\/www.ssccpicpus.com\/\">SSCC<\/a> Muertes durante la Comuna de Par\u00eds.<\/p>\n<p>Tambi\u00e9n planificaron el trabajo que se desarrollar\u00e1 en los pr\u00f3ximos meses en torno al discernimiento pastoral, teniendo como contexto la experiencia de los Fundadores. Andrzej Lukawski relat\u00f3 la causa de los Fundadores y de los hermanos SSCC fusilados durante la Comuna de Par\u00eds.<\/p>\n<p>Adem\u00e1s, la Comisi\u00f3n tiene la tarea de preparar directrices para la reflexi\u00f3n y el culto comunitarios en momentos cruciales. Tambi\u00e9n se est\u00e1 considerando una nueva edici\u00f3n de los Cuadernos de Espiritualidad sobre los votos religiosos.<\/p>\n<p>Al final del encuentro, el grupo celebr\u00f3 la Eucarist\u00eda junto a la comunidad, seguida de una cena t\u00edpica italiana con pizza.<\/p>","protected":false},"excerpt":{"rendered":"<p>A Comiss\u00e3o para o Patrim\u00f4nio Espiritual e Hist\u00f3rico da Congrega\u00e7\u00e3o dos Sagrados Cora\u00e7\u00f5es se reuniu, no \u00faltimo dia 24 de setembro, na Casa Geral da Via Aur\u00e9lia (onde vivem as irm\u00e3s). Eles avaliaram o trabalho feito nos arquivos dos irm\u00e3os SSCC mortos na Comuna de Paris. Eles tamb\u00e9m planejaram o trabalho a ser desenvolvido nos pr\u00f3ximos meses em torno do discernimento pastoral, tendo como pano de fundo a experi\u00eancia dos Fundadores.\u00a0Andrzej Lukawski relatou a causa dos Fundadores e dos irm\u00e3os SSCC fuzilados na Comuna de Paris. Al\u00e9m disso, a Comiss\u00e3o est\u00e1 encarregada de preparar diretrizes para a reflex\u00e3o e adora\u00e7\u00e3o [&hellip;]<\/p>\n","protected":false},"author":2,"featured_media":4631,"comment_status":"open","ping_status":"open","sticky":false,"template":"","format":"standard","meta":{"_acf_changed":false,"footnotes":""},"categories":[611],"tags":[],"class_list":["post-4628","post","type-post","status-publish","format-standard","has-post-thumbnail","hentry","category-noticias"],"acf":[],"yoast_head":"<!-- This site is optimized with the Yoast SEO plugin v27.2 - https:\/\/yoast.com\/product\/yoast-seo-wordpress\/ -->\n<title>Comiss\u00e3o para o Patrim\u00f4nio Espiritual e Hist\u00f3rico SSCC se re\u00fane em Roma - Padre Eust\u00e1quio<\/title>\n<meta name=\"robots\" content=\"index, follow, max-snippet:-1, max-image-preview:large, max-video-preview:-1\" \/>\n<link rel=\"canonical\" href=\"https:\/\/www.padreeustaquio.com.br\/es\/se-reune-en-roma-la-comision-para-el-patrimonio-espiritual-e-historico-de-los-sscc\/\" \/>\n<meta property=\"og:locale\" content=\"es_ES\" \/>\n<meta property=\"og:type\" content=\"article\" \/>\n<meta property=\"og:title\" content=\"Comiss\u00e3o para o Patrim\u00f4nio Espiritual e Hist\u00f3rico SSCC se re\u00fane em Roma - Padre Eust\u00e1quio\" \/>\n<meta property=\"og:description\" content=\"A Comiss\u00e3o para o Patrim\u00f4nio Espiritual e Hist\u00f3rico da Congrega\u00e7\u00e3o dos Sagrados Cora\u00e7\u00f5es se reuniu, no \u00faltimo dia 24 de setembro, na Casa Geral da Via Aur\u00e9lia (onde vivem as irm\u00e3s). Eles avaliaram o trabalho feito nos arquivos dos irm\u00e3os SSCC mortos na Comuna de Paris. Eles tamb\u00e9m planejaram o trabalho a ser desenvolvido nos pr\u00f3ximos meses em torno do discernimento pastoral, tendo como pano de fundo a experi\u00eancia dos Fundadores.\u00a0Andrzej Lukawski relatou a causa dos Fundadores e dos irm\u00e3os SSCC fuzilados na Comuna de Paris. Al\u00e9m disso, a Comiss\u00e3o est\u00e1 encarregada de preparar diretrizes para a reflex\u00e3o e adora\u00e7\u00e3o [&hellip;]\" \/>\n<meta property=\"og:url\" content=\"https:\/\/www.padreeustaquio.com.br\/es\/se-reune-en-roma-la-comision-para-el-patrimonio-espiritual-e-historico-de-los-sscc\/\" \/>\n<meta property=\"og:site_name\" content=\"Padre Eust\u00e1quio\" \/>\n<meta property=\"article:publisher\" content=\"https:\/\/www.facebook.com\/beatopadreeustaquio\/\" \/>\n<meta property=\"article:published_time\" content=\"2020-09-26T17:02:36+00:00\" \/>\n<meta property=\"article:modified_time\" content=\"2020-09-26T17:10:37+00:00\" \/>\n<meta property=\"og:image\" content=\"https:\/\/www.padreeustaquio.com.br\/wp-content\/uploads\/2020\/09\/Irmaos-de-Roma-1.jpg\" \/>\n\t<meta property=\"og:image:width\" content=\"620\" \/>\n\t<meta property=\"og:image:height\" content=\"465\" \/>\n\t<meta property=\"og:image:type\" content=\"image\/jpeg\" \/>\n<meta name=\"author\" content=\"@sscc\" \/>\n<meta name=\"twitter:card\" content=\"summary_large_image\" \/>\n<meta name=\"twitter:creator\" content=\"@beatopeustaquio\" \/>\n<meta name=\"twitter:site\" content=\"@beatopeustaquio\" \/>\n<meta name=\"twitter:label1\" content=\"Escrito por\" \/>\n\t<meta name=\"twitter:data1\" content=\"@sscc\" \/>\n\t<meta name=\"twitter:label2\" content=\"Tiempo de lectura\" \/>\n\t<meta name=\"twitter:data2\" content=\"1 minuto\" \/>\n<script type=\"application\/ld+json\" class=\"yoast-schema-graph\">{\"@context\":\"https:\/\/schema.org\",\"@graph\":[{\"@type\":\"Article\",\"@id\":\"https:\/\/www.padreeustaquio.com.br\/comissao-para-o-patrimonio-espiritual-e-historico-sscc-se-reune-em-roma\/#article\",\"isPartOf\":{\"@id\":\"https:\/\/www.padreeustaquio.com.br\/comissao-para-o-patrimonio-espiritual-e-historico-sscc-se-reune-em-roma\/\"},\"author\":{\"name\":\"@sscc\",\"@id\":\"https:\/\/www.padreeustaquio.com.br\/#\/schema\/person\/a2a51db1d00f1a7af0204a0f1ddb1566\"},\"headline\":\"Comiss\u00e3o para o Patrim\u00f4nio Espiritual e Hist\u00f3rico SSCC se re\u00fane em Roma\",\"datePublished\":\"2020-09-26T17:02:36+00:00\",\"dateModified\":\"2020-09-26T17:10:37+00:00\",\"mainEntityOfPage\":{\"@id\":\"https:\/\/www.padreeustaquio.com.br\/comissao-para-o-patrimonio-espiritual-e-historico-sscc-se-reune-em-roma\/\"},\"wordCount\":180,\"commentCount\":0,\"publisher\":{\"@id\":\"https:\/\/www.padreeustaquio.com.br\/#organization\"},\"image\":{\"@id\":\"https:\/\/www.padreeustaquio.com.br\/comissao-para-o-patrimonio-espiritual-e-historico-sscc-se-reune-em-roma\/#primaryimage\"},\"thumbnailUrl\":\"https:\/\/www.padreeustaquio.com.br\/wp-content\/uploads\/2020\/09\/Irmaos-de-Roma-1.jpg\",\"articleSection\":[\"Not\u00edcias\"],\"inLanguage\":\"es\",\"potentialAction\":[{\"@type\":\"CommentAction\",\"name\":\"Comment\",\"target\":[\"https:\/\/www.padreeustaquio.com.br\/comissao-para-o-patrimonio-espiritual-e-historico-sscc-se-reune-em-roma\/#respond\"]}]},{\"@type\":\"WebPage\",\"@id\":\"https:\/\/www.padreeustaquio.com.br\/comissao-para-o-patrimonio-espiritual-e-historico-sscc-se-reune-em-roma\/\",\"url\":\"https:\/\/www.padreeustaquio.com.br\/comissao-para-o-patrimonio-espiritual-e-historico-sscc-se-reune-em-roma\/\",\"name\":\"Comiss\u00e3o para o Patrim\u00f4nio Espiritual e Hist\u00f3rico SSCC se re\u00fane em Roma - Padre Eust\u00e1quio\",\"isPartOf\":{\"@id\":\"https:\/\/www.padreeustaquio.com.br\/#website\"},\"primaryImageOfPage\":{\"@id\":\"https:\/\/www.padreeustaquio.com.br\/comissao-para-o-patrimonio-espiritual-e-historico-sscc-se-reune-em-roma\/#primaryimage\"},\"image\":{\"@id\":\"https:\/\/www.padreeustaquio.com.br\/comissao-para-o-patrimonio-espiritual-e-historico-sscc-se-reune-em-roma\/#primaryimage\"},\"thumbnailUrl\":\"https:\/\/www.padreeustaquio.com.br\/wp-content\/uploads\/2020\/09\/Irmaos-de-Roma-1.jpg\",\"datePublished\":\"2020-09-26T17:02:36+00:00\",\"dateModified\":\"2020-09-26T17:10:37+00:00\",\"breadcrumb\":{\"@id\":\"https:\/\/www.padreeustaquio.com.br\/comissao-para-o-patrimonio-espiritual-e-historico-sscc-se-reune-em-roma\/#breadcrumb\"},\"inLanguage\":\"es\",\"potentialAction\":[{\"@type\":\"ReadAction\",\"target\":[\"https:\/\/www.padreeustaquio.com.br\/comissao-para-o-patrimonio-espiritual-e-historico-sscc-se-reune-em-roma\/\"]}]},{\"@type\":\"ImageObject\",\"inLanguage\":\"es\",\"@id\":\"https:\/\/www.padreeustaquio.com.br\/comissao-para-o-patrimonio-espiritual-e-historico-sscc-se-reune-em-roma\/#primaryimage\",\"url\":\"https:\/\/www.padreeustaquio.com.br\/wp-content\/uploads\/2020\/09\/Irmaos-de-Roma-1.jpg\",\"contentUrl\":\"https:\/\/www.padreeustaquio.com.br\/wp-content\/uploads\/2020\/09\/Irmaos-de-Roma-1.jpg\",\"width\":620,\"height\":465},{\"@type\":\"BreadcrumbList\",\"@id\":\"https:\/\/www.padreeustaquio.com.br\/comissao-para-o-patrimonio-espiritual-e-historico-sscc-se-reune-em-roma\/#breadcrumb\",\"itemListElement\":[{\"@type\":\"ListItem\",\"position\":1,\"name\":\"In\u00edcio\",\"item\":\"https:\/\/www.padreeustaquio.com.br\/\"},{\"@type\":\"ListItem\",\"position\":2,\"name\":\"Comiss\u00e3o para o Patrim\u00f4nio Espiritual e Hist\u00f3rico SSCC se re\u00fane em Roma\"}]},{\"@type\":\"WebSite\",\"@id\":\"https:\/\/www.padreeustaquio.com.br\/#website\",\"url\":\"https:\/\/www.padreeustaquio.com.br\/\",\"name\":\"Padre Eust\u00e1quio\",\"description\":\"Sa\u00fade e Paz\",\"publisher\":{\"@id\":\"https:\/\/www.padreeustaquio.com.br\/#organization\"},\"potentialAction\":[{\"@type\":\"SearchAction\",\"target\":{\"@type\":\"EntryPoint\",\"urlTemplate\":\"https:\/\/www.padreeustaquio.com.br\/?s={search_term_string}\"},\"query-input\":{\"@type\":\"PropertyValueSpecification\",\"valueRequired\":true,\"valueName\":\"search_term_string\"}}],\"inLanguage\":\"es\"},{\"@type\":\"Organization\",\"@id\":\"https:\/\/www.padreeustaquio.com.br\/#organization\",\"name\":\"Padre Eust\u00e1quio\",\"url\":\"https:\/\/www.padreeustaquio.com.br\/\",\"logo\":{\"@type\":\"ImageObject\",\"inLanguage\":\"es\",\"@id\":\"https:\/\/www.padreeustaquio.com.br\/#\/schema\/logo\/image\/\",\"url\":\"https:\/\/www.padreeustaquio.com.br\/wp-content\/uploads\/2019\/08\/marca.png\",\"contentUrl\":\"https:\/\/www.padreeustaquio.com.br\/wp-content\/uploads\/2019\/08\/marca.png\",\"width\":350,\"height\":400,\"caption\":\"Padre Eust\u00e1quio\"},\"image\":{\"@id\":\"https:\/\/www.padreeustaquio.com.br\/#\/schema\/logo\/image\/\"},\"sameAs\":[\"https:\/\/www.facebook.com\/beatopadreeustaquio\/\",\"https:\/\/x.com\/beatopeustaquio\",\"https:\/\/www.instagram.com\/beatopadreeustaquio\/\",\"https:\/\/www.youtube.com\/channel\/UCRhw7vfabnajwLxb1ZXMeIw\"]},{\"@type\":\"Person\",\"@id\":\"https:\/\/www.padreeustaquio.com.br\/#\/schema\/person\/a2a51db1d00f1a7af0204a0f1ddb1566\",\"name\":\"@sscc\",\"image\":{\"@type\":\"ImageObject\",\"inLanguage\":\"es\",\"@id\":\"https:\/\/secure.gravatar.com\/avatar\/68cfafa5f44617fea54071e215026e0ff06be366c3d54a8425f04fdcb86f8c5f?s=96&d=mm&r=g\",\"url\":\"https:\/\/secure.gravatar.com\/avatar\/68cfafa5f44617fea54071e215026e0ff06be366c3d54a8425f04fdcb86f8c5f?s=96&d=mm&r=g\",\"contentUrl\":\"https:\/\/secure.gravatar.com\/avatar\/68cfafa5f44617fea54071e215026e0ff06be366c3d54a8425f04fdcb86f8c5f?s=96&d=mm&r=g\",\"caption\":\"@sscc\"},\"url\":\"https:\/\/www.padreeustaquio.com.br\/es\/author\/sscc\/\"}]}<\/script>\n<!-- \/ Yoast SEO plugin. -->","yoast_head_json":{"title":"La Comisi\u00f3n para el Patrimonio Espiritual e Hist\u00f3rico SSCC se re\u00fane en Roma - Padre Eust\u00e1quio","robots":{"index":"index","follow":"follow","max-snippet":"max-snippet:-1","max-image-preview":"max-image-preview:large","max-video-preview":"max-video-preview:-1"},"canonical":"https:\/\/www.padreeustaquio.com.br\/es\/se-reune-en-roma-la-comision-para-el-patrimonio-espiritual-e-historico-de-los-sscc\/","og_locale":"es_ES","og_type":"article","og_title":"Comiss\u00e3o para o Patrim\u00f4nio Espiritual e Hist\u00f3rico SSCC se re\u00fane em Roma - Padre Eust\u00e1quio","og_description":"A Comiss\u00e3o para o Patrim\u00f4nio Espiritual e Hist\u00f3rico da Congrega\u00e7\u00e3o dos Sagrados Cora\u00e7\u00f5es se reuniu, no \u00faltimo dia 24 de setembro, na Casa Geral da Via Aur\u00e9lia (onde vivem as irm\u00e3s). Eles avaliaram o trabalho feito nos arquivos dos irm\u00e3os SSCC mortos na Comuna de Paris. Eles tamb\u00e9m planejaram o trabalho a ser desenvolvido nos pr\u00f3ximos meses em torno do discernimento pastoral, tendo como pano de fundo a experi\u00eancia dos Fundadores.\u00a0Andrzej Lukawski relatou a causa dos Fundadores e dos irm\u00e3os SSCC fuzilados na Comuna de Paris. Al\u00e9m disso, a Comiss\u00e3o est\u00e1 encarregada de preparar diretrizes para a reflex\u00e3o e adora\u00e7\u00e3o [&hellip;]","og_url":"https:\/\/www.padreeustaquio.com.br\/es\/se-reune-en-roma-la-comision-para-el-patrimonio-espiritual-e-historico-de-los-sscc\/","og_site_name":"Padre Eust\u00e1quio","article_publisher":"https:\/\/www.facebook.com\/beatopadreeustaquio\/","article_published_time":"2020-09-26T17:02:36+00:00","article_modified_time":"2020-09-26T17:10:37+00:00","og_image":[{"width":620,"height":465,"url":"https:\/\/www.padreeustaquio.com.br\/wp-content\/uploads\/2020\/09\/Irmaos-de-Roma-1.jpg","type":"image\/jpeg"}],"author":"@sscc","twitter_card":"summary_large_image","twitter_creator":"@beatopeustaquio","twitter_site":"@beatopeustaquio","twitter_misc":{"Escrito por":"@sscc","Tiempo de lectura":"1 minuto"},"schema":{"@context":"https:\/\/schema.org","@graph":[{"@type":"Article","@id":"https:\/\/www.padreeustaquio.com.br\/comissao-para-o-patrimonio-espiritual-e-historico-sscc-se-reune-em-roma\/#article","isPartOf":{"@id":"https:\/\/www.padreeustaquio.com.br\/comissao-para-o-patrimonio-espiritual-e-historico-sscc-se-reune-em-roma\/"},"author":{"name":"@sscc","@id":"https:\/\/www.padreeustaquio.com.br\/#\/schema\/person\/a2a51db1d00f1a7af0204a0f1ddb1566"},"headline":"Comiss\u00e3o para o Patrim\u00f4nio Espiritual e Hist\u00f3rico SSCC se re\u00fane em Roma","datePublished":"2020-09-26T17:02:36+00:00","dateModified":"2020-09-26T17:10:37+00:00","mainEntityOfPage":{"@id":"https:\/\/www.padreeustaquio.com.br\/comissao-para-o-patrimonio-espiritual-e-historico-sscc-se-reune-em-roma\/"},"wordCount":180,"commentCount":0,"publisher":{"@id":"https:\/\/www.padreeustaquio.com.br\/#organization"},"image":{"@id":"https:\/\/www.padreeustaquio.com.br\/comissao-para-o-patrimonio-espiritual-e-historico-sscc-se-reune-em-roma\/#primaryimage"},"thumbnailUrl":"https:\/\/www.padreeustaquio.com.br\/wp-content\/uploads\/2020\/09\/Irmaos-de-Roma-1.jpg","articleSection":["Not\u00edcias"],"inLanguage":"es","potentialAction":[{"@type":"CommentAction","name":"Comment","target":["https:\/\/www.padreeustaquio.com.br\/comissao-para-o-patrimonio-espiritual-e-historico-sscc-se-reune-em-roma\/#respond"]}]},{"@type":"WebPage","@id":"https:\/\/www.padreeustaquio.com.br\/comissao-para-o-patrimonio-espiritual-e-historico-sscc-se-reune-em-roma\/","url":"https:\/\/www.padreeustaquio.com.br\/comissao-para-o-patrimonio-espiritual-e-historico-sscc-se-reune-em-roma\/","name":"La Comisi\u00f3n para el Patrimonio Espiritual e Hist\u00f3rico SSCC se re\u00fane en Roma - Padre Eust\u00e1quio","isPartOf":{"@id":"https:\/\/www.padreeustaquio.com.br\/#website"},"primaryImageOfPage":{"@id":"https:\/\/www.padreeustaquio.com.br\/comissao-para-o-patrimonio-espiritual-e-historico-sscc-se-reune-em-roma\/#primaryimage"},"image":{"@id":"https:\/\/www.padreeustaquio.com.br\/comissao-para-o-patrimonio-espiritual-e-historico-sscc-se-reune-em-roma\/#primaryimage"},"thumbnailUrl":"https:\/\/www.padreeustaquio.com.br\/wp-content\/uploads\/2020\/09\/Irmaos-de-Roma-1.jpg","datePublished":"2020-09-26T17:02:36+00:00","dateModified":"2020-09-26T17:10:37+00:00","breadcrumb":{"@id":"https:\/\/www.padreeustaquio.com.br\/comissao-para-o-patrimonio-espiritual-e-historico-sscc-se-reune-em-roma\/#breadcrumb"},"inLanguage":"es","potentialAction":[{"@type":"ReadAction","target":["https:\/\/www.padreeustaquio.com.br\/comissao-para-o-patrimonio-espiritual-e-historico-sscc-se-reune-em-roma\/"]}]},{"@type":"ImageObject","inLanguage":"es","@id":"https:\/\/www.padreeustaquio.com.br\/comissao-para-o-patrimonio-espiritual-e-historico-sscc-se-reune-em-roma\/#primaryimage","url":"https:\/\/www.padreeustaquio.com.br\/wp-content\/uploads\/2020\/09\/Irmaos-de-Roma-1.jpg","contentUrl":"https:\/\/www.padreeustaquio.com.br\/wp-content\/uploads\/2020\/09\/Irmaos-de-Roma-1.jpg","width":620,"height":465},{"@type":"BreadcrumbList","@id":"https:\/\/www.padreeustaquio.com.br\/comissao-para-o-patrimonio-espiritual-e-historico-sscc-se-reune-em-roma\/#breadcrumb","itemListElement":[{"@type":"ListItem","position":1,"name":"In\u00edcio","item":"https:\/\/www.padreeustaquio.com.br\/"},{"@type":"ListItem","position":2,"name":"Comiss\u00e3o para o Patrim\u00f4nio Espiritual e Hist\u00f3rico SSCC se re\u00fane em Roma"}]},{"@type":"WebSite","@id":"https:\/\/www.padreeustaquio.com.br\/#website","url":"https:\/\/www.padreeustaquio.com.br\/","name":"Padre Eustace","description":"Salud y Paz","publisher":{"@id":"https:\/\/www.padreeustaquio.com.br\/#organization"},"potentialAction":[{"@type":"SearchAction","target":{"@type":"EntryPoint","urlTemplate":"https:\/\/www.padreeustaquio.com.br\/?s={search_term_string}"},"query-input":{"@type":"PropertyValueSpecification","valueRequired":true,"valueName":"search_term_string"}}],"inLanguage":"es"},{"@type":"Organization","@id":"https:\/\/www.padreeustaquio.com.br\/#organization","name":"Padre Eustace","url":"https:\/\/www.padreeustaquio.com.br\/","logo":{"@type":"ImageObject","inLanguage":"es","@id":"https:\/\/www.padreeustaquio.com.br\/#\/schema\/logo\/image\/","url":"https:\/\/www.padreeustaquio.com.br\/wp-content\/uploads\/2019\/08\/marca.png","contentUrl":"https:\/\/www.padreeustaquio.com.br\/wp-content\/uploads\/2019\/08\/marca.png","width":350,"height":400,"caption":"Padre Eust\u00e1quio"},"image":{"@id":"https:\/\/www.padreeustaquio.com.br\/#\/schema\/logo\/image\/"},"sameAs":["https:\/\/www.facebook.com\/beatopadreeustaquio\/","https:\/\/x.com\/beatopeustaquio","https:\/\/www.instagram.com\/beatopadreeustaquio\/","https:\/\/www.youtube.com\/channel\/UCRhw7vfabnajwLxb1ZXMeIw"]},{"@type":"Person","@id":"https:\/\/www.padreeustaquio.com.br\/#\/schema\/person\/a2a51db1d00f1a7af0204a0f1ddb1566","name":"@sscc","image":{"@type":"ImageObject","inLanguage":"es","@id":"https:\/\/secure.gravatar.com\/avatar\/68cfafa5f44617fea54071e215026e0ff06be366c3d54a8425f04fdcb86f8c5f?s=96&d=mm&r=g","url":"https:\/\/secure.gravatar.com\/avatar\/68cfafa5f44617fea54071e215026e0ff06be366c3d54a8425f04fdcb86f8c5f?s=96&d=mm&r=g","contentUrl":"https:\/\/secure.gravatar.com\/avatar\/68cfafa5f44617fea54071e215026e0ff06be366c3d54a8425f04fdcb86f8c5f?s=96&d=mm&r=g","caption":"@sscc"},"url":"https:\/\/www.padreeustaquio.com.br\/es\/author\/sscc\/"}]}},"_links":{"self":[{"href":"https:\/\/www.padreeustaquio.com.br\/es\/wp-json\/wp\/v2\/posts\/4628","targetHints":{"allow":["GET"]}}],"collection":[{"href":"https:\/\/www.padreeustaquio.com.br\/es\/wp-json\/wp\/v2\/posts"}],"about":[{"href":"https:\/\/www.padreeustaquio.com.br\/es\/wp-json\/wp\/v2\/types\/post"}],"author":[{"embeddable":true,"href":"https:\/\/www.padreeustaquio.com.br\/es\/wp-json\/wp\/v2\/users\/2"}],"replies":[{"embeddable":true,"href":"https:\/\/www.padreeustaquio.com.br\/es\/wp-json\/wp\/v2\/comments?post=4628"}],"version-history":[{"count":0,"href":"https:\/\/www.padreeustaquio.com.br\/es\/wp-json\/wp\/v2\/posts\/4628\/revisions"}],"wp:featuredmedia":[{"embeddable":true,"href":"https:\/\/www.padreeustaquio.com.br\/es\/wp-json\/wp\/v2\/media\/4631"}],"wp:attachment":[{"href":"https:\/\/www.padreeustaquio.com.br\/es\/wp-json\/wp\/v2\/media?parent=4628"}],"wp:term":[{"taxonomy":"category","embeddable":true,"href":"https:\/\/www.padreeustaquio.com.br\/es\/wp-json\/wp\/v2\/categories?post=4628"},{"taxonomy":"post_tag","embeddable":true,"href":"https:\/\/www.padreeustaquio.com.br\/es\/wp-json\/wp\/v2\/tags?post=4628"}],"curies":[{"name":"wp","href":"https:\/\/api.w.org\/{rel}","templated":true}]}}