{"id":4622,"date":"2020-09-25T11:40:39","date_gmt":"2020-09-25T14:40:39","guid":{"rendered":"https:\/\/www.padreeustaquio.com.br\/?p=4622"},"modified":"2020-09-25T11:42:57","modified_gmt":"2020-09-25T14:42:57","slug":"caete-mg-devotos-levantan-nueva-iglesia-dedicada-al-padre-eustaquio","status":"publish","type":"post","link":"https:\/\/www.padreeustaquio.com.br\/es\/caete-mg-devotos-levantan-nueva-iglesia-dedicada-al-padre-eustaquio\/","title":{"rendered":"Los devotos construyen nueva capilla dedicada al Padre Eust\u00e1quio en Caet\u00e9, Minas Gerais."},"content":{"rendered":"<p>Cualquiera que visite el barrio Quintas da Serra en la ciudad de Caet\u00e9, en la regi\u00f3n metropolitana de Belo Horizonte, justo al pie del Santuario del Santo Patr\u00f3n de Minas Gerais, se sorprender\u00e1 por la magnitud y belleza de un templo que se construye en una propiedad privada. El sitio es la residencia y taller del artesano sacro Joel Matias, conocido en toda la regi\u00f3n por la belleza de sus obras esculpidas en diversos materiales, y servir\u00e1 como punto de peregrinaci\u00f3n para los fieles en honor al Beato Padre Eust\u00e1quio, quien est\u00e1 en camino a la santidad.<\/p>\n<p>Todo comenz\u00f3 despu\u00e9s de una promesa hecha por el abogado y ex alcalde de Caet\u00e9, Ademir Carvalho, quien recibi\u00f3 una bendici\u00f3n por intercesi\u00f3n del padre Eust\u00e1quio. <em>\u201cMi hijo Jair contrajo fiebre maculosa tras participar en una carrera h\u00edpica en Caet\u00e9. Entr\u00f3 en coma profundo y fue dif\u00edcil diagnosticar la enfermedad. Entonces, alguien me dijo que rezara al Padre Eust\u00e1quio, quien falleci\u00f3 a causa de esta enfermedad, transmitida por garrapatas. Fui a la iglesia donde est\u00e1 su tumba en Belo Horizonte y rec\u00e9 por mi hijo. Al llegar al hospital, vi a mi hijo salir del coma y mejorar progresivamente hasta recuperarse. En ese momento, promet\u00ed construir un santuario en honor al Padre Eust\u00e1quio.\u201d<\/em>, dijo Ademir.<\/p>\n<p>Partiendo de ese hecho, Ademir busc\u00f3 a Joel, quien desde hac\u00eda tiempo albergaba devoci\u00f3n por el sacerdote holand\u00e9s fallecido en Belo Horizonte con fama de santidad, y juntos encabezaron el audaz proyecto que ya est\u00e1 en marcha desde hace aproximadamente un a\u00f1o.<\/p>\n<p><em>\u201cEl oratorio llevar\u00e1 el nombre de Nuestra Se\u00f1ora de la Anunciaci\u00f3n y del Beato Padre Eustaquio. El t\u00edtulo de Nuestra Se\u00f1ora se eligi\u00f3 por la reliquia de la casa de la Virgen Mar\u00eda que el Santuario recibi\u00f3 hace tiempo. En cuanto al Beato Padre Eustaquio, se eligi\u00f3 por mi devoci\u00f3n y tambi\u00e9n por la de Ademir, quien fue uno de los inspiradores de la obra.\u201d<\/em>, &quot;dijo Joel.&quot;.<\/p>\n<p>El oratorio, con capacidad para 80 personas, es de estilo g\u00f3tico y est\u00e1 fuertemente inspirado en aspectos de la teolog\u00eda cat\u00f3lica, desde las dimensiones y formas de los altares hasta el dise\u00f1o de los acabados. Una imagen del Sant\u00edsimo ya ha sido donada por un devoto y pronto se instalar\u00e1 sobre la entrada del oratorio. A\u00fan no hay fecha para la inauguraci\u00f3n del lugar, que tambi\u00e9n deber\u00eda servir como lugar para reuniones y formaci\u00f3n religiosa. Si las autoridades eclesi\u00e1sticas lo autorizan, el oratorio tambi\u00e9n podr\u00e1 albergar bodas y bautizos. Los fieles y devotos que lo deseen tambi\u00e9n pueden hacer donaciones.<\/p>\n<p><em><strong>Art\u00edculo de Jo\u00e3o Eduardo S. Mariana, publicado en el peri\u00f3dico Opini\u00e3o (Caet\u00e9-MG)<\/strong><\/em><\/p>","protected":false},"excerpt":{"rendered":"<p>Quem vai at\u00e9 o Bairro Quintas da Serra, na cidade de Caet\u00e9 regi\u00e3o metropolitana de Belo Horizonte, bem aos p\u00e9s do Santu\u00e1rio da Padroeira de Minas, se surpreende com a magnitude e a beleza de um templo que est\u00e1 sendo constru\u00eddo dentro de uma propriedade particular. O local \u00e9 resid\u00eancia e ateli\u00ea do artes\u00e3o sacro Joel Matias, conhecido em toda a regi\u00e3o pela beleza de suas obras esculpidas em diferentes materiais, e servir\u00e1 daqui como ponto de peregrina\u00e7\u00e3o de fieis em honra ao Beato Padre Eust\u00e1quio, que est\u00e1 em vias de se tornar santo. Tudo come\u00e7ou ap\u00f3s uma promessa feita [&hellip;]<\/p>\n","protected":false},"author":2,"featured_media":4623,"comment_status":"open","ping_status":"open","sticky":false,"template":"","format":"standard","meta":{"_acf_changed":false,"footnotes":""},"categories":[611],"tags":[],"class_list":["post-4622","post","type-post","status-publish","format-standard","has-post-thumbnail","hentry","category-noticias"],"acf":[],"yoast_head":"<!-- This site is optimized with the Yoast SEO plugin v27.2 - https:\/\/yoast.com\/product\/yoast-seo-wordpress\/ -->\n<title>Devotos erguem nova capela dedicada a Padre Eust\u00e1quio, em Caet\u00e9-MG - Padre Eust\u00e1quio<\/title>\n<meta name=\"robots\" content=\"index, follow, max-snippet:-1, max-image-preview:large, max-video-preview:-1\" \/>\n<link rel=\"canonical\" href=\"https:\/\/www.padreeustaquio.com.br\/es\/caete-mg-devotos-levantan-nueva-iglesia-dedicada-al-padre-eustaquio\/\" \/>\n<meta property=\"og:locale\" content=\"es_ES\" \/>\n<meta property=\"og:type\" content=\"article\" \/>\n<meta property=\"og:title\" content=\"Devotos erguem nova capela dedicada a Padre Eust\u00e1quio, em Caet\u00e9-MG - Padre Eust\u00e1quio\" \/>\n<meta property=\"og:description\" content=\"Quem vai at\u00e9 o Bairro Quintas da Serra, na cidade de Caet\u00e9 regi\u00e3o metropolitana de Belo Horizonte, bem aos p\u00e9s do Santu\u00e1rio da Padroeira de Minas, se surpreende com a magnitude e a beleza de um templo que est\u00e1 sendo constru\u00eddo dentro de uma propriedade particular. O local \u00e9 resid\u00eancia e ateli\u00ea do artes\u00e3o sacro Joel Matias, conhecido em toda a regi\u00e3o pela beleza de suas obras esculpidas em diferentes materiais, e servir\u00e1 daqui como ponto de peregrina\u00e7\u00e3o de fieis em honra ao Beato Padre Eust\u00e1quio, que est\u00e1 em vias de se tornar santo. Tudo come\u00e7ou ap\u00f3s uma promessa feita [&hellip;]\" \/>\n<meta property=\"og:url\" content=\"https:\/\/www.padreeustaquio.com.br\/es\/caete-mg-devotos-levantan-nueva-iglesia-dedicada-al-padre-eustaquio\/\" \/>\n<meta property=\"og:site_name\" content=\"Padre Eust\u00e1quio\" \/>\n<meta property=\"article:publisher\" content=\"https:\/\/www.facebook.com\/beatopadreeustaquio\/\" \/>\n<meta property=\"article:published_time\" content=\"2020-09-25T14:40:39+00:00\" \/>\n<meta property=\"article:modified_time\" content=\"2020-09-25T14:42:57+00:00\" \/>\n<meta property=\"og:image\" content=\"https:\/\/www.padreeustaquio.com.br\/wp-content\/uploads\/2020\/09\/WhatsApp-Image-2020-09-25-at-11.29.42.jpeg\" \/>\n\t<meta property=\"og:image:width\" content=\"774\" \/>\n\t<meta property=\"og:image:height\" content=\"1032\" \/>\n\t<meta property=\"og:image:type\" content=\"image\/jpeg\" \/>\n<meta name=\"author\" content=\"@sscc\" \/>\n<meta name=\"twitter:card\" content=\"summary_large_image\" \/>\n<meta name=\"twitter:creator\" content=\"@beatopeustaquio\" \/>\n<meta name=\"twitter:site\" content=\"@beatopeustaquio\" \/>\n<meta name=\"twitter:label1\" content=\"Escrito por\" \/>\n\t<meta name=\"twitter:data1\" content=\"@sscc\" \/>\n\t<meta name=\"twitter:label2\" content=\"Tiempo de lectura\" \/>\n\t<meta name=\"twitter:data2\" content=\"2 minutos\" \/>\n<script type=\"application\/ld+json\" class=\"yoast-schema-graph\">{\"@context\":\"https:\/\/schema.org\",\"@graph\":[{\"@type\":\"Article\",\"@id\":\"https:\/\/www.padreeustaquio.com.br\/caete-mg-devotos-erguem-nova-igreja-dedicada-a-padre-eustaquio\/#article\",\"isPartOf\":{\"@id\":\"https:\/\/www.padreeustaquio.com.br\/caete-mg-devotos-erguem-nova-igreja-dedicada-a-padre-eustaquio\/\"},\"author\":{\"name\":\"@sscc\",\"@id\":\"https:\/\/www.padreeustaquio.com.br\/#\/schema\/person\/a2a51db1d00f1a7af0204a0f1ddb1566\"},\"headline\":\"Devotos erguem nova capela dedicada a Padre Eust\u00e1quio, em Caet\u00e9-MG\",\"datePublished\":\"2020-09-25T14:40:39+00:00\",\"dateModified\":\"2020-09-25T14:42:57+00:00\",\"mainEntityOfPage\":{\"@id\":\"https:\/\/www.padreeustaquio.com.br\/caete-mg-devotos-erguem-nova-igreja-dedicada-a-padre-eustaquio\/\"},\"wordCount\":495,\"commentCount\":0,\"publisher\":{\"@id\":\"https:\/\/www.padreeustaquio.com.br\/#organization\"},\"image\":{\"@id\":\"https:\/\/www.padreeustaquio.com.br\/caete-mg-devotos-erguem-nova-igreja-dedicada-a-padre-eustaquio\/#primaryimage\"},\"thumbnailUrl\":\"https:\/\/www.padreeustaquio.com.br\/wp-content\/uploads\/2020\/09\/WhatsApp-Image-2020-09-25-at-11.29.42.jpeg\",\"articleSection\":[\"Not\u00edcias\"],\"inLanguage\":\"es\",\"potentialAction\":[{\"@type\":\"CommentAction\",\"name\":\"Comment\",\"target\":[\"https:\/\/www.padreeustaquio.com.br\/caete-mg-devotos-erguem-nova-igreja-dedicada-a-padre-eustaquio\/#respond\"]}]},{\"@type\":\"WebPage\",\"@id\":\"https:\/\/www.padreeustaquio.com.br\/caete-mg-devotos-erguem-nova-igreja-dedicada-a-padre-eustaquio\/\",\"url\":\"https:\/\/www.padreeustaquio.com.br\/caete-mg-devotos-erguem-nova-igreja-dedicada-a-padre-eustaquio\/\",\"name\":\"Devotos erguem nova capela dedicada a Padre Eust\u00e1quio, em Caet\u00e9-MG - Padre Eust\u00e1quio\",\"isPartOf\":{\"@id\":\"https:\/\/www.padreeustaquio.com.br\/#website\"},\"primaryImageOfPage\":{\"@id\":\"https:\/\/www.padreeustaquio.com.br\/caete-mg-devotos-erguem-nova-igreja-dedicada-a-padre-eustaquio\/#primaryimage\"},\"image\":{\"@id\":\"https:\/\/www.padreeustaquio.com.br\/caete-mg-devotos-erguem-nova-igreja-dedicada-a-padre-eustaquio\/#primaryimage\"},\"thumbnailUrl\":\"https:\/\/www.padreeustaquio.com.br\/wp-content\/uploads\/2020\/09\/WhatsApp-Image-2020-09-25-at-11.29.42.jpeg\",\"datePublished\":\"2020-09-25T14:40:39+00:00\",\"dateModified\":\"2020-09-25T14:42:57+00:00\",\"breadcrumb\":{\"@id\":\"https:\/\/www.padreeustaquio.com.br\/caete-mg-devotos-erguem-nova-igreja-dedicada-a-padre-eustaquio\/#breadcrumb\"},\"inLanguage\":\"es\",\"potentialAction\":[{\"@type\":\"ReadAction\",\"target\":[\"https:\/\/www.padreeustaquio.com.br\/caete-mg-devotos-erguem-nova-igreja-dedicada-a-padre-eustaquio\/\"]}]},{\"@type\":\"ImageObject\",\"inLanguage\":\"es\",\"@id\":\"https:\/\/www.padreeustaquio.com.br\/caete-mg-devotos-erguem-nova-igreja-dedicada-a-padre-eustaquio\/#primaryimage\",\"url\":\"https:\/\/www.padreeustaquio.com.br\/wp-content\/uploads\/2020\/09\/WhatsApp-Image-2020-09-25-at-11.29.42.jpeg\",\"contentUrl\":\"https:\/\/www.padreeustaquio.com.br\/wp-content\/uploads\/2020\/09\/WhatsApp-Image-2020-09-25-at-11.29.42.jpeg\",\"width\":774,\"height\":1032},{\"@type\":\"BreadcrumbList\",\"@id\":\"https:\/\/www.padreeustaquio.com.br\/caete-mg-devotos-erguem-nova-igreja-dedicada-a-padre-eustaquio\/#breadcrumb\",\"itemListElement\":[{\"@type\":\"ListItem\",\"position\":1,\"name\":\"In\u00edcio\",\"item\":\"https:\/\/www.padreeustaquio.com.br\/\"},{\"@type\":\"ListItem\",\"position\":2,\"name\":\"Devotos erguem nova capela dedicada a Padre Eust\u00e1quio, em Caet\u00e9-MG\"}]},{\"@type\":\"WebSite\",\"@id\":\"https:\/\/www.padreeustaquio.com.br\/#website\",\"url\":\"https:\/\/www.padreeustaquio.com.br\/\",\"name\":\"Padre Eust\u00e1quio\",\"description\":\"Sa\u00fade e Paz\",\"publisher\":{\"@id\":\"https:\/\/www.padreeustaquio.com.br\/#organization\"},\"potentialAction\":[{\"@type\":\"SearchAction\",\"target\":{\"@type\":\"EntryPoint\",\"urlTemplate\":\"https:\/\/www.padreeustaquio.com.br\/?s={search_term_string}\"},\"query-input\":{\"@type\":\"PropertyValueSpecification\",\"valueRequired\":true,\"valueName\":\"search_term_string\"}}],\"inLanguage\":\"es\"},{\"@type\":\"Organization\",\"@id\":\"https:\/\/www.padreeustaquio.com.br\/#organization\",\"name\":\"Padre Eust\u00e1quio\",\"url\":\"https:\/\/www.padreeustaquio.com.br\/\",\"logo\":{\"@type\":\"ImageObject\",\"inLanguage\":\"es\",\"@id\":\"https:\/\/www.padreeustaquio.com.br\/#\/schema\/logo\/image\/\",\"url\":\"https:\/\/www.padreeustaquio.com.br\/wp-content\/uploads\/2019\/08\/marca.png\",\"contentUrl\":\"https:\/\/www.padreeustaquio.com.br\/wp-content\/uploads\/2019\/08\/marca.png\",\"width\":350,\"height\":400,\"caption\":\"Padre Eust\u00e1quio\"},\"image\":{\"@id\":\"https:\/\/www.padreeustaquio.com.br\/#\/schema\/logo\/image\/\"},\"sameAs\":[\"https:\/\/www.facebook.com\/beatopadreeustaquio\/\",\"https:\/\/x.com\/beatopeustaquio\",\"https:\/\/www.instagram.com\/beatopadreeustaquio\/\",\"https:\/\/www.youtube.com\/channel\/UCRhw7vfabnajwLxb1ZXMeIw\"]},{\"@type\":\"Person\",\"@id\":\"https:\/\/www.padreeustaquio.com.br\/#\/schema\/person\/a2a51db1d00f1a7af0204a0f1ddb1566\",\"name\":\"@sscc\",\"image\":{\"@type\":\"ImageObject\",\"inLanguage\":\"es\",\"@id\":\"https:\/\/secure.gravatar.com\/avatar\/68cfafa5f44617fea54071e215026e0ff06be366c3d54a8425f04fdcb86f8c5f?s=96&d=mm&r=g\",\"url\":\"https:\/\/secure.gravatar.com\/avatar\/68cfafa5f44617fea54071e215026e0ff06be366c3d54a8425f04fdcb86f8c5f?s=96&d=mm&r=g\",\"contentUrl\":\"https:\/\/secure.gravatar.com\/avatar\/68cfafa5f44617fea54071e215026e0ff06be366c3d54a8425f04fdcb86f8c5f?s=96&d=mm&r=g\",\"caption\":\"@sscc\"},\"url\":\"https:\/\/www.padreeustaquio.com.br\/es\/author\/sscc\/\"}]}<\/script>\n<!-- \/ Yoast SEO plugin. -->","yoast_head_json":{"title":"Devotos levantan nueva capilla dedicada al Padre Eust\u00e1quio, en Caet\u00e9-MG - Padre Eust\u00e1quio","robots":{"index":"index","follow":"follow","max-snippet":"max-snippet:-1","max-image-preview":"max-image-preview:large","max-video-preview":"max-video-preview:-1"},"canonical":"https:\/\/www.padreeustaquio.com.br\/es\/caete-mg-devotos-levantan-nueva-iglesia-dedicada-al-padre-eustaquio\/","og_locale":"es_ES","og_type":"article","og_title":"Devotos erguem nova capela dedicada a Padre Eust\u00e1quio, em Caet\u00e9-MG - Padre Eust\u00e1quio","og_description":"Quem vai at\u00e9 o Bairro Quintas da Serra, na cidade de Caet\u00e9 regi\u00e3o metropolitana de Belo Horizonte, bem aos p\u00e9s do Santu\u00e1rio da Padroeira de Minas, se surpreende com a magnitude e a beleza de um templo que est\u00e1 sendo constru\u00eddo dentro de uma propriedade particular. O local \u00e9 resid\u00eancia e ateli\u00ea do artes\u00e3o sacro Joel Matias, conhecido em toda a regi\u00e3o pela beleza de suas obras esculpidas em diferentes materiais, e servir\u00e1 daqui como ponto de peregrina\u00e7\u00e3o de fieis em honra ao Beato Padre Eust\u00e1quio, que est\u00e1 em vias de se tornar santo. Tudo come\u00e7ou ap\u00f3s uma promessa feita [&hellip;]","og_url":"https:\/\/www.padreeustaquio.com.br\/es\/caete-mg-devotos-levantan-nueva-iglesia-dedicada-al-padre-eustaquio\/","og_site_name":"Padre Eust\u00e1quio","article_publisher":"https:\/\/www.facebook.com\/beatopadreeustaquio\/","article_published_time":"2020-09-25T14:40:39+00:00","article_modified_time":"2020-09-25T14:42:57+00:00","og_image":[{"width":774,"height":1032,"url":"https:\/\/www.padreeustaquio.com.br\/wp-content\/uploads\/2020\/09\/WhatsApp-Image-2020-09-25-at-11.29.42.jpeg","type":"image\/jpeg"}],"author":"@sscc","twitter_card":"summary_large_image","twitter_creator":"@beatopeustaquio","twitter_site":"@beatopeustaquio","twitter_misc":{"Escrito por":"@sscc","Tiempo de lectura":"2 minutos"},"schema":{"@context":"https:\/\/schema.org","@graph":[{"@type":"Article","@id":"https:\/\/www.padreeustaquio.com.br\/caete-mg-devotos-erguem-nova-igreja-dedicada-a-padre-eustaquio\/#article","isPartOf":{"@id":"https:\/\/www.padreeustaquio.com.br\/caete-mg-devotos-erguem-nova-igreja-dedicada-a-padre-eustaquio\/"},"author":{"name":"@sscc","@id":"https:\/\/www.padreeustaquio.com.br\/#\/schema\/person\/a2a51db1d00f1a7af0204a0f1ddb1566"},"headline":"Devotos erguem nova capela dedicada a Padre Eust\u00e1quio, em Caet\u00e9-MG","datePublished":"2020-09-25T14:40:39+00:00","dateModified":"2020-09-25T14:42:57+00:00","mainEntityOfPage":{"@id":"https:\/\/www.padreeustaquio.com.br\/caete-mg-devotos-erguem-nova-igreja-dedicada-a-padre-eustaquio\/"},"wordCount":495,"commentCount":0,"publisher":{"@id":"https:\/\/www.padreeustaquio.com.br\/#organization"},"image":{"@id":"https:\/\/www.padreeustaquio.com.br\/caete-mg-devotos-erguem-nova-igreja-dedicada-a-padre-eustaquio\/#primaryimage"},"thumbnailUrl":"https:\/\/www.padreeustaquio.com.br\/wp-content\/uploads\/2020\/09\/WhatsApp-Image-2020-09-25-at-11.29.42.jpeg","articleSection":["Not\u00edcias"],"inLanguage":"es","potentialAction":[{"@type":"CommentAction","name":"Comment","target":["https:\/\/www.padreeustaquio.com.br\/caete-mg-devotos-erguem-nova-igreja-dedicada-a-padre-eustaquio\/#respond"]}]},{"@type":"WebPage","@id":"https:\/\/www.padreeustaquio.com.br\/caete-mg-devotos-erguem-nova-igreja-dedicada-a-padre-eustaquio\/","url":"https:\/\/www.padreeustaquio.com.br\/caete-mg-devotos-erguem-nova-igreja-dedicada-a-padre-eustaquio\/","name":"Devotos levantan nueva capilla dedicada al Padre Eust\u00e1quio, en Caet\u00e9-MG - Padre Eust\u00e1quio","isPartOf":{"@id":"https:\/\/www.padreeustaquio.com.br\/#website"},"primaryImageOfPage":{"@id":"https:\/\/www.padreeustaquio.com.br\/caete-mg-devotos-erguem-nova-igreja-dedicada-a-padre-eustaquio\/#primaryimage"},"image":{"@id":"https:\/\/www.padreeustaquio.com.br\/caete-mg-devotos-erguem-nova-igreja-dedicada-a-padre-eustaquio\/#primaryimage"},"thumbnailUrl":"https:\/\/www.padreeustaquio.com.br\/wp-content\/uploads\/2020\/09\/WhatsApp-Image-2020-09-25-at-11.29.42.jpeg","datePublished":"2020-09-25T14:40:39+00:00","dateModified":"2020-09-25T14:42:57+00:00","breadcrumb":{"@id":"https:\/\/www.padreeustaquio.com.br\/caete-mg-devotos-erguem-nova-igreja-dedicada-a-padre-eustaquio\/#breadcrumb"},"inLanguage":"es","potentialAction":[{"@type":"ReadAction","target":["https:\/\/www.padreeustaquio.com.br\/caete-mg-devotos-erguem-nova-igreja-dedicada-a-padre-eustaquio\/"]}]},{"@type":"ImageObject","inLanguage":"es","@id":"https:\/\/www.padreeustaquio.com.br\/caete-mg-devotos-erguem-nova-igreja-dedicada-a-padre-eustaquio\/#primaryimage","url":"https:\/\/www.padreeustaquio.com.br\/wp-content\/uploads\/2020\/09\/WhatsApp-Image-2020-09-25-at-11.29.42.jpeg","contentUrl":"https:\/\/www.padreeustaquio.com.br\/wp-content\/uploads\/2020\/09\/WhatsApp-Image-2020-09-25-at-11.29.42.jpeg","width":774,"height":1032},{"@type":"BreadcrumbList","@id":"https:\/\/www.padreeustaquio.com.br\/caete-mg-devotos-erguem-nova-igreja-dedicada-a-padre-eustaquio\/#breadcrumb","itemListElement":[{"@type":"ListItem","position":1,"name":"In\u00edcio","item":"https:\/\/www.padreeustaquio.com.br\/"},{"@type":"ListItem","position":2,"name":"Devotos erguem nova capela dedicada a Padre Eust\u00e1quio, em Caet\u00e9-MG"}]},{"@type":"WebSite","@id":"https:\/\/www.padreeustaquio.com.br\/#website","url":"https:\/\/www.padreeustaquio.com.br\/","name":"Padre Eustace","description":"Salud y Paz","publisher":{"@id":"https:\/\/www.padreeustaquio.com.br\/#organization"},"potentialAction":[{"@type":"SearchAction","target":{"@type":"EntryPoint","urlTemplate":"https:\/\/www.padreeustaquio.com.br\/?s={search_term_string}"},"query-input":{"@type":"PropertyValueSpecification","valueRequired":true,"valueName":"search_term_string"}}],"inLanguage":"es"},{"@type":"Organization","@id":"https:\/\/www.padreeustaquio.com.br\/#organization","name":"Padre Eustace","url":"https:\/\/www.padreeustaquio.com.br\/","logo":{"@type":"ImageObject","inLanguage":"es","@id":"https:\/\/www.padreeustaquio.com.br\/#\/schema\/logo\/image\/","url":"https:\/\/www.padreeustaquio.com.br\/wp-content\/uploads\/2019\/08\/marca.png","contentUrl":"https:\/\/www.padreeustaquio.com.br\/wp-content\/uploads\/2019\/08\/marca.png","width":350,"height":400,"caption":"Padre Eust\u00e1quio"},"image":{"@id":"https:\/\/www.padreeustaquio.com.br\/#\/schema\/logo\/image\/"},"sameAs":["https:\/\/www.facebook.com\/beatopadreeustaquio\/","https:\/\/x.com\/beatopeustaquio","https:\/\/www.instagram.com\/beatopadreeustaquio\/","https:\/\/www.youtube.com\/channel\/UCRhw7vfabnajwLxb1ZXMeIw"]},{"@type":"Person","@id":"https:\/\/www.padreeustaquio.com.br\/#\/schema\/person\/a2a51db1d00f1a7af0204a0f1ddb1566","name":"@sscc","image":{"@type":"ImageObject","inLanguage":"es","@id":"https:\/\/secure.gravatar.com\/avatar\/68cfafa5f44617fea54071e215026e0ff06be366c3d54a8425f04fdcb86f8c5f?s=96&d=mm&r=g","url":"https:\/\/secure.gravatar.com\/avatar\/68cfafa5f44617fea54071e215026e0ff06be366c3d54a8425f04fdcb86f8c5f?s=96&d=mm&r=g","contentUrl":"https:\/\/secure.gravatar.com\/avatar\/68cfafa5f44617fea54071e215026e0ff06be366c3d54a8425f04fdcb86f8c5f?s=96&d=mm&r=g","caption":"@sscc"},"url":"https:\/\/www.padreeustaquio.com.br\/es\/author\/sscc\/"}]}},"_links":{"self":[{"href":"https:\/\/www.padreeustaquio.com.br\/es\/wp-json\/wp\/v2\/posts\/4622","targetHints":{"allow":["GET"]}}],"collection":[{"href":"https:\/\/www.padreeustaquio.com.br\/es\/wp-json\/wp\/v2\/posts"}],"about":[{"href":"https:\/\/www.padreeustaquio.com.br\/es\/wp-json\/wp\/v2\/types\/post"}],"author":[{"embeddable":true,"href":"https:\/\/www.padreeustaquio.com.br\/es\/wp-json\/wp\/v2\/users\/2"}],"replies":[{"embeddable":true,"href":"https:\/\/www.padreeustaquio.com.br\/es\/wp-json\/wp\/v2\/comments?post=4622"}],"version-history":[{"count":0,"href":"https:\/\/www.padreeustaquio.com.br\/es\/wp-json\/wp\/v2\/posts\/4622\/revisions"}],"wp:featuredmedia":[{"embeddable":true,"href":"https:\/\/www.padreeustaquio.com.br\/es\/wp-json\/wp\/v2\/media\/4623"}],"wp:attachment":[{"href":"https:\/\/www.padreeustaquio.com.br\/es\/wp-json\/wp\/v2\/media?parent=4622"}],"wp:term":[{"taxonomy":"category","embeddable":true,"href":"https:\/\/www.padreeustaquio.com.br\/es\/wp-json\/wp\/v2\/categories?post=4622"},{"taxonomy":"post_tag","embeddable":true,"href":"https:\/\/www.padreeustaquio.com.br\/es\/wp-json\/wp\/v2\/tags?post=4622"}],"curies":[{"name":"wp","href":"https:\/\/api.w.org\/{rel}","templated":true}]}}