{"id":4615,"date":"2020-09-19T18:53:41","date_gmt":"2020-09-19T21:53:41","guid":{"rendered":"https:\/\/www.padreeustaquio.com.br\/?p=4615"},"modified":"2020-09-19T18:53:41","modified_gmt":"2020-09-19T21:53:41","slug":"la-misa-y-el-almuerzo-marcan-el-final-de-la-fase-de-entrenamiento","status":"publish","type":"post","link":"https:\/\/www.padreeustaquio.com.br\/es\/la-misa-y-el-almuerzo-marcan-el-final-de-la-fase-de-entrenamiento\/","title":{"rendered":"La misa y el almuerzo marcan el final de la fase de entrenamiento."},"content":{"rendered":"<p>En la ma\u00f1ana del pasado s\u00e1bado 19, en la capilla de la Iglesia Padre Eust\u00e1quio, el P. S\u00e9rgio Stein, Provincial de Brasil, presidi\u00f3 la Eucarist\u00eda para concluir el programa de preparaci\u00f3n para los votos perpetuos y el ministerio ordenado. Este programa sigue las directrices del Cap\u00edtulo General y las reuniones de los formadores de la Cuarta Etapa.<\/p>\n<p>La provincia de Brasil, junto a la Regi\u00f3n Paraguaya, estableci\u00f3 un acuerdo de convivencia por seis meses, pero debido al aislamiento social provocado por la pandemia del Coronavirus, el mismo se extendi\u00f3 por dos meses.<\/p>\n<p>Participaron los siguientes hermanos: Arm\u00edn P\u00e9rez, Edvaldo Carneiro, Gustavo van Humbeeck y Wanderson de Souza. El padre Marcus Vinicius fue el formador de este grupo. A la Eucarist\u00eda asistieron miembros de las casas de formaci\u00f3n de Belo Horizonte y, tras la celebraci\u00f3n, se ofreci\u00f3 un delicioso almuerzo de confraternidad.<\/p>","protected":false},"excerpt":{"rendered":"<p>Na manh\u00e3 do \u00faltimo s\u00e1bado, dia 19, na capela da Igreja Padre Eust\u00e1quio, Pe. S\u00e9rgio Stein, Provincial do Brasil presidiu a Eucaristia de enceramento do programa de prepara\u00e7\u00e3o para os votos perp\u00e9tuos e minist\u00e9rios ordenados. Este programa segue as orienta\u00e7\u00f5es do Cap\u00edtulo Geral e das reuni\u00f5es dos formadores da Quarta Etapa. A prov\u00edncia do Brasil, em conjunto com a Regi\u00e3o do Paraguai, estabeleceu uma conviv\u00eancia de seis meses, por\u00e9m devido ao isolamento social por causa da pandemia provocada pelo Coronav\u00edrus houve a prorroga\u00e7\u00e3o de dois meses. Participaram os seguintes irm\u00e3os: Arm\u00edn P\u00e9rez, Edvaldo Carneiro, Gustavo van Humbeeck e Wanderson de [&hellip;]<\/p>\n","protected":false},"author":2,"featured_media":4617,"comment_status":"open","ping_status":"open","sticky":false,"template":"","format":"standard","meta":{"_acf_changed":false,"footnotes":""},"categories":[611],"tags":[],"class_list":["post-4615","post","type-post","status-publish","format-standard","has-post-thumbnail","hentry","category-noticias"],"acf":[],"yoast_head":"<!-- This site is optimized with the Yoast SEO plugin v27.2 - https:\/\/yoast.com\/product\/yoast-seo-wordpress\/ -->\n<title>Missa e almo\u00e7o marcam encerramento de etapa de forma\u00e7\u00e3o - Padre Eust\u00e1quio<\/title>\n<meta name=\"robots\" content=\"index, follow, max-snippet:-1, max-image-preview:large, max-video-preview:-1\" \/>\n<link rel=\"canonical\" href=\"https:\/\/www.padreeustaquio.com.br\/es\/la-misa-y-el-almuerzo-marcan-el-final-de-la-fase-de-entrenamiento\/\" \/>\n<meta property=\"og:locale\" content=\"es_ES\" \/>\n<meta property=\"og:type\" content=\"article\" \/>\n<meta property=\"og:title\" content=\"Missa e almo\u00e7o marcam encerramento de etapa de forma\u00e7\u00e3o - Padre Eust\u00e1quio\" \/>\n<meta property=\"og:description\" content=\"Na manh\u00e3 do \u00faltimo s\u00e1bado, dia 19, na capela da Igreja Padre Eust\u00e1quio, Pe. S\u00e9rgio Stein, Provincial do Brasil presidiu a Eucaristia de enceramento do programa de prepara\u00e7\u00e3o para os votos perp\u00e9tuos e minist\u00e9rios ordenados. Este programa segue as orienta\u00e7\u00f5es do Cap\u00edtulo Geral e das reuni\u00f5es dos formadores da Quarta Etapa. A prov\u00edncia do Brasil, em conjunto com a Regi\u00e3o do Paraguai, estabeleceu uma conviv\u00eancia de seis meses, por\u00e9m devido ao isolamento social por causa da pandemia provocada pelo Coronav\u00edrus houve a prorroga\u00e7\u00e3o de dois meses. Participaram os seguintes irm\u00e3os: Arm\u00edn P\u00e9rez, Edvaldo Carneiro, Gustavo van Humbeeck e Wanderson de [&hellip;]\" \/>\n<meta property=\"og:url\" content=\"https:\/\/www.padreeustaquio.com.br\/es\/la-misa-y-el-almuerzo-marcan-el-final-de-la-fase-de-entrenamiento\/\" \/>\n<meta property=\"og:site_name\" content=\"Padre Eust\u00e1quio\" \/>\n<meta property=\"article:publisher\" content=\"https:\/\/www.facebook.com\/beatopadreeustaquio\/\" \/>\n<meta property=\"article:published_time\" content=\"2020-09-19T21:53:41+00:00\" \/>\n<meta property=\"og:image\" content=\"https:\/\/www.padreeustaquio.com.br\/wp-content\/uploads\/2020\/09\/WhatsApp-Image-2020-09-19-at-17.24.21.jpeg\" \/>\n\t<meta property=\"og:image:width\" content=\"1280\" \/>\n\t<meta property=\"og:image:height\" content=\"960\" \/>\n\t<meta property=\"og:image:type\" content=\"image\/jpeg\" \/>\n<meta name=\"author\" content=\"@sscc\" \/>\n<meta name=\"twitter:card\" content=\"summary_large_image\" \/>\n<meta name=\"twitter:creator\" content=\"@beatopeustaquio\" \/>\n<meta name=\"twitter:site\" content=\"@beatopeustaquio\" \/>\n<meta name=\"twitter:label1\" content=\"Escrito por\" \/>\n\t<meta name=\"twitter:data1\" content=\"@sscc\" \/>\n\t<meta name=\"twitter:label2\" content=\"Tiempo de lectura\" \/>\n\t<meta name=\"twitter:data2\" content=\"1 minuto\" \/>\n<script type=\"application\/ld+json\" class=\"yoast-schema-graph\">{\"@context\":\"https:\/\/schema.org\",\"@graph\":[{\"@type\":\"Article\",\"@id\":\"https:\/\/www.padreeustaquio.com.br\/missa-e-almoco-marcam-encerramento-de-etapa-de-formacao\/#article\",\"isPartOf\":{\"@id\":\"https:\/\/www.padreeustaquio.com.br\/missa-e-almoco-marcam-encerramento-de-etapa-de-formacao\/\"},\"author\":{\"name\":\"@sscc\",\"@id\":\"https:\/\/www.padreeustaquio.com.br\/#\/schema\/person\/a2a51db1d00f1a7af0204a0f1ddb1566\"},\"headline\":\"Missa e almo\u00e7o marcam encerramento de etapa de forma\u00e7\u00e3o\",\"datePublished\":\"2020-09-19T21:53:41+00:00\",\"mainEntityOfPage\":{\"@id\":\"https:\/\/www.padreeustaquio.com.br\/missa-e-almoco-marcam-encerramento-de-etapa-de-formacao\/\"},\"wordCount\":169,\"commentCount\":0,\"publisher\":{\"@id\":\"https:\/\/www.padreeustaquio.com.br\/#organization\"},\"image\":{\"@id\":\"https:\/\/www.padreeustaquio.com.br\/missa-e-almoco-marcam-encerramento-de-etapa-de-formacao\/#primaryimage\"},\"thumbnailUrl\":\"https:\/\/www.padreeustaquio.com.br\/wp-content\/uploads\/2020\/09\/WhatsApp-Image-2020-09-19-at-17.24.21.jpeg\",\"articleSection\":[\"Not\u00edcias\"],\"inLanguage\":\"es\",\"potentialAction\":[{\"@type\":\"CommentAction\",\"name\":\"Comment\",\"target\":[\"https:\/\/www.padreeustaquio.com.br\/missa-e-almoco-marcam-encerramento-de-etapa-de-formacao\/#respond\"]}]},{\"@type\":\"WebPage\",\"@id\":\"https:\/\/www.padreeustaquio.com.br\/missa-e-almoco-marcam-encerramento-de-etapa-de-formacao\/\",\"url\":\"https:\/\/www.padreeustaquio.com.br\/missa-e-almoco-marcam-encerramento-de-etapa-de-formacao\/\",\"name\":\"Missa e almo\u00e7o marcam encerramento de etapa de forma\u00e7\u00e3o - Padre Eust\u00e1quio\",\"isPartOf\":{\"@id\":\"https:\/\/www.padreeustaquio.com.br\/#website\"},\"primaryImageOfPage\":{\"@id\":\"https:\/\/www.padreeustaquio.com.br\/missa-e-almoco-marcam-encerramento-de-etapa-de-formacao\/#primaryimage\"},\"image\":{\"@id\":\"https:\/\/www.padreeustaquio.com.br\/missa-e-almoco-marcam-encerramento-de-etapa-de-formacao\/#primaryimage\"},\"thumbnailUrl\":\"https:\/\/www.padreeustaquio.com.br\/wp-content\/uploads\/2020\/09\/WhatsApp-Image-2020-09-19-at-17.24.21.jpeg\",\"datePublished\":\"2020-09-19T21:53:41+00:00\",\"breadcrumb\":{\"@id\":\"https:\/\/www.padreeustaquio.com.br\/missa-e-almoco-marcam-encerramento-de-etapa-de-formacao\/#breadcrumb\"},\"inLanguage\":\"es\",\"potentialAction\":[{\"@type\":\"ReadAction\",\"target\":[\"https:\/\/www.padreeustaquio.com.br\/missa-e-almoco-marcam-encerramento-de-etapa-de-formacao\/\"]}]},{\"@type\":\"ImageObject\",\"inLanguage\":\"es\",\"@id\":\"https:\/\/www.padreeustaquio.com.br\/missa-e-almoco-marcam-encerramento-de-etapa-de-formacao\/#primaryimage\",\"url\":\"https:\/\/www.padreeustaquio.com.br\/wp-content\/uploads\/2020\/09\/WhatsApp-Image-2020-09-19-at-17.24.21.jpeg\",\"contentUrl\":\"https:\/\/www.padreeustaquio.com.br\/wp-content\/uploads\/2020\/09\/WhatsApp-Image-2020-09-19-at-17.24.21.jpeg\",\"width\":1280,\"height\":960},{\"@type\":\"BreadcrumbList\",\"@id\":\"https:\/\/www.padreeustaquio.com.br\/missa-e-almoco-marcam-encerramento-de-etapa-de-formacao\/#breadcrumb\",\"itemListElement\":[{\"@type\":\"ListItem\",\"position\":1,\"name\":\"In\u00edcio\",\"item\":\"https:\/\/www.padreeustaquio.com.br\/\"},{\"@type\":\"ListItem\",\"position\":2,\"name\":\"Missa e almo\u00e7o marcam encerramento de etapa de forma\u00e7\u00e3o\"}]},{\"@type\":\"WebSite\",\"@id\":\"https:\/\/www.padreeustaquio.com.br\/#website\",\"url\":\"https:\/\/www.padreeustaquio.com.br\/\",\"name\":\"Padre Eust\u00e1quio\",\"description\":\"Sa\u00fade e Paz\",\"publisher\":{\"@id\":\"https:\/\/www.padreeustaquio.com.br\/#organization\"},\"potentialAction\":[{\"@type\":\"SearchAction\",\"target\":{\"@type\":\"EntryPoint\",\"urlTemplate\":\"https:\/\/www.padreeustaquio.com.br\/?s={search_term_string}\"},\"query-input\":{\"@type\":\"PropertyValueSpecification\",\"valueRequired\":true,\"valueName\":\"search_term_string\"}}],\"inLanguage\":\"es\"},{\"@type\":\"Organization\",\"@id\":\"https:\/\/www.padreeustaquio.com.br\/#organization\",\"name\":\"Padre Eust\u00e1quio\",\"url\":\"https:\/\/www.padreeustaquio.com.br\/\",\"logo\":{\"@type\":\"ImageObject\",\"inLanguage\":\"es\",\"@id\":\"https:\/\/www.padreeustaquio.com.br\/#\/schema\/logo\/image\/\",\"url\":\"https:\/\/www.padreeustaquio.com.br\/wp-content\/uploads\/2019\/08\/marca.png\",\"contentUrl\":\"https:\/\/www.padreeustaquio.com.br\/wp-content\/uploads\/2019\/08\/marca.png\",\"width\":350,\"height\":400,\"caption\":\"Padre Eust\u00e1quio\"},\"image\":{\"@id\":\"https:\/\/www.padreeustaquio.com.br\/#\/schema\/logo\/image\/\"},\"sameAs\":[\"https:\/\/www.facebook.com\/beatopadreeustaquio\/\",\"https:\/\/x.com\/beatopeustaquio\",\"https:\/\/www.instagram.com\/beatopadreeustaquio\/\",\"https:\/\/www.youtube.com\/channel\/UCRhw7vfabnajwLxb1ZXMeIw\"]},{\"@type\":\"Person\",\"@id\":\"https:\/\/www.padreeustaquio.com.br\/#\/schema\/person\/a2a51db1d00f1a7af0204a0f1ddb1566\",\"name\":\"@sscc\",\"image\":{\"@type\":\"ImageObject\",\"inLanguage\":\"es\",\"@id\":\"https:\/\/secure.gravatar.com\/avatar\/68cfafa5f44617fea54071e215026e0ff06be366c3d54a8425f04fdcb86f8c5f?s=96&d=mm&r=g\",\"url\":\"https:\/\/secure.gravatar.com\/avatar\/68cfafa5f44617fea54071e215026e0ff06be366c3d54a8425f04fdcb86f8c5f?s=96&d=mm&r=g\",\"contentUrl\":\"https:\/\/secure.gravatar.com\/avatar\/68cfafa5f44617fea54071e215026e0ff06be366c3d54a8425f04fdcb86f8c5f?s=96&d=mm&r=g\",\"caption\":\"@sscc\"},\"url\":\"https:\/\/www.padreeustaquio.com.br\/es\/author\/sscc\/\"}]}<\/script>\n<!-- \/ Yoast SEO plugin. -->","yoast_head_json":{"title":"Misa y almuerzo marcan el final de una etapa formativa - Padre Eust\u00e1quio","robots":{"index":"index","follow":"follow","max-snippet":"max-snippet:-1","max-image-preview":"max-image-preview:large","max-video-preview":"max-video-preview:-1"},"canonical":"https:\/\/www.padreeustaquio.com.br\/es\/la-misa-y-el-almuerzo-marcan-el-final-de-la-fase-de-entrenamiento\/","og_locale":"es_ES","og_type":"article","og_title":"Missa e almo\u00e7o marcam encerramento de etapa de forma\u00e7\u00e3o - Padre Eust\u00e1quio","og_description":"Na manh\u00e3 do \u00faltimo s\u00e1bado, dia 19, na capela da Igreja Padre Eust\u00e1quio, Pe. S\u00e9rgio Stein, Provincial do Brasil presidiu a Eucaristia de enceramento do programa de prepara\u00e7\u00e3o para os votos perp\u00e9tuos e minist\u00e9rios ordenados. Este programa segue as orienta\u00e7\u00f5es do Cap\u00edtulo Geral e das reuni\u00f5es dos formadores da Quarta Etapa. A prov\u00edncia do Brasil, em conjunto com a Regi\u00e3o do Paraguai, estabeleceu uma conviv\u00eancia de seis meses, por\u00e9m devido ao isolamento social por causa da pandemia provocada pelo Coronav\u00edrus houve a prorroga\u00e7\u00e3o de dois meses. Participaram os seguintes irm\u00e3os: Arm\u00edn P\u00e9rez, Edvaldo Carneiro, Gustavo van Humbeeck e Wanderson de [&hellip;]","og_url":"https:\/\/www.padreeustaquio.com.br\/es\/la-misa-y-el-almuerzo-marcan-el-final-de-la-fase-de-entrenamiento\/","og_site_name":"Padre Eust\u00e1quio","article_publisher":"https:\/\/www.facebook.com\/beatopadreeustaquio\/","article_published_time":"2020-09-19T21:53:41+00:00","og_image":[{"width":1280,"height":960,"url":"https:\/\/www.padreeustaquio.com.br\/wp-content\/uploads\/2020\/09\/WhatsApp-Image-2020-09-19-at-17.24.21.jpeg","type":"image\/jpeg"}],"author":"@sscc","twitter_card":"summary_large_image","twitter_creator":"@beatopeustaquio","twitter_site":"@beatopeustaquio","twitter_misc":{"Escrito por":"@sscc","Tiempo de lectura":"1 minuto"},"schema":{"@context":"https:\/\/schema.org","@graph":[{"@type":"Article","@id":"https:\/\/www.padreeustaquio.com.br\/missa-e-almoco-marcam-encerramento-de-etapa-de-formacao\/#article","isPartOf":{"@id":"https:\/\/www.padreeustaquio.com.br\/missa-e-almoco-marcam-encerramento-de-etapa-de-formacao\/"},"author":{"name":"@sscc","@id":"https:\/\/www.padreeustaquio.com.br\/#\/schema\/person\/a2a51db1d00f1a7af0204a0f1ddb1566"},"headline":"Missa e almo\u00e7o marcam encerramento de etapa de forma\u00e7\u00e3o","datePublished":"2020-09-19T21:53:41+00:00","mainEntityOfPage":{"@id":"https:\/\/www.padreeustaquio.com.br\/missa-e-almoco-marcam-encerramento-de-etapa-de-formacao\/"},"wordCount":169,"commentCount":0,"publisher":{"@id":"https:\/\/www.padreeustaquio.com.br\/#organization"},"image":{"@id":"https:\/\/www.padreeustaquio.com.br\/missa-e-almoco-marcam-encerramento-de-etapa-de-formacao\/#primaryimage"},"thumbnailUrl":"https:\/\/www.padreeustaquio.com.br\/wp-content\/uploads\/2020\/09\/WhatsApp-Image-2020-09-19-at-17.24.21.jpeg","articleSection":["Not\u00edcias"],"inLanguage":"es","potentialAction":[{"@type":"CommentAction","name":"Comment","target":["https:\/\/www.padreeustaquio.com.br\/missa-e-almoco-marcam-encerramento-de-etapa-de-formacao\/#respond"]}]},{"@type":"WebPage","@id":"https:\/\/www.padreeustaquio.com.br\/missa-e-almoco-marcam-encerramento-de-etapa-de-formacao\/","url":"https:\/\/www.padreeustaquio.com.br\/missa-e-almoco-marcam-encerramento-de-etapa-de-formacao\/","name":"Misa y almuerzo marcan el final de una etapa formativa - Padre Eust\u00e1quio","isPartOf":{"@id":"https:\/\/www.padreeustaquio.com.br\/#website"},"primaryImageOfPage":{"@id":"https:\/\/www.padreeustaquio.com.br\/missa-e-almoco-marcam-encerramento-de-etapa-de-formacao\/#primaryimage"},"image":{"@id":"https:\/\/www.padreeustaquio.com.br\/missa-e-almoco-marcam-encerramento-de-etapa-de-formacao\/#primaryimage"},"thumbnailUrl":"https:\/\/www.padreeustaquio.com.br\/wp-content\/uploads\/2020\/09\/WhatsApp-Image-2020-09-19-at-17.24.21.jpeg","datePublished":"2020-09-19T21:53:41+00:00","breadcrumb":{"@id":"https:\/\/www.padreeustaquio.com.br\/missa-e-almoco-marcam-encerramento-de-etapa-de-formacao\/#breadcrumb"},"inLanguage":"es","potentialAction":[{"@type":"ReadAction","target":["https:\/\/www.padreeustaquio.com.br\/missa-e-almoco-marcam-encerramento-de-etapa-de-formacao\/"]}]},{"@type":"ImageObject","inLanguage":"es","@id":"https:\/\/www.padreeustaquio.com.br\/missa-e-almoco-marcam-encerramento-de-etapa-de-formacao\/#primaryimage","url":"https:\/\/www.padreeustaquio.com.br\/wp-content\/uploads\/2020\/09\/WhatsApp-Image-2020-09-19-at-17.24.21.jpeg","contentUrl":"https:\/\/www.padreeustaquio.com.br\/wp-content\/uploads\/2020\/09\/WhatsApp-Image-2020-09-19-at-17.24.21.jpeg","width":1280,"height":960},{"@type":"BreadcrumbList","@id":"https:\/\/www.padreeustaquio.com.br\/missa-e-almoco-marcam-encerramento-de-etapa-de-formacao\/#breadcrumb","itemListElement":[{"@type":"ListItem","position":1,"name":"In\u00edcio","item":"https:\/\/www.padreeustaquio.com.br\/"},{"@type":"ListItem","position":2,"name":"Missa e almo\u00e7o marcam encerramento de etapa de forma\u00e7\u00e3o"}]},{"@type":"WebSite","@id":"https:\/\/www.padreeustaquio.com.br\/#website","url":"https:\/\/www.padreeustaquio.com.br\/","name":"Padre Eustace","description":"Salud y Paz","publisher":{"@id":"https:\/\/www.padreeustaquio.com.br\/#organization"},"potentialAction":[{"@type":"SearchAction","target":{"@type":"EntryPoint","urlTemplate":"https:\/\/www.padreeustaquio.com.br\/?s={search_term_string}"},"query-input":{"@type":"PropertyValueSpecification","valueRequired":true,"valueName":"search_term_string"}}],"inLanguage":"es"},{"@type":"Organization","@id":"https:\/\/www.padreeustaquio.com.br\/#organization","name":"Padre Eustace","url":"https:\/\/www.padreeustaquio.com.br\/","logo":{"@type":"ImageObject","inLanguage":"es","@id":"https:\/\/www.padreeustaquio.com.br\/#\/schema\/logo\/image\/","url":"https:\/\/www.padreeustaquio.com.br\/wp-content\/uploads\/2019\/08\/marca.png","contentUrl":"https:\/\/www.padreeustaquio.com.br\/wp-content\/uploads\/2019\/08\/marca.png","width":350,"height":400,"caption":"Padre Eust\u00e1quio"},"image":{"@id":"https:\/\/www.padreeustaquio.com.br\/#\/schema\/logo\/image\/"},"sameAs":["https:\/\/www.facebook.com\/beatopadreeustaquio\/","https:\/\/x.com\/beatopeustaquio","https:\/\/www.instagram.com\/beatopadreeustaquio\/","https:\/\/www.youtube.com\/channel\/UCRhw7vfabnajwLxb1ZXMeIw"]},{"@type":"Person","@id":"https:\/\/www.padreeustaquio.com.br\/#\/schema\/person\/a2a51db1d00f1a7af0204a0f1ddb1566","name":"@sscc","image":{"@type":"ImageObject","inLanguage":"es","@id":"https:\/\/secure.gravatar.com\/avatar\/68cfafa5f44617fea54071e215026e0ff06be366c3d54a8425f04fdcb86f8c5f?s=96&d=mm&r=g","url":"https:\/\/secure.gravatar.com\/avatar\/68cfafa5f44617fea54071e215026e0ff06be366c3d54a8425f04fdcb86f8c5f?s=96&d=mm&r=g","contentUrl":"https:\/\/secure.gravatar.com\/avatar\/68cfafa5f44617fea54071e215026e0ff06be366c3d54a8425f04fdcb86f8c5f?s=96&d=mm&r=g","caption":"@sscc"},"url":"https:\/\/www.padreeustaquio.com.br\/es\/author\/sscc\/"}]}},"_links":{"self":[{"href":"https:\/\/www.padreeustaquio.com.br\/es\/wp-json\/wp\/v2\/posts\/4615","targetHints":{"allow":["GET"]}}],"collection":[{"href":"https:\/\/www.padreeustaquio.com.br\/es\/wp-json\/wp\/v2\/posts"}],"about":[{"href":"https:\/\/www.padreeustaquio.com.br\/es\/wp-json\/wp\/v2\/types\/post"}],"author":[{"embeddable":true,"href":"https:\/\/www.padreeustaquio.com.br\/es\/wp-json\/wp\/v2\/users\/2"}],"replies":[{"embeddable":true,"href":"https:\/\/www.padreeustaquio.com.br\/es\/wp-json\/wp\/v2\/comments?post=4615"}],"version-history":[{"count":0,"href":"https:\/\/www.padreeustaquio.com.br\/es\/wp-json\/wp\/v2\/posts\/4615\/revisions"}],"wp:featuredmedia":[{"embeddable":true,"href":"https:\/\/www.padreeustaquio.com.br\/es\/wp-json\/wp\/v2\/media\/4617"}],"wp:attachment":[{"href":"https:\/\/www.padreeustaquio.com.br\/es\/wp-json\/wp\/v2\/media?parent=4615"}],"wp:term":[{"taxonomy":"category","embeddable":true,"href":"https:\/\/www.padreeustaquio.com.br\/es\/wp-json\/wp\/v2\/categories?post=4615"},{"taxonomy":"post_tag","embeddable":true,"href":"https:\/\/www.padreeustaquio.com.br\/es\/wp-json\/wp\/v2\/tags?post=4615"}],"curies":[{"name":"wp","href":"https:\/\/api.w.org\/{rel}","templated":true}]}}